{"id":28628,"date":"2023-05-25T15:30:00","date_gmt":"2023-05-25T21:30:00","guid":{"rendered":"https:\/\/cuernavaca.gob.mx\/?p=28628"},"modified":"2025-05-06T12:38:54","modified_gmt":"2025-05-06T18:38:54","slug":"b1005-25-05-23-instituto-de-la-mujer-de-cuernavaca-conmemora-el-dia-naranja-con-una-jornada-integral-de-actividades-en-patios-de-la-estacion","status":"publish","type":"post","link":"https:\/\/cuernavaca.gob.mx\/?p=28628","title":{"rendered":"B1005 25\/05\/23 INSTITUTO DE LA MUJER DE CUERNAVACA CONMEMORA EL D\u00cdA NARANJA CON UNA JORNADA INTEGRAL DE ACTIVIDADES EN PATIOS DE LA ESTACI\u00d3N"},"content":{"rendered":"\n<p><strong>\u2022 Estas jornadas integrales de proximidad y acercamiento han derivado en la recuperaci\u00f3n de la confianza ciudadana, lo que a su vez ha generado una mayor demanda de atenci\u00f3n<\/strong><\/p>\n\n\n\n<p><strong>\u2022 La actividad se llev\u00f3 a cabo en coordinaci\u00f3n con la Delegaci\u00f3n Benito Ju\u00e1rez Garc\u00eda<\/strong><\/p>\n\n\n\n<p>En el marco del D\u00eda Naranja, el Instituto de la Mujer de Cuernavaca (IMC), en coordinaci\u00f3n con la Delegaci\u00f3n Benito Ju\u00e1rez Garc\u00eda, acerc\u00f3 este 25 de mayo distintas actividades gratuitas a vecinas de la colonia Patios de la Estaci\u00f3n, a fin de seguir generando conciencia y prevenir la violencia contra ni\u00f1as, adolescentes y mujeres en comunidad, promoviendo el rescate y apropiaci\u00f3n de espacios p\u00fablicos.<\/p>\n\n\n\n<p>La directora general del IMC, Lorena Castillo Castillo, se\u00f1al\u00f3 que la instancia a su cargo a transversalizado la perspectiva de g\u00e9nero en cada \u00e1rea y espacio del Ayuntamiento, haciendo un trabajo integrado, integral y continuo para que las ni\u00f1as, adolescentes y mujeres tengan una vida libre de violencia, por lo cual cada 25 del mes levantan la voz de manera pac\u00edfica y ordenada con actividades que incidir\u00e1n entre la poblaci\u00f3n para sumarlas y sumarlos a este trabajo de erradicaci\u00f3n de las violencias.<\/p>\n\n\n\n<p>En esta ocasi\u00f3n, la jornada integral tuvo como sede la reci\u00e9n rehabilitada Plaza C\u00edvica de la Estaci\u00f3n Ferroviaria en la colonia Patios de la Estaci\u00f3n, donde se cont\u00f3 con la presencia de la delegada de Benito Ju\u00e1rez, Deyanira Hern\u00e1ndez Guti\u00e9rrez y de una importante cantidad de vecinas que participaron en cada una de las actividades, consistiendo primero en una activaci\u00f3n f\u00edsica que tuvo la caracter\u00edstica de empoderamiento corporal para que a trav\u00e9s de su cuerpo puedan demostrar autodeterminaci\u00f3n, tanto para el cuidado como en la toma de decisiones.<\/p>\n\n\n\n<p>El aprendizaje continuo con talleres de tecnolog\u00edas dom\u00e9sticas; les presentaron los servicios que ofrece el IMC para concluir con una pl\u00e1tica de prevenci\u00f3n de la violencia en donde las ni\u00f1as y mujeres presentes identificaron las acciones que pueden perjudicarles, pero tambi\u00e9n aquellas que les pueden beneficiar como factor protector.<\/p>\n\n\n\n<p>Castillo Castillo confirm\u00f3 que estas jornadas integrales han derivado en la recuperaci\u00f3n de la confianza ciudadana, \u201cuno de los resultados es ir caminando en las colonias, calles y espacios p\u00fablicos en general para que las mujeres sepan que existe un instituto, que existe un espacio donde pueden denunciar y todo lo que sientan es importante, particularmente cuando se sientan en riesgo o incluso quieran fortalecer su desarrollo integral\u201d.<\/p>\n\n\n\n<p>Finalmente, reiter\u00f3 que si bien a la fecha han registrado una mayor demanda de atenci\u00f3n, lo cual se puede traducir en denuncias, es a ra\u00edz de la proximidad y acercamiento que han logrado concretar con la poblaci\u00f3n, quienes hoy conocen los servicios y se han acercado al Instituto de la Mujer de Cuernavaca (IMC) cuando as\u00ed lo requieren, estando presente en todas las colonias bajo el lema \u201cTrazando Igualdad desde lo local\u201d.<\/p>\n\n\n\n<p>Para conocer la cartelera mensual de actividades o acceder a los servicios que ofrece el IMC, pueden buscarlas directamente en su red social como Instituto de la Mujer de Cuernavaca, llamar al 777 144 0067 o al 777 367 4447 o dirigirse a sus oficinas en el interior de Parque Tlaltenango.<\/p>\n\n\n\n<p><\/p>\n\n\n\n<figure class=\"wp-container-2 wp-block-gallery-1 wp-block-gallery has-nested-images columns-default is-cropped\">\n<figure class=\"wp-block-image size-large\"><img loading=\"lazy\" width=\"1024\" height=\"682\" data-id=\"28635\"  src=\"https:\/\/cuernavaca.gob.mx\/wp-content\/uploads\/2023\/05\/dia-naranja-cuernavaca-1-1024x682.jpg\" alt=\"\" class=\"wp-image-28635\" srcset=\"https:\/\/cuernavaca.gob.mx\/wp-content\/uploads\/2023\/05\/dia-naranja-cuernavaca-1-1024x682.jpg 1024w, https:\/\/cuernavaca.gob.mx\/wp-content\/uploads\/2023\/05\/dia-naranja-cuernavaca-1-300x200.jpg 300w, https:\/\/cuernavaca.gob.mx\/wp-content\/uploads\/2023\/05\/dia-naranja-cuernavaca-1-768x512.jpg 768w, https:\/\/cuernavaca.gob.mx\/wp-content\/uploads\/2023\/05\/dia-naranja-cuernavaca-1-1536x1023.jpg 1536w, https:\/\/cuernavaca.gob.mx\/wp-content\/uploads\/2023\/05\/dia-naranja-cuernavaca-1-600x400.jpg 600w, https:\/\/cuernavaca.gob.mx\/wp-content\/uploads\/2023\/05\/dia-naranja-cuernavaca-1-560x373.jpg 560w, https:\/\/cuernavaca.gob.mx\/wp-content\/uploads\/2023\/05\/dia-naranja-cuernavaca-1.jpg 1600w\" sizes=\"(max-width: 1024px) 100vw, 1024px\" \/><\/figure>\n\n\n\n<figure class=\"wp-block-image size-large\"><img loading=\"lazy\" width=\"1024\" height=\"682\" data-id=\"28632\"  src=\"https:\/\/cuernavaca.gob.mx\/wp-content\/uploads\/2023\/05\/dia-naranja-cuernavaca-2-1024x682.jpg\" alt=\"\" class=\"wp-image-28632\" srcset=\"https:\/\/cuernavaca.gob.mx\/wp-content\/uploads\/2023\/05\/dia-naranja-cuernavaca-2-1024x682.jpg 1024w, https:\/\/cuernavaca.gob.mx\/wp-content\/uploads\/2023\/05\/dia-naranja-cuernavaca-2-300x200.jpg 300w, https:\/\/cuernavaca.gob.mx\/wp-content\/uploads\/2023\/05\/dia-naranja-cuernavaca-2-768x512.jpg 768w, https:\/\/cuernavaca.gob.mx\/wp-content\/uploads\/2023\/05\/dia-naranja-cuernavaca-2-1536x1023.jpg 1536w, https:\/\/cuernavaca.gob.mx\/wp-content\/uploads\/2023\/05\/dia-naranja-cuernavaca-2-600x400.jpg 600w, https:\/\/cuernavaca.gob.mx\/wp-content\/uploads\/2023\/05\/dia-naranja-cuernavaca-2-560x373.jpg 560w, https:\/\/cuernavaca.gob.mx\/wp-content\/uploads\/2023\/05\/dia-naranja-cuernavaca-2.jpg 1600w\" sizes=\"(max-width: 1024px) 100vw, 1024px\" \/><\/figure>\n\n\n\n<figure class=\"wp-block-image size-large\"><img loading=\"lazy\" width=\"1024\" height=\"682\" data-id=\"28633\"  src=\"https:\/\/cuernavaca.gob.mx\/wp-content\/uploads\/2023\/05\/dia-naranja-cuernavaca-3-1024x682.jpg\" alt=\"\" class=\"wp-image-28633\" srcset=\"https:\/\/cuernavaca.gob.mx\/wp-content\/uploads\/2023\/05\/dia-naranja-cuernavaca-3-1024x682.jpg 1024w, https:\/\/cuernavaca.gob.mx\/wp-content\/uploads\/2023\/05\/dia-naranja-cuernavaca-3-300x200.jpg 300w, https:\/\/cuernavaca.gob.mx\/wp-content\/uploads\/2023\/05\/dia-naranja-cuernavaca-3-768x512.jpg 768w, https:\/\/cuernavaca.gob.mx\/wp-content\/uploads\/2023\/05\/dia-naranja-cuernavaca-3-1536x1023.jpg 1536w, https:\/\/cuernavaca.gob.mx\/wp-content\/uploads\/2023\/05\/dia-naranja-cuernavaca-3-600x400.jpg 600w, https:\/\/cuernavaca.gob.mx\/wp-content\/uploads\/2023\/05\/dia-naranja-cuernavaca-3-560x373.jpg 560w, https:\/\/cuernavaca.gob.mx\/wp-content\/uploads\/2023\/05\/dia-naranja-cuernavaca-3.jpg 1600w\" sizes=\"(max-width: 1024px) 100vw, 1024px\" \/><\/figure>\n\n\n\n<figure class=\"wp-block-image size-large\"><img loading=\"lazy\" width=\"1024\" height=\"682\" data-id=\"28629\"  src=\"https:\/\/cuernavaca.gob.mx\/wp-content\/uploads\/2023\/05\/dia-naranja-cuernavaca-4-1024x682.jpg\" alt=\"\" class=\"wp-image-28629\" srcset=\"https:\/\/cuernavaca.gob.mx\/wp-content\/uploads\/2023\/05\/dia-naranja-cuernavaca-4-1024x682.jpg 1024w, https:\/\/cuernavaca.gob.mx\/wp-content\/uploads\/2023\/05\/dia-naranja-cuernavaca-4-300x200.jpg 300w, https:\/\/cuernavaca.gob.mx\/wp-content\/uploads\/2023\/05\/dia-naranja-cuernavaca-4-768x512.jpg 768w, https:\/\/cuernavaca.gob.mx\/wp-content\/uploads\/2023\/05\/dia-naranja-cuernavaca-4-1536x1023.jpg 1536w, https:\/\/cuernavaca.gob.mx\/wp-content\/uploads\/2023\/05\/dia-naranja-cuernavaca-4-600x400.jpg 600w, https:\/\/cuernavaca.gob.mx\/wp-content\/uploads\/2023\/05\/dia-naranja-cuernavaca-4-560x373.jpg 560w, https:\/\/cuernavaca.gob.mx\/wp-content\/uploads\/2023\/05\/dia-naranja-cuernavaca-4.jpg 1600w\" sizes=\"(max-width: 1024px) 100vw, 1024px\" \/><\/figure>\n\n\n\n<figure class=\"wp-block-image size-large\"><img loading=\"lazy\" width=\"1024\" height=\"682\" data-id=\"28636\"  src=\"https:\/\/cuernavaca.gob.mx\/wp-content\/uploads\/2023\/05\/dia-naranja-cuernavaca-5-1024x682.jpg\" alt=\"\" class=\"wp-image-28636\" srcset=\"https:\/\/cuernavaca.gob.mx\/wp-content\/uploads\/2023\/05\/dia-naranja-cuernavaca-5-1024x682.jpg 1024w, https:\/\/cuernavaca.gob.mx\/wp-content\/uploads\/2023\/05\/dia-naranja-cuernavaca-5-300x200.jpg 300w, https:\/\/cuernavaca.gob.mx\/wp-content\/uploads\/2023\/05\/dia-naranja-cuernavaca-5-768x512.jpg 768w, https:\/\/cuernavaca.gob.mx\/wp-content\/uploads\/2023\/05\/dia-naranja-cuernavaca-5-1536x1023.jpg 1536w, https:\/\/cuernavaca.gob.mx\/wp-content\/uploads\/2023\/05\/dia-naranja-cuernavaca-5-600x400.jpg 600w, https:\/\/cuernavaca.gob.mx\/wp-content\/uploads\/2023\/05\/dia-naranja-cuernavaca-5-560x373.jpg 560w, https:\/\/cuernavaca.gob.mx\/wp-content\/uploads\/2023\/05\/dia-naranja-cuernavaca-5.jpg 1600w\" sizes=\"(max-width: 1024px) 100vw, 1024px\" \/><\/figure>\n\n\n\n<figure class=\"wp-block-image size-large\"><img loading=\"lazy\" width=\"1024\" height=\"682\" data-id=\"28637\"  src=\"https:\/\/cuernavaca.gob.mx\/wp-content\/uploads\/2023\/05\/dia-naranja-cuernavaca-6-1024x682.jpg\" alt=\"\" class=\"wp-image-28637\" srcset=\"https:\/\/cuernavaca.gob.mx\/wp-content\/uploads\/2023\/05\/dia-naranja-cuernavaca-6-1024x682.jpg 1024w, https:\/\/cuernavaca.gob.mx\/wp-content\/uploads\/2023\/05\/dia-naranja-cuernavaca-6-300x200.jpg 300w, https:\/\/cuernavaca.gob.mx\/wp-content\/uploads\/2023\/05\/dia-naranja-cuernavaca-6-768x512.jpg 768w, https:\/\/cuernavaca.gob.mx\/wp-content\/uploads\/2023\/05\/dia-naranja-cuernavaca-6-1536x1023.jpg 1536w, https:\/\/cuernavaca.gob.mx\/wp-content\/uploads\/2023\/05\/dia-naranja-cuernavaca-6-600x400.jpg 600w, https:\/\/cuernavaca.gob.mx\/wp-content\/uploads\/2023\/05\/dia-naranja-cuernavaca-6-560x373.jpg 560w, https:\/\/cuernavaca.gob.mx\/wp-content\/uploads\/2023\/05\/dia-naranja-cuernavaca-6.jpg 1600w\" sizes=\"(max-width: 1024px) 100vw, 1024px\" \/><\/figure>\n\n\n\n<figure class=\"wp-block-image size-large\"><img loading=\"lazy\" width=\"1024\" height=\"682\" data-id=\"28630\"  src=\"https:\/\/cuernavaca.gob.mx\/wp-content\/uploads\/2023\/05\/dia-naranja-cuernavaca-7-1024x682.jpg\" alt=\"\" class=\"wp-image-28630\" srcset=\"https:\/\/cuernavaca.gob.mx\/wp-content\/uploads\/2023\/05\/dia-naranja-cuernavaca-7-1024x682.jpg 1024w, https:\/\/cuernavaca.gob.mx\/wp-content\/uploads\/2023\/05\/dia-naranja-cuernavaca-7-300x200.jpg 300w, https:\/\/cuernavaca.gob.mx\/wp-content\/uploads\/2023\/05\/dia-naranja-cuernavaca-7-768x512.jpg 768w, https:\/\/cuernavaca.gob.mx\/wp-content\/uploads\/2023\/05\/dia-naranja-cuernavaca-7-1536x1023.jpg 1536w, https:\/\/cuernavaca.gob.mx\/wp-content\/uploads\/2023\/05\/dia-naranja-cuernavaca-7-600x400.jpg 600w, https:\/\/cuernavaca.gob.mx\/wp-content\/uploads\/2023\/05\/dia-naranja-cuernavaca-7-560x373.jpg 560w, https:\/\/cuernavaca.gob.mx\/wp-content\/uploads\/2023\/05\/dia-naranja-cuernavaca-7.jpg 1600w\" sizes=\"(max-width: 1024px) 100vw, 1024px\" \/><\/figure>\n\n\n\n<figure class=\"wp-block-image size-large\"><img loading=\"lazy\" width=\"1024\" height=\"682\" data-id=\"28634\"  src=\"https:\/\/cuernavaca.gob.mx\/wp-content\/uploads\/2023\/05\/dia-naranja-cuernavaca-8-1024x682.jpg\" alt=\"\" class=\"wp-image-28634\" srcset=\"https:\/\/cuernavaca.gob.mx\/wp-content\/uploads\/2023\/05\/dia-naranja-cuernavaca-8-1024x682.jpg 1024w, https:\/\/cuernavaca.gob.mx\/wp-content\/uploads\/2023\/05\/dia-naranja-cuernavaca-8-300x200.jpg 300w, https:\/\/cuernavaca.gob.mx\/wp-content\/uploads\/2023\/05\/dia-naranja-cuernavaca-8-768x512.jpg 768w, https:\/\/cuernavaca.gob.mx\/wp-content\/uploads\/2023\/05\/dia-naranja-cuernavaca-8-1536x1023.jpg 1536w, https:\/\/cuernavaca.gob.mx\/wp-content\/uploads\/2023\/05\/dia-naranja-cuernavaca-8-600x400.jpg 600w, https:\/\/cuernavaca.gob.mx\/wp-content\/uploads\/2023\/05\/dia-naranja-cuernavaca-8-560x373.jpg 560w, https:\/\/cuernavaca.gob.mx\/wp-content\/uploads\/2023\/05\/dia-naranja-cuernavaca-8.jpg 1600w\" sizes=\"(max-width: 1024px) 100vw, 1024px\" \/><\/figure>\n\n\n\n<figure class=\"wp-block-image size-large\"><img loading=\"lazy\" width=\"1024\" height=\"682\" data-id=\"28631\"  src=\"https:\/\/cuernavaca.gob.mx\/wp-content\/uploads\/2023\/05\/dia-naranja-cuernavaca-9-1024x682.jpg\" alt=\"\" class=\"wp-image-28631\" srcset=\"https:\/\/cuernavaca.gob.mx\/wp-content\/uploads\/2023\/05\/dia-naranja-cuernavaca-9-1024x682.jpg 1024w, https:\/\/cuernavaca.gob.mx\/wp-content\/uploads\/2023\/05\/dia-naranja-cuernavaca-9-300x200.jpg 300w, https:\/\/cuernavaca.gob.mx\/wp-content\/uploads\/2023\/05\/dia-naranja-cuernavaca-9-768x512.jpg 768w, https:\/\/cuernavaca.gob.mx\/wp-content\/uploads\/2023\/05\/dia-naranja-cuernavaca-9-1536x1023.jpg 1536w, https:\/\/cuernavaca.gob.mx\/wp-content\/uploads\/2023\/05\/dia-naranja-cuernavaca-9-600x400.jpg 600w, https:\/\/cuernavaca.gob.mx\/wp-content\/uploads\/2023\/05\/dia-naranja-cuernavaca-9-560x373.jpg 560w, https:\/\/cuernavaca.gob.mx\/wp-content\/uploads\/2023\/05\/dia-naranja-cuernavaca-9.jpg 1600w\" sizes=\"(max-width: 1024px) 100vw, 1024px\" \/><\/figure>\n<\/figure>\n","protected":false},"excerpt":{"rendered":"<p>\u2022 Estas jornadas integrales de proximidad y acercamiento han derivado en la recuperaci\u00f3n de la confianza ciudadana, lo que a su vez ha generado una mayor demanda de atenci\u00f3n \u2022 La actividad se llev\u00f3 a cabo en coordinaci\u00f3n con la Delegaci\u00f3n Benito Ju\u00e1rez Garc\u00eda En el marco del D\u00eda Naranja, el Instituto de la Mujer [&hellip;]<\/p>\n","protected":false},"author":1,"featured_media":28636,"comment_status":"closed","ping_status":"open","sticky":false,"template":"","format":"standard","meta":[],"categories":[280],"tags":[2669,121,1330,120,206,388,414,125],"aioseo_notices":[],"_links":{"self":[{"href":"https:\/\/cuernavaca.gob.mx\/index.php?rest_route=\/wp\/v2\/posts\/28628"}],"collection":[{"href":"https:\/\/cuernavaca.gob.mx\/index.php?rest_route=\/wp\/v2\/posts"}],"about":[{"href":"https:\/\/cuernavaca.gob.mx\/index.php?rest_route=\/wp\/v2\/types\/post"}],"author":[{"embeddable":true,"href":"https:\/\/cuernavaca.gob.mx\/index.php?rest_route=\/wp\/v2\/users\/1"}],"replies":[{"embeddable":true,"href":"https:\/\/cuernavaca.gob.mx\/index.php?rest_route=%2Fwp%2Fv2%2Fcomments&post=28628"}],"version-history":[{"count":1,"href":"https:\/\/cuernavaca.gob.mx\/index.php?rest_route=\/wp\/v2\/posts\/28628\/revisions"}],"predecessor-version":[{"id":28638,"href":"https:\/\/cuernavaca.gob.mx\/index.php?rest_route=\/wp\/v2\/posts\/28628\/revisions\/28638"}],"wp:featuredmedia":[{"embeddable":true,"href":"https:\/\/cuernavaca.gob.mx\/index.php?rest_route=\/wp\/v2\/media\/28636"}],"wp:attachment":[{"href":"https:\/\/cuernavaca.gob.mx\/index.php?rest_route=%2Fwp%2Fv2%2Fmedia&parent=28628"}],"wp:term":[{"taxonomy":"category","embeddable":true,"href":"https:\/\/cuernavaca.gob.mx\/index.php?rest_route=%2Fwp%2Fv2%2Fcategories&post=28628"},{"taxonomy":"post_tag","embeddable":true,"href":"https:\/\/cuernavaca.gob.mx\/index.php?rest_route=%2Fwp%2Fv2%2Ftags&post=28628"}],"curies":[{"name":"wp","href":"https:\/\/api.w.org\/{rel}","templated":true}]}}