{"id":28639,"date":"2023-05-25T13:30:00","date_gmt":"2023-05-25T19:30:00","guid":{"rendered":"https:\/\/cuernavaca.gob.mx\/?p=28639"},"modified":"2025-05-06T12:38:54","modified_gmt":"2025-05-06T18:38:54","slug":"b1004-25-05-23-ayuntamiento-de-cuernavaca-refuerza-acciones-dirigidas-al-ordenamiento-territorial-de-la-ciudad-capital-de-morelos","status":"publish","type":"post","link":"https:\/\/cuernavaca.gob.mx\/?p=28639","title":{"rendered":"B1004 25\/05\/23 AYUNTAMIENTO DE CUERNAVACA REFUERZA ACCIONES DIRIGIDAS AL ORDENAMIENTO TERRITORIAL DE LA CIUDAD CAPITAL DE MORELOS"},"content":{"rendered":"\n<p><strong>\u2022 En coordinaci\u00f3n con SEDATU, integrantes del Gabinete comenzaron las mesas de trabajo para la formulaci\u00f3n del Programa de Desarrollo Urbano Sustentable<\/strong><\/p>\n\n\n\n<p>C\u00f3mo parte del convenio firmado en el mes de marzo entre el Ayuntamiento de Cuernavaca y la Secretar\u00eda de Desarrollo Agrario, Territorial y Urbano (SEDATU) del Gobierno Federal, integrantes del Gabinete encabezados por el presidente municipal, Jos\u00e9 Luis Uri\u00f3stegui Salgado, comenzaron las mesas de trabajo para el fortalecimiento del Ordenamiento Territorial y la Planeaci\u00f3n del Desarrollo Urbano en la ciudad capital de Morelos.<\/p>\n\n\n\n<p>Previo a las mesas de trabajo, la representante de SEDATU en Morelos, Brenda Garc\u00eda Pineda, present\u00f3 al equipo t\u00e9cnico que estar\u00e1 trabajando el municipio, quienes le explicaron a los titulares de las dependencias municipales sobre la estrategia de actualizaci\u00f3n del Programa de Fomento a la Planeaci\u00f3n Urbana, Metropolitana y Ordenamiento Territorial (PUMOT) 2023, para el cual la dependencia federal destinar\u00e1 un mill\u00f3n de pesos y se encargar\u00e1 de contratar a una empresa para efectuar los trabajos junto con el municipio.<\/p>\n\n\n\n<p>Lo anterior, toda vez que dentro del convenio signado se contempla el acceso a programas de apoyo y subsidios federales para la mejora urbana, a fin de seguir avanzando en la consolidaci\u00f3n de una ciudad m\u00e1s competitiva, ordenada, productiva y sustentable, que eleve la calidad de vida de los cuernavacenses a trav\u00e9s del combate a las desigualdades.<\/p>\n\n\n\n<p>En este ejercicio considerado de participaci\u00f3n ciudadana asistieron los titulares de las Secretar\u00edas de Protecci\u00f3n y Auxilio Ciudadano (SEPRAC), Alicia V\u00e1zquez Luna; de Desarrollo Sustentable y Servicios P\u00fablicos, Israel Albavera V\u00e1zquez; de Desarrollo Humano y Participaci\u00f3n Social, Laura Hern\u00e1ndez Cruz; de Desarrollo Econ\u00f3mico y Turismo, Humberto Paladino Valdovinos; de Desarrollo Urbano y Obras P\u00fablicas, Demetrio Chavira de la Torre, quien est\u00e1 al frente del proyecto.<\/p>\n\n\n\n<p>Asimismo, el tesorero municipal, Javier Arozarena Salazar; la directora general del Sistema de Agua Potable y Alcantarillado de Cuernavaca (SAPAC), Evelia Flores Hern\u00e1ndez; el director general de Catastro e Impuesto Predial, Fernando Streber Montagne; la coordinadora municipal de Protecci\u00f3n Civil, Mar\u00eda del Roc\u00edo Guadarrama Garc\u00eda y titulares de \u00e1rea, que en conjunto dieron a conocer como est\u00e1 parado el municipio en la materia y a su vez les plantearon las acciones a efectuar desde sus dependencias.<\/p>\n\n\n\n<p>Se indic\u00f3 que, si bien el proyecto es financiado por SEDATU, el municipio de Cuernavaca dar\u00e1 las directrices de c\u00f3mo desean que se elabore el proyecto de actualizaci\u00f3n, atendiendo el rezago territorial con pol\u00edticas p\u00fablicas de vivienda, regularizaci\u00f3n de la tenencia del suelo y ordenamiento aplicadas a nivel nacional, pero atendiendo las necesidades locales.<\/p>\n\n\n\n<p>Dentro de estos trabajos, el municipio de Cuernavaca junto con SEDATU dar\u00e1n aviso a la poblaci\u00f3n sobre el inicio del proceso de planeaci\u00f3n y de recepci\u00f3n de las opiniones, planteamientos y demandas de la comunidad a trav\u00e9s de la publicaci\u00f3n de las bases de la consulta p\u00fablica que deben organizar para que la ciudadan\u00eda colabore en el desarrollo ordenado del territorio e impulse su aprovechamiento sustentable, ya que incluye c\u00f3mo una prioridad la preservaci\u00f3n y restauraci\u00f3n del equilibrio ecol\u00f3gico.<\/p>\n\n\n\n<figure class=\"wp-container-2 wp-block-gallery-1 wp-block-gallery has-nested-images columns-default is-cropped\">\n<figure class=\"wp-block-image size-large\"><img loading=\"lazy\" width=\"1024\" height=\"683\" data-id=\"28640\"  src=\"https:\/\/cuernavaca.gob.mx\/wp-content\/uploads\/2023\/05\/cuernavaca-sedatu-1-1024x683.jpg\" alt=\"\" class=\"wp-image-28640\" srcset=\"https:\/\/cuernavaca.gob.mx\/wp-content\/uploads\/2023\/05\/cuernavaca-sedatu-1-1024x683.jpg 1024w, https:\/\/cuernavaca.gob.mx\/wp-content\/uploads\/2023\/05\/cuernavaca-sedatu-1-300x200.jpg 300w, https:\/\/cuernavaca.gob.mx\/wp-content\/uploads\/2023\/05\/cuernavaca-sedatu-1-768x512.jpg 768w, https:\/\/cuernavaca.gob.mx\/wp-content\/uploads\/2023\/05\/cuernavaca-sedatu-1-1536x1024.jpg 1536w, https:\/\/cuernavaca.gob.mx\/wp-content\/uploads\/2023\/05\/cuernavaca-sedatu-1-600x400.jpg 600w, https:\/\/cuernavaca.gob.mx\/wp-content\/uploads\/2023\/05\/cuernavaca-sedatu-1-560x373.jpg 560w, https:\/\/cuernavaca.gob.mx\/wp-content\/uploads\/2023\/05\/cuernavaca-sedatu-1.jpg 1599w\" sizes=\"(max-width: 1024px) 100vw, 1024px\" \/><\/figure>\n\n\n\n<figure class=\"wp-block-image size-large\"><img loading=\"lazy\" width=\"1024\" height=\"683\" data-id=\"28643\"  src=\"https:\/\/cuernavaca.gob.mx\/wp-content\/uploads\/2023\/05\/cuernavaca-sedatu-2-1024x683.jpg\" alt=\"\" class=\"wp-image-28643\" srcset=\"https:\/\/cuernavaca.gob.mx\/wp-content\/uploads\/2023\/05\/cuernavaca-sedatu-2-1024x683.jpg 1024w, https:\/\/cuernavaca.gob.mx\/wp-content\/uploads\/2023\/05\/cuernavaca-sedatu-2-300x200.jpg 300w, https:\/\/cuernavaca.gob.mx\/wp-content\/uploads\/2023\/05\/cuernavaca-sedatu-2-768x512.jpg 768w, https:\/\/cuernavaca.gob.mx\/wp-content\/uploads\/2023\/05\/cuernavaca-sedatu-2-1536x1024.jpg 1536w, https:\/\/cuernavaca.gob.mx\/wp-content\/uploads\/2023\/05\/cuernavaca-sedatu-2-600x400.jpg 600w, https:\/\/cuernavaca.gob.mx\/wp-content\/uploads\/2023\/05\/cuernavaca-sedatu-2-560x373.jpg 560w, https:\/\/cuernavaca.gob.mx\/wp-content\/uploads\/2023\/05\/cuernavaca-sedatu-2.jpg 1599w\" sizes=\"(max-width: 1024px) 100vw, 1024px\" \/><\/figure>\n\n\n\n<figure class=\"wp-block-image size-large\"><img loading=\"lazy\" width=\"1024\" height=\"683\" data-id=\"28641\"  src=\"https:\/\/cuernavaca.gob.mx\/wp-content\/uploads\/2023\/05\/cuernavaca-sedatu-3-1024x683.jpg\" alt=\"\" class=\"wp-image-28641\" srcset=\"https:\/\/cuernavaca.gob.mx\/wp-content\/uploads\/2023\/05\/cuernavaca-sedatu-3-1024x683.jpg 1024w, https:\/\/cuernavaca.gob.mx\/wp-content\/uploads\/2023\/05\/cuernavaca-sedatu-3-300x200.jpg 300w, https:\/\/cuernavaca.gob.mx\/wp-content\/uploads\/2023\/05\/cuernavaca-sedatu-3-768x512.jpg 768w, https:\/\/cuernavaca.gob.mx\/wp-content\/uploads\/2023\/05\/cuernavaca-sedatu-3-1536x1024.jpg 1536w, https:\/\/cuernavaca.gob.mx\/wp-content\/uploads\/2023\/05\/cuernavaca-sedatu-3-600x400.jpg 600w, https:\/\/cuernavaca.gob.mx\/wp-content\/uploads\/2023\/05\/cuernavaca-sedatu-3-560x373.jpg 560w, https:\/\/cuernavaca.gob.mx\/wp-content\/uploads\/2023\/05\/cuernavaca-sedatu-3.jpg 1599w\" sizes=\"(max-width: 1024px) 100vw, 1024px\" \/><\/figure>\n\n\n\n<figure class=\"wp-block-image size-large\"><img loading=\"lazy\" width=\"1024\" height=\"683\" data-id=\"28642\"  src=\"https:\/\/cuernavaca.gob.mx\/wp-content\/uploads\/2023\/05\/cuernavaca-sedatu-4-1024x683.jpg\" alt=\"\" class=\"wp-image-28642\" srcset=\"https:\/\/cuernavaca.gob.mx\/wp-content\/uploads\/2023\/05\/cuernavaca-sedatu-4-1024x683.jpg 1024w, https:\/\/cuernavaca.gob.mx\/wp-content\/uploads\/2023\/05\/cuernavaca-sedatu-4-300x200.jpg 300w, https:\/\/cuernavaca.gob.mx\/wp-content\/uploads\/2023\/05\/cuernavaca-sedatu-4-768x512.jpg 768w, https:\/\/cuernavaca.gob.mx\/wp-content\/uploads\/2023\/05\/cuernavaca-sedatu-4-1536x1024.jpg 1536w, https:\/\/cuernavaca.gob.mx\/wp-content\/uploads\/2023\/05\/cuernavaca-sedatu-4-600x400.jpg 600w, https:\/\/cuernavaca.gob.mx\/wp-content\/uploads\/2023\/05\/cuernavaca-sedatu-4-560x373.jpg 560w, https:\/\/cuernavaca.gob.mx\/wp-content\/uploads\/2023\/05\/cuernavaca-sedatu-4.jpg 1599w\" sizes=\"(max-width: 1024px) 100vw, 1024px\" \/><\/figure>\n\n\n\n<figure class=\"wp-block-image size-large\"><img loading=\"lazy\" width=\"1024\" height=\"683\" data-id=\"28644\"  src=\"https:\/\/cuernavaca.gob.mx\/wp-content\/uploads\/2023\/05\/cuernavaca-sedatu-5-1024x683.jpg\" alt=\"\" class=\"wp-image-28644\" srcset=\"https:\/\/cuernavaca.gob.mx\/wp-content\/uploads\/2023\/05\/cuernavaca-sedatu-5-1024x683.jpg 1024w, https:\/\/cuernavaca.gob.mx\/wp-content\/uploads\/2023\/05\/cuernavaca-sedatu-5-300x200.jpg 300w, https:\/\/cuernavaca.gob.mx\/wp-content\/uploads\/2023\/05\/cuernavaca-sedatu-5-768x512.jpg 768w, https:\/\/cuernavaca.gob.mx\/wp-content\/uploads\/2023\/05\/cuernavaca-sedatu-5-1536x1024.jpg 1536w, https:\/\/cuernavaca.gob.mx\/wp-content\/uploads\/2023\/05\/cuernavaca-sedatu-5-600x400.jpg 600w, https:\/\/cuernavaca.gob.mx\/wp-content\/uploads\/2023\/05\/cuernavaca-sedatu-5-560x373.jpg 560w, https:\/\/cuernavaca.gob.mx\/wp-content\/uploads\/2023\/05\/cuernavaca-sedatu-5.jpg 1599w\" sizes=\"(max-width: 1024px) 100vw, 1024px\" \/><\/figure>\n<\/figure>\n","protected":false},"excerpt":{"rendered":"<p>\u2022 En coordinaci\u00f3n con SEDATU, integrantes del Gabinete comenzaron las mesas de trabajo para la formulaci\u00f3n del Programa de Desarrollo Urbano Sustentable C\u00f3mo parte del convenio firmado en el mes de marzo entre el Ayuntamiento de Cuernavaca y la Secretar\u00eda de Desarrollo Agrario, Territorial y Urbano (SEDATU) del Gobierno Federal, integrantes del Gabinete encabezados por [&hellip;]<\/p>\n","protected":false},"author":1,"featured_media":28640,"comment_status":"closed","ping_status":"open","sticky":false,"template":"","format":"standard","meta":[],"categories":[2271],"tags":[121,302,120,356,125],"aioseo_notices":[],"_links":{"self":[{"href":"https:\/\/cuernavaca.gob.mx\/index.php?rest_route=\/wp\/v2\/posts\/28639"}],"collection":[{"href":"https:\/\/cuernavaca.gob.mx\/index.php?rest_route=\/wp\/v2\/posts"}],"about":[{"href":"https:\/\/cuernavaca.gob.mx\/index.php?rest_route=\/wp\/v2\/types\/post"}],"author":[{"embeddable":true,"href":"https:\/\/cuernavaca.gob.mx\/index.php?rest_route=\/wp\/v2\/users\/1"}],"replies":[{"embeddable":true,"href":"https:\/\/cuernavaca.gob.mx\/index.php?rest_route=%2Fwp%2Fv2%2Fcomments&post=28639"}],"version-history":[{"count":1,"href":"https:\/\/cuernavaca.gob.mx\/index.php?rest_route=\/wp\/v2\/posts\/28639\/revisions"}],"predecessor-version":[{"id":28645,"href":"https:\/\/cuernavaca.gob.mx\/index.php?rest_route=\/wp\/v2\/posts\/28639\/revisions\/28645"}],"wp:featuredmedia":[{"embeddable":true,"href":"https:\/\/cuernavaca.gob.mx\/index.php?rest_route=\/wp\/v2\/media\/28640"}],"wp:attachment":[{"href":"https:\/\/cuernavaca.gob.mx\/index.php?rest_route=%2Fwp%2Fv2%2Fmedia&parent=28639"}],"wp:term":[{"taxonomy":"category","embeddable":true,"href":"https:\/\/cuernavaca.gob.mx\/index.php?rest_route=%2Fwp%2Fv2%2Fcategories&post=28639"},{"taxonomy":"post_tag","embeddable":true,"href":"https:\/\/cuernavaca.gob.mx\/index.php?rest_route=%2Fwp%2Fv2%2Ftags&post=28639"}],"curies":[{"name":"wp","href":"https:\/\/api.w.org\/{rel}","templated":true}]}}