{"id":28646,"date":"2023-05-25T12:30:00","date_gmt":"2023-05-25T18:30:00","guid":{"rendered":"https:\/\/cuernavaca.gob.mx\/?p=28646"},"modified":"2025-05-06T12:38:54","modified_gmt":"2025-05-06T18:38:54","slug":"b1003-25-05-23-ayuntamiento-de-cuernavaca-agradece-el-legado-del-maestro-escultor-y-pintor-victor-manuel-contreras","status":"publish","type":"post","link":"https:\/\/cuernavaca.gob.mx\/?p=28646","title":{"rendered":"B1003 25\/05\/23 AYUNTAMIENTO DE CUERNAVACA AGRADECE EL LEGADO DEL MAESTRO ESCULTOR Y PINTOR V\u00cdCTOR MANUEL CONTRERAS"},"content":{"rendered":"\n<p><strong>\u2022 La administraci\u00f3n municipal presidida por Jos\u00e9 Luis Uri\u00f3stegui mantuvo una estrecha relaci\u00f3n de amistad y trabajo coordinado con el Maestro para posicionar a Cuernavaca como un epicentro de la cultura y el arte<\/strong><\/p>\n\n\n\n<p><strong>\u2022 El afamado artista respald\u00f3 los proyectos del actual Gobierno Municipal a trav\u00e9s de la donaci\u00f3n de la escultura \u201cQuetzalc\u00f3atl, eje de las culturas mesoamericanas&#8221; que abander\u00f3 la creaci\u00f3n del &#8220;Corredor Cultural&#8221;<\/strong><\/p>\n\n\n\n<p>El Ayuntamiento de Cuernavaca presidido por Jos\u00e9 Luis Uri\u00f3stegui Salgado lamenta el fallecimiento del Maestro V\u00edctor Manuel Contreras V\u00e1zquez, talentoso escultor y pintor galardonado internacionalmente y benefactor de la capital morelense, con quien se mantuvo una estrecha relaci\u00f3n de amistad y trabajo coordinado para seguir colocando a la ciudad a trav\u00e9s sus obras como un epicentro de la cultura y el arte.<\/p>\n\n\n\n<p>S\u00ed bien naci\u00f3 en el estado de Jalisco y fue considerado un ciudadano del mundo por haber residido en distintos pa\u00edses, hace casi 58 a\u00f1os determin\u00f3 que su vida la pasar\u00eda en la ciudad de la Eterna Primavera, como un destacado y distinguido residente, desde donde procre\u00f3 varias obras que hoy embellecen diferentes partes de M\u00e9xico y m\u00e1s de 30 pa\u00edses, aunque heredando a Cuernavaca sus principales creaciones, como la imponente &#8220;Escultura a la Paz&#8221;, mejor conocida como &#8220;La Paloma de la Paz&#8221; que da la bienvenida al municipio en la zona norte.<\/p>\n\n\n\n<p>Asimismo, &#8220;La Madre y el Ni\u00f1o&#8221; ubicada en El Calvario y \u201cQuetzalc\u00f3atl, eje de las culturas mesoamericanas&#8221;, que fue donado como una muestra de confianza a la presente administraci\u00f3n municipal y por su amor a esta ciudad, as\u00ed lo expres\u00f3 el propio escultor en el marco de su develaci\u00f3n en la glorieta que se encuentra en la intersecci\u00f3n entre R\u00edo Balsas y R\u00edo Mayo de la colonia Vista Hermosa.<\/p>\n\n\n\n<p>El maestro V\u00edctor Manuel Contreras sent\u00f3 las bases para hacer de Cuernavaca una capital cultural a nivel mundial, respaldando el proyecto del actual Gobierno Municipal con el &#8220;Corredor Cultural&#8221;, donde se han instalado una serie de obras de distinguidos artistas en espacios p\u00fablicos rescatados y rehabilitados, as\u00ed como la reactivaci\u00f3n del Museo de la Ciudad de Cuernavaca con exposiciones que han logrado que la cultura y el arte est\u00e9n al alcance de todos.<\/p>\n\n\n\n<p>De los \u00faltimos acontecimientos que logr\u00f3 concretar fue la carta de intenci\u00f3n para el hermanamiento entre la ciudad de Lublin en Polonia con Cuernavaca, gracias a la amistad y hermandad que mantuvo con la pintora polaca, Tamara Lempicka; ciudad que adem\u00e1s estar\u00eda adquiriendo las obras de la artista en posesi\u00f3n del maestro que ser\u00e1n expuestas a finales de junio de este a\u00f1o, quien tambi\u00e9n don\u00f3 su obra &#8220;Nave del Tiempo&#8221;, creando un v\u00ednculo a\u00fan mayor entre la ciudad morelense y Lublin, llamada la capital de Polonia oriental, que reconoci\u00f3 en vida el aporte al mundo del arte de V\u00edctor Manuel Contreras con sus obras y aportaciones, siendo un artista que influy\u00f3 en estilos de generaciones enteras.<\/p>\n\n\n\n<p>En lo que ser\u00edan sus \u00faltimos d\u00edas de vida fue informado de que la glorieta que alberga &#8220;La Paloma de la Paz&#8221; ser\u00e1 intervenida y rescatada este a\u00f1o 2023 como \u00e9l siempre lo busc\u00f3, encontrando eco con el Ayuntamiento que preside Jos\u00e9 Luis Uri\u00f3stegui, de rescatar no solo est\u00e1, sino muchos otros espacios para que Cuernavaca recuperara su gloria y reconocimiento internacional, expresando en tertulias, conversaciones y en los escenarios donde se hac\u00eda presente sobre el orgullo que era vivir en Cuernavaca, donde se le pod\u00eda observar caminando por las calles del Centro Hist\u00f3rico y asistiendo a la misa dominical en Catedral, amable, sencillo y contento, siempre saludando a las personas que se le acercaban.<\/p>\n\n\n\n<p>Su deceso representa una gran p\u00e9rdida para la ciudad de Cuernavaca y el mundo de la cultura y las artes a nivel internacional.<\/p>\n\n\n\n<figure class=\"wp-container-2 wp-block-gallery-1 wp-block-gallery has-nested-images columns-default is-cropped\">\n<figure class=\"wp-block-image size-large\"><img loading=\"lazy\" width=\"682\" height=\"1024\" data-id=\"28647\"  src=\"https:\/\/cuernavaca.gob.mx\/wp-content\/uploads\/2023\/05\/victor-manuel-contreras-cuernavaca-1-682x1024.jpg\" alt=\"\" class=\"wp-image-28647\" srcset=\"https:\/\/cuernavaca.gob.mx\/wp-content\/uploads\/2023\/05\/victor-manuel-contreras-cuernavaca-1-682x1024.jpg 682w, https:\/\/cuernavaca.gob.mx\/wp-content\/uploads\/2023\/05\/victor-manuel-contreras-cuernavaca-1-200x300.jpg 200w, https:\/\/cuernavaca.gob.mx\/wp-content\/uploads\/2023\/05\/victor-manuel-contreras-cuernavaca-1-768x1153.jpg 768w, https:\/\/cuernavaca.gob.mx\/wp-content\/uploads\/2023\/05\/victor-manuel-contreras-cuernavaca-1-1023x1536.jpg 1023w, https:\/\/cuernavaca.gob.mx\/wp-content\/uploads\/2023\/05\/victor-manuel-contreras-cuernavaca-1-400x600.jpg 400w, https:\/\/cuernavaca.gob.mx\/wp-content\/uploads\/2023\/05\/victor-manuel-contreras-cuernavaca-1-373x560.jpg 373w, https:\/\/cuernavaca.gob.mx\/wp-content\/uploads\/2023\/05\/victor-manuel-contreras-cuernavaca-1.jpg 1066w\" sizes=\"(max-width: 682px) 100vw, 682px\" \/><\/figure>\n\n\n\n<figure class=\"wp-block-image size-large\"><img loading=\"lazy\" width=\"1024\" height=\"745\" data-id=\"28648\"  src=\"https:\/\/cuernavaca.gob.mx\/wp-content\/uploads\/2023\/05\/victor-manuel-contreras-cuernavaca-2-1024x745.jpg\" alt=\"\" class=\"wp-image-28648\" srcset=\"https:\/\/cuernavaca.gob.mx\/wp-content\/uploads\/2023\/05\/victor-manuel-contreras-cuernavaca-2-1024x745.jpg 1024w, https:\/\/cuernavaca.gob.mx\/wp-content\/uploads\/2023\/05\/victor-manuel-contreras-cuernavaca-2-300x218.jpg 300w, https:\/\/cuernavaca.gob.mx\/wp-content\/uploads\/2023\/05\/victor-manuel-contreras-cuernavaca-2-768x559.jpg 768w, https:\/\/cuernavaca.gob.mx\/wp-content\/uploads\/2023\/05\/victor-manuel-contreras-cuernavaca-2-1536x1117.jpg 1536w, https:\/\/cuernavaca.gob.mx\/wp-content\/uploads\/2023\/05\/victor-manuel-contreras-cuernavaca-2-600x437.jpg 600w, https:\/\/cuernavaca.gob.mx\/wp-content\/uploads\/2023\/05\/victor-manuel-contreras-cuernavaca-2-560x407.jpg 560w, https:\/\/cuernavaca.gob.mx\/wp-content\/uploads\/2023\/05\/victor-manuel-contreras-cuernavaca-2.jpg 1600w\" sizes=\"(max-width: 1024px) 100vw, 1024px\" \/><\/figure>\n\n\n\n<figure class=\"wp-block-image size-large\"><img loading=\"lazy\" width=\"1024\" height=\"723\" data-id=\"28649\"  src=\"https:\/\/cuernavaca.gob.mx\/wp-content\/uploads\/2023\/05\/victor-manuel-contreras-cuernavaca-3-1024x723.jpg\" alt=\"\" class=\"wp-image-28649\" srcset=\"https:\/\/cuernavaca.gob.mx\/wp-content\/uploads\/2023\/05\/victor-manuel-contreras-cuernavaca-3-1024x723.jpg 1024w, https:\/\/cuernavaca.gob.mx\/wp-content\/uploads\/2023\/05\/victor-manuel-contreras-cuernavaca-3-300x212.jpg 300w, https:\/\/cuernavaca.gob.mx\/wp-content\/uploads\/2023\/05\/victor-manuel-contreras-cuernavaca-3-768x542.jpg 768w, https:\/\/cuernavaca.gob.mx\/wp-content\/uploads\/2023\/05\/victor-manuel-contreras-cuernavaca-3-1536x1084.jpg 1536w, https:\/\/cuernavaca.gob.mx\/wp-content\/uploads\/2023\/05\/victor-manuel-contreras-cuernavaca-3-600x423.jpg 600w, https:\/\/cuernavaca.gob.mx\/wp-content\/uploads\/2023\/05\/victor-manuel-contreras-cuernavaca-3-560x395.jpg 560w, https:\/\/cuernavaca.gob.mx\/wp-content\/uploads\/2023\/05\/victor-manuel-contreras-cuernavaca-3.jpg 1600w\" sizes=\"(max-width: 1024px) 100vw, 1024px\" \/><\/figure>\n<\/figure>\n","protected":false},"excerpt":{"rendered":"<p>\u2022 La administraci\u00f3n municipal presidida por Jos\u00e9 Luis Uri\u00f3stegui mantuvo una estrecha relaci\u00f3n de amistad y trabajo coordinado con el Maestro para posicionar a Cuernavaca como un epicentro de la cultura y el arte \u2022 El afamado artista respald\u00f3 los proyectos del actual Gobierno Municipal a trav\u00e9s de la donaci\u00f3n de la escultura \u201cQuetzalc\u00f3atl, eje [&hellip;]<\/p>\n","protected":false},"author":1,"featured_media":28648,"comment_status":"closed","ping_status":"open","sticky":false,"template":"","format":"standard","meta":[],"categories":[20],"tags":[1300,1090,121,190,3086,1071,120,206,366,787],"aioseo_notices":[],"_links":{"self":[{"href":"https:\/\/cuernavaca.gob.mx\/index.php?rest_route=\/wp\/v2\/posts\/28646"}],"collection":[{"href":"https:\/\/cuernavaca.gob.mx\/index.php?rest_route=\/wp\/v2\/posts"}],"about":[{"href":"https:\/\/cuernavaca.gob.mx\/index.php?rest_route=\/wp\/v2\/types\/post"}],"author":[{"embeddable":true,"href":"https:\/\/cuernavaca.gob.mx\/index.php?rest_route=\/wp\/v2\/users\/1"}],"replies":[{"embeddable":true,"href":"https:\/\/cuernavaca.gob.mx\/index.php?rest_route=%2Fwp%2Fv2%2Fcomments&post=28646"}],"version-history":[{"count":1,"href":"https:\/\/cuernavaca.gob.mx\/index.php?rest_route=\/wp\/v2\/posts\/28646\/revisions"}],"predecessor-version":[{"id":28650,"href":"https:\/\/cuernavaca.gob.mx\/index.php?rest_route=\/wp\/v2\/posts\/28646\/revisions\/28650"}],"wp:featuredmedia":[{"embeddable":true,"href":"https:\/\/cuernavaca.gob.mx\/index.php?rest_route=\/wp\/v2\/media\/28648"}],"wp:attachment":[{"href":"https:\/\/cuernavaca.gob.mx\/index.php?rest_route=%2Fwp%2Fv2%2Fmedia&parent=28646"}],"wp:term":[{"taxonomy":"category","embeddable":true,"href":"https:\/\/cuernavaca.gob.mx\/index.php?rest_route=%2Fwp%2Fv2%2Fcategories&post=28646"},{"taxonomy":"post_tag","embeddable":true,"href":"https:\/\/cuernavaca.gob.mx\/index.php?rest_route=%2Fwp%2Fv2%2Ftags&post=28646"}],"curies":[{"name":"wp","href":"https:\/\/api.w.org\/{rel}","templated":true}]}}