{"id":28652,"date":"2023-05-25T17:00:00","date_gmt":"2023-05-25T23:00:00","guid":{"rendered":"https:\/\/cuernavaca.gob.mx\/?p=28652"},"modified":"2025-05-06T12:38:53","modified_gmt":"2025-05-06T18:38:53","slug":"f429-25-05-23-participa-jose-luis-uriostegui-en-la-vii-sesion-plenaria-de-la-asociacion-de-ciudades-capitales-en-guanajuato","status":"publish","type":"post","link":"https:\/\/cuernavaca.gob.mx\/?p=28652","title":{"rendered":"F429 25\/05\/23 PARTICIPA JOS\u00c9 LUIS URI\u00d3STEGUI EN LA VII SESI\u00d3N PLENARIA DE LA ASOCIACI\u00d3N DE CIUDADES CAPITALES EN GUANAJUATO"},"content":{"rendered":"\n<p>El presidente municipal de Cuernavaca, Jos\u00e9 Luis Uri\u00f3stegui Salgado, asisti\u00f3 este jueves a la Sesi\u00f3n Plenaria de la Asociaci\u00f3n de Ciudades Capitales, para participar en el encuentro sostenido entre alcaldes y alcaldesas con la Secretaria Ejecutiva del Sistema Nacional de Seguridad P\u00fablica (SNSP), Clara Luz Flores Carrales, en la ciudad de Guanajuato, Guanajuato, con quien acordaron impulsar una alianza estrat\u00e9gica encaminada a reforzar un trabajo coordinado a favor de la seguridad en los municipios.<\/p>\n\n\n\n<p>A esta reuni\u00f3n tambi\u00e9n acudi\u00f3 Alicia V\u00e1zquez Luna, secretaria de Protecci\u00f3n y Auxilio de Cuernavaca (SEPRAC), quien refiri\u00f3 que el prop\u00f3sito de este encuentro con los y las presidentes municipales y la titular del SNSP, Clara Luz Flores, fue sentar bases para construir una agenda en com\u00fan con las autoridades de las ciudades capitales, donde se concentra el mayor n\u00famero de habitantes y movilidad por diversas actividades productivas y comerciales, y por consecuencia con incidencias delictivas que se deben atender de manera eficaz.<\/p>\n\n\n\n<p><\/p>\n\n\n\n<figure class=\"wp-container-2 wp-block-gallery-1 wp-block-gallery has-nested-images columns-default is-cropped\">\n<figure class=\"wp-block-image size-large\"><img loading=\"lazy\" width=\"1024\" height=\"682\" data-id=\"28658\"  src=\"https:\/\/cuernavaca.gob.mx\/wp-content\/uploads\/2023\/05\/VII-sesion-plenaria-Ciudades-Capitales-cuernavaca-1-1-1-1024x682.jpg\" alt=\"\" class=\"wp-image-28658\" srcset=\"https:\/\/cuernavaca.gob.mx\/wp-content\/uploads\/2023\/05\/VII-sesion-plenaria-Ciudades-Capitales-cuernavaca-1-1-1-1024x682.jpg 1024w, https:\/\/cuernavaca.gob.mx\/wp-content\/uploads\/2023\/05\/VII-sesion-plenaria-Ciudades-Capitales-cuernavaca-1-1-1-300x200.jpg 300w, https:\/\/cuernavaca.gob.mx\/wp-content\/uploads\/2023\/05\/VII-sesion-plenaria-Ciudades-Capitales-cuernavaca-1-1-1-768x512.jpg 768w, https:\/\/cuernavaca.gob.mx\/wp-content\/uploads\/2023\/05\/VII-sesion-plenaria-Ciudades-Capitales-cuernavaca-1-1-1-600x400.jpg 600w, https:\/\/cuernavaca.gob.mx\/wp-content\/uploads\/2023\/05\/VII-sesion-plenaria-Ciudades-Capitales-cuernavaca-1-1-1-560x373.jpg 560w, https:\/\/cuernavaca.gob.mx\/wp-content\/uploads\/2023\/05\/VII-sesion-plenaria-Ciudades-Capitales-cuernavaca-1-1-1.jpg 1280w\" sizes=\"(max-width: 1024px) 100vw, 1024px\" \/><\/figure>\n\n\n\n<figure class=\"wp-block-image size-large\"><img loading=\"lazy\" width=\"1024\" height=\"682\" data-id=\"28659\"  src=\"https:\/\/cuernavaca.gob.mx\/wp-content\/uploads\/2023\/05\/VII-sesion-plenaria-Ciudades-Capitales-cuernavaca-2-1-1024x682.jpg\" alt=\"\" class=\"wp-image-28659\" srcset=\"https:\/\/cuernavaca.gob.mx\/wp-content\/uploads\/2023\/05\/VII-sesion-plenaria-Ciudades-Capitales-cuernavaca-2-1-1024x682.jpg 1024w, https:\/\/cuernavaca.gob.mx\/wp-content\/uploads\/2023\/05\/VII-sesion-plenaria-Ciudades-Capitales-cuernavaca-2-1-300x200.jpg 300w, https:\/\/cuernavaca.gob.mx\/wp-content\/uploads\/2023\/05\/VII-sesion-plenaria-Ciudades-Capitales-cuernavaca-2-1-768x512.jpg 768w, https:\/\/cuernavaca.gob.mx\/wp-content\/uploads\/2023\/05\/VII-sesion-plenaria-Ciudades-Capitales-cuernavaca-2-1-600x400.jpg 600w, https:\/\/cuernavaca.gob.mx\/wp-content\/uploads\/2023\/05\/VII-sesion-plenaria-Ciudades-Capitales-cuernavaca-2-1-560x373.jpg 560w, https:\/\/cuernavaca.gob.mx\/wp-content\/uploads\/2023\/05\/VII-sesion-plenaria-Ciudades-Capitales-cuernavaca-2-1.jpg 1280w\" sizes=\"(max-width: 1024px) 100vw, 1024px\" \/><\/figure>\n\n\n\n<figure class=\"wp-block-image size-large\"><img loading=\"lazy\" width=\"1024\" height=\"682\" data-id=\"28660\"  src=\"https:\/\/cuernavaca.gob.mx\/wp-content\/uploads\/2023\/05\/VII-sesion-plenaria-Ciudades-Capitales-cuernavaca-3-1-1024x682.jpg\" alt=\"\" class=\"wp-image-28660\" srcset=\"https:\/\/cuernavaca.gob.mx\/wp-content\/uploads\/2023\/05\/VII-sesion-plenaria-Ciudades-Capitales-cuernavaca-3-1-1024x682.jpg 1024w, https:\/\/cuernavaca.gob.mx\/wp-content\/uploads\/2023\/05\/VII-sesion-plenaria-Ciudades-Capitales-cuernavaca-3-1-300x200.jpg 300w, https:\/\/cuernavaca.gob.mx\/wp-content\/uploads\/2023\/05\/VII-sesion-plenaria-Ciudades-Capitales-cuernavaca-3-1-768x512.jpg 768w, https:\/\/cuernavaca.gob.mx\/wp-content\/uploads\/2023\/05\/VII-sesion-plenaria-Ciudades-Capitales-cuernavaca-3-1-600x400.jpg 600w, https:\/\/cuernavaca.gob.mx\/wp-content\/uploads\/2023\/05\/VII-sesion-plenaria-Ciudades-Capitales-cuernavaca-3-1-560x373.jpg 560w, https:\/\/cuernavaca.gob.mx\/wp-content\/uploads\/2023\/05\/VII-sesion-plenaria-Ciudades-Capitales-cuernavaca-3-1.jpg 1280w\" sizes=\"(max-width: 1024px) 100vw, 1024px\" \/><\/figure>\n\n\n\n<figure class=\"wp-block-image size-large\"><img loading=\"lazy\" width=\"1024\" height=\"683\" data-id=\"28663\"  src=\"https:\/\/cuernavaca.gob.mx\/wp-content\/uploads\/2023\/05\/VII-sesion-plenaria-Ciudades-Capitales-cuernavaca-4-1-1024x683.jpg\" alt=\"\" class=\"wp-image-28663\" srcset=\"https:\/\/cuernavaca.gob.mx\/wp-content\/uploads\/2023\/05\/VII-sesion-plenaria-Ciudades-Capitales-cuernavaca-4-1-1024x683.jpg 1024w, https:\/\/cuernavaca.gob.mx\/wp-content\/uploads\/2023\/05\/VII-sesion-plenaria-Ciudades-Capitales-cuernavaca-4-1-300x200.jpg 300w, https:\/\/cuernavaca.gob.mx\/wp-content\/uploads\/2023\/05\/VII-sesion-plenaria-Ciudades-Capitales-cuernavaca-4-1-768x512.jpg 768w, https:\/\/cuernavaca.gob.mx\/wp-content\/uploads\/2023\/05\/VII-sesion-plenaria-Ciudades-Capitales-cuernavaca-4-1-600x400.jpg 600w, https:\/\/cuernavaca.gob.mx\/wp-content\/uploads\/2023\/05\/VII-sesion-plenaria-Ciudades-Capitales-cuernavaca-4-1-560x374.jpg 560w, https:\/\/cuernavaca.gob.mx\/wp-content\/uploads\/2023\/05\/VII-sesion-plenaria-Ciudades-Capitales-cuernavaca-4-1.jpg 1280w\" sizes=\"(max-width: 1024px) 100vw, 1024px\" \/><\/figure>\n\n\n\n<figure class=\"wp-block-image size-large\"><img loading=\"lazy\" width=\"1024\" height=\"682\" data-id=\"28662\"  src=\"https:\/\/cuernavaca.gob.mx\/wp-content\/uploads\/2023\/05\/VII-sesion-plenaria-Ciudades-Capitales-cuernavaca-5-1-1024x682.jpg\" alt=\"\" class=\"wp-image-28662\" srcset=\"https:\/\/cuernavaca.gob.mx\/wp-content\/uploads\/2023\/05\/VII-sesion-plenaria-Ciudades-Capitales-cuernavaca-5-1-1024x682.jpg 1024w, https:\/\/cuernavaca.gob.mx\/wp-content\/uploads\/2023\/05\/VII-sesion-plenaria-Ciudades-Capitales-cuernavaca-5-1-300x200.jpg 300w, https:\/\/cuernavaca.gob.mx\/wp-content\/uploads\/2023\/05\/VII-sesion-plenaria-Ciudades-Capitales-cuernavaca-5-1-768x512.jpg 768w, https:\/\/cuernavaca.gob.mx\/wp-content\/uploads\/2023\/05\/VII-sesion-plenaria-Ciudades-Capitales-cuernavaca-5-1-600x400.jpg 600w, https:\/\/cuernavaca.gob.mx\/wp-content\/uploads\/2023\/05\/VII-sesion-plenaria-Ciudades-Capitales-cuernavaca-5-1-560x373.jpg 560w, https:\/\/cuernavaca.gob.mx\/wp-content\/uploads\/2023\/05\/VII-sesion-plenaria-Ciudades-Capitales-cuernavaca-5-1.jpg 1280w\" sizes=\"(max-width: 1024px) 100vw, 1024px\" \/><\/figure>\n\n\n\n<figure class=\"wp-block-image size-large\"><img loading=\"lazy\" width=\"1024\" height=\"682\" data-id=\"28661\"  src=\"https:\/\/cuernavaca.gob.mx\/wp-content\/uploads\/2023\/05\/VII-sesion-plenaria-Ciudades-Capitales-cuernavaca-6-1024x682.jpg\" alt=\"\" class=\"wp-image-28661\" srcset=\"https:\/\/cuernavaca.gob.mx\/wp-content\/uploads\/2023\/05\/VII-sesion-plenaria-Ciudades-Capitales-cuernavaca-6-1024x682.jpg 1024w, https:\/\/cuernavaca.gob.mx\/wp-content\/uploads\/2023\/05\/VII-sesion-plenaria-Ciudades-Capitales-cuernavaca-6-300x200.jpg 300w, https:\/\/cuernavaca.gob.mx\/wp-content\/uploads\/2023\/05\/VII-sesion-plenaria-Ciudades-Capitales-cuernavaca-6-768x512.jpg 768w, https:\/\/cuernavaca.gob.mx\/wp-content\/uploads\/2023\/05\/VII-sesion-plenaria-Ciudades-Capitales-cuernavaca-6-600x400.jpg 600w, https:\/\/cuernavaca.gob.mx\/wp-content\/uploads\/2023\/05\/VII-sesion-plenaria-Ciudades-Capitales-cuernavaca-6-560x373.jpg 560w, https:\/\/cuernavaca.gob.mx\/wp-content\/uploads\/2023\/05\/VII-sesion-plenaria-Ciudades-Capitales-cuernavaca-6.jpg 1280w\" sizes=\"(max-width: 1024px) 100vw, 1024px\" \/><\/figure>\n<\/figure>\n","protected":false},"excerpt":{"rendered":"<p>El presidente municipal de Cuernavaca, Jos\u00e9 Luis Uri\u00f3stegui Salgado, asisti\u00f3 este jueves a la Sesi\u00f3n Plenaria de la Asociaci\u00f3n de Ciudades Capitales, para participar en el encuentro sostenido entre alcaldes y alcaldesas con la Secretaria Ejecutiva del Sistema Nacional de Seguridad P\u00fablica (SNSP), Clara Luz Flores Carrales, en la ciudad de Guanajuato, Guanajuato, con quien [&hellip;]<\/p>\n","protected":false},"author":1,"featured_media":28663,"comment_status":"closed","ping_status":"open","sticky":false,"template":"","format":"standard","meta":[],"categories":[17],"tags":[121,2898,120,206,414,125,252],"aioseo_notices":[],"_links":{"self":[{"href":"https:\/\/cuernavaca.gob.mx\/index.php?rest_route=\/wp\/v2\/posts\/28652"}],"collection":[{"href":"https:\/\/cuernavaca.gob.mx\/index.php?rest_route=\/wp\/v2\/posts"}],"about":[{"href":"https:\/\/cuernavaca.gob.mx\/index.php?rest_route=\/wp\/v2\/types\/post"}],"author":[{"embeddable":true,"href":"https:\/\/cuernavaca.gob.mx\/index.php?rest_route=\/wp\/v2\/users\/1"}],"replies":[{"embeddable":true,"href":"https:\/\/cuernavaca.gob.mx\/index.php?rest_route=%2Fwp%2Fv2%2Fcomments&post=28652"}],"version-history":[{"count":1,"href":"https:\/\/cuernavaca.gob.mx\/index.php?rest_route=\/wp\/v2\/posts\/28652\/revisions"}],"predecessor-version":[{"id":28664,"href":"https:\/\/cuernavaca.gob.mx\/index.php?rest_route=\/wp\/v2\/posts\/28652\/revisions\/28664"}],"wp:featuredmedia":[{"embeddable":true,"href":"https:\/\/cuernavaca.gob.mx\/index.php?rest_route=\/wp\/v2\/media\/28663"}],"wp:attachment":[{"href":"https:\/\/cuernavaca.gob.mx\/index.php?rest_route=%2Fwp%2Fv2%2Fmedia&parent=28652"}],"wp:term":[{"taxonomy":"category","embeddable":true,"href":"https:\/\/cuernavaca.gob.mx\/index.php?rest_route=%2Fwp%2Fv2%2Fcategories&post=28652"},{"taxonomy":"post_tag","embeddable":true,"href":"https:\/\/cuernavaca.gob.mx\/index.php?rest_route=%2Fwp%2Fv2%2Ftags&post=28652"}],"curies":[{"name":"wp","href":"https:\/\/api.w.org\/{rel}","templated":true}]}}