{"id":28666,"date":"2023-05-26T17:00:00","date_gmt":"2023-05-26T23:00:00","guid":{"rendered":"https:\/\/cuernavaca.gob.mx\/?p=28666"},"modified":"2025-05-06T12:38:53","modified_gmt":"2025-05-06T18:38:53","slug":"b1006-26-05-23-con-merecido-homenaje-cabildo-de-cuernavaca-familiares-y-amigos-le-dicen-hasta-pronto-al-maestro-victor-manuel-contreras","status":"publish","type":"post","link":"https:\/\/cuernavaca.gob.mx\/?p=28666","title":{"rendered":"B1006 26\/05\/23 CON MERECIDO HOMENAJE CABILDO DE CUERNAVACA, FAMILIARES Y AMIGOS LE DICEN HASTA PRONTO AL MAESTRO V\u00cdCTOR MANUEL CONTRERAS"},"content":{"rendered":"\n<p><strong>\u2022 El Museo de la Ciudad de Cuernavaca abri\u00f3 fue el recinto para la ceremonia de cuerpo presente del afamado escultor y pintor, donde el Alcalde Jos\u00e9 Luis Uri\u00f3stegui, anunci\u00f3 que las casas del artista se convertir\u00e1n en museos<\/strong><\/p>\n\n\n\n<p><strong>\u2022 La Embajada de Polonia en M\u00e9xico tambi\u00e9n particip\u00f3 en este homenaje al reconocer las aportaciones que en vida dej\u00f3 como legado el Maestro V\u00edctor Manuel Contreras para M\u00e9xico y el mundo<\/strong><\/p>\n\n\n\n<p>C\u00f3mo un agradecimiento y reconocimiento al legado que dej\u00f3 el maestro V\u00edctor Manuel Contreras V\u00e1zquez en Cuernavaca, el Cabildo de Cuernavaca que preside Jos\u00e9 Luis Uri\u00f3stegui Salgado, se dio un \u00faltimo adi\u00f3s al artista con un homenaje de cuerpo presente en el emblem\u00e1tico e hist\u00f3rico Museo de la Ciudad, casa que alberga una de las reproducciones art\u00edsticas m\u00e1s importantes, La Paloma de la Paz.<\/p>\n\n\n\n<p>Entre majestuosos arreglos florales y aplausos de familiares, amigas, amigos, autoridades de los distintos niveles de gobierno, pol\u00edticos y representantes del mundo del arte y la cultura que se volvieron a lo largo de su historia en su familia espiritual, fue recibido el f\u00e9retro del aclamado escultor y pintor, que proven\u00eda de Catedral de Cuernavaca donde le hicieron una misa de cuerpo presente.<\/p>\n\n\n\n<p>En el marco de este homenaje p\u00f3stumo, el presidente municipal de Cuernavaca, Jos\u00e9 Luis Uri\u00f3stegui, acompa\u00f1ado de su esposa Luz Mar\u00eda Zagal Guzm\u00e1n, presidenta del Sistema Municipal DIF Cuernavaca, puntualiz\u00f3 que la capital morelense siempre ser\u00e1 una muestra del talento del artista oriundo del estado de Jalisco, que hace m\u00e1s de 50 a\u00f1os decidi\u00f3 radicar aqu\u00ed de manera definitiva donde generosamente don\u00f3 obras a la ciudad de la Eterna Primavera que le recibi\u00f3 con los brazos abiertos y que hoy le despide con el coraz\u00f3n abierto.<\/p>\n\n\n\n<p>Jos\u00e9 Luis Uri\u00f3stegui destac\u00f3 la estrecha relaci\u00f3n que mantuvo la administraci\u00f3n a su cargo con el maestro V\u00edctor Manuel Contreras, la cual seguir\u00e1 presente en la ciudad, ya que estar\u00e1n coadyuvando con su familia en la creaci\u00f3n de su \u00faltimo deseo, que sus propiedades se conviertan en museos de sus obras de arte.<\/p>\n\n\n\n<p>&#8220;V\u00edctor seguir\u00e1 activo como artista, sembr\u00f3 semillas en mucha gente, sembr\u00f3 el deseo de trascender y forjar, de darle vida material a las ideas. Fueron momentos gratos de convivencia con \u00e9l que no vamos a olvidar y esperamos que Cuernavaca, que esta ciudad que le recibi\u00f3 hace m\u00e1s de 50 a\u00f1os siga siendo su casa por siempre y desde aqu\u00ed siga viva la flama de su memoria para las generaciones venideras&#8221;, acot\u00f3.<\/p>\n\n\n\n<p>Al uso de la palabra, Arturo Santana Salgado, cercano colaborador, expres\u00f3 que el maestro Contreras dedic\u00f3 su vida a plasmar las fantas\u00edas creadas por su imaginaci\u00f3n a trav\u00e9s de sus esculturas que fueron como sus hijos y como tales eran motivo de orgullo de su ser y de su lucha, forjando obras monumentales alrededor del mundo como semillas de esperanza que llevan un mensaje de amor, paz y libertad a toda la humanidad y que lo llevaron a entrelazar su vida con importantes figuras de talla internacional, aunque tres tuvieron un gran impacto en su vida cambiando su destino para siempre, como los pr\u00edncipes F\u00e9lix e Irina Yus\u00fapov, la \u00fanica sobrina del zar Nicol\u00e1s II de Rusia y la pintora polaca, Tamara de Lempicka.<\/p>\n\n\n\n<p>La directora general del Instituto Cultural Caba\u00f1as, Cecilia Wolf, confirm\u00f3 que V\u00edctor Manuel Contreras estuvo muy activo hasta los \u00faltimos d\u00edas de su vida, puesto que estaban trabajando en la elaboraci\u00f3n de distintos textos de sus historias y amistades que se a\u00f1adir\u00e1n a su lista de obras, siendo un claro ejemplo de que M\u00e9xico es cuna de grandes artistas, pero muy pocos logran alcanzar el \u00e9xito al nivel que \u00e9l lo hizo, quien fue una persona llena de talentos y dones que seguir\u00e1n presentes a nivel nacional e internacional.<\/p>\n\n\n\n<p>Por su lado, la escritora, Galia Tonella, subray\u00f3 que el escultor fue una gu\u00eda, un hombre que no ten\u00eda tapujos, que lo mismo te hac\u00eda re\u00edr que llorar, que te hace sentir y reflexionar, siendo para ella un segundo padre, un maestro al que quiso emular y quien le dej\u00f3 varias ense\u00f1anzas que le permitieron concretar una realizaci\u00f3n en su vida que no solo le permitir\u00eda escribir, sino valorar el arte, el mundo que \u00e9l le ense\u00f1\u00f3.<\/p>\n\n\n\n<p>A su vez, el coordinador del Consejo de Cronistas del Municipio de Cuernavaca, Teodoro Lav\u00edn Le\u00f3n, acentu\u00f3 que sus grandes obras est\u00e1n diseminadas por todo el mundo donde recibi\u00f3 grandes premios, como en B\u00e9lgica, Francia e Italia, obteniendo el reconocimiento de pa\u00edses como Rusia, Francia, casi todo Europa y por supuesto, su adorado M\u00e9xico, aqu\u00ed la grandeza de su alma hizo que hace algunos meses regalara a Cuernavaca, que ya contaban con las esculturas &#8220;La Paloma de la Paz&#8221; y &#8220;La Madre y el Ni\u00f1o, su obra \u201cQuetzalc\u00f3atl, eje de las culturas mesoamericanas\u201d.<\/p>\n\n\n\n<p>A nombre de la familia del artista, su sobrino V\u00edctor Trujillo, asever\u00f3 que en su andar por la vida, su t\u00edo logr\u00f3 recolectar una gran familia espiritual que est\u00e1 conformada por amigos de todas partes del mundo, a quienes le sembr\u00f3 una semilla que se cosech\u00f3 y hoy est\u00e1 dando frutos que es el amor que en este homenaje le brindaron, &#8220;\u00e9l fue encontrando una familia en cada uno de ustedes, en sus colaboradores de todo lo que estuvo haciendo en la vida y \u00e9l tom\u00f3 mucho cari\u00f1o por esta tierra, tanto as\u00ed que aqu\u00ed les dejo lo que \u00e9l m\u00e1s quer\u00eda en la tierra, que es su mam\u00e1. Espero que la cuiden mucho&#8221;.<\/p>\n\n\n\n<p>Para concluir los mensajes, Gabriel Padilla, amigo y colaborador, asever\u00f3 que el legado de V\u00edctor Manuel Contreras, hoy es lo que habla y les susurra a todos a los o\u00eddos, al exponer la emoci\u00f3n que causa la contemplaci\u00f3n de sus obras y el recuerdo de sus frases c\u00e9lebres y palabras.<\/p>\n\n\n\n<p>El presidente municipal, Jos\u00e9 Luis Uri\u00f3stegui; la s\u00edndica municipal, Ver\u00f3nica Atenco P\u00e9rez y los regidores Mireya Delgado Romero, Debendrenath Salazar Solorio, V\u00edctor Manzo God\u00ednez, Adri\u00e1n Mart\u00ednez Terrazas, Christian P\u00e9rez Jaimes y Jes\u00fas Rosales Puebla, iniciaron las guardias de honor en este homenaje en torno al f\u00e9retro, acompa\u00f1ado de una fotograf\u00eda y la reproducci\u00f3n de la Paloma de la Paz.<\/p>\n\n\n\n<p>A este homenaje tambi\u00e9n asistieron el secretario de Gobierno, Samuel Sotelo Salgado, en representaci\u00f3n del gobernador Cuauht\u00e9moc Blanco Bravo; la ministra consejera Jefa de Departamento Pol\u00edtico y Econ\u00f3mico de la Embajada de Polonia en M\u00e9xico, Anna Baza\u0144ska, el ex gobernador, Sergio Estrada Cajigal; la diputada local, Andrea Gordillo Vega; el secretario del Ayuntamiento de Cuernavaca, Carlos de la Rosa Segura, entre otras distinguidas personalidades de Cuernavaca y el estado de Morelos.<\/p>\n\n\n\n<figure class=\"wp-container-2 wp-block-gallery-1 wp-block-gallery has-nested-images columns-default is-cropped\">\n<figure class=\"wp-block-image size-large\"><img loading=\"lazy\" width=\"1024\" height=\"682\" data-id=\"28667\"  src=\"https:\/\/cuernavaca.gob.mx\/wp-content\/uploads\/2023\/05\/homenaje-postumo-Victor-Manuel-Contreras-Cuernavaca-1-1024x682.jpg\" alt=\"\" class=\"wp-image-28667\" srcset=\"https:\/\/cuernavaca.gob.mx\/wp-content\/uploads\/2023\/05\/homenaje-postumo-Victor-Manuel-Contreras-Cuernavaca-1-1024x682.jpg 1024w, https:\/\/cuernavaca.gob.mx\/wp-content\/uploads\/2023\/05\/homenaje-postumo-Victor-Manuel-Contreras-Cuernavaca-1-300x200.jpg 300w, https:\/\/cuernavaca.gob.mx\/wp-content\/uploads\/2023\/05\/homenaje-postumo-Victor-Manuel-Contreras-Cuernavaca-1-768x512.jpg 768w, https:\/\/cuernavaca.gob.mx\/wp-content\/uploads\/2023\/05\/homenaje-postumo-Victor-Manuel-Contreras-Cuernavaca-1-1536x1023.jpg 1536w, https:\/\/cuernavaca.gob.mx\/wp-content\/uploads\/2023\/05\/homenaje-postumo-Victor-Manuel-Contreras-Cuernavaca-1-600x400.jpg 600w, https:\/\/cuernavaca.gob.mx\/wp-content\/uploads\/2023\/05\/homenaje-postumo-Victor-Manuel-Contreras-Cuernavaca-1-560x373.jpg 560w, https:\/\/cuernavaca.gob.mx\/wp-content\/uploads\/2023\/05\/homenaje-postumo-Victor-Manuel-Contreras-Cuernavaca-1.jpg 1600w\" sizes=\"(max-width: 1024px) 100vw, 1024px\" \/><\/figure>\n\n\n\n<figure class=\"wp-block-image size-large\"><img loading=\"lazy\" width=\"1024\" height=\"682\" data-id=\"28668\"  src=\"https:\/\/cuernavaca.gob.mx\/wp-content\/uploads\/2023\/05\/homenaje-postumo-Victor-Manuel-Contreras-Cuernavaca-2-1024x682.jpg\" alt=\"\" class=\"wp-image-28668\" srcset=\"https:\/\/cuernavaca.gob.mx\/wp-content\/uploads\/2023\/05\/homenaje-postumo-Victor-Manuel-Contreras-Cuernavaca-2-1024x682.jpg 1024w, https:\/\/cuernavaca.gob.mx\/wp-content\/uploads\/2023\/05\/homenaje-postumo-Victor-Manuel-Contreras-Cuernavaca-2-300x200.jpg 300w, https:\/\/cuernavaca.gob.mx\/wp-content\/uploads\/2023\/05\/homenaje-postumo-Victor-Manuel-Contreras-Cuernavaca-2-768x512.jpg 768w, https:\/\/cuernavaca.gob.mx\/wp-content\/uploads\/2023\/05\/homenaje-postumo-Victor-Manuel-Contreras-Cuernavaca-2-1536x1023.jpg 1536w, https:\/\/cuernavaca.gob.mx\/wp-content\/uploads\/2023\/05\/homenaje-postumo-Victor-Manuel-Contreras-Cuernavaca-2-600x400.jpg 600w, https:\/\/cuernavaca.gob.mx\/wp-content\/uploads\/2023\/05\/homenaje-postumo-Victor-Manuel-Contreras-Cuernavaca-2-560x373.jpg 560w, https:\/\/cuernavaca.gob.mx\/wp-content\/uploads\/2023\/05\/homenaje-postumo-Victor-Manuel-Contreras-Cuernavaca-2.jpg 1600w\" sizes=\"(max-width: 1024px) 100vw, 1024px\" \/><\/figure>\n\n\n\n<figure class=\"wp-block-image size-large\"><img loading=\"lazy\" width=\"1024\" height=\"682\" data-id=\"28672\"  src=\"https:\/\/cuernavaca.gob.mx\/wp-content\/uploads\/2023\/05\/homenaje-postumo-Victor-Manuel-Contreras-Cuernavaca-3-1024x682.jpg\" alt=\"\" class=\"wp-image-28672\" srcset=\"https:\/\/cuernavaca.gob.mx\/wp-content\/uploads\/2023\/05\/homenaje-postumo-Victor-Manuel-Contreras-Cuernavaca-3-1024x682.jpg 1024w, https:\/\/cuernavaca.gob.mx\/wp-content\/uploads\/2023\/05\/homenaje-postumo-Victor-Manuel-Contreras-Cuernavaca-3-300x200.jpg 300w, https:\/\/cuernavaca.gob.mx\/wp-content\/uploads\/2023\/05\/homenaje-postumo-Victor-Manuel-Contreras-Cuernavaca-3-768x512.jpg 768w, https:\/\/cuernavaca.gob.mx\/wp-content\/uploads\/2023\/05\/homenaje-postumo-Victor-Manuel-Contreras-Cuernavaca-3-1536x1023.jpg 1536w, https:\/\/cuernavaca.gob.mx\/wp-content\/uploads\/2023\/05\/homenaje-postumo-Victor-Manuel-Contreras-Cuernavaca-3-600x400.jpg 600w, https:\/\/cuernavaca.gob.mx\/wp-content\/uploads\/2023\/05\/homenaje-postumo-Victor-Manuel-Contreras-Cuernavaca-3-560x373.jpg 560w, https:\/\/cuernavaca.gob.mx\/wp-content\/uploads\/2023\/05\/homenaje-postumo-Victor-Manuel-Contreras-Cuernavaca-3.jpg 1600w\" sizes=\"(max-width: 1024px) 100vw, 1024px\" \/><\/figure>\n\n\n\n<figure class=\"wp-block-image size-large\"><img loading=\"lazy\" width=\"1024\" height=\"682\" data-id=\"28676\"  src=\"https:\/\/cuernavaca.gob.mx\/wp-content\/uploads\/2023\/05\/homenaje-postumo-Victor-Manuel-Contreras-Cuernavaca-4-1024x682.jpg\" alt=\"\" class=\"wp-image-28676\" srcset=\"https:\/\/cuernavaca.gob.mx\/wp-content\/uploads\/2023\/05\/homenaje-postumo-Victor-Manuel-Contreras-Cuernavaca-4-1024x682.jpg 1024w, https:\/\/cuernavaca.gob.mx\/wp-content\/uploads\/2023\/05\/homenaje-postumo-Victor-Manuel-Contreras-Cuernavaca-4-300x200.jpg 300w, https:\/\/cuernavaca.gob.mx\/wp-content\/uploads\/2023\/05\/homenaje-postumo-Victor-Manuel-Contreras-Cuernavaca-4-768x512.jpg 768w, https:\/\/cuernavaca.gob.mx\/wp-content\/uploads\/2023\/05\/homenaje-postumo-Victor-Manuel-Contreras-Cuernavaca-4-1536x1023.jpg 1536w, https:\/\/cuernavaca.gob.mx\/wp-content\/uploads\/2023\/05\/homenaje-postumo-Victor-Manuel-Contreras-Cuernavaca-4-600x400.jpg 600w, https:\/\/cuernavaca.gob.mx\/wp-content\/uploads\/2023\/05\/homenaje-postumo-Victor-Manuel-Contreras-Cuernavaca-4-560x373.jpg 560w, https:\/\/cuernavaca.gob.mx\/wp-content\/uploads\/2023\/05\/homenaje-postumo-Victor-Manuel-Contreras-Cuernavaca-4.jpg 1600w\" sizes=\"(max-width: 1024px) 100vw, 1024px\" \/><\/figure>\n\n\n\n<figure class=\"wp-block-image size-large\"><img loading=\"lazy\" width=\"1024\" height=\"682\" data-id=\"28674\"  src=\"https:\/\/cuernavaca.gob.mx\/wp-content\/uploads\/2023\/05\/homenaje-postumo-Victor-Manuel-Contreras-Cuernavaca-5-1024x682.jpg\" alt=\"\" class=\"wp-image-28674\" srcset=\"https:\/\/cuernavaca.gob.mx\/wp-content\/uploads\/2023\/05\/homenaje-postumo-Victor-Manuel-Contreras-Cuernavaca-5-1024x682.jpg 1024w, https:\/\/cuernavaca.gob.mx\/wp-content\/uploads\/2023\/05\/homenaje-postumo-Victor-Manuel-Contreras-Cuernavaca-5-300x200.jpg 300w, https:\/\/cuernavaca.gob.mx\/wp-content\/uploads\/2023\/05\/homenaje-postumo-Victor-Manuel-Contreras-Cuernavaca-5-768x512.jpg 768w, https:\/\/cuernavaca.gob.mx\/wp-content\/uploads\/2023\/05\/homenaje-postumo-Victor-Manuel-Contreras-Cuernavaca-5-1536x1023.jpg 1536w, https:\/\/cuernavaca.gob.mx\/wp-content\/uploads\/2023\/05\/homenaje-postumo-Victor-Manuel-Contreras-Cuernavaca-5-600x400.jpg 600w, https:\/\/cuernavaca.gob.mx\/wp-content\/uploads\/2023\/05\/homenaje-postumo-Victor-Manuel-Contreras-Cuernavaca-5-560x373.jpg 560w, https:\/\/cuernavaca.gob.mx\/wp-content\/uploads\/2023\/05\/homenaje-postumo-Victor-Manuel-Contreras-Cuernavaca-5.jpg 1600w\" sizes=\"(max-width: 1024px) 100vw, 1024px\" \/><\/figure>\n\n\n\n<figure class=\"wp-block-image size-large\"><img loading=\"lazy\" width=\"1024\" height=\"682\" data-id=\"28675\"  src=\"https:\/\/cuernavaca.gob.mx\/wp-content\/uploads\/2023\/05\/homenaje-postumo-Victor-Manuel-Contreras-Cuernavaca-6-1024x682.jpg\" alt=\"\" class=\"wp-image-28675\" srcset=\"https:\/\/cuernavaca.gob.mx\/wp-content\/uploads\/2023\/05\/homenaje-postumo-Victor-Manuel-Contreras-Cuernavaca-6-1024x682.jpg 1024w, https:\/\/cuernavaca.gob.mx\/wp-content\/uploads\/2023\/05\/homenaje-postumo-Victor-Manuel-Contreras-Cuernavaca-6-300x200.jpg 300w, https:\/\/cuernavaca.gob.mx\/wp-content\/uploads\/2023\/05\/homenaje-postumo-Victor-Manuel-Contreras-Cuernavaca-6-768x512.jpg 768w, https:\/\/cuernavaca.gob.mx\/wp-content\/uploads\/2023\/05\/homenaje-postumo-Victor-Manuel-Contreras-Cuernavaca-6-1536x1023.jpg 1536w, https:\/\/cuernavaca.gob.mx\/wp-content\/uploads\/2023\/05\/homenaje-postumo-Victor-Manuel-Contreras-Cuernavaca-6-600x400.jpg 600w, https:\/\/cuernavaca.gob.mx\/wp-content\/uploads\/2023\/05\/homenaje-postumo-Victor-Manuel-Contreras-Cuernavaca-6-560x373.jpg 560w, https:\/\/cuernavaca.gob.mx\/wp-content\/uploads\/2023\/05\/homenaje-postumo-Victor-Manuel-Contreras-Cuernavaca-6.jpg 1600w\" sizes=\"(max-width: 1024px) 100vw, 1024px\" \/><\/figure>\n\n\n\n<figure class=\"wp-block-image size-large\"><img loading=\"lazy\" width=\"1024\" height=\"682\" data-id=\"28670\"  src=\"https:\/\/cuernavaca.gob.mx\/wp-content\/uploads\/2023\/05\/homenaje-postumo-Victor-Manuel-Contreras-Cuernavaca-7-1024x682.jpg\" alt=\"\" class=\"wp-image-28670\" srcset=\"https:\/\/cuernavaca.gob.mx\/wp-content\/uploads\/2023\/05\/homenaje-postumo-Victor-Manuel-Contreras-Cuernavaca-7-1024x682.jpg 1024w, https:\/\/cuernavaca.gob.mx\/wp-content\/uploads\/2023\/05\/homenaje-postumo-Victor-Manuel-Contreras-Cuernavaca-7-300x200.jpg 300w, https:\/\/cuernavaca.gob.mx\/wp-content\/uploads\/2023\/05\/homenaje-postumo-Victor-Manuel-Contreras-Cuernavaca-7-768x512.jpg 768w, https:\/\/cuernavaca.gob.mx\/wp-content\/uploads\/2023\/05\/homenaje-postumo-Victor-Manuel-Contreras-Cuernavaca-7-1536x1023.jpg 1536w, https:\/\/cuernavaca.gob.mx\/wp-content\/uploads\/2023\/05\/homenaje-postumo-Victor-Manuel-Contreras-Cuernavaca-7-600x400.jpg 600w, https:\/\/cuernavaca.gob.mx\/wp-content\/uploads\/2023\/05\/homenaje-postumo-Victor-Manuel-Contreras-Cuernavaca-7-560x373.jpg 560w, https:\/\/cuernavaca.gob.mx\/wp-content\/uploads\/2023\/05\/homenaje-postumo-Victor-Manuel-Contreras-Cuernavaca-7.jpg 1600w\" sizes=\"(max-width: 1024px) 100vw, 1024px\" \/><\/figure>\n\n\n\n<figure class=\"wp-block-image size-large\"><img loading=\"lazy\" width=\"1024\" height=\"682\" data-id=\"28669\"  src=\"https:\/\/cuernavaca.gob.mx\/wp-content\/uploads\/2023\/05\/homenaje-postumo-Victor-Manuel-Contreras-Cuernavaca-8-1024x682.jpg\" alt=\"\" class=\"wp-image-28669\" srcset=\"https:\/\/cuernavaca.gob.mx\/wp-content\/uploads\/2023\/05\/homenaje-postumo-Victor-Manuel-Contreras-Cuernavaca-8-1024x682.jpg 1024w, https:\/\/cuernavaca.gob.mx\/wp-content\/uploads\/2023\/05\/homenaje-postumo-Victor-Manuel-Contreras-Cuernavaca-8-300x200.jpg 300w, https:\/\/cuernavaca.gob.mx\/wp-content\/uploads\/2023\/05\/homenaje-postumo-Victor-Manuel-Contreras-Cuernavaca-8-768x512.jpg 768w, https:\/\/cuernavaca.gob.mx\/wp-content\/uploads\/2023\/05\/homenaje-postumo-Victor-Manuel-Contreras-Cuernavaca-8-1536x1023.jpg 1536w, https:\/\/cuernavaca.gob.mx\/wp-content\/uploads\/2023\/05\/homenaje-postumo-Victor-Manuel-Contreras-Cuernavaca-8-600x400.jpg 600w, https:\/\/cuernavaca.gob.mx\/wp-content\/uploads\/2023\/05\/homenaje-postumo-Victor-Manuel-Contreras-Cuernavaca-8-560x373.jpg 560w, https:\/\/cuernavaca.gob.mx\/wp-content\/uploads\/2023\/05\/homenaje-postumo-Victor-Manuel-Contreras-Cuernavaca-8.jpg 1600w\" sizes=\"(max-width: 1024px) 100vw, 1024px\" \/><\/figure>\n\n\n\n<figure class=\"wp-block-image size-large\"><img loading=\"lazy\" width=\"1024\" height=\"682\" data-id=\"28673\"  src=\"https:\/\/cuernavaca.gob.mx\/wp-content\/uploads\/2023\/05\/homenaje-postumo-Victor-Manuel-Contreras-Cuernavaca-9-1024x682.jpg\" alt=\"\" class=\"wp-image-28673\" srcset=\"https:\/\/cuernavaca.gob.mx\/wp-content\/uploads\/2023\/05\/homenaje-postumo-Victor-Manuel-Contreras-Cuernavaca-9-1024x682.jpg 1024w, https:\/\/cuernavaca.gob.mx\/wp-content\/uploads\/2023\/05\/homenaje-postumo-Victor-Manuel-Contreras-Cuernavaca-9-300x200.jpg 300w, https:\/\/cuernavaca.gob.mx\/wp-content\/uploads\/2023\/05\/homenaje-postumo-Victor-Manuel-Contreras-Cuernavaca-9-768x512.jpg 768w, https:\/\/cuernavaca.gob.mx\/wp-content\/uploads\/2023\/05\/homenaje-postumo-Victor-Manuel-Contreras-Cuernavaca-9-1536x1023.jpg 1536w, https:\/\/cuernavaca.gob.mx\/wp-content\/uploads\/2023\/05\/homenaje-postumo-Victor-Manuel-Contreras-Cuernavaca-9-600x400.jpg 600w, https:\/\/cuernavaca.gob.mx\/wp-content\/uploads\/2023\/05\/homenaje-postumo-Victor-Manuel-Contreras-Cuernavaca-9-560x373.jpg 560w, https:\/\/cuernavaca.gob.mx\/wp-content\/uploads\/2023\/05\/homenaje-postumo-Victor-Manuel-Contreras-Cuernavaca-9.jpg 1600w\" sizes=\"(max-width: 1024px) 100vw, 1024px\" \/><\/figure>\n\n\n\n<figure class=\"wp-block-image size-large\"><img loading=\"lazy\" width=\"1024\" height=\"682\" data-id=\"28671\"  src=\"https:\/\/cuernavaca.gob.mx\/wp-content\/uploads\/2023\/05\/homenaje-postumo-Victor-Manuel-Contreras-Cuernavaca-10-1024x682.jpg\" alt=\"\" class=\"wp-image-28671\" srcset=\"https:\/\/cuernavaca.gob.mx\/wp-content\/uploads\/2023\/05\/homenaje-postumo-Victor-Manuel-Contreras-Cuernavaca-10-1024x682.jpg 1024w, https:\/\/cuernavaca.gob.mx\/wp-content\/uploads\/2023\/05\/homenaje-postumo-Victor-Manuel-Contreras-Cuernavaca-10-300x200.jpg 300w, https:\/\/cuernavaca.gob.mx\/wp-content\/uploads\/2023\/05\/homenaje-postumo-Victor-Manuel-Contreras-Cuernavaca-10-768x512.jpg 768w, https:\/\/cuernavaca.gob.mx\/wp-content\/uploads\/2023\/05\/homenaje-postumo-Victor-Manuel-Contreras-Cuernavaca-10-1536x1023.jpg 1536w, https:\/\/cuernavaca.gob.mx\/wp-content\/uploads\/2023\/05\/homenaje-postumo-Victor-Manuel-Contreras-Cuernavaca-10-600x400.jpg 600w, https:\/\/cuernavaca.gob.mx\/wp-content\/uploads\/2023\/05\/homenaje-postumo-Victor-Manuel-Contreras-Cuernavaca-10-560x373.jpg 560w, https:\/\/cuernavaca.gob.mx\/wp-content\/uploads\/2023\/05\/homenaje-postumo-Victor-Manuel-Contreras-Cuernavaca-10.jpg 1600w\" sizes=\"(max-width: 1024px) 100vw, 1024px\" \/><\/figure>\n\n\n\n<figure class=\"wp-block-image size-large\"><img loading=\"lazy\" width=\"1024\" height=\"682\" data-id=\"28677\"  src=\"https:\/\/cuernavaca.gob.mx\/wp-content\/uploads\/2023\/05\/homenaje-postumo-Victor-Manuel-Contreras-Cuernavaca-11-1024x682.jpg\" alt=\"\" class=\"wp-image-28677\" srcset=\"https:\/\/cuernavaca.gob.mx\/wp-content\/uploads\/2023\/05\/homenaje-postumo-Victor-Manuel-Contreras-Cuernavaca-11-1024x682.jpg 1024w, https:\/\/cuernavaca.gob.mx\/wp-content\/uploads\/2023\/05\/homenaje-postumo-Victor-Manuel-Contreras-Cuernavaca-11-300x200.jpg 300w, https:\/\/cuernavaca.gob.mx\/wp-content\/uploads\/2023\/05\/homenaje-postumo-Victor-Manuel-Contreras-Cuernavaca-11-768x512.jpg 768w, https:\/\/cuernavaca.gob.mx\/wp-content\/uploads\/2023\/05\/homenaje-postumo-Victor-Manuel-Contreras-Cuernavaca-11-1536x1023.jpg 1536w, https:\/\/cuernavaca.gob.mx\/wp-content\/uploads\/2023\/05\/homenaje-postumo-Victor-Manuel-Contreras-Cuernavaca-11-600x400.jpg 600w, https:\/\/cuernavaca.gob.mx\/wp-content\/uploads\/2023\/05\/homenaje-postumo-Victor-Manuel-Contreras-Cuernavaca-11-560x373.jpg 560w, https:\/\/cuernavaca.gob.mx\/wp-content\/uploads\/2023\/05\/homenaje-postumo-Victor-Manuel-Contreras-Cuernavaca-11.jpg 1600w\" sizes=\"(max-width: 1024px) 100vw, 1024px\" \/><\/figure>\n\n\n\n<figure class=\"wp-block-image size-large\"><img loading=\"lazy\" width=\"1024\" height=\"682\" data-id=\"28678\"  src=\"https:\/\/cuernavaca.gob.mx\/wp-content\/uploads\/2023\/05\/homenaje-postumo-Victor-Manuel-Contreras-Cuernavaca-12-1024x682.jpg\" alt=\"\" class=\"wp-image-28678\" srcset=\"https:\/\/cuernavaca.gob.mx\/wp-content\/uploads\/2023\/05\/homenaje-postumo-Victor-Manuel-Contreras-Cuernavaca-12-1024x682.jpg 1024w, https:\/\/cuernavaca.gob.mx\/wp-content\/uploads\/2023\/05\/homenaje-postumo-Victor-Manuel-Contreras-Cuernavaca-12-300x200.jpg 300w, https:\/\/cuernavaca.gob.mx\/wp-content\/uploads\/2023\/05\/homenaje-postumo-Victor-Manuel-Contreras-Cuernavaca-12-768x512.jpg 768w, https:\/\/cuernavaca.gob.mx\/wp-content\/uploads\/2023\/05\/homenaje-postumo-Victor-Manuel-Contreras-Cuernavaca-12-1536x1023.jpg 1536w, https:\/\/cuernavaca.gob.mx\/wp-content\/uploads\/2023\/05\/homenaje-postumo-Victor-Manuel-Contreras-Cuernavaca-12-600x400.jpg 600w, https:\/\/cuernavaca.gob.mx\/wp-content\/uploads\/2023\/05\/homenaje-postumo-Victor-Manuel-Contreras-Cuernavaca-12-560x373.jpg 560w, https:\/\/cuernavaca.gob.mx\/wp-content\/uploads\/2023\/05\/homenaje-postumo-Victor-Manuel-Contreras-Cuernavaca-12.jpg 1600w\" sizes=\"(max-width: 1024px) 100vw, 1024px\" \/><\/figure>\n\n\n\n<figure class=\"wp-block-image size-large\"><img loading=\"lazy\" width=\"1024\" height=\"682\" data-id=\"28679\"  src=\"https:\/\/cuernavaca.gob.mx\/wp-content\/uploads\/2023\/05\/homenaje-postumo-Victor-Manuel-Contreras-Cuernavaca-13-1024x682.jpg\" alt=\"\" class=\"wp-image-28679\" srcset=\"https:\/\/cuernavaca.gob.mx\/wp-content\/uploads\/2023\/05\/homenaje-postumo-Victor-Manuel-Contreras-Cuernavaca-13-1024x682.jpg 1024w, https:\/\/cuernavaca.gob.mx\/wp-content\/uploads\/2023\/05\/homenaje-postumo-Victor-Manuel-Contreras-Cuernavaca-13-300x200.jpg 300w, https:\/\/cuernavaca.gob.mx\/wp-content\/uploads\/2023\/05\/homenaje-postumo-Victor-Manuel-Contreras-Cuernavaca-13-768x512.jpg 768w, https:\/\/cuernavaca.gob.mx\/wp-content\/uploads\/2023\/05\/homenaje-postumo-Victor-Manuel-Contreras-Cuernavaca-13-1536x1023.jpg 1536w, https:\/\/cuernavaca.gob.mx\/wp-content\/uploads\/2023\/05\/homenaje-postumo-Victor-Manuel-Contreras-Cuernavaca-13-600x400.jpg 600w, https:\/\/cuernavaca.gob.mx\/wp-content\/uploads\/2023\/05\/homenaje-postumo-Victor-Manuel-Contreras-Cuernavaca-13-560x373.jpg 560w, https:\/\/cuernavaca.gob.mx\/wp-content\/uploads\/2023\/05\/homenaje-postumo-Victor-Manuel-Contreras-Cuernavaca-13.jpg 1600w\" sizes=\"(max-width: 1024px) 100vw, 1024px\" \/><\/figure>\n\n\n\n<figure class=\"wp-block-image size-large\"><img loading=\"lazy\" width=\"1024\" height=\"682\" data-id=\"28681\"  src=\"https:\/\/cuernavaca.gob.mx\/wp-content\/uploads\/2023\/05\/homenaje-postumo-Victor-Manuel-Contreras-Cuernavaca-14-1024x682.jpg\" alt=\"\" class=\"wp-image-28681\" srcset=\"https:\/\/cuernavaca.gob.mx\/wp-content\/uploads\/2023\/05\/homenaje-postumo-Victor-Manuel-Contreras-Cuernavaca-14-1024x682.jpg 1024w, https:\/\/cuernavaca.gob.mx\/wp-content\/uploads\/2023\/05\/homenaje-postumo-Victor-Manuel-Contreras-Cuernavaca-14-300x200.jpg 300w, https:\/\/cuernavaca.gob.mx\/wp-content\/uploads\/2023\/05\/homenaje-postumo-Victor-Manuel-Contreras-Cuernavaca-14-768x512.jpg 768w, https:\/\/cuernavaca.gob.mx\/wp-content\/uploads\/2023\/05\/homenaje-postumo-Victor-Manuel-Contreras-Cuernavaca-14-1536x1023.jpg 1536w, https:\/\/cuernavaca.gob.mx\/wp-content\/uploads\/2023\/05\/homenaje-postumo-Victor-Manuel-Contreras-Cuernavaca-14-600x400.jpg 600w, https:\/\/cuernavaca.gob.mx\/wp-content\/uploads\/2023\/05\/homenaje-postumo-Victor-Manuel-Contreras-Cuernavaca-14-560x373.jpg 560w, https:\/\/cuernavaca.gob.mx\/wp-content\/uploads\/2023\/05\/homenaje-postumo-Victor-Manuel-Contreras-Cuernavaca-14.jpg 1600w\" sizes=\"(max-width: 1024px) 100vw, 1024px\" \/><\/figure>\n\n\n\n<figure class=\"wp-block-image size-large\"><img loading=\"lazy\" width=\"1024\" height=\"683\" data-id=\"28683\"  src=\"https:\/\/cuernavaca.gob.mx\/wp-content\/uploads\/2023\/05\/homenaje-postumo-Victor-Manuel-Contreras-Cuernavaca-15-1024x683.jpg\" alt=\"\" class=\"wp-image-28683\" srcset=\"https:\/\/cuernavaca.gob.mx\/wp-content\/uploads\/2023\/05\/homenaje-postumo-Victor-Manuel-Contreras-Cuernavaca-15-1024x683.jpg 1024w, https:\/\/cuernavaca.gob.mx\/wp-content\/uploads\/2023\/05\/homenaje-postumo-Victor-Manuel-Contreras-Cuernavaca-15-300x200.jpg 300w, https:\/\/cuernavaca.gob.mx\/wp-content\/uploads\/2023\/05\/homenaje-postumo-Victor-Manuel-Contreras-Cuernavaca-15-768x512.jpg 768w, https:\/\/cuernavaca.gob.mx\/wp-content\/uploads\/2023\/05\/homenaje-postumo-Victor-Manuel-Contreras-Cuernavaca-15-1536x1024.jpg 1536w, https:\/\/cuernavaca.gob.mx\/wp-content\/uploads\/2023\/05\/homenaje-postumo-Victor-Manuel-Contreras-Cuernavaca-15-600x400.jpg 600w, https:\/\/cuernavaca.gob.mx\/wp-content\/uploads\/2023\/05\/homenaje-postumo-Victor-Manuel-Contreras-Cuernavaca-15-560x373.jpg 560w, https:\/\/cuernavaca.gob.mx\/wp-content\/uploads\/2023\/05\/homenaje-postumo-Victor-Manuel-Contreras-Cuernavaca-15.jpg 1599w\" sizes=\"(max-width: 1024px) 100vw, 1024px\" \/><\/figure>\n\n\n\n<figure class=\"wp-block-image size-large\"><img loading=\"lazy\" width=\"1024\" height=\"682\" data-id=\"28682\"  src=\"https:\/\/cuernavaca.gob.mx\/wp-content\/uploads\/2023\/05\/homenaje-postumo-Victor-Manuel-Contreras-Cuernavaca-16-1024x682.jpg\" alt=\"\" class=\"wp-image-28682\" srcset=\"https:\/\/cuernavaca.gob.mx\/wp-content\/uploads\/2023\/05\/homenaje-postumo-Victor-Manuel-Contreras-Cuernavaca-16-1024x682.jpg 1024w, https:\/\/cuernavaca.gob.mx\/wp-content\/uploads\/2023\/05\/homenaje-postumo-Victor-Manuel-Contreras-Cuernavaca-16-300x200.jpg 300w, https:\/\/cuernavaca.gob.mx\/wp-content\/uploads\/2023\/05\/homenaje-postumo-Victor-Manuel-Contreras-Cuernavaca-16-768x512.jpg 768w, https:\/\/cuernavaca.gob.mx\/wp-content\/uploads\/2023\/05\/homenaje-postumo-Victor-Manuel-Contreras-Cuernavaca-16-1536x1023.jpg 1536w, https:\/\/cuernavaca.gob.mx\/wp-content\/uploads\/2023\/05\/homenaje-postumo-Victor-Manuel-Contreras-Cuernavaca-16-600x400.jpg 600w, https:\/\/cuernavaca.gob.mx\/wp-content\/uploads\/2023\/05\/homenaje-postumo-Victor-Manuel-Contreras-Cuernavaca-16-560x373.jpg 560w, https:\/\/cuernavaca.gob.mx\/wp-content\/uploads\/2023\/05\/homenaje-postumo-Victor-Manuel-Contreras-Cuernavaca-16.jpg 1600w\" sizes=\"(max-width: 1024px) 100vw, 1024px\" \/><\/figure>\n\n\n\n<figure class=\"wp-block-image size-large\"><img loading=\"lazy\" width=\"1024\" height=\"682\" data-id=\"28680\"  src=\"https:\/\/cuernavaca.gob.mx\/wp-content\/uploads\/2023\/05\/homenaje-postumo-Victor-Manuel-Contreras-Cuernavaca-17-1024x682.jpg\" alt=\"\" class=\"wp-image-28680\" srcset=\"https:\/\/cuernavaca.gob.mx\/wp-content\/uploads\/2023\/05\/homenaje-postumo-Victor-Manuel-Contreras-Cuernavaca-17-1024x682.jpg 1024w, https:\/\/cuernavaca.gob.mx\/wp-content\/uploads\/2023\/05\/homenaje-postumo-Victor-Manuel-Contreras-Cuernavaca-17-300x200.jpg 300w, https:\/\/cuernavaca.gob.mx\/wp-content\/uploads\/2023\/05\/homenaje-postumo-Victor-Manuel-Contreras-Cuernavaca-17-768x512.jpg 768w, https:\/\/cuernavaca.gob.mx\/wp-content\/uploads\/2023\/05\/homenaje-postumo-Victor-Manuel-Contreras-Cuernavaca-17-1536x1023.jpg 1536w, https:\/\/cuernavaca.gob.mx\/wp-content\/uploads\/2023\/05\/homenaje-postumo-Victor-Manuel-Contreras-Cuernavaca-17-600x400.jpg 600w, https:\/\/cuernavaca.gob.mx\/wp-content\/uploads\/2023\/05\/homenaje-postumo-Victor-Manuel-Contreras-Cuernavaca-17-560x373.jpg 560w, https:\/\/cuernavaca.gob.mx\/wp-content\/uploads\/2023\/05\/homenaje-postumo-Victor-Manuel-Contreras-Cuernavaca-17.jpg 1600w\" sizes=\"(max-width: 1024px) 100vw, 1024px\" \/><\/figure>\n\n\n\n<figure class=\"wp-block-image size-large\"><img loading=\"lazy\" width=\"1024\" height=\"682\" data-id=\"28689\"  src=\"https:\/\/cuernavaca.gob.mx\/wp-content\/uploads\/2023\/05\/homenaje-postumo-Victor-Manuel-Contreras-Cuernavaca-18-1024x682.jpg\" alt=\"\" class=\"wp-image-28689\" srcset=\"https:\/\/cuernavaca.gob.mx\/wp-content\/uploads\/2023\/05\/homenaje-postumo-Victor-Manuel-Contreras-Cuernavaca-18-1024x682.jpg 1024w, https:\/\/cuernavaca.gob.mx\/wp-content\/uploads\/2023\/05\/homenaje-postumo-Victor-Manuel-Contreras-Cuernavaca-18-300x200.jpg 300w, https:\/\/cuernavaca.gob.mx\/wp-content\/uploads\/2023\/05\/homenaje-postumo-Victor-Manuel-Contreras-Cuernavaca-18-768x512.jpg 768w, https:\/\/cuernavaca.gob.mx\/wp-content\/uploads\/2023\/05\/homenaje-postumo-Victor-Manuel-Contreras-Cuernavaca-18-1536x1023.jpg 1536w, https:\/\/cuernavaca.gob.mx\/wp-content\/uploads\/2023\/05\/homenaje-postumo-Victor-Manuel-Contreras-Cuernavaca-18-600x400.jpg 600w, https:\/\/cuernavaca.gob.mx\/wp-content\/uploads\/2023\/05\/homenaje-postumo-Victor-Manuel-Contreras-Cuernavaca-18-560x373.jpg 560w, https:\/\/cuernavaca.gob.mx\/wp-content\/uploads\/2023\/05\/homenaje-postumo-Victor-Manuel-Contreras-Cuernavaca-18.jpg 1600w\" sizes=\"(max-width: 1024px) 100vw, 1024px\" \/><\/figure>\n\n\n\n<figure class=\"wp-block-image size-large\"><img loading=\"lazy\" width=\"1024\" height=\"682\" data-id=\"28691\"  src=\"https:\/\/cuernavaca.gob.mx\/wp-content\/uploads\/2023\/05\/homenaje-postumo-Victor-Manuel-Contreras-Cuernavaca-19-1024x682.jpg\" alt=\"\" class=\"wp-image-28691\" srcset=\"https:\/\/cuernavaca.gob.mx\/wp-content\/uploads\/2023\/05\/homenaje-postumo-Victor-Manuel-Contreras-Cuernavaca-19-1024x682.jpg 1024w, https:\/\/cuernavaca.gob.mx\/wp-content\/uploads\/2023\/05\/homenaje-postumo-Victor-Manuel-Contreras-Cuernavaca-19-300x200.jpg 300w, https:\/\/cuernavaca.gob.mx\/wp-content\/uploads\/2023\/05\/homenaje-postumo-Victor-Manuel-Contreras-Cuernavaca-19-768x512.jpg 768w, https:\/\/cuernavaca.gob.mx\/wp-content\/uploads\/2023\/05\/homenaje-postumo-Victor-Manuel-Contreras-Cuernavaca-19-1536x1023.jpg 1536w, https:\/\/cuernavaca.gob.mx\/wp-content\/uploads\/2023\/05\/homenaje-postumo-Victor-Manuel-Contreras-Cuernavaca-19-600x400.jpg 600w, https:\/\/cuernavaca.gob.mx\/wp-content\/uploads\/2023\/05\/homenaje-postumo-Victor-Manuel-Contreras-Cuernavaca-19-560x373.jpg 560w, https:\/\/cuernavaca.gob.mx\/wp-content\/uploads\/2023\/05\/homenaje-postumo-Victor-Manuel-Contreras-Cuernavaca-19.jpg 1600w\" sizes=\"(max-width: 1024px) 100vw, 1024px\" \/><\/figure>\n\n\n\n<figure class=\"wp-block-image size-large\"><img loading=\"lazy\" width=\"1024\" height=\"682\" data-id=\"28686\"  src=\"https:\/\/cuernavaca.gob.mx\/wp-content\/uploads\/2023\/05\/homenaje-postumo-Victor-Manuel-Contreras-Cuernavaca-20-1024x682.jpg\" alt=\"\" class=\"wp-image-28686\" srcset=\"https:\/\/cuernavaca.gob.mx\/wp-content\/uploads\/2023\/05\/homenaje-postumo-Victor-Manuel-Contreras-Cuernavaca-20-1024x682.jpg 1024w, https:\/\/cuernavaca.gob.mx\/wp-content\/uploads\/2023\/05\/homenaje-postumo-Victor-Manuel-Contreras-Cuernavaca-20-300x200.jpg 300w, https:\/\/cuernavaca.gob.mx\/wp-content\/uploads\/2023\/05\/homenaje-postumo-Victor-Manuel-Contreras-Cuernavaca-20-768x512.jpg 768w, https:\/\/cuernavaca.gob.mx\/wp-content\/uploads\/2023\/05\/homenaje-postumo-Victor-Manuel-Contreras-Cuernavaca-20-1536x1023.jpg 1536w, https:\/\/cuernavaca.gob.mx\/wp-content\/uploads\/2023\/05\/homenaje-postumo-Victor-Manuel-Contreras-Cuernavaca-20-600x400.jpg 600w, https:\/\/cuernavaca.gob.mx\/wp-content\/uploads\/2023\/05\/homenaje-postumo-Victor-Manuel-Contreras-Cuernavaca-20-560x373.jpg 560w, https:\/\/cuernavaca.gob.mx\/wp-content\/uploads\/2023\/05\/homenaje-postumo-Victor-Manuel-Contreras-Cuernavaca-20.jpg 1600w\" sizes=\"(max-width: 1024px) 100vw, 1024px\" \/><\/figure>\n\n\n\n<figure class=\"wp-block-image size-large\"><img loading=\"lazy\" width=\"1024\" height=\"683\" data-id=\"28684\"  src=\"https:\/\/cuernavaca.gob.mx\/wp-content\/uploads\/2023\/05\/homenaje-postumo-Victor-Manuel-Contreras-Cuernavaca-21-1024x683.jpg\" alt=\"\" class=\"wp-image-28684\" srcset=\"https:\/\/cuernavaca.gob.mx\/wp-content\/uploads\/2023\/05\/homenaje-postumo-Victor-Manuel-Contreras-Cuernavaca-21-1024x683.jpg 1024w, https:\/\/cuernavaca.gob.mx\/wp-content\/uploads\/2023\/05\/homenaje-postumo-Victor-Manuel-Contreras-Cuernavaca-21-300x200.jpg 300w, https:\/\/cuernavaca.gob.mx\/wp-content\/uploads\/2023\/05\/homenaje-postumo-Victor-Manuel-Contreras-Cuernavaca-21-768x512.jpg 768w, https:\/\/cuernavaca.gob.mx\/wp-content\/uploads\/2023\/05\/homenaje-postumo-Victor-Manuel-Contreras-Cuernavaca-21-1536x1024.jpg 1536w, https:\/\/cuernavaca.gob.mx\/wp-content\/uploads\/2023\/05\/homenaje-postumo-Victor-Manuel-Contreras-Cuernavaca-21-600x400.jpg 600w, https:\/\/cuernavaca.gob.mx\/wp-content\/uploads\/2023\/05\/homenaje-postumo-Victor-Manuel-Contreras-Cuernavaca-21-560x373.jpg 560w, https:\/\/cuernavaca.gob.mx\/wp-content\/uploads\/2023\/05\/homenaje-postumo-Victor-Manuel-Contreras-Cuernavaca-21.jpg 1599w\" sizes=\"(max-width: 1024px) 100vw, 1024px\" \/><\/figure>\n\n\n\n<figure class=\"wp-block-image size-large\"><img loading=\"lazy\" width=\"1024\" height=\"682\" data-id=\"28690\"  src=\"https:\/\/cuernavaca.gob.mx\/wp-content\/uploads\/2023\/05\/homenaje-postumo-Victor-Manuel-Contreras-Cuernavaca-22-1024x682.jpg\" alt=\"\" class=\"wp-image-28690\" srcset=\"https:\/\/cuernavaca.gob.mx\/wp-content\/uploads\/2023\/05\/homenaje-postumo-Victor-Manuel-Contreras-Cuernavaca-22-1024x682.jpg 1024w, https:\/\/cuernavaca.gob.mx\/wp-content\/uploads\/2023\/05\/homenaje-postumo-Victor-Manuel-Contreras-Cuernavaca-22-300x200.jpg 300w, https:\/\/cuernavaca.gob.mx\/wp-content\/uploads\/2023\/05\/homenaje-postumo-Victor-Manuel-Contreras-Cuernavaca-22-768x512.jpg 768w, https:\/\/cuernavaca.gob.mx\/wp-content\/uploads\/2023\/05\/homenaje-postumo-Victor-Manuel-Contreras-Cuernavaca-22-1536x1023.jpg 1536w, https:\/\/cuernavaca.gob.mx\/wp-content\/uploads\/2023\/05\/homenaje-postumo-Victor-Manuel-Contreras-Cuernavaca-22-600x400.jpg 600w, https:\/\/cuernavaca.gob.mx\/wp-content\/uploads\/2023\/05\/homenaje-postumo-Victor-Manuel-Contreras-Cuernavaca-22-560x373.jpg 560w, https:\/\/cuernavaca.gob.mx\/wp-content\/uploads\/2023\/05\/homenaje-postumo-Victor-Manuel-Contreras-Cuernavaca-22.jpg 1600w\" sizes=\"(max-width: 1024px) 100vw, 1024px\" \/><\/figure>\n\n\n\n<figure class=\"wp-block-image size-large\"><img loading=\"lazy\" width=\"1024\" height=\"682\" data-id=\"28685\"  src=\"https:\/\/cuernavaca.gob.mx\/wp-content\/uploads\/2023\/05\/homenaje-postumo-Victor-Manuel-Contreras-Cuernavaca-23-1024x682.jpg\" alt=\"\" class=\"wp-image-28685\" srcset=\"https:\/\/cuernavaca.gob.mx\/wp-content\/uploads\/2023\/05\/homenaje-postumo-Victor-Manuel-Contreras-Cuernavaca-23-1024x682.jpg 1024w, https:\/\/cuernavaca.gob.mx\/wp-content\/uploads\/2023\/05\/homenaje-postumo-Victor-Manuel-Contreras-Cuernavaca-23-300x200.jpg 300w, https:\/\/cuernavaca.gob.mx\/wp-content\/uploads\/2023\/05\/homenaje-postumo-Victor-Manuel-Contreras-Cuernavaca-23-768x512.jpg 768w, https:\/\/cuernavaca.gob.mx\/wp-content\/uploads\/2023\/05\/homenaje-postumo-Victor-Manuel-Contreras-Cuernavaca-23-1536x1023.jpg 1536w, https:\/\/cuernavaca.gob.mx\/wp-content\/uploads\/2023\/05\/homenaje-postumo-Victor-Manuel-Contreras-Cuernavaca-23-600x400.jpg 600w, https:\/\/cuernavaca.gob.mx\/wp-content\/uploads\/2023\/05\/homenaje-postumo-Victor-Manuel-Contreras-Cuernavaca-23-560x373.jpg 560w, https:\/\/cuernavaca.gob.mx\/wp-content\/uploads\/2023\/05\/homenaje-postumo-Victor-Manuel-Contreras-Cuernavaca-23.jpg 1600w\" sizes=\"(max-width: 1024px) 100vw, 1024px\" \/><\/figure>\n\n\n\n<figure class=\"wp-block-image size-large\"><img loading=\"lazy\" width=\"1024\" height=\"682\" data-id=\"28695\"  src=\"https:\/\/cuernavaca.gob.mx\/wp-content\/uploads\/2023\/05\/homenaje-postumo-Victor-Manuel-Contreras-Cuernavaca-24-1024x682.jpg\" alt=\"\" class=\"wp-image-28695\" srcset=\"https:\/\/cuernavaca.gob.mx\/wp-content\/uploads\/2023\/05\/homenaje-postumo-Victor-Manuel-Contreras-Cuernavaca-24-1024x682.jpg 1024w, https:\/\/cuernavaca.gob.mx\/wp-content\/uploads\/2023\/05\/homenaje-postumo-Victor-Manuel-Contreras-Cuernavaca-24-300x200.jpg 300w, https:\/\/cuernavaca.gob.mx\/wp-content\/uploads\/2023\/05\/homenaje-postumo-Victor-Manuel-Contreras-Cuernavaca-24-768x512.jpg 768w, https:\/\/cuernavaca.gob.mx\/wp-content\/uploads\/2023\/05\/homenaje-postumo-Victor-Manuel-Contreras-Cuernavaca-24-1536x1023.jpg 1536w, https:\/\/cuernavaca.gob.mx\/wp-content\/uploads\/2023\/05\/homenaje-postumo-Victor-Manuel-Contreras-Cuernavaca-24-600x400.jpg 600w, https:\/\/cuernavaca.gob.mx\/wp-content\/uploads\/2023\/05\/homenaje-postumo-Victor-Manuel-Contreras-Cuernavaca-24-560x373.jpg 560w, https:\/\/cuernavaca.gob.mx\/wp-content\/uploads\/2023\/05\/homenaje-postumo-Victor-Manuel-Contreras-Cuernavaca-24.jpg 1600w\" sizes=\"(max-width: 1024px) 100vw, 1024px\" \/><\/figure>\n\n\n\n<figure class=\"wp-block-image size-large\"><img loading=\"lazy\" width=\"1024\" height=\"682\" data-id=\"28687\"  src=\"https:\/\/cuernavaca.gob.mx\/wp-content\/uploads\/2023\/05\/homenaje-postumo-Victor-Manuel-Contreras-Cuernavaca-25-1024x682.jpg\" alt=\"\" class=\"wp-image-28687\" srcset=\"https:\/\/cuernavaca.gob.mx\/wp-content\/uploads\/2023\/05\/homenaje-postumo-Victor-Manuel-Contreras-Cuernavaca-25-1024x682.jpg 1024w, https:\/\/cuernavaca.gob.mx\/wp-content\/uploads\/2023\/05\/homenaje-postumo-Victor-Manuel-Contreras-Cuernavaca-25-300x200.jpg 300w, https:\/\/cuernavaca.gob.mx\/wp-content\/uploads\/2023\/05\/homenaje-postumo-Victor-Manuel-Contreras-Cuernavaca-25-768x512.jpg 768w, https:\/\/cuernavaca.gob.mx\/wp-content\/uploads\/2023\/05\/homenaje-postumo-Victor-Manuel-Contreras-Cuernavaca-25-1536x1023.jpg 1536w, https:\/\/cuernavaca.gob.mx\/wp-content\/uploads\/2023\/05\/homenaje-postumo-Victor-Manuel-Contreras-Cuernavaca-25-600x400.jpg 600w, https:\/\/cuernavaca.gob.mx\/wp-content\/uploads\/2023\/05\/homenaje-postumo-Victor-Manuel-Contreras-Cuernavaca-25-560x373.jpg 560w, https:\/\/cuernavaca.gob.mx\/wp-content\/uploads\/2023\/05\/homenaje-postumo-Victor-Manuel-Contreras-Cuernavaca-25.jpg 1600w\" sizes=\"(max-width: 1024px) 100vw, 1024px\" \/><\/figure>\n\n\n\n<figure class=\"wp-block-image size-large\"><img loading=\"lazy\" width=\"1024\" height=\"682\" data-id=\"28688\"  src=\"https:\/\/cuernavaca.gob.mx\/wp-content\/uploads\/2023\/05\/homenaje-postumo-Victor-Manuel-Contreras-Cuernavaca-26-1024x682.jpg\" alt=\"\" class=\"wp-image-28688\" srcset=\"https:\/\/cuernavaca.gob.mx\/wp-content\/uploads\/2023\/05\/homenaje-postumo-Victor-Manuel-Contreras-Cuernavaca-26-1024x682.jpg 1024w, https:\/\/cuernavaca.gob.mx\/wp-content\/uploads\/2023\/05\/homenaje-postumo-Victor-Manuel-Contreras-Cuernavaca-26-300x200.jpg 300w, https:\/\/cuernavaca.gob.mx\/wp-content\/uploads\/2023\/05\/homenaje-postumo-Victor-Manuel-Contreras-Cuernavaca-26-768x512.jpg 768w, https:\/\/cuernavaca.gob.mx\/wp-content\/uploads\/2023\/05\/homenaje-postumo-Victor-Manuel-Contreras-Cuernavaca-26-1536x1023.jpg 1536w, https:\/\/cuernavaca.gob.mx\/wp-content\/uploads\/2023\/05\/homenaje-postumo-Victor-Manuel-Contreras-Cuernavaca-26-600x400.jpg 600w, https:\/\/cuernavaca.gob.mx\/wp-content\/uploads\/2023\/05\/homenaje-postumo-Victor-Manuel-Contreras-Cuernavaca-26-560x373.jpg 560w, https:\/\/cuernavaca.gob.mx\/wp-content\/uploads\/2023\/05\/homenaje-postumo-Victor-Manuel-Contreras-Cuernavaca-26.jpg 1600w\" sizes=\"(max-width: 1024px) 100vw, 1024px\" \/><\/figure>\n\n\n\n<figure class=\"wp-block-image size-large\"><img loading=\"lazy\" width=\"1024\" height=\"682\" data-id=\"28693\"  src=\"https:\/\/cuernavaca.gob.mx\/wp-content\/uploads\/2023\/05\/homenaje-postumo-Victor-Manuel-Contreras-Cuernavaca-27-1024x682.jpg\" alt=\"\" class=\"wp-image-28693\" srcset=\"https:\/\/cuernavaca.gob.mx\/wp-content\/uploads\/2023\/05\/homenaje-postumo-Victor-Manuel-Contreras-Cuernavaca-27-1024x682.jpg 1024w, https:\/\/cuernavaca.gob.mx\/wp-content\/uploads\/2023\/05\/homenaje-postumo-Victor-Manuel-Contreras-Cuernavaca-27-300x200.jpg 300w, https:\/\/cuernavaca.gob.mx\/wp-content\/uploads\/2023\/05\/homenaje-postumo-Victor-Manuel-Contreras-Cuernavaca-27-768x512.jpg 768w, https:\/\/cuernavaca.gob.mx\/wp-content\/uploads\/2023\/05\/homenaje-postumo-Victor-Manuel-Contreras-Cuernavaca-27-1536x1023.jpg 1536w, https:\/\/cuernavaca.gob.mx\/wp-content\/uploads\/2023\/05\/homenaje-postumo-Victor-Manuel-Contreras-Cuernavaca-27-600x400.jpg 600w, https:\/\/cuernavaca.gob.mx\/wp-content\/uploads\/2023\/05\/homenaje-postumo-Victor-Manuel-Contreras-Cuernavaca-27-560x373.jpg 560w, https:\/\/cuernavaca.gob.mx\/wp-content\/uploads\/2023\/05\/homenaje-postumo-Victor-Manuel-Contreras-Cuernavaca-27.jpg 1600w\" sizes=\"(max-width: 1024px) 100vw, 1024px\" \/><\/figure>\n\n\n\n<figure class=\"wp-block-image size-large\"><img loading=\"lazy\" width=\"1024\" height=\"682\" data-id=\"28692\"  src=\"https:\/\/cuernavaca.gob.mx\/wp-content\/uploads\/2023\/05\/homenaje-postumo-Victor-Manuel-Contreras-Cuernavaca-28-1024x682.jpg\" alt=\"\" class=\"wp-image-28692\" srcset=\"https:\/\/cuernavaca.gob.mx\/wp-content\/uploads\/2023\/05\/homenaje-postumo-Victor-Manuel-Contreras-Cuernavaca-28-1024x682.jpg 1024w, https:\/\/cuernavaca.gob.mx\/wp-content\/uploads\/2023\/05\/homenaje-postumo-Victor-Manuel-Contreras-Cuernavaca-28-300x200.jpg 300w, https:\/\/cuernavaca.gob.mx\/wp-content\/uploads\/2023\/05\/homenaje-postumo-Victor-Manuel-Contreras-Cuernavaca-28-768x512.jpg 768w, https:\/\/cuernavaca.gob.mx\/wp-content\/uploads\/2023\/05\/homenaje-postumo-Victor-Manuel-Contreras-Cuernavaca-28-1536x1023.jpg 1536w, https:\/\/cuernavaca.gob.mx\/wp-content\/uploads\/2023\/05\/homenaje-postumo-Victor-Manuel-Contreras-Cuernavaca-28-600x400.jpg 600w, https:\/\/cuernavaca.gob.mx\/wp-content\/uploads\/2023\/05\/homenaje-postumo-Victor-Manuel-Contreras-Cuernavaca-28-560x373.jpg 560w, https:\/\/cuernavaca.gob.mx\/wp-content\/uploads\/2023\/05\/homenaje-postumo-Victor-Manuel-Contreras-Cuernavaca-28.jpg 1600w\" sizes=\"(max-width: 1024px) 100vw, 1024px\" \/><\/figure>\n\n\n\n<figure class=\"wp-block-image size-large\"><img loading=\"lazy\" width=\"1024\" height=\"682\" data-id=\"28694\"  src=\"https:\/\/cuernavaca.gob.mx\/wp-content\/uploads\/2023\/05\/homenaje-postumo-Victor-Manuel-Contreras-Cuernavaca-29-1024x682.jpg\" alt=\"\" class=\"wp-image-28694\" srcset=\"https:\/\/cuernavaca.gob.mx\/wp-content\/uploads\/2023\/05\/homenaje-postumo-Victor-Manuel-Contreras-Cuernavaca-29-1024x682.jpg 1024w, https:\/\/cuernavaca.gob.mx\/wp-content\/uploads\/2023\/05\/homenaje-postumo-Victor-Manuel-Contreras-Cuernavaca-29-300x200.jpg 300w, https:\/\/cuernavaca.gob.mx\/wp-content\/uploads\/2023\/05\/homenaje-postumo-Victor-Manuel-Contreras-Cuernavaca-29-768x512.jpg 768w, https:\/\/cuernavaca.gob.mx\/wp-content\/uploads\/2023\/05\/homenaje-postumo-Victor-Manuel-Contreras-Cuernavaca-29-1536x1023.jpg 1536w, https:\/\/cuernavaca.gob.mx\/wp-content\/uploads\/2023\/05\/homenaje-postumo-Victor-Manuel-Contreras-Cuernavaca-29-600x400.jpg 600w, https:\/\/cuernavaca.gob.mx\/wp-content\/uploads\/2023\/05\/homenaje-postumo-Victor-Manuel-Contreras-Cuernavaca-29-560x373.jpg 560w, https:\/\/cuernavaca.gob.mx\/wp-content\/uploads\/2023\/05\/homenaje-postumo-Victor-Manuel-Contreras-Cuernavaca-29.jpg 1600w\" sizes=\"(max-width: 1024px) 100vw, 1024px\" \/><\/figure>\n<\/figure>\n","protected":false},"excerpt":{"rendered":"<p>\u2022 El Museo de la Ciudad de Cuernavaca abri\u00f3 fue el recinto para la ceremonia de cuerpo presente del afamado escultor y pintor, donde el Alcalde Jos\u00e9 Luis Uri\u00f3stegui, anunci\u00f3 que las casas del artista se convertir\u00e1n en museos \u2022 La Embajada de Polonia en M\u00e9xico tambi\u00e9n particip\u00f3 en este homenaje al reconocer las aportaciones [&hellip;]<\/p>\n","protected":false},"author":1,"featured_media":28688,"comment_status":"closed","ping_status":"open","sticky":false,"template":"","format":"standard","meta":[],"categories":[20],"tags":[1300,1090,158,121,3088,1570,3087,120,206,787],"aioseo_notices":[],"_links":{"self":[{"href":"https:\/\/cuernavaca.gob.mx\/index.php?rest_route=\/wp\/v2\/posts\/28666"}],"collection":[{"href":"https:\/\/cuernavaca.gob.mx\/index.php?rest_route=\/wp\/v2\/posts"}],"about":[{"href":"https:\/\/cuernavaca.gob.mx\/index.php?rest_route=\/wp\/v2\/types\/post"}],"author":[{"embeddable":true,"href":"https:\/\/cuernavaca.gob.mx\/index.php?rest_route=\/wp\/v2\/users\/1"}],"replies":[{"embeddable":true,"href":"https:\/\/cuernavaca.gob.mx\/index.php?rest_route=%2Fwp%2Fv2%2Fcomments&post=28666"}],"version-history":[{"count":1,"href":"https:\/\/cuernavaca.gob.mx\/index.php?rest_route=\/wp\/v2\/posts\/28666\/revisions"}],"predecessor-version":[{"id":28696,"href":"https:\/\/cuernavaca.gob.mx\/index.php?rest_route=\/wp\/v2\/posts\/28666\/revisions\/28696"}],"wp:featuredmedia":[{"embeddable":true,"href":"https:\/\/cuernavaca.gob.mx\/index.php?rest_route=\/wp\/v2\/media\/28688"}],"wp:attachment":[{"href":"https:\/\/cuernavaca.gob.mx\/index.php?rest_route=%2Fwp%2Fv2%2Fmedia&parent=28666"}],"wp:term":[{"taxonomy":"category","embeddable":true,"href":"https:\/\/cuernavaca.gob.mx\/index.php?rest_route=%2Fwp%2Fv2%2Fcategories&post=28666"},{"taxonomy":"post_tag","embeddable":true,"href":"https:\/\/cuernavaca.gob.mx\/index.php?rest_route=%2Fwp%2Fv2%2Ftags&post=28666"}],"curies":[{"name":"wp","href":"https:\/\/api.w.org\/{rel}","templated":true}]}}