{"id":28697,"date":"2023-05-26T19:30:00","date_gmt":"2023-05-27T01:30:00","guid":{"rendered":"https:\/\/cuernavaca.gob.mx\/?p=28697"},"modified":"2025-05-06T12:38:53","modified_gmt":"2025-05-06T18:38:53","slug":"b1007-26-05-23-refrenda-cabildo-de-cuernavaca-politica-de-gobernanza-participativa-con-cabildos-abiertos","status":"publish","type":"post","link":"https:\/\/cuernavaca.gob.mx\/?p=28697","title":{"rendered":"B1007 26\/05\/23 REFRENDA CABILDO DE CUERNAVACA POL\u00cdTICA DE GOBERNANZA PARTICIPATIVA CON CABILDOS ABIERTOS"},"content":{"rendered":"\n<p><strong>\u2022 Este viernes se llev\u00f3 a cabo la sesi\u00f3n de Cabildo Abierto en el parque Siqueiros de la colonia Jardines de Cuernavaca, donde vecinos de distintas colonias expusieron sus peticiones y agradecieron las respuestas obtenidas<\/strong><\/p>\n\n\n\n<p><strong>\u2022 El presidente municipal de Cuernavaca, Jos\u00e9 Luis Uri\u00f3stegui puntualiz\u00f3 que este es un ejercicio democr\u00e1tico de escuchar y toma de decisiones<\/strong><\/p>\n\n\n\n<p>Con una alta participaci\u00f3n ciudadana y como ocurre cada \u00faltimo viernes del mes, el Ayuntamiento de Cuernavaca llev\u00f3 a cabo la sesi\u00f3n de Cabildo Abierto que en esta ocasi\u00f3n tuvo como escenario el parque Siqueiros en la colonia Jardines de Cuernavaca, donde el 31 de diciembre del 2021 el presidente municipal, Jos\u00e9 Luis Uri\u00f3stegui Salgado e integrantes del Cabildo tomaron protesta al cargo, comprometi\u00e9ndose a continuar siendo una administraci\u00f3n cercana a la poblaci\u00f3n, lo cual han cumplido a trav\u00e9s de estos ejercicios de democracia participativa.<\/p>\n\n\n\n<p>El alcalde, la s\u00edndica municipal, Ver\u00f3nica Atenco P\u00e9rez y los regidores Paz Hern\u00e1ndez Pardo, Mireya Delgado Romero, Lucero Cuenca Noria, Patricia Torres Rosales, Adri\u00e1n Mart\u00ednez Terrazas, Debendrenath Salazar Solorio, Fernando Carrillo Alvarado, V\u00edctor Manzo God\u00ednez, Christian P\u00e9rez Jaimes y Jes\u00fas Rosales Puebla, escucharon y dieron respuesta inmediata a las peticiones expuestas por residentes de colonias como Jardines de Cuernavaca, Del Lago, Lomas de Ajonjolinar, Acapantzingo, Antonio Barona, Loma de Coyuca, Ruiz Cortines y del poblado de Amatitl\u00e1n, entre otras.<\/p>\n\n\n\n<p>Entre los rubros solicitados se encuentran servicios como la ampliaci\u00f3n de la red de agua potable, poda de \u00e1rboles, alumbrado, bacheo, rehabilitaci\u00f3n de la red de agua potable, luminarias y temas m\u00e1s espec\u00edficos como informaci\u00f3n sobre el cambio de nombre de la calle Teopanzolco; sin embargo, tambi\u00e9n los vecinos presentes reconocieron y agradecieron de manera individual las soluciones obtenida por parte de la administraci\u00f3n que ha atendido a la brevedad las peticiones expuestas en otros Cabildos Abiertos, reuniones y otros espacios de acercamiento, manifestando su disposici\u00f3n por sumarse a las actividades y programas que encabeza el Gobierno Municipal para lograr el renacer de Cuernavaca.<\/p>\n\n\n\n<p>En esta sesi\u00f3n se cont\u00f3 con la presencia de la diputada por el I Distrito local, Andrea Gordillo Vega, quien adem\u00e1s de sumarse a dar respuesta a las peticiones ciudadanas, aplaudi\u00f3 el buen manejo que se ha tenido en Cuernavaca bajo el liderazgo del presidente municipal, Jos\u00e9 Luis Uri\u00f3stegui Salgado e integrantes del cuerpo edilicio, ya que, si bien han pasado administraciones que han dejado mucho que desear, hoy se est\u00e1 trabajando con una planeaci\u00f3n y orden, con un mandatario capaz, que ama a su ciudad y sabe hacia a donde ir.<\/p>\n\n\n\n<p>Tras agradecer la presencia de los habitantes participantes, Jos\u00e9 Luis Uri\u00f3stegui, puntualiz\u00f3 que este fue un ejercicio democr\u00e1tico de escucha y no solo de abrir los o\u00eddos, sino tambi\u00e9n de toma de decisiones y de respuestas lo m\u00e1s inmediatas posibles, siendo una muestra m\u00e1s de que el Cabildo est\u00e1 trabajando y dando cumplimiento a su responsabilidad con la ciudad.<\/p>\n\n\n\n<p>\u201cEstamos haciendo un esfuerzo enorme en el manejo de los recursos econ\u00f3micos, queremos que la mayor parte del dinero que recaudamos o que obtenemos de las participaciones federales o de lo que los contribuyentes de Cuernavaca aportan, se destine preferentemente a obras y servicios p\u00fablicos desde luego cubriendo el gasto corriente que nos permite dar a la poblaci\u00f3n los servicios que ameritan\u201d, acot\u00f3.<\/p>\n\n\n\n<p>Para hacer vinculantes las peticiones ciudadanas y como parte de la agilidad de sus respuestas, se cont\u00f3 con la asistencia de miembros del Gabinete, como los titulares de las Secretar\u00edas de Protecci\u00f3n y Auxilio Ciudadano (SEPRAC), Desarrollo Humano y Participaci\u00f3n Social, Desarrollo Sustentable y Servicios P\u00fablicos, Desarrollo Urbano y Obras P\u00fablicas, del Secretariado Ejecutivo de Seguridad P\u00fablica, del Sistema de Agua Potable y Alcantarillado de Cuernavaca (SAPAC), Servicios P\u00fablicos, del Sistema Municipal DIF Cuernavaca y del COPLADEMUN.<\/p>\n\n\n\n<figure class=\"wp-container-2 wp-block-gallery-1 wp-block-gallery has-nested-images columns-default is-cropped\">\n<figure class=\"wp-block-image size-large\"><img loading=\"lazy\" width=\"1024\" height=\"682\" data-id=\"28698\"  src=\"https:\/\/cuernavaca.gob.mx\/wp-content\/uploads\/2023\/05\/cabildo-abierto-cuernavaca-mayo-2023-1-1024x682.jpeg\" alt=\"\" class=\"wp-image-28698\" srcset=\"https:\/\/cuernavaca.gob.mx\/wp-content\/uploads\/2023\/05\/cabildo-abierto-cuernavaca-mayo-2023-1-1024x682.jpeg 1024w, https:\/\/cuernavaca.gob.mx\/wp-content\/uploads\/2023\/05\/cabildo-abierto-cuernavaca-mayo-2023-1-300x200.jpeg 300w, https:\/\/cuernavaca.gob.mx\/wp-content\/uploads\/2023\/05\/cabildo-abierto-cuernavaca-mayo-2023-1-768x512.jpeg 768w, https:\/\/cuernavaca.gob.mx\/wp-content\/uploads\/2023\/05\/cabildo-abierto-cuernavaca-mayo-2023-1-1536x1023.jpeg 1536w, https:\/\/cuernavaca.gob.mx\/wp-content\/uploads\/2023\/05\/cabildo-abierto-cuernavaca-mayo-2023-1-600x400.jpeg 600w, https:\/\/cuernavaca.gob.mx\/wp-content\/uploads\/2023\/05\/cabildo-abierto-cuernavaca-mayo-2023-1-560x373.jpeg 560w, https:\/\/cuernavaca.gob.mx\/wp-content\/uploads\/2023\/05\/cabildo-abierto-cuernavaca-mayo-2023-1.jpeg 1600w\" sizes=\"(max-width: 1024px) 100vw, 1024px\" \/><\/figure>\n\n\n\n<figure class=\"wp-block-image size-large\"><img loading=\"lazy\" width=\"1024\" height=\"682\" data-id=\"28703\"  src=\"https:\/\/cuernavaca.gob.mx\/wp-content\/uploads\/2023\/05\/cabildo-abierto-cuernavaca-mayo-2023-2-1024x682.jpeg\" alt=\"\" class=\"wp-image-28703\" srcset=\"https:\/\/cuernavaca.gob.mx\/wp-content\/uploads\/2023\/05\/cabildo-abierto-cuernavaca-mayo-2023-2-1024x682.jpeg 1024w, https:\/\/cuernavaca.gob.mx\/wp-content\/uploads\/2023\/05\/cabildo-abierto-cuernavaca-mayo-2023-2-300x200.jpeg 300w, https:\/\/cuernavaca.gob.mx\/wp-content\/uploads\/2023\/05\/cabildo-abierto-cuernavaca-mayo-2023-2-768x512.jpeg 768w, https:\/\/cuernavaca.gob.mx\/wp-content\/uploads\/2023\/05\/cabildo-abierto-cuernavaca-mayo-2023-2-1536x1023.jpeg 1536w, https:\/\/cuernavaca.gob.mx\/wp-content\/uploads\/2023\/05\/cabildo-abierto-cuernavaca-mayo-2023-2-600x400.jpeg 600w, https:\/\/cuernavaca.gob.mx\/wp-content\/uploads\/2023\/05\/cabildo-abierto-cuernavaca-mayo-2023-2-560x373.jpeg 560w, https:\/\/cuernavaca.gob.mx\/wp-content\/uploads\/2023\/05\/cabildo-abierto-cuernavaca-mayo-2023-2.jpeg 1600w\" sizes=\"(max-width: 1024px) 100vw, 1024px\" \/><\/figure>\n\n\n\n<figure class=\"wp-block-image size-large\"><img loading=\"lazy\" width=\"1024\" height=\"576\" data-id=\"28705\"  src=\"https:\/\/cuernavaca.gob.mx\/wp-content\/uploads\/2023\/05\/cabildo-abierto-cuernavaca-mayo-2023-3-1024x576.jpeg\" alt=\"\" class=\"wp-image-28705\" srcset=\"https:\/\/cuernavaca.gob.mx\/wp-content\/uploads\/2023\/05\/cabildo-abierto-cuernavaca-mayo-2023-3-1024x576.jpeg 1024w, https:\/\/cuernavaca.gob.mx\/wp-content\/uploads\/2023\/05\/cabildo-abierto-cuernavaca-mayo-2023-3-300x169.jpeg 300w, https:\/\/cuernavaca.gob.mx\/wp-content\/uploads\/2023\/05\/cabildo-abierto-cuernavaca-mayo-2023-3-768x432.jpeg 768w, https:\/\/cuernavaca.gob.mx\/wp-content\/uploads\/2023\/05\/cabildo-abierto-cuernavaca-mayo-2023-3-1536x864.jpeg 1536w, https:\/\/cuernavaca.gob.mx\/wp-content\/uploads\/2023\/05\/cabildo-abierto-cuernavaca-mayo-2023-3-600x338.jpeg 600w, https:\/\/cuernavaca.gob.mx\/wp-content\/uploads\/2023\/05\/cabildo-abierto-cuernavaca-mayo-2023-3-560x315.jpeg 560w, https:\/\/cuernavaca.gob.mx\/wp-content\/uploads\/2023\/05\/cabildo-abierto-cuernavaca-mayo-2023-3.jpeg 1600w\" sizes=\"(max-width: 1024px) 100vw, 1024px\" \/><\/figure>\n\n\n\n<figure class=\"wp-block-image size-large\"><img loading=\"lazy\" width=\"1024\" height=\"682\" data-id=\"28700\"  src=\"https:\/\/cuernavaca.gob.mx\/wp-content\/uploads\/2023\/05\/cabildo-abierto-cuernavaca-mayo-2023-4-1024x682.jpeg\" alt=\"\" class=\"wp-image-28700\" srcset=\"https:\/\/cuernavaca.gob.mx\/wp-content\/uploads\/2023\/05\/cabildo-abierto-cuernavaca-mayo-2023-4-1024x682.jpeg 1024w, https:\/\/cuernavaca.gob.mx\/wp-content\/uploads\/2023\/05\/cabildo-abierto-cuernavaca-mayo-2023-4-300x200.jpeg 300w, https:\/\/cuernavaca.gob.mx\/wp-content\/uploads\/2023\/05\/cabildo-abierto-cuernavaca-mayo-2023-4-768x512.jpeg 768w, https:\/\/cuernavaca.gob.mx\/wp-content\/uploads\/2023\/05\/cabildo-abierto-cuernavaca-mayo-2023-4-1536x1023.jpeg 1536w, https:\/\/cuernavaca.gob.mx\/wp-content\/uploads\/2023\/05\/cabildo-abierto-cuernavaca-mayo-2023-4-600x400.jpeg 600w, https:\/\/cuernavaca.gob.mx\/wp-content\/uploads\/2023\/05\/cabildo-abierto-cuernavaca-mayo-2023-4-560x373.jpeg 560w, https:\/\/cuernavaca.gob.mx\/wp-content\/uploads\/2023\/05\/cabildo-abierto-cuernavaca-mayo-2023-4.jpeg 1600w\" sizes=\"(max-width: 1024px) 100vw, 1024px\" \/><\/figure>\n\n\n\n<figure class=\"wp-block-image size-large\"><img loading=\"lazy\" width=\"1024\" height=\"682\" data-id=\"28704\"  src=\"https:\/\/cuernavaca.gob.mx\/wp-content\/uploads\/2023\/05\/cabildo-abierto-cuernavaca-mayo-2023-5-1024x682.jpeg\" alt=\"\" class=\"wp-image-28704\" srcset=\"https:\/\/cuernavaca.gob.mx\/wp-content\/uploads\/2023\/05\/cabildo-abierto-cuernavaca-mayo-2023-5-1024x682.jpeg 1024w, https:\/\/cuernavaca.gob.mx\/wp-content\/uploads\/2023\/05\/cabildo-abierto-cuernavaca-mayo-2023-5-300x200.jpeg 300w, https:\/\/cuernavaca.gob.mx\/wp-content\/uploads\/2023\/05\/cabildo-abierto-cuernavaca-mayo-2023-5-768x512.jpeg 768w, https:\/\/cuernavaca.gob.mx\/wp-content\/uploads\/2023\/05\/cabildo-abierto-cuernavaca-mayo-2023-5-1536x1023.jpeg 1536w, https:\/\/cuernavaca.gob.mx\/wp-content\/uploads\/2023\/05\/cabildo-abierto-cuernavaca-mayo-2023-5-600x400.jpeg 600w, https:\/\/cuernavaca.gob.mx\/wp-content\/uploads\/2023\/05\/cabildo-abierto-cuernavaca-mayo-2023-5-560x373.jpeg 560w, https:\/\/cuernavaca.gob.mx\/wp-content\/uploads\/2023\/05\/cabildo-abierto-cuernavaca-mayo-2023-5.jpeg 1600w\" sizes=\"(max-width: 1024px) 100vw, 1024px\" \/><\/figure>\n\n\n\n<figure class=\"wp-block-image size-large\"><img loading=\"lazy\" width=\"1024\" height=\"682\" data-id=\"28708\"  src=\"https:\/\/cuernavaca.gob.mx\/wp-content\/uploads\/2023\/05\/cabildo-abierto-cuernavaca-mayo-2023-6-1024x682.jpeg\" alt=\"\" class=\"wp-image-28708\" srcset=\"https:\/\/cuernavaca.gob.mx\/wp-content\/uploads\/2023\/05\/cabildo-abierto-cuernavaca-mayo-2023-6-1024x682.jpeg 1024w, https:\/\/cuernavaca.gob.mx\/wp-content\/uploads\/2023\/05\/cabildo-abierto-cuernavaca-mayo-2023-6-300x200.jpeg 300w, https:\/\/cuernavaca.gob.mx\/wp-content\/uploads\/2023\/05\/cabildo-abierto-cuernavaca-mayo-2023-6-768x512.jpeg 768w, https:\/\/cuernavaca.gob.mx\/wp-content\/uploads\/2023\/05\/cabildo-abierto-cuernavaca-mayo-2023-6-1536x1023.jpeg 1536w, https:\/\/cuernavaca.gob.mx\/wp-content\/uploads\/2023\/05\/cabildo-abierto-cuernavaca-mayo-2023-6-600x400.jpeg 600w, https:\/\/cuernavaca.gob.mx\/wp-content\/uploads\/2023\/05\/cabildo-abierto-cuernavaca-mayo-2023-6-560x373.jpeg 560w, https:\/\/cuernavaca.gob.mx\/wp-content\/uploads\/2023\/05\/cabildo-abierto-cuernavaca-mayo-2023-6.jpeg 1600w\" sizes=\"(max-width: 1024px) 100vw, 1024px\" \/><\/figure>\n\n\n\n<figure class=\"wp-block-image size-large\"><img loading=\"lazy\" width=\"1024\" height=\"682\" data-id=\"28701\"  src=\"https:\/\/cuernavaca.gob.mx\/wp-content\/uploads\/2023\/05\/cabildo-abierto-cuernavaca-mayo-2023-7-1024x682.jpeg\" alt=\"\" class=\"wp-image-28701\" srcset=\"https:\/\/cuernavaca.gob.mx\/wp-content\/uploads\/2023\/05\/cabildo-abierto-cuernavaca-mayo-2023-7-1024x682.jpeg 1024w, https:\/\/cuernavaca.gob.mx\/wp-content\/uploads\/2023\/05\/cabildo-abierto-cuernavaca-mayo-2023-7-300x200.jpeg 300w, https:\/\/cuernavaca.gob.mx\/wp-content\/uploads\/2023\/05\/cabildo-abierto-cuernavaca-mayo-2023-7-768x512.jpeg 768w, https:\/\/cuernavaca.gob.mx\/wp-content\/uploads\/2023\/05\/cabildo-abierto-cuernavaca-mayo-2023-7-1536x1023.jpeg 1536w, https:\/\/cuernavaca.gob.mx\/wp-content\/uploads\/2023\/05\/cabildo-abierto-cuernavaca-mayo-2023-7-600x400.jpeg 600w, https:\/\/cuernavaca.gob.mx\/wp-content\/uploads\/2023\/05\/cabildo-abierto-cuernavaca-mayo-2023-7-560x373.jpeg 560w, https:\/\/cuernavaca.gob.mx\/wp-content\/uploads\/2023\/05\/cabildo-abierto-cuernavaca-mayo-2023-7.jpeg 1600w\" sizes=\"(max-width: 1024px) 100vw, 1024px\" \/><\/figure>\n\n\n\n<figure class=\"wp-block-image size-large\"><img loading=\"lazy\" width=\"1024\" height=\"682\" data-id=\"28699\"  src=\"https:\/\/cuernavaca.gob.mx\/wp-content\/uploads\/2023\/05\/cabildo-abierto-cuernavaca-mayo-2023-8-1024x682.jpeg\" alt=\"\" class=\"wp-image-28699\" srcset=\"https:\/\/cuernavaca.gob.mx\/wp-content\/uploads\/2023\/05\/cabildo-abierto-cuernavaca-mayo-2023-8-1024x682.jpeg 1024w, https:\/\/cuernavaca.gob.mx\/wp-content\/uploads\/2023\/05\/cabildo-abierto-cuernavaca-mayo-2023-8-300x200.jpeg 300w, https:\/\/cuernavaca.gob.mx\/wp-content\/uploads\/2023\/05\/cabildo-abierto-cuernavaca-mayo-2023-8-768x512.jpeg 768w, https:\/\/cuernavaca.gob.mx\/wp-content\/uploads\/2023\/05\/cabildo-abierto-cuernavaca-mayo-2023-8-1536x1023.jpeg 1536w, https:\/\/cuernavaca.gob.mx\/wp-content\/uploads\/2023\/05\/cabildo-abierto-cuernavaca-mayo-2023-8-600x400.jpeg 600w, https:\/\/cuernavaca.gob.mx\/wp-content\/uploads\/2023\/05\/cabildo-abierto-cuernavaca-mayo-2023-8-560x373.jpeg 560w, https:\/\/cuernavaca.gob.mx\/wp-content\/uploads\/2023\/05\/cabildo-abierto-cuernavaca-mayo-2023-8.jpeg 1600w\" sizes=\"(max-width: 1024px) 100vw, 1024px\" \/><\/figure>\n\n\n\n<figure class=\"wp-block-image size-large\"><img loading=\"lazy\" width=\"1024\" height=\"682\" data-id=\"28706\"  src=\"https:\/\/cuernavaca.gob.mx\/wp-content\/uploads\/2023\/05\/cabildo-abierto-cuernavaca-mayo-2023-9-1024x682.jpeg\" alt=\"\" class=\"wp-image-28706\" srcset=\"https:\/\/cuernavaca.gob.mx\/wp-content\/uploads\/2023\/05\/cabildo-abierto-cuernavaca-mayo-2023-9-1024x682.jpeg 1024w, https:\/\/cuernavaca.gob.mx\/wp-content\/uploads\/2023\/05\/cabildo-abierto-cuernavaca-mayo-2023-9-300x200.jpeg 300w, https:\/\/cuernavaca.gob.mx\/wp-content\/uploads\/2023\/05\/cabildo-abierto-cuernavaca-mayo-2023-9-768x512.jpeg 768w, https:\/\/cuernavaca.gob.mx\/wp-content\/uploads\/2023\/05\/cabildo-abierto-cuernavaca-mayo-2023-9-1536x1023.jpeg 1536w, https:\/\/cuernavaca.gob.mx\/wp-content\/uploads\/2023\/05\/cabildo-abierto-cuernavaca-mayo-2023-9-600x400.jpeg 600w, https:\/\/cuernavaca.gob.mx\/wp-content\/uploads\/2023\/05\/cabildo-abierto-cuernavaca-mayo-2023-9-560x373.jpeg 560w, https:\/\/cuernavaca.gob.mx\/wp-content\/uploads\/2023\/05\/cabildo-abierto-cuernavaca-mayo-2023-9.jpeg 1600w\" sizes=\"(max-width: 1024px) 100vw, 1024px\" \/><\/figure>\n\n\n\n<figure class=\"wp-block-image size-large\"><img loading=\"lazy\" width=\"1024\" height=\"682\" data-id=\"28707\"  src=\"https:\/\/cuernavaca.gob.mx\/wp-content\/uploads\/2023\/05\/cabildo-abierto-cuernavaca-mayo-2023-10-1024x682.jpeg\" alt=\"\" class=\"wp-image-28707\" srcset=\"https:\/\/cuernavaca.gob.mx\/wp-content\/uploads\/2023\/05\/cabildo-abierto-cuernavaca-mayo-2023-10-1024x682.jpeg 1024w, https:\/\/cuernavaca.gob.mx\/wp-content\/uploads\/2023\/05\/cabildo-abierto-cuernavaca-mayo-2023-10-300x200.jpeg 300w, https:\/\/cuernavaca.gob.mx\/wp-content\/uploads\/2023\/05\/cabildo-abierto-cuernavaca-mayo-2023-10-768x512.jpeg 768w, https:\/\/cuernavaca.gob.mx\/wp-content\/uploads\/2023\/05\/cabildo-abierto-cuernavaca-mayo-2023-10-1536x1023.jpeg 1536w, https:\/\/cuernavaca.gob.mx\/wp-content\/uploads\/2023\/05\/cabildo-abierto-cuernavaca-mayo-2023-10-600x400.jpeg 600w, https:\/\/cuernavaca.gob.mx\/wp-content\/uploads\/2023\/05\/cabildo-abierto-cuernavaca-mayo-2023-10-560x373.jpeg 560w, https:\/\/cuernavaca.gob.mx\/wp-content\/uploads\/2023\/05\/cabildo-abierto-cuernavaca-mayo-2023-10.jpeg 1600w\" sizes=\"(max-width: 1024px) 100vw, 1024px\" \/><\/figure>\n\n\n\n<figure class=\"wp-block-image size-large\"><img loading=\"lazy\" width=\"1024\" height=\"682\" data-id=\"28710\"  src=\"https:\/\/cuernavaca.gob.mx\/wp-content\/uploads\/2023\/05\/cabildo-abierto-cuernavaca-mayo-2023-11-1024x682.jpeg\" alt=\"\" class=\"wp-image-28710\" srcset=\"https:\/\/cuernavaca.gob.mx\/wp-content\/uploads\/2023\/05\/cabildo-abierto-cuernavaca-mayo-2023-11-1024x682.jpeg 1024w, https:\/\/cuernavaca.gob.mx\/wp-content\/uploads\/2023\/05\/cabildo-abierto-cuernavaca-mayo-2023-11-300x200.jpeg 300w, https:\/\/cuernavaca.gob.mx\/wp-content\/uploads\/2023\/05\/cabildo-abierto-cuernavaca-mayo-2023-11-768x512.jpeg 768w, https:\/\/cuernavaca.gob.mx\/wp-content\/uploads\/2023\/05\/cabildo-abierto-cuernavaca-mayo-2023-11-1536x1023.jpeg 1536w, https:\/\/cuernavaca.gob.mx\/wp-content\/uploads\/2023\/05\/cabildo-abierto-cuernavaca-mayo-2023-11-600x400.jpeg 600w, https:\/\/cuernavaca.gob.mx\/wp-content\/uploads\/2023\/05\/cabildo-abierto-cuernavaca-mayo-2023-11-560x373.jpeg 560w, https:\/\/cuernavaca.gob.mx\/wp-content\/uploads\/2023\/05\/cabildo-abierto-cuernavaca-mayo-2023-11.jpeg 1600w\" sizes=\"(max-width: 1024px) 100vw, 1024px\" \/><\/figure>\n\n\n\n<figure class=\"wp-block-image size-large\"><img loading=\"lazy\" width=\"1024\" height=\"682\" data-id=\"28709\"  src=\"https:\/\/cuernavaca.gob.mx\/wp-content\/uploads\/2023\/05\/cabildo-abierto-cuernavaca-mayo-2023-12-1024x682.jpeg\" alt=\"\" class=\"wp-image-28709\" srcset=\"https:\/\/cuernavaca.gob.mx\/wp-content\/uploads\/2023\/05\/cabildo-abierto-cuernavaca-mayo-2023-12-1024x682.jpeg 1024w, https:\/\/cuernavaca.gob.mx\/wp-content\/uploads\/2023\/05\/cabildo-abierto-cuernavaca-mayo-2023-12-300x200.jpeg 300w, https:\/\/cuernavaca.gob.mx\/wp-content\/uploads\/2023\/05\/cabildo-abierto-cuernavaca-mayo-2023-12-768x512.jpeg 768w, https:\/\/cuernavaca.gob.mx\/wp-content\/uploads\/2023\/05\/cabildo-abierto-cuernavaca-mayo-2023-12-1536x1023.jpeg 1536w, https:\/\/cuernavaca.gob.mx\/wp-content\/uploads\/2023\/05\/cabildo-abierto-cuernavaca-mayo-2023-12-600x400.jpeg 600w, https:\/\/cuernavaca.gob.mx\/wp-content\/uploads\/2023\/05\/cabildo-abierto-cuernavaca-mayo-2023-12-560x373.jpeg 560w, https:\/\/cuernavaca.gob.mx\/wp-content\/uploads\/2023\/05\/cabildo-abierto-cuernavaca-mayo-2023-12.jpeg 1600w\" sizes=\"(max-width: 1024px) 100vw, 1024px\" \/><\/figure>\n\n\n\n<figure class=\"wp-block-image size-large\"><img loading=\"lazy\" width=\"1024\" height=\"682\" data-id=\"28711\"  src=\"https:\/\/cuernavaca.gob.mx\/wp-content\/uploads\/2023\/05\/cabildo-abierto-cuernavaca-mayo-2023-13-1024x682.jpeg\" alt=\"\" class=\"wp-image-28711\" srcset=\"https:\/\/cuernavaca.gob.mx\/wp-content\/uploads\/2023\/05\/cabildo-abierto-cuernavaca-mayo-2023-13-1024x682.jpeg 1024w, https:\/\/cuernavaca.gob.mx\/wp-content\/uploads\/2023\/05\/cabildo-abierto-cuernavaca-mayo-2023-13-300x200.jpeg 300w, https:\/\/cuernavaca.gob.mx\/wp-content\/uploads\/2023\/05\/cabildo-abierto-cuernavaca-mayo-2023-13-768x512.jpeg 768w, https:\/\/cuernavaca.gob.mx\/wp-content\/uploads\/2023\/05\/cabildo-abierto-cuernavaca-mayo-2023-13-1536x1023.jpeg 1536w, https:\/\/cuernavaca.gob.mx\/wp-content\/uploads\/2023\/05\/cabildo-abierto-cuernavaca-mayo-2023-13-600x400.jpeg 600w, https:\/\/cuernavaca.gob.mx\/wp-content\/uploads\/2023\/05\/cabildo-abierto-cuernavaca-mayo-2023-13-560x373.jpeg 560w, https:\/\/cuernavaca.gob.mx\/wp-content\/uploads\/2023\/05\/cabildo-abierto-cuernavaca-mayo-2023-13.jpeg 1600w\" sizes=\"(max-width: 1024px) 100vw, 1024px\" \/><\/figure>\n\n\n\n<figure class=\"wp-block-image size-large\"><img loading=\"lazy\" width=\"1024\" height=\"682\" data-id=\"28702\"  src=\"https:\/\/cuernavaca.gob.mx\/wp-content\/uploads\/2023\/05\/cabildo-abierto-cuernavaca-mayo-2023-14-1024x682.jpeg\" alt=\"\" class=\"wp-image-28702\" srcset=\"https:\/\/cuernavaca.gob.mx\/wp-content\/uploads\/2023\/05\/cabildo-abierto-cuernavaca-mayo-2023-14-1024x682.jpeg 1024w, https:\/\/cuernavaca.gob.mx\/wp-content\/uploads\/2023\/05\/cabildo-abierto-cuernavaca-mayo-2023-14-300x200.jpeg 300w, https:\/\/cuernavaca.gob.mx\/wp-content\/uploads\/2023\/05\/cabildo-abierto-cuernavaca-mayo-2023-14-768x512.jpeg 768w, https:\/\/cuernavaca.gob.mx\/wp-content\/uploads\/2023\/05\/cabildo-abierto-cuernavaca-mayo-2023-14-1536x1023.jpeg 1536w, https:\/\/cuernavaca.gob.mx\/wp-content\/uploads\/2023\/05\/cabildo-abierto-cuernavaca-mayo-2023-14-600x400.jpeg 600w, https:\/\/cuernavaca.gob.mx\/wp-content\/uploads\/2023\/05\/cabildo-abierto-cuernavaca-mayo-2023-14-560x373.jpeg 560w, https:\/\/cuernavaca.gob.mx\/wp-content\/uploads\/2023\/05\/cabildo-abierto-cuernavaca-mayo-2023-14.jpeg 1600w\" sizes=\"(max-width: 1024px) 100vw, 1024px\" \/><\/figure>\n\n\n\n<figure class=\"wp-block-image size-large\"><img loading=\"lazy\" width=\"1024\" height=\"682\" data-id=\"28714\"  src=\"https:\/\/cuernavaca.gob.mx\/wp-content\/uploads\/2023\/05\/cabildo-abierto-cuernavaca-mayo-2023-15-1024x682.jpeg\" alt=\"\" class=\"wp-image-28714\" srcset=\"https:\/\/cuernavaca.gob.mx\/wp-content\/uploads\/2023\/05\/cabildo-abierto-cuernavaca-mayo-2023-15-1024x682.jpeg 1024w, https:\/\/cuernavaca.gob.mx\/wp-content\/uploads\/2023\/05\/cabildo-abierto-cuernavaca-mayo-2023-15-300x200.jpeg 300w, https:\/\/cuernavaca.gob.mx\/wp-content\/uploads\/2023\/05\/cabildo-abierto-cuernavaca-mayo-2023-15-768x512.jpeg 768w, https:\/\/cuernavaca.gob.mx\/wp-content\/uploads\/2023\/05\/cabildo-abierto-cuernavaca-mayo-2023-15-1536x1023.jpeg 1536w, https:\/\/cuernavaca.gob.mx\/wp-content\/uploads\/2023\/05\/cabildo-abierto-cuernavaca-mayo-2023-15-600x400.jpeg 600w, https:\/\/cuernavaca.gob.mx\/wp-content\/uploads\/2023\/05\/cabildo-abierto-cuernavaca-mayo-2023-15-560x373.jpeg 560w, https:\/\/cuernavaca.gob.mx\/wp-content\/uploads\/2023\/05\/cabildo-abierto-cuernavaca-mayo-2023-15.jpeg 1600w\" sizes=\"(max-width: 1024px) 100vw, 1024px\" \/><\/figure>\n\n\n\n<figure class=\"wp-block-image size-large\"><img loading=\"lazy\" width=\"1024\" height=\"682\" data-id=\"28715\"  src=\"https:\/\/cuernavaca.gob.mx\/wp-content\/uploads\/2023\/05\/cabildo-abierto-cuernavaca-mayo-2023-16-1024x682.jpeg\" alt=\"\" class=\"wp-image-28715\" srcset=\"https:\/\/cuernavaca.gob.mx\/wp-content\/uploads\/2023\/05\/cabildo-abierto-cuernavaca-mayo-2023-16-1024x682.jpeg 1024w, https:\/\/cuernavaca.gob.mx\/wp-content\/uploads\/2023\/05\/cabildo-abierto-cuernavaca-mayo-2023-16-300x200.jpeg 300w, https:\/\/cuernavaca.gob.mx\/wp-content\/uploads\/2023\/05\/cabildo-abierto-cuernavaca-mayo-2023-16-768x512.jpeg 768w, https:\/\/cuernavaca.gob.mx\/wp-content\/uploads\/2023\/05\/cabildo-abierto-cuernavaca-mayo-2023-16-1536x1023.jpeg 1536w, https:\/\/cuernavaca.gob.mx\/wp-content\/uploads\/2023\/05\/cabildo-abierto-cuernavaca-mayo-2023-16-600x400.jpeg 600w, https:\/\/cuernavaca.gob.mx\/wp-content\/uploads\/2023\/05\/cabildo-abierto-cuernavaca-mayo-2023-16-560x373.jpeg 560w, https:\/\/cuernavaca.gob.mx\/wp-content\/uploads\/2023\/05\/cabildo-abierto-cuernavaca-mayo-2023-16.jpeg 1600w\" sizes=\"(max-width: 1024px) 100vw, 1024px\" \/><\/figure>\n\n\n\n<figure class=\"wp-block-image size-large\"><img loading=\"lazy\" width=\"1024\" height=\"682\" data-id=\"28712\"  src=\"https:\/\/cuernavaca.gob.mx\/wp-content\/uploads\/2023\/05\/cabildo-abierto-cuernavaca-mayo-2023-17-1024x682.jpeg\" alt=\"\" class=\"wp-image-28712\" srcset=\"https:\/\/cuernavaca.gob.mx\/wp-content\/uploads\/2023\/05\/cabildo-abierto-cuernavaca-mayo-2023-17-1024x682.jpeg 1024w, https:\/\/cuernavaca.gob.mx\/wp-content\/uploads\/2023\/05\/cabildo-abierto-cuernavaca-mayo-2023-17-300x200.jpeg 300w, https:\/\/cuernavaca.gob.mx\/wp-content\/uploads\/2023\/05\/cabildo-abierto-cuernavaca-mayo-2023-17-768x512.jpeg 768w, https:\/\/cuernavaca.gob.mx\/wp-content\/uploads\/2023\/05\/cabildo-abierto-cuernavaca-mayo-2023-17-1536x1023.jpeg 1536w, https:\/\/cuernavaca.gob.mx\/wp-content\/uploads\/2023\/05\/cabildo-abierto-cuernavaca-mayo-2023-17-600x400.jpeg 600w, https:\/\/cuernavaca.gob.mx\/wp-content\/uploads\/2023\/05\/cabildo-abierto-cuernavaca-mayo-2023-17-560x373.jpeg 560w, https:\/\/cuernavaca.gob.mx\/wp-content\/uploads\/2023\/05\/cabildo-abierto-cuernavaca-mayo-2023-17.jpeg 1600w\" sizes=\"(max-width: 1024px) 100vw, 1024px\" \/><\/figure>\n\n\n\n<figure class=\"wp-block-image size-large\"><img loading=\"lazy\" width=\"1024\" height=\"682\" data-id=\"28713\"  src=\"https:\/\/cuernavaca.gob.mx\/wp-content\/uploads\/2023\/05\/cabildo-abierto-cuernavaca-mayo-2023-18-1024x682.jpeg\" alt=\"\" class=\"wp-image-28713\" srcset=\"https:\/\/cuernavaca.gob.mx\/wp-content\/uploads\/2023\/05\/cabildo-abierto-cuernavaca-mayo-2023-18-1024x682.jpeg 1024w, https:\/\/cuernavaca.gob.mx\/wp-content\/uploads\/2023\/05\/cabildo-abierto-cuernavaca-mayo-2023-18-300x200.jpeg 300w, https:\/\/cuernavaca.gob.mx\/wp-content\/uploads\/2023\/05\/cabildo-abierto-cuernavaca-mayo-2023-18-768x512.jpeg 768w, https:\/\/cuernavaca.gob.mx\/wp-content\/uploads\/2023\/05\/cabildo-abierto-cuernavaca-mayo-2023-18-1536x1023.jpeg 1536w, https:\/\/cuernavaca.gob.mx\/wp-content\/uploads\/2023\/05\/cabildo-abierto-cuernavaca-mayo-2023-18-600x400.jpeg 600w, https:\/\/cuernavaca.gob.mx\/wp-content\/uploads\/2023\/05\/cabildo-abierto-cuernavaca-mayo-2023-18-560x373.jpeg 560w, https:\/\/cuernavaca.gob.mx\/wp-content\/uploads\/2023\/05\/cabildo-abierto-cuernavaca-mayo-2023-18.jpeg 1600w\" sizes=\"(max-width: 1024px) 100vw, 1024px\" \/><\/figure>\n\n\n\n<figure class=\"wp-block-image size-large\"><img loading=\"lazy\" width=\"1024\" height=\"682\" data-id=\"28716\"  src=\"https:\/\/cuernavaca.gob.mx\/wp-content\/uploads\/2023\/05\/cabildo-abierto-cuernavaca-mayo-2023-19-1024x682.jpeg\" alt=\"\" class=\"wp-image-28716\" srcset=\"https:\/\/cuernavaca.gob.mx\/wp-content\/uploads\/2023\/05\/cabildo-abierto-cuernavaca-mayo-2023-19-1024x682.jpeg 1024w, https:\/\/cuernavaca.gob.mx\/wp-content\/uploads\/2023\/05\/cabildo-abierto-cuernavaca-mayo-2023-19-300x200.jpeg 300w, https:\/\/cuernavaca.gob.mx\/wp-content\/uploads\/2023\/05\/cabildo-abierto-cuernavaca-mayo-2023-19-768x512.jpeg 768w, https:\/\/cuernavaca.gob.mx\/wp-content\/uploads\/2023\/05\/cabildo-abierto-cuernavaca-mayo-2023-19-1536x1023.jpeg 1536w, https:\/\/cuernavaca.gob.mx\/wp-content\/uploads\/2023\/05\/cabildo-abierto-cuernavaca-mayo-2023-19-600x400.jpeg 600w, https:\/\/cuernavaca.gob.mx\/wp-content\/uploads\/2023\/05\/cabildo-abierto-cuernavaca-mayo-2023-19-560x373.jpeg 560w, https:\/\/cuernavaca.gob.mx\/wp-content\/uploads\/2023\/05\/cabildo-abierto-cuernavaca-mayo-2023-19.jpeg 1600w\" sizes=\"(max-width: 1024px) 100vw, 1024px\" \/><\/figure>\n\n\n\n<figure class=\"wp-block-image size-large\"><img loading=\"lazy\" width=\"1024\" height=\"682\" data-id=\"28717\"  src=\"https:\/\/cuernavaca.gob.mx\/wp-content\/uploads\/2023\/05\/cabildo-abierto-cuernavaca-mayo-2023-20-1024x682.jpeg\" alt=\"\" class=\"wp-image-28717\" srcset=\"https:\/\/cuernavaca.gob.mx\/wp-content\/uploads\/2023\/05\/cabildo-abierto-cuernavaca-mayo-2023-20-1024x682.jpeg 1024w, https:\/\/cuernavaca.gob.mx\/wp-content\/uploads\/2023\/05\/cabildo-abierto-cuernavaca-mayo-2023-20-300x200.jpeg 300w, https:\/\/cuernavaca.gob.mx\/wp-content\/uploads\/2023\/05\/cabildo-abierto-cuernavaca-mayo-2023-20-768x512.jpeg 768w, https:\/\/cuernavaca.gob.mx\/wp-content\/uploads\/2023\/05\/cabildo-abierto-cuernavaca-mayo-2023-20-1536x1023.jpeg 1536w, https:\/\/cuernavaca.gob.mx\/wp-content\/uploads\/2023\/05\/cabildo-abierto-cuernavaca-mayo-2023-20-600x400.jpeg 600w, https:\/\/cuernavaca.gob.mx\/wp-content\/uploads\/2023\/05\/cabildo-abierto-cuernavaca-mayo-2023-20-560x373.jpeg 560w, https:\/\/cuernavaca.gob.mx\/wp-content\/uploads\/2023\/05\/cabildo-abierto-cuernavaca-mayo-2023-20.jpeg 1600w\" sizes=\"(max-width: 1024px) 100vw, 1024px\" \/><\/figure>\n<\/figure>\n","protected":false},"excerpt":{"rendered":"<p>\u2022 Este viernes se llev\u00f3 a cabo la sesi\u00f3n de Cabildo Abierto en el parque Siqueiros de la colonia Jardines de Cuernavaca, donde vecinos de distintas colonias expusieron sus peticiones y agradecieron las respuestas obtenidas \u2022 El presidente municipal de Cuernavaca, Jos\u00e9 Luis Uri\u00f3stegui puntualiz\u00f3 que este es un ejercicio democr\u00e1tico de escuchar y toma [&hellip;]<\/p>\n","protected":false},"author":1,"featured_media":28702,"comment_status":"closed","ping_status":"open","sticky":false,"template":"","format":"standard","meta":[],"categories":[20],"tags":[158,875,988,121,120,206,383],"aioseo_notices":[],"_links":{"self":[{"href":"https:\/\/cuernavaca.gob.mx\/index.php?rest_route=\/wp\/v2\/posts\/28697"}],"collection":[{"href":"https:\/\/cuernavaca.gob.mx\/index.php?rest_route=\/wp\/v2\/posts"}],"about":[{"href":"https:\/\/cuernavaca.gob.mx\/index.php?rest_route=\/wp\/v2\/types\/post"}],"author":[{"embeddable":true,"href":"https:\/\/cuernavaca.gob.mx\/index.php?rest_route=\/wp\/v2\/users\/1"}],"replies":[{"embeddable":true,"href":"https:\/\/cuernavaca.gob.mx\/index.php?rest_route=%2Fwp%2Fv2%2Fcomments&post=28697"}],"version-history":[{"count":1,"href":"https:\/\/cuernavaca.gob.mx\/index.php?rest_route=\/wp\/v2\/posts\/28697\/revisions"}],"predecessor-version":[{"id":28718,"href":"https:\/\/cuernavaca.gob.mx\/index.php?rest_route=\/wp\/v2\/posts\/28697\/revisions\/28718"}],"wp:featuredmedia":[{"embeddable":true,"href":"https:\/\/cuernavaca.gob.mx\/index.php?rest_route=\/wp\/v2\/media\/28702"}],"wp:attachment":[{"href":"https:\/\/cuernavaca.gob.mx\/index.php?rest_route=%2Fwp%2Fv2%2Fmedia&parent=28697"}],"wp:term":[{"taxonomy":"category","embeddable":true,"href":"https:\/\/cuernavaca.gob.mx\/index.php?rest_route=%2Fwp%2Fv2%2Fcategories&post=28697"},{"taxonomy":"post_tag","embeddable":true,"href":"https:\/\/cuernavaca.gob.mx\/index.php?rest_route=%2Fwp%2Fv2%2Ftags&post=28697"}],"curies":[{"name":"wp","href":"https:\/\/api.w.org\/{rel}","templated":true}]}}