{"id":28746,"date":"2023-05-28T16:00:00","date_gmt":"2023-05-28T22:00:00","guid":{"rendered":"https:\/\/cuernavaca.gob.mx\/?p=28746"},"modified":"2025-05-06T12:38:52","modified_gmt":"2025-05-06T18:38:52","slug":"b1011-28-05-23-jose-luis-uriostegui-refrenda-su-disposicion-para-seguir-trabajando-con-las-comunidades-indigenas-de-cuernavaca","status":"publish","type":"post","link":"https:\/\/cuernavaca.gob.mx\/?p=28746","title":{"rendered":"B1011 28\/05\/23 JOS\u00c9 LUIS URI\u00d3STEGUI REFRENDA SU DISPOSICI\u00d3N PARA SEGUIR TRABAJANDO CON LAS COMUNIDADES IND\u00cdGENAS DE CUERNAVACA"},"content":{"rendered":"\n<p><strong>\u2022 El presidente municipal particip\u00f3 este domingo en la toma protesta y abastonamiento del Gobierno Superior Ind\u00edgena y el Consejo Mayor del Se\u00f1or\u00edo de Cuauhn\u00e1huac en la zona arqueol\u00f3gica de Teopanzolco<\/strong><\/p>\n\n\n\n<p><strong>\u2022 Tambi\u00e9n recibi\u00f3 un bast\u00f3n de encargo y la regidora Wendi Salinas recibi\u00f3 un bast\u00f3n de mando como Cihuapilli del Consejo Mayor del Gobierno Superior Ind\u00edgena del Se\u00f1or\u00edo de Cuauhn\u00e1huac<\/strong><\/p>\n\n\n\n<p>&#8220;A seguir trabajando juntos para enaltecer los valores generados por las antiguas culturas&#8221;, fue el compromiso que hizo el presidente municipal de Cuernavaca, Jos\u00e9 Luis Uri\u00f3stegui Salgado, tras ser reconocido este domingo por el Consejo Mayor del Gobierno Superior Ind\u00edgena del Se\u00f1or\u00edo de Cuauhn\u00e1huac que le entreg\u00f3 un bast\u00f3n de encargo y en el cual forma parte la regidora Wendi Salinas Ruiz, como Cihuapilli.<\/p>\n\n\n\n<p>Lo anterior, fue en el marco de la toma protesta y abastonamiento del Gobierno Superior Ind\u00edgena y el Consejo Mayor del Se\u00f1or\u00edo de Cuauhn\u00e1huac, desarrollado en la zona arqueol\u00f3gica de Teopanzolco, donde representantes de los 12 poblados originales de Cuernavaca reconocidos como Tehuitlis (Se\u00f1ores) y Cihuapillis (Se\u00f1oras) fueron convocados para iniciar una etapa de unificaci\u00f3n como uno solo.<\/p>\n\n\n\n<p>Como anfitri\u00f3n del evento, Jos\u00e9 Luis Uri\u00f3stegui reconoci\u00f3 la importancia de sumar esfuerzos entre autoridades del pueblo ind\u00edgena y civiles, a fin de alcanzar las metas que en lo particular en Cuernavaca m\u00e1s de 30 mil personas que se autoadscriben como ind\u00edgenas todav\u00eda no han logrado; adem\u00e1s de coincidir en lo que se quiere transmitir como usos y costumbres frente a las decisiones de autoridades plasmadas en las leyes, lo cual podr\u00e1 generar una convivencia m\u00e1s adecuada entre quienes se autoadscriben como ind\u00edgenas y quienes no ven con buenos ojos que estas decisiones se preserven.<\/p>\n\n\n\n<p>En su mensaje, la regidora y Cihuapilli del Consejo Mayor, Wendi Salinas Ruiz, puntualiz\u00f3 que el jefe superior de los Tehuitlis y Cihuapillis de los 12 pueblos debe escuchar y atender las necesidades y demandas de todas las comunidades ind\u00edgenas siempre con el compromiso de trabajar en conjunto y ofrecer manos para ser cada vez m\u00e1s quienes sumen a estas tareas, construyendo un nuevo rumbo que garantice el respeto a los derechos, la inclusi\u00f3n, el fomento del desarrollo sustentable en sus territorios, y el acceso equitativo a la educaci\u00f3n, a la salud, a la vivienda y a los servicios que sus comunidades necesitan, respetando la cosmovisi\u00f3n ind\u00edgena.<\/p>\n\n\n\n<p>La exposici\u00f3n de motivos estuvo a cargo del Jefe Superior del Consejo Mayor del Se\u00f1or\u00edo de Cuauhn\u00e1huac, Manuel G\u00f3mez V\u00e1zquez, quien subray\u00f3 que recibir un bast\u00f3n de mando no les hace ser gobernadores ni querer competir con las autoridades civiles, al contrario, implica un gran compromiso y una enorme responsabilidad moral, promoviendo la unidad con las autoridades civiles en buscar del bienestar de las comunidades ind\u00edgenas.<\/p>\n\n\n\n<p>Ante el templo principal de la zona arqueol\u00f3gica de Teopanzolco, se llev\u00f3 a cabo la ceremonia de \u201cAbastonamiento de Mando\u201d del Jefe Superior y de los Tecuhtlis y Cihuapillis de los 12 pueblos que conforman el Se\u00f1or\u00edo de Cuauhn\u00e1huac, como Julian Jim\u00e9nez Andrade, Tecuhtli de Acapantzingo; Emmanuel Barrera Ju\u00e1rez, Tecuhtli de Ahuatepec; Yolanda Gonz\u00e1lez Arce, Cihuapilli de Analco; Gabriela Pacheco L\u00f3pez, Cihuapilli de Chamilpa; Concepci\u00f3n Valle Rom\u00e1n y Jessica Vargas, Cihuapillis de Chipitl\u00e1n; Miguel Dur\u00e1n Hern\u00e1ndez, Tecuhtli de Tetela.<\/p>\n\n\n\n<p>Asimismo, Nohe Fernando Flores Medina, Tecuhtli de Ahuacatitl\u00e1n; Pedro Cervantes Trejo, Tecuhtli de Amatitl\u00e1n; Mar\u00eda del Carmen Orihuela Gallardo, Cihuapilli de Buena Vista del Monte; Jos\u00e9 Alberto Cabrera Flores, Tecuhtli de Chapultepec; Isidro Rosales Bizarro, Tecuhtli de Ocotepec y Jos\u00e9 Gabriel Navarro Rojas, Tecuhtli de Tlaltenango.<\/p>\n\n\n\n<p>A esta ceremonia sin precedentes asisti\u00f3 el Jefe Supremo Nacional del Gobierno Superior Ind\u00edgena, L\u00e1zaro Emilio Rubio Aguilar, quien atestigu\u00f3 la entrega de bastones de mando, bastones de encargo, medallas y reconocimientos a distintas personalidades y autoridades del Consejo Mayor del Gobierno Superior Ind\u00edgena del Se\u00f1or\u00edo de Cuauhn\u00e1huac.<\/p>\n\n\n\n<p>Se cont\u00f3 con la presencia en representaci\u00f3n del gobernador Cuauht\u00e9moc Blanco Bravo, del director general de Atenci\u00f3n a Municipios, Luis Fernando Hidalgo Galicia; de la diputada federal, Alejandra Pani Barrag\u00e1n y la regidora de Cuernavaca, Patricia Torres Rosales.<\/p>\n\n\n\n<figure class=\"wp-container-2 wp-block-gallery-1 wp-block-gallery has-nested-images columns-default is-cropped\">\n<figure class=\"wp-block-image size-large\"><img loading=\"lazy\" width=\"1024\" height=\"683\" data-id=\"28751\"  src=\"https:\/\/cuernavaca.gob.mx\/wp-content\/uploads\/2023\/05\/Consejo-Mayor-del-Senorio-de-Cuauhnahuac-8-1024x683.jpeg\" alt=\"\" class=\"wp-image-28751\" srcset=\"https:\/\/cuernavaca.gob.mx\/wp-content\/uploads\/2023\/05\/Consejo-Mayor-del-Senorio-de-Cuauhnahuac-8-1024x683.jpeg 1024w, https:\/\/cuernavaca.gob.mx\/wp-content\/uploads\/2023\/05\/Consejo-Mayor-del-Senorio-de-Cuauhnahuac-8-300x200.jpeg 300w, https:\/\/cuernavaca.gob.mx\/wp-content\/uploads\/2023\/05\/Consejo-Mayor-del-Senorio-de-Cuauhnahuac-8-768x512.jpeg 768w, https:\/\/cuernavaca.gob.mx\/wp-content\/uploads\/2023\/05\/Consejo-Mayor-del-Senorio-de-Cuauhnahuac-8-1536x1024.jpeg 1536w, https:\/\/cuernavaca.gob.mx\/wp-content\/uploads\/2023\/05\/Consejo-Mayor-del-Senorio-de-Cuauhnahuac-8-600x400.jpeg 600w, https:\/\/cuernavaca.gob.mx\/wp-content\/uploads\/2023\/05\/Consejo-Mayor-del-Senorio-de-Cuauhnahuac-8-560x373.jpeg 560w, https:\/\/cuernavaca.gob.mx\/wp-content\/uploads\/2023\/05\/Consejo-Mayor-del-Senorio-de-Cuauhnahuac-8.jpeg 1599w\" sizes=\"(max-width: 1024px) 100vw, 1024px\" \/><\/figure>\n\n\n\n<figure class=\"wp-block-image size-large\"><img loading=\"lazy\" width=\"1024\" height=\"683\" data-id=\"28757\"  src=\"https:\/\/cuernavaca.gob.mx\/wp-content\/uploads\/2023\/05\/Consejo-Mayor-del-Senorio-de-Cuauhnahuac-9-1024x683.jpeg\" alt=\"\" class=\"wp-image-28757\" srcset=\"https:\/\/cuernavaca.gob.mx\/wp-content\/uploads\/2023\/05\/Consejo-Mayor-del-Senorio-de-Cuauhnahuac-9-1024x683.jpeg 1024w, https:\/\/cuernavaca.gob.mx\/wp-content\/uploads\/2023\/05\/Consejo-Mayor-del-Senorio-de-Cuauhnahuac-9-300x200.jpeg 300w, https:\/\/cuernavaca.gob.mx\/wp-content\/uploads\/2023\/05\/Consejo-Mayor-del-Senorio-de-Cuauhnahuac-9-768x512.jpeg 768w, https:\/\/cuernavaca.gob.mx\/wp-content\/uploads\/2023\/05\/Consejo-Mayor-del-Senorio-de-Cuauhnahuac-9-1536x1024.jpeg 1536w, https:\/\/cuernavaca.gob.mx\/wp-content\/uploads\/2023\/05\/Consejo-Mayor-del-Senorio-de-Cuauhnahuac-9-600x400.jpeg 600w, https:\/\/cuernavaca.gob.mx\/wp-content\/uploads\/2023\/05\/Consejo-Mayor-del-Senorio-de-Cuauhnahuac-9-560x373.jpeg 560w, https:\/\/cuernavaca.gob.mx\/wp-content\/uploads\/2023\/05\/Consejo-Mayor-del-Senorio-de-Cuauhnahuac-9.jpeg 1599w\" sizes=\"(max-width: 1024px) 100vw, 1024px\" \/><\/figure>\n\n\n\n<figure class=\"wp-block-image size-large\"><img loading=\"lazy\" width=\"1024\" height=\"683\" data-id=\"28747\"  src=\"https:\/\/cuernavaca.gob.mx\/wp-content\/uploads\/2023\/05\/Consejo-Mayor-del-Senorio-de-Cuauhnahuac-1-1024x683.jpeg\" alt=\"\" class=\"wp-image-28747\" srcset=\"https:\/\/cuernavaca.gob.mx\/wp-content\/uploads\/2023\/05\/Consejo-Mayor-del-Senorio-de-Cuauhnahuac-1-1024x683.jpeg 1024w, https:\/\/cuernavaca.gob.mx\/wp-content\/uploads\/2023\/05\/Consejo-Mayor-del-Senorio-de-Cuauhnahuac-1-300x200.jpeg 300w, https:\/\/cuernavaca.gob.mx\/wp-content\/uploads\/2023\/05\/Consejo-Mayor-del-Senorio-de-Cuauhnahuac-1-768x512.jpeg 768w, https:\/\/cuernavaca.gob.mx\/wp-content\/uploads\/2023\/05\/Consejo-Mayor-del-Senorio-de-Cuauhnahuac-1-1536x1024.jpeg 1536w, https:\/\/cuernavaca.gob.mx\/wp-content\/uploads\/2023\/05\/Consejo-Mayor-del-Senorio-de-Cuauhnahuac-1-600x400.jpeg 600w, https:\/\/cuernavaca.gob.mx\/wp-content\/uploads\/2023\/05\/Consejo-Mayor-del-Senorio-de-Cuauhnahuac-1-560x373.jpeg 560w, https:\/\/cuernavaca.gob.mx\/wp-content\/uploads\/2023\/05\/Consejo-Mayor-del-Senorio-de-Cuauhnahuac-1.jpeg 1599w\" sizes=\"(max-width: 1024px) 100vw, 1024px\" \/><\/figure>\n\n\n\n<figure class=\"wp-block-image size-large\"><img loading=\"lazy\" width=\"1024\" height=\"683\" data-id=\"28753\"  src=\"https:\/\/cuernavaca.gob.mx\/wp-content\/uploads\/2023\/05\/Consejo-Mayor-del-Senorio-de-Cuauhnahuac-2-1024x683.jpeg\" alt=\"\" class=\"wp-image-28753\" srcset=\"https:\/\/cuernavaca.gob.mx\/wp-content\/uploads\/2023\/05\/Consejo-Mayor-del-Senorio-de-Cuauhnahuac-2-1024x683.jpeg 1024w, https:\/\/cuernavaca.gob.mx\/wp-content\/uploads\/2023\/05\/Consejo-Mayor-del-Senorio-de-Cuauhnahuac-2-300x200.jpeg 300w, https:\/\/cuernavaca.gob.mx\/wp-content\/uploads\/2023\/05\/Consejo-Mayor-del-Senorio-de-Cuauhnahuac-2-768x512.jpeg 768w, https:\/\/cuernavaca.gob.mx\/wp-content\/uploads\/2023\/05\/Consejo-Mayor-del-Senorio-de-Cuauhnahuac-2-1536x1024.jpeg 1536w, https:\/\/cuernavaca.gob.mx\/wp-content\/uploads\/2023\/05\/Consejo-Mayor-del-Senorio-de-Cuauhnahuac-2-600x400.jpeg 600w, https:\/\/cuernavaca.gob.mx\/wp-content\/uploads\/2023\/05\/Consejo-Mayor-del-Senorio-de-Cuauhnahuac-2-560x373.jpeg 560w, https:\/\/cuernavaca.gob.mx\/wp-content\/uploads\/2023\/05\/Consejo-Mayor-del-Senorio-de-Cuauhnahuac-2.jpeg 1599w\" sizes=\"(max-width: 1024px) 100vw, 1024px\" \/><\/figure>\n\n\n\n<figure class=\"wp-block-image size-large\"><img loading=\"lazy\" width=\"1024\" height=\"683\" data-id=\"28752\"  src=\"https:\/\/cuernavaca.gob.mx\/wp-content\/uploads\/2023\/05\/Consejo-Mayor-del-Senorio-de-Cuauhnahuac-3-1024x683.jpeg\" alt=\"\" class=\"wp-image-28752\" srcset=\"https:\/\/cuernavaca.gob.mx\/wp-content\/uploads\/2023\/05\/Consejo-Mayor-del-Senorio-de-Cuauhnahuac-3-1024x683.jpeg 1024w, https:\/\/cuernavaca.gob.mx\/wp-content\/uploads\/2023\/05\/Consejo-Mayor-del-Senorio-de-Cuauhnahuac-3-300x200.jpeg 300w, https:\/\/cuernavaca.gob.mx\/wp-content\/uploads\/2023\/05\/Consejo-Mayor-del-Senorio-de-Cuauhnahuac-3-768x512.jpeg 768w, https:\/\/cuernavaca.gob.mx\/wp-content\/uploads\/2023\/05\/Consejo-Mayor-del-Senorio-de-Cuauhnahuac-3-1536x1024.jpeg 1536w, https:\/\/cuernavaca.gob.mx\/wp-content\/uploads\/2023\/05\/Consejo-Mayor-del-Senorio-de-Cuauhnahuac-3-600x400.jpeg 600w, https:\/\/cuernavaca.gob.mx\/wp-content\/uploads\/2023\/05\/Consejo-Mayor-del-Senorio-de-Cuauhnahuac-3-560x373.jpeg 560w, https:\/\/cuernavaca.gob.mx\/wp-content\/uploads\/2023\/05\/Consejo-Mayor-del-Senorio-de-Cuauhnahuac-3.jpeg 1599w\" sizes=\"(max-width: 1024px) 100vw, 1024px\" \/><\/figure>\n\n\n\n<figure class=\"wp-block-image size-large\"><img loading=\"lazy\" width=\"1024\" height=\"683\" data-id=\"28759\"  src=\"https:\/\/cuernavaca.gob.mx\/wp-content\/uploads\/2023\/05\/Consejo-Mayor-del-Senorio-de-Cuauhnahuac-4-1024x683.jpeg\" alt=\"\" class=\"wp-image-28759\" srcset=\"https:\/\/cuernavaca.gob.mx\/wp-content\/uploads\/2023\/05\/Consejo-Mayor-del-Senorio-de-Cuauhnahuac-4-1024x683.jpeg 1024w, https:\/\/cuernavaca.gob.mx\/wp-content\/uploads\/2023\/05\/Consejo-Mayor-del-Senorio-de-Cuauhnahuac-4-300x200.jpeg 300w, https:\/\/cuernavaca.gob.mx\/wp-content\/uploads\/2023\/05\/Consejo-Mayor-del-Senorio-de-Cuauhnahuac-4-768x512.jpeg 768w, https:\/\/cuernavaca.gob.mx\/wp-content\/uploads\/2023\/05\/Consejo-Mayor-del-Senorio-de-Cuauhnahuac-4-1536x1024.jpeg 1536w, https:\/\/cuernavaca.gob.mx\/wp-content\/uploads\/2023\/05\/Consejo-Mayor-del-Senorio-de-Cuauhnahuac-4-600x400.jpeg 600w, https:\/\/cuernavaca.gob.mx\/wp-content\/uploads\/2023\/05\/Consejo-Mayor-del-Senorio-de-Cuauhnahuac-4-560x373.jpeg 560w, https:\/\/cuernavaca.gob.mx\/wp-content\/uploads\/2023\/05\/Consejo-Mayor-del-Senorio-de-Cuauhnahuac-4.jpeg 1599w\" sizes=\"(max-width: 1024px) 100vw, 1024px\" \/><\/figure>\n\n\n\n<figure class=\"wp-block-image size-large\"><img loading=\"lazy\" width=\"1024\" height=\"683\" data-id=\"28760\"  src=\"https:\/\/cuernavaca.gob.mx\/wp-content\/uploads\/2023\/05\/Consejo-Mayor-del-Senorio-de-Cuauhnahuac-5-1024x683.jpeg\" alt=\"\" class=\"wp-image-28760\" srcset=\"https:\/\/cuernavaca.gob.mx\/wp-content\/uploads\/2023\/05\/Consejo-Mayor-del-Senorio-de-Cuauhnahuac-5-1024x683.jpeg 1024w, https:\/\/cuernavaca.gob.mx\/wp-content\/uploads\/2023\/05\/Consejo-Mayor-del-Senorio-de-Cuauhnahuac-5-300x200.jpeg 300w, https:\/\/cuernavaca.gob.mx\/wp-content\/uploads\/2023\/05\/Consejo-Mayor-del-Senorio-de-Cuauhnahuac-5-768x512.jpeg 768w, https:\/\/cuernavaca.gob.mx\/wp-content\/uploads\/2023\/05\/Consejo-Mayor-del-Senorio-de-Cuauhnahuac-5-1536x1024.jpeg 1536w, https:\/\/cuernavaca.gob.mx\/wp-content\/uploads\/2023\/05\/Consejo-Mayor-del-Senorio-de-Cuauhnahuac-5-600x400.jpeg 600w, https:\/\/cuernavaca.gob.mx\/wp-content\/uploads\/2023\/05\/Consejo-Mayor-del-Senorio-de-Cuauhnahuac-5-560x373.jpeg 560w, https:\/\/cuernavaca.gob.mx\/wp-content\/uploads\/2023\/05\/Consejo-Mayor-del-Senorio-de-Cuauhnahuac-5.jpeg 1599w\" sizes=\"(max-width: 1024px) 100vw, 1024px\" \/><\/figure>\n\n\n\n<figure class=\"wp-block-image size-large\"><img loading=\"lazy\" width=\"1024\" height=\"683\" data-id=\"28758\"  src=\"https:\/\/cuernavaca.gob.mx\/wp-content\/uploads\/2023\/05\/Consejo-Mayor-del-Senorio-de-Cuauhnahuac-6-1024x683.jpeg\" alt=\"\" class=\"wp-image-28758\" srcset=\"https:\/\/cuernavaca.gob.mx\/wp-content\/uploads\/2023\/05\/Consejo-Mayor-del-Senorio-de-Cuauhnahuac-6-1024x683.jpeg 1024w, https:\/\/cuernavaca.gob.mx\/wp-content\/uploads\/2023\/05\/Consejo-Mayor-del-Senorio-de-Cuauhnahuac-6-300x200.jpeg 300w, https:\/\/cuernavaca.gob.mx\/wp-content\/uploads\/2023\/05\/Consejo-Mayor-del-Senorio-de-Cuauhnahuac-6-768x512.jpeg 768w, https:\/\/cuernavaca.gob.mx\/wp-content\/uploads\/2023\/05\/Consejo-Mayor-del-Senorio-de-Cuauhnahuac-6-1536x1024.jpeg 1536w, https:\/\/cuernavaca.gob.mx\/wp-content\/uploads\/2023\/05\/Consejo-Mayor-del-Senorio-de-Cuauhnahuac-6-600x400.jpeg 600w, https:\/\/cuernavaca.gob.mx\/wp-content\/uploads\/2023\/05\/Consejo-Mayor-del-Senorio-de-Cuauhnahuac-6-560x373.jpeg 560w, https:\/\/cuernavaca.gob.mx\/wp-content\/uploads\/2023\/05\/Consejo-Mayor-del-Senorio-de-Cuauhnahuac-6.jpeg 1599w\" sizes=\"(max-width: 1024px) 100vw, 1024px\" \/><\/figure>\n\n\n\n<figure class=\"wp-block-image size-large\"><img loading=\"lazy\" width=\"1024\" height=\"683\" data-id=\"28754\"  src=\"https:\/\/cuernavaca.gob.mx\/wp-content\/uploads\/2023\/05\/Consejo-Mayor-del-Senorio-de-Cuauhnahuac-7-1024x683.jpeg\" alt=\"\" class=\"wp-image-28754\" srcset=\"https:\/\/cuernavaca.gob.mx\/wp-content\/uploads\/2023\/05\/Consejo-Mayor-del-Senorio-de-Cuauhnahuac-7-1024x683.jpeg 1024w, https:\/\/cuernavaca.gob.mx\/wp-content\/uploads\/2023\/05\/Consejo-Mayor-del-Senorio-de-Cuauhnahuac-7-300x200.jpeg 300w, https:\/\/cuernavaca.gob.mx\/wp-content\/uploads\/2023\/05\/Consejo-Mayor-del-Senorio-de-Cuauhnahuac-7-768x512.jpeg 768w, https:\/\/cuernavaca.gob.mx\/wp-content\/uploads\/2023\/05\/Consejo-Mayor-del-Senorio-de-Cuauhnahuac-7-1536x1024.jpeg 1536w, https:\/\/cuernavaca.gob.mx\/wp-content\/uploads\/2023\/05\/Consejo-Mayor-del-Senorio-de-Cuauhnahuac-7-600x400.jpeg 600w, https:\/\/cuernavaca.gob.mx\/wp-content\/uploads\/2023\/05\/Consejo-Mayor-del-Senorio-de-Cuauhnahuac-7-560x373.jpeg 560w, https:\/\/cuernavaca.gob.mx\/wp-content\/uploads\/2023\/05\/Consejo-Mayor-del-Senorio-de-Cuauhnahuac-7.jpeg 1599w\" sizes=\"(max-width: 1024px) 100vw, 1024px\" \/><\/figure>\n\n\n\n<figure class=\"wp-block-image size-large\"><img loading=\"lazy\" width=\"1024\" height=\"683\" data-id=\"28750\"  src=\"https:\/\/cuernavaca.gob.mx\/wp-content\/uploads\/2023\/05\/Consejo-Mayor-del-Senorio-de-Cuauhnahuac-10-1024x683.jpeg\" alt=\"\" class=\"wp-image-28750\" srcset=\"https:\/\/cuernavaca.gob.mx\/wp-content\/uploads\/2023\/05\/Consejo-Mayor-del-Senorio-de-Cuauhnahuac-10-1024x683.jpeg 1024w, https:\/\/cuernavaca.gob.mx\/wp-content\/uploads\/2023\/05\/Consejo-Mayor-del-Senorio-de-Cuauhnahuac-10-300x200.jpeg 300w, https:\/\/cuernavaca.gob.mx\/wp-content\/uploads\/2023\/05\/Consejo-Mayor-del-Senorio-de-Cuauhnahuac-10-768x512.jpeg 768w, https:\/\/cuernavaca.gob.mx\/wp-content\/uploads\/2023\/05\/Consejo-Mayor-del-Senorio-de-Cuauhnahuac-10-1536x1024.jpeg 1536w, https:\/\/cuernavaca.gob.mx\/wp-content\/uploads\/2023\/05\/Consejo-Mayor-del-Senorio-de-Cuauhnahuac-10-600x400.jpeg 600w, https:\/\/cuernavaca.gob.mx\/wp-content\/uploads\/2023\/05\/Consejo-Mayor-del-Senorio-de-Cuauhnahuac-10-560x373.jpeg 560w, https:\/\/cuernavaca.gob.mx\/wp-content\/uploads\/2023\/05\/Consejo-Mayor-del-Senorio-de-Cuauhnahuac-10.jpeg 1599w\" sizes=\"(max-width: 1024px) 100vw, 1024px\" \/><\/figure>\n\n\n\n<figure class=\"wp-block-image size-large\"><img loading=\"lazy\" width=\"1024\" height=\"683\" data-id=\"28756\"  src=\"https:\/\/cuernavaca.gob.mx\/wp-content\/uploads\/2023\/05\/Consejo-Mayor-del-Senorio-de-Cuauhnahuac-11-1024x683.jpeg\" alt=\"\" class=\"wp-image-28756\" srcset=\"https:\/\/cuernavaca.gob.mx\/wp-content\/uploads\/2023\/05\/Consejo-Mayor-del-Senorio-de-Cuauhnahuac-11-1024x683.jpeg 1024w, https:\/\/cuernavaca.gob.mx\/wp-content\/uploads\/2023\/05\/Consejo-Mayor-del-Senorio-de-Cuauhnahuac-11-300x200.jpeg 300w, https:\/\/cuernavaca.gob.mx\/wp-content\/uploads\/2023\/05\/Consejo-Mayor-del-Senorio-de-Cuauhnahuac-11-768x512.jpeg 768w, https:\/\/cuernavaca.gob.mx\/wp-content\/uploads\/2023\/05\/Consejo-Mayor-del-Senorio-de-Cuauhnahuac-11-1536x1024.jpeg 1536w, https:\/\/cuernavaca.gob.mx\/wp-content\/uploads\/2023\/05\/Consejo-Mayor-del-Senorio-de-Cuauhnahuac-11-600x400.jpeg 600w, https:\/\/cuernavaca.gob.mx\/wp-content\/uploads\/2023\/05\/Consejo-Mayor-del-Senorio-de-Cuauhnahuac-11-560x373.jpeg 560w, https:\/\/cuernavaca.gob.mx\/wp-content\/uploads\/2023\/05\/Consejo-Mayor-del-Senorio-de-Cuauhnahuac-11.jpeg 1599w\" sizes=\"(max-width: 1024px) 100vw, 1024px\" \/><\/figure>\n\n\n\n<figure class=\"wp-block-image size-large\"><img loading=\"lazy\" width=\"1024\" height=\"683\" data-id=\"28761\"  src=\"https:\/\/cuernavaca.gob.mx\/wp-content\/uploads\/2023\/05\/Consejo-Mayor-del-Senorio-de-Cuauhnahuac-12-1024x683.jpeg\" alt=\"\" class=\"wp-image-28761\" srcset=\"https:\/\/cuernavaca.gob.mx\/wp-content\/uploads\/2023\/05\/Consejo-Mayor-del-Senorio-de-Cuauhnahuac-12-1024x683.jpeg 1024w, https:\/\/cuernavaca.gob.mx\/wp-content\/uploads\/2023\/05\/Consejo-Mayor-del-Senorio-de-Cuauhnahuac-12-300x200.jpeg 300w, https:\/\/cuernavaca.gob.mx\/wp-content\/uploads\/2023\/05\/Consejo-Mayor-del-Senorio-de-Cuauhnahuac-12-768x512.jpeg 768w, https:\/\/cuernavaca.gob.mx\/wp-content\/uploads\/2023\/05\/Consejo-Mayor-del-Senorio-de-Cuauhnahuac-12-1536x1024.jpeg 1536w, https:\/\/cuernavaca.gob.mx\/wp-content\/uploads\/2023\/05\/Consejo-Mayor-del-Senorio-de-Cuauhnahuac-12-600x400.jpeg 600w, https:\/\/cuernavaca.gob.mx\/wp-content\/uploads\/2023\/05\/Consejo-Mayor-del-Senorio-de-Cuauhnahuac-12-560x373.jpeg 560w, https:\/\/cuernavaca.gob.mx\/wp-content\/uploads\/2023\/05\/Consejo-Mayor-del-Senorio-de-Cuauhnahuac-12.jpeg 1599w\" sizes=\"(max-width: 1024px) 100vw, 1024px\" \/><\/figure>\n\n\n\n<figure class=\"wp-block-image size-large\"><img loading=\"lazy\" width=\"1024\" height=\"683\" data-id=\"28749\"  src=\"https:\/\/cuernavaca.gob.mx\/wp-content\/uploads\/2023\/05\/Consejo-Mayor-del-Senorio-de-Cuauhnahuac-13-1024x683.jpeg\" alt=\"\" class=\"wp-image-28749\" srcset=\"https:\/\/cuernavaca.gob.mx\/wp-content\/uploads\/2023\/05\/Consejo-Mayor-del-Senorio-de-Cuauhnahuac-13-1024x683.jpeg 1024w, https:\/\/cuernavaca.gob.mx\/wp-content\/uploads\/2023\/05\/Consejo-Mayor-del-Senorio-de-Cuauhnahuac-13-300x200.jpeg 300w, https:\/\/cuernavaca.gob.mx\/wp-content\/uploads\/2023\/05\/Consejo-Mayor-del-Senorio-de-Cuauhnahuac-13-768x512.jpeg 768w, https:\/\/cuernavaca.gob.mx\/wp-content\/uploads\/2023\/05\/Consejo-Mayor-del-Senorio-de-Cuauhnahuac-13-1536x1024.jpeg 1536w, https:\/\/cuernavaca.gob.mx\/wp-content\/uploads\/2023\/05\/Consejo-Mayor-del-Senorio-de-Cuauhnahuac-13-600x400.jpeg 600w, https:\/\/cuernavaca.gob.mx\/wp-content\/uploads\/2023\/05\/Consejo-Mayor-del-Senorio-de-Cuauhnahuac-13-560x373.jpeg 560w, https:\/\/cuernavaca.gob.mx\/wp-content\/uploads\/2023\/05\/Consejo-Mayor-del-Senorio-de-Cuauhnahuac-13.jpeg 1599w\" sizes=\"(max-width: 1024px) 100vw, 1024px\" \/><\/figure>\n\n\n\n<figure class=\"wp-block-image size-large\"><img loading=\"lazy\" width=\"1024\" height=\"683\" data-id=\"28748\"  src=\"https:\/\/cuernavaca.gob.mx\/wp-content\/uploads\/2023\/05\/Consejo-Mayor-del-Senorio-de-Cuauhnahuac-14-1024x683.jpeg\" alt=\"\" class=\"wp-image-28748\" srcset=\"https:\/\/cuernavaca.gob.mx\/wp-content\/uploads\/2023\/05\/Consejo-Mayor-del-Senorio-de-Cuauhnahuac-14-1024x683.jpeg 1024w, https:\/\/cuernavaca.gob.mx\/wp-content\/uploads\/2023\/05\/Consejo-Mayor-del-Senorio-de-Cuauhnahuac-14-300x200.jpeg 300w, https:\/\/cuernavaca.gob.mx\/wp-content\/uploads\/2023\/05\/Consejo-Mayor-del-Senorio-de-Cuauhnahuac-14-768x512.jpeg 768w, https:\/\/cuernavaca.gob.mx\/wp-content\/uploads\/2023\/05\/Consejo-Mayor-del-Senorio-de-Cuauhnahuac-14-1536x1024.jpeg 1536w, https:\/\/cuernavaca.gob.mx\/wp-content\/uploads\/2023\/05\/Consejo-Mayor-del-Senorio-de-Cuauhnahuac-14-600x400.jpeg 600w, https:\/\/cuernavaca.gob.mx\/wp-content\/uploads\/2023\/05\/Consejo-Mayor-del-Senorio-de-Cuauhnahuac-14-560x373.jpeg 560w, https:\/\/cuernavaca.gob.mx\/wp-content\/uploads\/2023\/05\/Consejo-Mayor-del-Senorio-de-Cuauhnahuac-14.jpeg 1599w\" sizes=\"(max-width: 1024px) 100vw, 1024px\" \/><\/figure>\n\n\n\n<figure class=\"wp-block-image size-large\"><img loading=\"lazy\" width=\"1024\" height=\"683\" data-id=\"28755\"  src=\"https:\/\/cuernavaca.gob.mx\/wp-content\/uploads\/2023\/05\/Consejo-Mayor-del-Senorio-de-Cuauhnahuac-15-1024x683.jpeg\" alt=\"\" class=\"wp-image-28755\" srcset=\"https:\/\/cuernavaca.gob.mx\/wp-content\/uploads\/2023\/05\/Consejo-Mayor-del-Senorio-de-Cuauhnahuac-15-1024x683.jpeg 1024w, https:\/\/cuernavaca.gob.mx\/wp-content\/uploads\/2023\/05\/Consejo-Mayor-del-Senorio-de-Cuauhnahuac-15-300x200.jpeg 300w, https:\/\/cuernavaca.gob.mx\/wp-content\/uploads\/2023\/05\/Consejo-Mayor-del-Senorio-de-Cuauhnahuac-15-768x512.jpeg 768w, https:\/\/cuernavaca.gob.mx\/wp-content\/uploads\/2023\/05\/Consejo-Mayor-del-Senorio-de-Cuauhnahuac-15-1536x1024.jpeg 1536w, https:\/\/cuernavaca.gob.mx\/wp-content\/uploads\/2023\/05\/Consejo-Mayor-del-Senorio-de-Cuauhnahuac-15-600x400.jpeg 600w, https:\/\/cuernavaca.gob.mx\/wp-content\/uploads\/2023\/05\/Consejo-Mayor-del-Senorio-de-Cuauhnahuac-15-560x373.jpeg 560w, https:\/\/cuernavaca.gob.mx\/wp-content\/uploads\/2023\/05\/Consejo-Mayor-del-Senorio-de-Cuauhnahuac-15.jpeg 1599w\" sizes=\"(max-width: 1024px) 100vw, 1024px\" \/><\/figure>\n<\/figure>\n","protected":false},"excerpt":{"rendered":"<p>\u2022 El presidente municipal particip\u00f3 este domingo en la toma protesta y abastonamiento del Gobierno Superior Ind\u00edgena y el Consejo Mayor del Se\u00f1or\u00edo de Cuauhn\u00e1huac en la zona arqueol\u00f3gica de Teopanzolco \u2022 Tambi\u00e9n recibi\u00f3 un bast\u00f3n de encargo y la regidora Wendi Salinas recibi\u00f3 un bast\u00f3n de mando como Cihuapilli del Consejo Mayor del Gobierno [&hellip;]<\/p>\n","protected":false},"author":1,"featured_media":28754,"comment_status":"closed","ping_status":"open","sticky":false,"template":"","format":"standard","meta":[],"categories":[2292],"tags":[1261,121,190,3089,120,206,194],"aioseo_notices":[],"_links":{"self":[{"href":"https:\/\/cuernavaca.gob.mx\/index.php?rest_route=\/wp\/v2\/posts\/28746"}],"collection":[{"href":"https:\/\/cuernavaca.gob.mx\/index.php?rest_route=\/wp\/v2\/posts"}],"about":[{"href":"https:\/\/cuernavaca.gob.mx\/index.php?rest_route=\/wp\/v2\/types\/post"}],"author":[{"embeddable":true,"href":"https:\/\/cuernavaca.gob.mx\/index.php?rest_route=\/wp\/v2\/users\/1"}],"replies":[{"embeddable":true,"href":"https:\/\/cuernavaca.gob.mx\/index.php?rest_route=%2Fwp%2Fv2%2Fcomments&post=28746"}],"version-history":[{"count":1,"href":"https:\/\/cuernavaca.gob.mx\/index.php?rest_route=\/wp\/v2\/posts\/28746\/revisions"}],"predecessor-version":[{"id":28762,"href":"https:\/\/cuernavaca.gob.mx\/index.php?rest_route=\/wp\/v2\/posts\/28746\/revisions\/28762"}],"wp:featuredmedia":[{"embeddable":true,"href":"https:\/\/cuernavaca.gob.mx\/index.php?rest_route=\/wp\/v2\/media\/28754"}],"wp:attachment":[{"href":"https:\/\/cuernavaca.gob.mx\/index.php?rest_route=%2Fwp%2Fv2%2Fmedia&parent=28746"}],"wp:term":[{"taxonomy":"category","embeddable":true,"href":"https:\/\/cuernavaca.gob.mx\/index.php?rest_route=%2Fwp%2Fv2%2Fcategories&post=28746"},{"taxonomy":"post_tag","embeddable":true,"href":"https:\/\/cuernavaca.gob.mx\/index.php?rest_route=%2Fwp%2Fv2%2Ftags&post=28746"}],"curies":[{"name":"wp","href":"https:\/\/api.w.org\/{rel}","templated":true}]}}