{"id":28763,"date":"2023-05-28T16:15:00","date_gmt":"2023-05-28T22:15:00","guid":{"rendered":"https:\/\/cuernavaca.gob.mx\/?p=28763"},"modified":"2025-05-06T12:38:52","modified_gmt":"2025-05-06T18:38:52","slug":"f430-28-05-23-escucha-jose-luis-uriostegui-propuestas-ciudadanas-para-potenciar-la-actividad-artistica-cultural-y-economica-en-cuernavaca","status":"publish","type":"post","link":"https:\/\/cuernavaca.gob.mx\/?p=28763","title":{"rendered":"F430 28\/05\/23 ESCUCHA JOS\u00c9 LUIS URI\u00d3STEGUI PROPUESTAS CIUDADANAS PARA POTENCIAR LA ACTIVIDAD ART\u00cdSTICA, CULTURAL Y ECON\u00d3MICA EN CUERNAVACA"},"content":{"rendered":"\n<p>Con el objetivo de continuar sumando a los diferentes sectores de la poblaci\u00f3n en el trabajo de renacimiento de Cuernavaca, el presidente municipal, Jos\u00e9 Luis Uri\u00f3stegui Salgado, sostuvo una reuni\u00f3n de trabajo con ciudadanos integrantes del grupo de rescate de los espacios, la historia y la cr\u00f3nica de Cuernavaca, quienes le presentaron distintos proyectos viables que pueden fortalecer la actividad artistica, cultural, econ\u00f3mica y tur\u00edstica de la capital morelense.<\/p>\n\n\n\n<p>Este tipo de encuentros se efect\u00faan peri\u00f3dicamente, en esta ocasi\u00f3n fue convocado por el presidente del grupo, el escritor, cronista e historiador, Carlos Lav\u00edn Figueroa, donde participaron distintas personalidades cuernavacenses, morelenses y de otros pa\u00edses, que su amor por Cuernavaca los ha unido, como la doctora Silvia Elena Guti\u00e9rrez Rojas, Carlos R\u00edos Venegas; el qu\u00edmico, Jos\u00e9 Sigona; el representante consular de la Embajada de Italia, Marc Pariente; el notario p\u00fablico, Francisco Rub\u00ed Becerril; y el doctor en Ciencias, Isaac Pilatowsky Figueroa, as\u00ed como el coordinador del Consejo Consultivo de Turismo del municipio (COCTUR), Marcos Manuel Su\u00e1rez Gerard.<\/p>\n\n\n\n<p>En el encuentro, Jos\u00e9 Luis Uri\u00f3stegui conoci\u00f3 algunos proyectos que tienen con el objetivo mejorar al territorio en distintos rubros, desde vialidades, hasta comercio, turismo, arte, cultura y ciencia, manifest\u00e1ndole su inter\u00e9s por coadyuvar en acciones y actividades que ha iniciado la administraci\u00f3n p\u00fablica.<\/p>\n\n\n\n<p>Destacan temas como el rescate y repoblaci\u00f3n arb\u00f3rea y la poda regulada de \u00e1rboles que ponen en riesgo a la poblaci\u00f3n; el reforzamiento de los varios atractivos tur\u00edsticos de la ciudad; el rescate de espacios p\u00fablicos tanto verdes como para el paseo y esparcimiento; la realizaci\u00f3n de actividades que posicionen las artes y la cultura, entre otros, creando un frente com\u00fan de esta manera, para el desarrollo novedoso e hist\u00f3rico de Cuernavaca.<\/p>\n\n\n\n<figure class=\"wp-container-2 wp-block-gallery-1 wp-block-gallery has-nested-images columns-default is-cropped\">\n<figure class=\"wp-block-image size-large\"><img loading=\"lazy\" width=\"1024\" height=\"682\" data-id=\"28764\"  src=\"https:\/\/cuernavaca.gob.mx\/wp-content\/uploads\/2023\/05\/proyectos-culturales-cuernavaca-1-1024x682.jpeg\" alt=\"\" class=\"wp-image-28764\" srcset=\"https:\/\/cuernavaca.gob.mx\/wp-content\/uploads\/2023\/05\/proyectos-culturales-cuernavaca-1-1024x682.jpeg 1024w, https:\/\/cuernavaca.gob.mx\/wp-content\/uploads\/2023\/05\/proyectos-culturales-cuernavaca-1-300x200.jpeg 300w, https:\/\/cuernavaca.gob.mx\/wp-content\/uploads\/2023\/05\/proyectos-culturales-cuernavaca-1-768x512.jpeg 768w, https:\/\/cuernavaca.gob.mx\/wp-content\/uploads\/2023\/05\/proyectos-culturales-cuernavaca-1-600x400.jpeg 600w, https:\/\/cuernavaca.gob.mx\/wp-content\/uploads\/2023\/05\/proyectos-culturales-cuernavaca-1-560x373.jpeg 560w, https:\/\/cuernavaca.gob.mx\/wp-content\/uploads\/2023\/05\/proyectos-culturales-cuernavaca-1.jpeg 1280w\" sizes=\"(max-width: 1024px) 100vw, 1024px\" \/><\/figure>\n\n\n\n<figure class=\"wp-block-image size-large\"><img loading=\"lazy\" width=\"1024\" height=\"682\" data-id=\"28768\"  src=\"https:\/\/cuernavaca.gob.mx\/wp-content\/uploads\/2023\/05\/proyectos-culturales-cuernavaca-2-1024x682.jpeg\" alt=\"\" class=\"wp-image-28768\" srcset=\"https:\/\/cuernavaca.gob.mx\/wp-content\/uploads\/2023\/05\/proyectos-culturales-cuernavaca-2-1024x682.jpeg 1024w, https:\/\/cuernavaca.gob.mx\/wp-content\/uploads\/2023\/05\/proyectos-culturales-cuernavaca-2-300x200.jpeg 300w, https:\/\/cuernavaca.gob.mx\/wp-content\/uploads\/2023\/05\/proyectos-culturales-cuernavaca-2-768x512.jpeg 768w, https:\/\/cuernavaca.gob.mx\/wp-content\/uploads\/2023\/05\/proyectos-culturales-cuernavaca-2-600x400.jpeg 600w, https:\/\/cuernavaca.gob.mx\/wp-content\/uploads\/2023\/05\/proyectos-culturales-cuernavaca-2-560x373.jpeg 560w, https:\/\/cuernavaca.gob.mx\/wp-content\/uploads\/2023\/05\/proyectos-culturales-cuernavaca-2.jpeg 1280w\" sizes=\"(max-width: 1024px) 100vw, 1024px\" \/><\/figure>\n\n\n\n<figure class=\"wp-block-image size-large\"><img loading=\"lazy\" width=\"1024\" height=\"682\" data-id=\"28766\"  src=\"https:\/\/cuernavaca.gob.mx\/wp-content\/uploads\/2023\/05\/proyectos-culturales-cuernavaca-3-1024x682.jpeg\" alt=\"\" class=\"wp-image-28766\" srcset=\"https:\/\/cuernavaca.gob.mx\/wp-content\/uploads\/2023\/05\/proyectos-culturales-cuernavaca-3-1024x682.jpeg 1024w, https:\/\/cuernavaca.gob.mx\/wp-content\/uploads\/2023\/05\/proyectos-culturales-cuernavaca-3-300x200.jpeg 300w, https:\/\/cuernavaca.gob.mx\/wp-content\/uploads\/2023\/05\/proyectos-culturales-cuernavaca-3-768x512.jpeg 768w, https:\/\/cuernavaca.gob.mx\/wp-content\/uploads\/2023\/05\/proyectos-culturales-cuernavaca-3-600x400.jpeg 600w, https:\/\/cuernavaca.gob.mx\/wp-content\/uploads\/2023\/05\/proyectos-culturales-cuernavaca-3-560x373.jpeg 560w, https:\/\/cuernavaca.gob.mx\/wp-content\/uploads\/2023\/05\/proyectos-culturales-cuernavaca-3.jpeg 1280w\" sizes=\"(max-width: 1024px) 100vw, 1024px\" \/><\/figure>\n\n\n\n<figure class=\"wp-block-image size-large\"><img loading=\"lazy\" width=\"1024\" height=\"682\" data-id=\"28765\"  src=\"https:\/\/cuernavaca.gob.mx\/wp-content\/uploads\/2023\/05\/proyectos-culturales-cuernavaca-4-1024x682.jpeg\" alt=\"\" class=\"wp-image-28765\" srcset=\"https:\/\/cuernavaca.gob.mx\/wp-content\/uploads\/2023\/05\/proyectos-culturales-cuernavaca-4-1024x682.jpeg 1024w, https:\/\/cuernavaca.gob.mx\/wp-content\/uploads\/2023\/05\/proyectos-culturales-cuernavaca-4-300x200.jpeg 300w, https:\/\/cuernavaca.gob.mx\/wp-content\/uploads\/2023\/05\/proyectos-culturales-cuernavaca-4-768x512.jpeg 768w, https:\/\/cuernavaca.gob.mx\/wp-content\/uploads\/2023\/05\/proyectos-culturales-cuernavaca-4-600x400.jpeg 600w, https:\/\/cuernavaca.gob.mx\/wp-content\/uploads\/2023\/05\/proyectos-culturales-cuernavaca-4-560x373.jpeg 560w, https:\/\/cuernavaca.gob.mx\/wp-content\/uploads\/2023\/05\/proyectos-culturales-cuernavaca-4.jpeg 1280w\" sizes=\"(max-width: 1024px) 100vw, 1024px\" \/><\/figure>\n\n\n\n<figure class=\"wp-block-image size-large\"><img loading=\"lazy\" width=\"1024\" height=\"682\" data-id=\"28767\"  src=\"https:\/\/cuernavaca.gob.mx\/wp-content\/uploads\/2023\/05\/proyectos-culturales-cuernavaca-5-1024x682.jpeg\" alt=\"\" class=\"wp-image-28767\" srcset=\"https:\/\/cuernavaca.gob.mx\/wp-content\/uploads\/2023\/05\/proyectos-culturales-cuernavaca-5-1024x682.jpeg 1024w, https:\/\/cuernavaca.gob.mx\/wp-content\/uploads\/2023\/05\/proyectos-culturales-cuernavaca-5-300x200.jpeg 300w, https:\/\/cuernavaca.gob.mx\/wp-content\/uploads\/2023\/05\/proyectos-culturales-cuernavaca-5-768x512.jpeg 768w, https:\/\/cuernavaca.gob.mx\/wp-content\/uploads\/2023\/05\/proyectos-culturales-cuernavaca-5-600x400.jpeg 600w, https:\/\/cuernavaca.gob.mx\/wp-content\/uploads\/2023\/05\/proyectos-culturales-cuernavaca-5-560x373.jpeg 560w, https:\/\/cuernavaca.gob.mx\/wp-content\/uploads\/2023\/05\/proyectos-culturales-cuernavaca-5.jpeg 1280w\" sizes=\"(max-width: 1024px) 100vw, 1024px\" \/><\/figure>\n<\/figure>\n","protected":false},"excerpt":{"rendered":"<p>Con el objetivo de continuar sumando a los diferentes sectores de la poblaci\u00f3n en el trabajo de renacimiento de Cuernavaca, el presidente municipal, Jos\u00e9 Luis Uri\u00f3stegui Salgado, sostuvo una reuni\u00f3n de trabajo con ciudadanos integrantes del grupo de rescate de los espacios, la historia y la cr\u00f3nica de Cuernavaca, quienes le presentaron distintos proyectos viables [&hellip;]<\/p>\n","protected":false},"author":1,"featured_media":28765,"comment_status":"closed","ping_status":"open","sticky":false,"template":"","format":"standard","meta":[],"categories":[2292],"tags":[1300,121,190,120,206,1389],"aioseo_notices":[],"_links":{"self":[{"href":"https:\/\/cuernavaca.gob.mx\/index.php?rest_route=\/wp\/v2\/posts\/28763"}],"collection":[{"href":"https:\/\/cuernavaca.gob.mx\/index.php?rest_route=\/wp\/v2\/posts"}],"about":[{"href":"https:\/\/cuernavaca.gob.mx\/index.php?rest_route=\/wp\/v2\/types\/post"}],"author":[{"embeddable":true,"href":"https:\/\/cuernavaca.gob.mx\/index.php?rest_route=\/wp\/v2\/users\/1"}],"replies":[{"embeddable":true,"href":"https:\/\/cuernavaca.gob.mx\/index.php?rest_route=%2Fwp%2Fv2%2Fcomments&post=28763"}],"version-history":[{"count":1,"href":"https:\/\/cuernavaca.gob.mx\/index.php?rest_route=\/wp\/v2\/posts\/28763\/revisions"}],"predecessor-version":[{"id":28769,"href":"https:\/\/cuernavaca.gob.mx\/index.php?rest_route=\/wp\/v2\/posts\/28763\/revisions\/28769"}],"wp:featuredmedia":[{"embeddable":true,"href":"https:\/\/cuernavaca.gob.mx\/index.php?rest_route=\/wp\/v2\/media\/28765"}],"wp:attachment":[{"href":"https:\/\/cuernavaca.gob.mx\/index.php?rest_route=%2Fwp%2Fv2%2Fmedia&parent=28763"}],"wp:term":[{"taxonomy":"category","embeddable":true,"href":"https:\/\/cuernavaca.gob.mx\/index.php?rest_route=%2Fwp%2Fv2%2Fcategories&post=28763"},{"taxonomy":"post_tag","embeddable":true,"href":"https:\/\/cuernavaca.gob.mx\/index.php?rest_route=%2Fwp%2Fv2%2Ftags&post=28763"}],"curies":[{"name":"wp","href":"https:\/\/api.w.org\/{rel}","templated":true}]}}