{"id":28891,"date":"2023-05-31T17:30:00","date_gmt":"2023-05-31T23:30:00","guid":{"rendered":"https:\/\/cuernavaca.gob.mx\/?p=28891"},"modified":"2025-05-06T12:38:50","modified_gmt":"2025-05-06T18:38:50","slug":"b1018-31-05-23-entregan-la-presidenta-del-dif-cuernavaca-y-el-cabildo-capitalino-aparatos-auditivos-y-funcionales-con-recursos-del-arbol-de-la-bondad","status":"publish","type":"post","link":"https:\/\/cuernavaca.gob.mx\/?p=28891","title":{"rendered":"B1018 31\/05\/23 ENTREGAN LA PRESIDENTA DEL DIF CUERNAVACA Y EL CABILDO CAPITALINO APARATOS AUDITIVOS Y FUNCIONALES CON RECURSOS DEL \u00c1RBOL DE LA BONDAD"},"content":{"rendered":"\n<p><strong>\u2022 El Sistema Municipal DIF Cuernavaca hizo entrega este mi\u00e9rcoles de 71 aparatos auditivos y 16 aparatos funcionales a personas en estado de vulnerabilidad<\/strong><\/p>\n\n\n\n<p><strong>\u2022 Luz Mar\u00eda Zagal y el alcalde Jos\u00e9 Luis Uri\u00f3stegui agradecieron a cada una de las personas involucradas en este proyecto que fue muy exitoso<\/strong><\/p>\n\n\n\n<p>Bajo el compromiso de hacer m\u00e1s con menos y seguir trabajando integralmente para facilitar el desarrollo y apoyo de los grupos vulnerables en la ciudad, el Sistema Municipal DIF Cuernavaca hizo entrega este mi\u00e9rcoles de 71 aparatos auditivos y 16 aparatos funcionales a personas en estado de vulnerabilidad, que fueron adquiridos con los recursos recaudados de la subasta de \u00c1rboles de la Bondad, programa que fue creado por la presidenta , Luz Mar\u00eda Zagal Guzm\u00e1n, a fin de no atenerse tan solo a lo que presupuestalmente les asignan.<\/p>\n\n\n\n<p>El Museo de la Ciudad fue la sede de este importante evento, donde la presidenta del Sistema Municipal DIF Cuernavaca puntualiz\u00f3 que con esta entrega culminan una serie de actividades que iniciaron el a\u00f1o pasado cuando decidieron llevar a cabo el proyecto \u201cEl \u00c1rbol de la Bondad\u201d, que implico, no solo un gran esfuerzo laboral por parte del personal del DIF, sino tambi\u00e9n buscar a quienes integran el mundo art\u00edstico y quienes tuvieran inter\u00e9s en adquirir obras de arte en subastas para ayudar, logrando obtener una importante cantidad de recursos econ\u00f3micos que carec\u00edan para continuar ayudando a quienes m\u00e1s lo necesitan.<\/p>\n\n\n\n<p>\u201cGracias a artistas y compradores, pudimos adquirir aparatos funcionales para apoyar a personas que presentan alguna necesidad y superar la discapacidad temporal o permanente. A todas y todos los presentes les agradezco su confianza al DIF Municipal de Cuernavaca que supera obst\u00e1culos y carencias de recursos econ\u00f3micos para cumplir su misi\u00f3n de ayudar a personas en estado de vulnerabilidad con el apoyo de otras, cuya generosidad y solidaridad no tiene l\u00edmites\u201d, puntualiz\u00f3 Luz Mar\u00eda Zagal.<\/p>\n\n\n\n<p>En su mensaje, el presidente municipal, Jos\u00e9 Luis Uri\u00f3stegui Salgado, se\u00f1al\u00f3 que en el proyecto de \u201cEl \u00c1rbol de la Bondad\u201d participaron muchos artistas que generosamente dieron su trabajo para que este \u00e1rbol hecho de cer\u00e1mica y que fue pintado y adaptado pudieran ser subastados y adquiridos por vecinas y vecinos de Cuernavaca, personas interesadas en ayudar, lo que les permiti\u00f3 generar una mayor cantidad de recursos econ\u00f3micos.<\/p>\n\n\n\n<p>\u201cEl ayudar a que otras personas que no tienen los recursos econ\u00f3micos para comprar un aparato auditivo, para comprar una silla de ruedas y la que tienen ya casi no funciona, pero la deben seguir utilizando para poder movilizarse, es algo muy gratificante para todos nosotros\u201d, afirm\u00f3.<\/p>\n\n\n\n<p>Luz Mar\u00eda Zagal y Jos\u00e9 Luis Uri\u00f3stegui dieron un agradecimiento especial a cada una y uno de los involucrados en el \u00e9xito de este proyecto, particularmente a las personas presentes como Jorge Cazares Clement, Cecil Camil, Teodoro Lav\u00edn, Ana Fernando Uri\u00f3stegui, Mariana Uri\u00f3stegui, la s\u00edndica municipal, Ver\u00f3nica Atenco P\u00e9rez; las regidoras Mirna Delgado Romero, Wendi Salinas Ruiz y Paz Hern\u00e1ndez Pardo, as\u00ed como a los regidores Jes\u00fas Rosales Puebla, Fernando Carrillo Alvarado, Adri\u00e1n Mart\u00ednez Terrazas y V\u00edctor Manzo God\u00ednez, que hicieron entrega de los aparatos.<\/p>\n\n\n\n<p>En la almoneda participaron 113 artistas, quienes adem\u00e1s de sembrar bondad al intervenir un \u00e1rbol, donaron pinturas y esculturas de diferentes t\u00e9cnicas, as\u00ed como chamarras con dise\u00f1os personalizados y una reproducci\u00f3n de la obra \u201cQuetzalc\u00f3atl, Eje de las Culturas Mesoamericanas\u201d, del Maestro V\u00edctor Manuel Contreras, con ello se entregaron nueve sillas de ruedas, tres bastones sencillos y cuatro andaderas; adem\u00e1s de los aparatos auditivos que gracias a la voluntad de la empresa CTR Soluciones Auditivas y del doctor Marco Antonio Aguilar L\u00f3pez, los aparatos tuvieron un costo especial y permitieron al DIF Cuernavaca adquirir un mayor n\u00famero para beneficiar a m\u00e1s personas.<\/p>\n\n\n\n<figure class=\"wp-container-2 wp-block-gallery-1 wp-block-gallery has-nested-images columns-default is-cropped\">\n<figure class=\"wp-block-image size-large\"><img loading=\"lazy\" width=\"1024\" height=\"682\" data-id=\"28895\"  src=\"https:\/\/cuernavaca.gob.mx\/wp-content\/uploads\/2023\/05\/entrega-de-aparatos-funcionales-cuernavaca-1-1024x682.jpg\" alt=\"\" class=\"wp-image-28895\" srcset=\"https:\/\/cuernavaca.gob.mx\/wp-content\/uploads\/2023\/05\/entrega-de-aparatos-funcionales-cuernavaca-1-1024x682.jpg 1024w, https:\/\/cuernavaca.gob.mx\/wp-content\/uploads\/2023\/05\/entrega-de-aparatos-funcionales-cuernavaca-1-300x200.jpg 300w, https:\/\/cuernavaca.gob.mx\/wp-content\/uploads\/2023\/05\/entrega-de-aparatos-funcionales-cuernavaca-1-768x512.jpg 768w, https:\/\/cuernavaca.gob.mx\/wp-content\/uploads\/2023\/05\/entrega-de-aparatos-funcionales-cuernavaca-1-1536x1023.jpg 1536w, https:\/\/cuernavaca.gob.mx\/wp-content\/uploads\/2023\/05\/entrega-de-aparatos-funcionales-cuernavaca-1-600x400.jpg 600w, https:\/\/cuernavaca.gob.mx\/wp-content\/uploads\/2023\/05\/entrega-de-aparatos-funcionales-cuernavaca-1-560x373.jpg 560w, https:\/\/cuernavaca.gob.mx\/wp-content\/uploads\/2023\/05\/entrega-de-aparatos-funcionales-cuernavaca-1.jpg 1600w\" sizes=\"(max-width: 1024px) 100vw, 1024px\" \/><\/figure>\n\n\n\n<figure class=\"wp-block-image size-large\"><img loading=\"lazy\" width=\"1024\" height=\"682\" data-id=\"28896\"  src=\"https:\/\/cuernavaca.gob.mx\/wp-content\/uploads\/2023\/05\/entrega-de-aparatos-funcionales-cuernavaca-2-1024x682.jpg\" alt=\"\" class=\"wp-image-28896\" srcset=\"https:\/\/cuernavaca.gob.mx\/wp-content\/uploads\/2023\/05\/entrega-de-aparatos-funcionales-cuernavaca-2-1024x682.jpg 1024w, https:\/\/cuernavaca.gob.mx\/wp-content\/uploads\/2023\/05\/entrega-de-aparatos-funcionales-cuernavaca-2-300x200.jpg 300w, https:\/\/cuernavaca.gob.mx\/wp-content\/uploads\/2023\/05\/entrega-de-aparatos-funcionales-cuernavaca-2-768x512.jpg 768w, https:\/\/cuernavaca.gob.mx\/wp-content\/uploads\/2023\/05\/entrega-de-aparatos-funcionales-cuernavaca-2-1536x1023.jpg 1536w, https:\/\/cuernavaca.gob.mx\/wp-content\/uploads\/2023\/05\/entrega-de-aparatos-funcionales-cuernavaca-2-600x400.jpg 600w, https:\/\/cuernavaca.gob.mx\/wp-content\/uploads\/2023\/05\/entrega-de-aparatos-funcionales-cuernavaca-2-560x373.jpg 560w, https:\/\/cuernavaca.gob.mx\/wp-content\/uploads\/2023\/05\/entrega-de-aparatos-funcionales-cuernavaca-2.jpg 1600w\" sizes=\"(max-width: 1024px) 100vw, 1024px\" \/><\/figure>\n\n\n\n<figure class=\"wp-block-image size-large\"><img loading=\"lazy\" width=\"1024\" height=\"683\" data-id=\"28892\"  src=\"https:\/\/cuernavaca.gob.mx\/wp-content\/uploads\/2023\/05\/entrega-de-aparatos-funcionales-cuernavaca-3-1024x683.jpg\" alt=\"\" class=\"wp-image-28892\" srcset=\"https:\/\/cuernavaca.gob.mx\/wp-content\/uploads\/2023\/05\/entrega-de-aparatos-funcionales-cuernavaca-3-1024x683.jpg 1024w, https:\/\/cuernavaca.gob.mx\/wp-content\/uploads\/2023\/05\/entrega-de-aparatos-funcionales-cuernavaca-3-300x200.jpg 300w, https:\/\/cuernavaca.gob.mx\/wp-content\/uploads\/2023\/05\/entrega-de-aparatos-funcionales-cuernavaca-3-768x512.jpg 768w, https:\/\/cuernavaca.gob.mx\/wp-content\/uploads\/2023\/05\/entrega-de-aparatos-funcionales-cuernavaca-3-1536x1024.jpg 1536w, https:\/\/cuernavaca.gob.mx\/wp-content\/uploads\/2023\/05\/entrega-de-aparatos-funcionales-cuernavaca-3-600x400.jpg 600w, https:\/\/cuernavaca.gob.mx\/wp-content\/uploads\/2023\/05\/entrega-de-aparatos-funcionales-cuernavaca-3-560x373.jpg 560w, https:\/\/cuernavaca.gob.mx\/wp-content\/uploads\/2023\/05\/entrega-de-aparatos-funcionales-cuernavaca-3.jpg 1599w\" sizes=\"(max-width: 1024px) 100vw, 1024px\" \/><\/figure>\n\n\n\n<figure class=\"wp-block-image size-large\"><img loading=\"lazy\" width=\"1024\" height=\"683\" data-id=\"28893\"  src=\"https:\/\/cuernavaca.gob.mx\/wp-content\/uploads\/2023\/05\/entrega-de-aparatos-funcionales-cuernavaca-4-1024x683.jpg\" alt=\"\" class=\"wp-image-28893\" srcset=\"https:\/\/cuernavaca.gob.mx\/wp-content\/uploads\/2023\/05\/entrega-de-aparatos-funcionales-cuernavaca-4-1024x683.jpg 1024w, https:\/\/cuernavaca.gob.mx\/wp-content\/uploads\/2023\/05\/entrega-de-aparatos-funcionales-cuernavaca-4-300x200.jpg 300w, https:\/\/cuernavaca.gob.mx\/wp-content\/uploads\/2023\/05\/entrega-de-aparatos-funcionales-cuernavaca-4-768x512.jpg 768w, https:\/\/cuernavaca.gob.mx\/wp-content\/uploads\/2023\/05\/entrega-de-aparatos-funcionales-cuernavaca-4-1536x1024.jpg 1536w, https:\/\/cuernavaca.gob.mx\/wp-content\/uploads\/2023\/05\/entrega-de-aparatos-funcionales-cuernavaca-4-600x400.jpg 600w, https:\/\/cuernavaca.gob.mx\/wp-content\/uploads\/2023\/05\/entrega-de-aparatos-funcionales-cuernavaca-4-560x373.jpg 560w, https:\/\/cuernavaca.gob.mx\/wp-content\/uploads\/2023\/05\/entrega-de-aparatos-funcionales-cuernavaca-4.jpg 1599w\" sizes=\"(max-width: 1024px) 100vw, 1024px\" \/><\/figure>\n\n\n\n<figure class=\"wp-block-image size-large\"><img loading=\"lazy\" width=\"1024\" height=\"682\" data-id=\"28897\"  src=\"https:\/\/cuernavaca.gob.mx\/wp-content\/uploads\/2023\/05\/entrega-de-aparatos-funcionales-cuernavaca-5-1024x682.jpg\" alt=\"\" class=\"wp-image-28897\" srcset=\"https:\/\/cuernavaca.gob.mx\/wp-content\/uploads\/2023\/05\/entrega-de-aparatos-funcionales-cuernavaca-5-1024x682.jpg 1024w, https:\/\/cuernavaca.gob.mx\/wp-content\/uploads\/2023\/05\/entrega-de-aparatos-funcionales-cuernavaca-5-300x200.jpg 300w, https:\/\/cuernavaca.gob.mx\/wp-content\/uploads\/2023\/05\/entrega-de-aparatos-funcionales-cuernavaca-5-768x512.jpg 768w, https:\/\/cuernavaca.gob.mx\/wp-content\/uploads\/2023\/05\/entrega-de-aparatos-funcionales-cuernavaca-5-1536x1023.jpg 1536w, https:\/\/cuernavaca.gob.mx\/wp-content\/uploads\/2023\/05\/entrega-de-aparatos-funcionales-cuernavaca-5-600x400.jpg 600w, https:\/\/cuernavaca.gob.mx\/wp-content\/uploads\/2023\/05\/entrega-de-aparatos-funcionales-cuernavaca-5-560x373.jpg 560w, https:\/\/cuernavaca.gob.mx\/wp-content\/uploads\/2023\/05\/entrega-de-aparatos-funcionales-cuernavaca-5.jpg 1600w\" sizes=\"(max-width: 1024px) 100vw, 1024px\" \/><\/figure>\n\n\n\n<figure class=\"wp-block-image size-large\"><img loading=\"lazy\" width=\"1024\" height=\"682\" data-id=\"28898\"  src=\"https:\/\/cuernavaca.gob.mx\/wp-content\/uploads\/2023\/05\/entrega-de-aparatos-funcionales-cuernavaca-6-1024x682.jpg\" alt=\"\" class=\"wp-image-28898\" srcset=\"https:\/\/cuernavaca.gob.mx\/wp-content\/uploads\/2023\/05\/entrega-de-aparatos-funcionales-cuernavaca-6-1024x682.jpg 1024w, https:\/\/cuernavaca.gob.mx\/wp-content\/uploads\/2023\/05\/entrega-de-aparatos-funcionales-cuernavaca-6-300x200.jpg 300w, https:\/\/cuernavaca.gob.mx\/wp-content\/uploads\/2023\/05\/entrega-de-aparatos-funcionales-cuernavaca-6-768x512.jpg 768w, https:\/\/cuernavaca.gob.mx\/wp-content\/uploads\/2023\/05\/entrega-de-aparatos-funcionales-cuernavaca-6-1536x1023.jpg 1536w, https:\/\/cuernavaca.gob.mx\/wp-content\/uploads\/2023\/05\/entrega-de-aparatos-funcionales-cuernavaca-6-600x400.jpg 600w, https:\/\/cuernavaca.gob.mx\/wp-content\/uploads\/2023\/05\/entrega-de-aparatos-funcionales-cuernavaca-6-560x373.jpg 560w, https:\/\/cuernavaca.gob.mx\/wp-content\/uploads\/2023\/05\/entrega-de-aparatos-funcionales-cuernavaca-6.jpg 1600w\" sizes=\"(max-width: 1024px) 100vw, 1024px\" \/><\/figure>\n\n\n\n<figure class=\"wp-block-image size-large\"><img loading=\"lazy\" width=\"1024\" height=\"682\" data-id=\"28899\"  src=\"https:\/\/cuernavaca.gob.mx\/wp-content\/uploads\/2023\/05\/entrega-de-aparatos-funcionales-cuernavaca-7-1024x682.jpg\" alt=\"\" class=\"wp-image-28899\" srcset=\"https:\/\/cuernavaca.gob.mx\/wp-content\/uploads\/2023\/05\/entrega-de-aparatos-funcionales-cuernavaca-7-1024x682.jpg 1024w, https:\/\/cuernavaca.gob.mx\/wp-content\/uploads\/2023\/05\/entrega-de-aparatos-funcionales-cuernavaca-7-300x200.jpg 300w, https:\/\/cuernavaca.gob.mx\/wp-content\/uploads\/2023\/05\/entrega-de-aparatos-funcionales-cuernavaca-7-768x512.jpg 768w, https:\/\/cuernavaca.gob.mx\/wp-content\/uploads\/2023\/05\/entrega-de-aparatos-funcionales-cuernavaca-7-1536x1023.jpg 1536w, https:\/\/cuernavaca.gob.mx\/wp-content\/uploads\/2023\/05\/entrega-de-aparatos-funcionales-cuernavaca-7-600x400.jpg 600w, https:\/\/cuernavaca.gob.mx\/wp-content\/uploads\/2023\/05\/entrega-de-aparatos-funcionales-cuernavaca-7-560x373.jpg 560w, https:\/\/cuernavaca.gob.mx\/wp-content\/uploads\/2023\/05\/entrega-de-aparatos-funcionales-cuernavaca-7.jpg 1600w\" sizes=\"(max-width: 1024px) 100vw, 1024px\" \/><\/figure>\n\n\n\n<figure class=\"wp-block-image size-large\"><img loading=\"lazy\" width=\"682\" height=\"1024\" data-id=\"28894\"  src=\"https:\/\/cuernavaca.gob.mx\/wp-content\/uploads\/2023\/05\/entrega-de-aparatos-funcionales-cuernavaca-8-682x1024.jpg\" alt=\"\" class=\"wp-image-28894\" srcset=\"https:\/\/cuernavaca.gob.mx\/wp-content\/uploads\/2023\/05\/entrega-de-aparatos-funcionales-cuernavaca-8-682x1024.jpg 682w, https:\/\/cuernavaca.gob.mx\/wp-content\/uploads\/2023\/05\/entrega-de-aparatos-funcionales-cuernavaca-8-200x300.jpg 200w, https:\/\/cuernavaca.gob.mx\/wp-content\/uploads\/2023\/05\/entrega-de-aparatos-funcionales-cuernavaca-8-768x1153.jpg 768w, https:\/\/cuernavaca.gob.mx\/wp-content\/uploads\/2023\/05\/entrega-de-aparatos-funcionales-cuernavaca-8-1023x1536.jpg 1023w, https:\/\/cuernavaca.gob.mx\/wp-content\/uploads\/2023\/05\/entrega-de-aparatos-funcionales-cuernavaca-8-400x600.jpg 400w, https:\/\/cuernavaca.gob.mx\/wp-content\/uploads\/2023\/05\/entrega-de-aparatos-funcionales-cuernavaca-8-373x560.jpg 373w, https:\/\/cuernavaca.gob.mx\/wp-content\/uploads\/2023\/05\/entrega-de-aparatos-funcionales-cuernavaca-8.jpg 1066w\" sizes=\"(max-width: 682px) 100vw, 682px\" \/><\/figure>\n\n\n\n<figure class=\"wp-block-image size-large\"><img loading=\"lazy\" width=\"1024\" height=\"682\" data-id=\"28900\"  src=\"https:\/\/cuernavaca.gob.mx\/wp-content\/uploads\/2023\/05\/entrega-de-aparatos-funcionales-cuernavaca-9-1024x682.jpg\" alt=\"\" class=\"wp-image-28900\" srcset=\"https:\/\/cuernavaca.gob.mx\/wp-content\/uploads\/2023\/05\/entrega-de-aparatos-funcionales-cuernavaca-9-1024x682.jpg 1024w, https:\/\/cuernavaca.gob.mx\/wp-content\/uploads\/2023\/05\/entrega-de-aparatos-funcionales-cuernavaca-9-300x200.jpg 300w, https:\/\/cuernavaca.gob.mx\/wp-content\/uploads\/2023\/05\/entrega-de-aparatos-funcionales-cuernavaca-9-768x512.jpg 768w, https:\/\/cuernavaca.gob.mx\/wp-content\/uploads\/2023\/05\/entrega-de-aparatos-funcionales-cuernavaca-9-1536x1023.jpg 1536w, https:\/\/cuernavaca.gob.mx\/wp-content\/uploads\/2023\/05\/entrega-de-aparatos-funcionales-cuernavaca-9-600x400.jpg 600w, https:\/\/cuernavaca.gob.mx\/wp-content\/uploads\/2023\/05\/entrega-de-aparatos-funcionales-cuernavaca-9-560x373.jpg 560w, https:\/\/cuernavaca.gob.mx\/wp-content\/uploads\/2023\/05\/entrega-de-aparatos-funcionales-cuernavaca-9.jpg 1600w\" sizes=\"(max-width: 1024px) 100vw, 1024px\" \/><\/figure>\n\n\n\n<figure class=\"wp-block-image size-large\"><img loading=\"lazy\" width=\"682\" height=\"1024\" data-id=\"28901\"  src=\"https:\/\/cuernavaca.gob.mx\/wp-content\/uploads\/2023\/05\/entrega-de-aparatos-funcionales-cuernavaca-10-682x1024.jpg\" alt=\"\" class=\"wp-image-28901\" srcset=\"https:\/\/cuernavaca.gob.mx\/wp-content\/uploads\/2023\/05\/entrega-de-aparatos-funcionales-cuernavaca-10-682x1024.jpg 682w, https:\/\/cuernavaca.gob.mx\/wp-content\/uploads\/2023\/05\/entrega-de-aparatos-funcionales-cuernavaca-10-200x300.jpg 200w, https:\/\/cuernavaca.gob.mx\/wp-content\/uploads\/2023\/05\/entrega-de-aparatos-funcionales-cuernavaca-10-768x1153.jpg 768w, https:\/\/cuernavaca.gob.mx\/wp-content\/uploads\/2023\/05\/entrega-de-aparatos-funcionales-cuernavaca-10-1023x1536.jpg 1023w, https:\/\/cuernavaca.gob.mx\/wp-content\/uploads\/2023\/05\/entrega-de-aparatos-funcionales-cuernavaca-10-400x600.jpg 400w, https:\/\/cuernavaca.gob.mx\/wp-content\/uploads\/2023\/05\/entrega-de-aparatos-funcionales-cuernavaca-10-373x560.jpg 373w, https:\/\/cuernavaca.gob.mx\/wp-content\/uploads\/2023\/05\/entrega-de-aparatos-funcionales-cuernavaca-10.jpg 1066w\" sizes=\"(max-width: 682px) 100vw, 682px\" \/><\/figure>\n\n\n\n<figure class=\"wp-block-image size-large\"><img loading=\"lazy\" width=\"1024\" height=\"683\" data-id=\"28902\"  src=\"https:\/\/cuernavaca.gob.mx\/wp-content\/uploads\/2023\/05\/entrega-de-aparatos-funcionales-cuernavaca-11-1024x683.jpg\" alt=\"\" class=\"wp-image-28902\" srcset=\"https:\/\/cuernavaca.gob.mx\/wp-content\/uploads\/2023\/05\/entrega-de-aparatos-funcionales-cuernavaca-11-1024x683.jpg 1024w, https:\/\/cuernavaca.gob.mx\/wp-content\/uploads\/2023\/05\/entrega-de-aparatos-funcionales-cuernavaca-11-300x200.jpg 300w, https:\/\/cuernavaca.gob.mx\/wp-content\/uploads\/2023\/05\/entrega-de-aparatos-funcionales-cuernavaca-11-768x512.jpg 768w, https:\/\/cuernavaca.gob.mx\/wp-content\/uploads\/2023\/05\/entrega-de-aparatos-funcionales-cuernavaca-11-1536x1024.jpg 1536w, https:\/\/cuernavaca.gob.mx\/wp-content\/uploads\/2023\/05\/entrega-de-aparatos-funcionales-cuernavaca-11-600x400.jpg 600w, https:\/\/cuernavaca.gob.mx\/wp-content\/uploads\/2023\/05\/entrega-de-aparatos-funcionales-cuernavaca-11-560x373.jpg 560w, https:\/\/cuernavaca.gob.mx\/wp-content\/uploads\/2023\/05\/entrega-de-aparatos-funcionales-cuernavaca-11.jpg 1599w\" sizes=\"(max-width: 1024px) 100vw, 1024px\" \/><\/figure>\n\n\n\n<figure class=\"wp-block-image size-large\"><img loading=\"lazy\" width=\"1024\" height=\"682\" data-id=\"28903\"  src=\"https:\/\/cuernavaca.gob.mx\/wp-content\/uploads\/2023\/05\/entrega-de-aparatos-funcionales-cuernavaca-12-1024x682.jpg\" alt=\"\" class=\"wp-image-28903\" srcset=\"https:\/\/cuernavaca.gob.mx\/wp-content\/uploads\/2023\/05\/entrega-de-aparatos-funcionales-cuernavaca-12-1024x682.jpg 1024w, https:\/\/cuernavaca.gob.mx\/wp-content\/uploads\/2023\/05\/entrega-de-aparatos-funcionales-cuernavaca-12-300x200.jpg 300w, https:\/\/cuernavaca.gob.mx\/wp-content\/uploads\/2023\/05\/entrega-de-aparatos-funcionales-cuernavaca-12-768x512.jpg 768w, https:\/\/cuernavaca.gob.mx\/wp-content\/uploads\/2023\/05\/entrega-de-aparatos-funcionales-cuernavaca-12-1536x1023.jpg 1536w, https:\/\/cuernavaca.gob.mx\/wp-content\/uploads\/2023\/05\/entrega-de-aparatos-funcionales-cuernavaca-12-600x400.jpg 600w, https:\/\/cuernavaca.gob.mx\/wp-content\/uploads\/2023\/05\/entrega-de-aparatos-funcionales-cuernavaca-12-560x373.jpg 560w, https:\/\/cuernavaca.gob.mx\/wp-content\/uploads\/2023\/05\/entrega-de-aparatos-funcionales-cuernavaca-12.jpg 1600w\" sizes=\"(max-width: 1024px) 100vw, 1024px\" \/><\/figure>\n\n\n\n<figure class=\"wp-block-image size-large\"><img loading=\"lazy\" width=\"1024\" height=\"682\" data-id=\"28908\"  src=\"https:\/\/cuernavaca.gob.mx\/wp-content\/uploads\/2023\/05\/entrega-de-aparatos-funcionales-cuernavaca-13-1024x682.jpg\" alt=\"\" class=\"wp-image-28908\" srcset=\"https:\/\/cuernavaca.gob.mx\/wp-content\/uploads\/2023\/05\/entrega-de-aparatos-funcionales-cuernavaca-13-1024x682.jpg 1024w, https:\/\/cuernavaca.gob.mx\/wp-content\/uploads\/2023\/05\/entrega-de-aparatos-funcionales-cuernavaca-13-300x200.jpg 300w, https:\/\/cuernavaca.gob.mx\/wp-content\/uploads\/2023\/05\/entrega-de-aparatos-funcionales-cuernavaca-13-768x512.jpg 768w, https:\/\/cuernavaca.gob.mx\/wp-content\/uploads\/2023\/05\/entrega-de-aparatos-funcionales-cuernavaca-13-1536x1023.jpg 1536w, https:\/\/cuernavaca.gob.mx\/wp-content\/uploads\/2023\/05\/entrega-de-aparatos-funcionales-cuernavaca-13-600x400.jpg 600w, https:\/\/cuernavaca.gob.mx\/wp-content\/uploads\/2023\/05\/entrega-de-aparatos-funcionales-cuernavaca-13-560x373.jpg 560w, https:\/\/cuernavaca.gob.mx\/wp-content\/uploads\/2023\/05\/entrega-de-aparatos-funcionales-cuernavaca-13.jpg 1600w\" sizes=\"(max-width: 1024px) 100vw, 1024px\" \/><\/figure>\n\n\n\n<figure class=\"wp-block-image size-large\"><img loading=\"lazy\" width=\"1024\" height=\"683\" data-id=\"28906\"  src=\"https:\/\/cuernavaca.gob.mx\/wp-content\/uploads\/2023\/05\/entrega-de-aparatos-funcionales-cuernavaca-14-1024x683.jpg\" alt=\"\" class=\"wp-image-28906\" srcset=\"https:\/\/cuernavaca.gob.mx\/wp-content\/uploads\/2023\/05\/entrega-de-aparatos-funcionales-cuernavaca-14-1024x683.jpg 1024w, https:\/\/cuernavaca.gob.mx\/wp-content\/uploads\/2023\/05\/entrega-de-aparatos-funcionales-cuernavaca-14-300x200.jpg 300w, https:\/\/cuernavaca.gob.mx\/wp-content\/uploads\/2023\/05\/entrega-de-aparatos-funcionales-cuernavaca-14-768x512.jpg 768w, https:\/\/cuernavaca.gob.mx\/wp-content\/uploads\/2023\/05\/entrega-de-aparatos-funcionales-cuernavaca-14-1536x1024.jpg 1536w, https:\/\/cuernavaca.gob.mx\/wp-content\/uploads\/2023\/05\/entrega-de-aparatos-funcionales-cuernavaca-14-600x400.jpg 600w, https:\/\/cuernavaca.gob.mx\/wp-content\/uploads\/2023\/05\/entrega-de-aparatos-funcionales-cuernavaca-14-560x373.jpg 560w, https:\/\/cuernavaca.gob.mx\/wp-content\/uploads\/2023\/05\/entrega-de-aparatos-funcionales-cuernavaca-14.jpg 1599w\" sizes=\"(max-width: 1024px) 100vw, 1024px\" \/><\/figure>\n\n\n\n<figure class=\"wp-block-image size-large\"><img loading=\"lazy\" width=\"1024\" height=\"682\" data-id=\"28905\"  src=\"https:\/\/cuernavaca.gob.mx\/wp-content\/uploads\/2023\/05\/entrega-de-aparatos-funcionales-cuernavaca-15-1024x682.jpg\" alt=\"\" class=\"wp-image-28905\" srcset=\"https:\/\/cuernavaca.gob.mx\/wp-content\/uploads\/2023\/05\/entrega-de-aparatos-funcionales-cuernavaca-15-1024x682.jpg 1024w, https:\/\/cuernavaca.gob.mx\/wp-content\/uploads\/2023\/05\/entrega-de-aparatos-funcionales-cuernavaca-15-300x200.jpg 300w, https:\/\/cuernavaca.gob.mx\/wp-content\/uploads\/2023\/05\/entrega-de-aparatos-funcionales-cuernavaca-15-768x512.jpg 768w, https:\/\/cuernavaca.gob.mx\/wp-content\/uploads\/2023\/05\/entrega-de-aparatos-funcionales-cuernavaca-15-1536x1023.jpg 1536w, https:\/\/cuernavaca.gob.mx\/wp-content\/uploads\/2023\/05\/entrega-de-aparatos-funcionales-cuernavaca-15-600x400.jpg 600w, https:\/\/cuernavaca.gob.mx\/wp-content\/uploads\/2023\/05\/entrega-de-aparatos-funcionales-cuernavaca-15-560x373.jpg 560w, https:\/\/cuernavaca.gob.mx\/wp-content\/uploads\/2023\/05\/entrega-de-aparatos-funcionales-cuernavaca-15.jpg 1600w\" sizes=\"(max-width: 1024px) 100vw, 1024px\" \/><\/figure>\n\n\n\n<figure class=\"wp-block-image size-large\"><img loading=\"lazy\" width=\"1024\" height=\"682\" data-id=\"28907\"  src=\"https:\/\/cuernavaca.gob.mx\/wp-content\/uploads\/2023\/05\/entrega-de-aparatos-funcionales-cuernavaca-16-1024x682.jpg\" alt=\"\" class=\"wp-image-28907\" srcset=\"https:\/\/cuernavaca.gob.mx\/wp-content\/uploads\/2023\/05\/entrega-de-aparatos-funcionales-cuernavaca-16-1024x682.jpg 1024w, https:\/\/cuernavaca.gob.mx\/wp-content\/uploads\/2023\/05\/entrega-de-aparatos-funcionales-cuernavaca-16-300x200.jpg 300w, https:\/\/cuernavaca.gob.mx\/wp-content\/uploads\/2023\/05\/entrega-de-aparatos-funcionales-cuernavaca-16-768x512.jpg 768w, https:\/\/cuernavaca.gob.mx\/wp-content\/uploads\/2023\/05\/entrega-de-aparatos-funcionales-cuernavaca-16-1536x1023.jpg 1536w, https:\/\/cuernavaca.gob.mx\/wp-content\/uploads\/2023\/05\/entrega-de-aparatos-funcionales-cuernavaca-16-600x400.jpg 600w, https:\/\/cuernavaca.gob.mx\/wp-content\/uploads\/2023\/05\/entrega-de-aparatos-funcionales-cuernavaca-16-560x373.jpg 560w, https:\/\/cuernavaca.gob.mx\/wp-content\/uploads\/2023\/05\/entrega-de-aparatos-funcionales-cuernavaca-16.jpg 1600w\" sizes=\"(max-width: 1024px) 100vw, 1024px\" \/><\/figure>\n\n\n\n<figure class=\"wp-block-image size-large\"><img loading=\"lazy\" width=\"1024\" height=\"683\" data-id=\"28910\"  src=\"https:\/\/cuernavaca.gob.mx\/wp-content\/uploads\/2023\/05\/entrega-de-aparatos-funcionales-cuernavaca-17-1024x683.jpg\" alt=\"\" class=\"wp-image-28910\" srcset=\"https:\/\/cuernavaca.gob.mx\/wp-content\/uploads\/2023\/05\/entrega-de-aparatos-funcionales-cuernavaca-17-1024x683.jpg 1024w, https:\/\/cuernavaca.gob.mx\/wp-content\/uploads\/2023\/05\/entrega-de-aparatos-funcionales-cuernavaca-17-300x200.jpg 300w, https:\/\/cuernavaca.gob.mx\/wp-content\/uploads\/2023\/05\/entrega-de-aparatos-funcionales-cuernavaca-17-768x512.jpg 768w, https:\/\/cuernavaca.gob.mx\/wp-content\/uploads\/2023\/05\/entrega-de-aparatos-funcionales-cuernavaca-17-1536x1024.jpg 1536w, https:\/\/cuernavaca.gob.mx\/wp-content\/uploads\/2023\/05\/entrega-de-aparatos-funcionales-cuernavaca-17-600x400.jpg 600w, https:\/\/cuernavaca.gob.mx\/wp-content\/uploads\/2023\/05\/entrega-de-aparatos-funcionales-cuernavaca-17-560x373.jpg 560w, https:\/\/cuernavaca.gob.mx\/wp-content\/uploads\/2023\/05\/entrega-de-aparatos-funcionales-cuernavaca-17.jpg 1599w\" sizes=\"(max-width: 1024px) 100vw, 1024px\" \/><\/figure>\n\n\n\n<figure class=\"wp-block-image size-large\"><img loading=\"lazy\" width=\"1024\" height=\"682\" data-id=\"28904\"  src=\"https:\/\/cuernavaca.gob.mx\/wp-content\/uploads\/2023\/05\/entrega-de-aparatos-funcionales-cuernavaca-18-1024x682.jpg\" alt=\"\" class=\"wp-image-28904\" srcset=\"https:\/\/cuernavaca.gob.mx\/wp-content\/uploads\/2023\/05\/entrega-de-aparatos-funcionales-cuernavaca-18-1024x682.jpg 1024w, https:\/\/cuernavaca.gob.mx\/wp-content\/uploads\/2023\/05\/entrega-de-aparatos-funcionales-cuernavaca-18-300x200.jpg 300w, https:\/\/cuernavaca.gob.mx\/wp-content\/uploads\/2023\/05\/entrega-de-aparatos-funcionales-cuernavaca-18-768x512.jpg 768w, https:\/\/cuernavaca.gob.mx\/wp-content\/uploads\/2023\/05\/entrega-de-aparatos-funcionales-cuernavaca-18-1536x1023.jpg 1536w, https:\/\/cuernavaca.gob.mx\/wp-content\/uploads\/2023\/05\/entrega-de-aparatos-funcionales-cuernavaca-18-600x400.jpg 600w, https:\/\/cuernavaca.gob.mx\/wp-content\/uploads\/2023\/05\/entrega-de-aparatos-funcionales-cuernavaca-18-560x373.jpg 560w, https:\/\/cuernavaca.gob.mx\/wp-content\/uploads\/2023\/05\/entrega-de-aparatos-funcionales-cuernavaca-18.jpg 1600w\" sizes=\"(max-width: 1024px) 100vw, 1024px\" \/><\/figure>\n\n\n\n<figure class=\"wp-block-image size-large\"><img loading=\"lazy\" width=\"1024\" height=\"682\" data-id=\"28909\"  src=\"https:\/\/cuernavaca.gob.mx\/wp-content\/uploads\/2023\/05\/entrega-de-aparatos-funcionales-cuernavaca-19-1024x682.jpg\" alt=\"\" class=\"wp-image-28909\" srcset=\"https:\/\/cuernavaca.gob.mx\/wp-content\/uploads\/2023\/05\/entrega-de-aparatos-funcionales-cuernavaca-19-1024x682.jpg 1024w, https:\/\/cuernavaca.gob.mx\/wp-content\/uploads\/2023\/05\/entrega-de-aparatos-funcionales-cuernavaca-19-300x200.jpg 300w, https:\/\/cuernavaca.gob.mx\/wp-content\/uploads\/2023\/05\/entrega-de-aparatos-funcionales-cuernavaca-19-768x512.jpg 768w, https:\/\/cuernavaca.gob.mx\/wp-content\/uploads\/2023\/05\/entrega-de-aparatos-funcionales-cuernavaca-19-1536x1023.jpg 1536w, https:\/\/cuernavaca.gob.mx\/wp-content\/uploads\/2023\/05\/entrega-de-aparatos-funcionales-cuernavaca-19-600x400.jpg 600w, https:\/\/cuernavaca.gob.mx\/wp-content\/uploads\/2023\/05\/entrega-de-aparatos-funcionales-cuernavaca-19-560x373.jpg 560w, https:\/\/cuernavaca.gob.mx\/wp-content\/uploads\/2023\/05\/entrega-de-aparatos-funcionales-cuernavaca-19.jpg 1600w\" sizes=\"(max-width: 1024px) 100vw, 1024px\" \/><\/figure>\n\n\n\n<figure class=\"wp-block-image size-large\"><img loading=\"lazy\" width=\"1024\" height=\"682\" data-id=\"28911\"  src=\"https:\/\/cuernavaca.gob.mx\/wp-content\/uploads\/2023\/05\/entrega-de-aparatos-funcionales-cuernavaca-20-1024x682.jpg\" alt=\"\" class=\"wp-image-28911\" srcset=\"https:\/\/cuernavaca.gob.mx\/wp-content\/uploads\/2023\/05\/entrega-de-aparatos-funcionales-cuernavaca-20-1024x682.jpg 1024w, https:\/\/cuernavaca.gob.mx\/wp-content\/uploads\/2023\/05\/entrega-de-aparatos-funcionales-cuernavaca-20-300x200.jpg 300w, https:\/\/cuernavaca.gob.mx\/wp-content\/uploads\/2023\/05\/entrega-de-aparatos-funcionales-cuernavaca-20-768x512.jpg 768w, https:\/\/cuernavaca.gob.mx\/wp-content\/uploads\/2023\/05\/entrega-de-aparatos-funcionales-cuernavaca-20-1536x1023.jpg 1536w, https:\/\/cuernavaca.gob.mx\/wp-content\/uploads\/2023\/05\/entrega-de-aparatos-funcionales-cuernavaca-20-600x400.jpg 600w, https:\/\/cuernavaca.gob.mx\/wp-content\/uploads\/2023\/05\/entrega-de-aparatos-funcionales-cuernavaca-20-560x373.jpg 560w, https:\/\/cuernavaca.gob.mx\/wp-content\/uploads\/2023\/05\/entrega-de-aparatos-funcionales-cuernavaca-20.jpg 1600w\" sizes=\"(max-width: 1024px) 100vw, 1024px\" \/><\/figure>\n<\/figure>\n","protected":false},"excerpt":{"rendered":"<p>\u2022 El Sistema Municipal DIF Cuernavaca hizo entrega este mi\u00e9rcoles de 71 aparatos auditivos y 16 aparatos funcionales a personas en estado de vulnerabilidad \u2022 Luz Mar\u00eda Zagal y el alcalde Jos\u00e9 Luis Uri\u00f3stegui agradecieron a cada una de las personas involucradas en este proyecto que fue muy exitoso Bajo el compromiso de hacer m\u00e1s [&hellip;]<\/p>\n","protected":false},"author":1,"featured_media":28905,"comment_status":"closed","ping_status":"open","sticky":false,"template":"","format":"standard","meta":[],"categories":[16],"tags":[1073,2297,916,121,132,1001,120,206],"aioseo_notices":[],"_links":{"self":[{"href":"https:\/\/cuernavaca.gob.mx\/index.php?rest_route=\/wp\/v2\/posts\/28891"}],"collection":[{"href":"https:\/\/cuernavaca.gob.mx\/index.php?rest_route=\/wp\/v2\/posts"}],"about":[{"href":"https:\/\/cuernavaca.gob.mx\/index.php?rest_route=\/wp\/v2\/types\/post"}],"author":[{"embeddable":true,"href":"https:\/\/cuernavaca.gob.mx\/index.php?rest_route=\/wp\/v2\/users\/1"}],"replies":[{"embeddable":true,"href":"https:\/\/cuernavaca.gob.mx\/index.php?rest_route=%2Fwp%2Fv2%2Fcomments&post=28891"}],"version-history":[{"count":1,"href":"https:\/\/cuernavaca.gob.mx\/index.php?rest_route=\/wp\/v2\/posts\/28891\/revisions"}],"predecessor-version":[{"id":28912,"href":"https:\/\/cuernavaca.gob.mx\/index.php?rest_route=\/wp\/v2\/posts\/28891\/revisions\/28912"}],"wp:featuredmedia":[{"embeddable":true,"href":"https:\/\/cuernavaca.gob.mx\/index.php?rest_route=\/wp\/v2\/media\/28905"}],"wp:attachment":[{"href":"https:\/\/cuernavaca.gob.mx\/index.php?rest_route=%2Fwp%2Fv2%2Fmedia&parent=28891"}],"wp:term":[{"taxonomy":"category","embeddable":true,"href":"https:\/\/cuernavaca.gob.mx\/index.php?rest_route=%2Fwp%2Fv2%2Fcategories&post=28891"},{"taxonomy":"post_tag","embeddable":true,"href":"https:\/\/cuernavaca.gob.mx\/index.php?rest_route=%2Fwp%2Fv2%2Ftags&post=28891"}],"curies":[{"name":"wp","href":"https:\/\/api.w.org\/{rel}","templated":true}]}}