{"id":28937,"date":"2023-06-01T14:30:00","date_gmt":"2023-06-01T20:30:00","guid":{"rendered":"https:\/\/cuernavaca.gob.mx\/?p=28937"},"modified":"2025-05-06T12:38:49","modified_gmt":"2025-05-06T18:38:49","slug":"b1021-01-06-23-presentan-inah-uaem-al-ayuntamiento-de-cuernavaca-en-censo-de-inmuebles-para-gestionar-declaratoria-del-centro-historico","status":"publish","type":"post","link":"https:\/\/cuernavaca.gob.mx\/?p=28937","title":{"rendered":"B1021 01\/06\/23 PRESENTAN INAH, UAEM AL AYUNTAMIENTO DE CUERNAVACA EN CENSO DE INMUEBLES PARA GESTIONAR DECLARATORIA DEL CENTRO HIST\u00d3RICO"},"content":{"rendered":"\n<p><strong>\u2022 En reuni\u00f3n de trabajo que encabez\u00f3 Jos\u00e9 Luis Uri\u00f3stegui, se inform\u00f3 que de un total de 138 inmuebles que forman parte de la poligonal de Centro Hist\u00f3rico, se tiene un avance en la actualizaci\u00f3n de datos de 80 que cuentan con caracter\u00edsticas hist\u00f3ricas del Siglo XVI al Siglo XIX<\/strong><\/p>\n\n\n\n<p><strong>\u2022 Este trabajo lo han estado realizando estudiantes de Licenciatura, Maestr\u00eda y Doctorado de la Facultad de Arquitectura y de la Escuela de Turismo de la UAEM<\/strong><\/p>\n\n\n\n<p>En reuni\u00f3n de trabajo, el Instituto Nacional de Antropolog\u00eda e Historia (INAH), as\u00ed como la Facultad de Arquitectura y la Escuela de Turismo de la Universidad Aut\u00f3noma del Estado de Morelos (UAEM), presentaron este jueves al presidente municipal de Cuernavaca. Jos\u00e9 Luis Uri\u00f3stegui Salgado, un informe de los avances que se tienen en el censo para actualizar datos de los 138 inmuebles que forman parte de la poligonal de Centro Hist\u00f3rico, a fin de integrar el expediente que permita gestionar el reconocimiento a nivel federal de la Declaratoria de Zona de Monumentos de la ciudad de la Eterna Primavera.<\/p>\n\n\n\n<p>Al respecto, el presidente municipal de Cuernavaca, Jos\u00e9 Luis Uri\u00f3stegui Salgado, record\u00f3 que para llevar a cabo estos levantamientos arquitect\u00f3nicos se firm\u00f3 un convenio de colaboraci\u00f3n entre la M\u00e1xima Casa de Estudios del estado, el INAH y la administraci\u00f3n municipal, toda vez que quienes est\u00e1n efectuando este trabajo son estudiantes de licenciatura, maestr\u00eda y doctorado de la Facultad de Arquitectura y de la Escuela de Turismo, que prestan su servicio social o hacen otro tipo de investigaciones.<\/p>\n\n\n\n<p>Por su lado, el director del Centro INAH Morelos, V\u00edctor Hugo Valencia Valera, inform\u00f3 que, de 138 inmuebles catalogados con caracter\u00edsticas hist\u00f3ricas del Siglo XVI al Siglo XIX que buscan proteger dentro de una poligonal que se encuentra de calle Cuauhtemotzin a la zona de El Calvario y la parte lateral a lo que llaman la barranca de los caldos, han actualizado datos a la fecha de 80 inmuebles.<\/p>\n\n\n\n<p>Puntualiz\u00f3 que el proyecto cuenta con caracter\u00edsticas muy espec\u00edficas que lo destacan, como es el hecho de que est\u00e9n trabajando con estudiantes y que la declaratoria se ubicar\u00e1 en su traza urbana hist\u00f3rica que parte desde avenida \u00c1lvaro Obreg\u00f3n, hasta las calles interiores del Centro Hist\u00f3rico que no han sufrido alteraci\u00f3n en m\u00ednimo 150 a\u00f1os, siendo este el sustento t\u00e9cnico que presentar\u00e1n al Ejecutivo Federal.<\/p>\n\n\n\n<p>\u201cEste es un documento que le va a servir a la ciudad que tiene una situaci\u00f3n de perfil tur\u00edstico. Que no se entienda que la arquitectura hist\u00f3rica es intocable, va a ser normada m\u00e1s all\u00e1 del Jard\u00edn del Borda, del Palacio de Cortes y de la Catedral, que son inmuebles representativos, pero la ciudad tiene una traza urbana hist\u00f3rica y tiene inmuebles de incluso el siglo XX que es importante proteger\u201d, subray\u00f3.<\/p>\n\n\n\n<p>A su vez, la directora de la Facultad de Arquitectura, Perla Posada Vique, reconoci\u00f3 el arduo desempe\u00f1o de los alumnos, quienes por cerca de ocho meses han coadyuvado en la integraci\u00f3n t\u00e9cnica de este expediente, siendo una manera de retribuirle a la sociedad, al reconocer que esta declaratoria es de suma importancia para todos los cuernavacenses.<\/p>\n\n\n\n<p>Finalmente, el director de la Escuela de Turismo, Gerardo Gama Hern\u00e1ndez, destac\u00f3 que, si bien desde hace casi 10 a\u00f1os han estado trabajando en la conservaci\u00f3n del patrimonio cultural edificado en la ciudad, por falta de voluntad de pasadas administraciones municipales no hab\u00edan podido avanzar, por lo cual se congratul\u00f3 de la voluntad y disposici\u00f3n que ha tenido el actual Gobierno Municipal para reanudar la b\u00fasqueda por obtener esta declaratoria de zonas de monumentos que ser\u00eda la segunda en Morelos, seguido del municipio de Cuautla.<\/p>\n\n\n\n<p>En la reuni\u00f3n se cont\u00f3 con la asistencia del secretario de Desarrollo Urbano y Obras P\u00fablicas, Demetrio Chavira de la Torre; del director general de Catastro e Impuesto Predial, Fernando Streber Montagne y del director del Instituto Municipal de Planeaci\u00f3n (IMPLAN), Carlos Hern\u00e1ndez Ad\u00e1n.<\/p>\n\n\n\n<figure class=\"wp-container-2 wp-block-gallery-1 wp-block-gallery has-nested-images columns-default is-cropped\">\n<figure class=\"wp-block-image size-large\"><img loading=\"lazy\" width=\"1024\" height=\"682\" data-id=\"28938\"  src=\"https:\/\/cuernavaca.gob.mx\/wp-content\/uploads\/2023\/06\/declaratoria-centro-historico-cuernavaca-1-1024x682.jpg\" alt=\"\" class=\"wp-image-28938\" srcset=\"https:\/\/cuernavaca.gob.mx\/wp-content\/uploads\/2023\/06\/declaratoria-centro-historico-cuernavaca-1-1024x682.jpg 1024w, https:\/\/cuernavaca.gob.mx\/wp-content\/uploads\/2023\/06\/declaratoria-centro-historico-cuernavaca-1-300x200.jpg 300w, https:\/\/cuernavaca.gob.mx\/wp-content\/uploads\/2023\/06\/declaratoria-centro-historico-cuernavaca-1-768x512.jpg 768w, https:\/\/cuernavaca.gob.mx\/wp-content\/uploads\/2023\/06\/declaratoria-centro-historico-cuernavaca-1-1536x1023.jpg 1536w, https:\/\/cuernavaca.gob.mx\/wp-content\/uploads\/2023\/06\/declaratoria-centro-historico-cuernavaca-1-600x400.jpg 600w, https:\/\/cuernavaca.gob.mx\/wp-content\/uploads\/2023\/06\/declaratoria-centro-historico-cuernavaca-1-560x373.jpg 560w, https:\/\/cuernavaca.gob.mx\/wp-content\/uploads\/2023\/06\/declaratoria-centro-historico-cuernavaca-1.jpg 1600w\" sizes=\"(max-width: 1024px) 100vw, 1024px\" \/><\/figure>\n\n\n\n<figure class=\"wp-block-image size-large\"><img loading=\"lazy\" width=\"1024\" height=\"682\" data-id=\"28942\"  src=\"https:\/\/cuernavaca.gob.mx\/wp-content\/uploads\/2023\/06\/declaratoria-centro-historico-cuernavaca-2-1024x682.jpg\" alt=\"\" class=\"wp-image-28942\" srcset=\"https:\/\/cuernavaca.gob.mx\/wp-content\/uploads\/2023\/06\/declaratoria-centro-historico-cuernavaca-2-1024x682.jpg 1024w, https:\/\/cuernavaca.gob.mx\/wp-content\/uploads\/2023\/06\/declaratoria-centro-historico-cuernavaca-2-300x200.jpg 300w, https:\/\/cuernavaca.gob.mx\/wp-content\/uploads\/2023\/06\/declaratoria-centro-historico-cuernavaca-2-768x512.jpg 768w, https:\/\/cuernavaca.gob.mx\/wp-content\/uploads\/2023\/06\/declaratoria-centro-historico-cuernavaca-2-1536x1023.jpg 1536w, https:\/\/cuernavaca.gob.mx\/wp-content\/uploads\/2023\/06\/declaratoria-centro-historico-cuernavaca-2-600x400.jpg 600w, https:\/\/cuernavaca.gob.mx\/wp-content\/uploads\/2023\/06\/declaratoria-centro-historico-cuernavaca-2-560x373.jpg 560w, https:\/\/cuernavaca.gob.mx\/wp-content\/uploads\/2023\/06\/declaratoria-centro-historico-cuernavaca-2.jpg 1600w\" sizes=\"(max-width: 1024px) 100vw, 1024px\" \/><\/figure>\n\n\n\n<figure class=\"wp-block-image size-large\"><img loading=\"lazy\" width=\"1024\" height=\"682\" data-id=\"28940\"  src=\"https:\/\/cuernavaca.gob.mx\/wp-content\/uploads\/2023\/06\/declaratoria-centro-historico-cuernavaca-3-1024x682.jpg\" alt=\"\" class=\"wp-image-28940\" srcset=\"https:\/\/cuernavaca.gob.mx\/wp-content\/uploads\/2023\/06\/declaratoria-centro-historico-cuernavaca-3-1024x682.jpg 1024w, https:\/\/cuernavaca.gob.mx\/wp-content\/uploads\/2023\/06\/declaratoria-centro-historico-cuernavaca-3-300x200.jpg 300w, https:\/\/cuernavaca.gob.mx\/wp-content\/uploads\/2023\/06\/declaratoria-centro-historico-cuernavaca-3-768x512.jpg 768w, https:\/\/cuernavaca.gob.mx\/wp-content\/uploads\/2023\/06\/declaratoria-centro-historico-cuernavaca-3-1536x1023.jpg 1536w, https:\/\/cuernavaca.gob.mx\/wp-content\/uploads\/2023\/06\/declaratoria-centro-historico-cuernavaca-3-600x400.jpg 600w, https:\/\/cuernavaca.gob.mx\/wp-content\/uploads\/2023\/06\/declaratoria-centro-historico-cuernavaca-3-560x373.jpg 560w, https:\/\/cuernavaca.gob.mx\/wp-content\/uploads\/2023\/06\/declaratoria-centro-historico-cuernavaca-3.jpg 1600w\" sizes=\"(max-width: 1024px) 100vw, 1024px\" \/><\/figure>\n\n\n\n<figure class=\"wp-block-image size-large\"><img loading=\"lazy\" width=\"1024\" height=\"682\" data-id=\"28943\"  src=\"https:\/\/cuernavaca.gob.mx\/wp-content\/uploads\/2023\/06\/declaratoria-centro-historico-cuernavaca-4-1024x682.jpg\" alt=\"\" class=\"wp-image-28943\" srcset=\"https:\/\/cuernavaca.gob.mx\/wp-content\/uploads\/2023\/06\/declaratoria-centro-historico-cuernavaca-4-1024x682.jpg 1024w, https:\/\/cuernavaca.gob.mx\/wp-content\/uploads\/2023\/06\/declaratoria-centro-historico-cuernavaca-4-300x200.jpg 300w, https:\/\/cuernavaca.gob.mx\/wp-content\/uploads\/2023\/06\/declaratoria-centro-historico-cuernavaca-4-768x512.jpg 768w, https:\/\/cuernavaca.gob.mx\/wp-content\/uploads\/2023\/06\/declaratoria-centro-historico-cuernavaca-4-1536x1023.jpg 1536w, https:\/\/cuernavaca.gob.mx\/wp-content\/uploads\/2023\/06\/declaratoria-centro-historico-cuernavaca-4-600x400.jpg 600w, https:\/\/cuernavaca.gob.mx\/wp-content\/uploads\/2023\/06\/declaratoria-centro-historico-cuernavaca-4-560x373.jpg 560w, https:\/\/cuernavaca.gob.mx\/wp-content\/uploads\/2023\/06\/declaratoria-centro-historico-cuernavaca-4.jpg 1600w\" sizes=\"(max-width: 1024px) 100vw, 1024px\" \/><\/figure>\n\n\n\n<figure class=\"wp-block-image size-large\"><img loading=\"lazy\" width=\"1024\" height=\"682\" data-id=\"28939\"  src=\"https:\/\/cuernavaca.gob.mx\/wp-content\/uploads\/2023\/06\/declaratoria-centro-historico-cuernavaca-5-1024x682.jpg\" alt=\"\" class=\"wp-image-28939\" srcset=\"https:\/\/cuernavaca.gob.mx\/wp-content\/uploads\/2023\/06\/declaratoria-centro-historico-cuernavaca-5-1024x682.jpg 1024w, https:\/\/cuernavaca.gob.mx\/wp-content\/uploads\/2023\/06\/declaratoria-centro-historico-cuernavaca-5-300x200.jpg 300w, https:\/\/cuernavaca.gob.mx\/wp-content\/uploads\/2023\/06\/declaratoria-centro-historico-cuernavaca-5-768x512.jpg 768w, https:\/\/cuernavaca.gob.mx\/wp-content\/uploads\/2023\/06\/declaratoria-centro-historico-cuernavaca-5-1536x1023.jpg 1536w, https:\/\/cuernavaca.gob.mx\/wp-content\/uploads\/2023\/06\/declaratoria-centro-historico-cuernavaca-5-600x400.jpg 600w, https:\/\/cuernavaca.gob.mx\/wp-content\/uploads\/2023\/06\/declaratoria-centro-historico-cuernavaca-5-560x373.jpg 560w, https:\/\/cuernavaca.gob.mx\/wp-content\/uploads\/2023\/06\/declaratoria-centro-historico-cuernavaca-5.jpg 1600w\" sizes=\"(max-width: 1024px) 100vw, 1024px\" \/><\/figure>\n\n\n\n<figure class=\"wp-block-image size-large\"><img loading=\"lazy\" width=\"1024\" height=\"682\" data-id=\"28941\"  src=\"https:\/\/cuernavaca.gob.mx\/wp-content\/uploads\/2023\/06\/declaratoria-centro-historico-cuernavaca-6-1024x682.jpg\" alt=\"\" class=\"wp-image-28941\" srcset=\"https:\/\/cuernavaca.gob.mx\/wp-content\/uploads\/2023\/06\/declaratoria-centro-historico-cuernavaca-6-1024x682.jpg 1024w, https:\/\/cuernavaca.gob.mx\/wp-content\/uploads\/2023\/06\/declaratoria-centro-historico-cuernavaca-6-300x200.jpg 300w, https:\/\/cuernavaca.gob.mx\/wp-content\/uploads\/2023\/06\/declaratoria-centro-historico-cuernavaca-6-768x512.jpg 768w, https:\/\/cuernavaca.gob.mx\/wp-content\/uploads\/2023\/06\/declaratoria-centro-historico-cuernavaca-6-1536x1023.jpg 1536w, https:\/\/cuernavaca.gob.mx\/wp-content\/uploads\/2023\/06\/declaratoria-centro-historico-cuernavaca-6-600x400.jpg 600w, https:\/\/cuernavaca.gob.mx\/wp-content\/uploads\/2023\/06\/declaratoria-centro-historico-cuernavaca-6-560x373.jpg 560w, https:\/\/cuernavaca.gob.mx\/wp-content\/uploads\/2023\/06\/declaratoria-centro-historico-cuernavaca-6.jpg 1600w\" sizes=\"(max-width: 1024px) 100vw, 1024px\" \/><\/figure>\n<\/figure>\n","protected":false},"excerpt":{"rendered":"<p>\u2022 En reuni\u00f3n de trabajo que encabez\u00f3 Jos\u00e9 Luis Uri\u00f3stegui, se inform\u00f3 que de un total de 138 inmuebles que forman parte de la poligonal de Centro Hist\u00f3rico, se tiene un avance en la actualizaci\u00f3n de datos de 80 que cuentan con caracter\u00edsticas hist\u00f3ricas del Siglo XVI al Siglo XIX \u2022 Este trabajo lo han [&hellip;]<\/p>\n","protected":false},"author":1,"featured_media":28939,"comment_status":"closed","ping_status":"open","sticky":false,"template":"","format":"standard","meta":[],"categories":[20],"tags":[1145,121,190,2460,120,206],"aioseo_notices":[],"_links":{"self":[{"href":"https:\/\/cuernavaca.gob.mx\/index.php?rest_route=\/wp\/v2\/posts\/28937"}],"collection":[{"href":"https:\/\/cuernavaca.gob.mx\/index.php?rest_route=\/wp\/v2\/posts"}],"about":[{"href":"https:\/\/cuernavaca.gob.mx\/index.php?rest_route=\/wp\/v2\/types\/post"}],"author":[{"embeddable":true,"href":"https:\/\/cuernavaca.gob.mx\/index.php?rest_route=\/wp\/v2\/users\/1"}],"replies":[{"embeddable":true,"href":"https:\/\/cuernavaca.gob.mx\/index.php?rest_route=%2Fwp%2Fv2%2Fcomments&post=28937"}],"version-history":[{"count":1,"href":"https:\/\/cuernavaca.gob.mx\/index.php?rest_route=\/wp\/v2\/posts\/28937\/revisions"}],"predecessor-version":[{"id":28944,"href":"https:\/\/cuernavaca.gob.mx\/index.php?rest_route=\/wp\/v2\/posts\/28937\/revisions\/28944"}],"wp:featuredmedia":[{"embeddable":true,"href":"https:\/\/cuernavaca.gob.mx\/index.php?rest_route=\/wp\/v2\/media\/28939"}],"wp:attachment":[{"href":"https:\/\/cuernavaca.gob.mx\/index.php?rest_route=%2Fwp%2Fv2%2Fmedia&parent=28937"}],"wp:term":[{"taxonomy":"category","embeddable":true,"href":"https:\/\/cuernavaca.gob.mx\/index.php?rest_route=%2Fwp%2Fv2%2Fcategories&post=28937"},{"taxonomy":"post_tag","embeddable":true,"href":"https:\/\/cuernavaca.gob.mx\/index.php?rest_route=%2Fwp%2Fv2%2Ftags&post=28937"}],"curies":[{"name":"wp","href":"https:\/\/api.w.org\/{rel}","templated":true}]}}