{"id":29100,"date":"2023-06-06T15:10:00","date_gmt":"2023-06-06T21:10:00","guid":{"rendered":"https:\/\/cuernavaca.gob.mx\/?p=29100"},"modified":"2025-05-06T12:39:37","modified_gmt":"2025-05-06T18:39:37","slug":"f436-06-06-23-se-avanza-en-las-obras-financiadas-con-el-fondo-de-infraestructura-regional-municipal-y-recursos-propios-en-cuernavaca","status":"publish","type":"post","link":"https:\/\/cuernavaca.gob.mx\/?p=29100","title":{"rendered":"F436 06\/06\/23 SE AVANZA EN LAS OBRAS FINANCIADAS CON EL FONDO DE INFRAESTRUCTURA REGIONAL MUNICIPAL Y RECURSOS PROPIOS EN CUERNAVACA"},"content":{"rendered":"\n<p>El Ayuntamiento de Cuernavaca, a trav\u00e9s de la Secretar\u00eda de Desarrollo Urbano y Obras P\u00fablicas, sigue avanzando en tiempo y forma con el reencarpetamiento de la calle Fray Bartolom\u00e9 de Las Casas, entre Leyva y Humboldt del Centro Hist\u00f3rico de la ciudad, concluyendo este lunes la pavimentaci\u00f3n con concreto asf\u00e1ltico.<\/p>\n\n\n\n<p>Los trabajos que se efectuaron el lunes consistieron en el riego, barrido mec\u00e1nico y manual, el retiro del material excedente de la limpieza, el riego de liga con emulsi\u00f3n asf\u00e1ltica, tendido de carpeta con pavimentadora, compactaci\u00f3n con vibrocompactador y compactaci\u00f3n neum\u00e1tica; en m\u00ednimo 15 d\u00edas continuar\u00e1n con el balizamiento de la vialidad.<\/p>\n\n\n\n<p>Cabe recordar que esta obra forma parte del Fondo de Infraestructura Regional Municipal autorizado y creado por el Congreso de Morelos; sin embargo, ante la suspensi\u00f3n que otorg\u00f3 la Suprema Corte de Justicia de la Naci\u00f3n (SCJN) en la aplicaci\u00f3n de dichos recursos por la controversia constitucional promovida por el Poder Ejecutivo, el Cabildo de Cuernavaca aprob\u00f3 la continuidad de esta obra con recursos propios del Fondo de Contingencias municipal creado para estos supuestos.<\/p>\n\n\n\n<p>Las cinco obras que inici\u00f3 la administraci\u00f3n municipal a partir de este fondo son el reencarpetamiento de la calle de Las Casas, entre Leyva y Humboldt en el Centro Hist\u00f3rico; la pavimentaci\u00f3n de calle Violetas en la colonia L\u00e1zaro C\u00e1rdenas, la pavimentaci\u00f3n de calle Malva en la colonia Milpillas, la pavimentaci\u00f3n de la calle Golondrinas en la colonia Loma Bonita y la pavimentaci\u00f3n de la calle Arquitectos de Sedesol en la colonia Bosques de Cuernavaca.<\/p>\n\n\n\n<figure class=\"wp-container-2 wp-block-gallery-1 wp-block-gallery has-nested-images columns-default is-cropped\">\n<figure class=\"wp-block-image size-large\"><img loading=\"lazy\" width=\"1024\" height=\"682\" data-id=\"29101\"  src=\"https:\/\/cuernavaca.gob.mx\/wp-content\/uploads\/2023\/06\/obras-publicas-cuernavaca-2023-1-1024x682.jpeg\" alt=\"\" class=\"wp-image-29101\" srcset=\"https:\/\/cuernavaca.gob.mx\/wp-content\/uploads\/2023\/06\/obras-publicas-cuernavaca-2023-1-1024x682.jpeg 1024w, https:\/\/cuernavaca.gob.mx\/wp-content\/uploads\/2023\/06\/obras-publicas-cuernavaca-2023-1-300x200.jpeg 300w, https:\/\/cuernavaca.gob.mx\/wp-content\/uploads\/2023\/06\/obras-publicas-cuernavaca-2023-1-768x512.jpeg 768w, https:\/\/cuernavaca.gob.mx\/wp-content\/uploads\/2023\/06\/obras-publicas-cuernavaca-2023-1-600x400.jpeg 600w, https:\/\/cuernavaca.gob.mx\/wp-content\/uploads\/2023\/06\/obras-publicas-cuernavaca-2023-1-560x373.jpeg 560w, https:\/\/cuernavaca.gob.mx\/wp-content\/uploads\/2023\/06\/obras-publicas-cuernavaca-2023-1.jpeg 1280w\" sizes=\"(max-width: 1024px) 100vw, 1024px\" \/><\/figure>\n\n\n\n<figure class=\"wp-block-image size-large\"><img loading=\"lazy\" width=\"1024\" height=\"682\" data-id=\"29102\"  src=\"https:\/\/cuernavaca.gob.mx\/wp-content\/uploads\/2023\/06\/obras-publicas-cuernavaca-2023-2-1024x682.jpeg\" alt=\"\" class=\"wp-image-29102\" srcset=\"https:\/\/cuernavaca.gob.mx\/wp-content\/uploads\/2023\/06\/obras-publicas-cuernavaca-2023-2-1024x682.jpeg 1024w, https:\/\/cuernavaca.gob.mx\/wp-content\/uploads\/2023\/06\/obras-publicas-cuernavaca-2023-2-300x200.jpeg 300w, https:\/\/cuernavaca.gob.mx\/wp-content\/uploads\/2023\/06\/obras-publicas-cuernavaca-2023-2-768x512.jpeg 768w, https:\/\/cuernavaca.gob.mx\/wp-content\/uploads\/2023\/06\/obras-publicas-cuernavaca-2023-2-600x400.jpeg 600w, https:\/\/cuernavaca.gob.mx\/wp-content\/uploads\/2023\/06\/obras-publicas-cuernavaca-2023-2-560x373.jpeg 560w, https:\/\/cuernavaca.gob.mx\/wp-content\/uploads\/2023\/06\/obras-publicas-cuernavaca-2023-2.jpeg 1280w\" sizes=\"(max-width: 1024px) 100vw, 1024px\" \/><\/figure>\n\n\n\n<figure class=\"wp-block-image size-large\"><img loading=\"lazy\" width=\"1024\" height=\"682\" data-id=\"29103\"  src=\"https:\/\/cuernavaca.gob.mx\/wp-content\/uploads\/2023\/06\/obras-publicas-cuernavaca-2023-3-1024x682.jpeg\" alt=\"\" class=\"wp-image-29103\" srcset=\"https:\/\/cuernavaca.gob.mx\/wp-content\/uploads\/2023\/06\/obras-publicas-cuernavaca-2023-3-1024x682.jpeg 1024w, https:\/\/cuernavaca.gob.mx\/wp-content\/uploads\/2023\/06\/obras-publicas-cuernavaca-2023-3-300x200.jpeg 300w, https:\/\/cuernavaca.gob.mx\/wp-content\/uploads\/2023\/06\/obras-publicas-cuernavaca-2023-3-768x512.jpeg 768w, https:\/\/cuernavaca.gob.mx\/wp-content\/uploads\/2023\/06\/obras-publicas-cuernavaca-2023-3-1536x1023.jpeg 1536w, https:\/\/cuernavaca.gob.mx\/wp-content\/uploads\/2023\/06\/obras-publicas-cuernavaca-2023-3-600x400.jpeg 600w, https:\/\/cuernavaca.gob.mx\/wp-content\/uploads\/2023\/06\/obras-publicas-cuernavaca-2023-3-560x373.jpeg 560w, https:\/\/cuernavaca.gob.mx\/wp-content\/uploads\/2023\/06\/obras-publicas-cuernavaca-2023-3.jpeg 1600w\" sizes=\"(max-width: 1024px) 100vw, 1024px\" \/><\/figure>\n\n\n\n<figure class=\"wp-block-image size-large\"><img loading=\"lazy\" width=\"1024\" height=\"682\" data-id=\"29104\"  src=\"https:\/\/cuernavaca.gob.mx\/wp-content\/uploads\/2023\/06\/obras-publicas-cuernavaca-2023-4-1024x682.jpeg\" alt=\"\" class=\"wp-image-29104\" srcset=\"https:\/\/cuernavaca.gob.mx\/wp-content\/uploads\/2023\/06\/obras-publicas-cuernavaca-2023-4-1024x682.jpeg 1024w, https:\/\/cuernavaca.gob.mx\/wp-content\/uploads\/2023\/06\/obras-publicas-cuernavaca-2023-4-300x200.jpeg 300w, https:\/\/cuernavaca.gob.mx\/wp-content\/uploads\/2023\/06\/obras-publicas-cuernavaca-2023-4-768x512.jpeg 768w, https:\/\/cuernavaca.gob.mx\/wp-content\/uploads\/2023\/06\/obras-publicas-cuernavaca-2023-4-600x400.jpeg 600w, https:\/\/cuernavaca.gob.mx\/wp-content\/uploads\/2023\/06\/obras-publicas-cuernavaca-2023-4-560x373.jpeg 560w, https:\/\/cuernavaca.gob.mx\/wp-content\/uploads\/2023\/06\/obras-publicas-cuernavaca-2023-4.jpeg 1280w\" sizes=\"(max-width: 1024px) 100vw, 1024px\" \/><\/figure>\n<\/figure>\n","protected":false},"excerpt":{"rendered":"<p>El Ayuntamiento de Cuernavaca, a trav\u00e9s de la Secretar\u00eda de Desarrollo Urbano y Obras P\u00fablicas, sigue avanzando en tiempo y forma con el reencarpetamiento de la calle Fray Bartolom\u00e9 de Las Casas, entre Leyva y Humboldt del Centro Hist\u00f3rico de la ciudad, concluyendo este lunes la pavimentaci\u00f3n con concreto asf\u00e1ltico. Los trabajos que se efectuaron [&hellip;]<\/p>\n","protected":false},"author":1,"featured_media":29101,"comment_status":"closed","ping_status":"open","sticky":false,"template":"","format":"standard","meta":[],"categories":[18],"tags":[121,2376,120,206,1487,356,232],"aioseo_notices":[],"_links":{"self":[{"href":"https:\/\/cuernavaca.gob.mx\/index.php?rest_route=\/wp\/v2\/posts\/29100"}],"collection":[{"href":"https:\/\/cuernavaca.gob.mx\/index.php?rest_route=\/wp\/v2\/posts"}],"about":[{"href":"https:\/\/cuernavaca.gob.mx\/index.php?rest_route=\/wp\/v2\/types\/post"}],"author":[{"embeddable":true,"href":"https:\/\/cuernavaca.gob.mx\/index.php?rest_route=\/wp\/v2\/users\/1"}],"replies":[{"embeddable":true,"href":"https:\/\/cuernavaca.gob.mx\/index.php?rest_route=%2Fwp%2Fv2%2Fcomments&post=29100"}],"version-history":[{"count":1,"href":"https:\/\/cuernavaca.gob.mx\/index.php?rest_route=\/wp\/v2\/posts\/29100\/revisions"}],"predecessor-version":[{"id":29105,"href":"https:\/\/cuernavaca.gob.mx\/index.php?rest_route=\/wp\/v2\/posts\/29100\/revisions\/29105"}],"wp:featuredmedia":[{"embeddable":true,"href":"https:\/\/cuernavaca.gob.mx\/index.php?rest_route=\/wp\/v2\/media\/29101"}],"wp:attachment":[{"href":"https:\/\/cuernavaca.gob.mx\/index.php?rest_route=%2Fwp%2Fv2%2Fmedia&parent=29100"}],"wp:term":[{"taxonomy":"category","embeddable":true,"href":"https:\/\/cuernavaca.gob.mx\/index.php?rest_route=%2Fwp%2Fv2%2Fcategories&post=29100"},{"taxonomy":"post_tag","embeddable":true,"href":"https:\/\/cuernavaca.gob.mx\/index.php?rest_route=%2Fwp%2Fv2%2Ftags&post=29100"}],"curies":[{"name":"wp","href":"https:\/\/api.w.org\/{rel}","templated":true}]}}