{"id":29106,"date":"2023-06-07T16:30:00","date_gmt":"2023-06-07T22:30:00","guid":{"rendered":"https:\/\/cuernavaca.gob.mx\/?p=29106"},"modified":"2025-05-06T12:39:36","modified_gmt":"2025-05-06T18:39:36","slug":"b1033-07-06-23-empresarios-y-sociedad-civil-se-siguen-sumando-a-la-estrategia-de-videovigilancia-en-cuernavaca","status":"publish","type":"post","link":"https:\/\/cuernavaca.gob.mx\/?p=29106","title":{"rendered":"B1033 07\/06\/23 EMPRESARIOS Y SOCIEDAD CIVIL SE SIGUEN SUMANDO A LA ESTRATEGIA DE VIDEOVIGILANCIA EN CUERNAVACA"},"content":{"rendered":"\n<p><strong>\u2022 En el marco de la IX Sesi\u00f3n Ordinaria del Consejo Municipal de Seguridad P\u00fablica, Alicia V\u00e1zquez inform\u00f3 que Consejos de Participaci\u00f3n Social, ayudantes y delegados estan interesados en contar con estos equipos<\/strong><\/p>\n\n\n\n<p><strong>\u2022 Consejeros ciudadanos manifestaron su deseo de poder participar en este proyecto, as\u00ed como en otras acciones preventivas, como el operativo de \u201cMoto Segura\u201d<\/strong><\/p>\n\n\n\n<p>El presidente municipal de Cuernavaca, Jos\u00e9 Luis Uri\u00f3stegui Salgado, reconoci\u00f3 y agradeci\u00f3 el inter\u00e9s de diferentes sectores de la sociedad para sumarse a la estrategia de videovigilancia que se sigue estructurando y que ser\u00e1 implementada en conjunto con el nuevo Centro de Comando, Control, Comunicaciones y C\u00f3mputo, tambi\u00e9n llamado C4, que dar\u00e1 mayor seguridad, atenci\u00f3n y vigilancia en la capital morelense, contemplando a la comunidad en la prevenci\u00f3n del delito.<\/p>\n\n\n\n<p>En el marco de la IX Sesi\u00f3n Ordinaria del Consejo Municipal de Seguridad P\u00fablica, la secretaria de Protecci\u00f3n y Auxilio Ciudadano (SEPRAC), Alicia V\u00e1zquez Luna, present\u00f3 un informe de las estad\u00edsticas, acciones implementadas y medidas adoptadas por las instancias que integran el Consejo Municipal de Seguridad P\u00fablica para el periodo de marzo- abril del 2023, destacando que conforme a la Encuesta Nacional de Seguridad P\u00fablica Urbana (ENSU), publicada el 19 de abril del presente a\u00f1o correspondiente al primer trimestre del a\u00f1o, se observa que la percepci\u00f3n social sobre inseguridad p\u00fablica en el municipio mantiene una tendencia a la baja, ya que para el mes de marzo de 2023 fue de 74.1, teniendo una disminuci\u00f3n de 7.4 conforme al a\u00f1o anterior.<\/p>\n\n\n\n<p>Precis\u00f3 que para seguir teniendo estos resultados y continuar incluyendo a la poblaci\u00f3n en las acciones de seguridad, desde la SEPRAC han sostenido reuniones con presidentes de Consejos de Participaci\u00f3n Social, ayudantes y delegados, a fin de solicitarles su apoyo en el despliegue de las c\u00e1maras de videovigilancia ciudadanas, toda vez que ser\u00e1n instaladas en negocios, plazas y casas habitaci\u00f3n que est\u00e9n ubicadas en aquellos ejes de v\u00eda estrat\u00e9gicos para tener visi\u00f3n de las diversas calles de la ciudad.<\/p>\n\n\n\n<p>En esta misma sesi\u00f3n se mostr\u00f3 el inter\u00e9s de los consejeros ciudadanos para participar en este proyecto, como representantes de c\u00e1maras empresariales, lo cual permitir\u00e1 adem\u00e1s de sociabilizarlo, ampliar la red de c\u00e1maras ciudadanas que estar\u00e1n funcionando, aunado a los 36 puntos institucionales que ser\u00e1n c\u00e1maras con detector de placas y una visi\u00f3n de 360 grados que estar\u00e1n siendo monitoreados las 24 horas del d\u00eda por el personal capacitado y evaluado del C4.<\/p>\n\n\n\n<p>Tras mencionar que en el periodo de marzo- abril del 2023 efectuaron ocho mil 250 operativos, V\u00e1zquez Luna, se\u00f1al\u00f3 que diariamente en la ciudad se lleva a cabo el operativo de \u201cMoto Segura\u201d, teniendo un registro hasta el 30 de mayo de 306 motos aseguradas que no han sido reclamadas, resaltando que aquellas que son verificadas como robadas se ponen a disposici\u00f3n del Ministerio P\u00fablico; en este sentido, el presidente del Comisariado de Bienes Comunales del poblado de Chamilpa, Obdulio Navarro Barrios, manifest\u00f3 su deseo por sumarse a estas acciones que evitar\u00e1n que la delincuencia sigue incrementando.<\/p>\n\n\n\n<p>Al rendir un informe sobre la incidencia delictiva general en Cuernavaca, el titular del Secretariado Ejecutivo del Consejo Municipal de Seguridad P\u00fablica, Marco Olvera Benedicto, puntualiz\u00f3 que en delitos contra la familia que durante la pandemia se exacerbo, en lo que va del a\u00f1o se ha observado una reducci\u00f3n significativa, disminuy\u00e9ndose de 2021 a 2022 en un 23 por ciento; en tanto en cuanto a los delitos de alto impacto han reducido el robo a negocio con violencia y robo a veh\u00edculo con violencia.<\/p>\n\n\n\n<p>Sostuvo que en el caso del delito de extorsi\u00f3n la falta de denuncias es lo que impide contar con datos estad\u00edsticos concretos, pese a que es sabido que la mayor\u00eda de la poblaci\u00f3n recibe hasta varias veces al d\u00eda m\u00faltiples llamadas de tel\u00e9fonos que desconocen, por lo cual est\u00e1n trabajando este punto con los Comit\u00e9s de Vigilancia Vecinal (COMVIVES) y otros tipos de comit\u00e9s para que conozcan todas las herramientas que les eviten caer en este tipo de delito que esta subrepresentado en las estad\u00edsticas.<\/p>\n\n\n\n<p>En este sentido, el alcalde Jos\u00e9 Luis Uri\u00f3stegui Salgado, record\u00f3 que, como parte de la relaci\u00f3n institucional establecida con la administraci\u00f3n municipal de Quer\u00e9taro, desde el a\u00f1o pasado la capital morelense cuenta con la aplicaci\u00f3n m\u00f3vil, \u201cCuelgApp, Colgamos por ti\u201d, dise\u00f1ada y ejecutada para prevenir la comisi\u00f3n de fraudes y\/o extorsiones v\u00eda telef\u00f3nica.<\/p>\n\n\n\n<p>Cabe destacar que \u201cCuelgApp, Colgamos por ti\u201d se puede descargar de manera gratuita en tel\u00e9fonos iOS y Android, una vez descargada la misma aplicaci\u00f3n va explicando paso a paso como funciona, siendo de f\u00e1cil acceso para toda la ciudadan\u00eda.<\/p>\n\n\n\n<figure class=\"wp-container-2 wp-block-gallery-1 wp-block-gallery has-nested-images columns-default is-cropped\">\n<figure class=\"wp-block-image size-large\"><img loading=\"lazy\" width=\"1024\" height=\"682\" data-id=\"29110\"  src=\"https:\/\/cuernavaca.gob.mx\/wp-content\/uploads\/2023\/06\/Consejo-Municipal-de-Seguridad-Pu\u0301blica-cuernavaca-1-1024x682.jpg\" alt=\"\" class=\"wp-image-29110\" srcset=\"https:\/\/cuernavaca.gob.mx\/wp-content\/uploads\/2023\/06\/Consejo-Municipal-de-Seguridad-Pu\u0301blica-cuernavaca-1-1024x682.jpg 1024w, https:\/\/cuernavaca.gob.mx\/wp-content\/uploads\/2023\/06\/Consejo-Municipal-de-Seguridad-Pu\u0301blica-cuernavaca-1-300x200.jpg 300w, https:\/\/cuernavaca.gob.mx\/wp-content\/uploads\/2023\/06\/Consejo-Municipal-de-Seguridad-Pu\u0301blica-cuernavaca-1-768x512.jpg 768w, https:\/\/cuernavaca.gob.mx\/wp-content\/uploads\/2023\/06\/Consejo-Municipal-de-Seguridad-Pu\u0301blica-cuernavaca-1-1536x1023.jpg 1536w, https:\/\/cuernavaca.gob.mx\/wp-content\/uploads\/2023\/06\/Consejo-Municipal-de-Seguridad-Pu\u0301blica-cuernavaca-1-600x400.jpg 600w, https:\/\/cuernavaca.gob.mx\/wp-content\/uploads\/2023\/06\/Consejo-Municipal-de-Seguridad-Pu\u0301blica-cuernavaca-1-560x373.jpg 560w, https:\/\/cuernavaca.gob.mx\/wp-content\/uploads\/2023\/06\/Consejo-Municipal-de-Seguridad-Pu\u0301blica-cuernavaca-1.jpg 1600w\" sizes=\"(max-width: 1024px) 100vw, 1024px\" \/><\/figure>\n\n\n\n<figure class=\"wp-block-image size-large\"><img loading=\"lazy\" width=\"1024\" height=\"682\" data-id=\"29120\"  src=\"https:\/\/cuernavaca.gob.mx\/wp-content\/uploads\/2023\/06\/Consejo-Municipal-de-Seguridad-Pu\u0301blica-cuernavaca-2-1024x682.jpg\" alt=\"\" class=\"wp-image-29120\" srcset=\"https:\/\/cuernavaca.gob.mx\/wp-content\/uploads\/2023\/06\/Consejo-Municipal-de-Seguridad-Pu\u0301blica-cuernavaca-2-1024x682.jpg 1024w, https:\/\/cuernavaca.gob.mx\/wp-content\/uploads\/2023\/06\/Consejo-Municipal-de-Seguridad-Pu\u0301blica-cuernavaca-2-300x200.jpg 300w, https:\/\/cuernavaca.gob.mx\/wp-content\/uploads\/2023\/06\/Consejo-Municipal-de-Seguridad-Pu\u0301blica-cuernavaca-2-768x512.jpg 768w, https:\/\/cuernavaca.gob.mx\/wp-content\/uploads\/2023\/06\/Consejo-Municipal-de-Seguridad-Pu\u0301blica-cuernavaca-2-1536x1023.jpg 1536w, https:\/\/cuernavaca.gob.mx\/wp-content\/uploads\/2023\/06\/Consejo-Municipal-de-Seguridad-Pu\u0301blica-cuernavaca-2-600x400.jpg 600w, https:\/\/cuernavaca.gob.mx\/wp-content\/uploads\/2023\/06\/Consejo-Municipal-de-Seguridad-Pu\u0301blica-cuernavaca-2-560x373.jpg 560w, https:\/\/cuernavaca.gob.mx\/wp-content\/uploads\/2023\/06\/Consejo-Municipal-de-Seguridad-Pu\u0301blica-cuernavaca-2.jpg 1600w\" sizes=\"(max-width: 1024px) 100vw, 1024px\" \/><\/figure>\n\n\n\n<figure class=\"wp-block-image size-large\"><img loading=\"lazy\" width=\"1024\" height=\"682\" data-id=\"29115\"  src=\"https:\/\/cuernavaca.gob.mx\/wp-content\/uploads\/2023\/06\/Consejo-Municipal-de-Seguridad-Pu\u0301blica-cuernavaca-3-1024x682.jpg\" alt=\"\" class=\"wp-image-29115\" srcset=\"https:\/\/cuernavaca.gob.mx\/wp-content\/uploads\/2023\/06\/Consejo-Municipal-de-Seguridad-Pu\u0301blica-cuernavaca-3-1024x682.jpg 1024w, https:\/\/cuernavaca.gob.mx\/wp-content\/uploads\/2023\/06\/Consejo-Municipal-de-Seguridad-Pu\u0301blica-cuernavaca-3-300x200.jpg 300w, https:\/\/cuernavaca.gob.mx\/wp-content\/uploads\/2023\/06\/Consejo-Municipal-de-Seguridad-Pu\u0301blica-cuernavaca-3-768x512.jpg 768w, https:\/\/cuernavaca.gob.mx\/wp-content\/uploads\/2023\/06\/Consejo-Municipal-de-Seguridad-Pu\u0301blica-cuernavaca-3-1536x1023.jpg 1536w, https:\/\/cuernavaca.gob.mx\/wp-content\/uploads\/2023\/06\/Consejo-Municipal-de-Seguridad-Pu\u0301blica-cuernavaca-3-600x400.jpg 600w, https:\/\/cuernavaca.gob.mx\/wp-content\/uploads\/2023\/06\/Consejo-Municipal-de-Seguridad-Pu\u0301blica-cuernavaca-3-560x373.jpg 560w, https:\/\/cuernavaca.gob.mx\/wp-content\/uploads\/2023\/06\/Consejo-Municipal-de-Seguridad-Pu\u0301blica-cuernavaca-3.jpg 1600w\" sizes=\"(max-width: 1024px) 100vw, 1024px\" \/><\/figure>\n\n\n\n<figure class=\"wp-block-image size-large\"><img loading=\"lazy\" width=\"1024\" height=\"576\" data-id=\"29118\"  src=\"https:\/\/cuernavaca.gob.mx\/wp-content\/uploads\/2023\/06\/Consejo-Municipal-de-Seguridad-Pu\u0301blica-cuernavaca-4-1024x576.jpg\" alt=\"\" class=\"wp-image-29118\" srcset=\"https:\/\/cuernavaca.gob.mx\/wp-content\/uploads\/2023\/06\/Consejo-Municipal-de-Seguridad-Pu\u0301blica-cuernavaca-4-1024x576.jpg 1024w, https:\/\/cuernavaca.gob.mx\/wp-content\/uploads\/2023\/06\/Consejo-Municipal-de-Seguridad-Pu\u0301blica-cuernavaca-4-300x169.jpg 300w, https:\/\/cuernavaca.gob.mx\/wp-content\/uploads\/2023\/06\/Consejo-Municipal-de-Seguridad-Pu\u0301blica-cuernavaca-4-768x432.jpg 768w, https:\/\/cuernavaca.gob.mx\/wp-content\/uploads\/2023\/06\/Consejo-Municipal-de-Seguridad-Pu\u0301blica-cuernavaca-4-1536x864.jpg 1536w, https:\/\/cuernavaca.gob.mx\/wp-content\/uploads\/2023\/06\/Consejo-Municipal-de-Seguridad-Pu\u0301blica-cuernavaca-4-600x338.jpg 600w, https:\/\/cuernavaca.gob.mx\/wp-content\/uploads\/2023\/06\/Consejo-Municipal-de-Seguridad-Pu\u0301blica-cuernavaca-4-560x315.jpg 560w, https:\/\/cuernavaca.gob.mx\/wp-content\/uploads\/2023\/06\/Consejo-Municipal-de-Seguridad-Pu\u0301blica-cuernavaca-4.jpg 1600w\" sizes=\"(max-width: 1024px) 100vw, 1024px\" \/><\/figure>\n\n\n\n<figure class=\"wp-block-image size-large\"><img loading=\"lazy\" width=\"1024\" height=\"682\" data-id=\"29113\"  src=\"https:\/\/cuernavaca.gob.mx\/wp-content\/uploads\/2023\/06\/Consejo-Municipal-de-Seguridad-Pu\u0301blica-cuernavaca-5-1024x682.jpg\" alt=\"\" class=\"wp-image-29113\" srcset=\"https:\/\/cuernavaca.gob.mx\/wp-content\/uploads\/2023\/06\/Consejo-Municipal-de-Seguridad-Pu\u0301blica-cuernavaca-5-1024x682.jpg 1024w, https:\/\/cuernavaca.gob.mx\/wp-content\/uploads\/2023\/06\/Consejo-Municipal-de-Seguridad-Pu\u0301blica-cuernavaca-5-300x200.jpg 300w, https:\/\/cuernavaca.gob.mx\/wp-content\/uploads\/2023\/06\/Consejo-Municipal-de-Seguridad-Pu\u0301blica-cuernavaca-5-768x512.jpg 768w, https:\/\/cuernavaca.gob.mx\/wp-content\/uploads\/2023\/06\/Consejo-Municipal-de-Seguridad-Pu\u0301blica-cuernavaca-5-1536x1023.jpg 1536w, https:\/\/cuernavaca.gob.mx\/wp-content\/uploads\/2023\/06\/Consejo-Municipal-de-Seguridad-Pu\u0301blica-cuernavaca-5-600x400.jpg 600w, https:\/\/cuernavaca.gob.mx\/wp-content\/uploads\/2023\/06\/Consejo-Municipal-de-Seguridad-Pu\u0301blica-cuernavaca-5-560x373.jpg 560w, https:\/\/cuernavaca.gob.mx\/wp-content\/uploads\/2023\/06\/Consejo-Municipal-de-Seguridad-Pu\u0301blica-cuernavaca-5.jpg 1600w\" sizes=\"(max-width: 1024px) 100vw, 1024px\" \/><\/figure>\n\n\n\n<figure class=\"wp-block-image size-large\"><img loading=\"lazy\" width=\"1024\" height=\"682\" data-id=\"29112\"  src=\"https:\/\/cuernavaca.gob.mx\/wp-content\/uploads\/2023\/06\/Consejo-Municipal-de-Seguridad-Pu\u0301blica-cuernavaca-6-1024x682.jpg\" alt=\"\" class=\"wp-image-29112\" srcset=\"https:\/\/cuernavaca.gob.mx\/wp-content\/uploads\/2023\/06\/Consejo-Municipal-de-Seguridad-Pu\u0301blica-cuernavaca-6-1024x682.jpg 1024w, https:\/\/cuernavaca.gob.mx\/wp-content\/uploads\/2023\/06\/Consejo-Municipal-de-Seguridad-Pu\u0301blica-cuernavaca-6-300x200.jpg 300w, https:\/\/cuernavaca.gob.mx\/wp-content\/uploads\/2023\/06\/Consejo-Municipal-de-Seguridad-Pu\u0301blica-cuernavaca-6-768x512.jpg 768w, https:\/\/cuernavaca.gob.mx\/wp-content\/uploads\/2023\/06\/Consejo-Municipal-de-Seguridad-Pu\u0301blica-cuernavaca-6-1536x1023.jpg 1536w, https:\/\/cuernavaca.gob.mx\/wp-content\/uploads\/2023\/06\/Consejo-Municipal-de-Seguridad-Pu\u0301blica-cuernavaca-6-600x400.jpg 600w, https:\/\/cuernavaca.gob.mx\/wp-content\/uploads\/2023\/06\/Consejo-Municipal-de-Seguridad-Pu\u0301blica-cuernavaca-6-560x373.jpg 560w, https:\/\/cuernavaca.gob.mx\/wp-content\/uploads\/2023\/06\/Consejo-Municipal-de-Seguridad-Pu\u0301blica-cuernavaca-6.jpg 1600w\" sizes=\"(max-width: 1024px) 100vw, 1024px\" \/><\/figure>\n\n\n\n<figure class=\"wp-block-image size-large\"><img loading=\"lazy\" width=\"1024\" height=\"682\" data-id=\"29111\"  src=\"https:\/\/cuernavaca.gob.mx\/wp-content\/uploads\/2023\/06\/Consejo-Municipal-de-Seguridad-Pu\u0301blica-cuernavaca-7-1024x682.jpg\" alt=\"\" class=\"wp-image-29111\" srcset=\"https:\/\/cuernavaca.gob.mx\/wp-content\/uploads\/2023\/06\/Consejo-Municipal-de-Seguridad-Pu\u0301blica-cuernavaca-7-1024x682.jpg 1024w, https:\/\/cuernavaca.gob.mx\/wp-content\/uploads\/2023\/06\/Consejo-Municipal-de-Seguridad-Pu\u0301blica-cuernavaca-7-300x200.jpg 300w, https:\/\/cuernavaca.gob.mx\/wp-content\/uploads\/2023\/06\/Consejo-Municipal-de-Seguridad-Pu\u0301blica-cuernavaca-7-768x512.jpg 768w, https:\/\/cuernavaca.gob.mx\/wp-content\/uploads\/2023\/06\/Consejo-Municipal-de-Seguridad-Pu\u0301blica-cuernavaca-7-1536x1023.jpg 1536w, https:\/\/cuernavaca.gob.mx\/wp-content\/uploads\/2023\/06\/Consejo-Municipal-de-Seguridad-Pu\u0301blica-cuernavaca-7-600x400.jpg 600w, https:\/\/cuernavaca.gob.mx\/wp-content\/uploads\/2023\/06\/Consejo-Municipal-de-Seguridad-Pu\u0301blica-cuernavaca-7-560x373.jpg 560w, https:\/\/cuernavaca.gob.mx\/wp-content\/uploads\/2023\/06\/Consejo-Municipal-de-Seguridad-Pu\u0301blica-cuernavaca-7.jpg 1600w\" sizes=\"(max-width: 1024px) 100vw, 1024px\" \/><\/figure>\n\n\n\n<figure class=\"wp-block-image size-large\"><img loading=\"lazy\" width=\"1024\" height=\"682\" data-id=\"29107\"  src=\"https:\/\/cuernavaca.gob.mx\/wp-content\/uploads\/2023\/06\/Consejo-Municipal-de-Seguridad-Pu\u0301blica-cuernavaca-8-1024x682.jpg\" alt=\"\" class=\"wp-image-29107\" srcset=\"https:\/\/cuernavaca.gob.mx\/wp-content\/uploads\/2023\/06\/Consejo-Municipal-de-Seguridad-Pu\u0301blica-cuernavaca-8-1024x682.jpg 1024w, https:\/\/cuernavaca.gob.mx\/wp-content\/uploads\/2023\/06\/Consejo-Municipal-de-Seguridad-Pu\u0301blica-cuernavaca-8-300x200.jpg 300w, https:\/\/cuernavaca.gob.mx\/wp-content\/uploads\/2023\/06\/Consejo-Municipal-de-Seguridad-Pu\u0301blica-cuernavaca-8-768x512.jpg 768w, https:\/\/cuernavaca.gob.mx\/wp-content\/uploads\/2023\/06\/Consejo-Municipal-de-Seguridad-Pu\u0301blica-cuernavaca-8-1536x1023.jpg 1536w, https:\/\/cuernavaca.gob.mx\/wp-content\/uploads\/2023\/06\/Consejo-Municipal-de-Seguridad-Pu\u0301blica-cuernavaca-8-600x400.jpg 600w, https:\/\/cuernavaca.gob.mx\/wp-content\/uploads\/2023\/06\/Consejo-Municipal-de-Seguridad-Pu\u0301blica-cuernavaca-8-560x373.jpg 560w, https:\/\/cuernavaca.gob.mx\/wp-content\/uploads\/2023\/06\/Consejo-Municipal-de-Seguridad-Pu\u0301blica-cuernavaca-8.jpg 1600w\" sizes=\"(max-width: 1024px) 100vw, 1024px\" \/><\/figure>\n\n\n\n<figure class=\"wp-block-image size-large\"><img loading=\"lazy\" width=\"1024\" height=\"682\" data-id=\"29108\"  src=\"https:\/\/cuernavaca.gob.mx\/wp-content\/uploads\/2023\/06\/Consejo-Municipal-de-Seguridad-Pu\u0301blica-cuernavaca-9-1024x682.jpg\" alt=\"\" class=\"wp-image-29108\" srcset=\"https:\/\/cuernavaca.gob.mx\/wp-content\/uploads\/2023\/06\/Consejo-Municipal-de-Seguridad-Pu\u0301blica-cuernavaca-9-1024x682.jpg 1024w, https:\/\/cuernavaca.gob.mx\/wp-content\/uploads\/2023\/06\/Consejo-Municipal-de-Seguridad-Pu\u0301blica-cuernavaca-9-300x200.jpg 300w, https:\/\/cuernavaca.gob.mx\/wp-content\/uploads\/2023\/06\/Consejo-Municipal-de-Seguridad-Pu\u0301blica-cuernavaca-9-768x512.jpg 768w, https:\/\/cuernavaca.gob.mx\/wp-content\/uploads\/2023\/06\/Consejo-Municipal-de-Seguridad-Pu\u0301blica-cuernavaca-9-1536x1023.jpg 1536w, https:\/\/cuernavaca.gob.mx\/wp-content\/uploads\/2023\/06\/Consejo-Municipal-de-Seguridad-Pu\u0301blica-cuernavaca-9-600x400.jpg 600w, https:\/\/cuernavaca.gob.mx\/wp-content\/uploads\/2023\/06\/Consejo-Municipal-de-Seguridad-Pu\u0301blica-cuernavaca-9-560x373.jpg 560w, https:\/\/cuernavaca.gob.mx\/wp-content\/uploads\/2023\/06\/Consejo-Municipal-de-Seguridad-Pu\u0301blica-cuernavaca-9.jpg 1600w\" sizes=\"(max-width: 1024px) 100vw, 1024px\" \/><\/figure>\n\n\n\n<figure class=\"wp-block-image size-large\"><img loading=\"lazy\" width=\"1024\" height=\"682\" data-id=\"29109\"  src=\"https:\/\/cuernavaca.gob.mx\/wp-content\/uploads\/2023\/06\/Consejo-Municipal-de-Seguridad-Pu\u0301blica-cuernavaca-10-1024x682.jpg\" alt=\"\" class=\"wp-image-29109\" srcset=\"https:\/\/cuernavaca.gob.mx\/wp-content\/uploads\/2023\/06\/Consejo-Municipal-de-Seguridad-Pu\u0301blica-cuernavaca-10-1024x682.jpg 1024w, https:\/\/cuernavaca.gob.mx\/wp-content\/uploads\/2023\/06\/Consejo-Municipal-de-Seguridad-Pu\u0301blica-cuernavaca-10-300x200.jpg 300w, https:\/\/cuernavaca.gob.mx\/wp-content\/uploads\/2023\/06\/Consejo-Municipal-de-Seguridad-Pu\u0301blica-cuernavaca-10-768x512.jpg 768w, https:\/\/cuernavaca.gob.mx\/wp-content\/uploads\/2023\/06\/Consejo-Municipal-de-Seguridad-Pu\u0301blica-cuernavaca-10-1536x1023.jpg 1536w, https:\/\/cuernavaca.gob.mx\/wp-content\/uploads\/2023\/06\/Consejo-Municipal-de-Seguridad-Pu\u0301blica-cuernavaca-10-600x400.jpg 600w, https:\/\/cuernavaca.gob.mx\/wp-content\/uploads\/2023\/06\/Consejo-Municipal-de-Seguridad-Pu\u0301blica-cuernavaca-10-560x373.jpg 560w, https:\/\/cuernavaca.gob.mx\/wp-content\/uploads\/2023\/06\/Consejo-Municipal-de-Seguridad-Pu\u0301blica-cuernavaca-10.jpg 1600w\" sizes=\"(max-width: 1024px) 100vw, 1024px\" \/><\/figure>\n\n\n\n<figure class=\"wp-block-image size-large\"><img loading=\"lazy\" width=\"1024\" height=\"682\" data-id=\"29114\"  src=\"https:\/\/cuernavaca.gob.mx\/wp-content\/uploads\/2023\/06\/Consejo-Municipal-de-Seguridad-Pu\u0301blica-cuernavaca-11-1024x682.jpg\" alt=\"\" class=\"wp-image-29114\" srcset=\"https:\/\/cuernavaca.gob.mx\/wp-content\/uploads\/2023\/06\/Consejo-Municipal-de-Seguridad-Pu\u0301blica-cuernavaca-11-1024x682.jpg 1024w, https:\/\/cuernavaca.gob.mx\/wp-content\/uploads\/2023\/06\/Consejo-Municipal-de-Seguridad-Pu\u0301blica-cuernavaca-11-300x200.jpg 300w, https:\/\/cuernavaca.gob.mx\/wp-content\/uploads\/2023\/06\/Consejo-Municipal-de-Seguridad-Pu\u0301blica-cuernavaca-11-768x512.jpg 768w, https:\/\/cuernavaca.gob.mx\/wp-content\/uploads\/2023\/06\/Consejo-Municipal-de-Seguridad-Pu\u0301blica-cuernavaca-11-1536x1023.jpg 1536w, https:\/\/cuernavaca.gob.mx\/wp-content\/uploads\/2023\/06\/Consejo-Municipal-de-Seguridad-Pu\u0301blica-cuernavaca-11-600x400.jpg 600w, https:\/\/cuernavaca.gob.mx\/wp-content\/uploads\/2023\/06\/Consejo-Municipal-de-Seguridad-Pu\u0301blica-cuernavaca-11-560x373.jpg 560w, https:\/\/cuernavaca.gob.mx\/wp-content\/uploads\/2023\/06\/Consejo-Municipal-de-Seguridad-Pu\u0301blica-cuernavaca-11.jpg 1600w\" sizes=\"(max-width: 1024px) 100vw, 1024px\" \/><\/figure>\n\n\n\n<figure class=\"wp-block-image size-large\"><img loading=\"lazy\" width=\"1024\" height=\"682\" data-id=\"29119\"  src=\"https:\/\/cuernavaca.gob.mx\/wp-content\/uploads\/2023\/06\/Consejo-Municipal-de-Seguridad-Pu\u0301blica-cuernavaca-13-1024x682.jpg\" alt=\"\" class=\"wp-image-29119\" srcset=\"https:\/\/cuernavaca.gob.mx\/wp-content\/uploads\/2023\/06\/Consejo-Municipal-de-Seguridad-Pu\u0301blica-cuernavaca-13-1024x682.jpg 1024w, https:\/\/cuernavaca.gob.mx\/wp-content\/uploads\/2023\/06\/Consejo-Municipal-de-Seguridad-Pu\u0301blica-cuernavaca-13-300x200.jpg 300w, https:\/\/cuernavaca.gob.mx\/wp-content\/uploads\/2023\/06\/Consejo-Municipal-de-Seguridad-Pu\u0301blica-cuernavaca-13-768x512.jpg 768w, https:\/\/cuernavaca.gob.mx\/wp-content\/uploads\/2023\/06\/Consejo-Municipal-de-Seguridad-Pu\u0301blica-cuernavaca-13-1536x1023.jpg 1536w, https:\/\/cuernavaca.gob.mx\/wp-content\/uploads\/2023\/06\/Consejo-Municipal-de-Seguridad-Pu\u0301blica-cuernavaca-13-600x400.jpg 600w, https:\/\/cuernavaca.gob.mx\/wp-content\/uploads\/2023\/06\/Consejo-Municipal-de-Seguridad-Pu\u0301blica-cuernavaca-13-560x373.jpg 560w, https:\/\/cuernavaca.gob.mx\/wp-content\/uploads\/2023\/06\/Consejo-Municipal-de-Seguridad-Pu\u0301blica-cuernavaca-13.jpg 1600w\" sizes=\"(max-width: 1024px) 100vw, 1024px\" \/><\/figure>\n\n\n\n<figure class=\"wp-block-image size-large\"><img loading=\"lazy\" width=\"1024\" height=\"682\" data-id=\"29117\"  src=\"https:\/\/cuernavaca.gob.mx\/wp-content\/uploads\/2023\/06\/Consejo-Municipal-de-Seguridad-Pu\u0301blica-cuernavaca-14-1024x682.jpg\" alt=\"\" class=\"wp-image-29117\" srcset=\"https:\/\/cuernavaca.gob.mx\/wp-content\/uploads\/2023\/06\/Consejo-Municipal-de-Seguridad-Pu\u0301blica-cuernavaca-14-1024x682.jpg 1024w, https:\/\/cuernavaca.gob.mx\/wp-content\/uploads\/2023\/06\/Consejo-Municipal-de-Seguridad-Pu\u0301blica-cuernavaca-14-300x200.jpg 300w, https:\/\/cuernavaca.gob.mx\/wp-content\/uploads\/2023\/06\/Consejo-Municipal-de-Seguridad-Pu\u0301blica-cuernavaca-14-768x512.jpg 768w, https:\/\/cuernavaca.gob.mx\/wp-content\/uploads\/2023\/06\/Consejo-Municipal-de-Seguridad-Pu\u0301blica-cuernavaca-14-1536x1023.jpg 1536w, https:\/\/cuernavaca.gob.mx\/wp-content\/uploads\/2023\/06\/Consejo-Municipal-de-Seguridad-Pu\u0301blica-cuernavaca-14-600x400.jpg 600w, https:\/\/cuernavaca.gob.mx\/wp-content\/uploads\/2023\/06\/Consejo-Municipal-de-Seguridad-Pu\u0301blica-cuernavaca-14-560x373.jpg 560w, https:\/\/cuernavaca.gob.mx\/wp-content\/uploads\/2023\/06\/Consejo-Municipal-de-Seguridad-Pu\u0301blica-cuernavaca-14.jpg 1600w\" sizes=\"(max-width: 1024px) 100vw, 1024px\" \/><\/figure>\n\n\n\n<figure class=\"wp-block-image size-large\"><img loading=\"lazy\" width=\"1024\" height=\"682\" data-id=\"29116\"  src=\"https:\/\/cuernavaca.gob.mx\/wp-content\/uploads\/2023\/06\/Consejo-Municipal-de-Seguridad-Pu\u0301blica-cuernavaca-15-1024x682.jpg\" alt=\"\" class=\"wp-image-29116\" srcset=\"https:\/\/cuernavaca.gob.mx\/wp-content\/uploads\/2023\/06\/Consejo-Municipal-de-Seguridad-Pu\u0301blica-cuernavaca-15-1024x682.jpg 1024w, https:\/\/cuernavaca.gob.mx\/wp-content\/uploads\/2023\/06\/Consejo-Municipal-de-Seguridad-Pu\u0301blica-cuernavaca-15-300x200.jpg 300w, https:\/\/cuernavaca.gob.mx\/wp-content\/uploads\/2023\/06\/Consejo-Municipal-de-Seguridad-Pu\u0301blica-cuernavaca-15-768x512.jpg 768w, https:\/\/cuernavaca.gob.mx\/wp-content\/uploads\/2023\/06\/Consejo-Municipal-de-Seguridad-Pu\u0301blica-cuernavaca-15-1536x1023.jpg 1536w, https:\/\/cuernavaca.gob.mx\/wp-content\/uploads\/2023\/06\/Consejo-Municipal-de-Seguridad-Pu\u0301blica-cuernavaca-15-600x400.jpg 600w, https:\/\/cuernavaca.gob.mx\/wp-content\/uploads\/2023\/06\/Consejo-Municipal-de-Seguridad-Pu\u0301blica-cuernavaca-15-560x373.jpg 560w, https:\/\/cuernavaca.gob.mx\/wp-content\/uploads\/2023\/06\/Consejo-Municipal-de-Seguridad-Pu\u0301blica-cuernavaca-15.jpg 1600w\" sizes=\"(max-width: 1024px) 100vw, 1024px\" \/><\/figure>\n<\/figure>\n","protected":false},"excerpt":{"rendered":"<p>\u2022 En el marco de la IX Sesi\u00f3n Ordinaria del Consejo Municipal de Seguridad P\u00fablica, Alicia V\u00e1zquez inform\u00f3 que Consejos de Participaci\u00f3n Social, ayudantes y delegados estan interesados en contar con estos equipos \u2022 Consejeros ciudadanos manifestaron su deseo de poder participar en este proyecto, as\u00ed como en otras acciones preventivas, como el operativo de [&hellip;]<\/p>\n","protected":false},"author":1,"featured_media":29119,"comment_status":"closed","ping_status":"open","sticky":false,"template":"","format":"standard","meta":[],"categories":[17],"tags":[2582,121,3104,2898,120,206,414,125,252],"aioseo_notices":[],"_links":{"self":[{"href":"https:\/\/cuernavaca.gob.mx\/index.php?rest_route=\/wp\/v2\/posts\/29106"}],"collection":[{"href":"https:\/\/cuernavaca.gob.mx\/index.php?rest_route=\/wp\/v2\/posts"}],"about":[{"href":"https:\/\/cuernavaca.gob.mx\/index.php?rest_route=\/wp\/v2\/types\/post"}],"author":[{"embeddable":true,"href":"https:\/\/cuernavaca.gob.mx\/index.php?rest_route=\/wp\/v2\/users\/1"}],"replies":[{"embeddable":true,"href":"https:\/\/cuernavaca.gob.mx\/index.php?rest_route=%2Fwp%2Fv2%2Fcomments&post=29106"}],"version-history":[{"count":1,"href":"https:\/\/cuernavaca.gob.mx\/index.php?rest_route=\/wp\/v2\/posts\/29106\/revisions"}],"predecessor-version":[{"id":29121,"href":"https:\/\/cuernavaca.gob.mx\/index.php?rest_route=\/wp\/v2\/posts\/29106\/revisions\/29121"}],"wp:featuredmedia":[{"embeddable":true,"href":"https:\/\/cuernavaca.gob.mx\/index.php?rest_route=\/wp\/v2\/media\/29119"}],"wp:attachment":[{"href":"https:\/\/cuernavaca.gob.mx\/index.php?rest_route=%2Fwp%2Fv2%2Fmedia&parent=29106"}],"wp:term":[{"taxonomy":"category","embeddable":true,"href":"https:\/\/cuernavaca.gob.mx\/index.php?rest_route=%2Fwp%2Fv2%2Fcategories&post=29106"},{"taxonomy":"post_tag","embeddable":true,"href":"https:\/\/cuernavaca.gob.mx\/index.php?rest_route=%2Fwp%2Fv2%2Ftags&post=29106"}],"curies":[{"name":"wp","href":"https:\/\/api.w.org\/{rel}","templated":true}]}}