{"id":29122,"date":"2023-06-07T18:00:00","date_gmt":"2023-06-08T00:00:00","guid":{"rendered":"https:\/\/cuernavaca.gob.mx\/?p=29122"},"modified":"2025-05-06T12:39:36","modified_gmt":"2025-05-06T18:39:36","slug":"b1034-07-06-23-inaugura-jose-luis-uriostegui-nuevo-mural-dedicado-al-rescate-de-la-identidad-del-municipio-de-cuernavaca-y-de-morelos","status":"publish","type":"post","link":"https:\/\/cuernavaca.gob.mx\/?p=29122","title":{"rendered":"B1034 07\/06\/23 INAUGURA JOS\u00c9 LUIS URI\u00d3STEGUI NUEVO MURAL DEDICADO AL RESCATE DE LA IDENTIDAD DEL MUNICIPIO DE CUERNAVACA Y DE MORELOS"},"content":{"rendered":"\n<p><strong>\u2022 El presidente municipal y los artistas pl\u00e1sticos integrados al Colectivo 18 \u00bd encabezados por V\u00edctor Emilio Eskide mostraron la conclusi\u00f3n del mural \u201cReencuentro\u201d<\/strong><\/p>\n\n\n\n<p><strong>\u2022 Esta obra destaca la flora, fauna, historia y cultura de la ciudad y el estado en la explanada de la fuente Porfirio D\u00edaz<\/strong><\/p>\n\n\n\n<p>En busca de seguir mejorando la imagen urbana de Cuernavaca con obras de arte de talentos locales, el presidente municipal, Jos\u00e9 Luis Uri\u00f3stegui Salgado, acompa\u00f1ado de integrantes del Cabildo y Gabinete, inaugur\u00f3 este mi\u00e9rcoles el mural \u201cReencuentro\u201d que, bajo la t\u00e9cnica del artista pl\u00e1stico, V\u00edctor Emilio Eskide Garc\u00eda y j\u00f3venes del Colectivo 18 \u00bd, enmarcaron la flora, fauna, historia y cultura de la ciudad y el estado en la explanada de la fuente Porfirio D\u00edaz y parte de Calzada de Leandro Valle.<\/p>\n\n\n\n<p>Teniendo como escenario esta hist\u00f3rica fuente que fue rehabilitada por la presente administraci\u00f3n, la cual muestra su belleza en todo su esplendor, el alcalde confirm\u00f3 que la cultura est\u00e1 renaciendo en Cuernavaca a trav\u00e9s del arte urbano, puesto que este mural se suma a otras expresiones art\u00edsticas que se ubican en calle Agust\u00edn G\u00fcemes, convirtiendo esta zona de la ciudad en una galer\u00eda al aire libre cuyas obras cubren sus muros.<\/p>\n\n\n\n<p>Tras agradecer y reconocer el trabajo de artistas locales, de empresarios y ciudadanos que hicieron donaciones para efectuar estas obras, as\u00ed como el impulso de la Secretar\u00eda de Desarrollo Econ\u00f3mico y Turismo, comparti\u00f3 que como parte del rescate de espacios p\u00fablicos est\u00e1n haciendo trabajos de mantenimiento en el Parque Porfirio D\u00edaz, planeando pr\u00f3ximamente su reapertura para \u201cque la gente salga a convivir a lugares donde tengan seguridad y puedan fortalecer los lazos de comunidad de esta ciudad que tanto lo necesita\u201d.<\/p>\n\n\n\n<p>En su mensaje, el maestro V\u00edctor Emilio Eskide, quien estuvo acompa\u00f1ado de j\u00f3venes del Colectivo 18 \u00bd, explic\u00f3 que el mural \u201cReencuentro\u201d representa en su primera parte la flora y fauna morelense para seguir con la historia de Morelos, iniciando con la parte rural donde plasmaron un Cuexcomate y dibujaron a una mujer que representa a la Pachamama o madre tierra que est\u00e1 soltando ma\u00edces de diferentes colores, sosteniendo el lienzo de Tetlama.<\/p>\n\n\n\n<p>Se\u00f1al\u00f3 que la otra parte del mural inicia con una mujer que representa a las mujeres morelenses dadoras de vida, las dos mujeres no tienen color para evitar perjuicios de pigmentaci\u00f3n; en el cielo del mural se representa de lo que est\u00e1n hechos los mexicanos, una variedad de ma\u00edces; adem\u00e1s cuenta con dos s\u00edmbolos, el quinto sol, que es la era actual y la puerta al inframundo, que es la pieza que Morelos y M\u00e9xico recupero apenas hace un mes; en el mural no pod\u00edan faltar las m\u00e1scaras de chinelos y el tren de mulitas en alusi\u00f3n a la historia del propio puente de Porfirio D\u00edaz para finalizar con un chinelo contempor\u00e1neo.<\/p>\n\n\n\n<p>\u201cLa idea del mural es generar memoria para que la poblaci\u00f3n de Cuernavaca tenga arraigo y puedan creer en esta ciudad y ojal\u00e1 sociedad y gobierno, como venimos trabajando, se unan m\u00e1s para el beneficio de nuestra sociedad\u201d, acot\u00f3.<\/p>\n\n\n\n<p>Al uso de la palabra, el diputado presidente de la Comisi\u00f3n de Turismo, \u00c1ngel Adame Jim\u00e9nez, manifest\u00f3 que sin duda contribuir desde la cultura para el turismo es sumamente importante, en especial en una ciudad que tiene historia como es Cuernavaca, siendo necesario seguir trabajando conjuntamente para lograr, no solo estadios de bienestar, sino tambi\u00e9n que contribuyan a que el turismo vuelva a voltear a ver a la Eterna Primavera.<\/p>\n\n\n\n<p>En la inauguraci\u00f3n del mural se cont\u00f3 con la asistencia de la s\u00edndica municipal, Ver\u00f3nica Atenco P\u00e9rez; de los regidores Wendi Salinas Ruiz, Fernando Carrillo Alvarado y Jes\u00fas Rosales Puebla, as\u00ed como del secretario de Desarrollo Econ\u00f3mico y Turismo, Humberto Paladino Valdovinos; el director general de Turismo, Luis Cagide R\u00edos; el director del Centro Hist\u00f3rico y Pueblos Hist\u00f3ricos de la Direcci\u00f3n General de Turismo, Jos\u00e9 Acevedo Medina; el coordinador del Consejo Consultivo de Turismo (COCTUR), Marcos Manuel Su\u00e1rez Gerald; y la cronista, Lya Guti\u00e9rrez Quintanilla, entre otros invitados.<\/p>\n\n\n\n<figure class=\"wp-container-2 wp-block-gallery-1 wp-block-gallery has-nested-images columns-default is-cropped\">\n<figure class=\"wp-block-image size-large\"><img loading=\"lazy\" width=\"1024\" height=\"683\" data-id=\"29123\"  src=\"https:\/\/cuernavaca.gob.mx\/wp-content\/uploads\/2023\/06\/mural-Reencuentro-1-1024x683.jpg\" alt=\"\" class=\"wp-image-29123\" srcset=\"https:\/\/cuernavaca.gob.mx\/wp-content\/uploads\/2023\/06\/mural-Reencuentro-1-1024x683.jpg 1024w, https:\/\/cuernavaca.gob.mx\/wp-content\/uploads\/2023\/06\/mural-Reencuentro-1-300x200.jpg 300w, https:\/\/cuernavaca.gob.mx\/wp-content\/uploads\/2023\/06\/mural-Reencuentro-1-768x512.jpg 768w, https:\/\/cuernavaca.gob.mx\/wp-content\/uploads\/2023\/06\/mural-Reencuentro-1-1536x1024.jpg 1536w, https:\/\/cuernavaca.gob.mx\/wp-content\/uploads\/2023\/06\/mural-Reencuentro-1-600x400.jpg 600w, https:\/\/cuernavaca.gob.mx\/wp-content\/uploads\/2023\/06\/mural-Reencuentro-1-560x373.jpg 560w, https:\/\/cuernavaca.gob.mx\/wp-content\/uploads\/2023\/06\/mural-Reencuentro-1.jpg 1599w\" sizes=\"(max-width: 1024px) 100vw, 1024px\" \/><\/figure>\n\n\n\n<figure class=\"wp-block-image size-large\"><img loading=\"lazy\" width=\"1024\" height=\"683\" data-id=\"29133\"  src=\"https:\/\/cuernavaca.gob.mx\/wp-content\/uploads\/2023\/06\/mural-Reencuentro-2-1024x683.jpg\" alt=\"\" class=\"wp-image-29133\" srcset=\"https:\/\/cuernavaca.gob.mx\/wp-content\/uploads\/2023\/06\/mural-Reencuentro-2-1024x683.jpg 1024w, https:\/\/cuernavaca.gob.mx\/wp-content\/uploads\/2023\/06\/mural-Reencuentro-2-300x200.jpg 300w, https:\/\/cuernavaca.gob.mx\/wp-content\/uploads\/2023\/06\/mural-Reencuentro-2-768x512.jpg 768w, https:\/\/cuernavaca.gob.mx\/wp-content\/uploads\/2023\/06\/mural-Reencuentro-2-1536x1024.jpg 1536w, https:\/\/cuernavaca.gob.mx\/wp-content\/uploads\/2023\/06\/mural-Reencuentro-2-600x400.jpg 600w, https:\/\/cuernavaca.gob.mx\/wp-content\/uploads\/2023\/06\/mural-Reencuentro-2-560x373.jpg 560w, https:\/\/cuernavaca.gob.mx\/wp-content\/uploads\/2023\/06\/mural-Reencuentro-2.jpg 1599w\" sizes=\"(max-width: 1024px) 100vw, 1024px\" \/><\/figure>\n\n\n\n<figure class=\"wp-block-image size-large\"><img loading=\"lazy\" width=\"1024\" height=\"683\" data-id=\"29129\"  src=\"https:\/\/cuernavaca.gob.mx\/wp-content\/uploads\/2023\/06\/mural-Reencuentro-3-1024x683.jpg\" alt=\"\" class=\"wp-image-29129\" srcset=\"https:\/\/cuernavaca.gob.mx\/wp-content\/uploads\/2023\/06\/mural-Reencuentro-3-1024x683.jpg 1024w, https:\/\/cuernavaca.gob.mx\/wp-content\/uploads\/2023\/06\/mural-Reencuentro-3-300x200.jpg 300w, https:\/\/cuernavaca.gob.mx\/wp-content\/uploads\/2023\/06\/mural-Reencuentro-3-768x512.jpg 768w, https:\/\/cuernavaca.gob.mx\/wp-content\/uploads\/2023\/06\/mural-Reencuentro-3-1536x1024.jpg 1536w, https:\/\/cuernavaca.gob.mx\/wp-content\/uploads\/2023\/06\/mural-Reencuentro-3-600x400.jpg 600w, https:\/\/cuernavaca.gob.mx\/wp-content\/uploads\/2023\/06\/mural-Reencuentro-3-560x373.jpg 560w, https:\/\/cuernavaca.gob.mx\/wp-content\/uploads\/2023\/06\/mural-Reencuentro-3.jpg 1599w\" sizes=\"(max-width: 1024px) 100vw, 1024px\" \/><\/figure>\n\n\n\n<figure class=\"wp-block-image size-large\"><img loading=\"lazy\" width=\"1024\" height=\"683\" data-id=\"29131\"  src=\"https:\/\/cuernavaca.gob.mx\/wp-content\/uploads\/2023\/06\/mural-Reencuentro-4-1024x683.jpg\" alt=\"\" class=\"wp-image-29131\" srcset=\"https:\/\/cuernavaca.gob.mx\/wp-content\/uploads\/2023\/06\/mural-Reencuentro-4-1024x683.jpg 1024w, https:\/\/cuernavaca.gob.mx\/wp-content\/uploads\/2023\/06\/mural-Reencuentro-4-300x200.jpg 300w, https:\/\/cuernavaca.gob.mx\/wp-content\/uploads\/2023\/06\/mural-Reencuentro-4-768x512.jpg 768w, https:\/\/cuernavaca.gob.mx\/wp-content\/uploads\/2023\/06\/mural-Reencuentro-4-1536x1024.jpg 1536w, https:\/\/cuernavaca.gob.mx\/wp-content\/uploads\/2023\/06\/mural-Reencuentro-4-600x400.jpg 600w, https:\/\/cuernavaca.gob.mx\/wp-content\/uploads\/2023\/06\/mural-Reencuentro-4-560x373.jpg 560w, https:\/\/cuernavaca.gob.mx\/wp-content\/uploads\/2023\/06\/mural-Reencuentro-4.jpg 1599w\" sizes=\"(max-width: 1024px) 100vw, 1024px\" \/><\/figure>\n\n\n\n<figure class=\"wp-block-image size-large\"><img loading=\"lazy\" width=\"1024\" height=\"683\" data-id=\"29126\"  src=\"https:\/\/cuernavaca.gob.mx\/wp-content\/uploads\/2023\/06\/mural-Reencuentro-5-1024x683.jpg\" alt=\"\" class=\"wp-image-29126\" srcset=\"https:\/\/cuernavaca.gob.mx\/wp-content\/uploads\/2023\/06\/mural-Reencuentro-5-1024x683.jpg 1024w, https:\/\/cuernavaca.gob.mx\/wp-content\/uploads\/2023\/06\/mural-Reencuentro-5-300x200.jpg 300w, https:\/\/cuernavaca.gob.mx\/wp-content\/uploads\/2023\/06\/mural-Reencuentro-5-768x512.jpg 768w, https:\/\/cuernavaca.gob.mx\/wp-content\/uploads\/2023\/06\/mural-Reencuentro-5-1536x1024.jpg 1536w, https:\/\/cuernavaca.gob.mx\/wp-content\/uploads\/2023\/06\/mural-Reencuentro-5-600x400.jpg 600w, https:\/\/cuernavaca.gob.mx\/wp-content\/uploads\/2023\/06\/mural-Reencuentro-5-560x373.jpg 560w, https:\/\/cuernavaca.gob.mx\/wp-content\/uploads\/2023\/06\/mural-Reencuentro-5.jpg 1599w\" sizes=\"(max-width: 1024px) 100vw, 1024px\" \/><\/figure>\n\n\n\n<figure class=\"wp-block-image size-large\"><img loading=\"lazy\" width=\"1024\" height=\"683\" data-id=\"29127\"  src=\"https:\/\/cuernavaca.gob.mx\/wp-content\/uploads\/2023\/06\/mural-Reencuentro-7-1024x683.jpg\" alt=\"\" class=\"wp-image-29127\" srcset=\"https:\/\/cuernavaca.gob.mx\/wp-content\/uploads\/2023\/06\/mural-Reencuentro-7-1024x683.jpg 1024w, https:\/\/cuernavaca.gob.mx\/wp-content\/uploads\/2023\/06\/mural-Reencuentro-7-300x200.jpg 300w, https:\/\/cuernavaca.gob.mx\/wp-content\/uploads\/2023\/06\/mural-Reencuentro-7-768x512.jpg 768w, https:\/\/cuernavaca.gob.mx\/wp-content\/uploads\/2023\/06\/mural-Reencuentro-7-1536x1024.jpg 1536w, https:\/\/cuernavaca.gob.mx\/wp-content\/uploads\/2023\/06\/mural-Reencuentro-7-600x400.jpg 600w, https:\/\/cuernavaca.gob.mx\/wp-content\/uploads\/2023\/06\/mural-Reencuentro-7-560x373.jpg 560w, https:\/\/cuernavaca.gob.mx\/wp-content\/uploads\/2023\/06\/mural-Reencuentro-7.jpg 1599w\" sizes=\"(max-width: 1024px) 100vw, 1024px\" \/><\/figure>\n\n\n\n<figure class=\"wp-block-image size-large\"><img loading=\"lazy\" width=\"1024\" height=\"683\" data-id=\"29128\"  src=\"https:\/\/cuernavaca.gob.mx\/wp-content\/uploads\/2023\/06\/mural-Reencuentro-8-1024x683.jpg\" alt=\"\" class=\"wp-image-29128\" srcset=\"https:\/\/cuernavaca.gob.mx\/wp-content\/uploads\/2023\/06\/mural-Reencuentro-8-1024x683.jpg 1024w, https:\/\/cuernavaca.gob.mx\/wp-content\/uploads\/2023\/06\/mural-Reencuentro-8-300x200.jpg 300w, https:\/\/cuernavaca.gob.mx\/wp-content\/uploads\/2023\/06\/mural-Reencuentro-8-768x512.jpg 768w, https:\/\/cuernavaca.gob.mx\/wp-content\/uploads\/2023\/06\/mural-Reencuentro-8-1536x1024.jpg 1536w, https:\/\/cuernavaca.gob.mx\/wp-content\/uploads\/2023\/06\/mural-Reencuentro-8-600x400.jpg 600w, https:\/\/cuernavaca.gob.mx\/wp-content\/uploads\/2023\/06\/mural-Reencuentro-8-560x373.jpg 560w, https:\/\/cuernavaca.gob.mx\/wp-content\/uploads\/2023\/06\/mural-Reencuentro-8.jpg 1599w\" sizes=\"(max-width: 1024px) 100vw, 1024px\" \/><\/figure>\n\n\n\n<figure class=\"wp-block-image size-large\"><img loading=\"lazy\" width=\"1024\" height=\"683\" data-id=\"29124\"  src=\"https:\/\/cuernavaca.gob.mx\/wp-content\/uploads\/2023\/06\/mural-Reencuentro-9-1024x683.jpg\" alt=\"\" class=\"wp-image-29124\" srcset=\"https:\/\/cuernavaca.gob.mx\/wp-content\/uploads\/2023\/06\/mural-Reencuentro-9-1024x683.jpg 1024w, https:\/\/cuernavaca.gob.mx\/wp-content\/uploads\/2023\/06\/mural-Reencuentro-9-300x200.jpg 300w, https:\/\/cuernavaca.gob.mx\/wp-content\/uploads\/2023\/06\/mural-Reencuentro-9-768x512.jpg 768w, https:\/\/cuernavaca.gob.mx\/wp-content\/uploads\/2023\/06\/mural-Reencuentro-9-1536x1024.jpg 1536w, https:\/\/cuernavaca.gob.mx\/wp-content\/uploads\/2023\/06\/mural-Reencuentro-9-600x400.jpg 600w, https:\/\/cuernavaca.gob.mx\/wp-content\/uploads\/2023\/06\/mural-Reencuentro-9-560x373.jpg 560w, https:\/\/cuernavaca.gob.mx\/wp-content\/uploads\/2023\/06\/mural-Reencuentro-9.jpg 1599w\" sizes=\"(max-width: 1024px) 100vw, 1024px\" \/><\/figure>\n\n\n\n<figure class=\"wp-block-image size-large\"><img loading=\"lazy\" width=\"1024\" height=\"683\" data-id=\"29125\"  src=\"https:\/\/cuernavaca.gob.mx\/wp-content\/uploads\/2023\/06\/mural-Reencuentro-10-1024x683.jpg\" alt=\"\" class=\"wp-image-29125\" srcset=\"https:\/\/cuernavaca.gob.mx\/wp-content\/uploads\/2023\/06\/mural-Reencuentro-10-1024x683.jpg 1024w, https:\/\/cuernavaca.gob.mx\/wp-content\/uploads\/2023\/06\/mural-Reencuentro-10-300x200.jpg 300w, https:\/\/cuernavaca.gob.mx\/wp-content\/uploads\/2023\/06\/mural-Reencuentro-10-768x512.jpg 768w, https:\/\/cuernavaca.gob.mx\/wp-content\/uploads\/2023\/06\/mural-Reencuentro-10-1536x1024.jpg 1536w, https:\/\/cuernavaca.gob.mx\/wp-content\/uploads\/2023\/06\/mural-Reencuentro-10-600x400.jpg 600w, https:\/\/cuernavaca.gob.mx\/wp-content\/uploads\/2023\/06\/mural-Reencuentro-10-560x373.jpg 560w, https:\/\/cuernavaca.gob.mx\/wp-content\/uploads\/2023\/06\/mural-Reencuentro-10.jpg 1599w\" sizes=\"(max-width: 1024px) 100vw, 1024px\" \/><\/figure>\n\n\n\n<figure class=\"wp-block-image size-large\"><img loading=\"lazy\" width=\"1024\" height=\"683\" data-id=\"29132\"  src=\"https:\/\/cuernavaca.gob.mx\/wp-content\/uploads\/2023\/06\/mural-Reencuentro-11-1024x683.jpg\" alt=\"\" class=\"wp-image-29132\" srcset=\"https:\/\/cuernavaca.gob.mx\/wp-content\/uploads\/2023\/06\/mural-Reencuentro-11-1024x683.jpg 1024w, https:\/\/cuernavaca.gob.mx\/wp-content\/uploads\/2023\/06\/mural-Reencuentro-11-300x200.jpg 300w, https:\/\/cuernavaca.gob.mx\/wp-content\/uploads\/2023\/06\/mural-Reencuentro-11-768x512.jpg 768w, https:\/\/cuernavaca.gob.mx\/wp-content\/uploads\/2023\/06\/mural-Reencuentro-11-1536x1024.jpg 1536w, https:\/\/cuernavaca.gob.mx\/wp-content\/uploads\/2023\/06\/mural-Reencuentro-11-600x400.jpg 600w, https:\/\/cuernavaca.gob.mx\/wp-content\/uploads\/2023\/06\/mural-Reencuentro-11-560x373.jpg 560w, https:\/\/cuernavaca.gob.mx\/wp-content\/uploads\/2023\/06\/mural-Reencuentro-11.jpg 1599w\" sizes=\"(max-width: 1024px) 100vw, 1024px\" \/><\/figure>\n\n\n\n<figure class=\"wp-block-image size-large\"><img loading=\"lazy\" width=\"1024\" height=\"683\" data-id=\"29130\"  src=\"https:\/\/cuernavaca.gob.mx\/wp-content\/uploads\/2023\/06\/mural-Reencuentro-12-1024x683.jpg\" alt=\"\" class=\"wp-image-29130\" srcset=\"https:\/\/cuernavaca.gob.mx\/wp-content\/uploads\/2023\/06\/mural-Reencuentro-12-1024x683.jpg 1024w, https:\/\/cuernavaca.gob.mx\/wp-content\/uploads\/2023\/06\/mural-Reencuentro-12-300x200.jpg 300w, https:\/\/cuernavaca.gob.mx\/wp-content\/uploads\/2023\/06\/mural-Reencuentro-12-768x512.jpg 768w, https:\/\/cuernavaca.gob.mx\/wp-content\/uploads\/2023\/06\/mural-Reencuentro-12-1536x1024.jpg 1536w, https:\/\/cuernavaca.gob.mx\/wp-content\/uploads\/2023\/06\/mural-Reencuentro-12-600x400.jpg 600w, https:\/\/cuernavaca.gob.mx\/wp-content\/uploads\/2023\/06\/mural-Reencuentro-12-560x373.jpg 560w, https:\/\/cuernavaca.gob.mx\/wp-content\/uploads\/2023\/06\/mural-Reencuentro-12.jpg 1599w\" sizes=\"(max-width: 1024px) 100vw, 1024px\" \/><\/figure>\n<\/figure>\n","protected":false},"excerpt":{"rendered":"<p>\u2022 El presidente municipal y los artistas pl\u00e1sticos integrados al Colectivo 18 \u00bd encabezados por V\u00edctor Emilio Eskide mostraron la conclusi\u00f3n del mural \u201cReencuentro\u201d \u2022 Esta obra destaca la flora, fauna, historia y cultura de la ciudad y el estado en la explanada de la fuente Porfirio D\u00edaz En busca de seguir mejorando la imagen [&hellip;]<\/p>\n","protected":false},"author":1,"featured_media":29130,"comment_status":"closed","ping_status":"open","sticky":false,"template":"","format":"standard","meta":[],"categories":[2292],"tags":[1300,121,2889,2571,120,206,2934,125],"aioseo_notices":[],"_links":{"self":[{"href":"https:\/\/cuernavaca.gob.mx\/index.php?rest_route=\/wp\/v2\/posts\/29122"}],"collection":[{"href":"https:\/\/cuernavaca.gob.mx\/index.php?rest_route=\/wp\/v2\/posts"}],"about":[{"href":"https:\/\/cuernavaca.gob.mx\/index.php?rest_route=\/wp\/v2\/types\/post"}],"author":[{"embeddable":true,"href":"https:\/\/cuernavaca.gob.mx\/index.php?rest_route=\/wp\/v2\/users\/1"}],"replies":[{"embeddable":true,"href":"https:\/\/cuernavaca.gob.mx\/index.php?rest_route=%2Fwp%2Fv2%2Fcomments&post=29122"}],"version-history":[{"count":1,"href":"https:\/\/cuernavaca.gob.mx\/index.php?rest_route=\/wp\/v2\/posts\/29122\/revisions"}],"predecessor-version":[{"id":29134,"href":"https:\/\/cuernavaca.gob.mx\/index.php?rest_route=\/wp\/v2\/posts\/29122\/revisions\/29134"}],"wp:featuredmedia":[{"embeddable":true,"href":"https:\/\/cuernavaca.gob.mx\/index.php?rest_route=\/wp\/v2\/media\/29130"}],"wp:attachment":[{"href":"https:\/\/cuernavaca.gob.mx\/index.php?rest_route=%2Fwp%2Fv2%2Fmedia&parent=29122"}],"wp:term":[{"taxonomy":"category","embeddable":true,"href":"https:\/\/cuernavaca.gob.mx\/index.php?rest_route=%2Fwp%2Fv2%2Fcategories&post=29122"},{"taxonomy":"post_tag","embeddable":true,"href":"https:\/\/cuernavaca.gob.mx\/index.php?rest_route=%2Fwp%2Fv2%2Ftags&post=29122"}],"curies":[{"name":"wp","href":"https:\/\/api.w.org\/{rel}","templated":true}]}}