{"id":29138,"date":"2023-06-08T14:40:00","date_gmt":"2023-06-08T20:40:00","guid":{"rendered":"https:\/\/cuernavaca.gob.mx\/?p=29138"},"modified":"2025-05-06T12:39:36","modified_gmt":"2025-05-06T18:39:36","slug":"b1035-08-06-23-ayuntamiento-de-cuernavaca-entrega-fertilizante-y-certificados-zoosanitarios-a-productores-de-granos-basicos-de-la-ciudad-capital","status":"publish","type":"post","link":"https:\/\/cuernavaca.gob.mx\/?p=29138","title":{"rendered":"B1035 08\/06\/23 AYUNTAMIENTO DE CUERNAVACA ENTREGA FERTILIZANTE Y CERTIFICADOS ZOOSANITARIOS A PRODUCTORES DE GRANOS B\u00c1SICOS DE LA CIUDAD CAPITAL"},"content":{"rendered":"\n<p><strong>\u2022\u00a0\u00a0\u00a0\u00a0\u00a0\u00a0\u00a0\u00a0\u00a0 Jos\u00e9 Luis Uri\u00f3stegui, integrantes del Cabildo y Gabinete, encabezaron el arranque de este programa que beneficiar\u00e1 a 330 productores de los ejidos de San Ant\u00f3n, Santa Mar\u00eda Ahuacatitl\u00e1n y Buenavista del Monte<\/strong><\/p>\n\n\n\n<p><strong>\u2022\u00a0\u00a0\u00a0\u00a0\u00a0\u00a0\u00a0\u00a0\u00a0 Se estar\u00e1n entregando un total de 640 bultos de Nitrofoska, 960 de Euro Mag y 127 bultos de mezcla; adem\u00e1s de 49 certificados zoosanitarios que dan certeza en la calidad y salud de los animales para consumo humano<\/strong><\/p>\n\n\n\n<p>El presidente municipal de Cuernavaca, Jos\u00e9 Luis Uri\u00f3stegui Salgado, inform\u00f3 que, con la entrega oportuna y directa de fertilizante a 330 productores de los ejidos de San Ant\u00f3n, Santa Mar\u00eda Ahuacatitl\u00e1n y Buenavista del Monte, la producci\u00f3n de granos b\u00e1sicos se seguir\u00e1 enriqueciendo con m\u00e1s variedad, calidad de producto y sobre todo a mejores costos para los productores, a fin de que su econom\u00eda siga mejorando.<\/p>\n\n\n\n<p>En el arranque de la entrega simb\u00f3lica de apoyos a productores de granos b\u00e1sicos en El Cebadal, conocido como el granero del municipio y la regi\u00f3n, el Alcalde Capitalino puntualiz\u00f3 que a trav\u00e9s de la Direcci\u00f3n de Fomento Agropecuario y del Consejo Municipal de Desarrollo Rural Sustentable (Comunders), procuraron que la entrega se desarrollara de manera oportuna, siendo justo el momento para que aprovechen este material para la siembra al iniciar la temporada de lluvias, deseando que en los siguientes meses conforme se vaya dando lo que requiere cada uno de los sistemas producto, igual cumplan en tiempo, con la calidad y cantidad que se ameritan.&nbsp;<\/p>\n\n\n\n<p>Acompa\u00f1ado de la s\u00edndica municipal, Ver\u00f3nica Atenco P\u00e9rez; las regidoras Paz Hern\u00e1ndez Pardo, Mireya Delgado Romero y el regidor Adri\u00e1n Mart\u00ednez Terrazas, as\u00ed como el secretario de Desarrollo Econ\u00f3mico y Turismo, Humberto Paladino Valdovinos, confirm\u00f3 que seguir\u00e1n tomando las mejores decisiones para impulsar la econom\u00eda al m\u00e1ximo con los recursos disponibles.<\/p>\n\n\n\n<p>\u201cCuernavaca tiene una parte poco conocida que es la rural, hay producci\u00f3n de alimentos, de leche, vemos aqu\u00ed ganado vacuno, equino, hay borregos, hay cabras y tenemos una gran variedad de animales que son para el consumo humano o tambi\u00e9n para producci\u00f3n de leche, de huevo, de queso, entre otras y hoy vemos tambi\u00e9n con simpat\u00eda que se abran a la tecnolog\u00eda y que est\u00e9n probando ya el uso de un dron para poder fertilizar la tierra de manera m\u00e1s adecuada y eficiente\u201d, expres\u00f3.<\/p>\n\n\n\n<p>En esta ocasi\u00f3n el Gobierno Municipal har\u00e1 entrega total de 640 bultos de Nitrofoska, 960 de Euro Mag y 127 bultos de mezcla que tuvieron una inversi\u00f3n de un mill\u00f3n 167 mil 500 pesos, con el objetivo de incrementar de forma permanente y sostenida los niveles de productividad y rentabilidad de las actividades del sector de granos b\u00e1sicos.<\/p>\n\n\n\n<p>Adem\u00e1s, en un trabajo coordinado con la Asociaci\u00f3n Ganadera Local de Cuernavaca y una inversi\u00f3n de 200 mil pesos, hicieron entrega a 49 productores de los ejidos de San Antonio, Santa Mar\u00eda, Acapantzingo y Ahuatepec de certificados zoosanitarios en pruebas de tuberculina, brucelosis y tarjeta al ocho por ciento de rosa de bengala para el diagn\u00f3stico de br\u00facela, atendiendo a 877 cabezas de ganado bovino, dando certeza que la calidad y salud de los animales que se sacrifican para consumo humano son aptas.&nbsp;<\/p>\n\n\n\n<p>En su disertaci\u00f3n, la regidora presidenta de la Comisi\u00f3n de Desarrollo Agropecuario, Paz Hern\u00e1ndez Pardo, aclar\u00f3 que, si bien en a\u00f1os anteriores hubo muchas deficiencias para el campo cuernavacense, la actual administraci\u00f3n est\u00e1 cumpliendo con su palabra, atendiendo cada una de sus necesidades y trabajando de la mano con los productores, por lo cual el fertilizante que se les estar\u00e1 entregando es uno que han utilizado y solicitaron por su calidad y buen funcionamiento, aunado a que reparar\u00e1n la m\u00e1quina trilladora para que sean ellos quienes la manejen y se vean beneficiados.<\/p>\n\n\n\n<p>Al agradecer la entrega de estos apoyos, el representante de la rama productiva de granos b\u00e1sicos, Javier Garc\u00eda Guti\u00e9rrez, explic\u00f3 que basado en consensos con comisariados se tom\u00f3 la determinaci\u00f3n de solicitar este material que oportunamente se est\u00e1 entregando a distintos productores, quienes tambi\u00e9n estar\u00e1n utilizando nuevas tecnolog\u00edas aplicadas con drones, no solo para fumigar sus sembrad\u00edos, sino tambi\u00e9n para la aplicaci\u00f3n de fertilizante.<\/p>\n\n\n\n<p>En el evento se cont\u00f3 con la presencia de Francisco Heriberto Orihuela Rosas, representante del Comisariado Ejidal de Santa Mar\u00eda; Miguel Gonz\u00e1lez Gonz\u00e1lez, representante del Comisariado de Buenavista del Monte; del director de Fomento Agropecuario de Cuernavaca, Daniel Monta\u00f1o Mondrag\u00f3n, as\u00ed como de autoridades auxiliares y productores de granos b\u00e1sicos de El Cebadal y Buenavista del Monte.<\/p>\n\n\n\n<figure class=\"wp-container-2 wp-block-gallery-1 wp-block-gallery has-nested-images columns-default is-cropped\">\n<figure class=\"wp-block-image size-large\"><img loading=\"lazy\" width=\"1024\" height=\"682\" data-id=\"29140\"  src=\"https:\/\/cuernavaca.gob.mx\/wp-content\/uploads\/2023\/06\/apoyos-productores-cuernavaca-2023-1-1024x682.jpg\" alt=\"\" class=\"wp-image-29140\" srcset=\"https:\/\/cuernavaca.gob.mx\/wp-content\/uploads\/2023\/06\/apoyos-productores-cuernavaca-2023-1-1024x682.jpg 1024w, https:\/\/cuernavaca.gob.mx\/wp-content\/uploads\/2023\/06\/apoyos-productores-cuernavaca-2023-1-300x200.jpg 300w, https:\/\/cuernavaca.gob.mx\/wp-content\/uploads\/2023\/06\/apoyos-productores-cuernavaca-2023-1-768x512.jpg 768w, https:\/\/cuernavaca.gob.mx\/wp-content\/uploads\/2023\/06\/apoyos-productores-cuernavaca-2023-1-1536x1023.jpg 1536w, https:\/\/cuernavaca.gob.mx\/wp-content\/uploads\/2023\/06\/apoyos-productores-cuernavaca-2023-1-600x400.jpg 600w, https:\/\/cuernavaca.gob.mx\/wp-content\/uploads\/2023\/06\/apoyos-productores-cuernavaca-2023-1-560x373.jpg 560w, https:\/\/cuernavaca.gob.mx\/wp-content\/uploads\/2023\/06\/apoyos-productores-cuernavaca-2023-1.jpg 1600w\" sizes=\"(max-width: 1024px) 100vw, 1024px\" \/><\/figure>\n\n\n\n<figure class=\"wp-block-image size-large\"><img loading=\"lazy\" width=\"1024\" height=\"682\" data-id=\"29147\"  src=\"https:\/\/cuernavaca.gob.mx\/wp-content\/uploads\/2023\/06\/apoyos-productores-cuernavaca-2023-2-1024x682.jpg\" alt=\"\" class=\"wp-image-29147\" srcset=\"https:\/\/cuernavaca.gob.mx\/wp-content\/uploads\/2023\/06\/apoyos-productores-cuernavaca-2023-2-1024x682.jpg 1024w, https:\/\/cuernavaca.gob.mx\/wp-content\/uploads\/2023\/06\/apoyos-productores-cuernavaca-2023-2-300x200.jpg 300w, https:\/\/cuernavaca.gob.mx\/wp-content\/uploads\/2023\/06\/apoyos-productores-cuernavaca-2023-2-768x512.jpg 768w, https:\/\/cuernavaca.gob.mx\/wp-content\/uploads\/2023\/06\/apoyos-productores-cuernavaca-2023-2-1536x1023.jpg 1536w, https:\/\/cuernavaca.gob.mx\/wp-content\/uploads\/2023\/06\/apoyos-productores-cuernavaca-2023-2-600x400.jpg 600w, https:\/\/cuernavaca.gob.mx\/wp-content\/uploads\/2023\/06\/apoyos-productores-cuernavaca-2023-2-560x373.jpg 560w, https:\/\/cuernavaca.gob.mx\/wp-content\/uploads\/2023\/06\/apoyos-productores-cuernavaca-2023-2.jpg 1600w\" sizes=\"(max-width: 1024px) 100vw, 1024px\" \/><\/figure>\n\n\n\n<figure class=\"wp-block-image size-large\"><img loading=\"lazy\" width=\"1024\" height=\"682\" data-id=\"29146\"  src=\"https:\/\/cuernavaca.gob.mx\/wp-content\/uploads\/2023\/06\/apoyos-productores-cuernavaca-2023-3-1024x682.jpg\" alt=\"\" class=\"wp-image-29146\" srcset=\"https:\/\/cuernavaca.gob.mx\/wp-content\/uploads\/2023\/06\/apoyos-productores-cuernavaca-2023-3-1024x682.jpg 1024w, https:\/\/cuernavaca.gob.mx\/wp-content\/uploads\/2023\/06\/apoyos-productores-cuernavaca-2023-3-300x200.jpg 300w, https:\/\/cuernavaca.gob.mx\/wp-content\/uploads\/2023\/06\/apoyos-productores-cuernavaca-2023-3-768x512.jpg 768w, https:\/\/cuernavaca.gob.mx\/wp-content\/uploads\/2023\/06\/apoyos-productores-cuernavaca-2023-3-1536x1023.jpg 1536w, https:\/\/cuernavaca.gob.mx\/wp-content\/uploads\/2023\/06\/apoyos-productores-cuernavaca-2023-3-600x400.jpg 600w, https:\/\/cuernavaca.gob.mx\/wp-content\/uploads\/2023\/06\/apoyos-productores-cuernavaca-2023-3-560x373.jpg 560w, https:\/\/cuernavaca.gob.mx\/wp-content\/uploads\/2023\/06\/apoyos-productores-cuernavaca-2023-3.jpg 1600w\" sizes=\"(max-width: 1024px) 100vw, 1024px\" \/><\/figure>\n\n\n\n<figure class=\"wp-block-image size-large\"><img loading=\"lazy\" width=\"1024\" height=\"682\" data-id=\"29139\"  src=\"https:\/\/cuernavaca.gob.mx\/wp-content\/uploads\/2023\/06\/apoyos-productores-cuernavaca-2023-4-1024x682.jpg\" alt=\"\" class=\"wp-image-29139\" srcset=\"https:\/\/cuernavaca.gob.mx\/wp-content\/uploads\/2023\/06\/apoyos-productores-cuernavaca-2023-4-1024x682.jpg 1024w, https:\/\/cuernavaca.gob.mx\/wp-content\/uploads\/2023\/06\/apoyos-productores-cuernavaca-2023-4-300x200.jpg 300w, https:\/\/cuernavaca.gob.mx\/wp-content\/uploads\/2023\/06\/apoyos-productores-cuernavaca-2023-4-768x512.jpg 768w, https:\/\/cuernavaca.gob.mx\/wp-content\/uploads\/2023\/06\/apoyos-productores-cuernavaca-2023-4-600x400.jpg 600w, https:\/\/cuernavaca.gob.mx\/wp-content\/uploads\/2023\/06\/apoyos-productores-cuernavaca-2023-4-560x373.jpg 560w, https:\/\/cuernavaca.gob.mx\/wp-content\/uploads\/2023\/06\/apoyos-productores-cuernavaca-2023-4.jpg 1280w\" sizes=\"(max-width: 1024px) 100vw, 1024px\" \/><\/figure>\n\n\n\n<figure class=\"wp-block-image size-large\"><img loading=\"lazy\" width=\"1024\" height=\"682\" data-id=\"29141\"  src=\"https:\/\/cuernavaca.gob.mx\/wp-content\/uploads\/2023\/06\/apoyos-productores-cuernavaca-2023-5-1024x682.jpg\" alt=\"\" class=\"wp-image-29141\" srcset=\"https:\/\/cuernavaca.gob.mx\/wp-content\/uploads\/2023\/06\/apoyos-productores-cuernavaca-2023-5-1024x682.jpg 1024w, https:\/\/cuernavaca.gob.mx\/wp-content\/uploads\/2023\/06\/apoyos-productores-cuernavaca-2023-5-300x200.jpg 300w, https:\/\/cuernavaca.gob.mx\/wp-content\/uploads\/2023\/06\/apoyos-productores-cuernavaca-2023-5-768x512.jpg 768w, https:\/\/cuernavaca.gob.mx\/wp-content\/uploads\/2023\/06\/apoyos-productores-cuernavaca-2023-5-1536x1023.jpg 1536w, https:\/\/cuernavaca.gob.mx\/wp-content\/uploads\/2023\/06\/apoyos-productores-cuernavaca-2023-5-600x400.jpg 600w, https:\/\/cuernavaca.gob.mx\/wp-content\/uploads\/2023\/06\/apoyos-productores-cuernavaca-2023-5-560x373.jpg 560w, https:\/\/cuernavaca.gob.mx\/wp-content\/uploads\/2023\/06\/apoyos-productores-cuernavaca-2023-5.jpg 1600w\" sizes=\"(max-width: 1024px) 100vw, 1024px\" \/><\/figure>\n\n\n\n<figure class=\"wp-block-image size-large\"><img loading=\"lazy\" width=\"1024\" height=\"682\" data-id=\"29143\"  src=\"https:\/\/cuernavaca.gob.mx\/wp-content\/uploads\/2023\/06\/apoyos-productores-cuernavaca-2023-6-1024x682.jpg\" alt=\"\" class=\"wp-image-29143\" srcset=\"https:\/\/cuernavaca.gob.mx\/wp-content\/uploads\/2023\/06\/apoyos-productores-cuernavaca-2023-6-1024x682.jpg 1024w, https:\/\/cuernavaca.gob.mx\/wp-content\/uploads\/2023\/06\/apoyos-productores-cuernavaca-2023-6-300x200.jpg 300w, https:\/\/cuernavaca.gob.mx\/wp-content\/uploads\/2023\/06\/apoyos-productores-cuernavaca-2023-6-768x512.jpg 768w, https:\/\/cuernavaca.gob.mx\/wp-content\/uploads\/2023\/06\/apoyos-productores-cuernavaca-2023-6-1536x1023.jpg 1536w, https:\/\/cuernavaca.gob.mx\/wp-content\/uploads\/2023\/06\/apoyos-productores-cuernavaca-2023-6-600x400.jpg 600w, https:\/\/cuernavaca.gob.mx\/wp-content\/uploads\/2023\/06\/apoyos-productores-cuernavaca-2023-6-560x373.jpg 560w, https:\/\/cuernavaca.gob.mx\/wp-content\/uploads\/2023\/06\/apoyos-productores-cuernavaca-2023-6.jpg 1600w\" sizes=\"(max-width: 1024px) 100vw, 1024px\" \/><\/figure>\n\n\n\n<figure class=\"wp-block-image size-large\"><img loading=\"lazy\" width=\"1024\" height=\"682\" data-id=\"29142\"  src=\"https:\/\/cuernavaca.gob.mx\/wp-content\/uploads\/2023\/06\/apoyos-productores-cuernavaca-2023-7-1024x682.jpg\" alt=\"\" class=\"wp-image-29142\" srcset=\"https:\/\/cuernavaca.gob.mx\/wp-content\/uploads\/2023\/06\/apoyos-productores-cuernavaca-2023-7-1024x682.jpg 1024w, https:\/\/cuernavaca.gob.mx\/wp-content\/uploads\/2023\/06\/apoyos-productores-cuernavaca-2023-7-300x200.jpg 300w, https:\/\/cuernavaca.gob.mx\/wp-content\/uploads\/2023\/06\/apoyos-productores-cuernavaca-2023-7-768x512.jpg 768w, https:\/\/cuernavaca.gob.mx\/wp-content\/uploads\/2023\/06\/apoyos-productores-cuernavaca-2023-7-1536x1023.jpg 1536w, https:\/\/cuernavaca.gob.mx\/wp-content\/uploads\/2023\/06\/apoyos-productores-cuernavaca-2023-7-600x400.jpg 600w, https:\/\/cuernavaca.gob.mx\/wp-content\/uploads\/2023\/06\/apoyos-productores-cuernavaca-2023-7-560x373.jpg 560w, https:\/\/cuernavaca.gob.mx\/wp-content\/uploads\/2023\/06\/apoyos-productores-cuernavaca-2023-7.jpg 1600w\" sizes=\"(max-width: 1024px) 100vw, 1024px\" \/><\/figure>\n\n\n\n<figure class=\"wp-block-image size-large\"><img loading=\"lazy\" width=\"1024\" height=\"682\" data-id=\"29144\"  src=\"https:\/\/cuernavaca.gob.mx\/wp-content\/uploads\/2023\/06\/apoyos-productores-cuernavaca-2023-8-1024x682.jpg\" alt=\"\" class=\"wp-image-29144\" srcset=\"https:\/\/cuernavaca.gob.mx\/wp-content\/uploads\/2023\/06\/apoyos-productores-cuernavaca-2023-8-1024x682.jpg 1024w, https:\/\/cuernavaca.gob.mx\/wp-content\/uploads\/2023\/06\/apoyos-productores-cuernavaca-2023-8-300x200.jpg 300w, https:\/\/cuernavaca.gob.mx\/wp-content\/uploads\/2023\/06\/apoyos-productores-cuernavaca-2023-8-768x512.jpg 768w, https:\/\/cuernavaca.gob.mx\/wp-content\/uploads\/2023\/06\/apoyos-productores-cuernavaca-2023-8-1536x1023.jpg 1536w, https:\/\/cuernavaca.gob.mx\/wp-content\/uploads\/2023\/06\/apoyos-productores-cuernavaca-2023-8-600x400.jpg 600w, https:\/\/cuernavaca.gob.mx\/wp-content\/uploads\/2023\/06\/apoyos-productores-cuernavaca-2023-8-560x373.jpg 560w, https:\/\/cuernavaca.gob.mx\/wp-content\/uploads\/2023\/06\/apoyos-productores-cuernavaca-2023-8.jpg 1600w\" sizes=\"(max-width: 1024px) 100vw, 1024px\" \/><\/figure>\n\n\n\n<figure class=\"wp-block-image size-large\"><img loading=\"lazy\" width=\"1024\" height=\"682\" data-id=\"29150\"  src=\"https:\/\/cuernavaca.gob.mx\/wp-content\/uploads\/2023\/06\/apoyos-productores-cuernavaca-2023-9-1024x682.jpg\" alt=\"\" class=\"wp-image-29150\" srcset=\"https:\/\/cuernavaca.gob.mx\/wp-content\/uploads\/2023\/06\/apoyos-productores-cuernavaca-2023-9-1024x682.jpg 1024w, https:\/\/cuernavaca.gob.mx\/wp-content\/uploads\/2023\/06\/apoyos-productores-cuernavaca-2023-9-300x200.jpg 300w, https:\/\/cuernavaca.gob.mx\/wp-content\/uploads\/2023\/06\/apoyos-productores-cuernavaca-2023-9-768x512.jpg 768w, https:\/\/cuernavaca.gob.mx\/wp-content\/uploads\/2023\/06\/apoyos-productores-cuernavaca-2023-9-1536x1023.jpg 1536w, https:\/\/cuernavaca.gob.mx\/wp-content\/uploads\/2023\/06\/apoyos-productores-cuernavaca-2023-9-600x400.jpg 600w, https:\/\/cuernavaca.gob.mx\/wp-content\/uploads\/2023\/06\/apoyos-productores-cuernavaca-2023-9-560x373.jpg 560w, https:\/\/cuernavaca.gob.mx\/wp-content\/uploads\/2023\/06\/apoyos-productores-cuernavaca-2023-9.jpg 1600w\" sizes=\"(max-width: 1024px) 100vw, 1024px\" \/><\/figure>\n\n\n\n<figure class=\"wp-block-image size-large\"><img loading=\"lazy\" width=\"1024\" height=\"682\" data-id=\"29145\"  src=\"https:\/\/cuernavaca.gob.mx\/wp-content\/uploads\/2023\/06\/apoyos-productores-cuernavaca-2023-10-1024x682.jpg\" alt=\"\" class=\"wp-image-29145\" srcset=\"https:\/\/cuernavaca.gob.mx\/wp-content\/uploads\/2023\/06\/apoyos-productores-cuernavaca-2023-10-1024x682.jpg 1024w, https:\/\/cuernavaca.gob.mx\/wp-content\/uploads\/2023\/06\/apoyos-productores-cuernavaca-2023-10-300x200.jpg 300w, https:\/\/cuernavaca.gob.mx\/wp-content\/uploads\/2023\/06\/apoyos-productores-cuernavaca-2023-10-768x512.jpg 768w, https:\/\/cuernavaca.gob.mx\/wp-content\/uploads\/2023\/06\/apoyos-productores-cuernavaca-2023-10-1536x1023.jpg 1536w, https:\/\/cuernavaca.gob.mx\/wp-content\/uploads\/2023\/06\/apoyos-productores-cuernavaca-2023-10-600x400.jpg 600w, https:\/\/cuernavaca.gob.mx\/wp-content\/uploads\/2023\/06\/apoyos-productores-cuernavaca-2023-10-560x373.jpg 560w, https:\/\/cuernavaca.gob.mx\/wp-content\/uploads\/2023\/06\/apoyos-productores-cuernavaca-2023-10.jpg 1600w\" sizes=\"(max-width: 1024px) 100vw, 1024px\" \/><\/figure>\n\n\n\n<figure class=\"wp-block-image size-large\"><img loading=\"lazy\" width=\"1024\" height=\"682\" data-id=\"29148\"  src=\"https:\/\/cuernavaca.gob.mx\/wp-content\/uploads\/2023\/06\/apoyos-productores-cuernavaca-2023-11-1024x682.jpg\" alt=\"\" class=\"wp-image-29148\" srcset=\"https:\/\/cuernavaca.gob.mx\/wp-content\/uploads\/2023\/06\/apoyos-productores-cuernavaca-2023-11-1024x682.jpg 1024w, https:\/\/cuernavaca.gob.mx\/wp-content\/uploads\/2023\/06\/apoyos-productores-cuernavaca-2023-11-300x200.jpg 300w, https:\/\/cuernavaca.gob.mx\/wp-content\/uploads\/2023\/06\/apoyos-productores-cuernavaca-2023-11-768x512.jpg 768w, https:\/\/cuernavaca.gob.mx\/wp-content\/uploads\/2023\/06\/apoyos-productores-cuernavaca-2023-11-1536x1023.jpg 1536w, https:\/\/cuernavaca.gob.mx\/wp-content\/uploads\/2023\/06\/apoyos-productores-cuernavaca-2023-11-600x400.jpg 600w, https:\/\/cuernavaca.gob.mx\/wp-content\/uploads\/2023\/06\/apoyos-productores-cuernavaca-2023-11-560x373.jpg 560w, https:\/\/cuernavaca.gob.mx\/wp-content\/uploads\/2023\/06\/apoyos-productores-cuernavaca-2023-11.jpg 1600w\" sizes=\"(max-width: 1024px) 100vw, 1024px\" \/><\/figure>\n\n\n\n<figure class=\"wp-block-image size-large\"><img loading=\"lazy\" width=\"1024\" height=\"682\" data-id=\"29149\"  src=\"https:\/\/cuernavaca.gob.mx\/wp-content\/uploads\/2023\/06\/apoyos-productores-cuernavaca-2023-12-1024x682.jpg\" alt=\"\" class=\"wp-image-29149\" srcset=\"https:\/\/cuernavaca.gob.mx\/wp-content\/uploads\/2023\/06\/apoyos-productores-cuernavaca-2023-12-1024x682.jpg 1024w, https:\/\/cuernavaca.gob.mx\/wp-content\/uploads\/2023\/06\/apoyos-productores-cuernavaca-2023-12-300x200.jpg 300w, https:\/\/cuernavaca.gob.mx\/wp-content\/uploads\/2023\/06\/apoyos-productores-cuernavaca-2023-12-768x512.jpg 768w, https:\/\/cuernavaca.gob.mx\/wp-content\/uploads\/2023\/06\/apoyos-productores-cuernavaca-2023-12-1536x1023.jpg 1536w, https:\/\/cuernavaca.gob.mx\/wp-content\/uploads\/2023\/06\/apoyos-productores-cuernavaca-2023-12-600x400.jpg 600w, https:\/\/cuernavaca.gob.mx\/wp-content\/uploads\/2023\/06\/apoyos-productores-cuernavaca-2023-12-560x373.jpg 560w, https:\/\/cuernavaca.gob.mx\/wp-content\/uploads\/2023\/06\/apoyos-productores-cuernavaca-2023-12.jpg 1600w\" sizes=\"(max-width: 1024px) 100vw, 1024px\" \/><\/figure>\n\n\n\n<figure class=\"wp-block-image size-large\"><img loading=\"lazy\" width=\"1024\" height=\"682\" data-id=\"29151\"  src=\"https:\/\/cuernavaca.gob.mx\/wp-content\/uploads\/2023\/06\/apoyos-productores-cuernavaca-2023-13-1024x682.jpg\" alt=\"\" class=\"wp-image-29151\" srcset=\"https:\/\/cuernavaca.gob.mx\/wp-content\/uploads\/2023\/06\/apoyos-productores-cuernavaca-2023-13-1024x682.jpg 1024w, https:\/\/cuernavaca.gob.mx\/wp-content\/uploads\/2023\/06\/apoyos-productores-cuernavaca-2023-13-300x200.jpg 300w, https:\/\/cuernavaca.gob.mx\/wp-content\/uploads\/2023\/06\/apoyos-productores-cuernavaca-2023-13-768x512.jpg 768w, https:\/\/cuernavaca.gob.mx\/wp-content\/uploads\/2023\/06\/apoyos-productores-cuernavaca-2023-13-1536x1023.jpg 1536w, https:\/\/cuernavaca.gob.mx\/wp-content\/uploads\/2023\/06\/apoyos-productores-cuernavaca-2023-13-600x400.jpg 600w, https:\/\/cuernavaca.gob.mx\/wp-content\/uploads\/2023\/06\/apoyos-productores-cuernavaca-2023-13-560x373.jpg 560w, https:\/\/cuernavaca.gob.mx\/wp-content\/uploads\/2023\/06\/apoyos-productores-cuernavaca-2023-13.jpg 1600w\" sizes=\"(max-width: 1024px) 100vw, 1024px\" \/><\/figure>\n\n\n\n<figure class=\"wp-block-image size-large\"><img loading=\"lazy\" width=\"1024\" height=\"682\" data-id=\"29154\"  src=\"https:\/\/cuernavaca.gob.mx\/wp-content\/uploads\/2023\/06\/apoyos-productores-cuernavaca-2023-14-1024x682.jpg\" alt=\"\" class=\"wp-image-29154\" srcset=\"https:\/\/cuernavaca.gob.mx\/wp-content\/uploads\/2023\/06\/apoyos-productores-cuernavaca-2023-14-1024x682.jpg 1024w, https:\/\/cuernavaca.gob.mx\/wp-content\/uploads\/2023\/06\/apoyos-productores-cuernavaca-2023-14-300x200.jpg 300w, https:\/\/cuernavaca.gob.mx\/wp-content\/uploads\/2023\/06\/apoyos-productores-cuernavaca-2023-14-768x512.jpg 768w, https:\/\/cuernavaca.gob.mx\/wp-content\/uploads\/2023\/06\/apoyos-productores-cuernavaca-2023-14-600x400.jpg 600w, https:\/\/cuernavaca.gob.mx\/wp-content\/uploads\/2023\/06\/apoyos-productores-cuernavaca-2023-14-560x373.jpg 560w, https:\/\/cuernavaca.gob.mx\/wp-content\/uploads\/2023\/06\/apoyos-productores-cuernavaca-2023-14.jpg 1280w\" sizes=\"(max-width: 1024px) 100vw, 1024px\" \/><\/figure>\n\n\n\n<figure class=\"wp-block-image size-large\"><img loading=\"lazy\" width=\"1024\" height=\"682\" data-id=\"29152\"  src=\"https:\/\/cuernavaca.gob.mx\/wp-content\/uploads\/2023\/06\/apoyos-productores-cuernavaca-2023-15-1024x682.jpg\" alt=\"\" class=\"wp-image-29152\" srcset=\"https:\/\/cuernavaca.gob.mx\/wp-content\/uploads\/2023\/06\/apoyos-productores-cuernavaca-2023-15-1024x682.jpg 1024w, https:\/\/cuernavaca.gob.mx\/wp-content\/uploads\/2023\/06\/apoyos-productores-cuernavaca-2023-15-300x200.jpg 300w, https:\/\/cuernavaca.gob.mx\/wp-content\/uploads\/2023\/06\/apoyos-productores-cuernavaca-2023-15-768x512.jpg 768w, https:\/\/cuernavaca.gob.mx\/wp-content\/uploads\/2023\/06\/apoyos-productores-cuernavaca-2023-15-1536x1023.jpg 1536w, https:\/\/cuernavaca.gob.mx\/wp-content\/uploads\/2023\/06\/apoyos-productores-cuernavaca-2023-15-600x400.jpg 600w, https:\/\/cuernavaca.gob.mx\/wp-content\/uploads\/2023\/06\/apoyos-productores-cuernavaca-2023-15-560x373.jpg 560w, https:\/\/cuernavaca.gob.mx\/wp-content\/uploads\/2023\/06\/apoyos-productores-cuernavaca-2023-15.jpg 1600w\" sizes=\"(max-width: 1024px) 100vw, 1024px\" \/><\/figure>\n\n\n\n<figure class=\"wp-block-image size-large\"><img loading=\"lazy\" width=\"1024\" height=\"682\" data-id=\"29155\"  src=\"https:\/\/cuernavaca.gob.mx\/wp-content\/uploads\/2023\/06\/apoyos-productores-cuernavaca-2023-16-1024x682.jpg\" alt=\"\" class=\"wp-image-29155\" srcset=\"https:\/\/cuernavaca.gob.mx\/wp-content\/uploads\/2023\/06\/apoyos-productores-cuernavaca-2023-16-1024x682.jpg 1024w, https:\/\/cuernavaca.gob.mx\/wp-content\/uploads\/2023\/06\/apoyos-productores-cuernavaca-2023-16-300x200.jpg 300w, https:\/\/cuernavaca.gob.mx\/wp-content\/uploads\/2023\/06\/apoyos-productores-cuernavaca-2023-16-768x512.jpg 768w, https:\/\/cuernavaca.gob.mx\/wp-content\/uploads\/2023\/06\/apoyos-productores-cuernavaca-2023-16-1536x1023.jpg 1536w, https:\/\/cuernavaca.gob.mx\/wp-content\/uploads\/2023\/06\/apoyos-productores-cuernavaca-2023-16-600x400.jpg 600w, https:\/\/cuernavaca.gob.mx\/wp-content\/uploads\/2023\/06\/apoyos-productores-cuernavaca-2023-16-560x373.jpg 560w, https:\/\/cuernavaca.gob.mx\/wp-content\/uploads\/2023\/06\/apoyos-productores-cuernavaca-2023-16.jpg 1600w\" sizes=\"(max-width: 1024px) 100vw, 1024px\" \/><\/figure>\n\n\n\n<figure class=\"wp-block-image size-large\"><img loading=\"lazy\" width=\"1024\" height=\"682\" data-id=\"29153\"  src=\"https:\/\/cuernavaca.gob.mx\/wp-content\/uploads\/2023\/06\/apoyos-productores-cuernavaca-2023-17-1024x682.jpg\" alt=\"\" class=\"wp-image-29153\" srcset=\"https:\/\/cuernavaca.gob.mx\/wp-content\/uploads\/2023\/06\/apoyos-productores-cuernavaca-2023-17-1024x682.jpg 1024w, https:\/\/cuernavaca.gob.mx\/wp-content\/uploads\/2023\/06\/apoyos-productores-cuernavaca-2023-17-300x200.jpg 300w, https:\/\/cuernavaca.gob.mx\/wp-content\/uploads\/2023\/06\/apoyos-productores-cuernavaca-2023-17-768x512.jpg 768w, https:\/\/cuernavaca.gob.mx\/wp-content\/uploads\/2023\/06\/apoyos-productores-cuernavaca-2023-17-600x400.jpg 600w, https:\/\/cuernavaca.gob.mx\/wp-content\/uploads\/2023\/06\/apoyos-productores-cuernavaca-2023-17-560x373.jpg 560w, https:\/\/cuernavaca.gob.mx\/wp-content\/uploads\/2023\/06\/apoyos-productores-cuernavaca-2023-17.jpg 1280w\" sizes=\"(max-width: 1024px) 100vw, 1024px\" \/><\/figure>\n\n\n\n<figure class=\"wp-block-image size-large\"><img loading=\"lazy\" width=\"1024\" height=\"682\" data-id=\"29156\"  src=\"https:\/\/cuernavaca.gob.mx\/wp-content\/uploads\/2023\/06\/apoyos-productores-cuernavaca-2023-18-1024x682.jpg\" alt=\"\" class=\"wp-image-29156\" srcset=\"https:\/\/cuernavaca.gob.mx\/wp-content\/uploads\/2023\/06\/apoyos-productores-cuernavaca-2023-18-1024x682.jpg 1024w, https:\/\/cuernavaca.gob.mx\/wp-content\/uploads\/2023\/06\/apoyos-productores-cuernavaca-2023-18-300x200.jpg 300w, https:\/\/cuernavaca.gob.mx\/wp-content\/uploads\/2023\/06\/apoyos-productores-cuernavaca-2023-18-768x512.jpg 768w, https:\/\/cuernavaca.gob.mx\/wp-content\/uploads\/2023\/06\/apoyos-productores-cuernavaca-2023-18-1536x1023.jpg 1536w, https:\/\/cuernavaca.gob.mx\/wp-content\/uploads\/2023\/06\/apoyos-productores-cuernavaca-2023-18-600x400.jpg 600w, https:\/\/cuernavaca.gob.mx\/wp-content\/uploads\/2023\/06\/apoyos-productores-cuernavaca-2023-18-560x373.jpg 560w, https:\/\/cuernavaca.gob.mx\/wp-content\/uploads\/2023\/06\/apoyos-productores-cuernavaca-2023-18.jpg 1600w\" sizes=\"(max-width: 1024px) 100vw, 1024px\" \/><\/figure>\n\n\n\n<figure class=\"wp-block-image size-large\"><img loading=\"lazy\" width=\"1024\" height=\"682\" data-id=\"29157\"  src=\"https:\/\/cuernavaca.gob.mx\/wp-content\/uploads\/2023\/06\/apoyos-productores-cuernavaca-2023-19-1024x682.jpg\" alt=\"\" class=\"wp-image-29157\" srcset=\"https:\/\/cuernavaca.gob.mx\/wp-content\/uploads\/2023\/06\/apoyos-productores-cuernavaca-2023-19-1024x682.jpg 1024w, https:\/\/cuernavaca.gob.mx\/wp-content\/uploads\/2023\/06\/apoyos-productores-cuernavaca-2023-19-300x200.jpg 300w, https:\/\/cuernavaca.gob.mx\/wp-content\/uploads\/2023\/06\/apoyos-productores-cuernavaca-2023-19-768x512.jpg 768w, https:\/\/cuernavaca.gob.mx\/wp-content\/uploads\/2023\/06\/apoyos-productores-cuernavaca-2023-19-1536x1023.jpg 1536w, https:\/\/cuernavaca.gob.mx\/wp-content\/uploads\/2023\/06\/apoyos-productores-cuernavaca-2023-19-600x400.jpg 600w, https:\/\/cuernavaca.gob.mx\/wp-content\/uploads\/2023\/06\/apoyos-productores-cuernavaca-2023-19-560x373.jpg 560w, https:\/\/cuernavaca.gob.mx\/wp-content\/uploads\/2023\/06\/apoyos-productores-cuernavaca-2023-19.jpg 1600w\" sizes=\"(max-width: 1024px) 100vw, 1024px\" \/><\/figure>\n<\/figure>\n","protected":false},"excerpt":{"rendered":"<p>\u2022\u00a0\u00a0\u00a0\u00a0\u00a0\u00a0\u00a0\u00a0\u00a0 Jos\u00e9 Luis Uri\u00f3stegui, integrantes del Cabildo y Gabinete, encabezaron el arranque de este programa que beneficiar\u00e1 a 330 productores de los ejidos de San Ant\u00f3n, Santa Mar\u00eda Ahuacatitl\u00e1n y Buenavista del Monte \u2022\u00a0\u00a0\u00a0\u00a0\u00a0\u00a0\u00a0\u00a0\u00a0 Se estar\u00e1n entregando un total de 640 bultos de Nitrofoska, 960 de Euro Mag y 127 bultos de mezcla; adem\u00e1s de [&hellip;]<\/p>\n","protected":false},"author":1,"featured_media":29142,"comment_status":"closed","ping_status":"open","sticky":false,"template":"","format":"standard","meta":[],"categories":[2294],"tags":[1384,121,3105,2127,120,206],"aioseo_notices":[],"_links":{"self":[{"href":"https:\/\/cuernavaca.gob.mx\/index.php?rest_route=\/wp\/v2\/posts\/29138"}],"collection":[{"href":"https:\/\/cuernavaca.gob.mx\/index.php?rest_route=\/wp\/v2\/posts"}],"about":[{"href":"https:\/\/cuernavaca.gob.mx\/index.php?rest_route=\/wp\/v2\/types\/post"}],"author":[{"embeddable":true,"href":"https:\/\/cuernavaca.gob.mx\/index.php?rest_route=\/wp\/v2\/users\/1"}],"replies":[{"embeddable":true,"href":"https:\/\/cuernavaca.gob.mx\/index.php?rest_route=%2Fwp%2Fv2%2Fcomments&post=29138"}],"version-history":[{"count":1,"href":"https:\/\/cuernavaca.gob.mx\/index.php?rest_route=\/wp\/v2\/posts\/29138\/revisions"}],"predecessor-version":[{"id":29158,"href":"https:\/\/cuernavaca.gob.mx\/index.php?rest_route=\/wp\/v2\/posts\/29138\/revisions\/29158"}],"wp:featuredmedia":[{"embeddable":true,"href":"https:\/\/cuernavaca.gob.mx\/index.php?rest_route=\/wp\/v2\/media\/29142"}],"wp:attachment":[{"href":"https:\/\/cuernavaca.gob.mx\/index.php?rest_route=%2Fwp%2Fv2%2Fmedia&parent=29138"}],"wp:term":[{"taxonomy":"category","embeddable":true,"href":"https:\/\/cuernavaca.gob.mx\/index.php?rest_route=%2Fwp%2Fv2%2Fcategories&post=29138"},{"taxonomy":"post_tag","embeddable":true,"href":"https:\/\/cuernavaca.gob.mx\/index.php?rest_route=%2Fwp%2Fv2%2Ftags&post=29138"}],"curies":[{"name":"wp","href":"https:\/\/api.w.org\/{rel}","templated":true}]}}