{"id":29159,"date":"2023-06-08T15:30:00","date_gmt":"2023-06-08T21:30:00","guid":{"rendered":"https:\/\/cuernavaca.gob.mx\/?p=29159"},"modified":"2025-05-06T12:39:35","modified_gmt":"2025-05-06T18:39:35","slug":"b1036-08-06-23-en-marcha-trabajos-de-sustitucion-y-reparacion-de-mobiliario-urbano-en-el-centro-historico-de-cuernavaca","status":"publish","type":"post","link":"https:\/\/cuernavaca.gob.mx\/?p=29159","title":{"rendered":"B1036 08\/06\/23 EN MARCHA TRABAJOS DE SUSTITUCI\u00d3N Y REPARACI\u00d3N DE MOBILIARIO URBANO EN EL CENTRO HIST\u00d3RICO DE CUERNAVACA"},"content":{"rendered":"\n<p><strong>\u2022 Se reemplazan registros sin tapa y mobiliario urbano que han sido robados o da\u00f1ados, los cuales implicaban un riesgo para la ciudadan\u00eda y visitantes<\/strong><\/p>\n\n\n\n<p>Como parte del rescate de la imagen urbana de la ciudad y para evitar mayores afectaciones a la propia superficie de rodamiento del Centro Hist\u00f3rico, el Ayuntamiento de Cuernavaca puso en marcha a cabo la reparaci\u00f3n y el remplazo de registros sin tapa y mobiliario urbano que han sido robados o da\u00f1ados, los cuales implicaban un riesgo para la ciudadan\u00eda y visitantes.<\/p>\n\n\n\n<p>El presidente municipal, Jos\u00e9 Luis Uri\u00f3stegui Salgado, explic\u00f3 que tras diversas inspecciones hechas al primer cuadrado de la ciudad por la Secretar\u00eda de Protecci\u00f3n y Auxilio Ciudadano (SEPRAC) y la Secretar\u00eda de Desarrollo Urbano y Obras P\u00fablicas, en conjunto con representantes de Tel\u00e9fonos de M\u00e9xico y la empresa IZZI, identificaron alrededor de 80 registros sin tapa, tanto de empresas de cable como tomas de agua del Sistema de Agua Potable y Alcantarillado de Cuernavaca (SAPAC), las cuales fueron robadas por el material del que est\u00e1n hechas.<\/p>\n\n\n\n<p>Ante ello, los trabajos consisten en colocar tapas de material sint\u00e9tico o de concreto para evitar su hurto, pero principalmente para que no siga existiendo un riesgo a los peatones y automovilistas; el proyecto de embellecimiento y mejoramiento del mobiliario urbano ha tenido presencia en arterias como Gutenberg, Guerrero, Comonfort, Juan Ruiz de Alarc\u00f3n, Ray\u00f3n y avenida Morelos, donde la Secretar\u00eda de Desarrollo Sustentable y Servicios P\u00fablicos realiza trabajos de reparaci\u00f3n de banquetas y el retiro de troncos de \u00e1rboles secos, as\u00ed como de casetas telef\u00f3nicas que, por sus condiciones, representan un riesgo a los transe\u00fantes u obstaculizan el libre paso.<\/p>\n\n\n\n<p>A este trabajo se a\u00f1ade el requerimiento hecho por Jos\u00e9 Luis Uri\u00f3stegui a SAPAC para que al momento de hacer una reparaci\u00f3n en la vialidad puedan efectuar los trabajos de reparaci\u00f3n o bacheado, a fin de impedir afectaciones mayores a la superficie rodamiento, dando cumplimiento a las peticiones ciudadanas.<\/p>\n\n\n\n<p><\/p>\n\n\n\n<figure class=\"wp-container-2 wp-block-gallery-1 wp-block-gallery has-nested-images columns-default is-cropped\">\n<figure class=\"wp-block-image size-large\"><img loading=\"lazy\" width=\"1024\" height=\"682\" data-id=\"29162\"  src=\"https:\/\/cuernavaca.gob.mx\/wp-content\/uploads\/2023\/06\/reparacion-y-sustitucion-mobiliario-urbano-cuernavaca-1-1024x682.jpg\" alt=\"\" class=\"wp-image-29162\" srcset=\"https:\/\/cuernavaca.gob.mx\/wp-content\/uploads\/2023\/06\/reparacion-y-sustitucion-mobiliario-urbano-cuernavaca-1-1024x682.jpg 1024w, https:\/\/cuernavaca.gob.mx\/wp-content\/uploads\/2023\/06\/reparacion-y-sustitucion-mobiliario-urbano-cuernavaca-1-300x200.jpg 300w, https:\/\/cuernavaca.gob.mx\/wp-content\/uploads\/2023\/06\/reparacion-y-sustitucion-mobiliario-urbano-cuernavaca-1-768x512.jpg 768w, https:\/\/cuernavaca.gob.mx\/wp-content\/uploads\/2023\/06\/reparacion-y-sustitucion-mobiliario-urbano-cuernavaca-1-1536x1023.jpg 1536w, https:\/\/cuernavaca.gob.mx\/wp-content\/uploads\/2023\/06\/reparacion-y-sustitucion-mobiliario-urbano-cuernavaca-1-600x400.jpg 600w, https:\/\/cuernavaca.gob.mx\/wp-content\/uploads\/2023\/06\/reparacion-y-sustitucion-mobiliario-urbano-cuernavaca-1-560x373.jpg 560w, https:\/\/cuernavaca.gob.mx\/wp-content\/uploads\/2023\/06\/reparacion-y-sustitucion-mobiliario-urbano-cuernavaca-1.jpg 1600w\" sizes=\"(max-width: 1024px) 100vw, 1024px\" \/><\/figure>\n\n\n\n<figure class=\"wp-block-image size-large\"><img loading=\"lazy\" width=\"1024\" height=\"682\" data-id=\"29160\"  src=\"https:\/\/cuernavaca.gob.mx\/wp-content\/uploads\/2023\/06\/reparacion-y-sustitucion-mobiliario-urbano-cuernavaca-2-1024x682.jpg\" alt=\"\" class=\"wp-image-29160\" srcset=\"https:\/\/cuernavaca.gob.mx\/wp-content\/uploads\/2023\/06\/reparacion-y-sustitucion-mobiliario-urbano-cuernavaca-2-1024x682.jpg 1024w, https:\/\/cuernavaca.gob.mx\/wp-content\/uploads\/2023\/06\/reparacion-y-sustitucion-mobiliario-urbano-cuernavaca-2-300x200.jpg 300w, https:\/\/cuernavaca.gob.mx\/wp-content\/uploads\/2023\/06\/reparacion-y-sustitucion-mobiliario-urbano-cuernavaca-2-768x512.jpg 768w, https:\/\/cuernavaca.gob.mx\/wp-content\/uploads\/2023\/06\/reparacion-y-sustitucion-mobiliario-urbano-cuernavaca-2-1536x1023.jpg 1536w, https:\/\/cuernavaca.gob.mx\/wp-content\/uploads\/2023\/06\/reparacion-y-sustitucion-mobiliario-urbano-cuernavaca-2-600x400.jpg 600w, https:\/\/cuernavaca.gob.mx\/wp-content\/uploads\/2023\/06\/reparacion-y-sustitucion-mobiliario-urbano-cuernavaca-2-560x373.jpg 560w, https:\/\/cuernavaca.gob.mx\/wp-content\/uploads\/2023\/06\/reparacion-y-sustitucion-mobiliario-urbano-cuernavaca-2.jpg 1600w\" sizes=\"(max-width: 1024px) 100vw, 1024px\" \/><\/figure>\n\n\n\n<figure class=\"wp-block-image size-large\"><img loading=\"lazy\" width=\"1024\" height=\"682\" data-id=\"29165\"  src=\"https:\/\/cuernavaca.gob.mx\/wp-content\/uploads\/2023\/06\/reparacion-y-sustitucion-mobiliario-urbano-cuernavaca-3-1024x682.jpg\" alt=\"\" class=\"wp-image-29165\" srcset=\"https:\/\/cuernavaca.gob.mx\/wp-content\/uploads\/2023\/06\/reparacion-y-sustitucion-mobiliario-urbano-cuernavaca-3-1024x682.jpg 1024w, https:\/\/cuernavaca.gob.mx\/wp-content\/uploads\/2023\/06\/reparacion-y-sustitucion-mobiliario-urbano-cuernavaca-3-300x200.jpg 300w, https:\/\/cuernavaca.gob.mx\/wp-content\/uploads\/2023\/06\/reparacion-y-sustitucion-mobiliario-urbano-cuernavaca-3-768x512.jpg 768w, https:\/\/cuernavaca.gob.mx\/wp-content\/uploads\/2023\/06\/reparacion-y-sustitucion-mobiliario-urbano-cuernavaca-3-1536x1023.jpg 1536w, https:\/\/cuernavaca.gob.mx\/wp-content\/uploads\/2023\/06\/reparacion-y-sustitucion-mobiliario-urbano-cuernavaca-3-600x400.jpg 600w, https:\/\/cuernavaca.gob.mx\/wp-content\/uploads\/2023\/06\/reparacion-y-sustitucion-mobiliario-urbano-cuernavaca-3-560x373.jpg 560w, https:\/\/cuernavaca.gob.mx\/wp-content\/uploads\/2023\/06\/reparacion-y-sustitucion-mobiliario-urbano-cuernavaca-3.jpg 1600w\" sizes=\"(max-width: 1024px) 100vw, 1024px\" \/><\/figure>\n\n\n\n<figure class=\"wp-block-image size-large\"><img loading=\"lazy\" width=\"1024\" height=\"682\" data-id=\"29166\"  src=\"https:\/\/cuernavaca.gob.mx\/wp-content\/uploads\/2023\/06\/reparacion-y-sustitucion-mobiliario-urbano-cuernavaca-4-1024x682.jpg\" alt=\"\" class=\"wp-image-29166\" srcset=\"https:\/\/cuernavaca.gob.mx\/wp-content\/uploads\/2023\/06\/reparacion-y-sustitucion-mobiliario-urbano-cuernavaca-4-1024x682.jpg 1024w, https:\/\/cuernavaca.gob.mx\/wp-content\/uploads\/2023\/06\/reparacion-y-sustitucion-mobiliario-urbano-cuernavaca-4-300x200.jpg 300w, https:\/\/cuernavaca.gob.mx\/wp-content\/uploads\/2023\/06\/reparacion-y-sustitucion-mobiliario-urbano-cuernavaca-4-768x512.jpg 768w, https:\/\/cuernavaca.gob.mx\/wp-content\/uploads\/2023\/06\/reparacion-y-sustitucion-mobiliario-urbano-cuernavaca-4-1536x1023.jpg 1536w, https:\/\/cuernavaca.gob.mx\/wp-content\/uploads\/2023\/06\/reparacion-y-sustitucion-mobiliario-urbano-cuernavaca-4-600x400.jpg 600w, https:\/\/cuernavaca.gob.mx\/wp-content\/uploads\/2023\/06\/reparacion-y-sustitucion-mobiliario-urbano-cuernavaca-4-560x373.jpg 560w, https:\/\/cuernavaca.gob.mx\/wp-content\/uploads\/2023\/06\/reparacion-y-sustitucion-mobiliario-urbano-cuernavaca-4.jpg 1600w\" sizes=\"(max-width: 1024px) 100vw, 1024px\" \/><\/figure>\n\n\n\n<figure class=\"wp-block-image size-large\"><img loading=\"lazy\" width=\"1024\" height=\"682\" data-id=\"29161\"  src=\"https:\/\/cuernavaca.gob.mx\/wp-content\/uploads\/2023\/06\/reparacion-y-sustitucion-mobiliario-urbano-cuernavaca-5-1024x682.jpg\" alt=\"\" class=\"wp-image-29161\" srcset=\"https:\/\/cuernavaca.gob.mx\/wp-content\/uploads\/2023\/06\/reparacion-y-sustitucion-mobiliario-urbano-cuernavaca-5-1024x682.jpg 1024w, https:\/\/cuernavaca.gob.mx\/wp-content\/uploads\/2023\/06\/reparacion-y-sustitucion-mobiliario-urbano-cuernavaca-5-300x200.jpg 300w, https:\/\/cuernavaca.gob.mx\/wp-content\/uploads\/2023\/06\/reparacion-y-sustitucion-mobiliario-urbano-cuernavaca-5-768x512.jpg 768w, https:\/\/cuernavaca.gob.mx\/wp-content\/uploads\/2023\/06\/reparacion-y-sustitucion-mobiliario-urbano-cuernavaca-5-1536x1023.jpg 1536w, https:\/\/cuernavaca.gob.mx\/wp-content\/uploads\/2023\/06\/reparacion-y-sustitucion-mobiliario-urbano-cuernavaca-5-600x400.jpg 600w, https:\/\/cuernavaca.gob.mx\/wp-content\/uploads\/2023\/06\/reparacion-y-sustitucion-mobiliario-urbano-cuernavaca-5-560x373.jpg 560w, https:\/\/cuernavaca.gob.mx\/wp-content\/uploads\/2023\/06\/reparacion-y-sustitucion-mobiliario-urbano-cuernavaca-5.jpg 1600w\" sizes=\"(max-width: 1024px) 100vw, 1024px\" \/><\/figure>\n\n\n\n<figure class=\"wp-block-image size-large\"><img loading=\"lazy\" width=\"1024\" height=\"682\" data-id=\"29163\"  src=\"https:\/\/cuernavaca.gob.mx\/wp-content\/uploads\/2023\/06\/reparacion-y-sustitucion-mobiliario-urbano-cuernavaca-6-1024x682.jpg\" alt=\"\" class=\"wp-image-29163\" srcset=\"https:\/\/cuernavaca.gob.mx\/wp-content\/uploads\/2023\/06\/reparacion-y-sustitucion-mobiliario-urbano-cuernavaca-6-1024x682.jpg 1024w, https:\/\/cuernavaca.gob.mx\/wp-content\/uploads\/2023\/06\/reparacion-y-sustitucion-mobiliario-urbano-cuernavaca-6-300x200.jpg 300w, https:\/\/cuernavaca.gob.mx\/wp-content\/uploads\/2023\/06\/reparacion-y-sustitucion-mobiliario-urbano-cuernavaca-6-768x512.jpg 768w, https:\/\/cuernavaca.gob.mx\/wp-content\/uploads\/2023\/06\/reparacion-y-sustitucion-mobiliario-urbano-cuernavaca-6-1536x1023.jpg 1536w, https:\/\/cuernavaca.gob.mx\/wp-content\/uploads\/2023\/06\/reparacion-y-sustitucion-mobiliario-urbano-cuernavaca-6-600x400.jpg 600w, https:\/\/cuernavaca.gob.mx\/wp-content\/uploads\/2023\/06\/reparacion-y-sustitucion-mobiliario-urbano-cuernavaca-6-560x373.jpg 560w, https:\/\/cuernavaca.gob.mx\/wp-content\/uploads\/2023\/06\/reparacion-y-sustitucion-mobiliario-urbano-cuernavaca-6.jpg 1600w\" sizes=\"(max-width: 1024px) 100vw, 1024px\" \/><\/figure>\n\n\n\n<figure class=\"wp-block-image size-large\"><img loading=\"lazy\" width=\"1024\" height=\"682\" data-id=\"29164\"  src=\"https:\/\/cuernavaca.gob.mx\/wp-content\/uploads\/2023\/06\/reparacion-y-sustitucion-mobiliario-urbano-cuernavaca-7-1024x682.jpg\" alt=\"\" class=\"wp-image-29164\" srcset=\"https:\/\/cuernavaca.gob.mx\/wp-content\/uploads\/2023\/06\/reparacion-y-sustitucion-mobiliario-urbano-cuernavaca-7-1024x682.jpg 1024w, https:\/\/cuernavaca.gob.mx\/wp-content\/uploads\/2023\/06\/reparacion-y-sustitucion-mobiliario-urbano-cuernavaca-7-300x200.jpg 300w, https:\/\/cuernavaca.gob.mx\/wp-content\/uploads\/2023\/06\/reparacion-y-sustitucion-mobiliario-urbano-cuernavaca-7-768x512.jpg 768w, https:\/\/cuernavaca.gob.mx\/wp-content\/uploads\/2023\/06\/reparacion-y-sustitucion-mobiliario-urbano-cuernavaca-7-1536x1023.jpg 1536w, https:\/\/cuernavaca.gob.mx\/wp-content\/uploads\/2023\/06\/reparacion-y-sustitucion-mobiliario-urbano-cuernavaca-7-600x400.jpg 600w, https:\/\/cuernavaca.gob.mx\/wp-content\/uploads\/2023\/06\/reparacion-y-sustitucion-mobiliario-urbano-cuernavaca-7-560x373.jpg 560w, https:\/\/cuernavaca.gob.mx\/wp-content\/uploads\/2023\/06\/reparacion-y-sustitucion-mobiliario-urbano-cuernavaca-7.jpg 1600w\" sizes=\"(max-width: 1024px) 100vw, 1024px\" \/><\/figure>\n\n\n\n<figure class=\"wp-block-image size-large\"><img loading=\"lazy\" width=\"1024\" height=\"682\" data-id=\"29167\"  src=\"https:\/\/cuernavaca.gob.mx\/wp-content\/uploads\/2023\/06\/reparacion-y-sustitucion-mobiliario-urbano-cuernavaca-8-1024x682.jpg\" alt=\"\" class=\"wp-image-29167\" srcset=\"https:\/\/cuernavaca.gob.mx\/wp-content\/uploads\/2023\/06\/reparacion-y-sustitucion-mobiliario-urbano-cuernavaca-8-1024x682.jpg 1024w, https:\/\/cuernavaca.gob.mx\/wp-content\/uploads\/2023\/06\/reparacion-y-sustitucion-mobiliario-urbano-cuernavaca-8-300x200.jpg 300w, https:\/\/cuernavaca.gob.mx\/wp-content\/uploads\/2023\/06\/reparacion-y-sustitucion-mobiliario-urbano-cuernavaca-8-768x512.jpg 768w, https:\/\/cuernavaca.gob.mx\/wp-content\/uploads\/2023\/06\/reparacion-y-sustitucion-mobiliario-urbano-cuernavaca-8-1536x1023.jpg 1536w, https:\/\/cuernavaca.gob.mx\/wp-content\/uploads\/2023\/06\/reparacion-y-sustitucion-mobiliario-urbano-cuernavaca-8-600x400.jpg 600w, https:\/\/cuernavaca.gob.mx\/wp-content\/uploads\/2023\/06\/reparacion-y-sustitucion-mobiliario-urbano-cuernavaca-8-560x373.jpg 560w, https:\/\/cuernavaca.gob.mx\/wp-content\/uploads\/2023\/06\/reparacion-y-sustitucion-mobiliario-urbano-cuernavaca-8.jpg 1600w\" sizes=\"(max-width: 1024px) 100vw, 1024px\" \/><\/figure>\n\n\n\n<figure class=\"wp-block-image size-large\"><img loading=\"lazy\" width=\"1024\" height=\"682\" data-id=\"29168\"  src=\"https:\/\/cuernavaca.gob.mx\/wp-content\/uploads\/2023\/06\/reparacion-y-sustitucion-mobiliario-urbano-cuernavaca-9-1024x682.jpg\" alt=\"\" class=\"wp-image-29168\" srcset=\"https:\/\/cuernavaca.gob.mx\/wp-content\/uploads\/2023\/06\/reparacion-y-sustitucion-mobiliario-urbano-cuernavaca-9-1024x682.jpg 1024w, https:\/\/cuernavaca.gob.mx\/wp-content\/uploads\/2023\/06\/reparacion-y-sustitucion-mobiliario-urbano-cuernavaca-9-300x200.jpg 300w, https:\/\/cuernavaca.gob.mx\/wp-content\/uploads\/2023\/06\/reparacion-y-sustitucion-mobiliario-urbano-cuernavaca-9-768x512.jpg 768w, https:\/\/cuernavaca.gob.mx\/wp-content\/uploads\/2023\/06\/reparacion-y-sustitucion-mobiliario-urbano-cuernavaca-9-1536x1023.jpg 1536w, https:\/\/cuernavaca.gob.mx\/wp-content\/uploads\/2023\/06\/reparacion-y-sustitucion-mobiliario-urbano-cuernavaca-9-600x400.jpg 600w, https:\/\/cuernavaca.gob.mx\/wp-content\/uploads\/2023\/06\/reparacion-y-sustitucion-mobiliario-urbano-cuernavaca-9-560x373.jpg 560w, https:\/\/cuernavaca.gob.mx\/wp-content\/uploads\/2023\/06\/reparacion-y-sustitucion-mobiliario-urbano-cuernavaca-9.jpg 1600w\" sizes=\"(max-width: 1024px) 100vw, 1024px\" \/><\/figure>\n<\/figure>\n","protected":false},"excerpt":{"rendered":"<p>\u2022 Se reemplazan registros sin tapa y mobiliario urbano que han sido robados o da\u00f1ados, los cuales implicaban un riesgo para la ciudadan\u00eda y visitantes Como parte del rescate de la imagen urbana de la ciudad y para evitar mayores afectaciones a la propia superficie de rodamiento del Centro Hist\u00f3rico, el Ayuntamiento de Cuernavaca puso [&hellip;]<\/p>\n","protected":false},"author":1,"featured_media":29168,"comment_status":"closed","ping_status":"open","sticky":false,"template":"","format":"standard","meta":[],"categories":[208],"tags":[2342,121,120,206,356,2374,232],"aioseo_notices":[],"_links":{"self":[{"href":"https:\/\/cuernavaca.gob.mx\/index.php?rest_route=\/wp\/v2\/posts\/29159"}],"collection":[{"href":"https:\/\/cuernavaca.gob.mx\/index.php?rest_route=\/wp\/v2\/posts"}],"about":[{"href":"https:\/\/cuernavaca.gob.mx\/index.php?rest_route=\/wp\/v2\/types\/post"}],"author":[{"embeddable":true,"href":"https:\/\/cuernavaca.gob.mx\/index.php?rest_route=\/wp\/v2\/users\/1"}],"replies":[{"embeddable":true,"href":"https:\/\/cuernavaca.gob.mx\/index.php?rest_route=%2Fwp%2Fv2%2Fcomments&post=29159"}],"version-history":[{"count":1,"href":"https:\/\/cuernavaca.gob.mx\/index.php?rest_route=\/wp\/v2\/posts\/29159\/revisions"}],"predecessor-version":[{"id":29169,"href":"https:\/\/cuernavaca.gob.mx\/index.php?rest_route=\/wp\/v2\/posts\/29159\/revisions\/29169"}],"wp:featuredmedia":[{"embeddable":true,"href":"https:\/\/cuernavaca.gob.mx\/index.php?rest_route=\/wp\/v2\/media\/29168"}],"wp:attachment":[{"href":"https:\/\/cuernavaca.gob.mx\/index.php?rest_route=%2Fwp%2Fv2%2Fmedia&parent=29159"}],"wp:term":[{"taxonomy":"category","embeddable":true,"href":"https:\/\/cuernavaca.gob.mx\/index.php?rest_route=%2Fwp%2Fv2%2Fcategories&post=29159"},{"taxonomy":"post_tag","embeddable":true,"href":"https:\/\/cuernavaca.gob.mx\/index.php?rest_route=%2Fwp%2Fv2%2Ftags&post=29159"}],"curies":[{"name":"wp","href":"https:\/\/api.w.org\/{rel}","templated":true}]}}