{"id":29170,"date":"2023-06-08T16:00:00","date_gmt":"2023-06-08T22:00:00","guid":{"rendered":"https:\/\/cuernavaca.gob.mx\/?p=29170"},"modified":"2025-05-06T12:39:35","modified_gmt":"2025-05-06T18:39:35","slug":"f437-08-06-23-mejora-el-gobierno-municipal-imagen-de-avenida-morelos-en-el-primer-cuadro-de-cuernavaca","status":"publish","type":"post","link":"https:\/\/cuernavaca.gob.mx\/?p=29170","title":{"rendered":"F437 08\/06\/23 MEJORA EL GOBIERNO MUNICIPAL IMAGEN DE AVENIDA MORELOS EN EL PRIMER CUADRO DE CUERNAVACA"},"content":{"rendered":"\n<p>En seguimiento a la l\u00ednea de trabajo instruida por el presidente municipal de Cuernavaca, Jos\u00e9 Luis Uri\u00f3stegui Salgado, la Brigada Somos Acci\u00f3n Inmediata (SAI) de la Secretar\u00eda de Desarrollo Sustentable y Servicios P\u00fablicos, inici\u00f3 con las labores de poda y retiro de \u00e1rboles secos en riesgo de colapso sobre avenida Morelos en el primer cuadro de la ciudad.<\/p>\n\n\n\n<p>Entre las acciones que est\u00e1n efectuando en esta importante vialidad se encuentra tambi\u00e9n la limpieza de las guarniciones y banquetas, as\u00ed como el retiro de casetas telef\u00f3nicas que no cuentan con autorizaci\u00f3n para estar instaladas y se han convertido en un riesgo para los transe\u00fantes, al obstaculizar el paso o estar en malas condiciones.<\/p>\n\n\n\n<p>Cabe recordar que a inicios de esta semana como parte de los recorridos habituales que realiza por las calles de la ciudad, el alcalde acompa\u00f1ado del secretario de Desarrollo Sustentable y Servicios P\u00fablicos, Israel Alvabera V\u00e1zquez, solicit\u00f3 la realizaci\u00f3n de estos trabajos con el objetivo de mantener y seguir mejorando la imagen urbana de la capital morelense.<\/p>\n\n\n\n<figure class=\"wp-container-2 wp-block-gallery-1 wp-block-gallery has-nested-images columns-default is-cropped\">\n<figure class=\"wp-block-image size-large\"><img loading=\"lazy\" width=\"1024\" height=\"683\" data-id=\"29176\"  src=\"https:\/\/cuernavaca.gob.mx\/wp-content\/uploads\/2023\/06\/mejoramiento-imagen-urbana-cuernavaca-1-1024x683.jpg\" alt=\"\" class=\"wp-image-29176\" srcset=\"https:\/\/cuernavaca.gob.mx\/wp-content\/uploads\/2023\/06\/mejoramiento-imagen-urbana-cuernavaca-1-1024x683.jpg 1024w, https:\/\/cuernavaca.gob.mx\/wp-content\/uploads\/2023\/06\/mejoramiento-imagen-urbana-cuernavaca-1-300x200.jpg 300w, https:\/\/cuernavaca.gob.mx\/wp-content\/uploads\/2023\/06\/mejoramiento-imagen-urbana-cuernavaca-1-768x512.jpg 768w, https:\/\/cuernavaca.gob.mx\/wp-content\/uploads\/2023\/06\/mejoramiento-imagen-urbana-cuernavaca-1-1536x1024.jpg 1536w, https:\/\/cuernavaca.gob.mx\/wp-content\/uploads\/2023\/06\/mejoramiento-imagen-urbana-cuernavaca-1-600x400.jpg 600w, https:\/\/cuernavaca.gob.mx\/wp-content\/uploads\/2023\/06\/mejoramiento-imagen-urbana-cuernavaca-1-560x373.jpg 560w, https:\/\/cuernavaca.gob.mx\/wp-content\/uploads\/2023\/06\/mejoramiento-imagen-urbana-cuernavaca-1.jpg 1599w\" sizes=\"(max-width: 1024px) 100vw, 1024px\" \/><\/figure>\n\n\n\n<figure class=\"wp-block-image size-large\"><img loading=\"lazy\" width=\"1024\" height=\"728\" data-id=\"29171\"  src=\"https:\/\/cuernavaca.gob.mx\/wp-content\/uploads\/2023\/06\/mejoramiento-imagen-urbana-cuernavaca-2-1024x728.jpg\" alt=\"\" class=\"wp-image-29171\" srcset=\"https:\/\/cuernavaca.gob.mx\/wp-content\/uploads\/2023\/06\/mejoramiento-imagen-urbana-cuernavaca-2-1024x728.jpg 1024w, https:\/\/cuernavaca.gob.mx\/wp-content\/uploads\/2023\/06\/mejoramiento-imagen-urbana-cuernavaca-2-300x213.jpg 300w, https:\/\/cuernavaca.gob.mx\/wp-content\/uploads\/2023\/06\/mejoramiento-imagen-urbana-cuernavaca-2-768x546.jpg 768w, https:\/\/cuernavaca.gob.mx\/wp-content\/uploads\/2023\/06\/mejoramiento-imagen-urbana-cuernavaca-2-600x427.jpg 600w, https:\/\/cuernavaca.gob.mx\/wp-content\/uploads\/2023\/06\/mejoramiento-imagen-urbana-cuernavaca-2-560x398.jpg 560w, https:\/\/cuernavaca.gob.mx\/wp-content\/uploads\/2023\/06\/mejoramiento-imagen-urbana-cuernavaca-2.jpg 1280w\" sizes=\"(max-width: 1024px) 100vw, 1024px\" \/><\/figure>\n\n\n\n<figure class=\"wp-block-image size-large\"><img loading=\"lazy\" width=\"1024\" height=\"683\" data-id=\"29173\"  src=\"https:\/\/cuernavaca.gob.mx\/wp-content\/uploads\/2023\/06\/mejoramiento-imagen-urbana-cuernavaca-3-1024x683.jpg\" alt=\"\" class=\"wp-image-29173\" srcset=\"https:\/\/cuernavaca.gob.mx\/wp-content\/uploads\/2023\/06\/mejoramiento-imagen-urbana-cuernavaca-3-1024x683.jpg 1024w, https:\/\/cuernavaca.gob.mx\/wp-content\/uploads\/2023\/06\/mejoramiento-imagen-urbana-cuernavaca-3-300x200.jpg 300w, https:\/\/cuernavaca.gob.mx\/wp-content\/uploads\/2023\/06\/mejoramiento-imagen-urbana-cuernavaca-3-768x512.jpg 768w, https:\/\/cuernavaca.gob.mx\/wp-content\/uploads\/2023\/06\/mejoramiento-imagen-urbana-cuernavaca-3-1536x1024.jpg 1536w, https:\/\/cuernavaca.gob.mx\/wp-content\/uploads\/2023\/06\/mejoramiento-imagen-urbana-cuernavaca-3-600x400.jpg 600w, https:\/\/cuernavaca.gob.mx\/wp-content\/uploads\/2023\/06\/mejoramiento-imagen-urbana-cuernavaca-3-560x373.jpg 560w, https:\/\/cuernavaca.gob.mx\/wp-content\/uploads\/2023\/06\/mejoramiento-imagen-urbana-cuernavaca-3.jpg 1599w\" sizes=\"(max-width: 1024px) 100vw, 1024px\" \/><\/figure>\n\n\n\n<figure class=\"wp-block-image size-large\"><img loading=\"lazy\" width=\"1024\" height=\"768\" data-id=\"29177\"  src=\"https:\/\/cuernavaca.gob.mx\/wp-content\/uploads\/2023\/06\/mejoramiento-imagen-urbana-cuernavaca-4-1024x768.jpg\" alt=\"\" class=\"wp-image-29177\" srcset=\"https:\/\/cuernavaca.gob.mx\/wp-content\/uploads\/2023\/06\/mejoramiento-imagen-urbana-cuernavaca-4-1024x768.jpg 1024w, https:\/\/cuernavaca.gob.mx\/wp-content\/uploads\/2023\/06\/mejoramiento-imagen-urbana-cuernavaca-4-300x225.jpg 300w, https:\/\/cuernavaca.gob.mx\/wp-content\/uploads\/2023\/06\/mejoramiento-imagen-urbana-cuernavaca-4-768x576.jpg 768w, https:\/\/cuernavaca.gob.mx\/wp-content\/uploads\/2023\/06\/mejoramiento-imagen-urbana-cuernavaca-4-1536x1152.jpg 1536w, https:\/\/cuernavaca.gob.mx\/wp-content\/uploads\/2023\/06\/mejoramiento-imagen-urbana-cuernavaca-4-600x450.jpg 600w, https:\/\/cuernavaca.gob.mx\/wp-content\/uploads\/2023\/06\/mejoramiento-imagen-urbana-cuernavaca-4-560x420.jpg 560w, https:\/\/cuernavaca.gob.mx\/wp-content\/uploads\/2023\/06\/mejoramiento-imagen-urbana-cuernavaca-4.jpg 1600w\" sizes=\"(max-width: 1024px) 100vw, 1024px\" \/><\/figure>\n\n\n\n<figure class=\"wp-block-image size-large\"><img loading=\"lazy\" width=\"1024\" height=\"726\" data-id=\"29172\"  src=\"https:\/\/cuernavaca.gob.mx\/wp-content\/uploads\/2023\/06\/mejoramiento-imagen-urbana-cuernavaca-5-1024x726.jpg\" alt=\"\" class=\"wp-image-29172\" srcset=\"https:\/\/cuernavaca.gob.mx\/wp-content\/uploads\/2023\/06\/mejoramiento-imagen-urbana-cuernavaca-5-1024x726.jpg 1024w, https:\/\/cuernavaca.gob.mx\/wp-content\/uploads\/2023\/06\/mejoramiento-imagen-urbana-cuernavaca-5-300x213.jpg 300w, https:\/\/cuernavaca.gob.mx\/wp-content\/uploads\/2023\/06\/mejoramiento-imagen-urbana-cuernavaca-5-768x544.jpg 768w, https:\/\/cuernavaca.gob.mx\/wp-content\/uploads\/2023\/06\/mejoramiento-imagen-urbana-cuernavaca-5-600x425.jpg 600w, https:\/\/cuernavaca.gob.mx\/wp-content\/uploads\/2023\/06\/mejoramiento-imagen-urbana-cuernavaca-5-560x397.jpg 560w, https:\/\/cuernavaca.gob.mx\/wp-content\/uploads\/2023\/06\/mejoramiento-imagen-urbana-cuernavaca-5.jpg 1280w\" sizes=\"(max-width: 1024px) 100vw, 1024px\" \/><\/figure>\n\n\n\n<figure class=\"wp-block-image size-large\"><img loading=\"lazy\" width=\"1024\" height=\"683\" data-id=\"29178\"  src=\"https:\/\/cuernavaca.gob.mx\/wp-content\/uploads\/2023\/06\/mejoramiento-imagen-urbana-cuernavaca-6-1024x683.jpg\" alt=\"\" class=\"wp-image-29178\" srcset=\"https:\/\/cuernavaca.gob.mx\/wp-content\/uploads\/2023\/06\/mejoramiento-imagen-urbana-cuernavaca-6-1024x683.jpg 1024w, https:\/\/cuernavaca.gob.mx\/wp-content\/uploads\/2023\/06\/mejoramiento-imagen-urbana-cuernavaca-6-300x200.jpg 300w, https:\/\/cuernavaca.gob.mx\/wp-content\/uploads\/2023\/06\/mejoramiento-imagen-urbana-cuernavaca-6-768x512.jpg 768w, https:\/\/cuernavaca.gob.mx\/wp-content\/uploads\/2023\/06\/mejoramiento-imagen-urbana-cuernavaca-6-1536x1024.jpg 1536w, https:\/\/cuernavaca.gob.mx\/wp-content\/uploads\/2023\/06\/mejoramiento-imagen-urbana-cuernavaca-6-600x400.jpg 600w, https:\/\/cuernavaca.gob.mx\/wp-content\/uploads\/2023\/06\/mejoramiento-imagen-urbana-cuernavaca-6-560x373.jpg 560w, https:\/\/cuernavaca.gob.mx\/wp-content\/uploads\/2023\/06\/mejoramiento-imagen-urbana-cuernavaca-6.jpg 1599w\" sizes=\"(max-width: 1024px) 100vw, 1024px\" \/><\/figure>\n\n\n\n<figure class=\"wp-block-image size-large\"><img loading=\"lazy\" width=\"1024\" height=\"677\" data-id=\"29175\"  src=\"https:\/\/cuernavaca.gob.mx\/wp-content\/uploads\/2023\/06\/mejoramiento-imagen-urbana-cuernavaca-7-1024x677.jpg\" alt=\"\" class=\"wp-image-29175\" srcset=\"https:\/\/cuernavaca.gob.mx\/wp-content\/uploads\/2023\/06\/mejoramiento-imagen-urbana-cuernavaca-7-1024x677.jpg 1024w, https:\/\/cuernavaca.gob.mx\/wp-content\/uploads\/2023\/06\/mejoramiento-imagen-urbana-cuernavaca-7-300x198.jpg 300w, https:\/\/cuernavaca.gob.mx\/wp-content\/uploads\/2023\/06\/mejoramiento-imagen-urbana-cuernavaca-7-768x508.jpg 768w, https:\/\/cuernavaca.gob.mx\/wp-content\/uploads\/2023\/06\/mejoramiento-imagen-urbana-cuernavaca-7-600x397.jpg 600w, https:\/\/cuernavaca.gob.mx\/wp-content\/uploads\/2023\/06\/mejoramiento-imagen-urbana-cuernavaca-7-560x370.jpg 560w, https:\/\/cuernavaca.gob.mx\/wp-content\/uploads\/2023\/06\/mejoramiento-imagen-urbana-cuernavaca-7.jpg 1280w\" sizes=\"(max-width: 1024px) 100vw, 1024px\" \/><\/figure>\n\n\n\n<figure class=\"wp-block-image size-large\"><img loading=\"lazy\" width=\"1024\" height=\"683\" data-id=\"29174\"  src=\"https:\/\/cuernavaca.gob.mx\/wp-content\/uploads\/2023\/06\/mejoramiento-imagen-urbana-cuernavaca-8-1024x683.jpg\" alt=\"\" class=\"wp-image-29174\" srcset=\"https:\/\/cuernavaca.gob.mx\/wp-content\/uploads\/2023\/06\/mejoramiento-imagen-urbana-cuernavaca-8-1024x683.jpg 1024w, https:\/\/cuernavaca.gob.mx\/wp-content\/uploads\/2023\/06\/mejoramiento-imagen-urbana-cuernavaca-8-300x200.jpg 300w, https:\/\/cuernavaca.gob.mx\/wp-content\/uploads\/2023\/06\/mejoramiento-imagen-urbana-cuernavaca-8-768x512.jpg 768w, https:\/\/cuernavaca.gob.mx\/wp-content\/uploads\/2023\/06\/mejoramiento-imagen-urbana-cuernavaca-8-1536x1024.jpg 1536w, https:\/\/cuernavaca.gob.mx\/wp-content\/uploads\/2023\/06\/mejoramiento-imagen-urbana-cuernavaca-8-600x400.jpg 600w, https:\/\/cuernavaca.gob.mx\/wp-content\/uploads\/2023\/06\/mejoramiento-imagen-urbana-cuernavaca-8-560x373.jpg 560w, https:\/\/cuernavaca.gob.mx\/wp-content\/uploads\/2023\/06\/mejoramiento-imagen-urbana-cuernavaca-8.jpg 1599w\" sizes=\"(max-width: 1024px) 100vw, 1024px\" \/><\/figure>\n<\/figure>\n","protected":false},"excerpt":{"rendered":"<p>En seguimiento a la l\u00ednea de trabajo instruida por el presidente municipal de Cuernavaca, Jos\u00e9 Luis Uri\u00f3stegui Salgado, la Brigada Somos Acci\u00f3n Inmediata (SAI) de la Secretar\u00eda de Desarrollo Sustentable y Servicios P\u00fablicos, inici\u00f3 con las labores de poda y retiro de \u00e1rboles secos en riesgo de colapso sobre avenida Morelos en el primer cuadro [&hellip;]<\/p>\n","protected":false},"author":1,"featured_media":29171,"comment_status":"closed","ping_status":"open","sticky":false,"template":"","format":"standard","meta":[],"categories":[208],"tags":[121,2376,120,206,232,138,3106],"aioseo_notices":[],"_links":{"self":[{"href":"https:\/\/cuernavaca.gob.mx\/index.php?rest_route=\/wp\/v2\/posts\/29170"}],"collection":[{"href":"https:\/\/cuernavaca.gob.mx\/index.php?rest_route=\/wp\/v2\/posts"}],"about":[{"href":"https:\/\/cuernavaca.gob.mx\/index.php?rest_route=\/wp\/v2\/types\/post"}],"author":[{"embeddable":true,"href":"https:\/\/cuernavaca.gob.mx\/index.php?rest_route=\/wp\/v2\/users\/1"}],"replies":[{"embeddable":true,"href":"https:\/\/cuernavaca.gob.mx\/index.php?rest_route=%2Fwp%2Fv2%2Fcomments&post=29170"}],"version-history":[{"count":1,"href":"https:\/\/cuernavaca.gob.mx\/index.php?rest_route=\/wp\/v2\/posts\/29170\/revisions"}],"predecessor-version":[{"id":29179,"href":"https:\/\/cuernavaca.gob.mx\/index.php?rest_route=\/wp\/v2\/posts\/29170\/revisions\/29179"}],"wp:featuredmedia":[{"embeddable":true,"href":"https:\/\/cuernavaca.gob.mx\/index.php?rest_route=\/wp\/v2\/media\/29171"}],"wp:attachment":[{"href":"https:\/\/cuernavaca.gob.mx\/index.php?rest_route=%2Fwp%2Fv2%2Fmedia&parent=29170"}],"wp:term":[{"taxonomy":"category","embeddable":true,"href":"https:\/\/cuernavaca.gob.mx\/index.php?rest_route=%2Fwp%2Fv2%2Fcategories&post=29170"},{"taxonomy":"post_tag","embeddable":true,"href":"https:\/\/cuernavaca.gob.mx\/index.php?rest_route=%2Fwp%2Fv2%2Ftags&post=29170"}],"curies":[{"name":"wp","href":"https:\/\/api.w.org\/{rel}","templated":true}]}}