{"id":29394,"date":"2023-06-15T16:30:00","date_gmt":"2023-06-15T22:30:00","guid":{"rendered":"https:\/\/cuernavaca.gob.mx\/?p=29394"},"modified":"2025-05-06T12:41:25","modified_gmt":"2025-05-06T18:41:25","slug":"b1055-15-06-23-por-ola-de-calor-restringen-actividades-en-espacios-publicos-de-cuernavaca-y-emite-recomendaciones-el-comite-municipal-de-emergencias-sanitarias","status":"publish","type":"post","link":"https:\/\/cuernavaca.gob.mx\/?p=29394","title":{"rendered":"B1055 15\/06\/23 POR OLA DE CALOR RESTRINGEN ACTIVIDADES EN ESPACIOS P\u00daBLICOS DE CUERNAVACA Y EMITE RECOMENDACIONES EL COMIT\u00c9 MUNICIPAL DE EMERGENCIAS SANITARIAS"},"content":{"rendered":"\n<p><strong>\u2022 Entre las recomendaciones destacan evitar estar en la intemperie entre las 11:00 a las 16:00 horas, usar bloqueador solar, gorra o sombrero, y en oficinas tratar de permanecer en interiores ventilados<\/strong><\/p>\n\n\n\n<p><strong>\u2022 El secretario t\u00e9cnico del CMES y director general de Salud, Josu\u00e9 Larios puntualiz\u00f3 que es fundamental hidratarse con agua natural, siendo m\u00e1s vulnerables los adultos mayores, mujeres embarazadas e infantes<\/strong><\/p>\n\n\n\n<p>Con el prop\u00f3sito de prevenir riesgos a la poblaci\u00f3n relacionados por las altas temperaturas que se est\u00e1n registrando en Cuernavaca, el Comit\u00e9 Municipal de Emergencias Sanitarias (CMES) emiti\u00f3 una serie de recomendaciones, entre las que destacan evitar salir a la intemperie entre las 11:00 a las 16:00 horas, que es cuando hace m\u00e1s calor; usar bloqueador solar, gorra o sombrero, buscar lugares con sombra, en interiores se encuentren bien ventilados, evitando exponerse de manera innecesaria a los rayos del sol.<\/p>\n\n\n\n<p>En conferencia de prensa, el secretario t\u00e9cnico del CMES y director general de Salud, Josu\u00e9 Larios Morales, puntualiz\u00f3 que ante esta ola de calor es fundamental mantenerse constantemente hidratados, ya que la p\u00e9rdida de l\u00edquidos no solo es a trav\u00e9s de la sudoraci\u00f3n, sino tambi\u00e9n al estar expuestos a altas temperaturas, siendo particularmente vulnerables los adultos mayores, mujeres embarazadas, infantes, menores de cinco a\u00f1os y reci\u00e9n nacidos.<\/p>\n\n\n\n<p>Sostuvo que es recomendable usar ropa ligera y de color claro; en caso de tener que realizar actividades en el exterior, se pude utilizar manga larga y se pide no dejar a ninguna persona o mascota dentro del veh\u00edculo y si presentan mareos, debilidad, dolor de cabeza o sed extrema, deben buscar un lugar fresco y rehidratarse con agua o bebida con electrolitos.<\/p>\n\n\n\n<p>El especialista refiri\u00f3 que, si alguien convulsiona, sufre delirio o queda inconsciente es necesario pedir una ambulancia y mientras esperan su llegada, deben mover a la persona a un lugar fresco, bajo la sombra, coloc\u00e1ndolo en posici\u00f3n horizontal, elevando las piernas y la cadera. Pueden aplicarle comprensas de agua fresca en el cuello, las axilas y la entrepierna. Si esta inconsciente, deben colocarlo sobre uno de sus costados, evitando a toda costa ingerir aspirina o paracetamol.<\/p>\n\n\n\n<p>Larios Morales destac\u00f3 que dentro de estas recomendaciones se hace un llamado a la ciudadan\u00eda para darles especial atenci\u00f3n a sus mascotas, escogiendo un horario adecuado para los paseos, evitando sea entre las 10:00 a las 16:00 horas, toda vez que el piso est\u00e1 caliente y les puede afectar en las patas, as\u00ed como mantenerlos en espacios ventilados e hidratados.<\/p>\n\n\n\n<p>Por su lado, la secretaria de Desarrollo Humano y Participaci\u00f3n Social, Laura Hern\u00e1ndez Cruz, asever\u00f3 que estas recomendaciones ya se han puesto en marcha en la administraci\u00f3n municipal, precisamente atendiendo el cuidado de los principales grupos vulnerables, solicitando la ventilaci\u00f3n de las oficinas y d\u00e1ndole prioridad a aquellos trabajadores que por la naturaleza de su actividad est\u00e1n expuestos diariamente al aire libre.<\/p>\n\n\n\n<p>Indic\u00f3 que en este sentido han tomado la decisi\u00f3n, junto con el Instituto del Deporte de municipio, suspender las actividades f\u00edsicas que se realizan al aire libre dentro del horario de las 11:00 a las 16:00 horas y en los parques administrados por el Ayuntamiento, como parque Denver, Tlaltenango y Solidaridad recomiendan a los usuarios no realizar actividad al aire libre en este horario, pudiendo utilizar las \u00e1reas techadas de forma moderada.<\/p>\n\n\n\n<p>Laura Hern\u00e1ndez dijo que al mantener un enlace con las escuelas de la ciudad han recomendado que se modifiquen los horarios de activaci\u00f3n f\u00edsica al aire libre, a fin de que puedan efectuarse antes de las 11:00 horas y despu\u00e9s de las 16:00 horas, aunque ser\u00e1 competencia final de las autoridades educativas, estando el municipio en la disposici\u00f3n de brindarles asesor\u00edas sobre como poder identificar los indicios y el protocolo de atenci\u00f3n a las diferentes circunstancias que se pueden detonar a causa de esta ola de calor.<\/p>\n\n\n\n<p>Finalmente, las autoridades municipales subrayaron que es fundamental mantener hidratados a los menores de edad y adultos mayores, pese a que no presenten ning\u00fan s\u00edntoma dado que muchas de estas afectaciones a la salud se dan de manera s\u00fabita, por lo que en general deben estar al pendiente de los golpes de calor, deshidrataci\u00f3n y enfermedades diarreicas.<\/p>\n\n\n\n<p><\/p>\n\n\n\n<figure class=\"wp-container-2 wp-block-gallery-1 wp-block-gallery has-nested-images columns-default is-cropped\">\n<figure class=\"wp-block-image size-large\"><img loading=\"lazy\" width=\"1024\" height=\"683\" data-id=\"29397\"  src=\"https:\/\/cuernavaca.gob.mx\/wp-content\/uploads\/2023\/06\/recomendaciones-por-ola-de-calor-cuernavaca-1-1024x683.jpg\" alt=\"\" class=\"wp-image-29397\" srcset=\"https:\/\/cuernavaca.gob.mx\/wp-content\/uploads\/2023\/06\/recomendaciones-por-ola-de-calor-cuernavaca-1-1024x683.jpg 1024w, https:\/\/cuernavaca.gob.mx\/wp-content\/uploads\/2023\/06\/recomendaciones-por-ola-de-calor-cuernavaca-1-300x200.jpg 300w, https:\/\/cuernavaca.gob.mx\/wp-content\/uploads\/2023\/06\/recomendaciones-por-ola-de-calor-cuernavaca-1-768x512.jpg 768w, https:\/\/cuernavaca.gob.mx\/wp-content\/uploads\/2023\/06\/recomendaciones-por-ola-de-calor-cuernavaca-1-1536x1024.jpg 1536w, https:\/\/cuernavaca.gob.mx\/wp-content\/uploads\/2023\/06\/recomendaciones-por-ola-de-calor-cuernavaca-1-600x400.jpg 600w, https:\/\/cuernavaca.gob.mx\/wp-content\/uploads\/2023\/06\/recomendaciones-por-ola-de-calor-cuernavaca-1-560x373.jpg 560w, https:\/\/cuernavaca.gob.mx\/wp-content\/uploads\/2023\/06\/recomendaciones-por-ola-de-calor-cuernavaca-1.jpg 1599w\" sizes=\"(max-width: 1024px) 100vw, 1024px\" \/><\/figure>\n\n\n\n<figure class=\"wp-block-image size-large\"><img loading=\"lazy\" width=\"1024\" height=\"683\" data-id=\"29396\"  src=\"https:\/\/cuernavaca.gob.mx\/wp-content\/uploads\/2023\/06\/recomendaciones-por-ola-de-calor-cuernavaca-2-1024x683.jpg\" alt=\"\" class=\"wp-image-29396\" srcset=\"https:\/\/cuernavaca.gob.mx\/wp-content\/uploads\/2023\/06\/recomendaciones-por-ola-de-calor-cuernavaca-2-1024x683.jpg 1024w, https:\/\/cuernavaca.gob.mx\/wp-content\/uploads\/2023\/06\/recomendaciones-por-ola-de-calor-cuernavaca-2-300x200.jpg 300w, https:\/\/cuernavaca.gob.mx\/wp-content\/uploads\/2023\/06\/recomendaciones-por-ola-de-calor-cuernavaca-2-768x512.jpg 768w, https:\/\/cuernavaca.gob.mx\/wp-content\/uploads\/2023\/06\/recomendaciones-por-ola-de-calor-cuernavaca-2-1536x1024.jpg 1536w, https:\/\/cuernavaca.gob.mx\/wp-content\/uploads\/2023\/06\/recomendaciones-por-ola-de-calor-cuernavaca-2-600x400.jpg 600w, https:\/\/cuernavaca.gob.mx\/wp-content\/uploads\/2023\/06\/recomendaciones-por-ola-de-calor-cuernavaca-2-560x373.jpg 560w, https:\/\/cuernavaca.gob.mx\/wp-content\/uploads\/2023\/06\/recomendaciones-por-ola-de-calor-cuernavaca-2.jpg 1599w\" sizes=\"(max-width: 1024px) 100vw, 1024px\" \/><\/figure>\n\n\n\n<figure class=\"wp-block-image size-large\"><img loading=\"lazy\" width=\"1024\" height=\"683\" data-id=\"29395\"  src=\"https:\/\/cuernavaca.gob.mx\/wp-content\/uploads\/2023\/06\/recomendaciones-por-ola-de-calor-cuernavaca-3-1024x683.jpg\" alt=\"\" class=\"wp-image-29395\" srcset=\"https:\/\/cuernavaca.gob.mx\/wp-content\/uploads\/2023\/06\/recomendaciones-por-ola-de-calor-cuernavaca-3-1024x683.jpg 1024w, https:\/\/cuernavaca.gob.mx\/wp-content\/uploads\/2023\/06\/recomendaciones-por-ola-de-calor-cuernavaca-3-300x200.jpg 300w, https:\/\/cuernavaca.gob.mx\/wp-content\/uploads\/2023\/06\/recomendaciones-por-ola-de-calor-cuernavaca-3-768x512.jpg 768w, https:\/\/cuernavaca.gob.mx\/wp-content\/uploads\/2023\/06\/recomendaciones-por-ola-de-calor-cuernavaca-3-1536x1024.jpg 1536w, https:\/\/cuernavaca.gob.mx\/wp-content\/uploads\/2023\/06\/recomendaciones-por-ola-de-calor-cuernavaca-3-600x400.jpg 600w, https:\/\/cuernavaca.gob.mx\/wp-content\/uploads\/2023\/06\/recomendaciones-por-ola-de-calor-cuernavaca-3-560x373.jpg 560w, https:\/\/cuernavaca.gob.mx\/wp-content\/uploads\/2023\/06\/recomendaciones-por-ola-de-calor-cuernavaca-3.jpg 1599w\" sizes=\"(max-width: 1024px) 100vw, 1024px\" \/><\/figure>\n\n\n\n<figure class=\"wp-block-image size-large\"><img loading=\"lazy\" width=\"1024\" height=\"683\" data-id=\"29398\"  src=\"https:\/\/cuernavaca.gob.mx\/wp-content\/uploads\/2023\/06\/recomendaciones-por-ola-de-calor-cuernavaca-4-1024x683.jpg\" alt=\"\" class=\"wp-image-29398\" srcset=\"https:\/\/cuernavaca.gob.mx\/wp-content\/uploads\/2023\/06\/recomendaciones-por-ola-de-calor-cuernavaca-4-1024x683.jpg 1024w, https:\/\/cuernavaca.gob.mx\/wp-content\/uploads\/2023\/06\/recomendaciones-por-ola-de-calor-cuernavaca-4-300x200.jpg 300w, https:\/\/cuernavaca.gob.mx\/wp-content\/uploads\/2023\/06\/recomendaciones-por-ola-de-calor-cuernavaca-4-768x512.jpg 768w, https:\/\/cuernavaca.gob.mx\/wp-content\/uploads\/2023\/06\/recomendaciones-por-ola-de-calor-cuernavaca-4-1536x1024.jpg 1536w, https:\/\/cuernavaca.gob.mx\/wp-content\/uploads\/2023\/06\/recomendaciones-por-ola-de-calor-cuernavaca-4-600x400.jpg 600w, https:\/\/cuernavaca.gob.mx\/wp-content\/uploads\/2023\/06\/recomendaciones-por-ola-de-calor-cuernavaca-4-560x373.jpg 560w, https:\/\/cuernavaca.gob.mx\/wp-content\/uploads\/2023\/06\/recomendaciones-por-ola-de-calor-cuernavaca-4.jpg 1599w\" sizes=\"(max-width: 1024px) 100vw, 1024px\" \/><\/figure>\n<\/figure>\n","protected":false},"excerpt":{"rendered":"<p>\u2022 Entre las recomendaciones destacan evitar estar en la intemperie entre las 11:00 a las 16:00 horas, usar bloqueador solar, gorra o sombrero, y en oficinas tratar de permanecer en interiores ventilados \u2022 El secretario t\u00e9cnico del CMES y director general de Salud, Josu\u00e9 Larios puntualiz\u00f3 que es fundamental hidratarse con agua natural, siendo m\u00e1s [&hellip;]<\/p>\n","protected":false},"author":1,"featured_media":29395,"comment_status":"closed","ping_status":"open","sticky":false,"template":"","format":"standard","meta":[],"categories":[899],"tags":[3119,2467,121,3120,120,206,2718],"aioseo_notices":[],"_links":{"self":[{"href":"https:\/\/cuernavaca.gob.mx\/index.php?rest_route=\/wp\/v2\/posts\/29394"}],"collection":[{"href":"https:\/\/cuernavaca.gob.mx\/index.php?rest_route=\/wp\/v2\/posts"}],"about":[{"href":"https:\/\/cuernavaca.gob.mx\/index.php?rest_route=\/wp\/v2\/types\/post"}],"author":[{"embeddable":true,"href":"https:\/\/cuernavaca.gob.mx\/index.php?rest_route=\/wp\/v2\/users\/1"}],"replies":[{"embeddable":true,"href":"https:\/\/cuernavaca.gob.mx\/index.php?rest_route=%2Fwp%2Fv2%2Fcomments&post=29394"}],"version-history":[{"count":1,"href":"https:\/\/cuernavaca.gob.mx\/index.php?rest_route=\/wp\/v2\/posts\/29394\/revisions"}],"predecessor-version":[{"id":29399,"href":"https:\/\/cuernavaca.gob.mx\/index.php?rest_route=\/wp\/v2\/posts\/29394\/revisions\/29399"}],"wp:featuredmedia":[{"embeddable":true,"href":"https:\/\/cuernavaca.gob.mx\/index.php?rest_route=\/wp\/v2\/media\/29395"}],"wp:attachment":[{"href":"https:\/\/cuernavaca.gob.mx\/index.php?rest_route=%2Fwp%2Fv2%2Fmedia&parent=29394"}],"wp:term":[{"taxonomy":"category","embeddable":true,"href":"https:\/\/cuernavaca.gob.mx\/index.php?rest_route=%2Fwp%2Fv2%2Fcategories&post=29394"},{"taxonomy":"post_tag","embeddable":true,"href":"https:\/\/cuernavaca.gob.mx\/index.php?rest_route=%2Fwp%2Fv2%2Ftags&post=29394"}],"curies":[{"name":"wp","href":"https:\/\/api.w.org\/{rel}","templated":true}]}}