{"id":29400,"date":"2023-06-15T17:20:00","date_gmt":"2023-06-15T23:20:00","guid":{"rendered":"https:\/\/cuernavaca.gob.mx\/?p=29400"},"modified":"2025-05-06T12:41:25","modified_gmt":"2025-05-06T18:41:25","slug":"b1056-16-06-23-ayuntamiento-de-cuernavaca-promueve-la-preservacion-conjunta-del-cangrejito-barranqueno-endemico-de-la-ciudad-capital-de-morelos","status":"publish","type":"post","link":"https:\/\/cuernavaca.gob.mx\/?p=29400","title":{"rendered":"B1056 16\/06\/23 AYUNTAMIENTO DE CUERNAVACA PROMUEVE LA PRESERVACI\u00d3N CONJUNTA DEL CANGREJITO BARRANQUE\u00d1O, END\u00c9MICO DE LA CIUDAD CAPITAL DE MORELOS"},"content":{"rendered":"\n<p><strong>\u2022 Como un trabajo de educaci\u00f3n ambiental, la Secretar\u00eda de Desarrollo Sustentable y Servicios P\u00fablicos, present\u00f3 este jueves la revista digital &#8220;La Leyenda de Tlahui, El Cangrejito Barranque\u00f1o\u201d<\/strong><\/p>\n\n\n\n<p><strong>\u2022 Est\u00e1 integrada por la historia de esta especie end\u00e9mica y en peligro de extinci\u00f3n, describiendo desde su taxonom\u00eda, hasta sus caracter\u00edsticas, su madurez sexual y reproducci\u00f3n<\/strong><\/p>\n\n\n\n<p>Con el objetivo de contribuir a la preservaci\u00f3n de una de las especies protegidas y end\u00e9micas de las barrancas de Cuernavaca, el Gobierno Municipal, a trav\u00e9s de la Secretar\u00eda de Desarrollo Sustentable y Servicios P\u00fablicos, elabor\u00f3 la revista digital &#8220;La Leyenda de Tlahui, El Cangrejito Barranque\u00f1o\u201d, que describe en un lenguaje sencillo la importancia de esta especie en peligro de extinci\u00f3n, fomentando tambi\u00e9n el arraigo y amor hacia la ciudad m\u00e1s bonita de M\u00e9xico, la capital morelense.<\/p>\n\n\n\n<p>En la presentaci\u00f3n oficial de este ejemplar de divulgaci\u00f3n y concientizaci\u00f3n ambiental, el director general de Desarrollo Sustentable, Jos\u00e9 Alfredo Rodr\u00edguez San Ciprian, puntualiz\u00f3 que, tras un siglo de permanecer desaparecido, el cangrejito barranque\u00f1o, tambi\u00e9n conocido como Tlahui, fue descubierto nuevamente en el a\u00f1o 2000, generando un compromiso para su preservaci\u00f3n en el tiempo, ya que ha colocado a Cuernavaca como uno de los pocos municipios en el pa\u00eds en contar con una especie end\u00e9mica acu\u00e1tica.<\/p>\n\n\n\n<p>En este contexto y al asumir la presente administraci\u00f3n municipal encabezada por Jos\u00e9 Luis Uri\u00f3stegui Salgado la responsabilidad de su cuidado, fomentando entre la poblaci\u00f3n la importancia de hacer algo por el cangrejito barranque\u00f1o, es que llevar\u00e1n a las escuelas del municipio y a la sociedad en general esta revista digital, la cual por medio de las palabras del cronista Juan Jos\u00e9 Landa, da algunos antecedentes de Cuernavaca para continuar con la explicaci\u00f3n t\u00e9cnica de esta especie end\u00e9mica, describiendo desde su taxonom\u00eda, hasta sus caracter\u00edsticas, su madurez sexual y reproducci\u00f3n, su historia, as\u00ed como las condiciones ambientales en las que vive para concluir con la leyenda de los guerreros Tlahuicas.<br>\u201cPor indicaciones de nuestro presidente seguimos trabajando fuerte por el rescate de nuestras barrancas, seguimos limpiando el cauce de las barrancas en donde habita el cangrejito barranque\u00f1o y esta revista nos va a permitir, mediante el programa de Educaci\u00f3n Ambiental que maneja la Fiscal\u00eda Ambiental, llevar toda la informaci\u00f3n necesaria para su cuidado a las escuelas y entre la ciudadan\u00eda en general\u201d, afirm\u00f3 Rodr\u00edguez San Ciprian, quien fue de los redescubridores del cangrejito barranque\u00f1o.<\/p>\n\n\n\n<p>En tanto, el secretario de Desarrollo Sustentable y Servicios P\u00fablicos, Israel Albavera V\u00e1zquez, subray\u00f3 que desde la dependencia a su cargo no solo est\u00e1n preocupados por dar los servicios p\u00fablicos de calidad, sino tambi\u00e9n por el tema sustentable y el cuidado del medio ambiente, por lo cual esta revista es un segundo paso en cuanto a publicaciones que son trascendentales para la forma de vivir en el municipio, ya que recientemente dieron a conocer el proyecto del manual para el arbolado de Cuernavaca \u201cCiudad que renace\u201d, que define los procesos para su protecci\u00f3n, labores de mantenimiento para su conservaci\u00f3n y el registro de especies arb\u00f3reas, sumando en cada aspecto la participaci\u00f3n ciudadana.<\/p>\n\n\n\n<p>La revista digital &#8220;La Leyenda de Tlahui, El Cangrejito Barranque\u00f1o\u201d, estar\u00e1 publicada en la p\u00e1gina oficial del Municipio de Cuernavaca, as\u00ed como en las redes sociales de la Secretar\u00eda de Desarrollo y Servicios P\u00fablicos de Cuernavaca.<\/p>\n\n\n\n<figure class=\"wp-container-2 wp-block-gallery-1 wp-block-gallery has-nested-images columns-default is-cropped\">\n<figure class=\"wp-block-image size-large\"><img loading=\"lazy\" width=\"1024\" height=\"683\" data-id=\"29402\"  src=\"https:\/\/cuernavaca.gob.mx\/wp-content\/uploads\/2023\/06\/revista-digital-22La-Leyenda-de-Tlahui-El-Cangrejito-Barranquen\u0303o-1-1024x683.jpg\" alt=\"\" class=\"wp-image-29402\" srcset=\"https:\/\/cuernavaca.gob.mx\/wp-content\/uploads\/2023\/06\/revista-digital-22La-Leyenda-de-Tlahui-El-Cangrejito-Barranquen\u0303o-1-1024x683.jpg 1024w, https:\/\/cuernavaca.gob.mx\/wp-content\/uploads\/2023\/06\/revista-digital-22La-Leyenda-de-Tlahui-El-Cangrejito-Barranquen\u0303o-1-300x200.jpg 300w, https:\/\/cuernavaca.gob.mx\/wp-content\/uploads\/2023\/06\/revista-digital-22La-Leyenda-de-Tlahui-El-Cangrejito-Barranquen\u0303o-1-768x512.jpg 768w, https:\/\/cuernavaca.gob.mx\/wp-content\/uploads\/2023\/06\/revista-digital-22La-Leyenda-de-Tlahui-El-Cangrejito-Barranquen\u0303o-1-1536x1024.jpg 1536w, https:\/\/cuernavaca.gob.mx\/wp-content\/uploads\/2023\/06\/revista-digital-22La-Leyenda-de-Tlahui-El-Cangrejito-Barranquen\u0303o-1-600x400.jpg 600w, https:\/\/cuernavaca.gob.mx\/wp-content\/uploads\/2023\/06\/revista-digital-22La-Leyenda-de-Tlahui-El-Cangrejito-Barranquen\u0303o-1-560x373.jpg 560w, https:\/\/cuernavaca.gob.mx\/wp-content\/uploads\/2023\/06\/revista-digital-22La-Leyenda-de-Tlahui-El-Cangrejito-Barranquen\u0303o-1.jpg 1599w\" sizes=\"(max-width: 1024px) 100vw, 1024px\" \/><\/figure>\n\n\n\n<figure class=\"wp-block-image size-large\"><img loading=\"lazy\" width=\"1024\" height=\"683\" data-id=\"29401\"  src=\"https:\/\/cuernavaca.gob.mx\/wp-content\/uploads\/2023\/06\/revista-digital-22La-Leyenda-de-Tlahui-El-Cangrejito-Barranquen\u0303o-2-1024x683.jpg\" alt=\"\" class=\"wp-image-29401\" srcset=\"https:\/\/cuernavaca.gob.mx\/wp-content\/uploads\/2023\/06\/revista-digital-22La-Leyenda-de-Tlahui-El-Cangrejito-Barranquen\u0303o-2-1024x683.jpg 1024w, https:\/\/cuernavaca.gob.mx\/wp-content\/uploads\/2023\/06\/revista-digital-22La-Leyenda-de-Tlahui-El-Cangrejito-Barranquen\u0303o-2-300x200.jpg 300w, https:\/\/cuernavaca.gob.mx\/wp-content\/uploads\/2023\/06\/revista-digital-22La-Leyenda-de-Tlahui-El-Cangrejito-Barranquen\u0303o-2-768x512.jpg 768w, https:\/\/cuernavaca.gob.mx\/wp-content\/uploads\/2023\/06\/revista-digital-22La-Leyenda-de-Tlahui-El-Cangrejito-Barranquen\u0303o-2-1536x1024.jpg 1536w, https:\/\/cuernavaca.gob.mx\/wp-content\/uploads\/2023\/06\/revista-digital-22La-Leyenda-de-Tlahui-El-Cangrejito-Barranquen\u0303o-2-600x400.jpg 600w, https:\/\/cuernavaca.gob.mx\/wp-content\/uploads\/2023\/06\/revista-digital-22La-Leyenda-de-Tlahui-El-Cangrejito-Barranquen\u0303o-2-560x373.jpg 560w, https:\/\/cuernavaca.gob.mx\/wp-content\/uploads\/2023\/06\/revista-digital-22La-Leyenda-de-Tlahui-El-Cangrejito-Barranquen\u0303o-2.jpg 1599w\" sizes=\"(max-width: 1024px) 100vw, 1024px\" \/><\/figure>\n<\/figure>\n","protected":false},"excerpt":{"rendered":"<p>\u2022 Como un trabajo de educaci\u00f3n ambiental, la Secretar\u00eda de Desarrollo Sustentable y Servicios P\u00fablicos, present\u00f3 este jueves la revista digital &#8220;La Leyenda de Tlahui, El Cangrejito Barranque\u00f1o\u201d \u2022 Est\u00e1 integrada por la historia de esta especie end\u00e9mica y en peligro de extinci\u00f3n, describiendo desde su taxonom\u00eda, hasta sus caracter\u00edsticas, su madurez sexual y reproducci\u00f3n [&hellip;]<\/p>\n","protected":false},"author":1,"featured_media":29401,"comment_status":"closed","ping_status":"open","sticky":false,"template":"","format":"standard","meta":[],"categories":[2271],"tags":[3121,121,302,3124,3122,1862,120,422,206,3123],"aioseo_notices":[],"_links":{"self":[{"href":"https:\/\/cuernavaca.gob.mx\/index.php?rest_route=\/wp\/v2\/posts\/29400"}],"collection":[{"href":"https:\/\/cuernavaca.gob.mx\/index.php?rest_route=\/wp\/v2\/posts"}],"about":[{"href":"https:\/\/cuernavaca.gob.mx\/index.php?rest_route=\/wp\/v2\/types\/post"}],"author":[{"embeddable":true,"href":"https:\/\/cuernavaca.gob.mx\/index.php?rest_route=\/wp\/v2\/users\/1"}],"replies":[{"embeddable":true,"href":"https:\/\/cuernavaca.gob.mx\/index.php?rest_route=%2Fwp%2Fv2%2Fcomments&post=29400"}],"version-history":[{"count":1,"href":"https:\/\/cuernavaca.gob.mx\/index.php?rest_route=\/wp\/v2\/posts\/29400\/revisions"}],"predecessor-version":[{"id":29403,"href":"https:\/\/cuernavaca.gob.mx\/index.php?rest_route=\/wp\/v2\/posts\/29400\/revisions\/29403"}],"wp:featuredmedia":[{"embeddable":true,"href":"https:\/\/cuernavaca.gob.mx\/index.php?rest_route=\/wp\/v2\/media\/29401"}],"wp:attachment":[{"href":"https:\/\/cuernavaca.gob.mx\/index.php?rest_route=%2Fwp%2Fv2%2Fmedia&parent=29400"}],"wp:term":[{"taxonomy":"category","embeddable":true,"href":"https:\/\/cuernavaca.gob.mx\/index.php?rest_route=%2Fwp%2Fv2%2Fcategories&post=29400"},{"taxonomy":"post_tag","embeddable":true,"href":"https:\/\/cuernavaca.gob.mx\/index.php?rest_route=%2Fwp%2Fv2%2Ftags&post=29400"}],"curies":[{"name":"wp","href":"https:\/\/api.w.org\/{rel}","templated":true}]}}