{"id":29646,"date":"2023-06-23T16:10:44","date_gmt":"2023-06-23T22:10:44","guid":{"rendered":"https:\/\/cuernavaca.gob.mx\/?p=29646"},"modified":"2025-05-06T12:41:50","modified_gmt":"2025-05-06T18:41:50","slug":"b1073-23-06-23-mantiene-ayuntamiento-de-cuernavaca-revision-y-retiro-de-comerciantes-en-la-via-publica-si-no-acreditan-regularizacion","status":"publish","type":"post","link":"https:\/\/cuernavaca.gob.mx\/?p=29646","title":{"rendered":"B1073 23\/06\/23 MANTIENE AYUNTAMIENTO DE CUERNAVACA REVISI\u00d3N Y RETIRO DE COMERCIANTES EN LA V\u00cdA P\u00daBLICA SI NO ACREDITAN REGULARIZACI\u00d3N"},"content":{"rendered":"<p><strong>\u2022 A partir de esta semana la Secretar\u00eda del Ayuntamiento realiza la verificaci\u00f3n de quienes est\u00e1n debidamente registrados, para en caso contrario ser retirados<\/strong><\/p>\n<p><strong>\u2022 El secretario del Ayuntamiento, Carlos de la Rosa, inform\u00f3 que se han presentado cuatro denuncias por amenazas, agresiones y lo que resulte en contra de inspectores<\/strong><\/p>\n<p>Tras haber concluido la semana pasada el proceso que otorg\u00f3 el Cabildo de Cuernavaca para la regularizaci\u00f3n de comerciantes en la v\u00eda p\u00fablica con descuentos en sus refrendos de hasta un 95 por ciento, a partir de esta semana la Secretar\u00eda del Ayuntamiento comenz\u00f3 con la verificaci\u00f3n de quienes est\u00e1n debidamente registrados, para en caso contrario ser retirados conforme a lo acordado el a\u00f1o pasado con l\u00edderes y representantes de comerciantes ambulantes.<\/p>\n<p>El secretario del Ayuntamiento, Carlos de la Rosa Segura, indic\u00f3 que, si bien este est\u00edmulo se otorg\u00f3 desde el pasado mes de abril, a la fecha apenas y alcanzan a tener un registro de cerca de 600 comercios que regularizaron su situaci\u00f3n de un padr\u00f3n en archivos de aproximadamente mil 600 comerciantes ambulantes y semi fijos, por lo tanto, habr\u00e1n de retirar al resto de la v\u00eda p\u00fablica.<\/p>\n<p>Puntualiz\u00f3 que han dado cabal cumplimiento al procedimiento administrativo; sin embargo, se han encontrado con resistencias de algunos vendedores informales, quienes han llegado hasta agresiones contra personal de la Direcci\u00f3n de Verificaci\u00f3n Normativa, por lo que ahora estas revisiones se continuaran realizando con el acompa\u00f1amiento de elementos de la Secretar\u00eda de Protecci\u00f3n y Auxilio Ciudadano (SEPRAC) y han presentado cuatro denuncias por agresiones y amenazas en contra verificadores que ha sido amedrentados f\u00edsica y verbalmente por parte de algunos representantes de comerciantes en la v\u00eda p\u00fablica.<\/p>\n<p>&#8220;Lo que queremos evitar es una situaci\u00f3n de riesgo mayor y deben respetar los lineamientos autorizados por ley a los cuales se sujetan al tener una concesi\u00f3n en la v\u00eda p\u00fablica&#8221;, acentu\u00f3.<\/p>\n<p>De la Rosa Segura explic\u00f3 que las denuncias han sido por amenazas, agresiones y lo que resulte en contra del personal de Verificaci\u00f3n Normativa que continuar\u00e1 haciendo su trabajo conforme a la norma, a fin de ordenar y embellecer a la capital morelense.<\/p>\n<p><img loading=\"lazy\" class=\"alignnone size-medium wp-image-29647\" src=\"https:\/\/cuernavaca.gob.mx\/wp-content\/uploads\/2023\/06\/Carlos-de-la-Rosa-Secretario-Ayuntamiento-cuernavaca-300x200.jpg\" alt=\"\" width=\"300\" height=\"200\" srcset=\"https:\/\/cuernavaca.gob.mx\/wp-content\/uploads\/2023\/06\/Carlos-de-la-Rosa-Secretario-Ayuntamiento-cuernavaca-300x200.jpg 300w, https:\/\/cuernavaca.gob.mx\/wp-content\/uploads\/2023\/06\/Carlos-de-la-Rosa-Secretario-Ayuntamiento-cuernavaca-1024x682.jpg 1024w, https:\/\/cuernavaca.gob.mx\/wp-content\/uploads\/2023\/06\/Carlos-de-la-Rosa-Secretario-Ayuntamiento-cuernavaca-768x512.jpg 768w, https:\/\/cuernavaca.gob.mx\/wp-content\/uploads\/2023\/06\/Carlos-de-la-Rosa-Secretario-Ayuntamiento-cuernavaca-600x400.jpg 600w, https:\/\/cuernavaca.gob.mx\/wp-content\/uploads\/2023\/06\/Carlos-de-la-Rosa-Secretario-Ayuntamiento-cuernavaca-560x373.jpg 560w, https:\/\/cuernavaca.gob.mx\/wp-content\/uploads\/2023\/06\/Carlos-de-la-Rosa-Secretario-Ayuntamiento-cuernavaca.jpg 1280w\" sizes=\"(max-width: 300px) 100vw, 300px\" \/><\/p>\n","protected":false},"excerpt":{"rendered":"<p>\u2022 A partir de esta semana la Secretar\u00eda del Ayuntamiento realiza la verificaci\u00f3n de quienes est\u00e1n debidamente registrados, para en caso contrario ser retirados \u2022 El secretario del Ayuntamiento, Carlos de la Rosa, inform\u00f3 que se han presentado cuatro denuncias por amenazas, agresiones y lo que resulte en contra de inspectores Tras haber concluido la [&hellip;]<\/p>\n","protected":false},"author":1,"featured_media":29647,"comment_status":"closed","ping_status":"open","sticky":false,"template":"","format":"standard","meta":[],"categories":[20],"tags":[357,988,690,592,121,375,302,120,206,1258],"aioseo_notices":[],"_links":{"self":[{"href":"https:\/\/cuernavaca.gob.mx\/index.php?rest_route=\/wp\/v2\/posts\/29646"}],"collection":[{"href":"https:\/\/cuernavaca.gob.mx\/index.php?rest_route=\/wp\/v2\/posts"}],"about":[{"href":"https:\/\/cuernavaca.gob.mx\/index.php?rest_route=\/wp\/v2\/types\/post"}],"author":[{"embeddable":true,"href":"https:\/\/cuernavaca.gob.mx\/index.php?rest_route=\/wp\/v2\/users\/1"}],"replies":[{"embeddable":true,"href":"https:\/\/cuernavaca.gob.mx\/index.php?rest_route=%2Fwp%2Fv2%2Fcomments&post=29646"}],"version-history":[{"count":1,"href":"https:\/\/cuernavaca.gob.mx\/index.php?rest_route=\/wp\/v2\/posts\/29646\/revisions"}],"predecessor-version":[{"id":29648,"href":"https:\/\/cuernavaca.gob.mx\/index.php?rest_route=\/wp\/v2\/posts\/29646\/revisions\/29648"}],"wp:featuredmedia":[{"embeddable":true,"href":"https:\/\/cuernavaca.gob.mx\/index.php?rest_route=\/wp\/v2\/media\/29647"}],"wp:attachment":[{"href":"https:\/\/cuernavaca.gob.mx\/index.php?rest_route=%2Fwp%2Fv2%2Fmedia&parent=29646"}],"wp:term":[{"taxonomy":"category","embeddable":true,"href":"https:\/\/cuernavaca.gob.mx\/index.php?rest_route=%2Fwp%2Fv2%2Fcategories&post=29646"},{"taxonomy":"post_tag","embeddable":true,"href":"https:\/\/cuernavaca.gob.mx\/index.php?rest_route=%2Fwp%2Fv2%2Ftags&post=29646"}],"curies":[{"name":"wp","href":"https:\/\/api.w.org\/{rel}","templated":true}]}}