{"id":29649,"date":"2023-06-23T16:38:21","date_gmt":"2023-06-23T22:38:21","guid":{"rendered":"https:\/\/cuernavaca.gob.mx\/?p=29649"},"modified":"2025-05-06T12:41:50","modified_gmt":"2025-05-06T18:41:50","slug":"f447-23-06-23-invita-ayuntamiento-de-cuernavaca-al-foro-mitos-y-realidades-del-vitiligo-en-el-museo-de-la-ciudad","status":"publish","type":"post","link":"https:\/\/cuernavaca.gob.mx\/?p=29649","title":{"rendered":"F447 23\/06\/23 INVITA AYUNTAMIENTO DE CUERNAVACA AL FORO \u201cMITOS Y REALIDADES DEL VIT\u00cdLIGO\u201d EN EL MUSEO DE LA CIUDAD"},"content":{"rendered":"<p>La regidora del Ayuntamiento de Cuernavaca, Wendi Salinas Ruiz invit\u00f3 a la poblaci\u00f3n en general a asistir este lunes 26 de junio al Foro \u201cMitos y Realidades del Vit\u00edligo\u201d, que se llevar\u00e1 a cabo a las 09:00 horas en el Museo de la Ciudad de Cuernavaca, con la finalidad de desmentir los mitos que rodean a esta enfermedad autoinmune en la piel, proporcionando informaci\u00f3n m\u00e9dica para erradicar la discriminaci\u00f3n que afecta a quienes viven con esta condici\u00f3n en el municipio.<\/p>\n<p>En el marco de la sesi\u00f3n de Cabildo Abierto, explic\u00f3 que esta acci\u00f3n emana de un acuerdo de Cabildo, el cual se est\u00e1 trabajando a trav\u00e9s de la Direcci\u00f3n de Salud de la Secretar\u00eda de Desarrollo Humano y Participaci\u00f3n Social para construir entre todas y todos un Cuernavaca m\u00e1s justo, equitativo, inclusivo e informado, puesto que la discriminaci\u00f3n y bullying que llegan a padecer las personas con vit\u00edligo es derivado de desconocimiento y mitos entre la sociedad, al creer que es contagioso o infeccioso.<\/p>\n<p>Solicit\u00f3 al presidente municipal, Jos\u00e9 Luis Uri\u00f3stegui, dar facilidades a las y los servidores p\u00fablicos que padecen esta enfermedad la posibilidad de asistir si as\u00ed lo desean sin tener alg\u00fan problema en las \u00e1reas administrativas y operativas donde se desempe\u00f1an, siendo informaci\u00f3n relevante al no solo atender el eje transversal de erradicar las violencias, sino tambi\u00e9n que con informaci\u00f3n a trav\u00e9s de expertas y expertos puedan encontrar atenci\u00f3n en materia de salud mental que el Gobierno Municipal ha estado impulsando desde la Secretar\u00eda de Desarrollo Humano y Participaci\u00f3n Social.<\/p>\n<p><img loading=\"lazy\" class=\"alignnone size-medium wp-image-29650\" src=\"https:\/\/cuernavaca.gob.mx\/wp-content\/uploads\/2023\/06\/Foro-Mitos-y-Realidades-del-Viti\u0301ligo-300x300.jpg\" alt=\"\" width=\"300\" height=\"300\" srcset=\"https:\/\/cuernavaca.gob.mx\/wp-content\/uploads\/2023\/06\/Foro-Mitos-y-Realidades-del-Viti\u0301ligo-300x300.jpg 300w, https:\/\/cuernavaca.gob.mx\/wp-content\/uploads\/2023\/06\/Foro-Mitos-y-Realidades-del-Viti\u0301ligo-1024x1024.jpg 1024w, https:\/\/cuernavaca.gob.mx\/wp-content\/uploads\/2023\/06\/Foro-Mitos-y-Realidades-del-Viti\u0301ligo-150x150.jpg 150w, https:\/\/cuernavaca.gob.mx\/wp-content\/uploads\/2023\/06\/Foro-Mitos-y-Realidades-del-Viti\u0301ligo-768x768.jpg 768w, https:\/\/cuernavaca.gob.mx\/wp-content\/uploads\/2023\/06\/Foro-Mitos-y-Realidades-del-Viti\u0301ligo-1536x1536.jpg 1536w, https:\/\/cuernavaca.gob.mx\/wp-content\/uploads\/2023\/06\/Foro-Mitos-y-Realidades-del-Viti\u0301ligo-600x600.jpg 600w, https:\/\/cuernavaca.gob.mx\/wp-content\/uploads\/2023\/06\/Foro-Mitos-y-Realidades-del-Viti\u0301ligo-560x560.jpg 560w, https:\/\/cuernavaca.gob.mx\/wp-content\/uploads\/2023\/06\/Foro-Mitos-y-Realidades-del-Viti\u0301ligo.jpg 1600w\" sizes=\"(max-width: 300px) 100vw, 300px\" \/><\/p>\n","protected":false},"excerpt":{"rendered":"<p>La regidora del Ayuntamiento de Cuernavaca, Wendi Salinas Ruiz invit\u00f3 a la poblaci\u00f3n en general a asistir este lunes 26 de junio al Foro \u201cMitos y Realidades del Vit\u00edligo\u201d, que se llevar\u00e1 a cabo a las 09:00 horas en el Museo de la Ciudad de Cuernavaca, con la finalidad de desmentir los mitos que rodean [&hellip;]<\/p>\n","protected":false},"author":1,"featured_media":29650,"comment_status":"closed","ping_status":"open","sticky":false,"template":"","format":"standard","meta":[],"categories":[899],"tags":[2500,158,121,222,120,206,154,378,3109],"aioseo_notices":[],"_links":{"self":[{"href":"https:\/\/cuernavaca.gob.mx\/index.php?rest_route=\/wp\/v2\/posts\/29649"}],"collection":[{"href":"https:\/\/cuernavaca.gob.mx\/index.php?rest_route=\/wp\/v2\/posts"}],"about":[{"href":"https:\/\/cuernavaca.gob.mx\/index.php?rest_route=\/wp\/v2\/types\/post"}],"author":[{"embeddable":true,"href":"https:\/\/cuernavaca.gob.mx\/index.php?rest_route=\/wp\/v2\/users\/1"}],"replies":[{"embeddable":true,"href":"https:\/\/cuernavaca.gob.mx\/index.php?rest_route=%2Fwp%2Fv2%2Fcomments&post=29649"}],"version-history":[{"count":1,"href":"https:\/\/cuernavaca.gob.mx\/index.php?rest_route=\/wp\/v2\/posts\/29649\/revisions"}],"predecessor-version":[{"id":29651,"href":"https:\/\/cuernavaca.gob.mx\/index.php?rest_route=\/wp\/v2\/posts\/29649\/revisions\/29651"}],"wp:featuredmedia":[{"embeddable":true,"href":"https:\/\/cuernavaca.gob.mx\/index.php?rest_route=\/wp\/v2\/media\/29650"}],"wp:attachment":[{"href":"https:\/\/cuernavaca.gob.mx\/index.php?rest_route=%2Fwp%2Fv2%2Fmedia&parent=29649"}],"wp:term":[{"taxonomy":"category","embeddable":true,"href":"https:\/\/cuernavaca.gob.mx\/index.php?rest_route=%2Fwp%2Fv2%2Fcategories&post=29649"},{"taxonomy":"post_tag","embeddable":true,"href":"https:\/\/cuernavaca.gob.mx\/index.php?rest_route=%2Fwp%2Fv2%2Ftags&post=29649"}],"curies":[{"name":"wp","href":"https:\/\/api.w.org\/{rel}","templated":true}]}}