{"id":29690,"date":"2023-06-25T16:00:26","date_gmt":"2023-06-25T22:00:26","guid":{"rendered":"https:\/\/cuernavaca.gob.mx\/?p=29690"},"modified":"2025-05-06T12:41:48","modified_gmt":"2025-05-06T18:41:48","slug":"b1078-25-06-23-entrega-ayuntamiento-de-cuernavaca-primera-placa-del-programa-empresa-segura","status":"publish","type":"post","link":"https:\/\/cuernavaca.gob.mx\/?p=29690","title":{"rendered":"B1078 25\/06\/23 ENTREGA AYUNTAMIENTO DE CUERNAVACA PRIMERA PLACA DEL PROGRAMA &#8220;EMPRESA SEGURA&#8221;"},"content":{"rendered":"<p><strong>* El programa es impulsado por el Secretariado Ejecutivo de Seguridad P\u00fablica Municipal y consta 10 capacitaciones en distintos rubros<\/strong><\/p>\n<p>Para seguir construyendo espacios m\u00e1s seguros en Cuernavaca, el presidente municipal, Jos\u00e9 Luis Uri\u00f3stegui Salgado, hizo entrega de la primera placa del programa &#8220;Empresa Segura&#8221; a CYBERPEACE, quien complet\u00f3 10 capacitaciones en distintos rubros, a fin de minimizar riesgos y vulnerabilidades, no solo a su interior, sino tambi\u00e9n en el entorno personal de sus trabajadores.<\/p>\n<p>Este programa est\u00e1 a cargo del Secretariado Ejecutivo del Consejo Municipal de Seguridad P\u00fablica, el cual con apoyo de distintas dependencias municipales y de seguridad en el estado llev\u00f3 a cabo las capacitaciones que se constituyen de una l\u00ednea federal, desde uso adecuado de n\u00fameros de emergencia, hasta prevenci\u00f3n de la extorsi\u00f3n telef\u00f3nica, medidas fundamentales de prevenci\u00f3n y autoprotecci\u00f3n.<\/p>\n<p>Asimismo, en identificaci\u00f3n de billetes ap\u00f3crifos, acoso laboral (mobbing), educaci\u00f3n vial, tipos y modalidad de violencia de g\u00e9nero, delitos cibern\u00e9ticos, primeros auxilios y que hacer en caso de emergencia, contando con el respaldo del Instituto de la Mujer de Cuernavaca (IMC), de la Secretar\u00eda de Protecci\u00f3n y Auxilio Ciudadano (SEPRAC), Polic\u00eda Vial, Protecci\u00f3n Civil de Cuernavaca y de la Comisi\u00f3n Estatal de Seguridad P\u00fablica.<\/p>\n<p>Al respecto, el alcalde Jos\u00e9 Luis Uri\u00f3stegui, confirm\u00f3 que este tipo de empresas donde las personas deciden prepararse y proveer a su propia seguridad y a la seguridad de su entorno ayudan mucho al municipio, en especial una empresa c\u00f3mo CYBERPEACE de trascendencia internacional que decide dedicar tiempo a la capacitaci\u00f3n de su personal, permitiendo a las instituciones de su municipio y del estado les ayuden para brindar mejores servicios y volverse una empresa segura.<\/p>\n<p>&#8220;Reciban una felicitaci\u00f3n y un reconocimiento porque adem\u00e1s son la primera empresa que tiene este distintivo de &#8220;Empresa Segura&#8221; y quienes participaron en los cursos implica su alto compromiso con sus clientes, con ustedes mismos y sus colaboradores para mejorar d\u00eda a d\u00eda. Este es un objetivo que todos nos deber\u00edamos plantear y que ustedes est\u00e1n alcanzando&#8221;, acot\u00f3.<\/p>\n<p>En el evento se cont\u00f3 con la presencia del secretario ejecutivo del Consejo Municipal de Seguridad P\u00fablica, Marco Olvera Benedicto, quien encabez\u00f3 el proyecto; la directora general del Instituto de la Mujer de Cuernavaca (IMC), Lorena Castillo Castillo; el comandante Nicol\u00e1s Montes Chaparro, en representaci\u00f3n de la titular de la Secretar\u00eda de Protecci\u00f3n y Auxilio Ciudadano (SEPRAC), Alicia V\u00e1zquez Luna, as\u00ed como representantes de la Comisi\u00f3n Estatal de Seguridad P\u00fablica y servidores p\u00fablicos del Secretariado Ejecutivo de Seguridad de Cuernavaca.<\/p>\n<p><img loading=\"lazy\" class=\"alignnone size-medium wp-image-29691\" src=\"https:\/\/cuernavaca.gob.mx\/wp-content\/uploads\/2023\/06\/programa-Empresa-Segura-Cuernavaca-1-300x200.jpeg\" alt=\"\" width=\"300\" height=\"200\" srcset=\"https:\/\/cuernavaca.gob.mx\/wp-content\/uploads\/2023\/06\/programa-Empresa-Segura-Cuernavaca-1-300x200.jpeg 300w, https:\/\/cuernavaca.gob.mx\/wp-content\/uploads\/2023\/06\/programa-Empresa-Segura-Cuernavaca-1-1024x683.jpeg 1024w, https:\/\/cuernavaca.gob.mx\/wp-content\/uploads\/2023\/06\/programa-Empresa-Segura-Cuernavaca-1-768x512.jpeg 768w, https:\/\/cuernavaca.gob.mx\/wp-content\/uploads\/2023\/06\/programa-Empresa-Segura-Cuernavaca-1-1536x1024.jpeg 1536w, https:\/\/cuernavaca.gob.mx\/wp-content\/uploads\/2023\/06\/programa-Empresa-Segura-Cuernavaca-1-600x400.jpeg 600w, https:\/\/cuernavaca.gob.mx\/wp-content\/uploads\/2023\/06\/programa-Empresa-Segura-Cuernavaca-1-560x373.jpeg 560w, https:\/\/cuernavaca.gob.mx\/wp-content\/uploads\/2023\/06\/programa-Empresa-Segura-Cuernavaca-1.jpeg 1599w\" sizes=\"(max-width: 300px) 100vw, 300px\" \/> <img loading=\"lazy\" class=\"alignnone size-medium wp-image-29692\" src=\"https:\/\/cuernavaca.gob.mx\/wp-content\/uploads\/2023\/06\/programa-Empresa-Segura-Cuernavaca-2-300x200.jpeg\" alt=\"\" width=\"300\" height=\"200\" srcset=\"https:\/\/cuernavaca.gob.mx\/wp-content\/uploads\/2023\/06\/programa-Empresa-Segura-Cuernavaca-2-300x200.jpeg 300w, https:\/\/cuernavaca.gob.mx\/wp-content\/uploads\/2023\/06\/programa-Empresa-Segura-Cuernavaca-2-1024x683.jpeg 1024w, https:\/\/cuernavaca.gob.mx\/wp-content\/uploads\/2023\/06\/programa-Empresa-Segura-Cuernavaca-2-768x512.jpeg 768w, https:\/\/cuernavaca.gob.mx\/wp-content\/uploads\/2023\/06\/programa-Empresa-Segura-Cuernavaca-2-1536x1024.jpeg 1536w, https:\/\/cuernavaca.gob.mx\/wp-content\/uploads\/2023\/06\/programa-Empresa-Segura-Cuernavaca-2-600x400.jpeg 600w, https:\/\/cuernavaca.gob.mx\/wp-content\/uploads\/2023\/06\/programa-Empresa-Segura-Cuernavaca-2-560x373.jpeg 560w, https:\/\/cuernavaca.gob.mx\/wp-content\/uploads\/2023\/06\/programa-Empresa-Segura-Cuernavaca-2.jpeg 1599w\" sizes=\"(max-width: 300px) 100vw, 300px\" \/> <img loading=\"lazy\" class=\"alignnone size-medium wp-image-29693\" src=\"https:\/\/cuernavaca.gob.mx\/wp-content\/uploads\/2023\/06\/programa-Empresa-Segura-Cuernavaca-3-300x200.jpeg\" alt=\"\" width=\"300\" height=\"200\" srcset=\"https:\/\/cuernavaca.gob.mx\/wp-content\/uploads\/2023\/06\/programa-Empresa-Segura-Cuernavaca-3-300x200.jpeg 300w, https:\/\/cuernavaca.gob.mx\/wp-content\/uploads\/2023\/06\/programa-Empresa-Segura-Cuernavaca-3-1024x683.jpeg 1024w, https:\/\/cuernavaca.gob.mx\/wp-content\/uploads\/2023\/06\/programa-Empresa-Segura-Cuernavaca-3-768x512.jpeg 768w, https:\/\/cuernavaca.gob.mx\/wp-content\/uploads\/2023\/06\/programa-Empresa-Segura-Cuernavaca-3-1536x1024.jpeg 1536w, https:\/\/cuernavaca.gob.mx\/wp-content\/uploads\/2023\/06\/programa-Empresa-Segura-Cuernavaca-3-600x400.jpeg 600w, https:\/\/cuernavaca.gob.mx\/wp-content\/uploads\/2023\/06\/programa-Empresa-Segura-Cuernavaca-3-560x373.jpeg 560w, https:\/\/cuernavaca.gob.mx\/wp-content\/uploads\/2023\/06\/programa-Empresa-Segura-Cuernavaca-3.jpeg 1599w\" sizes=\"(max-width: 300px) 100vw, 300px\" \/> <img loading=\"lazy\" class=\"alignnone size-medium wp-image-29694\" src=\"https:\/\/cuernavaca.gob.mx\/wp-content\/uploads\/2023\/06\/programa-Empresa-Segura-Cuernavaca-4-300x200.jpeg\" alt=\"\" width=\"300\" height=\"200\" srcset=\"https:\/\/cuernavaca.gob.mx\/wp-content\/uploads\/2023\/06\/programa-Empresa-Segura-Cuernavaca-4-300x200.jpeg 300w, https:\/\/cuernavaca.gob.mx\/wp-content\/uploads\/2023\/06\/programa-Empresa-Segura-Cuernavaca-4-1024x683.jpeg 1024w, https:\/\/cuernavaca.gob.mx\/wp-content\/uploads\/2023\/06\/programa-Empresa-Segura-Cuernavaca-4-768x512.jpeg 768w, https:\/\/cuernavaca.gob.mx\/wp-content\/uploads\/2023\/06\/programa-Empresa-Segura-Cuernavaca-4-1536x1024.jpeg 1536w, https:\/\/cuernavaca.gob.mx\/wp-content\/uploads\/2023\/06\/programa-Empresa-Segura-Cuernavaca-4-600x400.jpeg 600w, https:\/\/cuernavaca.gob.mx\/wp-content\/uploads\/2023\/06\/programa-Empresa-Segura-Cuernavaca-4-560x373.jpeg 560w, https:\/\/cuernavaca.gob.mx\/wp-content\/uploads\/2023\/06\/programa-Empresa-Segura-Cuernavaca-4.jpeg 1599w\" sizes=\"(max-width: 300px) 100vw, 300px\" \/> <img loading=\"lazy\" class=\"alignnone size-medium wp-image-29695\" src=\"https:\/\/cuernavaca.gob.mx\/wp-content\/uploads\/2023\/06\/programa-Empresa-Segura-Cuernavaca-5-300x200.jpeg\" alt=\"\" width=\"300\" height=\"200\" srcset=\"https:\/\/cuernavaca.gob.mx\/wp-content\/uploads\/2023\/06\/programa-Empresa-Segura-Cuernavaca-5-300x200.jpeg 300w, https:\/\/cuernavaca.gob.mx\/wp-content\/uploads\/2023\/06\/programa-Empresa-Segura-Cuernavaca-5-1024x683.jpeg 1024w, https:\/\/cuernavaca.gob.mx\/wp-content\/uploads\/2023\/06\/programa-Empresa-Segura-Cuernavaca-5-768x512.jpeg 768w, https:\/\/cuernavaca.gob.mx\/wp-content\/uploads\/2023\/06\/programa-Empresa-Segura-Cuernavaca-5-1536x1024.jpeg 1536w, https:\/\/cuernavaca.gob.mx\/wp-content\/uploads\/2023\/06\/programa-Empresa-Segura-Cuernavaca-5-600x400.jpeg 600w, https:\/\/cuernavaca.gob.mx\/wp-content\/uploads\/2023\/06\/programa-Empresa-Segura-Cuernavaca-5-560x373.jpeg 560w, https:\/\/cuernavaca.gob.mx\/wp-content\/uploads\/2023\/06\/programa-Empresa-Segura-Cuernavaca-5.jpeg 1599w\" sizes=\"(max-width: 300px) 100vw, 300px\" \/> <img loading=\"lazy\" class=\"alignnone size-medium wp-image-29696\" src=\"https:\/\/cuernavaca.gob.mx\/wp-content\/uploads\/2023\/06\/programa-Empresa-Segura-Cuernavaca-6-300x200.jpeg\" alt=\"\" width=\"300\" height=\"200\" srcset=\"https:\/\/cuernavaca.gob.mx\/wp-content\/uploads\/2023\/06\/programa-Empresa-Segura-Cuernavaca-6-300x200.jpeg 300w, https:\/\/cuernavaca.gob.mx\/wp-content\/uploads\/2023\/06\/programa-Empresa-Segura-Cuernavaca-6-1024x683.jpeg 1024w, https:\/\/cuernavaca.gob.mx\/wp-content\/uploads\/2023\/06\/programa-Empresa-Segura-Cuernavaca-6-768x512.jpeg 768w, https:\/\/cuernavaca.gob.mx\/wp-content\/uploads\/2023\/06\/programa-Empresa-Segura-Cuernavaca-6-1536x1024.jpeg 1536w, https:\/\/cuernavaca.gob.mx\/wp-content\/uploads\/2023\/06\/programa-Empresa-Segura-Cuernavaca-6-600x400.jpeg 600w, https:\/\/cuernavaca.gob.mx\/wp-content\/uploads\/2023\/06\/programa-Empresa-Segura-Cuernavaca-6-560x373.jpeg 560w, https:\/\/cuernavaca.gob.mx\/wp-content\/uploads\/2023\/06\/programa-Empresa-Segura-Cuernavaca-6.jpeg 1599w\" sizes=\"(max-width: 300px) 100vw, 300px\" \/> <img loading=\"lazy\" class=\"alignnone size-medium wp-image-29697\" src=\"https:\/\/cuernavaca.gob.mx\/wp-content\/uploads\/2023\/06\/programa-Empresa-Segura-Cuernavaca-7-300x200.jpeg\" alt=\"\" width=\"300\" height=\"200\" srcset=\"https:\/\/cuernavaca.gob.mx\/wp-content\/uploads\/2023\/06\/programa-Empresa-Segura-Cuernavaca-7-300x200.jpeg 300w, https:\/\/cuernavaca.gob.mx\/wp-content\/uploads\/2023\/06\/programa-Empresa-Segura-Cuernavaca-7-1024x683.jpeg 1024w, https:\/\/cuernavaca.gob.mx\/wp-content\/uploads\/2023\/06\/programa-Empresa-Segura-Cuernavaca-7-768x512.jpeg 768w, https:\/\/cuernavaca.gob.mx\/wp-content\/uploads\/2023\/06\/programa-Empresa-Segura-Cuernavaca-7-1536x1024.jpeg 1536w, https:\/\/cuernavaca.gob.mx\/wp-content\/uploads\/2023\/06\/programa-Empresa-Segura-Cuernavaca-7-600x400.jpeg 600w, https:\/\/cuernavaca.gob.mx\/wp-content\/uploads\/2023\/06\/programa-Empresa-Segura-Cuernavaca-7-560x373.jpeg 560w, https:\/\/cuernavaca.gob.mx\/wp-content\/uploads\/2023\/06\/programa-Empresa-Segura-Cuernavaca-7.jpeg 1599w\" sizes=\"(max-width: 300px) 100vw, 300px\" \/> <img loading=\"lazy\" class=\"alignnone size-medium wp-image-29698\" src=\"https:\/\/cuernavaca.gob.mx\/wp-content\/uploads\/2023\/06\/programa-Empresa-Segura-Cuernavaca-8-300x200.jpeg\" alt=\"\" width=\"300\" height=\"200\" srcset=\"https:\/\/cuernavaca.gob.mx\/wp-content\/uploads\/2023\/06\/programa-Empresa-Segura-Cuernavaca-8-300x200.jpeg 300w, https:\/\/cuernavaca.gob.mx\/wp-content\/uploads\/2023\/06\/programa-Empresa-Segura-Cuernavaca-8-1024x683.jpeg 1024w, https:\/\/cuernavaca.gob.mx\/wp-content\/uploads\/2023\/06\/programa-Empresa-Segura-Cuernavaca-8-768x512.jpeg 768w, https:\/\/cuernavaca.gob.mx\/wp-content\/uploads\/2023\/06\/programa-Empresa-Segura-Cuernavaca-8-1536x1024.jpeg 1536w, https:\/\/cuernavaca.gob.mx\/wp-content\/uploads\/2023\/06\/programa-Empresa-Segura-Cuernavaca-8-600x400.jpeg 600w, https:\/\/cuernavaca.gob.mx\/wp-content\/uploads\/2023\/06\/programa-Empresa-Segura-Cuernavaca-8-560x373.jpeg 560w, https:\/\/cuernavaca.gob.mx\/wp-content\/uploads\/2023\/06\/programa-Empresa-Segura-Cuernavaca-8.jpeg 1599w\" sizes=\"(max-width: 300px) 100vw, 300px\" \/> <img loading=\"lazy\" class=\"alignnone size-medium wp-image-29699\" src=\"https:\/\/cuernavaca.gob.mx\/wp-content\/uploads\/2023\/06\/programa-Empresa-Segura-Cuernavaca-9-300x200.jpeg\" alt=\"\" width=\"300\" height=\"200\" srcset=\"https:\/\/cuernavaca.gob.mx\/wp-content\/uploads\/2023\/06\/programa-Empresa-Segura-Cuernavaca-9-300x200.jpeg 300w, https:\/\/cuernavaca.gob.mx\/wp-content\/uploads\/2023\/06\/programa-Empresa-Segura-Cuernavaca-9-1024x683.jpeg 1024w, https:\/\/cuernavaca.gob.mx\/wp-content\/uploads\/2023\/06\/programa-Empresa-Segura-Cuernavaca-9-768x512.jpeg 768w, https:\/\/cuernavaca.gob.mx\/wp-content\/uploads\/2023\/06\/programa-Empresa-Segura-Cuernavaca-9-1536x1024.jpeg 1536w, https:\/\/cuernavaca.gob.mx\/wp-content\/uploads\/2023\/06\/programa-Empresa-Segura-Cuernavaca-9-600x400.jpeg 600w, https:\/\/cuernavaca.gob.mx\/wp-content\/uploads\/2023\/06\/programa-Empresa-Segura-Cuernavaca-9-560x373.jpeg 560w, https:\/\/cuernavaca.gob.mx\/wp-content\/uploads\/2023\/06\/programa-Empresa-Segura-Cuernavaca-9.jpeg 1599w\" sizes=\"(max-width: 300px) 100vw, 300px\" \/> <img loading=\"lazy\" class=\"alignnone size-medium wp-image-29700\" src=\"https:\/\/cuernavaca.gob.mx\/wp-content\/uploads\/2023\/06\/programa-Empresa-Segura-Cuernavaca-10-300x200.jpeg\" alt=\"\" width=\"300\" height=\"200\" srcset=\"https:\/\/cuernavaca.gob.mx\/wp-content\/uploads\/2023\/06\/programa-Empresa-Segura-Cuernavaca-10-300x200.jpeg 300w, https:\/\/cuernavaca.gob.mx\/wp-content\/uploads\/2023\/06\/programa-Empresa-Segura-Cuernavaca-10-1024x683.jpeg 1024w, https:\/\/cuernavaca.gob.mx\/wp-content\/uploads\/2023\/06\/programa-Empresa-Segura-Cuernavaca-10-768x512.jpeg 768w, https:\/\/cuernavaca.gob.mx\/wp-content\/uploads\/2023\/06\/programa-Empresa-Segura-Cuernavaca-10-1536x1024.jpeg 1536w, https:\/\/cuernavaca.gob.mx\/wp-content\/uploads\/2023\/06\/programa-Empresa-Segura-Cuernavaca-10-600x400.jpeg 600w, https:\/\/cuernavaca.gob.mx\/wp-content\/uploads\/2023\/06\/programa-Empresa-Segura-Cuernavaca-10-560x373.jpeg 560w, https:\/\/cuernavaca.gob.mx\/wp-content\/uploads\/2023\/06\/programa-Empresa-Segura-Cuernavaca-10.jpeg 1599w\" sizes=\"(max-width: 300px) 100vw, 300px\" \/><\/p>\n","protected":false},"excerpt":{"rendered":"<p>* El programa es impulsado por el Secretariado Ejecutivo de Seguridad P\u00fablica Municipal y consta 10 capacitaciones en distintos rubros Para seguir construyendo espacios m\u00e1s seguros en Cuernavaca, el presidente municipal, Jos\u00e9 Luis Uri\u00f3stegui Salgado, hizo entrega de la primera placa del programa &#8220;Empresa Segura&#8221; a CYBERPEACE, quien complet\u00f3 10 capacitaciones en distintos rubros, a [&hellip;]<\/p>\n","protected":false},"author":1,"featured_media":29693,"comment_status":"closed","ping_status":"open","sticky":false,"template":"","format":"standard","meta":[],"categories":[17],"tags":[2500,121,3156,206,2501,125],"aioseo_notices":[],"_links":{"self":[{"href":"https:\/\/cuernavaca.gob.mx\/index.php?rest_route=\/wp\/v2\/posts\/29690"}],"collection":[{"href":"https:\/\/cuernavaca.gob.mx\/index.php?rest_route=\/wp\/v2\/posts"}],"about":[{"href":"https:\/\/cuernavaca.gob.mx\/index.php?rest_route=\/wp\/v2\/types\/post"}],"author":[{"embeddable":true,"href":"https:\/\/cuernavaca.gob.mx\/index.php?rest_route=\/wp\/v2\/users\/1"}],"replies":[{"embeddable":true,"href":"https:\/\/cuernavaca.gob.mx\/index.php?rest_route=%2Fwp%2Fv2%2Fcomments&post=29690"}],"version-history":[{"count":1,"href":"https:\/\/cuernavaca.gob.mx\/index.php?rest_route=\/wp\/v2\/posts\/29690\/revisions"}],"predecessor-version":[{"id":29701,"href":"https:\/\/cuernavaca.gob.mx\/index.php?rest_route=\/wp\/v2\/posts\/29690\/revisions\/29701"}],"wp:featuredmedia":[{"embeddable":true,"href":"https:\/\/cuernavaca.gob.mx\/index.php?rest_route=\/wp\/v2\/media\/29693"}],"wp:attachment":[{"href":"https:\/\/cuernavaca.gob.mx\/index.php?rest_route=%2Fwp%2Fv2%2Fmedia&parent=29690"}],"wp:term":[{"taxonomy":"category","embeddable":true,"href":"https:\/\/cuernavaca.gob.mx\/index.php?rest_route=%2Fwp%2Fv2%2Fcategories&post=29690"},{"taxonomy":"post_tag","embeddable":true,"href":"https:\/\/cuernavaca.gob.mx\/index.php?rest_route=%2Fwp%2Fv2%2Ftags&post=29690"}],"curies":[{"name":"wp","href":"https:\/\/api.w.org\/{rel}","templated":true}]}}