{"id":29730,"date":"2023-06-26T17:53:42","date_gmt":"2023-06-26T23:53:42","guid":{"rendered":"https:\/\/cuernavaca.gob.mx\/?p=29730"},"modified":"2025-05-06T12:41:47","modified_gmt":"2025-05-06T18:41:47","slug":"f451-26-06-23-seprac-mantiene-operativo-de-revision-en-bares-de-cuernavaca-en-vista-hermosa","status":"publish","type":"post","link":"https:\/\/cuernavaca.gob.mx\/?p=29730","title":{"rendered":"F451 26\/06\/23 SEPRAC MANTIENE OPERATIVO DE REVISI\u00d3N EN BARES DE CUERNAVACA EN VISTA HERMOSA"},"content":{"rendered":"<p>Como parte de las acciones de prevenci\u00f3n del delito y ordenamiento de todos los negocios que se encuentran en Cuernavaca, la Secretar\u00eda de Protecci\u00f3n y Auxilio Ciudadano (SEPRAC), en coordinaci\u00f3n con el Ej\u00e9rcito, la Guardia Nacional y diversas dependencias municipales, llev\u00f3 a cabo los d\u00edas 23 y 24 de junio el operativo \u201cPlan Espiral\u201d, mediante el cual inspeccionaron cinco bares de la colonia Vista Hermosa, sancionando a uno por falta de licencias.<\/p>\n<p>En conferencia de prensa, la titular de SEPRAC, Alicia V\u00e1zquez Luna, se\u00f1al\u00f3 que dentro de este operativo participaron la Coordinaci\u00f3n Municipal de Protecci\u00f3n Civil, la Direcci\u00f3n de Verificaci\u00f3n Normativa de la Secretar\u00eda del Ayuntamiento y la Fiscal\u00eda Ambiental, a fin de que cada una revise que los establecimientos cuentan con todos los requisitos establecidos por ley, garantizando a los clientes que pueden acceder a su servicio con toda la seguridad.<\/p>\n<p>Resalt\u00f3 que, aunado a estos trabajos, del 19 al 25 de junio continuaron con la implementaci\u00f3n de los operativos \u201cEscuela Segura\u201d, \u201cRuta Segura\u201d, \u201cPresencia M\u00e1xima\u201d, \u201cMoto Segura\u201d, \u201cConduce Sin Alcohol\u201d, \u201cCortina Segura\u201d y \u201cComercio Seguro\u201d, que tuvieron presencia a lo largo y ancho del territorio municipal en distintos horarios, atendiendo a todos los sectores de la poblaci\u00f3n.<\/p>\n<p><img loading=\"lazy\" class=\"alignnone size-medium wp-image-29731\" src=\"https:\/\/cuernavaca.gob.mx\/wp-content\/uploads\/2023\/06\/OPERATIVO-DE-REVISIO\u0301N-EN-BARES-DE-CUERNAVACA-1-300x225.jpg\" alt=\"\" width=\"300\" height=\"225\" srcset=\"https:\/\/cuernavaca.gob.mx\/wp-content\/uploads\/2023\/06\/OPERATIVO-DE-REVISIO\u0301N-EN-BARES-DE-CUERNAVACA-1-300x225.jpg 300w, https:\/\/cuernavaca.gob.mx\/wp-content\/uploads\/2023\/06\/OPERATIVO-DE-REVISIO\u0301N-EN-BARES-DE-CUERNAVACA-1-1024x768.jpg 1024w, https:\/\/cuernavaca.gob.mx\/wp-content\/uploads\/2023\/06\/OPERATIVO-DE-REVISIO\u0301N-EN-BARES-DE-CUERNAVACA-1-768x576.jpg 768w, https:\/\/cuernavaca.gob.mx\/wp-content\/uploads\/2023\/06\/OPERATIVO-DE-REVISIO\u0301N-EN-BARES-DE-CUERNAVACA-1-600x450.jpg 600w, https:\/\/cuernavaca.gob.mx\/wp-content\/uploads\/2023\/06\/OPERATIVO-DE-REVISIO\u0301N-EN-BARES-DE-CUERNAVACA-1-560x420.jpg 560w, https:\/\/cuernavaca.gob.mx\/wp-content\/uploads\/2023\/06\/OPERATIVO-DE-REVISIO\u0301N-EN-BARES-DE-CUERNAVACA-1.jpg 1280w\" sizes=\"(max-width: 300px) 100vw, 300px\" \/> <img loading=\"lazy\" class=\"alignnone size-medium wp-image-29732\" src=\"https:\/\/cuernavaca.gob.mx\/wp-content\/uploads\/2023\/06\/OPERATIVO-DE-REVISIO\u0301N-EN-BARES-DE-CUERNAVACA-2-300x225.jpg\" alt=\"\" width=\"300\" height=\"225\" srcset=\"https:\/\/cuernavaca.gob.mx\/wp-content\/uploads\/2023\/06\/OPERATIVO-DE-REVISIO\u0301N-EN-BARES-DE-CUERNAVACA-2-300x225.jpg 300w, https:\/\/cuernavaca.gob.mx\/wp-content\/uploads\/2023\/06\/OPERATIVO-DE-REVISIO\u0301N-EN-BARES-DE-CUERNAVACA-2-1024x768.jpg 1024w, https:\/\/cuernavaca.gob.mx\/wp-content\/uploads\/2023\/06\/OPERATIVO-DE-REVISIO\u0301N-EN-BARES-DE-CUERNAVACA-2-768x576.jpg 768w, https:\/\/cuernavaca.gob.mx\/wp-content\/uploads\/2023\/06\/OPERATIVO-DE-REVISIO\u0301N-EN-BARES-DE-CUERNAVACA-2-600x450.jpg 600w, https:\/\/cuernavaca.gob.mx\/wp-content\/uploads\/2023\/06\/OPERATIVO-DE-REVISIO\u0301N-EN-BARES-DE-CUERNAVACA-2-560x420.jpg 560w, https:\/\/cuernavaca.gob.mx\/wp-content\/uploads\/2023\/06\/OPERATIVO-DE-REVISIO\u0301N-EN-BARES-DE-CUERNAVACA-2.jpg 1280w\" sizes=\"(max-width: 300px) 100vw, 300px\" \/> <img loading=\"lazy\" class=\"alignnone size-medium wp-image-29733\" src=\"https:\/\/cuernavaca.gob.mx\/wp-content\/uploads\/2023\/06\/OPERATIVO-DE-REVISIO\u0301N-EN-BARES-DE-CUERNAVACA-3-225x300.jpg\" alt=\"\" width=\"225\" height=\"300\" srcset=\"https:\/\/cuernavaca.gob.mx\/wp-content\/uploads\/2023\/06\/OPERATIVO-DE-REVISIO\u0301N-EN-BARES-DE-CUERNAVACA-3-225x300.jpg 225w, https:\/\/cuernavaca.gob.mx\/wp-content\/uploads\/2023\/06\/OPERATIVO-DE-REVISIO\u0301N-EN-BARES-DE-CUERNAVACA-3-768x1024.jpg 768w, https:\/\/cuernavaca.gob.mx\/wp-content\/uploads\/2023\/06\/OPERATIVO-DE-REVISIO\u0301N-EN-BARES-DE-CUERNAVACA-3-1152x1536.jpg 1152w, https:\/\/cuernavaca.gob.mx\/wp-content\/uploads\/2023\/06\/OPERATIVO-DE-REVISIO\u0301N-EN-BARES-DE-CUERNAVACA-3-450x600.jpg 450w, https:\/\/cuernavaca.gob.mx\/wp-content\/uploads\/2023\/06\/OPERATIVO-DE-REVISIO\u0301N-EN-BARES-DE-CUERNAVACA-3-420x560.jpg 420w, https:\/\/cuernavaca.gob.mx\/wp-content\/uploads\/2023\/06\/OPERATIVO-DE-REVISIO\u0301N-EN-BARES-DE-CUERNAVACA-3.jpg 1200w\" sizes=\"(max-width: 225px) 100vw, 225px\" \/> <img loading=\"lazy\" class=\"alignnone size-medium wp-image-29734\" src=\"https:\/\/cuernavaca.gob.mx\/wp-content\/uploads\/2023\/06\/OPERATIVO-DE-REVISIO\u0301N-EN-BARES-DE-CUERNAVACA-4-225x300.jpg\" alt=\"\" width=\"225\" height=\"300\" srcset=\"https:\/\/cuernavaca.gob.mx\/wp-content\/uploads\/2023\/06\/OPERATIVO-DE-REVISIO\u0301N-EN-BARES-DE-CUERNAVACA-4-225x300.jpg 225w, https:\/\/cuernavaca.gob.mx\/wp-content\/uploads\/2023\/06\/OPERATIVO-DE-REVISIO\u0301N-EN-BARES-DE-CUERNAVACA-4-768x1024.jpg 768w, https:\/\/cuernavaca.gob.mx\/wp-content\/uploads\/2023\/06\/OPERATIVO-DE-REVISIO\u0301N-EN-BARES-DE-CUERNAVACA-4-450x600.jpg 450w, https:\/\/cuernavaca.gob.mx\/wp-content\/uploads\/2023\/06\/OPERATIVO-DE-REVISIO\u0301N-EN-BARES-DE-CUERNAVACA-4-420x560.jpg 420w, https:\/\/cuernavaca.gob.mx\/wp-content\/uploads\/2023\/06\/OPERATIVO-DE-REVISIO\u0301N-EN-BARES-DE-CUERNAVACA-4.jpg 960w\" sizes=\"(max-width: 225px) 100vw, 225px\" \/> <img loading=\"lazy\" class=\"alignnone size-medium wp-image-29735\" src=\"https:\/\/cuernavaca.gob.mx\/wp-content\/uploads\/2023\/06\/OPERATIVO-DE-REVISIO\u0301N-EN-BARES-DE-CUERNAVACA-5-300x225.jpg\" alt=\"\" width=\"300\" height=\"225\" srcset=\"https:\/\/cuernavaca.gob.mx\/wp-content\/uploads\/2023\/06\/OPERATIVO-DE-REVISIO\u0301N-EN-BARES-DE-CUERNAVACA-5-300x225.jpg 300w, https:\/\/cuernavaca.gob.mx\/wp-content\/uploads\/2023\/06\/OPERATIVO-DE-REVISIO\u0301N-EN-BARES-DE-CUERNAVACA-5-1024x768.jpg 1024w, https:\/\/cuernavaca.gob.mx\/wp-content\/uploads\/2023\/06\/OPERATIVO-DE-REVISIO\u0301N-EN-BARES-DE-CUERNAVACA-5-768x576.jpg 768w, https:\/\/cuernavaca.gob.mx\/wp-content\/uploads\/2023\/06\/OPERATIVO-DE-REVISIO\u0301N-EN-BARES-DE-CUERNAVACA-5-1536x1152.jpg 1536w, https:\/\/cuernavaca.gob.mx\/wp-content\/uploads\/2023\/06\/OPERATIVO-DE-REVISIO\u0301N-EN-BARES-DE-CUERNAVACA-5-600x450.jpg 600w, https:\/\/cuernavaca.gob.mx\/wp-content\/uploads\/2023\/06\/OPERATIVO-DE-REVISIO\u0301N-EN-BARES-DE-CUERNAVACA-5-560x420.jpg 560w, https:\/\/cuernavaca.gob.mx\/wp-content\/uploads\/2023\/06\/OPERATIVO-DE-REVISIO\u0301N-EN-BARES-DE-CUERNAVACA-5.jpg 1600w\" sizes=\"(max-width: 300px) 100vw, 300px\" \/><\/p>\n","protected":false},"excerpt":{"rendered":"<p>Como parte de las acciones de prevenci\u00f3n del delito y ordenamiento de todos los negocios que se encuentran en Cuernavaca, la Secretar\u00eda de Protecci\u00f3n y Auxilio Ciudadano (SEPRAC), en coordinaci\u00f3n con el Ej\u00e9rcito, la Guardia Nacional y diversas dependencias municipales, llev\u00f3 a cabo los d\u00edas 23 y 24 de junio el operativo \u201cPlan Espiral\u201d, mediante [&hellip;]<\/p>\n","protected":false},"author":1,"featured_media":29733,"comment_status":"closed","ping_status":"open","sticky":false,"template":"","format":"standard","meta":[],"categories":[17],"tags":[2821,121,2898,120,206,1941,414,125],"aioseo_notices":[],"_links":{"self":[{"href":"https:\/\/cuernavaca.gob.mx\/index.php?rest_route=\/wp\/v2\/posts\/29730"}],"collection":[{"href":"https:\/\/cuernavaca.gob.mx\/index.php?rest_route=\/wp\/v2\/posts"}],"about":[{"href":"https:\/\/cuernavaca.gob.mx\/index.php?rest_route=\/wp\/v2\/types\/post"}],"author":[{"embeddable":true,"href":"https:\/\/cuernavaca.gob.mx\/index.php?rest_route=\/wp\/v2\/users\/1"}],"replies":[{"embeddable":true,"href":"https:\/\/cuernavaca.gob.mx\/index.php?rest_route=%2Fwp%2Fv2%2Fcomments&post=29730"}],"version-history":[{"count":1,"href":"https:\/\/cuernavaca.gob.mx\/index.php?rest_route=\/wp\/v2\/posts\/29730\/revisions"}],"predecessor-version":[{"id":29736,"href":"https:\/\/cuernavaca.gob.mx\/index.php?rest_route=\/wp\/v2\/posts\/29730\/revisions\/29736"}],"wp:featuredmedia":[{"embeddable":true,"href":"https:\/\/cuernavaca.gob.mx\/index.php?rest_route=\/wp\/v2\/media\/29733"}],"wp:attachment":[{"href":"https:\/\/cuernavaca.gob.mx\/index.php?rest_route=%2Fwp%2Fv2%2Fmedia&parent=29730"}],"wp:term":[{"taxonomy":"category","embeddable":true,"href":"https:\/\/cuernavaca.gob.mx\/index.php?rest_route=%2Fwp%2Fv2%2Fcategories&post=29730"},{"taxonomy":"post_tag","embeddable":true,"href":"https:\/\/cuernavaca.gob.mx\/index.php?rest_route=%2Fwp%2Fv2%2Ftags&post=29730"}],"curies":[{"name":"wp","href":"https:\/\/api.w.org\/{rel}","templated":true}]}}