{"id":29804,"date":"2023-06-30T16:22:56","date_gmt":"2023-06-30T22:22:56","guid":{"rendered":"https:\/\/cuernavaca.gob.mx\/?p=29804"},"modified":"2025-05-06T12:41:45","modified_gmt":"2025-05-06T18:41:45","slug":"f454-30-07-23-cuernavaca-sigue-adelante-en-la-recuperacion-de-vehiculos-con-reporte-de-robo","status":"publish","type":"post","link":"https:\/\/cuernavaca.gob.mx\/?p=29804","title":{"rendered":"F454 30\/07\/23 CUERNAVACA SIGUE ADELANTE EN LA RECUPERACI\u00d3N DE VEH\u00cdCULOS CON REPORTE DE ROBO"},"content":{"rendered":"<p>La Unidad de Prevenci\u00f3n al Robo de Veh\u00edculos (UPRV) de la Secretar\u00eda de Protecci\u00f3n y Auxilio Ciudadano de Cuernavaca (SEPRAC) sigue registrando buenos resultados, ya que del 01 de enero al 25 de junio han recuperado 92 veh\u00edculos, poniendo a disposici\u00f3n del Ministerio P\u00fablico a 35 personas.<\/p>\n<p>Al rendir un informe sobre las actividades realizadas durante la semana del 19 al 25 de junio, la titular de SEPRAC, Alicia V\u00e1zquez Luna, inform\u00f3 que, de los 92 veh\u00edculos recuperados, 31 han sido por la UPRV y 61 por otras \u00e1reas de la Polic\u00eda Preventiva Municipal.<\/p>\n<p>Subray\u00f3 que, de los 31 veh\u00edculos recuperados por la UPRV, en 25 se cont\u00f3 con la participaci\u00f3n de la Unidad de Telemetr\u00eda; entre los veh\u00edculos recuperados se encuentra un autom\u00f3vil marca Chevrolet, submarca Aveo, color blanco, a\u00f1o 2017, con n\u00famero de serie 3G1TA5AF2HL127897, el cual fue asegurado el pasado 23 de junio en la colonia Tlaltenango, contando con alteraci\u00f3n en sus medios de identificaci\u00f3n.<\/p>\n<p>Asimismo, el 25 de junio en la colonia Ciudad Chapultepec recuperaron una motocicleta color caf\u00e9, con n\u00famero de serie 3SCPFTLE8F1005025, que contaba con reporte de robo vigente.<\/p>\n<p>V\u00e1zquez Luna explic\u00f3 que de acuerdo con el art\u00edculo 176 BIS del C\u00f3digo Penal del Estado cuando un veh\u00edculo tiene alteraciones en su placa de identificaci\u00f3n de n\u00famero de serie se debe poner a disposici\u00f3n del Ministerio P\u00fablico en virtud de que pudiera estar en la hip\u00f3tesis de un delito en cualquier lugar del pa\u00eds.<\/p>\n<p><img loading=\"lazy\" class=\"alignnone size-medium wp-image-29805\" src=\"https:\/\/cuernavaca.gob.mx\/wp-content\/uploads\/2023\/06\/vehiculos-recuperados-cuernavaca-1-300x300.jpg\" alt=\"\" width=\"300\" height=\"300\" srcset=\"https:\/\/cuernavaca.gob.mx\/wp-content\/uploads\/2023\/06\/vehiculos-recuperados-cuernavaca-1-300x300.jpg 300w, https:\/\/cuernavaca.gob.mx\/wp-content\/uploads\/2023\/06\/vehiculos-recuperados-cuernavaca-1-1024x1024.jpg 1024w, https:\/\/cuernavaca.gob.mx\/wp-content\/uploads\/2023\/06\/vehiculos-recuperados-cuernavaca-1-150x150.jpg 150w, https:\/\/cuernavaca.gob.mx\/wp-content\/uploads\/2023\/06\/vehiculos-recuperados-cuernavaca-1-768x768.jpg 768w, https:\/\/cuernavaca.gob.mx\/wp-content\/uploads\/2023\/06\/vehiculos-recuperados-cuernavaca-1-1536x1536.jpg 1536w, https:\/\/cuernavaca.gob.mx\/wp-content\/uploads\/2023\/06\/vehiculos-recuperados-cuernavaca-1-600x600.jpg 600w, https:\/\/cuernavaca.gob.mx\/wp-content\/uploads\/2023\/06\/vehiculos-recuperados-cuernavaca-1-560x560.jpg 560w, https:\/\/cuernavaca.gob.mx\/wp-content\/uploads\/2023\/06\/vehiculos-recuperados-cuernavaca-1.jpg 1600w\" sizes=\"(max-width: 300px) 100vw, 300px\" \/> <img loading=\"lazy\" class=\"alignnone size-medium wp-image-29806\" src=\"https:\/\/cuernavaca.gob.mx\/wp-content\/uploads\/2023\/06\/vehiculos-recuperados-cuernavaca-2-300x300.jpg\" alt=\"\" width=\"300\" height=\"300\" srcset=\"https:\/\/cuernavaca.gob.mx\/wp-content\/uploads\/2023\/06\/vehiculos-recuperados-cuernavaca-2-300x300.jpg 300w, https:\/\/cuernavaca.gob.mx\/wp-content\/uploads\/2023\/06\/vehiculos-recuperados-cuernavaca-2-1024x1024.jpg 1024w, https:\/\/cuernavaca.gob.mx\/wp-content\/uploads\/2023\/06\/vehiculos-recuperados-cuernavaca-2-150x150.jpg 150w, https:\/\/cuernavaca.gob.mx\/wp-content\/uploads\/2023\/06\/vehiculos-recuperados-cuernavaca-2-768x768.jpg 768w, https:\/\/cuernavaca.gob.mx\/wp-content\/uploads\/2023\/06\/vehiculos-recuperados-cuernavaca-2-1536x1536.jpg 1536w, https:\/\/cuernavaca.gob.mx\/wp-content\/uploads\/2023\/06\/vehiculos-recuperados-cuernavaca-2-600x600.jpg 600w, https:\/\/cuernavaca.gob.mx\/wp-content\/uploads\/2023\/06\/vehiculos-recuperados-cuernavaca-2-560x560.jpg 560w, https:\/\/cuernavaca.gob.mx\/wp-content\/uploads\/2023\/06\/vehiculos-recuperados-cuernavaca-2.jpg 1600w\" sizes=\"(max-width: 300px) 100vw, 300px\" \/> <img loading=\"lazy\" class=\"alignnone size-medium wp-image-29807\" src=\"https:\/\/cuernavaca.gob.mx\/wp-content\/uploads\/2023\/06\/vehiculos-recuperados-cuernavaca-3-300x300.jpg\" alt=\"\" width=\"300\" height=\"300\" srcset=\"https:\/\/cuernavaca.gob.mx\/wp-content\/uploads\/2023\/06\/vehiculos-recuperados-cuernavaca-3-300x300.jpg 300w, https:\/\/cuernavaca.gob.mx\/wp-content\/uploads\/2023\/06\/vehiculos-recuperados-cuernavaca-3-1024x1024.jpg 1024w, https:\/\/cuernavaca.gob.mx\/wp-content\/uploads\/2023\/06\/vehiculos-recuperados-cuernavaca-3-150x150.jpg 150w, https:\/\/cuernavaca.gob.mx\/wp-content\/uploads\/2023\/06\/vehiculos-recuperados-cuernavaca-3-768x768.jpg 768w, https:\/\/cuernavaca.gob.mx\/wp-content\/uploads\/2023\/06\/vehiculos-recuperados-cuernavaca-3-1536x1536.jpg 1536w, https:\/\/cuernavaca.gob.mx\/wp-content\/uploads\/2023\/06\/vehiculos-recuperados-cuernavaca-3-600x600.jpg 600w, https:\/\/cuernavaca.gob.mx\/wp-content\/uploads\/2023\/06\/vehiculos-recuperados-cuernavaca-3-560x560.jpg 560w, https:\/\/cuernavaca.gob.mx\/wp-content\/uploads\/2023\/06\/vehiculos-recuperados-cuernavaca-3.jpg 1600w\" sizes=\"(max-width: 300px) 100vw, 300px\" \/> <img loading=\"lazy\" class=\"alignnone size-medium wp-image-29808\" src=\"https:\/\/cuernavaca.gob.mx\/wp-content\/uploads\/2023\/06\/vehiculos-recuperados-cuernavaca-4-300x300.jpg\" alt=\"\" width=\"300\" height=\"300\" srcset=\"https:\/\/cuernavaca.gob.mx\/wp-content\/uploads\/2023\/06\/vehiculos-recuperados-cuernavaca-4-300x300.jpg 300w, https:\/\/cuernavaca.gob.mx\/wp-content\/uploads\/2023\/06\/vehiculos-recuperados-cuernavaca-4-1024x1024.jpg 1024w, https:\/\/cuernavaca.gob.mx\/wp-content\/uploads\/2023\/06\/vehiculos-recuperados-cuernavaca-4-150x150.jpg 150w, https:\/\/cuernavaca.gob.mx\/wp-content\/uploads\/2023\/06\/vehiculos-recuperados-cuernavaca-4-768x768.jpg 768w, https:\/\/cuernavaca.gob.mx\/wp-content\/uploads\/2023\/06\/vehiculos-recuperados-cuernavaca-4-1536x1536.jpg 1536w, https:\/\/cuernavaca.gob.mx\/wp-content\/uploads\/2023\/06\/vehiculos-recuperados-cuernavaca-4-600x600.jpg 600w, https:\/\/cuernavaca.gob.mx\/wp-content\/uploads\/2023\/06\/vehiculos-recuperados-cuernavaca-4-560x560.jpg 560w, https:\/\/cuernavaca.gob.mx\/wp-content\/uploads\/2023\/06\/vehiculos-recuperados-cuernavaca-4.jpg 1600w\" sizes=\"(max-width: 300px) 100vw, 300px\" \/> <img loading=\"lazy\" class=\"alignnone size-medium wp-image-29809\" src=\"https:\/\/cuernavaca.gob.mx\/wp-content\/uploads\/2023\/06\/vehiculos-recuperados-cuernavaca-5-300x300.jpg\" alt=\"\" width=\"300\" height=\"300\" srcset=\"https:\/\/cuernavaca.gob.mx\/wp-content\/uploads\/2023\/06\/vehiculos-recuperados-cuernavaca-5-300x300.jpg 300w, https:\/\/cuernavaca.gob.mx\/wp-content\/uploads\/2023\/06\/vehiculos-recuperados-cuernavaca-5-1024x1024.jpg 1024w, https:\/\/cuernavaca.gob.mx\/wp-content\/uploads\/2023\/06\/vehiculos-recuperados-cuernavaca-5-150x150.jpg 150w, https:\/\/cuernavaca.gob.mx\/wp-content\/uploads\/2023\/06\/vehiculos-recuperados-cuernavaca-5-768x768.jpg 768w, https:\/\/cuernavaca.gob.mx\/wp-content\/uploads\/2023\/06\/vehiculos-recuperados-cuernavaca-5-1536x1536.jpg 1536w, https:\/\/cuernavaca.gob.mx\/wp-content\/uploads\/2023\/06\/vehiculos-recuperados-cuernavaca-5-600x600.jpg 600w, https:\/\/cuernavaca.gob.mx\/wp-content\/uploads\/2023\/06\/vehiculos-recuperados-cuernavaca-5-560x560.jpg 560w, https:\/\/cuernavaca.gob.mx\/wp-content\/uploads\/2023\/06\/vehiculos-recuperados-cuernavaca-5.jpg 1600w\" sizes=\"(max-width: 300px) 100vw, 300px\" \/><\/p>\n","protected":false},"excerpt":{"rendered":"<p>La Unidad de Prevenci\u00f3n al Robo de Veh\u00edculos (UPRV) de la Secretar\u00eda de Protecci\u00f3n y Auxilio Ciudadano de Cuernavaca (SEPRAC) sigue registrando buenos resultados, ya que del 01 de enero al 25 de junio han recuperado 92 veh\u00edculos, poniendo a disposici\u00f3n del Ministerio P\u00fablico a 35 personas. Al rendir un informe sobre las actividades realizadas [&hellip;]<\/p>\n","protected":false},"author":1,"featured_media":29808,"comment_status":"closed","ping_status":"open","sticky":false,"template":"","format":"standard","meta":[],"categories":[17],"tags":[2843,121,120,2719,125,3170],"aioseo_notices":[],"_links":{"self":[{"href":"https:\/\/cuernavaca.gob.mx\/index.php?rest_route=\/wp\/v2\/posts\/29804"}],"collection":[{"href":"https:\/\/cuernavaca.gob.mx\/index.php?rest_route=\/wp\/v2\/posts"}],"about":[{"href":"https:\/\/cuernavaca.gob.mx\/index.php?rest_route=\/wp\/v2\/types\/post"}],"author":[{"embeddable":true,"href":"https:\/\/cuernavaca.gob.mx\/index.php?rest_route=\/wp\/v2\/users\/1"}],"replies":[{"embeddable":true,"href":"https:\/\/cuernavaca.gob.mx\/index.php?rest_route=%2Fwp%2Fv2%2Fcomments&post=29804"}],"version-history":[{"count":1,"href":"https:\/\/cuernavaca.gob.mx\/index.php?rest_route=\/wp\/v2\/posts\/29804\/revisions"}],"predecessor-version":[{"id":29810,"href":"https:\/\/cuernavaca.gob.mx\/index.php?rest_route=\/wp\/v2\/posts\/29804\/revisions\/29810"}],"wp:featuredmedia":[{"embeddable":true,"href":"https:\/\/cuernavaca.gob.mx\/index.php?rest_route=\/wp\/v2\/media\/29808"}],"wp:attachment":[{"href":"https:\/\/cuernavaca.gob.mx\/index.php?rest_route=%2Fwp%2Fv2%2Fmedia&parent=29804"}],"wp:term":[{"taxonomy":"category","embeddable":true,"href":"https:\/\/cuernavaca.gob.mx\/index.php?rest_route=%2Fwp%2Fv2%2Fcategories&post=29804"},{"taxonomy":"post_tag","embeddable":true,"href":"https:\/\/cuernavaca.gob.mx\/index.php?rest_route=%2Fwp%2Fv2%2Ftags&post=29804"}],"curies":[{"name":"wp","href":"https:\/\/api.w.org\/{rel}","templated":true}]}}