{"id":29913,"date":"2023-07-03T15:48:23","date_gmt":"2023-07-03T21:48:23","guid":{"rendered":"https:\/\/cuernavaca.gob.mx\/?p=29913"},"modified":"2025-05-06T12:42:13","modified_gmt":"2025-05-06T18:42:13","slug":"f456-03-07-23-llama-policia-vial-a-los-automovilistas-a-respetar-las-zonas-de-circulacion-restringida-de-vehiculos-pesados-en-cuernavaca","status":"publish","type":"post","link":"https:\/\/cuernavaca.gob.mx\/?p=29913","title":{"rendered":"F456 03\/07\/23 LLAMA POLIC\u00cdA VIAL A LOS AUTOMOVILISTAS A RESPETAR LAS ZONAS DE CIRCULACI\u00d3N RESTRINGIDA DE VEH\u00cdCULOS PESADOS EN CUERNAVACA"},"content":{"rendered":"<p>La Polic\u00eda Vial de Cuernavaca reiter\u00f3 el llamado a los automovilistas y transportistas, que todas las entradas a la ciudad que son pendientes cuentan con circulaci\u00f3n restringida de veh\u00edculos pesados, por lo cual hacen un llamado a respetar estos lineamientos, evitando accidentes que puedan perjudicarlos y a terceros.<\/p>\n<p>El director de la Polic\u00eda Vial de Cuernavaca, Javier Antonio Tencle Santiago, confirm\u00f3 que en la capital morelense se cuentan con zonas de circulaci\u00f3n restringida, siendo necesario conocer cu\u00e1les son para tomar v\u00edas alternas cuando se trate de veh\u00edculos pesados.<\/p>\n<p>En el caso de la pipa de agua que perdi\u00f3 el control en la calle de La Pradera de la colonia con el mismo nombre, refiri\u00f3 que al parecer se trat\u00f3 de una falla del conductor en la operaci\u00f3n del veh\u00edculo, aunque ser\u00e1 a trav\u00e9s del peritaje como se confirme las causas del accidente, que da\u00f1\u00f3 a un veh\u00edculo particular.<\/p>\n<p>Javier Antonio Tencle hizo un llamado a la poblaci\u00f3n en general para conocer el Reglamento de Tr\u00e1nsito, a fin de evitar accidentes y faltas a esta normativa tan relevante e importante en la vida diaria.<\/p>\n<p><img loading=\"lazy\" class=\"alignnone size-medium wp-image-29914\" src=\"https:\/\/cuernavaca.gob.mx\/wp-content\/uploads\/2023\/07\/LLAMA-POLICI\u0301A-VIAL-A-LOS-AUTOMOVILISTAS-A-RESPETAR-LAS-ZONAS-DE-CIRCULACIO\u0301N-RESTRINGIDA-DE-VEHI\u0301CULOS-PESADOS-EN-CUERNAVACA-300x200.jpg\" alt=\"\" width=\"300\" height=\"200\" srcset=\"https:\/\/cuernavaca.gob.mx\/wp-content\/uploads\/2023\/07\/LLAMA-POLICI\u0301A-VIAL-A-LOS-AUTOMOVILISTAS-A-RESPETAR-LAS-ZONAS-DE-CIRCULACIO\u0301N-RESTRINGIDA-DE-VEHI\u0301CULOS-PESADOS-EN-CUERNAVACA-300x200.jpg 300w, https:\/\/cuernavaca.gob.mx\/wp-content\/uploads\/2023\/07\/LLAMA-POLICI\u0301A-VIAL-A-LOS-AUTOMOVILISTAS-A-RESPETAR-LAS-ZONAS-DE-CIRCULACIO\u0301N-RESTRINGIDA-DE-VEHI\u0301CULOS-PESADOS-EN-CUERNAVACA-1024x682.jpg 1024w, https:\/\/cuernavaca.gob.mx\/wp-content\/uploads\/2023\/07\/LLAMA-POLICI\u0301A-VIAL-A-LOS-AUTOMOVILISTAS-A-RESPETAR-LAS-ZONAS-DE-CIRCULACIO\u0301N-RESTRINGIDA-DE-VEHI\u0301CULOS-PESADOS-EN-CUERNAVACA-768x512.jpg 768w, https:\/\/cuernavaca.gob.mx\/wp-content\/uploads\/2023\/07\/LLAMA-POLICI\u0301A-VIAL-A-LOS-AUTOMOVILISTAS-A-RESPETAR-LAS-ZONAS-DE-CIRCULACIO\u0301N-RESTRINGIDA-DE-VEHI\u0301CULOS-PESADOS-EN-CUERNAVACA-600x400.jpg 600w, https:\/\/cuernavaca.gob.mx\/wp-content\/uploads\/2023\/07\/LLAMA-POLICI\u0301A-VIAL-A-LOS-AUTOMOVILISTAS-A-RESPETAR-LAS-ZONAS-DE-CIRCULACIO\u0301N-RESTRINGIDA-DE-VEHI\u0301CULOS-PESADOS-EN-CUERNAVACA-560x373.jpg 560w, https:\/\/cuernavaca.gob.mx\/wp-content\/uploads\/2023\/07\/LLAMA-POLICI\u0301A-VIAL-A-LOS-AUTOMOVILISTAS-A-RESPETAR-LAS-ZONAS-DE-CIRCULACIO\u0301N-RESTRINGIDA-DE-VEHI\u0301CULOS-PESADOS-EN-CUERNAVACA.jpg 1280w\" sizes=\"(max-width: 300px) 100vw, 300px\" \/><\/p>\n","protected":false},"excerpt":{"rendered":"<p>La Polic\u00eda Vial de Cuernavaca reiter\u00f3 el llamado a los automovilistas y transportistas, que todas las entradas a la ciudad que son pendientes cuentan con circulaci\u00f3n restringida de veh\u00edculos pesados, por lo cual hacen un llamado a respetar estos lineamientos, evitando accidentes que puedan perjudicarlos y a terceros. El director de la Polic\u00eda Vial de [&hellip;]<\/p>\n","protected":false},"author":1,"featured_media":29914,"comment_status":"closed","ping_status":"open","sticky":false,"template":"","format":"standard","meta":[],"categories":[17],"tags":[121,120,206,125,143,185],"aioseo_notices":[],"_links":{"self":[{"href":"https:\/\/cuernavaca.gob.mx\/index.php?rest_route=\/wp\/v2\/posts\/29913"}],"collection":[{"href":"https:\/\/cuernavaca.gob.mx\/index.php?rest_route=\/wp\/v2\/posts"}],"about":[{"href":"https:\/\/cuernavaca.gob.mx\/index.php?rest_route=\/wp\/v2\/types\/post"}],"author":[{"embeddable":true,"href":"https:\/\/cuernavaca.gob.mx\/index.php?rest_route=\/wp\/v2\/users\/1"}],"replies":[{"embeddable":true,"href":"https:\/\/cuernavaca.gob.mx\/index.php?rest_route=%2Fwp%2Fv2%2Fcomments&post=29913"}],"version-history":[{"count":1,"href":"https:\/\/cuernavaca.gob.mx\/index.php?rest_route=\/wp\/v2\/posts\/29913\/revisions"}],"predecessor-version":[{"id":29915,"href":"https:\/\/cuernavaca.gob.mx\/index.php?rest_route=\/wp\/v2\/posts\/29913\/revisions\/29915"}],"wp:featuredmedia":[{"embeddable":true,"href":"https:\/\/cuernavaca.gob.mx\/index.php?rest_route=\/wp\/v2\/media\/29914"}],"wp:attachment":[{"href":"https:\/\/cuernavaca.gob.mx\/index.php?rest_route=%2Fwp%2Fv2%2Fmedia&parent=29913"}],"wp:term":[{"taxonomy":"category","embeddable":true,"href":"https:\/\/cuernavaca.gob.mx\/index.php?rest_route=%2Fwp%2Fv2%2Fcategories&post=29913"},{"taxonomy":"post_tag","embeddable":true,"href":"https:\/\/cuernavaca.gob.mx\/index.php?rest_route=%2Fwp%2Fv2%2Ftags&post=29913"}],"curies":[{"name":"wp","href":"https:\/\/api.w.org\/{rel}","templated":true}]}}