{"id":30178,"date":"2023-07-09T17:10:15","date_gmt":"2023-07-09T23:10:15","guid":{"rendered":"https:\/\/cuernavaca.gob.mx\/?p=30178"},"modified":"2025-05-06T12:42:48","modified_gmt":"2025-05-06T18:42:48","slug":"b1113-09-07-23-recuperacion-de-vehiculos-con-reporte-de-robo-se-ha-vuelto-una-constante-de-la-seprac-en-cuernavaca","status":"publish","type":"post","link":"https:\/\/cuernavaca.gob.mx\/?p=30178","title":{"rendered":"B1113 09\/07\/23 RECUPERACI\u00d3N DE VEHICULOS CON REPORTE DE ROBO, SE HA VUELTO UNA CONSTANTE DE LA SEPRAC EN CUERNAVACA"},"content":{"rendered":"<div><strong>\u2022 Del 01 de enero al 01 de julio de 2023, han recuperado 97 veh\u00edculos y puesto a disposici\u00f3n del Ministerio P\u00fablico a 36 personas<\/strong><\/div>\n<div><\/div>\n<div><strong>\u2022 Con respecto a las 36 personas detenidas, en 17 casos contaban con la posesi\u00f3n de veh\u00edculos con procedencia il\u00edcita y en 19 los veh\u00edculos en su posesi\u00f3n ten\u00edan alteraci\u00f3n en sus medios identificativos<\/strong><\/div>\n<div><\/div>\n<div><\/div>\n<div>La Secretar\u00eda de Protecci\u00f3n y Auxilio Ciudadano (SEPRAC) de Cuernavaca inform\u00f3 que del 01 de enero al 01 de julio de 2023, han recuperado 97 veh\u00edculos, de los cuales 31 han sido a trav\u00e9s de la Unidad de Prevenci\u00f3n al Robo de Veh\u00edculos (UPRV) y 66 por otras \u00e1reas de la Polic\u00eda Preventiva Municipal, poniendo a disposici\u00f3n del Ministerio P\u00fablico a 36 personas.<\/div>\n<div><\/div>\n<div>La titular de SEPRAC, Alicia V\u00e1zquez Luna, destac\u00f3 que, de los 31 veh\u00edculos recuperados por la UPRV, en 25 se cont\u00f3 con la participaci\u00f3n de la Unidad de Telemetr\u00eda; en tanto, de las 97 unidades automotoras recuperadas, 31 eran motocicletas y 66 autom\u00f3viles.<\/div>\n<div><\/div>\n<div>Con respecto a las 36 personas detenidas, en 17 casos contaban con la posesi\u00f3n de veh\u00edculos con procedencia il\u00edcita y en 19 los veh\u00edculos en su posesi\u00f3n ten\u00edan alteraci\u00f3n en sus medios identificativos, como ocurri\u00f3 el 30 de junio en la colonia Del Empleado, donde detuvieron y pusieron a disposici\u00f3n del Ministerio P\u00fablico a Jos\u00e9 \u201cN\u201d, por poseer un veh\u00edculo marca Mitsubishi, submarca L2000, color blanco, a\u00f1o 2021, serie MMBMLV5G6MH016264 y placas de circulaci\u00f3n NYB5265 del Estado de Morelos, con reporte de robo vigente.<\/div>\n<div><\/div>\n<div>V\u00e1zquez Luna resalt\u00f3 que entre los veh\u00edculos recuperados del 26 de junio al 02 de julio fueron una camioneta marca Renault, submarca Duster, color naranja, a\u00f1o 2015, con n\u00famero de serie 9FBHS2AA6FM120468 y placas de circulaci\u00f3n D37DGH de la Ciudad de M\u00e9xico, la cual fue asegurada con reporte de robo vigente el 27 de junio en la colonia Antonio Barona.<\/div>\n<div><\/div>\n<div>De igual forma, el 28 de junio en la colonia L\u00e1zaro C\u00e1rdenas recuperaron un veh\u00edculo marca Volkswagen, submarca Beetle, color gris, serie 3VWHW6AT5FM648367, con reporte de robo vigente; y el 01 de julio en la colonia L\u00e1zaro C\u00e1rdenas recuperaron un veh\u00edculo marca Volkswagen, tipo Jetta, color blanco sport con quemacocos, modelo 2015, placas de circulaci\u00f3n RCA792A del Estado de Morelos, con reporte de robo vigente.<\/div>\n<div><\/div>\n<div>Para conocer el listado completo de los veh\u00edculos recuperados por SEPRAC deben ingresar a sus redes sociales oficiales como Secretar\u00eda de Protecci\u00f3n y Auxilio Ciudadano de Cuernavaca.<\/div>\n<div><img loading=\"lazy\" class=\"alignnone size-medium wp-image-30179\" src=\"https:\/\/cuernavaca.gob.mx\/wp-content\/uploads\/2023\/07\/RECUPERACION-DE-VEHICULOS-CON-REPORTE-DE-ROBO-SE-HA-VUELTO-UNA-CONSTANTE-DE-LA-SEPRAC-EN-CUERNAVACA-1-300x300.jpeg\" alt=\"\" width=\"300\" height=\"300\" srcset=\"https:\/\/cuernavaca.gob.mx\/wp-content\/uploads\/2023\/07\/RECUPERACION-DE-VEHICULOS-CON-REPORTE-DE-ROBO-SE-HA-VUELTO-UNA-CONSTANTE-DE-LA-SEPRAC-EN-CUERNAVACA-1-300x300.jpeg 300w, https:\/\/cuernavaca.gob.mx\/wp-content\/uploads\/2023\/07\/RECUPERACION-DE-VEHICULOS-CON-REPORTE-DE-ROBO-SE-HA-VUELTO-UNA-CONSTANTE-DE-LA-SEPRAC-EN-CUERNAVACA-1-1024x1024.jpeg 1024w, https:\/\/cuernavaca.gob.mx\/wp-content\/uploads\/2023\/07\/RECUPERACION-DE-VEHICULOS-CON-REPORTE-DE-ROBO-SE-HA-VUELTO-UNA-CONSTANTE-DE-LA-SEPRAC-EN-CUERNAVACA-1-150x150.jpeg 150w, https:\/\/cuernavaca.gob.mx\/wp-content\/uploads\/2023\/07\/RECUPERACION-DE-VEHICULOS-CON-REPORTE-DE-ROBO-SE-HA-VUELTO-UNA-CONSTANTE-DE-LA-SEPRAC-EN-CUERNAVACA-1-768x768.jpeg 768w, https:\/\/cuernavaca.gob.mx\/wp-content\/uploads\/2023\/07\/RECUPERACION-DE-VEHICULOS-CON-REPORTE-DE-ROBO-SE-HA-VUELTO-UNA-CONSTANTE-DE-LA-SEPRAC-EN-CUERNAVACA-1-600x600.jpeg 600w, https:\/\/cuernavaca.gob.mx\/wp-content\/uploads\/2023\/07\/RECUPERACION-DE-VEHICULOS-CON-REPORTE-DE-ROBO-SE-HA-VUELTO-UNA-CONSTANTE-DE-LA-SEPRAC-EN-CUERNAVACA-1-560x560.jpeg 560w, https:\/\/cuernavaca.gob.mx\/wp-content\/uploads\/2023\/07\/RECUPERACION-DE-VEHICULOS-CON-REPORTE-DE-ROBO-SE-HA-VUELTO-UNA-CONSTANTE-DE-LA-SEPRAC-EN-CUERNAVACA-1.jpeg 1080w\" sizes=\"(max-width: 300px) 100vw, 300px\" \/> <img loading=\"lazy\" class=\"alignnone size-medium wp-image-30180\" src=\"https:\/\/cuernavaca.gob.mx\/wp-content\/uploads\/2023\/07\/RECUPERACION-DE-VEHICULOS-CON-REPORTE-DE-ROBO-SE-HA-VUELTO-UNA-CONSTANTE-DE-LA-SEPRAC-EN-CUERNAVACA-2-300x300.jpeg\" alt=\"\" width=\"300\" height=\"300\" srcset=\"https:\/\/cuernavaca.gob.mx\/wp-content\/uploads\/2023\/07\/RECUPERACION-DE-VEHICULOS-CON-REPORTE-DE-ROBO-SE-HA-VUELTO-UNA-CONSTANTE-DE-LA-SEPRAC-EN-CUERNAVACA-2-300x300.jpeg 300w, https:\/\/cuernavaca.gob.mx\/wp-content\/uploads\/2023\/07\/RECUPERACION-DE-VEHICULOS-CON-REPORTE-DE-ROBO-SE-HA-VUELTO-UNA-CONSTANTE-DE-LA-SEPRAC-EN-CUERNAVACA-2-1024x1024.jpeg 1024w, https:\/\/cuernavaca.gob.mx\/wp-content\/uploads\/2023\/07\/RECUPERACION-DE-VEHICULOS-CON-REPORTE-DE-ROBO-SE-HA-VUELTO-UNA-CONSTANTE-DE-LA-SEPRAC-EN-CUERNAVACA-2-150x150.jpeg 150w, https:\/\/cuernavaca.gob.mx\/wp-content\/uploads\/2023\/07\/RECUPERACION-DE-VEHICULOS-CON-REPORTE-DE-ROBO-SE-HA-VUELTO-UNA-CONSTANTE-DE-LA-SEPRAC-EN-CUERNAVACA-2-768x768.jpeg 768w, https:\/\/cuernavaca.gob.mx\/wp-content\/uploads\/2023\/07\/RECUPERACION-DE-VEHICULOS-CON-REPORTE-DE-ROBO-SE-HA-VUELTO-UNA-CONSTANTE-DE-LA-SEPRAC-EN-CUERNAVACA-2-1536x1536.jpeg 1536w, https:\/\/cuernavaca.gob.mx\/wp-content\/uploads\/2023\/07\/RECUPERACION-DE-VEHICULOS-CON-REPORTE-DE-ROBO-SE-HA-VUELTO-UNA-CONSTANTE-DE-LA-SEPRAC-EN-CUERNAVACA-2-600x600.jpeg 600w, https:\/\/cuernavaca.gob.mx\/wp-content\/uploads\/2023\/07\/RECUPERACION-DE-VEHICULOS-CON-REPORTE-DE-ROBO-SE-HA-VUELTO-UNA-CONSTANTE-DE-LA-SEPRAC-EN-CUERNAVACA-2-560x560.jpeg 560w, https:\/\/cuernavaca.gob.mx\/wp-content\/uploads\/2023\/07\/RECUPERACION-DE-VEHICULOS-CON-REPORTE-DE-ROBO-SE-HA-VUELTO-UNA-CONSTANTE-DE-LA-SEPRAC-EN-CUERNAVACA-2.jpeg 1600w\" sizes=\"(max-width: 300px) 100vw, 300px\" \/> <img loading=\"lazy\" class=\"alignnone size-medium wp-image-30181\" src=\"https:\/\/cuernavaca.gob.mx\/wp-content\/uploads\/2023\/07\/RECUPERACION-DE-VEHICULOS-CON-REPORTE-DE-ROBO-SE-HA-VUELTO-UNA-CONSTANTE-DE-LA-SEPRAC-EN-CUERNAVACA-3-300x300.jpeg\" alt=\"\" width=\"300\" height=\"300\" srcset=\"https:\/\/cuernavaca.gob.mx\/wp-content\/uploads\/2023\/07\/RECUPERACION-DE-VEHICULOS-CON-REPORTE-DE-ROBO-SE-HA-VUELTO-UNA-CONSTANTE-DE-LA-SEPRAC-EN-CUERNAVACA-3-300x300.jpeg 300w, https:\/\/cuernavaca.gob.mx\/wp-content\/uploads\/2023\/07\/RECUPERACION-DE-VEHICULOS-CON-REPORTE-DE-ROBO-SE-HA-VUELTO-UNA-CONSTANTE-DE-LA-SEPRAC-EN-CUERNAVACA-3-1024x1024.jpeg 1024w, https:\/\/cuernavaca.gob.mx\/wp-content\/uploads\/2023\/07\/RECUPERACION-DE-VEHICULOS-CON-REPORTE-DE-ROBO-SE-HA-VUELTO-UNA-CONSTANTE-DE-LA-SEPRAC-EN-CUERNAVACA-3-150x150.jpeg 150w, https:\/\/cuernavaca.gob.mx\/wp-content\/uploads\/2023\/07\/RECUPERACION-DE-VEHICULOS-CON-REPORTE-DE-ROBO-SE-HA-VUELTO-UNA-CONSTANTE-DE-LA-SEPRAC-EN-CUERNAVACA-3-768x768.jpeg 768w, https:\/\/cuernavaca.gob.mx\/wp-content\/uploads\/2023\/07\/RECUPERACION-DE-VEHICULOS-CON-REPORTE-DE-ROBO-SE-HA-VUELTO-UNA-CONSTANTE-DE-LA-SEPRAC-EN-CUERNAVACA-3-1536x1536.jpeg 1536w, https:\/\/cuernavaca.gob.mx\/wp-content\/uploads\/2023\/07\/RECUPERACION-DE-VEHICULOS-CON-REPORTE-DE-ROBO-SE-HA-VUELTO-UNA-CONSTANTE-DE-LA-SEPRAC-EN-CUERNAVACA-3-600x600.jpeg 600w, https:\/\/cuernavaca.gob.mx\/wp-content\/uploads\/2023\/07\/RECUPERACION-DE-VEHICULOS-CON-REPORTE-DE-ROBO-SE-HA-VUELTO-UNA-CONSTANTE-DE-LA-SEPRAC-EN-CUERNAVACA-3-560x560.jpeg 560w, https:\/\/cuernavaca.gob.mx\/wp-content\/uploads\/2023\/07\/RECUPERACION-DE-VEHICULOS-CON-REPORTE-DE-ROBO-SE-HA-VUELTO-UNA-CONSTANTE-DE-LA-SEPRAC-EN-CUERNAVACA-3.jpeg 1600w\" sizes=\"(max-width: 300px) 100vw, 300px\" \/> <img loading=\"lazy\" class=\"alignnone size-medium wp-image-30182\" src=\"https:\/\/cuernavaca.gob.mx\/wp-content\/uploads\/2023\/07\/RECUPERACION-DE-VEHICULOS-CON-REPORTE-DE-ROBO-SE-HA-VUELTO-UNA-CONSTANTE-DE-LA-SEPRAC-EN-CUERNAVACA-4-300x300.jpeg\" alt=\"\" width=\"300\" height=\"300\" srcset=\"https:\/\/cuernavaca.gob.mx\/wp-content\/uploads\/2023\/07\/RECUPERACION-DE-VEHICULOS-CON-REPORTE-DE-ROBO-SE-HA-VUELTO-UNA-CONSTANTE-DE-LA-SEPRAC-EN-CUERNAVACA-4-300x300.jpeg 300w, https:\/\/cuernavaca.gob.mx\/wp-content\/uploads\/2023\/07\/RECUPERACION-DE-VEHICULOS-CON-REPORTE-DE-ROBO-SE-HA-VUELTO-UNA-CONSTANTE-DE-LA-SEPRAC-EN-CUERNAVACA-4-1024x1024.jpeg 1024w, https:\/\/cuernavaca.gob.mx\/wp-content\/uploads\/2023\/07\/RECUPERACION-DE-VEHICULOS-CON-REPORTE-DE-ROBO-SE-HA-VUELTO-UNA-CONSTANTE-DE-LA-SEPRAC-EN-CUERNAVACA-4-150x150.jpeg 150w, https:\/\/cuernavaca.gob.mx\/wp-content\/uploads\/2023\/07\/RECUPERACION-DE-VEHICULOS-CON-REPORTE-DE-ROBO-SE-HA-VUELTO-UNA-CONSTANTE-DE-LA-SEPRAC-EN-CUERNAVACA-4-768x768.jpeg 768w, https:\/\/cuernavaca.gob.mx\/wp-content\/uploads\/2023\/07\/RECUPERACION-DE-VEHICULOS-CON-REPORTE-DE-ROBO-SE-HA-VUELTO-UNA-CONSTANTE-DE-LA-SEPRAC-EN-CUERNAVACA-4-1536x1536.jpeg 1536w, https:\/\/cuernavaca.gob.mx\/wp-content\/uploads\/2023\/07\/RECUPERACION-DE-VEHICULOS-CON-REPORTE-DE-ROBO-SE-HA-VUELTO-UNA-CONSTANTE-DE-LA-SEPRAC-EN-CUERNAVACA-4-600x600.jpeg 600w, https:\/\/cuernavaca.gob.mx\/wp-content\/uploads\/2023\/07\/RECUPERACION-DE-VEHICULOS-CON-REPORTE-DE-ROBO-SE-HA-VUELTO-UNA-CONSTANTE-DE-LA-SEPRAC-EN-CUERNAVACA-4-560x560.jpeg 560w, https:\/\/cuernavaca.gob.mx\/wp-content\/uploads\/2023\/07\/RECUPERACION-DE-VEHICULOS-CON-REPORTE-DE-ROBO-SE-HA-VUELTO-UNA-CONSTANTE-DE-LA-SEPRAC-EN-CUERNAVACA-4.jpeg 1600w\" sizes=\"(max-width: 300px) 100vw, 300px\" \/> <img loading=\"lazy\" class=\"alignnone size-medium wp-image-30183\" src=\"https:\/\/cuernavaca.gob.mx\/wp-content\/uploads\/2023\/07\/RECUPERACION-DE-VEHICULOS-CON-REPORTE-DE-ROBO-SE-HA-VUELTO-UNA-CONSTANTE-DE-LA-SEPRAC-EN-CUERNAVACA-5-300x300.jpeg\" alt=\"\" width=\"300\" height=\"300\" srcset=\"https:\/\/cuernavaca.gob.mx\/wp-content\/uploads\/2023\/07\/RECUPERACION-DE-VEHICULOS-CON-REPORTE-DE-ROBO-SE-HA-VUELTO-UNA-CONSTANTE-DE-LA-SEPRAC-EN-CUERNAVACA-5-300x300.jpeg 300w, https:\/\/cuernavaca.gob.mx\/wp-content\/uploads\/2023\/07\/RECUPERACION-DE-VEHICULOS-CON-REPORTE-DE-ROBO-SE-HA-VUELTO-UNA-CONSTANTE-DE-LA-SEPRAC-EN-CUERNAVACA-5-1024x1024.jpeg 1024w, https:\/\/cuernavaca.gob.mx\/wp-content\/uploads\/2023\/07\/RECUPERACION-DE-VEHICULOS-CON-REPORTE-DE-ROBO-SE-HA-VUELTO-UNA-CONSTANTE-DE-LA-SEPRAC-EN-CUERNAVACA-5-150x150.jpeg 150w, https:\/\/cuernavaca.gob.mx\/wp-content\/uploads\/2023\/07\/RECUPERACION-DE-VEHICULOS-CON-REPORTE-DE-ROBO-SE-HA-VUELTO-UNA-CONSTANTE-DE-LA-SEPRAC-EN-CUERNAVACA-5-768x768.jpeg 768w, https:\/\/cuernavaca.gob.mx\/wp-content\/uploads\/2023\/07\/RECUPERACION-DE-VEHICULOS-CON-REPORTE-DE-ROBO-SE-HA-VUELTO-UNA-CONSTANTE-DE-LA-SEPRAC-EN-CUERNAVACA-5-1536x1536.jpeg 1536w, https:\/\/cuernavaca.gob.mx\/wp-content\/uploads\/2023\/07\/RECUPERACION-DE-VEHICULOS-CON-REPORTE-DE-ROBO-SE-HA-VUELTO-UNA-CONSTANTE-DE-LA-SEPRAC-EN-CUERNAVACA-5-600x600.jpeg 600w, https:\/\/cuernavaca.gob.mx\/wp-content\/uploads\/2023\/07\/RECUPERACION-DE-VEHICULOS-CON-REPORTE-DE-ROBO-SE-HA-VUELTO-UNA-CONSTANTE-DE-LA-SEPRAC-EN-CUERNAVACA-5-560x560.jpeg 560w, https:\/\/cuernavaca.gob.mx\/wp-content\/uploads\/2023\/07\/RECUPERACION-DE-VEHICULOS-CON-REPORTE-DE-ROBO-SE-HA-VUELTO-UNA-CONSTANTE-DE-LA-SEPRAC-EN-CUERNAVACA-5.jpeg 1600w\" sizes=\"(max-width: 300px) 100vw, 300px\" \/> <img loading=\"lazy\" class=\"alignnone size-medium wp-image-30184\" src=\"https:\/\/cuernavaca.gob.mx\/wp-content\/uploads\/2023\/07\/RECUPERACION-DE-VEHICULOS-CON-REPORTE-DE-ROBO-SE-HA-VUELTO-UNA-CONSTANTE-DE-LA-SEPRAC-EN-CUERNAVACA-6-300x300.jpeg\" alt=\"\" width=\"300\" height=\"300\" srcset=\"https:\/\/cuernavaca.gob.mx\/wp-content\/uploads\/2023\/07\/RECUPERACION-DE-VEHICULOS-CON-REPORTE-DE-ROBO-SE-HA-VUELTO-UNA-CONSTANTE-DE-LA-SEPRAC-EN-CUERNAVACA-6-300x300.jpeg 300w, https:\/\/cuernavaca.gob.mx\/wp-content\/uploads\/2023\/07\/RECUPERACION-DE-VEHICULOS-CON-REPORTE-DE-ROBO-SE-HA-VUELTO-UNA-CONSTANTE-DE-LA-SEPRAC-EN-CUERNAVACA-6-1024x1024.jpeg 1024w, https:\/\/cuernavaca.gob.mx\/wp-content\/uploads\/2023\/07\/RECUPERACION-DE-VEHICULOS-CON-REPORTE-DE-ROBO-SE-HA-VUELTO-UNA-CONSTANTE-DE-LA-SEPRAC-EN-CUERNAVACA-6-150x150.jpeg 150w, https:\/\/cuernavaca.gob.mx\/wp-content\/uploads\/2023\/07\/RECUPERACION-DE-VEHICULOS-CON-REPORTE-DE-ROBO-SE-HA-VUELTO-UNA-CONSTANTE-DE-LA-SEPRAC-EN-CUERNAVACA-6-768x768.jpeg 768w, https:\/\/cuernavaca.gob.mx\/wp-content\/uploads\/2023\/07\/RECUPERACION-DE-VEHICULOS-CON-REPORTE-DE-ROBO-SE-HA-VUELTO-UNA-CONSTANTE-DE-LA-SEPRAC-EN-CUERNAVACA-6-600x600.jpeg 600w, https:\/\/cuernavaca.gob.mx\/wp-content\/uploads\/2023\/07\/RECUPERACION-DE-VEHICULOS-CON-REPORTE-DE-ROBO-SE-HA-VUELTO-UNA-CONSTANTE-DE-LA-SEPRAC-EN-CUERNAVACA-6-560x560.jpeg 560w, https:\/\/cuernavaca.gob.mx\/wp-content\/uploads\/2023\/07\/RECUPERACION-DE-VEHICULOS-CON-REPORTE-DE-ROBO-SE-HA-VUELTO-UNA-CONSTANTE-DE-LA-SEPRAC-EN-CUERNAVACA-6.jpeg 1080w\" sizes=\"(max-width: 300px) 100vw, 300px\" \/><\/div>\n","protected":false},"excerpt":{"rendered":"<p>\u2022 Del 01 de enero al 01 de julio de 2023, han recuperado 97 veh\u00edculos y puesto a disposici\u00f3n del Ministerio P\u00fablico a 36 personas \u2022 Con respecto a las 36 personas detenidas, en 17 casos contaban con la posesi\u00f3n de veh\u00edculos con procedencia il\u00edcita y en 19 los veh\u00edculos en su posesi\u00f3n ten\u00edan alteraci\u00f3n [&hellip;]<\/p>\n","protected":false},"author":1,"featured_media":30182,"comment_status":"closed","ping_status":"open","sticky":false,"template":"","format":"standard","meta":[],"categories":[17],"tags":[2843,121,120,206,2501,125],"aioseo_notices":[],"_links":{"self":[{"href":"https:\/\/cuernavaca.gob.mx\/index.php?rest_route=\/wp\/v2\/posts\/30178"}],"collection":[{"href":"https:\/\/cuernavaca.gob.mx\/index.php?rest_route=\/wp\/v2\/posts"}],"about":[{"href":"https:\/\/cuernavaca.gob.mx\/index.php?rest_route=\/wp\/v2\/types\/post"}],"author":[{"embeddable":true,"href":"https:\/\/cuernavaca.gob.mx\/index.php?rest_route=\/wp\/v2\/users\/1"}],"replies":[{"embeddable":true,"href":"https:\/\/cuernavaca.gob.mx\/index.php?rest_route=%2Fwp%2Fv2%2Fcomments&post=30178"}],"version-history":[{"count":1,"href":"https:\/\/cuernavaca.gob.mx\/index.php?rest_route=\/wp\/v2\/posts\/30178\/revisions"}],"predecessor-version":[{"id":30185,"href":"https:\/\/cuernavaca.gob.mx\/index.php?rest_route=\/wp\/v2\/posts\/30178\/revisions\/30185"}],"wp:featuredmedia":[{"embeddable":true,"href":"https:\/\/cuernavaca.gob.mx\/index.php?rest_route=\/wp\/v2\/media\/30182"}],"wp:attachment":[{"href":"https:\/\/cuernavaca.gob.mx\/index.php?rest_route=%2Fwp%2Fv2%2Fmedia&parent=30178"}],"wp:term":[{"taxonomy":"category","embeddable":true,"href":"https:\/\/cuernavaca.gob.mx\/index.php?rest_route=%2Fwp%2Fv2%2Fcategories&post=30178"},{"taxonomy":"post_tag","embeddable":true,"href":"https:\/\/cuernavaca.gob.mx\/index.php?rest_route=%2Fwp%2Fv2%2Ftags&post=30178"}],"curies":[{"name":"wp","href":"https:\/\/api.w.org\/{rel}","templated":true}]}}