{"id":30267,"date":"2023-07-10T18:22:21","date_gmt":"2023-07-11T00:22:21","guid":{"rendered":"https:\/\/cuernavaca.gob.mx\/?p=30267"},"modified":"2025-05-06T12:42:46","modified_gmt":"2025-05-06T18:42:46","slug":"b1118-10-08-23-acompanara-la-seprac-la-ix-caminata-por-la-paz-en-cuernavaca-convocada-por-la-diocesis-de-cuernavaca","status":"publish","type":"post","link":"https:\/\/cuernavaca.gob.mx\/?p=30267","title":{"rendered":"B1118 10\/08\/23 ACOMPA\u00d1AR\u00c1 LA SEPRAC LA IX CAMINATA POR LA PAZ EN CUERNAVACA CONVOCADA POR LA DI\u00d3CESIS DE CUERNAVACA"},"content":{"rendered":"<p><strong>\u2022 La titular de SEPRAC, Alicia V\u00e1zquez inform\u00f3 que, atendiendo indicaciones del presidente municipal, trabajan de manera coordinada con la Di\u00f3cesis de Cuernavaca para definir la log\u00edstica y recorrido de este contingente<\/strong><\/p>\n<p><strong>\u2022 Las vialidades que estar\u00e1n cerradas direcci\u00f3n norte a sur son avenida Emiliano Zapata y avenida Morelos hasta la Catedral; y las avenidas \u00c1lvaro Obreg\u00f3n y Boulevard Ju\u00e1rez ser\u00e1n ocupadas como estacionamiento<\/strong><\/p>\n<p>A fin de mantener el orden y salvaguardar la integridad de la poblaci\u00f3n asistente, la Secretar\u00eda de Protecci\u00f3n y Auxilio Ciudadano de Cuernavaca (SEPRAC) implementar\u00e1 un dispositivo de acompa\u00f1amiento y seguridad en la IX Caminata por la Paz, convocada este s\u00e1bado 15 de julio por la Di\u00f3cesis de Cuernavaca.<\/p>\n<p>En conferencia de prensa, la titular de SEPRAC, Alicia V\u00e1zquez Luna, inform\u00f3 que, atendiendo indicaciones del presidente municipal, Jos\u00e9 Luis Uri\u00f3stegui Salgado, trabajaron de manera coordinada con representantes de la Di\u00f3cesis de Cuernavaca para definir la log\u00edstica de este contingente que a\u00f1o con a\u00f1o tiene presencia en la ciudad, dando a conocer en las redes sociales de SEPRAC los puntos de reuni\u00f3n y las calles que permanecer\u00e1n cerradas, mientras que elementos de la Polic\u00eda Vial estar\u00e1n a cargo de guiar a los conductores en las v\u00edas alternas.<\/p>\n<p>Por su lado, el encargado de la Dimensi\u00f3n de Fe y Compromiso Social, responsable de la Caminata por la Paz, Jos\u00e9 Luis Medina Cano, agradeci\u00f3 el apoyo brindado por el Ayuntamiento capitalino que apoyar\u00e1 con la polic\u00eda de Vialidad durante el cierre de las calles a partir de las 08:00 hasta las 12:00 horas, en la caminata que parte del Santuario de Tlaltenango para llegar a la parroquia San Jos\u00e9 El Calvario y continuar hasta terminar en la Catedral de Cuernavaca, por las avenidas Emiliano Zapata y Morelos.<\/p>\n<p>Inform\u00f3 que durante el recorrido el obispo Ram\u00f3n Castro Castro estar\u00e1 visitando alrededor de 10 a 12 hogares que han vivido diferentes formas de violencia, donde har\u00e1 una oraci\u00f3n de aproximadamente dos minutos para posteriormente entregarles un signo de esperanza y continuar la caminata.<\/p>\n<p>\u201cAgradecemos mucho la cercan\u00eda que ha tenido la Secretar\u00eda de Protecci\u00f3n y Auxilio Ciudadano de Cuernavaca con la iglesia para poder prever el mejor desarrollo de esta IX Caminata por la Paz\u201d, acot\u00f3 el presb\u00edtero<\/p>\n<p>El director de la Polic\u00eda Vial de Cuernavaca, Javier Tencle Santiago, destac\u00f3 que las vialidades que estar\u00e1n cerradas son avenida Emiliano Zapata desde Tlaltenango, en continuaci\u00f3n con avenida Morelos, pasando por El Calvario hasta la Catedral de Cuernavaca.<\/p>\n<p>Las avenidas \u00c1lvaro Obreg\u00f3n a la altura del Jard\u00edn Borda hasta la Mega Soriana, as\u00ed como Boulevard Ju\u00e1rez, ser\u00e1n ocupadas como estacionamiento para autobuses y otras unidades de transporte de los participantes en la Caminata por la Paz.<\/p>\n<p><img loading=\"lazy\" class=\"alignnone size-medium wp-image-30268\" src=\"https:\/\/cuernavaca.gob.mx\/wp-content\/uploads\/2023\/07\/IX-CAMINATA-POR-LA-PAZ-EN-CUERNAVACA-CONVOCADA-POR-LA-DIO\u0301CESIS-DE-CUERNAVACA-1-300x200.jpg\" alt=\"\" width=\"300\" height=\"200\" srcset=\"https:\/\/cuernavaca.gob.mx\/wp-content\/uploads\/2023\/07\/IX-CAMINATA-POR-LA-PAZ-EN-CUERNAVACA-CONVOCADA-POR-LA-DIO\u0301CESIS-DE-CUERNAVACA-1-300x200.jpg 300w, https:\/\/cuernavaca.gob.mx\/wp-content\/uploads\/2023\/07\/IX-CAMINATA-POR-LA-PAZ-EN-CUERNAVACA-CONVOCADA-POR-LA-DIO\u0301CESIS-DE-CUERNAVACA-1-1024x682.jpg 1024w, https:\/\/cuernavaca.gob.mx\/wp-content\/uploads\/2023\/07\/IX-CAMINATA-POR-LA-PAZ-EN-CUERNAVACA-CONVOCADA-POR-LA-DIO\u0301CESIS-DE-CUERNAVACA-1-768x512.jpg 768w, https:\/\/cuernavaca.gob.mx\/wp-content\/uploads\/2023\/07\/IX-CAMINATA-POR-LA-PAZ-EN-CUERNAVACA-CONVOCADA-POR-LA-DIO\u0301CESIS-DE-CUERNAVACA-1-600x400.jpg 600w, https:\/\/cuernavaca.gob.mx\/wp-content\/uploads\/2023\/07\/IX-CAMINATA-POR-LA-PAZ-EN-CUERNAVACA-CONVOCADA-POR-LA-DIO\u0301CESIS-DE-CUERNAVACA-1-560x373.jpg 560w, https:\/\/cuernavaca.gob.mx\/wp-content\/uploads\/2023\/07\/IX-CAMINATA-POR-LA-PAZ-EN-CUERNAVACA-CONVOCADA-POR-LA-DIO\u0301CESIS-DE-CUERNAVACA-1.jpg 1280w\" sizes=\"(max-width: 300px) 100vw, 300px\" \/> <img loading=\"lazy\" class=\"alignnone size-medium wp-image-30271\" src=\"https:\/\/cuernavaca.gob.mx\/wp-content\/uploads\/2023\/07\/IX-CAMINATA-POR-LA-PAZ-EN-CUERNAVACA-CONVOCADA-POR-LA-DIO\u0301CESIS-DE-CUERNAVACA-4-300x200.jpg\" alt=\"\" width=\"300\" height=\"200\" srcset=\"https:\/\/cuernavaca.gob.mx\/wp-content\/uploads\/2023\/07\/IX-CAMINATA-POR-LA-PAZ-EN-CUERNAVACA-CONVOCADA-POR-LA-DIO\u0301CESIS-DE-CUERNAVACA-4-300x200.jpg 300w, https:\/\/cuernavaca.gob.mx\/wp-content\/uploads\/2023\/07\/IX-CAMINATA-POR-LA-PAZ-EN-CUERNAVACA-CONVOCADA-POR-LA-DIO\u0301CESIS-DE-CUERNAVACA-4-1024x682.jpg 1024w, https:\/\/cuernavaca.gob.mx\/wp-content\/uploads\/2023\/07\/IX-CAMINATA-POR-LA-PAZ-EN-CUERNAVACA-CONVOCADA-POR-LA-DIO\u0301CESIS-DE-CUERNAVACA-4-768x512.jpg 768w, https:\/\/cuernavaca.gob.mx\/wp-content\/uploads\/2023\/07\/IX-CAMINATA-POR-LA-PAZ-EN-CUERNAVACA-CONVOCADA-POR-LA-DIO\u0301CESIS-DE-CUERNAVACA-4-600x400.jpg 600w, https:\/\/cuernavaca.gob.mx\/wp-content\/uploads\/2023\/07\/IX-CAMINATA-POR-LA-PAZ-EN-CUERNAVACA-CONVOCADA-POR-LA-DIO\u0301CESIS-DE-CUERNAVACA-4-560x373.jpg 560w, https:\/\/cuernavaca.gob.mx\/wp-content\/uploads\/2023\/07\/IX-CAMINATA-POR-LA-PAZ-EN-CUERNAVACA-CONVOCADA-POR-LA-DIO\u0301CESIS-DE-CUERNAVACA-4.jpg 1280w\" sizes=\"(max-width: 300px) 100vw, 300px\" \/> <img loading=\"lazy\" class=\"alignnone size-medium wp-image-30270\" src=\"https:\/\/cuernavaca.gob.mx\/wp-content\/uploads\/2023\/07\/IX-CAMINATA-POR-LA-PAZ-EN-CUERNAVACA-CONVOCADA-POR-LA-DIO\u0301CESIS-DE-CUERNAVACA-3-300x201.jpg\" alt=\"\" width=\"300\" height=\"201\" srcset=\"https:\/\/cuernavaca.gob.mx\/wp-content\/uploads\/2023\/07\/IX-CAMINATA-POR-LA-PAZ-EN-CUERNAVACA-CONVOCADA-POR-LA-DIO\u0301CESIS-DE-CUERNAVACA-3-300x201.jpg 300w, https:\/\/cuernavaca.gob.mx\/wp-content\/uploads\/2023\/07\/IX-CAMINATA-POR-LA-PAZ-EN-CUERNAVACA-CONVOCADA-POR-LA-DIO\u0301CESIS-DE-CUERNAVACA-3-1024x686.jpg 1024w, https:\/\/cuernavaca.gob.mx\/wp-content\/uploads\/2023\/07\/IX-CAMINATA-POR-LA-PAZ-EN-CUERNAVACA-CONVOCADA-POR-LA-DIO\u0301CESIS-DE-CUERNAVACA-3-768x514.jpg 768w, https:\/\/cuernavaca.gob.mx\/wp-content\/uploads\/2023\/07\/IX-CAMINATA-POR-LA-PAZ-EN-CUERNAVACA-CONVOCADA-POR-LA-DIO\u0301CESIS-DE-CUERNAVACA-3-600x402.jpg 600w, https:\/\/cuernavaca.gob.mx\/wp-content\/uploads\/2023\/07\/IX-CAMINATA-POR-LA-PAZ-EN-CUERNAVACA-CONVOCADA-POR-LA-DIO\u0301CESIS-DE-CUERNAVACA-3-560x375.jpg 560w, https:\/\/cuernavaca.gob.mx\/wp-content\/uploads\/2023\/07\/IX-CAMINATA-POR-LA-PAZ-EN-CUERNAVACA-CONVOCADA-POR-LA-DIO\u0301CESIS-DE-CUERNAVACA-3.jpg 1280w\" sizes=\"(max-width: 300px) 100vw, 300px\" \/> <img loading=\"lazy\" class=\"alignnone size-medium wp-image-30269\" src=\"https:\/\/cuernavaca.gob.mx\/wp-content\/uploads\/2023\/07\/IX-CAMINATA-POR-LA-PAZ-EN-CUERNAVACA-CONVOCADA-POR-LA-DIO\u0301CESIS-DE-CUERNAVACA-2-300x200.jpg\" alt=\"\" width=\"300\" height=\"200\" srcset=\"https:\/\/cuernavaca.gob.mx\/wp-content\/uploads\/2023\/07\/IX-CAMINATA-POR-LA-PAZ-EN-CUERNAVACA-CONVOCADA-POR-LA-DIO\u0301CESIS-DE-CUERNAVACA-2-300x200.jpg 300w, https:\/\/cuernavaca.gob.mx\/wp-content\/uploads\/2023\/07\/IX-CAMINATA-POR-LA-PAZ-EN-CUERNAVACA-CONVOCADA-POR-LA-DIO\u0301CESIS-DE-CUERNAVACA-2-1024x682.jpg 1024w, https:\/\/cuernavaca.gob.mx\/wp-content\/uploads\/2023\/07\/IX-CAMINATA-POR-LA-PAZ-EN-CUERNAVACA-CONVOCADA-POR-LA-DIO\u0301CESIS-DE-CUERNAVACA-2-768x512.jpg 768w, https:\/\/cuernavaca.gob.mx\/wp-content\/uploads\/2023\/07\/IX-CAMINATA-POR-LA-PAZ-EN-CUERNAVACA-CONVOCADA-POR-LA-DIO\u0301CESIS-DE-CUERNAVACA-2-600x400.jpg 600w, https:\/\/cuernavaca.gob.mx\/wp-content\/uploads\/2023\/07\/IX-CAMINATA-POR-LA-PAZ-EN-CUERNAVACA-CONVOCADA-POR-LA-DIO\u0301CESIS-DE-CUERNAVACA-2-560x373.jpg 560w, https:\/\/cuernavaca.gob.mx\/wp-content\/uploads\/2023\/07\/IX-CAMINATA-POR-LA-PAZ-EN-CUERNAVACA-CONVOCADA-POR-LA-DIO\u0301CESIS-DE-CUERNAVACA-2.jpg 1280w\" sizes=\"(max-width: 300px) 100vw, 300px\" \/><\/p>\n","protected":false},"excerpt":{"rendered":"<p>\u2022 La titular de SEPRAC, Alicia V\u00e1zquez inform\u00f3 que, atendiendo indicaciones del presidente municipal, trabajan de manera coordinada con la Di\u00f3cesis de Cuernavaca para definir la log\u00edstica y recorrido de este contingente \u2022 Las vialidades que estar\u00e1n cerradas direcci\u00f3n norte a sur son avenida Emiliano Zapata y avenida Morelos hasta la Catedral; y las avenidas [&hellip;]<\/p>\n","protected":false},"author":1,"featured_media":30268,"comment_status":"closed","ping_status":"open","sticky":false,"template":"","format":"standard","meta":[],"categories":[17],"tags":[121,3196,120,367,3197,3195,206,125],"aioseo_notices":[],"_links":{"self":[{"href":"https:\/\/cuernavaca.gob.mx\/index.php?rest_route=\/wp\/v2\/posts\/30267"}],"collection":[{"href":"https:\/\/cuernavaca.gob.mx\/index.php?rest_route=\/wp\/v2\/posts"}],"about":[{"href":"https:\/\/cuernavaca.gob.mx\/index.php?rest_route=\/wp\/v2\/types\/post"}],"author":[{"embeddable":true,"href":"https:\/\/cuernavaca.gob.mx\/index.php?rest_route=\/wp\/v2\/users\/1"}],"replies":[{"embeddable":true,"href":"https:\/\/cuernavaca.gob.mx\/index.php?rest_route=%2Fwp%2Fv2%2Fcomments&post=30267"}],"version-history":[{"count":1,"href":"https:\/\/cuernavaca.gob.mx\/index.php?rest_route=\/wp\/v2\/posts\/30267\/revisions"}],"predecessor-version":[{"id":30272,"href":"https:\/\/cuernavaca.gob.mx\/index.php?rest_route=\/wp\/v2\/posts\/30267\/revisions\/30272"}],"wp:featuredmedia":[{"embeddable":true,"href":"https:\/\/cuernavaca.gob.mx\/index.php?rest_route=\/wp\/v2\/media\/30268"}],"wp:attachment":[{"href":"https:\/\/cuernavaca.gob.mx\/index.php?rest_route=%2Fwp%2Fv2%2Fmedia&parent=30267"}],"wp:term":[{"taxonomy":"category","embeddable":true,"href":"https:\/\/cuernavaca.gob.mx\/index.php?rest_route=%2Fwp%2Fv2%2Fcategories&post=30267"},{"taxonomy":"post_tag","embeddable":true,"href":"https:\/\/cuernavaca.gob.mx\/index.php?rest_route=%2Fwp%2Fv2%2Ftags&post=30267"}],"curies":[{"name":"wp","href":"https:\/\/api.w.org\/{rel}","templated":true}]}}