{"id":30369,"date":"2023-07-13T18:16:37","date_gmt":"2023-07-14T00:16:37","guid":{"rendered":"https:\/\/cuernavaca.gob.mx\/?p=30369"},"modified":"2025-05-06T12:42:45","modified_gmt":"2025-05-06T18:42:45","slug":"b1124-13-07-23-ambientalistas-arboristas-y-el-ayuntamiento-dan-inicio-al-programa-de-identificacion-de-arboles-patrimonio-de-cuernavaca","status":"publish","type":"post","link":"https:\/\/cuernavaca.gob.mx\/?p=30369","title":{"rendered":"B1124 13\/07\/23  AMBIENTALISTAS, ARBORISTAS Y EL AYUNTAMIENTO DAN INICIO AL PROGRAMA DE IDENTIFICACI\u00d3N DE ARBOLES PATRIMONIO DE CUERNAVACA"},"content":{"rendered":"<p>\u2022 El presidente municipal, Jos\u00e9 Luis Uri\u00f3stegui, encabez\u00f3 la ceremonia de develaci\u00f3n de la placa del primer \u00e1rbol patrimonial, un Amate Prieto (Ficus Cotinifolia) de m\u00e1s de 200 a\u00f1os de edad ubicado en la barranca del Tecoyuco<\/p>\n<p>\u2022 La ciudadan\u00eda y agrupaciones de la sociedad civil podr\u00e1n sumarse a este trabajo postulando ante el Gobierno Municipal los ejemplares arb\u00f3reos que consideren pueden catalogarse a fin de garantizar su conservaci\u00f3n<\/p>\n<p>C\u00f3mo parte de las acciones que buscan que Cuernavaca preserve el calificativo de la ciudad de la Eterna Primavera, este jueves el presidente municipal, Jos\u00e9 Luis Uri\u00f3stegui Salgado, acompa\u00f1ado de integrantes del Cabildo y Gabinete, as\u00ed como de ecologistas y acad\u00e9micos expertos en la materia, encabez\u00f3 la ceremonia de develaci\u00f3n de la placa del primer \u00e1rbol patrimonial del municipio, un Amate (Ficus Cotinifolia) de m\u00e1s de 200 a\u00f1os de edad ubicado en la barranca del Tecoyuco en el poblado de Chamilpa.<\/p>\n<p>En el marco del D\u00eda Nacional del \u00c1rbol, se dio inicio a esta convocatoria que emana de la iniciativa ciudadana, impulsada por Amate Arborismo Profesional, Guardianes de Los \u00c1rboles A.C, y Acci\u00f3n Ecol\u00f3gica A.C., con la asesor\u00eda t\u00e9cnica del bi\u00f3logo y arborista Juan Pablo Plata Mart\u00edn y de Lorena Mart\u00ednez de la Asociaci\u00f3n Mexicana de Arboricultur (AMA), trabajo que es coordinado con la Secretar\u00eda de Desarrollo Sustentable y Servicios P\u00fablicos del Ayuntamiento de Cuernavaca y la Regidur\u00eda de Protecci\u00f3n Ambiental y Desarrollo Sustentable.<\/p>\n<p>Teniendo como escenario la barranca del Tecoyuco, \u00e1rea ecol\u00f3gica de suma relevancia en la capital morelense, Jos\u00e9 Luis Uri\u00f3stegui resalt\u00f3 la importancia que tiene este decreto aprobado desde el Cabildo, en el cual se consideran como \u00e1rboles patrimoniales y notables 12 ejemplares que tienen caracter\u00edsticas definidas que fueron concretadas con apoyo de los expertos y que estar\u00e1 aparejado, no solo con la actualizaci\u00f3n del Programa de Ordenamiento Urbano Sustentable, del Programa de Ordenamiento Ecol\u00f3gico Territorial y del Atlas de Riesgos, sino tambi\u00e9n con la emisi\u00f3n de un Cat\u00e1logo Arb\u00f3reo.<\/p>\n<p>Explic\u00f3 que este documento permitir\u00e1 a la ciudad sustituir algunas especies por otras nativas de mayor resistencia, de menor exigencia en cuanto a su mantenimiento, tanto de agua como de otros aspectos, que permitan prolongar su vida, e ir sustituyendo los que se van perdiendo por plagas, ca\u00eddas, entre otras circunstancias, \u201cesto tiene que dejarse para las siguientes generaciones, no podemos pensar en resolver un problema de la actualidad sin ver a 10, 20, 30 o 50 a\u00f1os y que \u00e1rboles como estos nos vean pasar y que sean enriquecidos, tanto en sus historias como en la preservaci\u00f3n de la copa y los troncos\u201d.<\/p>\n<p>El bi\u00f3logo y arborista Juan Pablo Plata Mart\u00edn indic\u00f3 que la belleza y singularidad de este amate consta, adem\u00e1s de su antig\u00fcedad, en su tama\u00f1o monumental, teniendo una superficie de mil metros cuadrados, midiendo en el di\u00e1metro m\u00e1ximo de copa 40 metros, en tanto su circunferencia es de casi nueve metros, por lo que es considerado como \u00fanico e irremplazable, \u201cpor eso en esta labor en conjunto entre sociedad civil organizada, la parte privada y las autoridades estamos buscando que se protejan porque son insustituibles, tumbar un \u00e1rbol de estos no va a ser sustituido ni por mil \u00e1rboles m\u00e1s\u201d.<\/p>\n<p>En este contexto, la regidora presidenta de la Comisi\u00f3n de Protecci\u00f3n Ambiental y Desarrollo Sustentable, Wendi Salinas Ruiz, resalt\u00f3 que desde el inicio de la presente administraci\u00f3n la sostenibilidad y sustentabilidad del municipio han sido ejes transversales de trabajo, siendo esta pol\u00edtica p\u00fablica un ejemplo de ello, en la que se est\u00e1 volteando a ver al patrimonio natural con una perspectiva de cuidado contando con la colaboraci\u00f3n de asociaciones y especialistas en la materia, ya que no cualquiera pueda intervenir un \u00e1rbol.<\/p>\n<p>Al uso de la palabra, Flora Guerrero Goff, en representaci\u00f3n de Guardianes de Los \u00c1rboles A.C, resalt\u00f3 que la ciudadan\u00eda y agrupaciones de la sociedad civil podr\u00e1n sumarse a este trabajo postulando ante el Ayuntamiento de Cuernavaca a aquellos ejemplares arb\u00f3reos que consideren pueden catalogarse como patrimoniales y\/o notables, siendo el Comit\u00e9 Ejecutivo del Programa de Ordenamiento Ecol\u00f3gico Territorial, en el cual participan, quien decida si el \u00e1rbol postulado cumple con los criterios para recibir esta placa que tiene como prop\u00f3sito garantizar su conservaci\u00f3n y preservaci\u00f3n.<\/p>\n<p>En esta ceremonia protocolaria, el ayudante municipal de Chamilpa, Miguel David Hern\u00e1ndez Albarr\u00e1n y la representaci\u00f3n del presidente del Comisariado de Bienes Comunales de Chamilpa, Obdulio Navarro Barrios, se comprometieron a contribuir en el cuidado de este ejemplar que es una muestra de la historia de este poblado ubicado al norte de la ciudad.<\/p>\n<p>Al evento asistieron la s\u00edndica municipal, Ver\u00f3nica Atenco P\u00e9rez; los regidores Mirna Delgado Romero, Patricia Torres Rosales, Fernando Carrillo Alvarado y Christian P\u00e9rez Jaimes; el secretario de Desarrollo Sustentable y Servicios P\u00fablicos, Israel Albavera V\u00e1zquez; el director general de Desarrollo Sustentable, Jos\u00e9 Alfredo Rodr\u00edguez San Cipri\u00e1n, quien particip\u00f3 de manera activa en estos trabajos; la directora general de SAPAC, Evelia Flores Hern\u00e1ndez; as\u00ed como la directora general del Instituto de la Mujer de Cuernavaca (IMC), Lorena Castillo Castillo.<\/p>\n<p><img loading=\"lazy\" class=\"alignnone size-medium wp-image-30370\" src=\"https:\/\/cuernavaca.gob.mx\/wp-content\/uploads\/2023\/07\/AMBIENTALISTAS-ARBORISTAS-Y-EL-AYUNTAMIENTO-DAN-INICIO-AL-PROGRAMA-DE-IDENTIFICACIO\u0301N-DE-ARBOLES-PATRIMONIO-DE-CUERNAVACA-1-300x200.jpg\" alt=\"\" width=\"300\" height=\"200\" srcset=\"https:\/\/cuernavaca.gob.mx\/wp-content\/uploads\/2023\/07\/AMBIENTALISTAS-ARBORISTAS-Y-EL-AYUNTAMIENTO-DAN-INICIO-AL-PROGRAMA-DE-IDENTIFICACIO\u0301N-DE-ARBOLES-PATRIMONIO-DE-CUERNAVACA-1-300x200.jpg 300w, https:\/\/cuernavaca.gob.mx\/wp-content\/uploads\/2023\/07\/AMBIENTALISTAS-ARBORISTAS-Y-EL-AYUNTAMIENTO-DAN-INICIO-AL-PROGRAMA-DE-IDENTIFICACIO\u0301N-DE-ARBOLES-PATRIMONIO-DE-CUERNAVACA-1-1024x682.jpg 1024w, https:\/\/cuernavaca.gob.mx\/wp-content\/uploads\/2023\/07\/AMBIENTALISTAS-ARBORISTAS-Y-EL-AYUNTAMIENTO-DAN-INICIO-AL-PROGRAMA-DE-IDENTIFICACIO\u0301N-DE-ARBOLES-PATRIMONIO-DE-CUERNAVACA-1-768x512.jpg 768w, https:\/\/cuernavaca.gob.mx\/wp-content\/uploads\/2023\/07\/AMBIENTALISTAS-ARBORISTAS-Y-EL-AYUNTAMIENTO-DAN-INICIO-AL-PROGRAMA-DE-IDENTIFICACIO\u0301N-DE-ARBOLES-PATRIMONIO-DE-CUERNAVACA-1-1536x1023.jpg 1536w, https:\/\/cuernavaca.gob.mx\/wp-content\/uploads\/2023\/07\/AMBIENTALISTAS-ARBORISTAS-Y-EL-AYUNTAMIENTO-DAN-INICIO-AL-PROGRAMA-DE-IDENTIFICACIO\u0301N-DE-ARBOLES-PATRIMONIO-DE-CUERNAVACA-1-600x400.jpg 600w, https:\/\/cuernavaca.gob.mx\/wp-content\/uploads\/2023\/07\/AMBIENTALISTAS-ARBORISTAS-Y-EL-AYUNTAMIENTO-DAN-INICIO-AL-PROGRAMA-DE-IDENTIFICACIO\u0301N-DE-ARBOLES-PATRIMONIO-DE-CUERNAVACA-1-560x373.jpg 560w, https:\/\/cuernavaca.gob.mx\/wp-content\/uploads\/2023\/07\/AMBIENTALISTAS-ARBORISTAS-Y-EL-AYUNTAMIENTO-DAN-INICIO-AL-PROGRAMA-DE-IDENTIFICACIO\u0301N-DE-ARBOLES-PATRIMONIO-DE-CUERNAVACA-1.jpg 1600w\" sizes=\"(max-width: 300px) 100vw, 300px\" \/> <img loading=\"lazy\" class=\"alignnone size-medium wp-image-30371\" src=\"https:\/\/cuernavaca.gob.mx\/wp-content\/uploads\/2023\/07\/AMBIENTALISTAS-ARBORISTAS-Y-EL-AYUNTAMIENTO-DAN-INICIO-AL-PROGRAMA-DE-IDENTIFICACIO\u0301N-DE-ARBOLES-PATRIMONIO-DE-CUERNAVACA-2-300x200.jpg\" alt=\"\" width=\"300\" height=\"200\" srcset=\"https:\/\/cuernavaca.gob.mx\/wp-content\/uploads\/2023\/07\/AMBIENTALISTAS-ARBORISTAS-Y-EL-AYUNTAMIENTO-DAN-INICIO-AL-PROGRAMA-DE-IDENTIFICACIO\u0301N-DE-ARBOLES-PATRIMONIO-DE-CUERNAVACA-2-300x200.jpg 300w, https:\/\/cuernavaca.gob.mx\/wp-content\/uploads\/2023\/07\/AMBIENTALISTAS-ARBORISTAS-Y-EL-AYUNTAMIENTO-DAN-INICIO-AL-PROGRAMA-DE-IDENTIFICACIO\u0301N-DE-ARBOLES-PATRIMONIO-DE-CUERNAVACA-2-1024x682.jpg 1024w, https:\/\/cuernavaca.gob.mx\/wp-content\/uploads\/2023\/07\/AMBIENTALISTAS-ARBORISTAS-Y-EL-AYUNTAMIENTO-DAN-INICIO-AL-PROGRAMA-DE-IDENTIFICACIO\u0301N-DE-ARBOLES-PATRIMONIO-DE-CUERNAVACA-2-768x512.jpg 768w, https:\/\/cuernavaca.gob.mx\/wp-content\/uploads\/2023\/07\/AMBIENTALISTAS-ARBORISTAS-Y-EL-AYUNTAMIENTO-DAN-INICIO-AL-PROGRAMA-DE-IDENTIFICACIO\u0301N-DE-ARBOLES-PATRIMONIO-DE-CUERNAVACA-2-1536x1023.jpg 1536w, https:\/\/cuernavaca.gob.mx\/wp-content\/uploads\/2023\/07\/AMBIENTALISTAS-ARBORISTAS-Y-EL-AYUNTAMIENTO-DAN-INICIO-AL-PROGRAMA-DE-IDENTIFICACIO\u0301N-DE-ARBOLES-PATRIMONIO-DE-CUERNAVACA-2-600x400.jpg 600w, https:\/\/cuernavaca.gob.mx\/wp-content\/uploads\/2023\/07\/AMBIENTALISTAS-ARBORISTAS-Y-EL-AYUNTAMIENTO-DAN-INICIO-AL-PROGRAMA-DE-IDENTIFICACIO\u0301N-DE-ARBOLES-PATRIMONIO-DE-CUERNAVACA-2-560x373.jpg 560w, https:\/\/cuernavaca.gob.mx\/wp-content\/uploads\/2023\/07\/AMBIENTALISTAS-ARBORISTAS-Y-EL-AYUNTAMIENTO-DAN-INICIO-AL-PROGRAMA-DE-IDENTIFICACIO\u0301N-DE-ARBOLES-PATRIMONIO-DE-CUERNAVACA-2.jpg 1600w\" sizes=\"(max-width: 300px) 100vw, 300px\" \/> <img loading=\"lazy\" class=\"alignnone size-medium wp-image-30372\" src=\"https:\/\/cuernavaca.gob.mx\/wp-content\/uploads\/2023\/07\/AMBIENTALISTAS-ARBORISTAS-Y-EL-AYUNTAMIENTO-DAN-INICIO-AL-PROGRAMA-DE-IDENTIFICACIO\u0301N-DE-ARBOLES-PATRIMONIO-DE-CUERNAVACA-3-300x200.jpg\" alt=\"\" width=\"300\" height=\"200\" srcset=\"https:\/\/cuernavaca.gob.mx\/wp-content\/uploads\/2023\/07\/AMBIENTALISTAS-ARBORISTAS-Y-EL-AYUNTAMIENTO-DAN-INICIO-AL-PROGRAMA-DE-IDENTIFICACIO\u0301N-DE-ARBOLES-PATRIMONIO-DE-CUERNAVACA-3-300x200.jpg 300w, https:\/\/cuernavaca.gob.mx\/wp-content\/uploads\/2023\/07\/AMBIENTALISTAS-ARBORISTAS-Y-EL-AYUNTAMIENTO-DAN-INICIO-AL-PROGRAMA-DE-IDENTIFICACIO\u0301N-DE-ARBOLES-PATRIMONIO-DE-CUERNAVACA-3-1024x682.jpg 1024w, https:\/\/cuernavaca.gob.mx\/wp-content\/uploads\/2023\/07\/AMBIENTALISTAS-ARBORISTAS-Y-EL-AYUNTAMIENTO-DAN-INICIO-AL-PROGRAMA-DE-IDENTIFICACIO\u0301N-DE-ARBOLES-PATRIMONIO-DE-CUERNAVACA-3-768x512.jpg 768w, https:\/\/cuernavaca.gob.mx\/wp-content\/uploads\/2023\/07\/AMBIENTALISTAS-ARBORISTAS-Y-EL-AYUNTAMIENTO-DAN-INICIO-AL-PROGRAMA-DE-IDENTIFICACIO\u0301N-DE-ARBOLES-PATRIMONIO-DE-CUERNAVACA-3-600x400.jpg 600w, https:\/\/cuernavaca.gob.mx\/wp-content\/uploads\/2023\/07\/AMBIENTALISTAS-ARBORISTAS-Y-EL-AYUNTAMIENTO-DAN-INICIO-AL-PROGRAMA-DE-IDENTIFICACIO\u0301N-DE-ARBOLES-PATRIMONIO-DE-CUERNAVACA-3-560x373.jpg 560w, https:\/\/cuernavaca.gob.mx\/wp-content\/uploads\/2023\/07\/AMBIENTALISTAS-ARBORISTAS-Y-EL-AYUNTAMIENTO-DAN-INICIO-AL-PROGRAMA-DE-IDENTIFICACIO\u0301N-DE-ARBOLES-PATRIMONIO-DE-CUERNAVACA-3.jpg 1280w\" sizes=\"(max-width: 300px) 100vw, 300px\" \/> <img loading=\"lazy\" class=\"alignnone size-medium wp-image-30373\" src=\"https:\/\/cuernavaca.gob.mx\/wp-content\/uploads\/2023\/07\/AMBIENTALISTAS-ARBORISTAS-Y-EL-AYUNTAMIENTO-DAN-INICIO-AL-PROGRAMA-DE-IDENTIFICACIO\u0301N-DE-ARBOLES-PATRIMONIO-DE-CUERNAVACA-4-300x200.jpg\" alt=\"\" width=\"300\" height=\"200\" srcset=\"https:\/\/cuernavaca.gob.mx\/wp-content\/uploads\/2023\/07\/AMBIENTALISTAS-ARBORISTAS-Y-EL-AYUNTAMIENTO-DAN-INICIO-AL-PROGRAMA-DE-IDENTIFICACIO\u0301N-DE-ARBOLES-PATRIMONIO-DE-CUERNAVACA-4-300x200.jpg 300w, https:\/\/cuernavaca.gob.mx\/wp-content\/uploads\/2023\/07\/AMBIENTALISTAS-ARBORISTAS-Y-EL-AYUNTAMIENTO-DAN-INICIO-AL-PROGRAMA-DE-IDENTIFICACIO\u0301N-DE-ARBOLES-PATRIMONIO-DE-CUERNAVACA-4-1024x682.jpg 1024w, https:\/\/cuernavaca.gob.mx\/wp-content\/uploads\/2023\/07\/AMBIENTALISTAS-ARBORISTAS-Y-EL-AYUNTAMIENTO-DAN-INICIO-AL-PROGRAMA-DE-IDENTIFICACIO\u0301N-DE-ARBOLES-PATRIMONIO-DE-CUERNAVACA-4-768x512.jpg 768w, https:\/\/cuernavaca.gob.mx\/wp-content\/uploads\/2023\/07\/AMBIENTALISTAS-ARBORISTAS-Y-EL-AYUNTAMIENTO-DAN-INICIO-AL-PROGRAMA-DE-IDENTIFICACIO\u0301N-DE-ARBOLES-PATRIMONIO-DE-CUERNAVACA-4-1536x1023.jpg 1536w, https:\/\/cuernavaca.gob.mx\/wp-content\/uploads\/2023\/07\/AMBIENTALISTAS-ARBORISTAS-Y-EL-AYUNTAMIENTO-DAN-INICIO-AL-PROGRAMA-DE-IDENTIFICACIO\u0301N-DE-ARBOLES-PATRIMONIO-DE-CUERNAVACA-4-600x400.jpg 600w, https:\/\/cuernavaca.gob.mx\/wp-content\/uploads\/2023\/07\/AMBIENTALISTAS-ARBORISTAS-Y-EL-AYUNTAMIENTO-DAN-INICIO-AL-PROGRAMA-DE-IDENTIFICACIO\u0301N-DE-ARBOLES-PATRIMONIO-DE-CUERNAVACA-4-560x373.jpg 560w, https:\/\/cuernavaca.gob.mx\/wp-content\/uploads\/2023\/07\/AMBIENTALISTAS-ARBORISTAS-Y-EL-AYUNTAMIENTO-DAN-INICIO-AL-PROGRAMA-DE-IDENTIFICACIO\u0301N-DE-ARBOLES-PATRIMONIO-DE-CUERNAVACA-4.jpg 1600w\" sizes=\"(max-width: 300px) 100vw, 300px\" \/> <img loading=\"lazy\" class=\"alignnone size-medium wp-image-30374\" src=\"https:\/\/cuernavaca.gob.mx\/wp-content\/uploads\/2023\/07\/AMBIENTALISTAS-ARBORISTAS-Y-EL-AYUNTAMIENTO-DAN-INICIO-AL-PROGRAMA-DE-IDENTIFICACIO\u0301N-DE-ARBOLES-PATRIMONIO-DE-CUERNAVACA-5-300x200.jpg\" alt=\"\" width=\"300\" height=\"200\" srcset=\"https:\/\/cuernavaca.gob.mx\/wp-content\/uploads\/2023\/07\/AMBIENTALISTAS-ARBORISTAS-Y-EL-AYUNTAMIENTO-DAN-INICIO-AL-PROGRAMA-DE-IDENTIFICACIO\u0301N-DE-ARBOLES-PATRIMONIO-DE-CUERNAVACA-5-300x200.jpg 300w, https:\/\/cuernavaca.gob.mx\/wp-content\/uploads\/2023\/07\/AMBIENTALISTAS-ARBORISTAS-Y-EL-AYUNTAMIENTO-DAN-INICIO-AL-PROGRAMA-DE-IDENTIFICACIO\u0301N-DE-ARBOLES-PATRIMONIO-DE-CUERNAVACA-5-1024x682.jpg 1024w, https:\/\/cuernavaca.gob.mx\/wp-content\/uploads\/2023\/07\/AMBIENTALISTAS-ARBORISTAS-Y-EL-AYUNTAMIENTO-DAN-INICIO-AL-PROGRAMA-DE-IDENTIFICACIO\u0301N-DE-ARBOLES-PATRIMONIO-DE-CUERNAVACA-5-768x512.jpg 768w, https:\/\/cuernavaca.gob.mx\/wp-content\/uploads\/2023\/07\/AMBIENTALISTAS-ARBORISTAS-Y-EL-AYUNTAMIENTO-DAN-INICIO-AL-PROGRAMA-DE-IDENTIFICACIO\u0301N-DE-ARBOLES-PATRIMONIO-DE-CUERNAVACA-5-1536x1023.jpg 1536w, https:\/\/cuernavaca.gob.mx\/wp-content\/uploads\/2023\/07\/AMBIENTALISTAS-ARBORISTAS-Y-EL-AYUNTAMIENTO-DAN-INICIO-AL-PROGRAMA-DE-IDENTIFICACIO\u0301N-DE-ARBOLES-PATRIMONIO-DE-CUERNAVACA-5-600x400.jpg 600w, https:\/\/cuernavaca.gob.mx\/wp-content\/uploads\/2023\/07\/AMBIENTALISTAS-ARBORISTAS-Y-EL-AYUNTAMIENTO-DAN-INICIO-AL-PROGRAMA-DE-IDENTIFICACIO\u0301N-DE-ARBOLES-PATRIMONIO-DE-CUERNAVACA-5-560x373.jpg 560w, https:\/\/cuernavaca.gob.mx\/wp-content\/uploads\/2023\/07\/AMBIENTALISTAS-ARBORISTAS-Y-EL-AYUNTAMIENTO-DAN-INICIO-AL-PROGRAMA-DE-IDENTIFICACIO\u0301N-DE-ARBOLES-PATRIMONIO-DE-CUERNAVACA-5.jpg 1600w\" sizes=\"(max-width: 300px) 100vw, 300px\" \/> <img loading=\"lazy\" class=\"alignnone size-medium wp-image-30375\" src=\"https:\/\/cuernavaca.gob.mx\/wp-content\/uploads\/2023\/07\/AMBIENTALISTAS-ARBORISTAS-Y-EL-AYUNTAMIENTO-DAN-INICIO-AL-PROGRAMA-DE-IDENTIFICACIO\u0301N-DE-ARBOLES-PATRIMONIO-DE-CUERNAVACA-6-300x200.jpg\" alt=\"\" width=\"300\" height=\"200\" srcset=\"https:\/\/cuernavaca.gob.mx\/wp-content\/uploads\/2023\/07\/AMBIENTALISTAS-ARBORISTAS-Y-EL-AYUNTAMIENTO-DAN-INICIO-AL-PROGRAMA-DE-IDENTIFICACIO\u0301N-DE-ARBOLES-PATRIMONIO-DE-CUERNAVACA-6-300x200.jpg 300w, https:\/\/cuernavaca.gob.mx\/wp-content\/uploads\/2023\/07\/AMBIENTALISTAS-ARBORISTAS-Y-EL-AYUNTAMIENTO-DAN-INICIO-AL-PROGRAMA-DE-IDENTIFICACIO\u0301N-DE-ARBOLES-PATRIMONIO-DE-CUERNAVACA-6-1024x682.jpg 1024w, https:\/\/cuernavaca.gob.mx\/wp-content\/uploads\/2023\/07\/AMBIENTALISTAS-ARBORISTAS-Y-EL-AYUNTAMIENTO-DAN-INICIO-AL-PROGRAMA-DE-IDENTIFICACIO\u0301N-DE-ARBOLES-PATRIMONIO-DE-CUERNAVACA-6-768x512.jpg 768w, https:\/\/cuernavaca.gob.mx\/wp-content\/uploads\/2023\/07\/AMBIENTALISTAS-ARBORISTAS-Y-EL-AYUNTAMIENTO-DAN-INICIO-AL-PROGRAMA-DE-IDENTIFICACIO\u0301N-DE-ARBOLES-PATRIMONIO-DE-CUERNAVACA-6-600x400.jpg 600w, https:\/\/cuernavaca.gob.mx\/wp-content\/uploads\/2023\/07\/AMBIENTALISTAS-ARBORISTAS-Y-EL-AYUNTAMIENTO-DAN-INICIO-AL-PROGRAMA-DE-IDENTIFICACIO\u0301N-DE-ARBOLES-PATRIMONIO-DE-CUERNAVACA-6-560x373.jpg 560w, https:\/\/cuernavaca.gob.mx\/wp-content\/uploads\/2023\/07\/AMBIENTALISTAS-ARBORISTAS-Y-EL-AYUNTAMIENTO-DAN-INICIO-AL-PROGRAMA-DE-IDENTIFICACIO\u0301N-DE-ARBOLES-PATRIMONIO-DE-CUERNAVACA-6.jpg 1280w\" sizes=\"(max-width: 300px) 100vw, 300px\" \/> <img loading=\"lazy\" class=\"alignnone size-medium wp-image-30376\" src=\"https:\/\/cuernavaca.gob.mx\/wp-content\/uploads\/2023\/07\/AMBIENTALISTAS-ARBORISTAS-Y-EL-AYUNTAMIENTO-DAN-INICIO-AL-PROGRAMA-DE-IDENTIFICACIO\u0301N-DE-ARBOLES-PATRIMONIO-DE-CUERNAVACA-7-200x300.jpg\" alt=\"\" width=\"200\" height=\"300\" srcset=\"https:\/\/cuernavaca.gob.mx\/wp-content\/uploads\/2023\/07\/AMBIENTALISTAS-ARBORISTAS-Y-EL-AYUNTAMIENTO-DAN-INICIO-AL-PROGRAMA-DE-IDENTIFICACIO\u0301N-DE-ARBOLES-PATRIMONIO-DE-CUERNAVACA-7-200x300.jpg 200w, https:\/\/cuernavaca.gob.mx\/wp-content\/uploads\/2023\/07\/AMBIENTALISTAS-ARBORISTAS-Y-EL-AYUNTAMIENTO-DAN-INICIO-AL-PROGRAMA-DE-IDENTIFICACIO\u0301N-DE-ARBOLES-PATRIMONIO-DE-CUERNAVACA-7-682x1024.jpg 682w, https:\/\/cuernavaca.gob.mx\/wp-content\/uploads\/2023\/07\/AMBIENTALISTAS-ARBORISTAS-Y-EL-AYUNTAMIENTO-DAN-INICIO-AL-PROGRAMA-DE-IDENTIFICACIO\u0301N-DE-ARBOLES-PATRIMONIO-DE-CUERNAVACA-7-768x1153.jpg 768w, https:\/\/cuernavaca.gob.mx\/wp-content\/uploads\/2023\/07\/AMBIENTALISTAS-ARBORISTAS-Y-EL-AYUNTAMIENTO-DAN-INICIO-AL-PROGRAMA-DE-IDENTIFICACIO\u0301N-DE-ARBOLES-PATRIMONIO-DE-CUERNAVACA-7-1023x1536.jpg 1023w, https:\/\/cuernavaca.gob.mx\/wp-content\/uploads\/2023\/07\/AMBIENTALISTAS-ARBORISTAS-Y-EL-AYUNTAMIENTO-DAN-INICIO-AL-PROGRAMA-DE-IDENTIFICACIO\u0301N-DE-ARBOLES-PATRIMONIO-DE-CUERNAVACA-7-400x600.jpg 400w, https:\/\/cuernavaca.gob.mx\/wp-content\/uploads\/2023\/07\/AMBIENTALISTAS-ARBORISTAS-Y-EL-AYUNTAMIENTO-DAN-INICIO-AL-PROGRAMA-DE-IDENTIFICACIO\u0301N-DE-ARBOLES-PATRIMONIO-DE-CUERNAVACA-7-373x560.jpg 373w, https:\/\/cuernavaca.gob.mx\/wp-content\/uploads\/2023\/07\/AMBIENTALISTAS-ARBORISTAS-Y-EL-AYUNTAMIENTO-DAN-INICIO-AL-PROGRAMA-DE-IDENTIFICACIO\u0301N-DE-ARBOLES-PATRIMONIO-DE-CUERNAVACA-7.jpg 1066w\" sizes=\"(max-width: 200px) 100vw, 200px\" \/> <img loading=\"lazy\" class=\"alignnone size-medium wp-image-30377\" src=\"https:\/\/cuernavaca.gob.mx\/wp-content\/uploads\/2023\/07\/AMBIENTALISTAS-ARBORISTAS-Y-EL-AYUNTAMIENTO-DAN-INICIO-AL-PROGRAMA-DE-IDENTIFICACIO\u0301N-DE-ARBOLES-PATRIMONIO-DE-CUERNAVACA-8-300x200.jpg\" alt=\"\" width=\"300\" height=\"200\" srcset=\"https:\/\/cuernavaca.gob.mx\/wp-content\/uploads\/2023\/07\/AMBIENTALISTAS-ARBORISTAS-Y-EL-AYUNTAMIENTO-DAN-INICIO-AL-PROGRAMA-DE-IDENTIFICACIO\u0301N-DE-ARBOLES-PATRIMONIO-DE-CUERNAVACA-8-300x200.jpg 300w, https:\/\/cuernavaca.gob.mx\/wp-content\/uploads\/2023\/07\/AMBIENTALISTAS-ARBORISTAS-Y-EL-AYUNTAMIENTO-DAN-INICIO-AL-PROGRAMA-DE-IDENTIFICACIO\u0301N-DE-ARBOLES-PATRIMONIO-DE-CUERNAVACA-8-1024x682.jpg 1024w, https:\/\/cuernavaca.gob.mx\/wp-content\/uploads\/2023\/07\/AMBIENTALISTAS-ARBORISTAS-Y-EL-AYUNTAMIENTO-DAN-INICIO-AL-PROGRAMA-DE-IDENTIFICACIO\u0301N-DE-ARBOLES-PATRIMONIO-DE-CUERNAVACA-8-768x512.jpg 768w, https:\/\/cuernavaca.gob.mx\/wp-content\/uploads\/2023\/07\/AMBIENTALISTAS-ARBORISTAS-Y-EL-AYUNTAMIENTO-DAN-INICIO-AL-PROGRAMA-DE-IDENTIFICACIO\u0301N-DE-ARBOLES-PATRIMONIO-DE-CUERNAVACA-8-1536x1023.jpg 1536w, https:\/\/cuernavaca.gob.mx\/wp-content\/uploads\/2023\/07\/AMBIENTALISTAS-ARBORISTAS-Y-EL-AYUNTAMIENTO-DAN-INICIO-AL-PROGRAMA-DE-IDENTIFICACIO\u0301N-DE-ARBOLES-PATRIMONIO-DE-CUERNAVACA-8-600x400.jpg 600w, https:\/\/cuernavaca.gob.mx\/wp-content\/uploads\/2023\/07\/AMBIENTALISTAS-ARBORISTAS-Y-EL-AYUNTAMIENTO-DAN-INICIO-AL-PROGRAMA-DE-IDENTIFICACIO\u0301N-DE-ARBOLES-PATRIMONIO-DE-CUERNAVACA-8-560x373.jpg 560w, https:\/\/cuernavaca.gob.mx\/wp-content\/uploads\/2023\/07\/AMBIENTALISTAS-ARBORISTAS-Y-EL-AYUNTAMIENTO-DAN-INICIO-AL-PROGRAMA-DE-IDENTIFICACIO\u0301N-DE-ARBOLES-PATRIMONIO-DE-CUERNAVACA-8.jpg 1600w\" sizes=\"(max-width: 300px) 100vw, 300px\" \/> <img loading=\"lazy\" class=\"alignnone size-medium wp-image-30378\" src=\"https:\/\/cuernavaca.gob.mx\/wp-content\/uploads\/2023\/07\/AMBIENTALISTAS-ARBORISTAS-Y-EL-AYUNTAMIENTO-DAN-INICIO-AL-PROGRAMA-DE-IDENTIFICACIO\u0301N-DE-ARBOLES-PATRIMONIO-DE-CUERNAVACA-9-300x200.jpg\" alt=\"\" width=\"300\" height=\"200\" srcset=\"https:\/\/cuernavaca.gob.mx\/wp-content\/uploads\/2023\/07\/AMBIENTALISTAS-ARBORISTAS-Y-EL-AYUNTAMIENTO-DAN-INICIO-AL-PROGRAMA-DE-IDENTIFICACIO\u0301N-DE-ARBOLES-PATRIMONIO-DE-CUERNAVACA-9-300x200.jpg 300w, https:\/\/cuernavaca.gob.mx\/wp-content\/uploads\/2023\/07\/AMBIENTALISTAS-ARBORISTAS-Y-EL-AYUNTAMIENTO-DAN-INICIO-AL-PROGRAMA-DE-IDENTIFICACIO\u0301N-DE-ARBOLES-PATRIMONIO-DE-CUERNAVACA-9-1024x682.jpg 1024w, https:\/\/cuernavaca.gob.mx\/wp-content\/uploads\/2023\/07\/AMBIENTALISTAS-ARBORISTAS-Y-EL-AYUNTAMIENTO-DAN-INICIO-AL-PROGRAMA-DE-IDENTIFICACIO\u0301N-DE-ARBOLES-PATRIMONIO-DE-CUERNAVACA-9-768x512.jpg 768w, https:\/\/cuernavaca.gob.mx\/wp-content\/uploads\/2023\/07\/AMBIENTALISTAS-ARBORISTAS-Y-EL-AYUNTAMIENTO-DAN-INICIO-AL-PROGRAMA-DE-IDENTIFICACIO\u0301N-DE-ARBOLES-PATRIMONIO-DE-CUERNAVACA-9-600x400.jpg 600w, https:\/\/cuernavaca.gob.mx\/wp-content\/uploads\/2023\/07\/AMBIENTALISTAS-ARBORISTAS-Y-EL-AYUNTAMIENTO-DAN-INICIO-AL-PROGRAMA-DE-IDENTIFICACIO\u0301N-DE-ARBOLES-PATRIMONIO-DE-CUERNAVACA-9-560x373.jpg 560w, https:\/\/cuernavaca.gob.mx\/wp-content\/uploads\/2023\/07\/AMBIENTALISTAS-ARBORISTAS-Y-EL-AYUNTAMIENTO-DAN-INICIO-AL-PROGRAMA-DE-IDENTIFICACIO\u0301N-DE-ARBOLES-PATRIMONIO-DE-CUERNAVACA-9.jpg 1280w\" sizes=\"(max-width: 300px) 100vw, 300px\" \/> <img loading=\"lazy\" class=\"alignnone size-medium wp-image-30379\" src=\"https:\/\/cuernavaca.gob.mx\/wp-content\/uploads\/2023\/07\/AMBIENTALISTAS-ARBORISTAS-Y-EL-AYUNTAMIENTO-DAN-INICIO-AL-PROGRAMA-DE-IDENTIFICACIO\u0301N-DE-ARBOLES-PATRIMONIO-DE-CUERNAVACA-10-300x200.jpg\" alt=\"\" width=\"300\" height=\"200\" srcset=\"https:\/\/cuernavaca.gob.mx\/wp-content\/uploads\/2023\/07\/AMBIENTALISTAS-ARBORISTAS-Y-EL-AYUNTAMIENTO-DAN-INICIO-AL-PROGRAMA-DE-IDENTIFICACIO\u0301N-DE-ARBOLES-PATRIMONIO-DE-CUERNAVACA-10-300x200.jpg 300w, https:\/\/cuernavaca.gob.mx\/wp-content\/uploads\/2023\/07\/AMBIENTALISTAS-ARBORISTAS-Y-EL-AYUNTAMIENTO-DAN-INICIO-AL-PROGRAMA-DE-IDENTIFICACIO\u0301N-DE-ARBOLES-PATRIMONIO-DE-CUERNAVACA-10-1024x682.jpg 1024w, https:\/\/cuernavaca.gob.mx\/wp-content\/uploads\/2023\/07\/AMBIENTALISTAS-ARBORISTAS-Y-EL-AYUNTAMIENTO-DAN-INICIO-AL-PROGRAMA-DE-IDENTIFICACIO\u0301N-DE-ARBOLES-PATRIMONIO-DE-CUERNAVACA-10-768x512.jpg 768w, https:\/\/cuernavaca.gob.mx\/wp-content\/uploads\/2023\/07\/AMBIENTALISTAS-ARBORISTAS-Y-EL-AYUNTAMIENTO-DAN-INICIO-AL-PROGRAMA-DE-IDENTIFICACIO\u0301N-DE-ARBOLES-PATRIMONIO-DE-CUERNAVACA-10-1536x1023.jpg 1536w, https:\/\/cuernavaca.gob.mx\/wp-content\/uploads\/2023\/07\/AMBIENTALISTAS-ARBORISTAS-Y-EL-AYUNTAMIENTO-DAN-INICIO-AL-PROGRAMA-DE-IDENTIFICACIO\u0301N-DE-ARBOLES-PATRIMONIO-DE-CUERNAVACA-10-600x400.jpg 600w, https:\/\/cuernavaca.gob.mx\/wp-content\/uploads\/2023\/07\/AMBIENTALISTAS-ARBORISTAS-Y-EL-AYUNTAMIENTO-DAN-INICIO-AL-PROGRAMA-DE-IDENTIFICACIO\u0301N-DE-ARBOLES-PATRIMONIO-DE-CUERNAVACA-10-560x373.jpg 560w, https:\/\/cuernavaca.gob.mx\/wp-content\/uploads\/2023\/07\/AMBIENTALISTAS-ARBORISTAS-Y-EL-AYUNTAMIENTO-DAN-INICIO-AL-PROGRAMA-DE-IDENTIFICACIO\u0301N-DE-ARBOLES-PATRIMONIO-DE-CUERNAVACA-10.jpg 1600w\" sizes=\"(max-width: 300px) 100vw, 300px\" \/> <img loading=\"lazy\" class=\"alignnone size-medium wp-image-30380\" src=\"https:\/\/cuernavaca.gob.mx\/wp-content\/uploads\/2023\/07\/AMBIENTALISTAS-ARBORISTAS-Y-EL-AYUNTAMIENTO-DAN-INICIO-AL-PROGRAMA-DE-IDENTIFICACIO\u0301N-DE-ARBOLES-PATRIMONIO-DE-CUERNAVACA-11-300x200.jpg\" alt=\"\" width=\"300\" height=\"200\" srcset=\"https:\/\/cuernavaca.gob.mx\/wp-content\/uploads\/2023\/07\/AMBIENTALISTAS-ARBORISTAS-Y-EL-AYUNTAMIENTO-DAN-INICIO-AL-PROGRAMA-DE-IDENTIFICACIO\u0301N-DE-ARBOLES-PATRIMONIO-DE-CUERNAVACA-11-300x200.jpg 300w, https:\/\/cuernavaca.gob.mx\/wp-content\/uploads\/2023\/07\/AMBIENTALISTAS-ARBORISTAS-Y-EL-AYUNTAMIENTO-DAN-INICIO-AL-PROGRAMA-DE-IDENTIFICACIO\u0301N-DE-ARBOLES-PATRIMONIO-DE-CUERNAVACA-11-1024x682.jpg 1024w, https:\/\/cuernavaca.gob.mx\/wp-content\/uploads\/2023\/07\/AMBIENTALISTAS-ARBORISTAS-Y-EL-AYUNTAMIENTO-DAN-INICIO-AL-PROGRAMA-DE-IDENTIFICACIO\u0301N-DE-ARBOLES-PATRIMONIO-DE-CUERNAVACA-11-768x512.jpg 768w, https:\/\/cuernavaca.gob.mx\/wp-content\/uploads\/2023\/07\/AMBIENTALISTAS-ARBORISTAS-Y-EL-AYUNTAMIENTO-DAN-INICIO-AL-PROGRAMA-DE-IDENTIFICACIO\u0301N-DE-ARBOLES-PATRIMONIO-DE-CUERNAVACA-11-1536x1023.jpg 1536w, https:\/\/cuernavaca.gob.mx\/wp-content\/uploads\/2023\/07\/AMBIENTALISTAS-ARBORISTAS-Y-EL-AYUNTAMIENTO-DAN-INICIO-AL-PROGRAMA-DE-IDENTIFICACIO\u0301N-DE-ARBOLES-PATRIMONIO-DE-CUERNAVACA-11-600x400.jpg 600w, https:\/\/cuernavaca.gob.mx\/wp-content\/uploads\/2023\/07\/AMBIENTALISTAS-ARBORISTAS-Y-EL-AYUNTAMIENTO-DAN-INICIO-AL-PROGRAMA-DE-IDENTIFICACIO\u0301N-DE-ARBOLES-PATRIMONIO-DE-CUERNAVACA-11-560x373.jpg 560w, https:\/\/cuernavaca.gob.mx\/wp-content\/uploads\/2023\/07\/AMBIENTALISTAS-ARBORISTAS-Y-EL-AYUNTAMIENTO-DAN-INICIO-AL-PROGRAMA-DE-IDENTIFICACIO\u0301N-DE-ARBOLES-PATRIMONIO-DE-CUERNAVACA-11.jpg 1600w\" sizes=\"(max-width: 300px) 100vw, 300px\" \/> <img loading=\"lazy\" class=\"alignnone size-medium wp-image-30381\" src=\"https:\/\/cuernavaca.gob.mx\/wp-content\/uploads\/2023\/07\/AMBIENTALISTAS-ARBORISTAS-Y-EL-AYUNTAMIENTO-DAN-INICIO-AL-PROGRAMA-DE-IDENTIFICACIO\u0301N-DE-ARBOLES-PATRIMONIO-DE-CUERNAVACA-12-300x200.jpg\" alt=\"\" width=\"300\" height=\"200\" srcset=\"https:\/\/cuernavaca.gob.mx\/wp-content\/uploads\/2023\/07\/AMBIENTALISTAS-ARBORISTAS-Y-EL-AYUNTAMIENTO-DAN-INICIO-AL-PROGRAMA-DE-IDENTIFICACIO\u0301N-DE-ARBOLES-PATRIMONIO-DE-CUERNAVACA-12-300x200.jpg 300w, https:\/\/cuernavaca.gob.mx\/wp-content\/uploads\/2023\/07\/AMBIENTALISTAS-ARBORISTAS-Y-EL-AYUNTAMIENTO-DAN-INICIO-AL-PROGRAMA-DE-IDENTIFICACIO\u0301N-DE-ARBOLES-PATRIMONIO-DE-CUERNAVACA-12-1024x682.jpg 1024w, https:\/\/cuernavaca.gob.mx\/wp-content\/uploads\/2023\/07\/AMBIENTALISTAS-ARBORISTAS-Y-EL-AYUNTAMIENTO-DAN-INICIO-AL-PROGRAMA-DE-IDENTIFICACIO\u0301N-DE-ARBOLES-PATRIMONIO-DE-CUERNAVACA-12-768x512.jpg 768w, https:\/\/cuernavaca.gob.mx\/wp-content\/uploads\/2023\/07\/AMBIENTALISTAS-ARBORISTAS-Y-EL-AYUNTAMIENTO-DAN-INICIO-AL-PROGRAMA-DE-IDENTIFICACIO\u0301N-DE-ARBOLES-PATRIMONIO-DE-CUERNAVACA-12-1536x1023.jpg 1536w, https:\/\/cuernavaca.gob.mx\/wp-content\/uploads\/2023\/07\/AMBIENTALISTAS-ARBORISTAS-Y-EL-AYUNTAMIENTO-DAN-INICIO-AL-PROGRAMA-DE-IDENTIFICACIO\u0301N-DE-ARBOLES-PATRIMONIO-DE-CUERNAVACA-12-600x400.jpg 600w, https:\/\/cuernavaca.gob.mx\/wp-content\/uploads\/2023\/07\/AMBIENTALISTAS-ARBORISTAS-Y-EL-AYUNTAMIENTO-DAN-INICIO-AL-PROGRAMA-DE-IDENTIFICACIO\u0301N-DE-ARBOLES-PATRIMONIO-DE-CUERNAVACA-12-560x373.jpg 560w, https:\/\/cuernavaca.gob.mx\/wp-content\/uploads\/2023\/07\/AMBIENTALISTAS-ARBORISTAS-Y-EL-AYUNTAMIENTO-DAN-INICIO-AL-PROGRAMA-DE-IDENTIFICACIO\u0301N-DE-ARBOLES-PATRIMONIO-DE-CUERNAVACA-12.jpg 1600w\" sizes=\"(max-width: 300px) 100vw, 300px\" \/> <img loading=\"lazy\" class=\"alignnone size-medium wp-image-30382\" src=\"https:\/\/cuernavaca.gob.mx\/wp-content\/uploads\/2023\/07\/AMBIENTALISTAS-ARBORISTAS-Y-EL-AYUNTAMIENTO-DAN-INICIO-AL-PROGRAMA-DE-IDENTIFICACIO\u0301N-DE-ARBOLES-PATRIMONIO-DE-CUERNAVACA-13-300x200.jpg\" alt=\"\" width=\"300\" height=\"200\" srcset=\"https:\/\/cuernavaca.gob.mx\/wp-content\/uploads\/2023\/07\/AMBIENTALISTAS-ARBORISTAS-Y-EL-AYUNTAMIENTO-DAN-INICIO-AL-PROGRAMA-DE-IDENTIFICACIO\u0301N-DE-ARBOLES-PATRIMONIO-DE-CUERNAVACA-13-300x200.jpg 300w, https:\/\/cuernavaca.gob.mx\/wp-content\/uploads\/2023\/07\/AMBIENTALISTAS-ARBORISTAS-Y-EL-AYUNTAMIENTO-DAN-INICIO-AL-PROGRAMA-DE-IDENTIFICACIO\u0301N-DE-ARBOLES-PATRIMONIO-DE-CUERNAVACA-13-1024x682.jpg 1024w, https:\/\/cuernavaca.gob.mx\/wp-content\/uploads\/2023\/07\/AMBIENTALISTAS-ARBORISTAS-Y-EL-AYUNTAMIENTO-DAN-INICIO-AL-PROGRAMA-DE-IDENTIFICACIO\u0301N-DE-ARBOLES-PATRIMONIO-DE-CUERNAVACA-13-768x512.jpg 768w, https:\/\/cuernavaca.gob.mx\/wp-content\/uploads\/2023\/07\/AMBIENTALISTAS-ARBORISTAS-Y-EL-AYUNTAMIENTO-DAN-INICIO-AL-PROGRAMA-DE-IDENTIFICACIO\u0301N-DE-ARBOLES-PATRIMONIO-DE-CUERNAVACA-13-600x400.jpg 600w, https:\/\/cuernavaca.gob.mx\/wp-content\/uploads\/2023\/07\/AMBIENTALISTAS-ARBORISTAS-Y-EL-AYUNTAMIENTO-DAN-INICIO-AL-PROGRAMA-DE-IDENTIFICACIO\u0301N-DE-ARBOLES-PATRIMONIO-DE-CUERNAVACA-13-560x373.jpg 560w, https:\/\/cuernavaca.gob.mx\/wp-content\/uploads\/2023\/07\/AMBIENTALISTAS-ARBORISTAS-Y-EL-AYUNTAMIENTO-DAN-INICIO-AL-PROGRAMA-DE-IDENTIFICACIO\u0301N-DE-ARBOLES-PATRIMONIO-DE-CUERNAVACA-13.jpg 1280w\" sizes=\"(max-width: 300px) 100vw, 300px\" \/> <img loading=\"lazy\" class=\"alignnone size-medium wp-image-30383\" src=\"https:\/\/cuernavaca.gob.mx\/wp-content\/uploads\/2023\/07\/AMBIENTALISTAS-ARBORISTAS-Y-EL-AYUNTAMIENTO-DAN-INICIO-AL-PROGRAMA-DE-IDENTIFICACIO\u0301N-DE-ARBOLES-PATRIMONIO-DE-CUERNAVACA-14-200x300.jpg\" alt=\"\" width=\"200\" height=\"300\" srcset=\"https:\/\/cuernavaca.gob.mx\/wp-content\/uploads\/2023\/07\/AMBIENTALISTAS-ARBORISTAS-Y-EL-AYUNTAMIENTO-DAN-INICIO-AL-PROGRAMA-DE-IDENTIFICACIO\u0301N-DE-ARBOLES-PATRIMONIO-DE-CUERNAVACA-14-200x300.jpg 200w, https:\/\/cuernavaca.gob.mx\/wp-content\/uploads\/2023\/07\/AMBIENTALISTAS-ARBORISTAS-Y-EL-AYUNTAMIENTO-DAN-INICIO-AL-PROGRAMA-DE-IDENTIFICACIO\u0301N-DE-ARBOLES-PATRIMONIO-DE-CUERNAVACA-14-682x1024.jpg 682w, https:\/\/cuernavaca.gob.mx\/wp-content\/uploads\/2023\/07\/AMBIENTALISTAS-ARBORISTAS-Y-EL-AYUNTAMIENTO-DAN-INICIO-AL-PROGRAMA-DE-IDENTIFICACIO\u0301N-DE-ARBOLES-PATRIMONIO-DE-CUERNAVACA-14-768x1153.jpg 768w, https:\/\/cuernavaca.gob.mx\/wp-content\/uploads\/2023\/07\/AMBIENTALISTAS-ARBORISTAS-Y-EL-AYUNTAMIENTO-DAN-INICIO-AL-PROGRAMA-DE-IDENTIFICACIO\u0301N-DE-ARBOLES-PATRIMONIO-DE-CUERNAVACA-14-1023x1536.jpg 1023w, https:\/\/cuernavaca.gob.mx\/wp-content\/uploads\/2023\/07\/AMBIENTALISTAS-ARBORISTAS-Y-EL-AYUNTAMIENTO-DAN-INICIO-AL-PROGRAMA-DE-IDENTIFICACIO\u0301N-DE-ARBOLES-PATRIMONIO-DE-CUERNAVACA-14-400x600.jpg 400w, https:\/\/cuernavaca.gob.mx\/wp-content\/uploads\/2023\/07\/AMBIENTALISTAS-ARBORISTAS-Y-EL-AYUNTAMIENTO-DAN-INICIO-AL-PROGRAMA-DE-IDENTIFICACIO\u0301N-DE-ARBOLES-PATRIMONIO-DE-CUERNAVACA-14-373x560.jpg 373w, https:\/\/cuernavaca.gob.mx\/wp-content\/uploads\/2023\/07\/AMBIENTALISTAS-ARBORISTAS-Y-EL-AYUNTAMIENTO-DAN-INICIO-AL-PROGRAMA-DE-IDENTIFICACIO\u0301N-DE-ARBOLES-PATRIMONIO-DE-CUERNAVACA-14.jpg 1066w\" sizes=\"(max-width: 200px) 100vw, 200px\" \/> <img loading=\"lazy\" class=\"alignnone size-medium wp-image-30384\" src=\"https:\/\/cuernavaca.gob.mx\/wp-content\/uploads\/2023\/07\/AMBIENTALISTAS-ARBORISTAS-Y-EL-AYUNTAMIENTO-DAN-INICIO-AL-PROGRAMA-DE-IDENTIFICACIO\u0301N-DE-ARBOLES-PATRIMONIO-DE-CUERNAVACA-15-300x200.jpg\" alt=\"\" width=\"300\" height=\"200\" srcset=\"https:\/\/cuernavaca.gob.mx\/wp-content\/uploads\/2023\/07\/AMBIENTALISTAS-ARBORISTAS-Y-EL-AYUNTAMIENTO-DAN-INICIO-AL-PROGRAMA-DE-IDENTIFICACIO\u0301N-DE-ARBOLES-PATRIMONIO-DE-CUERNAVACA-15-300x200.jpg 300w, https:\/\/cuernavaca.gob.mx\/wp-content\/uploads\/2023\/07\/AMBIENTALISTAS-ARBORISTAS-Y-EL-AYUNTAMIENTO-DAN-INICIO-AL-PROGRAMA-DE-IDENTIFICACIO\u0301N-DE-ARBOLES-PATRIMONIO-DE-CUERNAVACA-15-1024x682.jpg 1024w, https:\/\/cuernavaca.gob.mx\/wp-content\/uploads\/2023\/07\/AMBIENTALISTAS-ARBORISTAS-Y-EL-AYUNTAMIENTO-DAN-INICIO-AL-PROGRAMA-DE-IDENTIFICACIO\u0301N-DE-ARBOLES-PATRIMONIO-DE-CUERNAVACA-15-768x512.jpg 768w, https:\/\/cuernavaca.gob.mx\/wp-content\/uploads\/2023\/07\/AMBIENTALISTAS-ARBORISTAS-Y-EL-AYUNTAMIENTO-DAN-INICIO-AL-PROGRAMA-DE-IDENTIFICACIO\u0301N-DE-ARBOLES-PATRIMONIO-DE-CUERNAVACA-15-600x400.jpg 600w, https:\/\/cuernavaca.gob.mx\/wp-content\/uploads\/2023\/07\/AMBIENTALISTAS-ARBORISTAS-Y-EL-AYUNTAMIENTO-DAN-INICIO-AL-PROGRAMA-DE-IDENTIFICACIO\u0301N-DE-ARBOLES-PATRIMONIO-DE-CUERNAVACA-15-560x373.jpg 560w, https:\/\/cuernavaca.gob.mx\/wp-content\/uploads\/2023\/07\/AMBIENTALISTAS-ARBORISTAS-Y-EL-AYUNTAMIENTO-DAN-INICIO-AL-PROGRAMA-DE-IDENTIFICACIO\u0301N-DE-ARBOLES-PATRIMONIO-DE-CUERNAVACA-15.jpg 1280w\" sizes=\"(max-width: 300px) 100vw, 300px\" \/><\/p>\n","protected":false},"excerpt":{"rendered":"<p>\u2022 El presidente municipal, Jos\u00e9 Luis Uri\u00f3stegui, encabez\u00f3 la ceremonia de develaci\u00f3n de la placa del primer \u00e1rbol patrimonial, un Amate Prieto (Ficus Cotinifolia) de m\u00e1s de 200 a\u00f1os de edad ubicado en la barranca del Tecoyuco \u2022 La ciudadan\u00eda y agrupaciones de la sociedad civil podr\u00e1n sumarse a este trabajo postulando ante el Gobierno [&hellip;]<\/p>\n","protected":false},"author":1,"featured_media":30379,"comment_status":"closed","ping_status":"open","sticky":false,"template":"","format":"standard","meta":[],"categories":[2271],"tags":[3204,1115,121,652,120,422,206,2275,2658],"aioseo_notices":[],"_links":{"self":[{"href":"https:\/\/cuernavaca.gob.mx\/index.php?rest_route=\/wp\/v2\/posts\/30369"}],"collection":[{"href":"https:\/\/cuernavaca.gob.mx\/index.php?rest_route=\/wp\/v2\/posts"}],"about":[{"href":"https:\/\/cuernavaca.gob.mx\/index.php?rest_route=\/wp\/v2\/types\/post"}],"author":[{"embeddable":true,"href":"https:\/\/cuernavaca.gob.mx\/index.php?rest_route=\/wp\/v2\/users\/1"}],"replies":[{"embeddable":true,"href":"https:\/\/cuernavaca.gob.mx\/index.php?rest_route=%2Fwp%2Fv2%2Fcomments&post=30369"}],"version-history":[{"count":1,"href":"https:\/\/cuernavaca.gob.mx\/index.php?rest_route=\/wp\/v2\/posts\/30369\/revisions"}],"predecessor-version":[{"id":30385,"href":"https:\/\/cuernavaca.gob.mx\/index.php?rest_route=\/wp\/v2\/posts\/30369\/revisions\/30385"}],"wp:featuredmedia":[{"embeddable":true,"href":"https:\/\/cuernavaca.gob.mx\/index.php?rest_route=\/wp\/v2\/media\/30379"}],"wp:attachment":[{"href":"https:\/\/cuernavaca.gob.mx\/index.php?rest_route=%2Fwp%2Fv2%2Fmedia&parent=30369"}],"wp:term":[{"taxonomy":"category","embeddable":true,"href":"https:\/\/cuernavaca.gob.mx\/index.php?rest_route=%2Fwp%2Fv2%2Fcategories&post=30369"},{"taxonomy":"post_tag","embeddable":true,"href":"https:\/\/cuernavaca.gob.mx\/index.php?rest_route=%2Fwp%2Fv2%2Ftags&post=30369"}],"curies":[{"name":"wp","href":"https:\/\/api.w.org\/{rel}","templated":true}]}}