{"id":30386,"date":"2023-07-13T20:03:06","date_gmt":"2023-07-14T02:03:06","guid":{"rendered":"https:\/\/cuernavaca.gob.mx\/?p=30386"},"modified":"2025-05-06T12:42:45","modified_gmt":"2025-05-06T18:42:45","slug":"b1125-13-08-23-prioriza-jose-luis-uriostegui-obras-en-beneficio-de-pueblos-originarios-de-cuernavaca","status":"publish","type":"post","link":"https:\/\/cuernavaca.gob.mx\/?p=30386","title":{"rendered":"B1125 13\/08\/23 PRIORIZA JOS\u00c9 LUIS URI\u00d3STEGUI OBRAS EN BENEFICIO DE PUEBLOS ORIGINARIOS DE CUERNAVACA"},"content":{"rendered":"<p><strong>\u2022 Integrantes del Cabildo y Gabinete municipal participaron en el inicio de la reconstrucci\u00f3n de la avenida Nacional en Santa Mar\u00eda Ahuacatitl\u00e1n<\/strong><\/p>\n<p><strong>\u2022 Se intervendr\u00e1n 618 metros cuadrados de pavimento empedrado y 620.49 metros cuadrados de nuevas banquetas<\/strong><\/p>\n<p>Con el objetivo de seguir mejorando la calidad de vida de la poblaci\u00f3n y rescatar la memoria hist\u00f3rica de la ciudad, el Ayuntamiento de Cuernavaca dio inicio este jueves a la construcci\u00f3n de pavimento a base de piedra, guarniciones y banquetas en avenida Nacional del poblado de Santa Mar\u00eda Ahuacatitl\u00e1n, donde con un monto de inversi\u00f3n de un mill\u00f3n 789 mil 073.74 pesos provenientes del Fondo de Aportaciones para la Infraestructura Social (FAISMUN) 2023, se beneficiar\u00e1 a 700 habitantes directos y mil 800 indirectos.<\/p>\n<p>Al dar la explicaci\u00f3n t\u00e9cnica de la obra, el secretario de Desarrollo Urbano y Obras P\u00fablicas, Demetrio Chavira de la Torre, indic\u00f3 que con las metas contemplan 618 metros cuadrados de pavimento empedrado y 620.49 metros cuadrados de banquetas, teniendo como prioridad recuperar lo m\u00e1s posible las mismas piedras, generando con ello la misma identidad de la avenida, la cual estar\u00e1 cerrada durante el periodo de ejecuci\u00f3n que es de 75 d\u00edas.<\/p>\n<p>Ante vecinas y vecinos de esta emblem\u00e1tica arteria, el presidente municipal de Cuernavaca, Jos\u00e9 Luis Uri\u00f3stegui Salgado, manifest\u00f3 el gran respeto que tiene la presente administraci\u00f3n con los pueblos originarios de la ciudad, siendo Santa Mar\u00eda Ahuacatitl\u00e1n uno de ellos, por lo cual han procurado abonar un poco a la disminuci\u00f3n del atraso hist\u00f3rico que padecen, destinando este a\u00f1o una vez m\u00e1s recursos econ\u00f3micos para atender peticiones de anta\u00f1o, mejorando en este caso la circulaci\u00f3n.<\/p>\n<p>\u201cEsta es una calle emblem\u00e1tica del municipio, ya que este era el espacio por donde circulaban las carretas para venir de la Ciudad de M\u00e9xico a Cuernavaca y de Cuernavaca a Acapulco y no podemos olvidarle. Es necesario rescatar esa parte de la memoria hist\u00f3rica y hacer que la gente tenga mejores condiciones para vivir\u201d, acent\u00fao.<\/p>\n<p>A nombre de la comunidad, el ayudante municipal de Santa Mar\u00eda Ahuacatitl\u00e1n, Jorge Antonio L\u00f3pez Flores, agradeci\u00f3 al alcalde y al Cabildo su apoyo para terminar con este rezago hist\u00f3rico en materia de obra p\u00fablica, confirmando que el actual Gobierno Municipal est\u00e1 dando resultados positivos al cien por ciento.<\/p>\n<p>En representaci\u00f3n del cuerpo edilicio, la s\u00edndica municipal, Ver\u00f3nica Atenco P\u00e9rez, puntualiz\u00f3 que desde antes de tomar las riendas del Ayuntamiento han tenido el compromiso de ver renacer a Cuernavaca, lo cual se sigue refrendando, pero ahora con acciones, \u201cCuernavaca es un tanto como una casa que estaba olvidada, un tanto derrumbada y hoy venimos a levantarla en equipo\u201d.<\/p>\n<p>En el evento se cont\u00f3 con la asistencia de los regidores Patricia Torres Rosales, Mirna Delgado Romero, Christian P\u00e9rez Jaimes y Fernando Carrillo Alvarado; as\u00ed como de la directora general de SAPAC, Evelia Flores Hern\u00e1ndez; el secretario t\u00e9cnico del COPLADEMUN, Jonathan Garc\u00eda Salazar; la directora general del Instituto de la Mujer de Cuernavaca (IMC), Lorena Castillo Castillo; y la coordinadora municipal de Protecci\u00f3n Civil, Mar\u00eda del Roc\u00edo Guadarrama Garc\u00eda.<\/p>\n<p><img loading=\"lazy\" class=\"alignnone size-medium wp-image-30387\" src=\"https:\/\/cuernavaca.gob.mx\/wp-content\/uploads\/2023\/07\/PRIORIZA-JOSE\u0301-LUIS-URIO\u0301STEGUI-OBRAS-EN-BENEFICIO-DE-PUEBLOS-ORIGINARIOS-DE-CUERNAVACA-1-300x200.jpg\" alt=\"\" width=\"300\" height=\"200\" srcset=\"https:\/\/cuernavaca.gob.mx\/wp-content\/uploads\/2023\/07\/PRIORIZA-JOSE\u0301-LUIS-URIO\u0301STEGUI-OBRAS-EN-BENEFICIO-DE-PUEBLOS-ORIGINARIOS-DE-CUERNAVACA-1-300x200.jpg 300w, https:\/\/cuernavaca.gob.mx\/wp-content\/uploads\/2023\/07\/PRIORIZA-JOSE\u0301-LUIS-URIO\u0301STEGUI-OBRAS-EN-BENEFICIO-DE-PUEBLOS-ORIGINARIOS-DE-CUERNAVACA-1-1024x682.jpg 1024w, https:\/\/cuernavaca.gob.mx\/wp-content\/uploads\/2023\/07\/PRIORIZA-JOSE\u0301-LUIS-URIO\u0301STEGUI-OBRAS-EN-BENEFICIO-DE-PUEBLOS-ORIGINARIOS-DE-CUERNAVACA-1-768x512.jpg 768w, https:\/\/cuernavaca.gob.mx\/wp-content\/uploads\/2023\/07\/PRIORIZA-JOSE\u0301-LUIS-URIO\u0301STEGUI-OBRAS-EN-BENEFICIO-DE-PUEBLOS-ORIGINARIOS-DE-CUERNAVACA-1-1536x1023.jpg 1536w, https:\/\/cuernavaca.gob.mx\/wp-content\/uploads\/2023\/07\/PRIORIZA-JOSE\u0301-LUIS-URIO\u0301STEGUI-OBRAS-EN-BENEFICIO-DE-PUEBLOS-ORIGINARIOS-DE-CUERNAVACA-1-600x400.jpg 600w, https:\/\/cuernavaca.gob.mx\/wp-content\/uploads\/2023\/07\/PRIORIZA-JOSE\u0301-LUIS-URIO\u0301STEGUI-OBRAS-EN-BENEFICIO-DE-PUEBLOS-ORIGINARIOS-DE-CUERNAVACA-1-560x373.jpg 560w, https:\/\/cuernavaca.gob.mx\/wp-content\/uploads\/2023\/07\/PRIORIZA-JOSE\u0301-LUIS-URIO\u0301STEGUI-OBRAS-EN-BENEFICIO-DE-PUEBLOS-ORIGINARIOS-DE-CUERNAVACA-1.jpg 1600w\" sizes=\"(max-width: 300px) 100vw, 300px\" \/> <img loading=\"lazy\" class=\"alignnone size-medium wp-image-30388\" src=\"https:\/\/cuernavaca.gob.mx\/wp-content\/uploads\/2023\/07\/PRIORIZA-JOSE\u0301-LUIS-URIO\u0301STEGUI-OBRAS-EN-BENEFICIO-DE-PUEBLOS-ORIGINARIOS-DE-CUERNAVACA-2-300x200.jpg\" alt=\"\" width=\"300\" height=\"200\" srcset=\"https:\/\/cuernavaca.gob.mx\/wp-content\/uploads\/2023\/07\/PRIORIZA-JOSE\u0301-LUIS-URIO\u0301STEGUI-OBRAS-EN-BENEFICIO-DE-PUEBLOS-ORIGINARIOS-DE-CUERNAVACA-2-300x200.jpg 300w, https:\/\/cuernavaca.gob.mx\/wp-content\/uploads\/2023\/07\/PRIORIZA-JOSE\u0301-LUIS-URIO\u0301STEGUI-OBRAS-EN-BENEFICIO-DE-PUEBLOS-ORIGINARIOS-DE-CUERNAVACA-2-1024x682.jpg 1024w, https:\/\/cuernavaca.gob.mx\/wp-content\/uploads\/2023\/07\/PRIORIZA-JOSE\u0301-LUIS-URIO\u0301STEGUI-OBRAS-EN-BENEFICIO-DE-PUEBLOS-ORIGINARIOS-DE-CUERNAVACA-2-768x512.jpg 768w, https:\/\/cuernavaca.gob.mx\/wp-content\/uploads\/2023\/07\/PRIORIZA-JOSE\u0301-LUIS-URIO\u0301STEGUI-OBRAS-EN-BENEFICIO-DE-PUEBLOS-ORIGINARIOS-DE-CUERNAVACA-2-1536x1023.jpg 1536w, https:\/\/cuernavaca.gob.mx\/wp-content\/uploads\/2023\/07\/PRIORIZA-JOSE\u0301-LUIS-URIO\u0301STEGUI-OBRAS-EN-BENEFICIO-DE-PUEBLOS-ORIGINARIOS-DE-CUERNAVACA-2-600x400.jpg 600w, https:\/\/cuernavaca.gob.mx\/wp-content\/uploads\/2023\/07\/PRIORIZA-JOSE\u0301-LUIS-URIO\u0301STEGUI-OBRAS-EN-BENEFICIO-DE-PUEBLOS-ORIGINARIOS-DE-CUERNAVACA-2-560x373.jpg 560w, https:\/\/cuernavaca.gob.mx\/wp-content\/uploads\/2023\/07\/PRIORIZA-JOSE\u0301-LUIS-URIO\u0301STEGUI-OBRAS-EN-BENEFICIO-DE-PUEBLOS-ORIGINARIOS-DE-CUERNAVACA-2.jpg 1600w\" sizes=\"(max-width: 300px) 100vw, 300px\" \/> <img loading=\"lazy\" class=\"alignnone size-medium wp-image-30389\" src=\"https:\/\/cuernavaca.gob.mx\/wp-content\/uploads\/2023\/07\/PRIORIZA-JOSE\u0301-LUIS-URIO\u0301STEGUI-OBRAS-EN-BENEFICIO-DE-PUEBLOS-ORIGINARIOS-DE-CUERNAVACA-3-300x200.jpg\" alt=\"\" width=\"300\" height=\"200\" srcset=\"https:\/\/cuernavaca.gob.mx\/wp-content\/uploads\/2023\/07\/PRIORIZA-JOSE\u0301-LUIS-URIO\u0301STEGUI-OBRAS-EN-BENEFICIO-DE-PUEBLOS-ORIGINARIOS-DE-CUERNAVACA-3-300x200.jpg 300w, https:\/\/cuernavaca.gob.mx\/wp-content\/uploads\/2023\/07\/PRIORIZA-JOSE\u0301-LUIS-URIO\u0301STEGUI-OBRAS-EN-BENEFICIO-DE-PUEBLOS-ORIGINARIOS-DE-CUERNAVACA-3-1024x682.jpg 1024w, https:\/\/cuernavaca.gob.mx\/wp-content\/uploads\/2023\/07\/PRIORIZA-JOSE\u0301-LUIS-URIO\u0301STEGUI-OBRAS-EN-BENEFICIO-DE-PUEBLOS-ORIGINARIOS-DE-CUERNAVACA-3-768x512.jpg 768w, https:\/\/cuernavaca.gob.mx\/wp-content\/uploads\/2023\/07\/PRIORIZA-JOSE\u0301-LUIS-URIO\u0301STEGUI-OBRAS-EN-BENEFICIO-DE-PUEBLOS-ORIGINARIOS-DE-CUERNAVACA-3-1536x1023.jpg 1536w, https:\/\/cuernavaca.gob.mx\/wp-content\/uploads\/2023\/07\/PRIORIZA-JOSE\u0301-LUIS-URIO\u0301STEGUI-OBRAS-EN-BENEFICIO-DE-PUEBLOS-ORIGINARIOS-DE-CUERNAVACA-3-600x400.jpg 600w, https:\/\/cuernavaca.gob.mx\/wp-content\/uploads\/2023\/07\/PRIORIZA-JOSE\u0301-LUIS-URIO\u0301STEGUI-OBRAS-EN-BENEFICIO-DE-PUEBLOS-ORIGINARIOS-DE-CUERNAVACA-3-560x373.jpg 560w, https:\/\/cuernavaca.gob.mx\/wp-content\/uploads\/2023\/07\/PRIORIZA-JOSE\u0301-LUIS-URIO\u0301STEGUI-OBRAS-EN-BENEFICIO-DE-PUEBLOS-ORIGINARIOS-DE-CUERNAVACA-3.jpg 1600w\" sizes=\"(max-width: 300px) 100vw, 300px\" \/> <img loading=\"lazy\" class=\"alignnone size-medium wp-image-30390\" src=\"https:\/\/cuernavaca.gob.mx\/wp-content\/uploads\/2023\/07\/PRIORIZA-JOSE\u0301-LUIS-URIO\u0301STEGUI-OBRAS-EN-BENEFICIO-DE-PUEBLOS-ORIGINARIOS-DE-CUERNAVACA-4-300x200.jpg\" alt=\"\" width=\"300\" height=\"200\" srcset=\"https:\/\/cuernavaca.gob.mx\/wp-content\/uploads\/2023\/07\/PRIORIZA-JOSE\u0301-LUIS-URIO\u0301STEGUI-OBRAS-EN-BENEFICIO-DE-PUEBLOS-ORIGINARIOS-DE-CUERNAVACA-4-300x200.jpg 300w, https:\/\/cuernavaca.gob.mx\/wp-content\/uploads\/2023\/07\/PRIORIZA-JOSE\u0301-LUIS-URIO\u0301STEGUI-OBRAS-EN-BENEFICIO-DE-PUEBLOS-ORIGINARIOS-DE-CUERNAVACA-4-1024x682.jpg 1024w, https:\/\/cuernavaca.gob.mx\/wp-content\/uploads\/2023\/07\/PRIORIZA-JOSE\u0301-LUIS-URIO\u0301STEGUI-OBRAS-EN-BENEFICIO-DE-PUEBLOS-ORIGINARIOS-DE-CUERNAVACA-4-768x512.jpg 768w, https:\/\/cuernavaca.gob.mx\/wp-content\/uploads\/2023\/07\/PRIORIZA-JOSE\u0301-LUIS-URIO\u0301STEGUI-OBRAS-EN-BENEFICIO-DE-PUEBLOS-ORIGINARIOS-DE-CUERNAVACA-4-1536x1023.jpg 1536w, https:\/\/cuernavaca.gob.mx\/wp-content\/uploads\/2023\/07\/PRIORIZA-JOSE\u0301-LUIS-URIO\u0301STEGUI-OBRAS-EN-BENEFICIO-DE-PUEBLOS-ORIGINARIOS-DE-CUERNAVACA-4-600x400.jpg 600w, https:\/\/cuernavaca.gob.mx\/wp-content\/uploads\/2023\/07\/PRIORIZA-JOSE\u0301-LUIS-URIO\u0301STEGUI-OBRAS-EN-BENEFICIO-DE-PUEBLOS-ORIGINARIOS-DE-CUERNAVACA-4-560x373.jpg 560w, https:\/\/cuernavaca.gob.mx\/wp-content\/uploads\/2023\/07\/PRIORIZA-JOSE\u0301-LUIS-URIO\u0301STEGUI-OBRAS-EN-BENEFICIO-DE-PUEBLOS-ORIGINARIOS-DE-CUERNAVACA-4.jpg 1600w\" sizes=\"(max-width: 300px) 100vw, 300px\" \/> <img loading=\"lazy\" class=\"alignnone size-medium wp-image-30391\" src=\"https:\/\/cuernavaca.gob.mx\/wp-content\/uploads\/2023\/07\/PRIORIZA-JOSE\u0301-LUIS-URIO\u0301STEGUI-OBRAS-EN-BENEFICIO-DE-PUEBLOS-ORIGINARIOS-DE-CUERNAVACA-5-300x200.jpg\" alt=\"\" width=\"300\" height=\"200\" srcset=\"https:\/\/cuernavaca.gob.mx\/wp-content\/uploads\/2023\/07\/PRIORIZA-JOSE\u0301-LUIS-URIO\u0301STEGUI-OBRAS-EN-BENEFICIO-DE-PUEBLOS-ORIGINARIOS-DE-CUERNAVACA-5-300x200.jpg 300w, https:\/\/cuernavaca.gob.mx\/wp-content\/uploads\/2023\/07\/PRIORIZA-JOSE\u0301-LUIS-URIO\u0301STEGUI-OBRAS-EN-BENEFICIO-DE-PUEBLOS-ORIGINARIOS-DE-CUERNAVACA-5-1024x682.jpg 1024w, https:\/\/cuernavaca.gob.mx\/wp-content\/uploads\/2023\/07\/PRIORIZA-JOSE\u0301-LUIS-URIO\u0301STEGUI-OBRAS-EN-BENEFICIO-DE-PUEBLOS-ORIGINARIOS-DE-CUERNAVACA-5-768x512.jpg 768w, https:\/\/cuernavaca.gob.mx\/wp-content\/uploads\/2023\/07\/PRIORIZA-JOSE\u0301-LUIS-URIO\u0301STEGUI-OBRAS-EN-BENEFICIO-DE-PUEBLOS-ORIGINARIOS-DE-CUERNAVACA-5-1536x1023.jpg 1536w, https:\/\/cuernavaca.gob.mx\/wp-content\/uploads\/2023\/07\/PRIORIZA-JOSE\u0301-LUIS-URIO\u0301STEGUI-OBRAS-EN-BENEFICIO-DE-PUEBLOS-ORIGINARIOS-DE-CUERNAVACA-5-600x400.jpg 600w, https:\/\/cuernavaca.gob.mx\/wp-content\/uploads\/2023\/07\/PRIORIZA-JOSE\u0301-LUIS-URIO\u0301STEGUI-OBRAS-EN-BENEFICIO-DE-PUEBLOS-ORIGINARIOS-DE-CUERNAVACA-5-560x373.jpg 560w, https:\/\/cuernavaca.gob.mx\/wp-content\/uploads\/2023\/07\/PRIORIZA-JOSE\u0301-LUIS-URIO\u0301STEGUI-OBRAS-EN-BENEFICIO-DE-PUEBLOS-ORIGINARIOS-DE-CUERNAVACA-5.jpg 1600w\" sizes=\"(max-width: 300px) 100vw, 300px\" \/> <img loading=\"lazy\" class=\"alignnone size-medium wp-image-30392\" src=\"https:\/\/cuernavaca.gob.mx\/wp-content\/uploads\/2023\/07\/PRIORIZA-JOSE\u0301-LUIS-URIO\u0301STEGUI-OBRAS-EN-BENEFICIO-DE-PUEBLOS-ORIGINARIOS-DE-CUERNAVACA-6-300x200.jpg\" alt=\"\" width=\"300\" height=\"200\" srcset=\"https:\/\/cuernavaca.gob.mx\/wp-content\/uploads\/2023\/07\/PRIORIZA-JOSE\u0301-LUIS-URIO\u0301STEGUI-OBRAS-EN-BENEFICIO-DE-PUEBLOS-ORIGINARIOS-DE-CUERNAVACA-6-300x200.jpg 300w, https:\/\/cuernavaca.gob.mx\/wp-content\/uploads\/2023\/07\/PRIORIZA-JOSE\u0301-LUIS-URIO\u0301STEGUI-OBRAS-EN-BENEFICIO-DE-PUEBLOS-ORIGINARIOS-DE-CUERNAVACA-6-1024x682.jpg 1024w, https:\/\/cuernavaca.gob.mx\/wp-content\/uploads\/2023\/07\/PRIORIZA-JOSE\u0301-LUIS-URIO\u0301STEGUI-OBRAS-EN-BENEFICIO-DE-PUEBLOS-ORIGINARIOS-DE-CUERNAVACA-6-768x512.jpg 768w, https:\/\/cuernavaca.gob.mx\/wp-content\/uploads\/2023\/07\/PRIORIZA-JOSE\u0301-LUIS-URIO\u0301STEGUI-OBRAS-EN-BENEFICIO-DE-PUEBLOS-ORIGINARIOS-DE-CUERNAVACA-6-1536x1023.jpg 1536w, https:\/\/cuernavaca.gob.mx\/wp-content\/uploads\/2023\/07\/PRIORIZA-JOSE\u0301-LUIS-URIO\u0301STEGUI-OBRAS-EN-BENEFICIO-DE-PUEBLOS-ORIGINARIOS-DE-CUERNAVACA-6-600x400.jpg 600w, https:\/\/cuernavaca.gob.mx\/wp-content\/uploads\/2023\/07\/PRIORIZA-JOSE\u0301-LUIS-URIO\u0301STEGUI-OBRAS-EN-BENEFICIO-DE-PUEBLOS-ORIGINARIOS-DE-CUERNAVACA-6-560x373.jpg 560w, https:\/\/cuernavaca.gob.mx\/wp-content\/uploads\/2023\/07\/PRIORIZA-JOSE\u0301-LUIS-URIO\u0301STEGUI-OBRAS-EN-BENEFICIO-DE-PUEBLOS-ORIGINARIOS-DE-CUERNAVACA-6.jpg 1600w\" sizes=\"(max-width: 300px) 100vw, 300px\" \/> <img loading=\"lazy\" class=\"alignnone size-medium wp-image-30393\" src=\"https:\/\/cuernavaca.gob.mx\/wp-content\/uploads\/2023\/07\/PRIORIZA-JOSE\u0301-LUIS-URIO\u0301STEGUI-OBRAS-EN-BENEFICIO-DE-PUEBLOS-ORIGINARIOS-DE-CUERNAVACA-7-300x200.jpg\" alt=\"\" width=\"300\" height=\"200\" srcset=\"https:\/\/cuernavaca.gob.mx\/wp-content\/uploads\/2023\/07\/PRIORIZA-JOSE\u0301-LUIS-URIO\u0301STEGUI-OBRAS-EN-BENEFICIO-DE-PUEBLOS-ORIGINARIOS-DE-CUERNAVACA-7-300x200.jpg 300w, https:\/\/cuernavaca.gob.mx\/wp-content\/uploads\/2023\/07\/PRIORIZA-JOSE\u0301-LUIS-URIO\u0301STEGUI-OBRAS-EN-BENEFICIO-DE-PUEBLOS-ORIGINARIOS-DE-CUERNAVACA-7-1024x682.jpg 1024w, https:\/\/cuernavaca.gob.mx\/wp-content\/uploads\/2023\/07\/PRIORIZA-JOSE\u0301-LUIS-URIO\u0301STEGUI-OBRAS-EN-BENEFICIO-DE-PUEBLOS-ORIGINARIOS-DE-CUERNAVACA-7-768x512.jpg 768w, https:\/\/cuernavaca.gob.mx\/wp-content\/uploads\/2023\/07\/PRIORIZA-JOSE\u0301-LUIS-URIO\u0301STEGUI-OBRAS-EN-BENEFICIO-DE-PUEBLOS-ORIGINARIOS-DE-CUERNAVACA-7-1536x1023.jpg 1536w, https:\/\/cuernavaca.gob.mx\/wp-content\/uploads\/2023\/07\/PRIORIZA-JOSE\u0301-LUIS-URIO\u0301STEGUI-OBRAS-EN-BENEFICIO-DE-PUEBLOS-ORIGINARIOS-DE-CUERNAVACA-7-600x400.jpg 600w, https:\/\/cuernavaca.gob.mx\/wp-content\/uploads\/2023\/07\/PRIORIZA-JOSE\u0301-LUIS-URIO\u0301STEGUI-OBRAS-EN-BENEFICIO-DE-PUEBLOS-ORIGINARIOS-DE-CUERNAVACA-7-560x373.jpg 560w, https:\/\/cuernavaca.gob.mx\/wp-content\/uploads\/2023\/07\/PRIORIZA-JOSE\u0301-LUIS-URIO\u0301STEGUI-OBRAS-EN-BENEFICIO-DE-PUEBLOS-ORIGINARIOS-DE-CUERNAVACA-7.jpg 1600w\" sizes=\"(max-width: 300px) 100vw, 300px\" \/> <img loading=\"lazy\" class=\"alignnone size-medium wp-image-30394\" src=\"https:\/\/cuernavaca.gob.mx\/wp-content\/uploads\/2023\/07\/PRIORIZA-JOSE\u0301-LUIS-URIO\u0301STEGUI-OBRAS-EN-BENEFICIO-DE-PUEBLOS-ORIGINARIOS-DE-CUERNAVACA-8-300x200.jpg\" alt=\"\" width=\"300\" height=\"200\" srcset=\"https:\/\/cuernavaca.gob.mx\/wp-content\/uploads\/2023\/07\/PRIORIZA-JOSE\u0301-LUIS-URIO\u0301STEGUI-OBRAS-EN-BENEFICIO-DE-PUEBLOS-ORIGINARIOS-DE-CUERNAVACA-8-300x200.jpg 300w, https:\/\/cuernavaca.gob.mx\/wp-content\/uploads\/2023\/07\/PRIORIZA-JOSE\u0301-LUIS-URIO\u0301STEGUI-OBRAS-EN-BENEFICIO-DE-PUEBLOS-ORIGINARIOS-DE-CUERNAVACA-8-1024x682.jpg 1024w, https:\/\/cuernavaca.gob.mx\/wp-content\/uploads\/2023\/07\/PRIORIZA-JOSE\u0301-LUIS-URIO\u0301STEGUI-OBRAS-EN-BENEFICIO-DE-PUEBLOS-ORIGINARIOS-DE-CUERNAVACA-8-768x512.jpg 768w, https:\/\/cuernavaca.gob.mx\/wp-content\/uploads\/2023\/07\/PRIORIZA-JOSE\u0301-LUIS-URIO\u0301STEGUI-OBRAS-EN-BENEFICIO-DE-PUEBLOS-ORIGINARIOS-DE-CUERNAVACA-8-1536x1023.jpg 1536w, https:\/\/cuernavaca.gob.mx\/wp-content\/uploads\/2023\/07\/PRIORIZA-JOSE\u0301-LUIS-URIO\u0301STEGUI-OBRAS-EN-BENEFICIO-DE-PUEBLOS-ORIGINARIOS-DE-CUERNAVACA-8-600x400.jpg 600w, https:\/\/cuernavaca.gob.mx\/wp-content\/uploads\/2023\/07\/PRIORIZA-JOSE\u0301-LUIS-URIO\u0301STEGUI-OBRAS-EN-BENEFICIO-DE-PUEBLOS-ORIGINARIOS-DE-CUERNAVACA-8-560x373.jpg 560w, https:\/\/cuernavaca.gob.mx\/wp-content\/uploads\/2023\/07\/PRIORIZA-JOSE\u0301-LUIS-URIO\u0301STEGUI-OBRAS-EN-BENEFICIO-DE-PUEBLOS-ORIGINARIOS-DE-CUERNAVACA-8.jpg 1600w\" sizes=\"(max-width: 300px) 100vw, 300px\" \/> <img loading=\"lazy\" class=\"alignnone size-medium wp-image-30395\" src=\"https:\/\/cuernavaca.gob.mx\/wp-content\/uploads\/2023\/07\/PRIORIZA-JOSE\u0301-LUIS-URIO\u0301STEGUI-OBRAS-EN-BENEFICIO-DE-PUEBLOS-ORIGINARIOS-DE-CUERNAVACA-9-300x200.jpg\" alt=\"\" width=\"300\" height=\"200\" srcset=\"https:\/\/cuernavaca.gob.mx\/wp-content\/uploads\/2023\/07\/PRIORIZA-JOSE\u0301-LUIS-URIO\u0301STEGUI-OBRAS-EN-BENEFICIO-DE-PUEBLOS-ORIGINARIOS-DE-CUERNAVACA-9-300x200.jpg 300w, https:\/\/cuernavaca.gob.mx\/wp-content\/uploads\/2023\/07\/PRIORIZA-JOSE\u0301-LUIS-URIO\u0301STEGUI-OBRAS-EN-BENEFICIO-DE-PUEBLOS-ORIGINARIOS-DE-CUERNAVACA-9-1024x682.jpg 1024w, https:\/\/cuernavaca.gob.mx\/wp-content\/uploads\/2023\/07\/PRIORIZA-JOSE\u0301-LUIS-URIO\u0301STEGUI-OBRAS-EN-BENEFICIO-DE-PUEBLOS-ORIGINARIOS-DE-CUERNAVACA-9-768x512.jpg 768w, https:\/\/cuernavaca.gob.mx\/wp-content\/uploads\/2023\/07\/PRIORIZA-JOSE\u0301-LUIS-URIO\u0301STEGUI-OBRAS-EN-BENEFICIO-DE-PUEBLOS-ORIGINARIOS-DE-CUERNAVACA-9-1536x1023.jpg 1536w, https:\/\/cuernavaca.gob.mx\/wp-content\/uploads\/2023\/07\/PRIORIZA-JOSE\u0301-LUIS-URIO\u0301STEGUI-OBRAS-EN-BENEFICIO-DE-PUEBLOS-ORIGINARIOS-DE-CUERNAVACA-9-600x400.jpg 600w, https:\/\/cuernavaca.gob.mx\/wp-content\/uploads\/2023\/07\/PRIORIZA-JOSE\u0301-LUIS-URIO\u0301STEGUI-OBRAS-EN-BENEFICIO-DE-PUEBLOS-ORIGINARIOS-DE-CUERNAVACA-9-560x373.jpg 560w, https:\/\/cuernavaca.gob.mx\/wp-content\/uploads\/2023\/07\/PRIORIZA-JOSE\u0301-LUIS-URIO\u0301STEGUI-OBRAS-EN-BENEFICIO-DE-PUEBLOS-ORIGINARIOS-DE-CUERNAVACA-9.jpg 1600w\" sizes=\"(max-width: 300px) 100vw, 300px\" \/> <img loading=\"lazy\" class=\"alignnone size-medium wp-image-30396\" src=\"https:\/\/cuernavaca.gob.mx\/wp-content\/uploads\/2023\/07\/PRIORIZA-JOSE\u0301-LUIS-URIO\u0301STEGUI-OBRAS-EN-BENEFICIO-DE-PUEBLOS-ORIGINARIOS-DE-CUERNAVACA-10-300x200.jpg\" alt=\"\" width=\"300\" height=\"200\" srcset=\"https:\/\/cuernavaca.gob.mx\/wp-content\/uploads\/2023\/07\/PRIORIZA-JOSE\u0301-LUIS-URIO\u0301STEGUI-OBRAS-EN-BENEFICIO-DE-PUEBLOS-ORIGINARIOS-DE-CUERNAVACA-10-300x200.jpg 300w, https:\/\/cuernavaca.gob.mx\/wp-content\/uploads\/2023\/07\/PRIORIZA-JOSE\u0301-LUIS-URIO\u0301STEGUI-OBRAS-EN-BENEFICIO-DE-PUEBLOS-ORIGINARIOS-DE-CUERNAVACA-10-1024x682.jpg 1024w, https:\/\/cuernavaca.gob.mx\/wp-content\/uploads\/2023\/07\/PRIORIZA-JOSE\u0301-LUIS-URIO\u0301STEGUI-OBRAS-EN-BENEFICIO-DE-PUEBLOS-ORIGINARIOS-DE-CUERNAVACA-10-768x512.jpg 768w, https:\/\/cuernavaca.gob.mx\/wp-content\/uploads\/2023\/07\/PRIORIZA-JOSE\u0301-LUIS-URIO\u0301STEGUI-OBRAS-EN-BENEFICIO-DE-PUEBLOS-ORIGINARIOS-DE-CUERNAVACA-10-1536x1023.jpg 1536w, https:\/\/cuernavaca.gob.mx\/wp-content\/uploads\/2023\/07\/PRIORIZA-JOSE\u0301-LUIS-URIO\u0301STEGUI-OBRAS-EN-BENEFICIO-DE-PUEBLOS-ORIGINARIOS-DE-CUERNAVACA-10-600x400.jpg 600w, https:\/\/cuernavaca.gob.mx\/wp-content\/uploads\/2023\/07\/PRIORIZA-JOSE\u0301-LUIS-URIO\u0301STEGUI-OBRAS-EN-BENEFICIO-DE-PUEBLOS-ORIGINARIOS-DE-CUERNAVACA-10-560x373.jpg 560w, https:\/\/cuernavaca.gob.mx\/wp-content\/uploads\/2023\/07\/PRIORIZA-JOSE\u0301-LUIS-URIO\u0301STEGUI-OBRAS-EN-BENEFICIO-DE-PUEBLOS-ORIGINARIOS-DE-CUERNAVACA-10.jpg 1600w\" sizes=\"(max-width: 300px) 100vw, 300px\" \/><\/p>\n","protected":false},"excerpt":{"rendered":"<p>\u2022 Integrantes del Cabildo y Gabinete municipal participaron en el inicio de la reconstrucci\u00f3n de la avenida Nacional en Santa Mar\u00eda Ahuacatitl\u00e1n \u2022 Se intervendr\u00e1n 618 metros cuadrados de pavimento empedrado y 620.49 metros cuadrados de nuevas banquetas Con el objetivo de seguir mejorando la calidad de vida de la poblaci\u00f3n y rescatar la memoria [&hellip;]<\/p>\n","protected":false},"author":1,"featured_media":30394,"comment_status":"closed","ping_status":"open","sticky":false,"template":"","format":"standard","meta":[],"categories":[18],"tags":[3154,916,2541,121,120,2288,206,1075,232,358],"aioseo_notices":[],"_links":{"self":[{"href":"https:\/\/cuernavaca.gob.mx\/index.php?rest_route=\/wp\/v2\/posts\/30386"}],"collection":[{"href":"https:\/\/cuernavaca.gob.mx\/index.php?rest_route=\/wp\/v2\/posts"}],"about":[{"href":"https:\/\/cuernavaca.gob.mx\/index.php?rest_route=\/wp\/v2\/types\/post"}],"author":[{"embeddable":true,"href":"https:\/\/cuernavaca.gob.mx\/index.php?rest_route=\/wp\/v2\/users\/1"}],"replies":[{"embeddable":true,"href":"https:\/\/cuernavaca.gob.mx\/index.php?rest_route=%2Fwp%2Fv2%2Fcomments&post=30386"}],"version-history":[{"count":1,"href":"https:\/\/cuernavaca.gob.mx\/index.php?rest_route=\/wp\/v2\/posts\/30386\/revisions"}],"predecessor-version":[{"id":30397,"href":"https:\/\/cuernavaca.gob.mx\/index.php?rest_route=\/wp\/v2\/posts\/30386\/revisions\/30397"}],"wp:featuredmedia":[{"embeddable":true,"href":"https:\/\/cuernavaca.gob.mx\/index.php?rest_route=\/wp\/v2\/media\/30394"}],"wp:attachment":[{"href":"https:\/\/cuernavaca.gob.mx\/index.php?rest_route=%2Fwp%2Fv2%2Fmedia&parent=30386"}],"wp:term":[{"taxonomy":"category","embeddable":true,"href":"https:\/\/cuernavaca.gob.mx\/index.php?rest_route=%2Fwp%2Fv2%2Fcategories&post=30386"},{"taxonomy":"post_tag","embeddable":true,"href":"https:\/\/cuernavaca.gob.mx\/index.php?rest_route=%2Fwp%2Fv2%2Ftags&post=30386"}],"curies":[{"name":"wp","href":"https:\/\/api.w.org\/{rel}","templated":true}]}}