{"id":30439,"date":"2023-07-14T20:05:28","date_gmt":"2023-07-15T02:05:28","guid":{"rendered":"https:\/\/cuernavaca.gob.mx\/?p=30439"},"modified":"2025-05-06T12:42:44","modified_gmt":"2025-05-06T18:42:44","slug":"b1129-14-07-23-reconoce-ayuntamiento-de-cuernavaca-a-planteles-participantes-del-programa-escuelas-verdes","status":"publish","type":"post","link":"https:\/\/cuernavaca.gob.mx\/?p=30439","title":{"rendered":"B1129 14\/07\/23 RECONOCE AYUNTAMIENTO DE CUERNAVACA A PLANTELES PARTICIPANTES DEL PROGRAMA ESCUELAS VERDES"},"content":{"rendered":"<div><strong>\u2022 El proyecto fue replicado a m\u00e1s de mil 500 alumnos de nueve escuelas primarias y secundarias de la ciudad que se involucraron con acciones integrales a favor del cuidado del medio ambiente\u00a0<\/strong><\/div>\n<div><\/div>\n<div>En coincidencia y cumplimiento a una de las pol\u00edticas p\u00fablicas m\u00e1s ambiciosas de la presente administraci\u00f3n, la Fiscal\u00eda Ambiental de la Secretar\u00eda de Desarrollo Sustentable y Servicios P\u00fablicos del Ayuntamiento de Cuernavaca, clausur\u00f3 este viernes el programa &#8220;Escuelas Verdes&#8221;, el cual fue replicado a m\u00e1s de mil 500 alumnos de nueve escuelas primarias y secundarias, con el objetivo de contribuir a trav\u00e9s de acciones integrales a la apropiaci\u00f3n del cuidado del medio ambiente entre los infantes y adolescentes, siendo la punta de lanza para que en el municipio se empiece a transformar la manera de pensar y de actuar de sus habitantes a futuros m\u00e1s sostenibles.<\/div>\n<div><\/div>\n<div>Ante padres y madres de familia, docentes y estudiantes participantes, la Fiscal Ambiental, Laura Garc\u00eda M\u00e9ndez, explic\u00f3 que una Escuela Verde se promueven procesos de ense\u00f1anza y aprendizaje vinculados con la educaci\u00f3n ambiental, fomentando pr\u00e1cticas sustentables y gestionando ambientalmente sus recursos, logrando en esta primera etapa del proyecto estar presentes en la escuela secundaria general No. 12 &#8220;General Manuel \u00c1vila Camacho&#8221;, en la Benem\u00e9rita escuela secundaria No. 1 &#8220;Froyl\u00e1n Parroquin Garc\u00eda&#8221;, en la escuela secundaria general No. 8 &#8220;Pablo Torres Burgos&#8221;.<\/div>\n<div><\/div>\n<div>Asimismo, en la escuela secundaria No. 5 &#8220;Licenciado Adolfo L\u00f3pez Mateos&#8221;, en la escuela secundaria general No. 2 &#8220;Francisco Gonz\u00e1lez Bocanegra&#8221;, en la escuela primaria &#8220;Licenciado Benito Ju\u00e1rez Garc\u00eda&#8221;, en la escuela primera &#8220;Mariano Matamoros&#8221;, en la escuela primaria &#8220;Josefa Ortiz de Dom\u00ednguez&#8221;, y en la escuela primaria &#8220;18 de marzo\u201d, esto con la suma de voluntades del IEBEM.<\/div>\n<div><\/div>\n<div>Precis\u00f3 en esta primera generaci\u00f3n desarrollaron cinco talleres con distintas tem\u00e1ticas desde la elaboraci\u00f3n de vitral con PET, hasta la creaci\u00f3n de botes separadores de residuos s\u00f3lidos y la ense\u00f1anza de separar la basura en org\u00e1nica e inorg\u00e1nica, as\u00ed como la elaboraci\u00f3n de compostas, huertos de traspatio con enfoque de salud, y el ahorro y cuidado del agua, con el prop\u00f3sito de que puedan replicar estas buenas pr\u00e1cticas en sus hogares y comunidades para mejorar la calidad de vida de las pr\u00f3ximas generaciones.<\/div>\n<div><\/div>\n<div>Dando un testimonio sobre los aprendizajes adquiridos, Carlos Enrique Hern\u00e1ndez S\u00e1nchez, de sexto grado de primaria en la escuela &#8220;Lic. Benito Ju\u00e1rez Garc\u00eda&#8221;, expres\u00f3 que durante cinco meses un total de 50 alumnos de quinto y sexto grado asistieron a pr\u00e1cticas donde les explicaban de una manera clara c\u00f3mo cuidar el medio ambiente, lo que adem\u00e1s les permiti\u00f3 fortalecer la participaci\u00f3n, cooperaci\u00f3n, reflexi\u00f3n, creatividad, imaginaci\u00f3n y comunicaci\u00f3n.<\/div>\n<div><\/div>\n<div>&#8220;De ahora en adelante con el apoyo de nuestros maestros, compa\u00f1eros y de nuestra instituci\u00f3n educativa promoveremos procesos de ense\u00f1anza y aprendizaje vinculados con la educaci\u00f3n ambiental en la que se fomenten pr\u00e1cticas sustentables, transformando nuestros h\u00e1bitos desde la escuela para posteriormente llevarlos a cada uno de nuestros hogares, con la finalidad de promover la cultura ecol\u00f3gica y de respeto al medio ambiente entre la comunidad escolar&#8221;, asever\u00f3.<\/div>\n<div><\/div>\n<div>A nombre de la Benem\u00e9rita Escuela Secundaria No. 1 &#8220;Froyl\u00e1n Parroquin Garc\u00eda&#8221;, la maestra Ariadna Hern\u00e1ndez Jauregui y la estudiante Marialy Danai Castillo Cuevas, agradecieron a la Fiscal\u00eda Ambiental por los conocimientos adquiridos, mediante los cuales podr\u00e1n ser promotores del cuidado del medio ambiente.<\/div>\n<div><\/div>\n<div>Finalmente, en representaci\u00f3n del presidente municipal, Jos\u00e9 Luis Uri\u00f3stegui Salgado, el secretario de Desarrollo Sustentable y Servicios P\u00fablicos, Israel Albavera V\u00e1zquez, puntualiz\u00f3 que Escuelas Verdes es un gran paso para cambiar la cultura y los h\u00e1bitos de la poblaci\u00f3n, ya que los estudiantes podr\u00e1n ense\u00f1arles a sus padres, familiares y vecinos todas estas pr\u00e1cticas, sum\u00e1ndose a acciones que ha implementado en la materia la presente administraci\u00f3n como es la separaci\u00f3n de residuos s\u00f3lidos, &#8220;este no es un tema de moda, es un bien necesario&#8221;.<\/div>\n<div><\/div>\n<div>Escuelas Verdes es un proyecto integral en el que participa la empresa recolectora de basura debido a que en su contrato se estableci\u00f3 un recurso para la educaci\u00f3n ambiental, que es de dos al millar, es decir, m\u00e1s de 200 mil pesos.<\/div>\n<div><\/div>\n<div>En el evento las escuelas participantes fueron reconocidas como Escuelas Verdes, contando con la presencia de las representaciones del director del IEBEM, la Oficina de la Gubernatura de Morelos; de la Secretar\u00eda de Desarrollo Sustentable del Estado; de la de Procuradur\u00eda de Protecci\u00f3n al Ambiente (PROPAEM); de la SEMARNAT; de la diputada local, Andrea Gordillo Vega y de la empresa KS.<\/div>\n<div><img loading=\"lazy\" class=\"alignnone size-medium wp-image-30440\" src=\"https:\/\/cuernavaca.gob.mx\/wp-content\/uploads\/2023\/07\/RECONOCE-AYUNTAMIENTO-DE-CUERNAVACA-A-PLANTELES-PARTICIPANTES-DEL-PROGRAMA-ESCUELAS-VERDES-1-300x200.jpeg\" alt=\"\" width=\"300\" height=\"200\" srcset=\"https:\/\/cuernavaca.gob.mx\/wp-content\/uploads\/2023\/07\/RECONOCE-AYUNTAMIENTO-DE-CUERNAVACA-A-PLANTELES-PARTICIPANTES-DEL-PROGRAMA-ESCUELAS-VERDES-1-300x200.jpeg 300w, https:\/\/cuernavaca.gob.mx\/wp-content\/uploads\/2023\/07\/RECONOCE-AYUNTAMIENTO-DE-CUERNAVACA-A-PLANTELES-PARTICIPANTES-DEL-PROGRAMA-ESCUELAS-VERDES-1-1024x682.jpeg 1024w, https:\/\/cuernavaca.gob.mx\/wp-content\/uploads\/2023\/07\/RECONOCE-AYUNTAMIENTO-DE-CUERNAVACA-A-PLANTELES-PARTICIPANTES-DEL-PROGRAMA-ESCUELAS-VERDES-1-768x512.jpeg 768w, https:\/\/cuernavaca.gob.mx\/wp-content\/uploads\/2023\/07\/RECONOCE-AYUNTAMIENTO-DE-CUERNAVACA-A-PLANTELES-PARTICIPANTES-DEL-PROGRAMA-ESCUELAS-VERDES-1-1536x1023.jpeg 1536w, https:\/\/cuernavaca.gob.mx\/wp-content\/uploads\/2023\/07\/RECONOCE-AYUNTAMIENTO-DE-CUERNAVACA-A-PLANTELES-PARTICIPANTES-DEL-PROGRAMA-ESCUELAS-VERDES-1-600x400.jpeg 600w, https:\/\/cuernavaca.gob.mx\/wp-content\/uploads\/2023\/07\/RECONOCE-AYUNTAMIENTO-DE-CUERNAVACA-A-PLANTELES-PARTICIPANTES-DEL-PROGRAMA-ESCUELAS-VERDES-1-560x373.jpeg 560w, https:\/\/cuernavaca.gob.mx\/wp-content\/uploads\/2023\/07\/RECONOCE-AYUNTAMIENTO-DE-CUERNAVACA-A-PLANTELES-PARTICIPANTES-DEL-PROGRAMA-ESCUELAS-VERDES-1.jpeg 1600w\" sizes=\"(max-width: 300px) 100vw, 300px\" \/> <img loading=\"lazy\" class=\"alignnone size-medium wp-image-30441\" src=\"https:\/\/cuernavaca.gob.mx\/wp-content\/uploads\/2023\/07\/RECONOCE-AYUNTAMIENTO-DE-CUERNAVACA-A-PLANTELES-PARTICIPANTES-DEL-PROGRAMA-ESCUELAS-VERDES-2-300x200.jpeg\" alt=\"\" width=\"300\" height=\"200\" srcset=\"https:\/\/cuernavaca.gob.mx\/wp-content\/uploads\/2023\/07\/RECONOCE-AYUNTAMIENTO-DE-CUERNAVACA-A-PLANTELES-PARTICIPANTES-DEL-PROGRAMA-ESCUELAS-VERDES-2-300x200.jpeg 300w, https:\/\/cuernavaca.gob.mx\/wp-content\/uploads\/2023\/07\/RECONOCE-AYUNTAMIENTO-DE-CUERNAVACA-A-PLANTELES-PARTICIPANTES-DEL-PROGRAMA-ESCUELAS-VERDES-2-1024x682.jpeg 1024w, https:\/\/cuernavaca.gob.mx\/wp-content\/uploads\/2023\/07\/RECONOCE-AYUNTAMIENTO-DE-CUERNAVACA-A-PLANTELES-PARTICIPANTES-DEL-PROGRAMA-ESCUELAS-VERDES-2-768x512.jpeg 768w, https:\/\/cuernavaca.gob.mx\/wp-content\/uploads\/2023\/07\/RECONOCE-AYUNTAMIENTO-DE-CUERNAVACA-A-PLANTELES-PARTICIPANTES-DEL-PROGRAMA-ESCUELAS-VERDES-2-1536x1023.jpeg 1536w, https:\/\/cuernavaca.gob.mx\/wp-content\/uploads\/2023\/07\/RECONOCE-AYUNTAMIENTO-DE-CUERNAVACA-A-PLANTELES-PARTICIPANTES-DEL-PROGRAMA-ESCUELAS-VERDES-2-600x400.jpeg 600w, https:\/\/cuernavaca.gob.mx\/wp-content\/uploads\/2023\/07\/RECONOCE-AYUNTAMIENTO-DE-CUERNAVACA-A-PLANTELES-PARTICIPANTES-DEL-PROGRAMA-ESCUELAS-VERDES-2-560x373.jpeg 560w, https:\/\/cuernavaca.gob.mx\/wp-content\/uploads\/2023\/07\/RECONOCE-AYUNTAMIENTO-DE-CUERNAVACA-A-PLANTELES-PARTICIPANTES-DEL-PROGRAMA-ESCUELAS-VERDES-2.jpeg 1600w\" sizes=\"(max-width: 300px) 100vw, 300px\" \/> <img loading=\"lazy\" class=\"alignnone size-medium wp-image-30442\" src=\"https:\/\/cuernavaca.gob.mx\/wp-content\/uploads\/2023\/07\/RECONOCE-AYUNTAMIENTO-DE-CUERNAVACA-A-PLANTELES-PARTICIPANTES-DEL-PROGRAMA-ESCUELAS-VERDES-3-300x200.jpeg\" alt=\"\" width=\"300\" height=\"200\" srcset=\"https:\/\/cuernavaca.gob.mx\/wp-content\/uploads\/2023\/07\/RECONOCE-AYUNTAMIENTO-DE-CUERNAVACA-A-PLANTELES-PARTICIPANTES-DEL-PROGRAMA-ESCUELAS-VERDES-3-300x200.jpeg 300w, https:\/\/cuernavaca.gob.mx\/wp-content\/uploads\/2023\/07\/RECONOCE-AYUNTAMIENTO-DE-CUERNAVACA-A-PLANTELES-PARTICIPANTES-DEL-PROGRAMA-ESCUELAS-VERDES-3-1024x682.jpeg 1024w, https:\/\/cuernavaca.gob.mx\/wp-content\/uploads\/2023\/07\/RECONOCE-AYUNTAMIENTO-DE-CUERNAVACA-A-PLANTELES-PARTICIPANTES-DEL-PROGRAMA-ESCUELAS-VERDES-3-768x512.jpeg 768w, https:\/\/cuernavaca.gob.mx\/wp-content\/uploads\/2023\/07\/RECONOCE-AYUNTAMIENTO-DE-CUERNAVACA-A-PLANTELES-PARTICIPANTES-DEL-PROGRAMA-ESCUELAS-VERDES-3-1536x1023.jpeg 1536w, https:\/\/cuernavaca.gob.mx\/wp-content\/uploads\/2023\/07\/RECONOCE-AYUNTAMIENTO-DE-CUERNAVACA-A-PLANTELES-PARTICIPANTES-DEL-PROGRAMA-ESCUELAS-VERDES-3-600x400.jpeg 600w, https:\/\/cuernavaca.gob.mx\/wp-content\/uploads\/2023\/07\/RECONOCE-AYUNTAMIENTO-DE-CUERNAVACA-A-PLANTELES-PARTICIPANTES-DEL-PROGRAMA-ESCUELAS-VERDES-3-560x373.jpeg 560w, https:\/\/cuernavaca.gob.mx\/wp-content\/uploads\/2023\/07\/RECONOCE-AYUNTAMIENTO-DE-CUERNAVACA-A-PLANTELES-PARTICIPANTES-DEL-PROGRAMA-ESCUELAS-VERDES-3.jpeg 1600w\" sizes=\"(max-width: 300px) 100vw, 300px\" \/> <img loading=\"lazy\" class=\"alignnone size-medium wp-image-30443\" src=\"https:\/\/cuernavaca.gob.mx\/wp-content\/uploads\/2023\/07\/RECONOCE-AYUNTAMIENTO-DE-CUERNAVACA-A-PLANTELES-PARTICIPANTES-DEL-PROGRAMA-ESCUELAS-VERDES-4-300x200.jpeg\" alt=\"\" width=\"300\" height=\"200\" srcset=\"https:\/\/cuernavaca.gob.mx\/wp-content\/uploads\/2023\/07\/RECONOCE-AYUNTAMIENTO-DE-CUERNAVACA-A-PLANTELES-PARTICIPANTES-DEL-PROGRAMA-ESCUELAS-VERDES-4-300x200.jpeg 300w, https:\/\/cuernavaca.gob.mx\/wp-content\/uploads\/2023\/07\/RECONOCE-AYUNTAMIENTO-DE-CUERNAVACA-A-PLANTELES-PARTICIPANTES-DEL-PROGRAMA-ESCUELAS-VERDES-4-1024x682.jpeg 1024w, https:\/\/cuernavaca.gob.mx\/wp-content\/uploads\/2023\/07\/RECONOCE-AYUNTAMIENTO-DE-CUERNAVACA-A-PLANTELES-PARTICIPANTES-DEL-PROGRAMA-ESCUELAS-VERDES-4-768x512.jpeg 768w, https:\/\/cuernavaca.gob.mx\/wp-content\/uploads\/2023\/07\/RECONOCE-AYUNTAMIENTO-DE-CUERNAVACA-A-PLANTELES-PARTICIPANTES-DEL-PROGRAMA-ESCUELAS-VERDES-4-1536x1023.jpeg 1536w, https:\/\/cuernavaca.gob.mx\/wp-content\/uploads\/2023\/07\/RECONOCE-AYUNTAMIENTO-DE-CUERNAVACA-A-PLANTELES-PARTICIPANTES-DEL-PROGRAMA-ESCUELAS-VERDES-4-600x400.jpeg 600w, https:\/\/cuernavaca.gob.mx\/wp-content\/uploads\/2023\/07\/RECONOCE-AYUNTAMIENTO-DE-CUERNAVACA-A-PLANTELES-PARTICIPANTES-DEL-PROGRAMA-ESCUELAS-VERDES-4-560x373.jpeg 560w, https:\/\/cuernavaca.gob.mx\/wp-content\/uploads\/2023\/07\/RECONOCE-AYUNTAMIENTO-DE-CUERNAVACA-A-PLANTELES-PARTICIPANTES-DEL-PROGRAMA-ESCUELAS-VERDES-4.jpeg 1600w\" sizes=\"(max-width: 300px) 100vw, 300px\" \/> <img loading=\"lazy\" class=\"alignnone size-medium wp-image-30444\" src=\"https:\/\/cuernavaca.gob.mx\/wp-content\/uploads\/2023\/07\/RECONOCE-AYUNTAMIENTO-DE-CUERNAVACA-A-PLANTELES-PARTICIPANTES-DEL-PROGRAMA-ESCUELAS-VERDES-5-300x200.jpeg\" alt=\"\" width=\"300\" height=\"200\" srcset=\"https:\/\/cuernavaca.gob.mx\/wp-content\/uploads\/2023\/07\/RECONOCE-AYUNTAMIENTO-DE-CUERNAVACA-A-PLANTELES-PARTICIPANTES-DEL-PROGRAMA-ESCUELAS-VERDES-5-300x200.jpeg 300w, https:\/\/cuernavaca.gob.mx\/wp-content\/uploads\/2023\/07\/RECONOCE-AYUNTAMIENTO-DE-CUERNAVACA-A-PLANTELES-PARTICIPANTES-DEL-PROGRAMA-ESCUELAS-VERDES-5-1024x682.jpeg 1024w, https:\/\/cuernavaca.gob.mx\/wp-content\/uploads\/2023\/07\/RECONOCE-AYUNTAMIENTO-DE-CUERNAVACA-A-PLANTELES-PARTICIPANTES-DEL-PROGRAMA-ESCUELAS-VERDES-5-768x512.jpeg 768w, https:\/\/cuernavaca.gob.mx\/wp-content\/uploads\/2023\/07\/RECONOCE-AYUNTAMIENTO-DE-CUERNAVACA-A-PLANTELES-PARTICIPANTES-DEL-PROGRAMA-ESCUELAS-VERDES-5-1536x1023.jpeg 1536w, https:\/\/cuernavaca.gob.mx\/wp-content\/uploads\/2023\/07\/RECONOCE-AYUNTAMIENTO-DE-CUERNAVACA-A-PLANTELES-PARTICIPANTES-DEL-PROGRAMA-ESCUELAS-VERDES-5-600x400.jpeg 600w, https:\/\/cuernavaca.gob.mx\/wp-content\/uploads\/2023\/07\/RECONOCE-AYUNTAMIENTO-DE-CUERNAVACA-A-PLANTELES-PARTICIPANTES-DEL-PROGRAMA-ESCUELAS-VERDES-5-560x373.jpeg 560w, https:\/\/cuernavaca.gob.mx\/wp-content\/uploads\/2023\/07\/RECONOCE-AYUNTAMIENTO-DE-CUERNAVACA-A-PLANTELES-PARTICIPANTES-DEL-PROGRAMA-ESCUELAS-VERDES-5.jpeg 1600w\" sizes=\"(max-width: 300px) 100vw, 300px\" \/> <img loading=\"lazy\" class=\"alignnone size-medium wp-image-30445\" src=\"https:\/\/cuernavaca.gob.mx\/wp-content\/uploads\/2023\/07\/RECONOCE-AYUNTAMIENTO-DE-CUERNAVACA-A-PLANTELES-PARTICIPANTES-DEL-PROGRAMA-ESCUELAS-VERDES-6-300x200.jpeg\" alt=\"\" width=\"300\" height=\"200\" srcset=\"https:\/\/cuernavaca.gob.mx\/wp-content\/uploads\/2023\/07\/RECONOCE-AYUNTAMIENTO-DE-CUERNAVACA-A-PLANTELES-PARTICIPANTES-DEL-PROGRAMA-ESCUELAS-VERDES-6-300x200.jpeg 300w, https:\/\/cuernavaca.gob.mx\/wp-content\/uploads\/2023\/07\/RECONOCE-AYUNTAMIENTO-DE-CUERNAVACA-A-PLANTELES-PARTICIPANTES-DEL-PROGRAMA-ESCUELAS-VERDES-6-1024x682.jpeg 1024w, https:\/\/cuernavaca.gob.mx\/wp-content\/uploads\/2023\/07\/RECONOCE-AYUNTAMIENTO-DE-CUERNAVACA-A-PLANTELES-PARTICIPANTES-DEL-PROGRAMA-ESCUELAS-VERDES-6-768x512.jpeg 768w, https:\/\/cuernavaca.gob.mx\/wp-content\/uploads\/2023\/07\/RECONOCE-AYUNTAMIENTO-DE-CUERNAVACA-A-PLANTELES-PARTICIPANTES-DEL-PROGRAMA-ESCUELAS-VERDES-6-1536x1023.jpeg 1536w, https:\/\/cuernavaca.gob.mx\/wp-content\/uploads\/2023\/07\/RECONOCE-AYUNTAMIENTO-DE-CUERNAVACA-A-PLANTELES-PARTICIPANTES-DEL-PROGRAMA-ESCUELAS-VERDES-6-600x400.jpeg 600w, https:\/\/cuernavaca.gob.mx\/wp-content\/uploads\/2023\/07\/RECONOCE-AYUNTAMIENTO-DE-CUERNAVACA-A-PLANTELES-PARTICIPANTES-DEL-PROGRAMA-ESCUELAS-VERDES-6-560x373.jpeg 560w, https:\/\/cuernavaca.gob.mx\/wp-content\/uploads\/2023\/07\/RECONOCE-AYUNTAMIENTO-DE-CUERNAVACA-A-PLANTELES-PARTICIPANTES-DEL-PROGRAMA-ESCUELAS-VERDES-6.jpeg 1600w\" sizes=\"(max-width: 300px) 100vw, 300px\" \/> <img loading=\"lazy\" class=\"alignnone size-medium wp-image-30446\" src=\"https:\/\/cuernavaca.gob.mx\/wp-content\/uploads\/2023\/07\/RECONOCE-AYUNTAMIENTO-DE-CUERNAVACA-A-PLANTELES-PARTICIPANTES-DEL-PROGRAMA-ESCUELAS-VERDES-7-300x200.jpeg\" alt=\"\" width=\"300\" height=\"200\" srcset=\"https:\/\/cuernavaca.gob.mx\/wp-content\/uploads\/2023\/07\/RECONOCE-AYUNTAMIENTO-DE-CUERNAVACA-A-PLANTELES-PARTICIPANTES-DEL-PROGRAMA-ESCUELAS-VERDES-7-300x200.jpeg 300w, https:\/\/cuernavaca.gob.mx\/wp-content\/uploads\/2023\/07\/RECONOCE-AYUNTAMIENTO-DE-CUERNAVACA-A-PLANTELES-PARTICIPANTES-DEL-PROGRAMA-ESCUELAS-VERDES-7-1024x683.jpeg 1024w, https:\/\/cuernavaca.gob.mx\/wp-content\/uploads\/2023\/07\/RECONOCE-AYUNTAMIENTO-DE-CUERNAVACA-A-PLANTELES-PARTICIPANTES-DEL-PROGRAMA-ESCUELAS-VERDES-7-768x512.jpeg 768w, https:\/\/cuernavaca.gob.mx\/wp-content\/uploads\/2023\/07\/RECONOCE-AYUNTAMIENTO-DE-CUERNAVACA-A-PLANTELES-PARTICIPANTES-DEL-PROGRAMA-ESCUELAS-VERDES-7-1536x1024.jpeg 1536w, https:\/\/cuernavaca.gob.mx\/wp-content\/uploads\/2023\/07\/RECONOCE-AYUNTAMIENTO-DE-CUERNAVACA-A-PLANTELES-PARTICIPANTES-DEL-PROGRAMA-ESCUELAS-VERDES-7-600x400.jpeg 600w, https:\/\/cuernavaca.gob.mx\/wp-content\/uploads\/2023\/07\/RECONOCE-AYUNTAMIENTO-DE-CUERNAVACA-A-PLANTELES-PARTICIPANTES-DEL-PROGRAMA-ESCUELAS-VERDES-7-560x373.jpeg 560w, https:\/\/cuernavaca.gob.mx\/wp-content\/uploads\/2023\/07\/RECONOCE-AYUNTAMIENTO-DE-CUERNAVACA-A-PLANTELES-PARTICIPANTES-DEL-PROGRAMA-ESCUELAS-VERDES-7.jpeg 1599w\" sizes=\"(max-width: 300px) 100vw, 300px\" \/> <img loading=\"lazy\" class=\"alignnone size-medium wp-image-30447\" src=\"https:\/\/cuernavaca.gob.mx\/wp-content\/uploads\/2023\/07\/RECONOCE-AYUNTAMIENTO-DE-CUERNAVACA-A-PLANTELES-PARTICIPANTES-DEL-PROGRAMA-ESCUELAS-VERDES-8-300x200.jpeg\" alt=\"\" width=\"300\" height=\"200\" srcset=\"https:\/\/cuernavaca.gob.mx\/wp-content\/uploads\/2023\/07\/RECONOCE-AYUNTAMIENTO-DE-CUERNAVACA-A-PLANTELES-PARTICIPANTES-DEL-PROGRAMA-ESCUELAS-VERDES-8-300x200.jpeg 300w, https:\/\/cuernavaca.gob.mx\/wp-content\/uploads\/2023\/07\/RECONOCE-AYUNTAMIENTO-DE-CUERNAVACA-A-PLANTELES-PARTICIPANTES-DEL-PROGRAMA-ESCUELAS-VERDES-8-1024x683.jpeg 1024w, https:\/\/cuernavaca.gob.mx\/wp-content\/uploads\/2023\/07\/RECONOCE-AYUNTAMIENTO-DE-CUERNAVACA-A-PLANTELES-PARTICIPANTES-DEL-PROGRAMA-ESCUELAS-VERDES-8-768x512.jpeg 768w, https:\/\/cuernavaca.gob.mx\/wp-content\/uploads\/2023\/07\/RECONOCE-AYUNTAMIENTO-DE-CUERNAVACA-A-PLANTELES-PARTICIPANTES-DEL-PROGRAMA-ESCUELAS-VERDES-8-1536x1024.jpeg 1536w, https:\/\/cuernavaca.gob.mx\/wp-content\/uploads\/2023\/07\/RECONOCE-AYUNTAMIENTO-DE-CUERNAVACA-A-PLANTELES-PARTICIPANTES-DEL-PROGRAMA-ESCUELAS-VERDES-8-600x400.jpeg 600w, https:\/\/cuernavaca.gob.mx\/wp-content\/uploads\/2023\/07\/RECONOCE-AYUNTAMIENTO-DE-CUERNAVACA-A-PLANTELES-PARTICIPANTES-DEL-PROGRAMA-ESCUELAS-VERDES-8-560x373.jpeg 560w, https:\/\/cuernavaca.gob.mx\/wp-content\/uploads\/2023\/07\/RECONOCE-AYUNTAMIENTO-DE-CUERNAVACA-A-PLANTELES-PARTICIPANTES-DEL-PROGRAMA-ESCUELAS-VERDES-8.jpeg 1599w\" sizes=\"(max-width: 300px) 100vw, 300px\" \/> <img loading=\"lazy\" class=\"alignnone size-medium wp-image-30448\" src=\"https:\/\/cuernavaca.gob.mx\/wp-content\/uploads\/2023\/07\/RECONOCE-AYUNTAMIENTO-DE-CUERNAVACA-A-PLANTELES-PARTICIPANTES-DEL-PROGRAMA-ESCUELAS-VERDES-9-300x200.jpeg\" alt=\"\" width=\"300\" height=\"200\" srcset=\"https:\/\/cuernavaca.gob.mx\/wp-content\/uploads\/2023\/07\/RECONOCE-AYUNTAMIENTO-DE-CUERNAVACA-A-PLANTELES-PARTICIPANTES-DEL-PROGRAMA-ESCUELAS-VERDES-9-300x200.jpeg 300w, https:\/\/cuernavaca.gob.mx\/wp-content\/uploads\/2023\/07\/RECONOCE-AYUNTAMIENTO-DE-CUERNAVACA-A-PLANTELES-PARTICIPANTES-DEL-PROGRAMA-ESCUELAS-VERDES-9-1024x683.jpeg 1024w, https:\/\/cuernavaca.gob.mx\/wp-content\/uploads\/2023\/07\/RECONOCE-AYUNTAMIENTO-DE-CUERNAVACA-A-PLANTELES-PARTICIPANTES-DEL-PROGRAMA-ESCUELAS-VERDES-9-768x512.jpeg 768w, https:\/\/cuernavaca.gob.mx\/wp-content\/uploads\/2023\/07\/RECONOCE-AYUNTAMIENTO-DE-CUERNAVACA-A-PLANTELES-PARTICIPANTES-DEL-PROGRAMA-ESCUELAS-VERDES-9-1536x1024.jpeg 1536w, https:\/\/cuernavaca.gob.mx\/wp-content\/uploads\/2023\/07\/RECONOCE-AYUNTAMIENTO-DE-CUERNAVACA-A-PLANTELES-PARTICIPANTES-DEL-PROGRAMA-ESCUELAS-VERDES-9-600x400.jpeg 600w, https:\/\/cuernavaca.gob.mx\/wp-content\/uploads\/2023\/07\/RECONOCE-AYUNTAMIENTO-DE-CUERNAVACA-A-PLANTELES-PARTICIPANTES-DEL-PROGRAMA-ESCUELAS-VERDES-9-560x373.jpeg 560w, https:\/\/cuernavaca.gob.mx\/wp-content\/uploads\/2023\/07\/RECONOCE-AYUNTAMIENTO-DE-CUERNAVACA-A-PLANTELES-PARTICIPANTES-DEL-PROGRAMA-ESCUELAS-VERDES-9.jpeg 1599w\" sizes=\"(max-width: 300px) 100vw, 300px\" \/> <img loading=\"lazy\" class=\"alignnone size-medium wp-image-30449\" src=\"https:\/\/cuernavaca.gob.mx\/wp-content\/uploads\/2023\/07\/RECONOCE-AYUNTAMIENTO-DE-CUERNAVACA-A-PLANTELES-PARTICIPANTES-DEL-PROGRAMA-ESCUELAS-VERDES-10-300x200.jpeg\" alt=\"\" width=\"300\" height=\"200\" srcset=\"https:\/\/cuernavaca.gob.mx\/wp-content\/uploads\/2023\/07\/RECONOCE-AYUNTAMIENTO-DE-CUERNAVACA-A-PLANTELES-PARTICIPANTES-DEL-PROGRAMA-ESCUELAS-VERDES-10-300x200.jpeg 300w, https:\/\/cuernavaca.gob.mx\/wp-content\/uploads\/2023\/07\/RECONOCE-AYUNTAMIENTO-DE-CUERNAVACA-A-PLANTELES-PARTICIPANTES-DEL-PROGRAMA-ESCUELAS-VERDES-10-1024x683.jpeg 1024w, https:\/\/cuernavaca.gob.mx\/wp-content\/uploads\/2023\/07\/RECONOCE-AYUNTAMIENTO-DE-CUERNAVACA-A-PLANTELES-PARTICIPANTES-DEL-PROGRAMA-ESCUELAS-VERDES-10-768x512.jpeg 768w, https:\/\/cuernavaca.gob.mx\/wp-content\/uploads\/2023\/07\/RECONOCE-AYUNTAMIENTO-DE-CUERNAVACA-A-PLANTELES-PARTICIPANTES-DEL-PROGRAMA-ESCUELAS-VERDES-10-1536x1024.jpeg 1536w, https:\/\/cuernavaca.gob.mx\/wp-content\/uploads\/2023\/07\/RECONOCE-AYUNTAMIENTO-DE-CUERNAVACA-A-PLANTELES-PARTICIPANTES-DEL-PROGRAMA-ESCUELAS-VERDES-10-600x400.jpeg 600w, https:\/\/cuernavaca.gob.mx\/wp-content\/uploads\/2023\/07\/RECONOCE-AYUNTAMIENTO-DE-CUERNAVACA-A-PLANTELES-PARTICIPANTES-DEL-PROGRAMA-ESCUELAS-VERDES-10-560x373.jpeg 560w, https:\/\/cuernavaca.gob.mx\/wp-content\/uploads\/2023\/07\/RECONOCE-AYUNTAMIENTO-DE-CUERNAVACA-A-PLANTELES-PARTICIPANTES-DEL-PROGRAMA-ESCUELAS-VERDES-10.jpeg 1599w\" sizes=\"(max-width: 300px) 100vw, 300px\" \/> <img loading=\"lazy\" class=\"alignnone size-medium wp-image-30450\" src=\"https:\/\/cuernavaca.gob.mx\/wp-content\/uploads\/2023\/07\/RECONOCE-AYUNTAMIENTO-DE-CUERNAVACA-A-PLANTELES-PARTICIPANTES-DEL-PROGRAMA-ESCUELAS-VERDES-11-300x200.jpeg\" alt=\"\" width=\"300\" height=\"200\" srcset=\"https:\/\/cuernavaca.gob.mx\/wp-content\/uploads\/2023\/07\/RECONOCE-AYUNTAMIENTO-DE-CUERNAVACA-A-PLANTELES-PARTICIPANTES-DEL-PROGRAMA-ESCUELAS-VERDES-11-300x200.jpeg 300w, https:\/\/cuernavaca.gob.mx\/wp-content\/uploads\/2023\/07\/RECONOCE-AYUNTAMIENTO-DE-CUERNAVACA-A-PLANTELES-PARTICIPANTES-DEL-PROGRAMA-ESCUELAS-VERDES-11-1024x683.jpeg 1024w, https:\/\/cuernavaca.gob.mx\/wp-content\/uploads\/2023\/07\/RECONOCE-AYUNTAMIENTO-DE-CUERNAVACA-A-PLANTELES-PARTICIPANTES-DEL-PROGRAMA-ESCUELAS-VERDES-11-768x512.jpeg 768w, https:\/\/cuernavaca.gob.mx\/wp-content\/uploads\/2023\/07\/RECONOCE-AYUNTAMIENTO-DE-CUERNAVACA-A-PLANTELES-PARTICIPANTES-DEL-PROGRAMA-ESCUELAS-VERDES-11-1536x1024.jpeg 1536w, https:\/\/cuernavaca.gob.mx\/wp-content\/uploads\/2023\/07\/RECONOCE-AYUNTAMIENTO-DE-CUERNAVACA-A-PLANTELES-PARTICIPANTES-DEL-PROGRAMA-ESCUELAS-VERDES-11-600x400.jpeg 600w, https:\/\/cuernavaca.gob.mx\/wp-content\/uploads\/2023\/07\/RECONOCE-AYUNTAMIENTO-DE-CUERNAVACA-A-PLANTELES-PARTICIPANTES-DEL-PROGRAMA-ESCUELAS-VERDES-11-560x373.jpeg 560w, https:\/\/cuernavaca.gob.mx\/wp-content\/uploads\/2023\/07\/RECONOCE-AYUNTAMIENTO-DE-CUERNAVACA-A-PLANTELES-PARTICIPANTES-DEL-PROGRAMA-ESCUELAS-VERDES-11.jpeg 1599w\" sizes=\"(max-width: 300px) 100vw, 300px\" \/> <img loading=\"lazy\" class=\"alignnone size-medium wp-image-30451\" src=\"https:\/\/cuernavaca.gob.mx\/wp-content\/uploads\/2023\/07\/RECONOCE-AYUNTAMIENTO-DE-CUERNAVACA-A-PLANTELES-PARTICIPANTES-DEL-PROGRAMA-ESCUELAS-VERDES-12-300x200.jpeg\" alt=\"\" width=\"300\" height=\"200\" srcset=\"https:\/\/cuernavaca.gob.mx\/wp-content\/uploads\/2023\/07\/RECONOCE-AYUNTAMIENTO-DE-CUERNAVACA-A-PLANTELES-PARTICIPANTES-DEL-PROGRAMA-ESCUELAS-VERDES-12-300x200.jpeg 300w, https:\/\/cuernavaca.gob.mx\/wp-content\/uploads\/2023\/07\/RECONOCE-AYUNTAMIENTO-DE-CUERNAVACA-A-PLANTELES-PARTICIPANTES-DEL-PROGRAMA-ESCUELAS-VERDES-12-1024x683.jpeg 1024w, https:\/\/cuernavaca.gob.mx\/wp-content\/uploads\/2023\/07\/RECONOCE-AYUNTAMIENTO-DE-CUERNAVACA-A-PLANTELES-PARTICIPANTES-DEL-PROGRAMA-ESCUELAS-VERDES-12-768x512.jpeg 768w, https:\/\/cuernavaca.gob.mx\/wp-content\/uploads\/2023\/07\/RECONOCE-AYUNTAMIENTO-DE-CUERNAVACA-A-PLANTELES-PARTICIPANTES-DEL-PROGRAMA-ESCUELAS-VERDES-12-1536x1024.jpeg 1536w, https:\/\/cuernavaca.gob.mx\/wp-content\/uploads\/2023\/07\/RECONOCE-AYUNTAMIENTO-DE-CUERNAVACA-A-PLANTELES-PARTICIPANTES-DEL-PROGRAMA-ESCUELAS-VERDES-12-600x400.jpeg 600w, https:\/\/cuernavaca.gob.mx\/wp-content\/uploads\/2023\/07\/RECONOCE-AYUNTAMIENTO-DE-CUERNAVACA-A-PLANTELES-PARTICIPANTES-DEL-PROGRAMA-ESCUELAS-VERDES-12-560x373.jpeg 560w, https:\/\/cuernavaca.gob.mx\/wp-content\/uploads\/2023\/07\/RECONOCE-AYUNTAMIENTO-DE-CUERNAVACA-A-PLANTELES-PARTICIPANTES-DEL-PROGRAMA-ESCUELAS-VERDES-12.jpeg 1599w\" sizes=\"(max-width: 300px) 100vw, 300px\" \/> <img loading=\"lazy\" class=\"alignnone size-medium wp-image-30452\" src=\"https:\/\/cuernavaca.gob.mx\/wp-content\/uploads\/2023\/07\/RECONOCE-AYUNTAMIENTO-DE-CUERNAVACA-A-PLANTELES-PARTICIPANTES-DEL-PROGRAMA-ESCUELAS-VERDES-13-300x200.jpeg\" alt=\"\" width=\"300\" height=\"200\" srcset=\"https:\/\/cuernavaca.gob.mx\/wp-content\/uploads\/2023\/07\/RECONOCE-AYUNTAMIENTO-DE-CUERNAVACA-A-PLANTELES-PARTICIPANTES-DEL-PROGRAMA-ESCUELAS-VERDES-13-300x200.jpeg 300w, https:\/\/cuernavaca.gob.mx\/wp-content\/uploads\/2023\/07\/RECONOCE-AYUNTAMIENTO-DE-CUERNAVACA-A-PLANTELES-PARTICIPANTES-DEL-PROGRAMA-ESCUELAS-VERDES-13-1024x683.jpeg 1024w, https:\/\/cuernavaca.gob.mx\/wp-content\/uploads\/2023\/07\/RECONOCE-AYUNTAMIENTO-DE-CUERNAVACA-A-PLANTELES-PARTICIPANTES-DEL-PROGRAMA-ESCUELAS-VERDES-13-768x512.jpeg 768w, https:\/\/cuernavaca.gob.mx\/wp-content\/uploads\/2023\/07\/RECONOCE-AYUNTAMIENTO-DE-CUERNAVACA-A-PLANTELES-PARTICIPANTES-DEL-PROGRAMA-ESCUELAS-VERDES-13-1536x1024.jpeg 1536w, https:\/\/cuernavaca.gob.mx\/wp-content\/uploads\/2023\/07\/RECONOCE-AYUNTAMIENTO-DE-CUERNAVACA-A-PLANTELES-PARTICIPANTES-DEL-PROGRAMA-ESCUELAS-VERDES-13-600x400.jpeg 600w, https:\/\/cuernavaca.gob.mx\/wp-content\/uploads\/2023\/07\/RECONOCE-AYUNTAMIENTO-DE-CUERNAVACA-A-PLANTELES-PARTICIPANTES-DEL-PROGRAMA-ESCUELAS-VERDES-13-560x373.jpeg 560w, https:\/\/cuernavaca.gob.mx\/wp-content\/uploads\/2023\/07\/RECONOCE-AYUNTAMIENTO-DE-CUERNAVACA-A-PLANTELES-PARTICIPANTES-DEL-PROGRAMA-ESCUELAS-VERDES-13.jpeg 1599w\" sizes=\"(max-width: 300px) 100vw, 300px\" \/> <img loading=\"lazy\" class=\"alignnone size-medium wp-image-30453\" src=\"https:\/\/cuernavaca.gob.mx\/wp-content\/uploads\/2023\/07\/RECONOCE-AYUNTAMIENTO-DE-CUERNAVACA-A-PLANTELES-PARTICIPANTES-DEL-PROGRAMA-ESCUELAS-VERDES-14-300x200.jpeg\" alt=\"\" width=\"300\" height=\"200\" srcset=\"https:\/\/cuernavaca.gob.mx\/wp-content\/uploads\/2023\/07\/RECONOCE-AYUNTAMIENTO-DE-CUERNAVACA-A-PLANTELES-PARTICIPANTES-DEL-PROGRAMA-ESCUELAS-VERDES-14-300x200.jpeg 300w, https:\/\/cuernavaca.gob.mx\/wp-content\/uploads\/2023\/07\/RECONOCE-AYUNTAMIENTO-DE-CUERNAVACA-A-PLANTELES-PARTICIPANTES-DEL-PROGRAMA-ESCUELAS-VERDES-14-1024x683.jpeg 1024w, https:\/\/cuernavaca.gob.mx\/wp-content\/uploads\/2023\/07\/RECONOCE-AYUNTAMIENTO-DE-CUERNAVACA-A-PLANTELES-PARTICIPANTES-DEL-PROGRAMA-ESCUELAS-VERDES-14-768x512.jpeg 768w, https:\/\/cuernavaca.gob.mx\/wp-content\/uploads\/2023\/07\/RECONOCE-AYUNTAMIENTO-DE-CUERNAVACA-A-PLANTELES-PARTICIPANTES-DEL-PROGRAMA-ESCUELAS-VERDES-14-1536x1024.jpeg 1536w, https:\/\/cuernavaca.gob.mx\/wp-content\/uploads\/2023\/07\/RECONOCE-AYUNTAMIENTO-DE-CUERNAVACA-A-PLANTELES-PARTICIPANTES-DEL-PROGRAMA-ESCUELAS-VERDES-14-600x400.jpeg 600w, https:\/\/cuernavaca.gob.mx\/wp-content\/uploads\/2023\/07\/RECONOCE-AYUNTAMIENTO-DE-CUERNAVACA-A-PLANTELES-PARTICIPANTES-DEL-PROGRAMA-ESCUELAS-VERDES-14-560x373.jpeg 560w, https:\/\/cuernavaca.gob.mx\/wp-content\/uploads\/2023\/07\/RECONOCE-AYUNTAMIENTO-DE-CUERNAVACA-A-PLANTELES-PARTICIPANTES-DEL-PROGRAMA-ESCUELAS-VERDES-14.jpeg 1599w\" sizes=\"(max-width: 300px) 100vw, 300px\" \/> <img loading=\"lazy\" class=\"alignnone size-medium wp-image-30454\" src=\"https:\/\/cuernavaca.gob.mx\/wp-content\/uploads\/2023\/07\/RECONOCE-AYUNTAMIENTO-DE-CUERNAVACA-A-PLANTELES-PARTICIPANTES-DEL-PROGRAMA-ESCUELAS-VERDES-15-300x200.jpeg\" alt=\"\" width=\"300\" height=\"200\" srcset=\"https:\/\/cuernavaca.gob.mx\/wp-content\/uploads\/2023\/07\/RECONOCE-AYUNTAMIENTO-DE-CUERNAVACA-A-PLANTELES-PARTICIPANTES-DEL-PROGRAMA-ESCUELAS-VERDES-15-300x200.jpeg 300w, https:\/\/cuernavaca.gob.mx\/wp-content\/uploads\/2023\/07\/RECONOCE-AYUNTAMIENTO-DE-CUERNAVACA-A-PLANTELES-PARTICIPANTES-DEL-PROGRAMA-ESCUELAS-VERDES-15-1024x682.jpeg 1024w, https:\/\/cuernavaca.gob.mx\/wp-content\/uploads\/2023\/07\/RECONOCE-AYUNTAMIENTO-DE-CUERNAVACA-A-PLANTELES-PARTICIPANTES-DEL-PROGRAMA-ESCUELAS-VERDES-15-768x512.jpeg 768w, https:\/\/cuernavaca.gob.mx\/wp-content\/uploads\/2023\/07\/RECONOCE-AYUNTAMIENTO-DE-CUERNAVACA-A-PLANTELES-PARTICIPANTES-DEL-PROGRAMA-ESCUELAS-VERDES-15-1536x1023.jpeg 1536w, https:\/\/cuernavaca.gob.mx\/wp-content\/uploads\/2023\/07\/RECONOCE-AYUNTAMIENTO-DE-CUERNAVACA-A-PLANTELES-PARTICIPANTES-DEL-PROGRAMA-ESCUELAS-VERDES-15-600x400.jpeg 600w, https:\/\/cuernavaca.gob.mx\/wp-content\/uploads\/2023\/07\/RECONOCE-AYUNTAMIENTO-DE-CUERNAVACA-A-PLANTELES-PARTICIPANTES-DEL-PROGRAMA-ESCUELAS-VERDES-15-560x373.jpeg 560w, https:\/\/cuernavaca.gob.mx\/wp-content\/uploads\/2023\/07\/RECONOCE-AYUNTAMIENTO-DE-CUERNAVACA-A-PLANTELES-PARTICIPANTES-DEL-PROGRAMA-ESCUELAS-VERDES-15.jpeg 1600w\" sizes=\"(max-width: 300px) 100vw, 300px\" \/><\/div>\n","protected":false},"excerpt":{"rendered":"<p>\u2022 El proyecto fue replicado a m\u00e1s de mil 500 alumnos de nueve escuelas primarias y secundarias de la ciudad que se involucraron con acciones integrales a favor del cuidado del medio ambiente\u00a0 En coincidencia y cumplimiento a una de las pol\u00edticas p\u00fablicas m\u00e1s ambiciosas de la presente administraci\u00f3n, la Fiscal\u00eda Ambiental de la Secretar\u00eda [&hellip;]<\/p>\n","protected":false},"author":1,"featured_media":30448,"comment_status":"closed","ping_status":"open","sticky":false,"template":"","format":"standard","meta":[],"categories":[2271],"tags":[121,302,652,3209,2907,120,206],"aioseo_notices":[],"_links":{"self":[{"href":"https:\/\/cuernavaca.gob.mx\/index.php?rest_route=\/wp\/v2\/posts\/30439"}],"collection":[{"href":"https:\/\/cuernavaca.gob.mx\/index.php?rest_route=\/wp\/v2\/posts"}],"about":[{"href":"https:\/\/cuernavaca.gob.mx\/index.php?rest_route=\/wp\/v2\/types\/post"}],"author":[{"embeddable":true,"href":"https:\/\/cuernavaca.gob.mx\/index.php?rest_route=\/wp\/v2\/users\/1"}],"replies":[{"embeddable":true,"href":"https:\/\/cuernavaca.gob.mx\/index.php?rest_route=%2Fwp%2Fv2%2Fcomments&post=30439"}],"version-history":[{"count":1,"href":"https:\/\/cuernavaca.gob.mx\/index.php?rest_route=\/wp\/v2\/posts\/30439\/revisions"}],"predecessor-version":[{"id":30455,"href":"https:\/\/cuernavaca.gob.mx\/index.php?rest_route=\/wp\/v2\/posts\/30439\/revisions\/30455"}],"wp:featuredmedia":[{"embeddable":true,"href":"https:\/\/cuernavaca.gob.mx\/index.php?rest_route=\/wp\/v2\/media\/30448"}],"wp:attachment":[{"href":"https:\/\/cuernavaca.gob.mx\/index.php?rest_route=%2Fwp%2Fv2%2Fmedia&parent=30439"}],"wp:term":[{"taxonomy":"category","embeddable":true,"href":"https:\/\/cuernavaca.gob.mx\/index.php?rest_route=%2Fwp%2Fv2%2Fcategories&post=30439"},{"taxonomy":"post_tag","embeddable":true,"href":"https:\/\/cuernavaca.gob.mx\/index.php?rest_route=%2Fwp%2Fv2%2Ftags&post=30439"}],"curies":[{"name":"wp","href":"https:\/\/api.w.org\/{rel}","templated":true}]}}