{"id":30526,"date":"2023-07-17T17:00:04","date_gmt":"2023-07-17T23:00:04","guid":{"rendered":"https:\/\/cuernavaca.gob.mx\/?p=30526"},"modified":"2025-05-06T14:05:53","modified_gmt":"2025-05-06T20:05:53","slug":"b1138-17-07-23-ocotepec-contara-con-un-renovado-acceso-para-el-transito-de-sus-habitantes-y-recibir-a-sus-visitantes","status":"publish","type":"post","link":"https:\/\/cuernavaca.gob.mx\/?p=30526","title":{"rendered":"B1138 17\/07\/23 OCOTEPEC CONTAR\u00c1 CON UN RENOVADO ACCESO PARA EL TR\u00c1NSITO DE SUS HABITANTES Y RECIBIR A SUS VISITANTES"},"content":{"rendered":"<p><strong>\u2022 El Alcalde, Cabildo y autoridades del Poblado dieron el banderazo de arranque de la obra de revestimiento de pavimento asf\u00e1ltico en calle General Emiliano Zapata que adem\u00e1s es camino obligado hacia el municipio de Tepoztl\u00e1n<\/strong><\/p>\n<p><strong>\u2022 Habitantes agradecieron que se realice esta obra que por varios a\u00f1os solicitaron y por fin lleg\u00f3 una administraci\u00f3n que da respuestas favorables a Ocotepec<\/strong><\/p>\n<p>El presidente municipal de Cuernavaca, Jos\u00e9 Luis Uri\u00f3stegui Salgado, acompa\u00f1ado de integrantes del Cabildo y Gabinete, dio el banderazo de arranque de la obra de revestimiento de pavimento asf\u00e1ltico en calle General Emiliano Zapata Salazar del poblado de Ocotepec, donde se ver\u00e1n beneficiados 850 habitantes directos y ocho mil 350 indirectos, ya que es una de las principales v\u00edas de comunicaci\u00f3n en la ciudad, conectando con la carretera federal a Tepoztl\u00e1n.<\/p>\n<p>Tras agradecer la presencia de autoridades auxiliares, as\u00ed como de vecinas y vecinos del poblado de Ocotepec, quienes ser\u00e1n vigilantes del buen manejo de los recursos federales, el alcalde manifest\u00f3 su confianza en que con estos trabajos se podr\u00e1 tener una calle de lujo, que no solo se ver\u00e1 reflejado por el cambio de pavimento, sino tambi\u00e9n con la colocaci\u00f3n de luminarias que en pr\u00f3ximos d\u00edas dar\u00e1 inicio, \u201cvamos a hacer un cambio integral, que la gente que camine o circule por esta calle lo haga con m\u00e1s seguridad\u201d.<\/p>\n<p>El secretario de Desarrollo Urbano y Obras P\u00fablicas, Demetrio Chavira de la Torre, explic\u00f3 que con una inversi\u00f3n de dos millones 911 mil 531.91 pesos del Fondo de Aportaciones para la Infraestructura Social (FASIMUN) 2023, los trabajos contemplan una meta de 660 metros lineales, se pretende levantar todo el asfalto viejo para revisar la capa de base, efectuar un bacheo que se tiene que hacer particularmente antes de tirar el asfalto nuevo, mientras que la excavaci\u00f3n ser\u00e1 en material tipo dos en 387 metros c\u00fabicos.<\/p>\n<p>A\u00f1adi\u00f3 que la base para el mejoramiento de tierra natural ser\u00e1 de 387 metros c\u00fabicos, y el acarreo de material producto de la excavaci\u00f3n de 591 metros c\u00fabicos; adem\u00e1s se realizar\u00e1 un riego de liga de emulsi\u00f3n en 492 metros c\u00fabicos, el balizamiento con termopl\u00e1stica en 645.93 metros lineales de la vialidad para terminar con la limpieza de la carpeta de cinco cent\u00edmetros de espesor con concreto asfaltico en cuatro mil 092 metros cuadrados, incluyendo en estos trabajos la re nivelaci\u00f3n de pozos de visita de todos los que se encuentren desde el inicio de la calle hasta su t\u00e9rmino, donde colinda con la carretera federal a Tepoztl\u00e1n.<\/p>\n<p>A fin de evitar mayores afectaciones a la comunidad, las autoridades del Ayuntamiento de Cuernavaca, informaron que la obra se llevar\u00e1 a cabo en horarios mixtos, diurno y nocturno para terminar en el menor tiempo posible.<\/p>\n<p>Al uso de la palabra, la regidora Wendi Salinas Ruiz, oriunda del poblado de Ocotepec, reconoci\u00f3 la relevancia que tendr\u00e1 esta obra para la comunidad, la cual por a\u00f1os hab\u00edan solicitado sin recibir alguna respuesta favorable y con la que hoy se podr\u00e1n ver beneficiados de manera indirecta m\u00e1s de 10 mil personas, al ser una arteria de tr\u00e1nsito diario para dirigirse a sus destinos, mejorando su calidad de vida.<\/p>\n<p>A nombre del poblado, el presidente de Bienes Comunales, Francisco Javiera D\u00edaz Sedano, agradeci\u00f3 al presidente municipal, Jos\u00e9 Luis Uri\u00f3stegui Salgado, Cabildo y Gabinete, por dar atenci\u00f3n a una de las necesidades m\u00e1s apremiantes de la comunidad, ya que a pesar de ser uno de los accesos principales al poblado de Ocotepec, la calle General Emiliano Zapata Salazar se encontraba en muy malas condiciones.<\/p>\n<p>En este sentido, el ayudante municipal de Ocotepec, Jorge Zamorano D\u00edaz, se sum\u00f3 a este agradecimiento que generar\u00e1 un gran beneficio para el desarrollo de uno de los 12 pueblos originales de Cuernavaca y uno de los m\u00e1s transitados.<\/p>\n<p>En el arranque de obra participaron la s\u00edndica municipal, Ver\u00f3nica Atenco P\u00e9rez; los regidores Patricia Torres Rosales y V\u00edctor Manzo God\u00ednez, la directora general de SAPAC, Evelia Flores Hern\u00e1ndez; la coordinadora municipal de Protecci\u00f3n Civil, Roc\u00edo Guadarrama Garc\u00eda; el director general del IMPLAN, Carlos Hern\u00e1ndez Ad\u00e1n; el secretario t\u00e9cnico del COPLADEMUN, Jonathan Garc\u00eda Salazar; la titular de la Delegaci\u00f3n Emiliano Zapata Salaz, Mar\u00eda Salom\u00e9 Salgado Mart\u00ednez y el representante de la Junta de Mejoramiento de Ocotepec, Valent\u00edn Rangel.<\/p>\n<p>&nbsp;<\/p>\n<p><img loading=\"lazy\" class=\"alignnone size-medium wp-image-30527\" src=\"https:\/\/cuernavaca.gob.mx\/wp-content\/uploads\/2023\/07\/OCOTEPEC-CONTARA\u0301-CON-UN-RENOVADO-ACCESO-PARA-EL-TRA\u0301NSITO-DE-SUS-HABITANTES-Y-RECIBIR-A-SUS-VISITANTES-1-300x200.jpg\" alt=\"\" width=\"300\" height=\"200\" srcset=\"https:\/\/cuernavaca.gob.mx\/wp-content\/uploads\/2023\/07\/OCOTEPEC-CONTARA\u0301-CON-UN-RENOVADO-ACCESO-PARA-EL-TRA\u0301NSITO-DE-SUS-HABITANTES-Y-RECIBIR-A-SUS-VISITANTES-1-300x200.jpg 300w, https:\/\/cuernavaca.gob.mx\/wp-content\/uploads\/2023\/07\/OCOTEPEC-CONTARA\u0301-CON-UN-RENOVADO-ACCESO-PARA-EL-TRA\u0301NSITO-DE-SUS-HABITANTES-Y-RECIBIR-A-SUS-VISITANTES-1-1024x682.jpg 1024w, https:\/\/cuernavaca.gob.mx\/wp-content\/uploads\/2023\/07\/OCOTEPEC-CONTARA\u0301-CON-UN-RENOVADO-ACCESO-PARA-EL-TRA\u0301NSITO-DE-SUS-HABITANTES-Y-RECIBIR-A-SUS-VISITANTES-1-768x512.jpg 768w, https:\/\/cuernavaca.gob.mx\/wp-content\/uploads\/2023\/07\/OCOTEPEC-CONTARA\u0301-CON-UN-RENOVADO-ACCESO-PARA-EL-TRA\u0301NSITO-DE-SUS-HABITANTES-Y-RECIBIR-A-SUS-VISITANTES-1-1536x1023.jpg 1536w, https:\/\/cuernavaca.gob.mx\/wp-content\/uploads\/2023\/07\/OCOTEPEC-CONTARA\u0301-CON-UN-RENOVADO-ACCESO-PARA-EL-TRA\u0301NSITO-DE-SUS-HABITANTES-Y-RECIBIR-A-SUS-VISITANTES-1-600x400.jpg 600w, https:\/\/cuernavaca.gob.mx\/wp-content\/uploads\/2023\/07\/OCOTEPEC-CONTARA\u0301-CON-UN-RENOVADO-ACCESO-PARA-EL-TRA\u0301NSITO-DE-SUS-HABITANTES-Y-RECIBIR-A-SUS-VISITANTES-1-560x373.jpg 560w, https:\/\/cuernavaca.gob.mx\/wp-content\/uploads\/2023\/07\/OCOTEPEC-CONTARA\u0301-CON-UN-RENOVADO-ACCESO-PARA-EL-TRA\u0301NSITO-DE-SUS-HABITANTES-Y-RECIBIR-A-SUS-VISITANTES-1.jpg 1600w\" sizes=\"(max-width: 300px) 100vw, 300px\" \/> <img loading=\"lazy\" class=\"alignnone size-medium wp-image-30528\" src=\"https:\/\/cuernavaca.gob.mx\/wp-content\/uploads\/2023\/07\/OCOTEPEC-CONTARA\u0301-CON-UN-RENOVADO-ACCESO-PARA-EL-TRA\u0301NSITO-DE-SUS-HABITANTES-Y-RECIBIR-A-SUS-VISITANTES-2-300x200.jpg\" alt=\"\" width=\"300\" height=\"200\" srcset=\"https:\/\/cuernavaca.gob.mx\/wp-content\/uploads\/2023\/07\/OCOTEPEC-CONTARA\u0301-CON-UN-RENOVADO-ACCESO-PARA-EL-TRA\u0301NSITO-DE-SUS-HABITANTES-Y-RECIBIR-A-SUS-VISITANTES-2-300x200.jpg 300w, https:\/\/cuernavaca.gob.mx\/wp-content\/uploads\/2023\/07\/OCOTEPEC-CONTARA\u0301-CON-UN-RENOVADO-ACCESO-PARA-EL-TRA\u0301NSITO-DE-SUS-HABITANTES-Y-RECIBIR-A-SUS-VISITANTES-2-1024x683.jpg 1024w, https:\/\/cuernavaca.gob.mx\/wp-content\/uploads\/2023\/07\/OCOTEPEC-CONTARA\u0301-CON-UN-RENOVADO-ACCESO-PARA-EL-TRA\u0301NSITO-DE-SUS-HABITANTES-Y-RECIBIR-A-SUS-VISITANTES-2-768x512.jpg 768w, https:\/\/cuernavaca.gob.mx\/wp-content\/uploads\/2023\/07\/OCOTEPEC-CONTARA\u0301-CON-UN-RENOVADO-ACCESO-PARA-EL-TRA\u0301NSITO-DE-SUS-HABITANTES-Y-RECIBIR-A-SUS-VISITANTES-2-1536x1024.jpg 1536w, https:\/\/cuernavaca.gob.mx\/wp-content\/uploads\/2023\/07\/OCOTEPEC-CONTARA\u0301-CON-UN-RENOVADO-ACCESO-PARA-EL-TRA\u0301NSITO-DE-SUS-HABITANTES-Y-RECIBIR-A-SUS-VISITANTES-2-600x400.jpg 600w, https:\/\/cuernavaca.gob.mx\/wp-content\/uploads\/2023\/07\/OCOTEPEC-CONTARA\u0301-CON-UN-RENOVADO-ACCESO-PARA-EL-TRA\u0301NSITO-DE-SUS-HABITANTES-Y-RECIBIR-A-SUS-VISITANTES-2-560x373.jpg 560w, https:\/\/cuernavaca.gob.mx\/wp-content\/uploads\/2023\/07\/OCOTEPEC-CONTARA\u0301-CON-UN-RENOVADO-ACCESO-PARA-EL-TRA\u0301NSITO-DE-SUS-HABITANTES-Y-RECIBIR-A-SUS-VISITANTES-2.jpg 1599w\" sizes=\"(max-width: 300px) 100vw, 300px\" \/> <img loading=\"lazy\" class=\"alignnone size-medium wp-image-30529\" src=\"https:\/\/cuernavaca.gob.mx\/wp-content\/uploads\/2023\/07\/OCOTEPEC-CONTARA\u0301-CON-UN-RENOVADO-ACCESO-PARA-EL-TRA\u0301NSITO-DE-SUS-HABITANTES-Y-RECIBIR-A-SUS-VISITANTES-4-300x200.jpg\" alt=\"\" width=\"300\" height=\"200\" srcset=\"https:\/\/cuernavaca.gob.mx\/wp-content\/uploads\/2023\/07\/OCOTEPEC-CONTARA\u0301-CON-UN-RENOVADO-ACCESO-PARA-EL-TRA\u0301NSITO-DE-SUS-HABITANTES-Y-RECIBIR-A-SUS-VISITANTES-4-300x200.jpg 300w, https:\/\/cuernavaca.gob.mx\/wp-content\/uploads\/2023\/07\/OCOTEPEC-CONTARA\u0301-CON-UN-RENOVADO-ACCESO-PARA-EL-TRA\u0301NSITO-DE-SUS-HABITANTES-Y-RECIBIR-A-SUS-VISITANTES-4-1024x682.jpg 1024w, https:\/\/cuernavaca.gob.mx\/wp-content\/uploads\/2023\/07\/OCOTEPEC-CONTARA\u0301-CON-UN-RENOVADO-ACCESO-PARA-EL-TRA\u0301NSITO-DE-SUS-HABITANTES-Y-RECIBIR-A-SUS-VISITANTES-4-768x512.jpg 768w, https:\/\/cuernavaca.gob.mx\/wp-content\/uploads\/2023\/07\/OCOTEPEC-CONTARA\u0301-CON-UN-RENOVADO-ACCESO-PARA-EL-TRA\u0301NSITO-DE-SUS-HABITANTES-Y-RECIBIR-A-SUS-VISITANTES-4-1536x1023.jpg 1536w, https:\/\/cuernavaca.gob.mx\/wp-content\/uploads\/2023\/07\/OCOTEPEC-CONTARA\u0301-CON-UN-RENOVADO-ACCESO-PARA-EL-TRA\u0301NSITO-DE-SUS-HABITANTES-Y-RECIBIR-A-SUS-VISITANTES-4-600x400.jpg 600w, https:\/\/cuernavaca.gob.mx\/wp-content\/uploads\/2023\/07\/OCOTEPEC-CONTARA\u0301-CON-UN-RENOVADO-ACCESO-PARA-EL-TRA\u0301NSITO-DE-SUS-HABITANTES-Y-RECIBIR-A-SUS-VISITANTES-4-560x373.jpg 560w, https:\/\/cuernavaca.gob.mx\/wp-content\/uploads\/2023\/07\/OCOTEPEC-CONTARA\u0301-CON-UN-RENOVADO-ACCESO-PARA-EL-TRA\u0301NSITO-DE-SUS-HABITANTES-Y-RECIBIR-A-SUS-VISITANTES-4.jpg 1600w\" sizes=\"(max-width: 300px) 100vw, 300px\" \/> <img loading=\"lazy\" class=\"alignnone size-medium wp-image-30530\" src=\"https:\/\/cuernavaca.gob.mx\/wp-content\/uploads\/2023\/07\/OCOTEPEC-CONTARA\u0301-CON-UN-RENOVADO-ACCESO-PARA-EL-TRA\u0301NSITO-DE-SUS-HABITANTES-Y-RECIBIR-A-SUS-VISITANTES-6-300x200.jpg\" alt=\"\" width=\"300\" height=\"200\" srcset=\"https:\/\/cuernavaca.gob.mx\/wp-content\/uploads\/2023\/07\/OCOTEPEC-CONTARA\u0301-CON-UN-RENOVADO-ACCESO-PARA-EL-TRA\u0301NSITO-DE-SUS-HABITANTES-Y-RECIBIR-A-SUS-VISITANTES-6-300x200.jpg 300w, https:\/\/cuernavaca.gob.mx\/wp-content\/uploads\/2023\/07\/OCOTEPEC-CONTARA\u0301-CON-UN-RENOVADO-ACCESO-PARA-EL-TRA\u0301NSITO-DE-SUS-HABITANTES-Y-RECIBIR-A-SUS-VISITANTES-6-1024x682.jpg 1024w, https:\/\/cuernavaca.gob.mx\/wp-content\/uploads\/2023\/07\/OCOTEPEC-CONTARA\u0301-CON-UN-RENOVADO-ACCESO-PARA-EL-TRA\u0301NSITO-DE-SUS-HABITANTES-Y-RECIBIR-A-SUS-VISITANTES-6-768x512.jpg 768w, https:\/\/cuernavaca.gob.mx\/wp-content\/uploads\/2023\/07\/OCOTEPEC-CONTARA\u0301-CON-UN-RENOVADO-ACCESO-PARA-EL-TRA\u0301NSITO-DE-SUS-HABITANTES-Y-RECIBIR-A-SUS-VISITANTES-6-1536x1023.jpg 1536w, https:\/\/cuernavaca.gob.mx\/wp-content\/uploads\/2023\/07\/OCOTEPEC-CONTARA\u0301-CON-UN-RENOVADO-ACCESO-PARA-EL-TRA\u0301NSITO-DE-SUS-HABITANTES-Y-RECIBIR-A-SUS-VISITANTES-6-600x400.jpg 600w, https:\/\/cuernavaca.gob.mx\/wp-content\/uploads\/2023\/07\/OCOTEPEC-CONTARA\u0301-CON-UN-RENOVADO-ACCESO-PARA-EL-TRA\u0301NSITO-DE-SUS-HABITANTES-Y-RECIBIR-A-SUS-VISITANTES-6-560x373.jpg 560w, https:\/\/cuernavaca.gob.mx\/wp-content\/uploads\/2023\/07\/OCOTEPEC-CONTARA\u0301-CON-UN-RENOVADO-ACCESO-PARA-EL-TRA\u0301NSITO-DE-SUS-HABITANTES-Y-RECIBIR-A-SUS-VISITANTES-6.jpg 1600w\" sizes=\"(max-width: 300px) 100vw, 300px\" \/> <img loading=\"lazy\" class=\"alignnone size-medium wp-image-30531\" src=\"https:\/\/cuernavaca.gob.mx\/wp-content\/uploads\/2023\/07\/OCOTEPEC-CONTARA\u0301-CON-UN-RENOVADO-ACCESO-PARA-EL-TRA\u0301NSITO-DE-SUS-HABITANTES-Y-RECIBIR-A-SUS-VISITANTES-7-300x200.jpg\" alt=\"\" width=\"300\" height=\"200\" srcset=\"https:\/\/cuernavaca.gob.mx\/wp-content\/uploads\/2023\/07\/OCOTEPEC-CONTARA\u0301-CON-UN-RENOVADO-ACCESO-PARA-EL-TRA\u0301NSITO-DE-SUS-HABITANTES-Y-RECIBIR-A-SUS-VISITANTES-7-300x200.jpg 300w, https:\/\/cuernavaca.gob.mx\/wp-content\/uploads\/2023\/07\/OCOTEPEC-CONTARA\u0301-CON-UN-RENOVADO-ACCESO-PARA-EL-TRA\u0301NSITO-DE-SUS-HABITANTES-Y-RECIBIR-A-SUS-VISITANTES-7-1024x682.jpg 1024w, https:\/\/cuernavaca.gob.mx\/wp-content\/uploads\/2023\/07\/OCOTEPEC-CONTARA\u0301-CON-UN-RENOVADO-ACCESO-PARA-EL-TRA\u0301NSITO-DE-SUS-HABITANTES-Y-RECIBIR-A-SUS-VISITANTES-7-768x512.jpg 768w, https:\/\/cuernavaca.gob.mx\/wp-content\/uploads\/2023\/07\/OCOTEPEC-CONTARA\u0301-CON-UN-RENOVADO-ACCESO-PARA-EL-TRA\u0301NSITO-DE-SUS-HABITANTES-Y-RECIBIR-A-SUS-VISITANTES-7-1536x1023.jpg 1536w, https:\/\/cuernavaca.gob.mx\/wp-content\/uploads\/2023\/07\/OCOTEPEC-CONTARA\u0301-CON-UN-RENOVADO-ACCESO-PARA-EL-TRA\u0301NSITO-DE-SUS-HABITANTES-Y-RECIBIR-A-SUS-VISITANTES-7-600x400.jpg 600w, https:\/\/cuernavaca.gob.mx\/wp-content\/uploads\/2023\/07\/OCOTEPEC-CONTARA\u0301-CON-UN-RENOVADO-ACCESO-PARA-EL-TRA\u0301NSITO-DE-SUS-HABITANTES-Y-RECIBIR-A-SUS-VISITANTES-7-560x373.jpg 560w, https:\/\/cuernavaca.gob.mx\/wp-content\/uploads\/2023\/07\/OCOTEPEC-CONTARA\u0301-CON-UN-RENOVADO-ACCESO-PARA-EL-TRA\u0301NSITO-DE-SUS-HABITANTES-Y-RECIBIR-A-SUS-VISITANTES-7.jpg 1600w\" sizes=\"(max-width: 300px) 100vw, 300px\" \/> <img loading=\"lazy\" class=\"alignnone size-medium wp-image-30532\" src=\"https:\/\/cuernavaca.gob.mx\/wp-content\/uploads\/2023\/07\/OCOTEPEC-CONTARA\u0301-CON-UN-RENOVADO-ACCESO-PARA-EL-TRA\u0301NSITO-DE-SUS-HABITANTES-Y-RECIBIR-A-SUS-VISITANTES-8-300x200.jpg\" alt=\"\" width=\"300\" height=\"200\" srcset=\"https:\/\/cuernavaca.gob.mx\/wp-content\/uploads\/2023\/07\/OCOTEPEC-CONTARA\u0301-CON-UN-RENOVADO-ACCESO-PARA-EL-TRA\u0301NSITO-DE-SUS-HABITANTES-Y-RECIBIR-A-SUS-VISITANTES-8-300x200.jpg 300w, https:\/\/cuernavaca.gob.mx\/wp-content\/uploads\/2023\/07\/OCOTEPEC-CONTARA\u0301-CON-UN-RENOVADO-ACCESO-PARA-EL-TRA\u0301NSITO-DE-SUS-HABITANTES-Y-RECIBIR-A-SUS-VISITANTES-8-1024x682.jpg 1024w, https:\/\/cuernavaca.gob.mx\/wp-content\/uploads\/2023\/07\/OCOTEPEC-CONTARA\u0301-CON-UN-RENOVADO-ACCESO-PARA-EL-TRA\u0301NSITO-DE-SUS-HABITANTES-Y-RECIBIR-A-SUS-VISITANTES-8-768x512.jpg 768w, https:\/\/cuernavaca.gob.mx\/wp-content\/uploads\/2023\/07\/OCOTEPEC-CONTARA\u0301-CON-UN-RENOVADO-ACCESO-PARA-EL-TRA\u0301NSITO-DE-SUS-HABITANTES-Y-RECIBIR-A-SUS-VISITANTES-8-1536x1023.jpg 1536w, https:\/\/cuernavaca.gob.mx\/wp-content\/uploads\/2023\/07\/OCOTEPEC-CONTARA\u0301-CON-UN-RENOVADO-ACCESO-PARA-EL-TRA\u0301NSITO-DE-SUS-HABITANTES-Y-RECIBIR-A-SUS-VISITANTES-8-600x400.jpg 600w, https:\/\/cuernavaca.gob.mx\/wp-content\/uploads\/2023\/07\/OCOTEPEC-CONTARA\u0301-CON-UN-RENOVADO-ACCESO-PARA-EL-TRA\u0301NSITO-DE-SUS-HABITANTES-Y-RECIBIR-A-SUS-VISITANTES-8-560x373.jpg 560w, https:\/\/cuernavaca.gob.mx\/wp-content\/uploads\/2023\/07\/OCOTEPEC-CONTARA\u0301-CON-UN-RENOVADO-ACCESO-PARA-EL-TRA\u0301NSITO-DE-SUS-HABITANTES-Y-RECIBIR-A-SUS-VISITANTES-8.jpg 1600w\" sizes=\"(max-width: 300px) 100vw, 300px\" \/> <img loading=\"lazy\" class=\"alignnone size-medium wp-image-30533\" src=\"https:\/\/cuernavaca.gob.mx\/wp-content\/uploads\/2023\/07\/OCOTEPEC-CONTARA\u0301-CON-UN-RENOVADO-ACCESO-PARA-EL-TRA\u0301NSITO-DE-SUS-HABITANTES-Y-RECIBIR-A-SUS-VISITANTES-11-300x200.jpg\" alt=\"\" width=\"300\" height=\"200\" srcset=\"https:\/\/cuernavaca.gob.mx\/wp-content\/uploads\/2023\/07\/OCOTEPEC-CONTARA\u0301-CON-UN-RENOVADO-ACCESO-PARA-EL-TRA\u0301NSITO-DE-SUS-HABITANTES-Y-RECIBIR-A-SUS-VISITANTES-11-300x200.jpg 300w, https:\/\/cuernavaca.gob.mx\/wp-content\/uploads\/2023\/07\/OCOTEPEC-CONTARA\u0301-CON-UN-RENOVADO-ACCESO-PARA-EL-TRA\u0301NSITO-DE-SUS-HABITANTES-Y-RECIBIR-A-SUS-VISITANTES-11-1024x682.jpg 1024w, https:\/\/cuernavaca.gob.mx\/wp-content\/uploads\/2023\/07\/OCOTEPEC-CONTARA\u0301-CON-UN-RENOVADO-ACCESO-PARA-EL-TRA\u0301NSITO-DE-SUS-HABITANTES-Y-RECIBIR-A-SUS-VISITANTES-11-768x512.jpg 768w, https:\/\/cuernavaca.gob.mx\/wp-content\/uploads\/2023\/07\/OCOTEPEC-CONTARA\u0301-CON-UN-RENOVADO-ACCESO-PARA-EL-TRA\u0301NSITO-DE-SUS-HABITANTES-Y-RECIBIR-A-SUS-VISITANTES-11-1536x1023.jpg 1536w, https:\/\/cuernavaca.gob.mx\/wp-content\/uploads\/2023\/07\/OCOTEPEC-CONTARA\u0301-CON-UN-RENOVADO-ACCESO-PARA-EL-TRA\u0301NSITO-DE-SUS-HABITANTES-Y-RECIBIR-A-SUS-VISITANTES-11-600x400.jpg 600w, https:\/\/cuernavaca.gob.mx\/wp-content\/uploads\/2023\/07\/OCOTEPEC-CONTARA\u0301-CON-UN-RENOVADO-ACCESO-PARA-EL-TRA\u0301NSITO-DE-SUS-HABITANTES-Y-RECIBIR-A-SUS-VISITANTES-11-560x373.jpg 560w, https:\/\/cuernavaca.gob.mx\/wp-content\/uploads\/2023\/07\/OCOTEPEC-CONTARA\u0301-CON-UN-RENOVADO-ACCESO-PARA-EL-TRA\u0301NSITO-DE-SUS-HABITANTES-Y-RECIBIR-A-SUS-VISITANTES-11.jpg 1600w\" sizes=\"(max-width: 300px) 100vw, 300px\" \/> <img loading=\"lazy\" class=\"alignnone size-medium wp-image-30534\" src=\"https:\/\/cuernavaca.gob.mx\/wp-content\/uploads\/2023\/07\/OCOTEPEC-CONTARA\u0301-CON-UN-RENOVADO-ACCESO-PARA-EL-TRA\u0301NSITO-DE-SUS-HABITANTES-Y-RECIBIR-A-SUS-VISITANTES-12-300x200.jpg\" alt=\"\" width=\"300\" height=\"200\" srcset=\"https:\/\/cuernavaca.gob.mx\/wp-content\/uploads\/2023\/07\/OCOTEPEC-CONTARA\u0301-CON-UN-RENOVADO-ACCESO-PARA-EL-TRA\u0301NSITO-DE-SUS-HABITANTES-Y-RECIBIR-A-SUS-VISITANTES-12-300x200.jpg 300w, https:\/\/cuernavaca.gob.mx\/wp-content\/uploads\/2023\/07\/OCOTEPEC-CONTARA\u0301-CON-UN-RENOVADO-ACCESO-PARA-EL-TRA\u0301NSITO-DE-SUS-HABITANTES-Y-RECIBIR-A-SUS-VISITANTES-12-1024x682.jpg 1024w, https:\/\/cuernavaca.gob.mx\/wp-content\/uploads\/2023\/07\/OCOTEPEC-CONTARA\u0301-CON-UN-RENOVADO-ACCESO-PARA-EL-TRA\u0301NSITO-DE-SUS-HABITANTES-Y-RECIBIR-A-SUS-VISITANTES-12-768x512.jpg 768w, https:\/\/cuernavaca.gob.mx\/wp-content\/uploads\/2023\/07\/OCOTEPEC-CONTARA\u0301-CON-UN-RENOVADO-ACCESO-PARA-EL-TRA\u0301NSITO-DE-SUS-HABITANTES-Y-RECIBIR-A-SUS-VISITANTES-12-1536x1023.jpg 1536w, https:\/\/cuernavaca.gob.mx\/wp-content\/uploads\/2023\/07\/OCOTEPEC-CONTARA\u0301-CON-UN-RENOVADO-ACCESO-PARA-EL-TRA\u0301NSITO-DE-SUS-HABITANTES-Y-RECIBIR-A-SUS-VISITANTES-12-600x400.jpg 600w, https:\/\/cuernavaca.gob.mx\/wp-content\/uploads\/2023\/07\/OCOTEPEC-CONTARA\u0301-CON-UN-RENOVADO-ACCESO-PARA-EL-TRA\u0301NSITO-DE-SUS-HABITANTES-Y-RECIBIR-A-SUS-VISITANTES-12-560x373.jpg 560w, https:\/\/cuernavaca.gob.mx\/wp-content\/uploads\/2023\/07\/OCOTEPEC-CONTARA\u0301-CON-UN-RENOVADO-ACCESO-PARA-EL-TRA\u0301NSITO-DE-SUS-HABITANTES-Y-RECIBIR-A-SUS-VISITANTES-12.jpg 1600w\" sizes=\"(max-width: 300px) 100vw, 300px\" \/> <img loading=\"lazy\" class=\"alignnone size-medium wp-image-30535\" src=\"https:\/\/cuernavaca.gob.mx\/wp-content\/uploads\/2023\/07\/OCOTEPEC-CONTARA\u0301-CON-UN-RENOVADO-ACCESO-PARA-EL-TRA\u0301NSITO-DE-SUS-HABITANTES-Y-RECIBIR-A-SUS-VISITANTES-14-300x200.jpg\" alt=\"\" width=\"300\" height=\"200\" srcset=\"https:\/\/cuernavaca.gob.mx\/wp-content\/uploads\/2023\/07\/OCOTEPEC-CONTARA\u0301-CON-UN-RENOVADO-ACCESO-PARA-EL-TRA\u0301NSITO-DE-SUS-HABITANTES-Y-RECIBIR-A-SUS-VISITANTES-14-300x200.jpg 300w, https:\/\/cuernavaca.gob.mx\/wp-content\/uploads\/2023\/07\/OCOTEPEC-CONTARA\u0301-CON-UN-RENOVADO-ACCESO-PARA-EL-TRA\u0301NSITO-DE-SUS-HABITANTES-Y-RECIBIR-A-SUS-VISITANTES-14-1024x682.jpg 1024w, https:\/\/cuernavaca.gob.mx\/wp-content\/uploads\/2023\/07\/OCOTEPEC-CONTARA\u0301-CON-UN-RENOVADO-ACCESO-PARA-EL-TRA\u0301NSITO-DE-SUS-HABITANTES-Y-RECIBIR-A-SUS-VISITANTES-14-768x512.jpg 768w, https:\/\/cuernavaca.gob.mx\/wp-content\/uploads\/2023\/07\/OCOTEPEC-CONTARA\u0301-CON-UN-RENOVADO-ACCESO-PARA-EL-TRA\u0301NSITO-DE-SUS-HABITANTES-Y-RECIBIR-A-SUS-VISITANTES-14-1536x1023.jpg 1536w, https:\/\/cuernavaca.gob.mx\/wp-content\/uploads\/2023\/07\/OCOTEPEC-CONTARA\u0301-CON-UN-RENOVADO-ACCESO-PARA-EL-TRA\u0301NSITO-DE-SUS-HABITANTES-Y-RECIBIR-A-SUS-VISITANTES-14-600x400.jpg 600w, https:\/\/cuernavaca.gob.mx\/wp-content\/uploads\/2023\/07\/OCOTEPEC-CONTARA\u0301-CON-UN-RENOVADO-ACCESO-PARA-EL-TRA\u0301NSITO-DE-SUS-HABITANTES-Y-RECIBIR-A-SUS-VISITANTES-14-560x373.jpg 560w, https:\/\/cuernavaca.gob.mx\/wp-content\/uploads\/2023\/07\/OCOTEPEC-CONTARA\u0301-CON-UN-RENOVADO-ACCESO-PARA-EL-TRA\u0301NSITO-DE-SUS-HABITANTES-Y-RECIBIR-A-SUS-VISITANTES-14.jpg 1600w\" sizes=\"(max-width: 300px) 100vw, 300px\" \/> <img loading=\"lazy\" class=\"alignnone size-medium wp-image-30536\" src=\"https:\/\/cuernavaca.gob.mx\/wp-content\/uploads\/2023\/07\/OCOTEPEC-CONTARA\u0301-CON-UN-RENOVADO-ACCESO-PARA-EL-TRA\u0301NSITO-DE-SUS-HABITANTES-Y-RECIBIR-A-SUS-VISITANTES-15-300x200.jpg\" alt=\"\" width=\"300\" height=\"200\" srcset=\"https:\/\/cuernavaca.gob.mx\/wp-content\/uploads\/2023\/07\/OCOTEPEC-CONTARA\u0301-CON-UN-RENOVADO-ACCESO-PARA-EL-TRA\u0301NSITO-DE-SUS-HABITANTES-Y-RECIBIR-A-SUS-VISITANTES-15-300x200.jpg 300w, https:\/\/cuernavaca.gob.mx\/wp-content\/uploads\/2023\/07\/OCOTEPEC-CONTARA\u0301-CON-UN-RENOVADO-ACCESO-PARA-EL-TRA\u0301NSITO-DE-SUS-HABITANTES-Y-RECIBIR-A-SUS-VISITANTES-15-1024x683.jpg 1024w, https:\/\/cuernavaca.gob.mx\/wp-content\/uploads\/2023\/07\/OCOTEPEC-CONTARA\u0301-CON-UN-RENOVADO-ACCESO-PARA-EL-TRA\u0301NSITO-DE-SUS-HABITANTES-Y-RECIBIR-A-SUS-VISITANTES-15-768x512.jpg 768w, https:\/\/cuernavaca.gob.mx\/wp-content\/uploads\/2023\/07\/OCOTEPEC-CONTARA\u0301-CON-UN-RENOVADO-ACCESO-PARA-EL-TRA\u0301NSITO-DE-SUS-HABITANTES-Y-RECIBIR-A-SUS-VISITANTES-15-1536x1024.jpg 1536w, https:\/\/cuernavaca.gob.mx\/wp-content\/uploads\/2023\/07\/OCOTEPEC-CONTARA\u0301-CON-UN-RENOVADO-ACCESO-PARA-EL-TRA\u0301NSITO-DE-SUS-HABITANTES-Y-RECIBIR-A-SUS-VISITANTES-15-600x400.jpg 600w, https:\/\/cuernavaca.gob.mx\/wp-content\/uploads\/2023\/07\/OCOTEPEC-CONTARA\u0301-CON-UN-RENOVADO-ACCESO-PARA-EL-TRA\u0301NSITO-DE-SUS-HABITANTES-Y-RECIBIR-A-SUS-VISITANTES-15-560x373.jpg 560w, https:\/\/cuernavaca.gob.mx\/wp-content\/uploads\/2023\/07\/OCOTEPEC-CONTARA\u0301-CON-UN-RENOVADO-ACCESO-PARA-EL-TRA\u0301NSITO-DE-SUS-HABITANTES-Y-RECIBIR-A-SUS-VISITANTES-15.jpg 1599w\" sizes=\"(max-width: 300px) 100vw, 300px\" \/> <img loading=\"lazy\" class=\"alignnone size-medium wp-image-30537\" src=\"https:\/\/cuernavaca.gob.mx\/wp-content\/uploads\/2023\/07\/OCOTEPEC-CONTARA\u0301-CON-UN-RENOVADO-ACCESO-PARA-EL-TRA\u0301NSITO-DE-SUS-HABITANTES-Y-RECIBIR-A-SUS-VISITANTES-17-300x200.jpg\" alt=\"\" width=\"300\" height=\"200\" srcset=\"https:\/\/cuernavaca.gob.mx\/wp-content\/uploads\/2023\/07\/OCOTEPEC-CONTARA\u0301-CON-UN-RENOVADO-ACCESO-PARA-EL-TRA\u0301NSITO-DE-SUS-HABITANTES-Y-RECIBIR-A-SUS-VISITANTES-17-300x200.jpg 300w, https:\/\/cuernavaca.gob.mx\/wp-content\/uploads\/2023\/07\/OCOTEPEC-CONTARA\u0301-CON-UN-RENOVADO-ACCESO-PARA-EL-TRA\u0301NSITO-DE-SUS-HABITANTES-Y-RECIBIR-A-SUS-VISITANTES-17-1024x682.jpg 1024w, https:\/\/cuernavaca.gob.mx\/wp-content\/uploads\/2023\/07\/OCOTEPEC-CONTARA\u0301-CON-UN-RENOVADO-ACCESO-PARA-EL-TRA\u0301NSITO-DE-SUS-HABITANTES-Y-RECIBIR-A-SUS-VISITANTES-17-768x512.jpg 768w, https:\/\/cuernavaca.gob.mx\/wp-content\/uploads\/2023\/07\/OCOTEPEC-CONTARA\u0301-CON-UN-RENOVADO-ACCESO-PARA-EL-TRA\u0301NSITO-DE-SUS-HABITANTES-Y-RECIBIR-A-SUS-VISITANTES-17-1536x1023.jpg 1536w, https:\/\/cuernavaca.gob.mx\/wp-content\/uploads\/2023\/07\/OCOTEPEC-CONTARA\u0301-CON-UN-RENOVADO-ACCESO-PARA-EL-TRA\u0301NSITO-DE-SUS-HABITANTES-Y-RECIBIR-A-SUS-VISITANTES-17-600x400.jpg 600w, https:\/\/cuernavaca.gob.mx\/wp-content\/uploads\/2023\/07\/OCOTEPEC-CONTARA\u0301-CON-UN-RENOVADO-ACCESO-PARA-EL-TRA\u0301NSITO-DE-SUS-HABITANTES-Y-RECIBIR-A-SUS-VISITANTES-17-560x373.jpg 560w, https:\/\/cuernavaca.gob.mx\/wp-content\/uploads\/2023\/07\/OCOTEPEC-CONTARA\u0301-CON-UN-RENOVADO-ACCESO-PARA-EL-TRA\u0301NSITO-DE-SUS-HABITANTES-Y-RECIBIR-A-SUS-VISITANTES-17.jpg 1600w\" sizes=\"(max-width: 300px) 100vw, 300px\" \/> <img loading=\"lazy\" class=\"alignnone size-medium wp-image-30538\" src=\"https:\/\/cuernavaca.gob.mx\/wp-content\/uploads\/2023\/07\/OCOTEPEC-CONTARA\u0301-CON-UN-RENOVADO-ACCESO-PARA-EL-TRA\u0301NSITO-DE-SUS-HABITANTES-Y-RECIBIR-A-SUS-VISITANTES-18-300x200.jpg\" alt=\"\" width=\"300\" height=\"200\" srcset=\"https:\/\/cuernavaca.gob.mx\/wp-content\/uploads\/2023\/07\/OCOTEPEC-CONTARA\u0301-CON-UN-RENOVADO-ACCESO-PARA-EL-TRA\u0301NSITO-DE-SUS-HABITANTES-Y-RECIBIR-A-SUS-VISITANTES-18-300x200.jpg 300w, https:\/\/cuernavaca.gob.mx\/wp-content\/uploads\/2023\/07\/OCOTEPEC-CONTARA\u0301-CON-UN-RENOVADO-ACCESO-PARA-EL-TRA\u0301NSITO-DE-SUS-HABITANTES-Y-RECIBIR-A-SUS-VISITANTES-18-1024x682.jpg 1024w, https:\/\/cuernavaca.gob.mx\/wp-content\/uploads\/2023\/07\/OCOTEPEC-CONTARA\u0301-CON-UN-RENOVADO-ACCESO-PARA-EL-TRA\u0301NSITO-DE-SUS-HABITANTES-Y-RECIBIR-A-SUS-VISITANTES-18-768x512.jpg 768w, https:\/\/cuernavaca.gob.mx\/wp-content\/uploads\/2023\/07\/OCOTEPEC-CONTARA\u0301-CON-UN-RENOVADO-ACCESO-PARA-EL-TRA\u0301NSITO-DE-SUS-HABITANTES-Y-RECIBIR-A-SUS-VISITANTES-18-1536x1023.jpg 1536w, https:\/\/cuernavaca.gob.mx\/wp-content\/uploads\/2023\/07\/OCOTEPEC-CONTARA\u0301-CON-UN-RENOVADO-ACCESO-PARA-EL-TRA\u0301NSITO-DE-SUS-HABITANTES-Y-RECIBIR-A-SUS-VISITANTES-18-600x400.jpg 600w, https:\/\/cuernavaca.gob.mx\/wp-content\/uploads\/2023\/07\/OCOTEPEC-CONTARA\u0301-CON-UN-RENOVADO-ACCESO-PARA-EL-TRA\u0301NSITO-DE-SUS-HABITANTES-Y-RECIBIR-A-SUS-VISITANTES-18-560x373.jpg 560w, https:\/\/cuernavaca.gob.mx\/wp-content\/uploads\/2023\/07\/OCOTEPEC-CONTARA\u0301-CON-UN-RENOVADO-ACCESO-PARA-EL-TRA\u0301NSITO-DE-SUS-HABITANTES-Y-RECIBIR-A-SUS-VISITANTES-18.jpg 1600w\" sizes=\"(max-width: 300px) 100vw, 300px\" \/> <img loading=\"lazy\" class=\"alignnone size-medium wp-image-30539\" src=\"https:\/\/cuernavaca.gob.mx\/wp-content\/uploads\/2023\/07\/OCOTEPEC-CONTARA\u0301-CON-UN-RENOVADO-ACCESO-PARA-EL-TRA\u0301NSITO-DE-SUS-HABITANTES-Y-RECIBIR-A-SUS-VISITANTES-19-300x200.jpg\" alt=\"\" width=\"300\" height=\"200\" srcset=\"https:\/\/cuernavaca.gob.mx\/wp-content\/uploads\/2023\/07\/OCOTEPEC-CONTARA\u0301-CON-UN-RENOVADO-ACCESO-PARA-EL-TRA\u0301NSITO-DE-SUS-HABITANTES-Y-RECIBIR-A-SUS-VISITANTES-19-300x200.jpg 300w, https:\/\/cuernavaca.gob.mx\/wp-content\/uploads\/2023\/07\/OCOTEPEC-CONTARA\u0301-CON-UN-RENOVADO-ACCESO-PARA-EL-TRA\u0301NSITO-DE-SUS-HABITANTES-Y-RECIBIR-A-SUS-VISITANTES-19-1024x682.jpg 1024w, https:\/\/cuernavaca.gob.mx\/wp-content\/uploads\/2023\/07\/OCOTEPEC-CONTARA\u0301-CON-UN-RENOVADO-ACCESO-PARA-EL-TRA\u0301NSITO-DE-SUS-HABITANTES-Y-RECIBIR-A-SUS-VISITANTES-19-768x512.jpg 768w, https:\/\/cuernavaca.gob.mx\/wp-content\/uploads\/2023\/07\/OCOTEPEC-CONTARA\u0301-CON-UN-RENOVADO-ACCESO-PARA-EL-TRA\u0301NSITO-DE-SUS-HABITANTES-Y-RECIBIR-A-SUS-VISITANTES-19-1536x1023.jpg 1536w, https:\/\/cuernavaca.gob.mx\/wp-content\/uploads\/2023\/07\/OCOTEPEC-CONTARA\u0301-CON-UN-RENOVADO-ACCESO-PARA-EL-TRA\u0301NSITO-DE-SUS-HABITANTES-Y-RECIBIR-A-SUS-VISITANTES-19-600x400.jpg 600w, https:\/\/cuernavaca.gob.mx\/wp-content\/uploads\/2023\/07\/OCOTEPEC-CONTARA\u0301-CON-UN-RENOVADO-ACCESO-PARA-EL-TRA\u0301NSITO-DE-SUS-HABITANTES-Y-RECIBIR-A-SUS-VISITANTES-19-560x373.jpg 560w, https:\/\/cuernavaca.gob.mx\/wp-content\/uploads\/2023\/07\/OCOTEPEC-CONTARA\u0301-CON-UN-RENOVADO-ACCESO-PARA-EL-TRA\u0301NSITO-DE-SUS-HABITANTES-Y-RECIBIR-A-SUS-VISITANTES-19.jpg 1600w\" sizes=\"(max-width: 300px) 100vw, 300px\" \/> <img loading=\"lazy\" class=\"alignnone size-medium wp-image-30540\" src=\"https:\/\/cuernavaca.gob.mx\/wp-content\/uploads\/2023\/07\/OCOTEPEC-CONTARA\u0301-CON-UN-RENOVADO-ACCESO-PARA-EL-TRA\u0301NSITO-DE-SUS-HABITANTES-Y-RECIBIR-A-SUS-VISITANTES-20-300x200.jpg\" alt=\"\" width=\"300\" height=\"200\" srcset=\"https:\/\/cuernavaca.gob.mx\/wp-content\/uploads\/2023\/07\/OCOTEPEC-CONTARA\u0301-CON-UN-RENOVADO-ACCESO-PARA-EL-TRA\u0301NSITO-DE-SUS-HABITANTES-Y-RECIBIR-A-SUS-VISITANTES-20-300x200.jpg 300w, https:\/\/cuernavaca.gob.mx\/wp-content\/uploads\/2023\/07\/OCOTEPEC-CONTARA\u0301-CON-UN-RENOVADO-ACCESO-PARA-EL-TRA\u0301NSITO-DE-SUS-HABITANTES-Y-RECIBIR-A-SUS-VISITANTES-20-1024x683.jpg 1024w, https:\/\/cuernavaca.gob.mx\/wp-content\/uploads\/2023\/07\/OCOTEPEC-CONTARA\u0301-CON-UN-RENOVADO-ACCESO-PARA-EL-TRA\u0301NSITO-DE-SUS-HABITANTES-Y-RECIBIR-A-SUS-VISITANTES-20-768x512.jpg 768w, https:\/\/cuernavaca.gob.mx\/wp-content\/uploads\/2023\/07\/OCOTEPEC-CONTARA\u0301-CON-UN-RENOVADO-ACCESO-PARA-EL-TRA\u0301NSITO-DE-SUS-HABITANTES-Y-RECIBIR-A-SUS-VISITANTES-20-1536x1024.jpg 1536w, https:\/\/cuernavaca.gob.mx\/wp-content\/uploads\/2023\/07\/OCOTEPEC-CONTARA\u0301-CON-UN-RENOVADO-ACCESO-PARA-EL-TRA\u0301NSITO-DE-SUS-HABITANTES-Y-RECIBIR-A-SUS-VISITANTES-20-600x400.jpg 600w, https:\/\/cuernavaca.gob.mx\/wp-content\/uploads\/2023\/07\/OCOTEPEC-CONTARA\u0301-CON-UN-RENOVADO-ACCESO-PARA-EL-TRA\u0301NSITO-DE-SUS-HABITANTES-Y-RECIBIR-A-SUS-VISITANTES-20-560x373.jpg 560w, https:\/\/cuernavaca.gob.mx\/wp-content\/uploads\/2023\/07\/OCOTEPEC-CONTARA\u0301-CON-UN-RENOVADO-ACCESO-PARA-EL-TRA\u0301NSITO-DE-SUS-HABITANTES-Y-RECIBIR-A-SUS-VISITANTES-20.jpg 1599w\" sizes=\"(max-width: 300px) 100vw, 300px\" \/> <img loading=\"lazy\" class=\"alignnone size-medium wp-image-30541\" src=\"https:\/\/cuernavaca.gob.mx\/wp-content\/uploads\/2023\/07\/OCOTEPEC-CONTARA\u0301-CON-UN-RENOVADO-ACCESO-PARA-EL-TRA\u0301NSITO-DE-SUS-HABITANTES-Y-RECIBIR-A-SUS-VISITANTES-21-300x200.jpg\" alt=\"\" width=\"300\" height=\"200\" srcset=\"https:\/\/cuernavaca.gob.mx\/wp-content\/uploads\/2023\/07\/OCOTEPEC-CONTARA\u0301-CON-UN-RENOVADO-ACCESO-PARA-EL-TRA\u0301NSITO-DE-SUS-HABITANTES-Y-RECIBIR-A-SUS-VISITANTES-21-300x200.jpg 300w, https:\/\/cuernavaca.gob.mx\/wp-content\/uploads\/2023\/07\/OCOTEPEC-CONTARA\u0301-CON-UN-RENOVADO-ACCESO-PARA-EL-TRA\u0301NSITO-DE-SUS-HABITANTES-Y-RECIBIR-A-SUS-VISITANTES-21-1024x683.jpg 1024w, https:\/\/cuernavaca.gob.mx\/wp-content\/uploads\/2023\/07\/OCOTEPEC-CONTARA\u0301-CON-UN-RENOVADO-ACCESO-PARA-EL-TRA\u0301NSITO-DE-SUS-HABITANTES-Y-RECIBIR-A-SUS-VISITANTES-21-768x512.jpg 768w, https:\/\/cuernavaca.gob.mx\/wp-content\/uploads\/2023\/07\/OCOTEPEC-CONTARA\u0301-CON-UN-RENOVADO-ACCESO-PARA-EL-TRA\u0301NSITO-DE-SUS-HABITANTES-Y-RECIBIR-A-SUS-VISITANTES-21-1536x1024.jpg 1536w, https:\/\/cuernavaca.gob.mx\/wp-content\/uploads\/2023\/07\/OCOTEPEC-CONTARA\u0301-CON-UN-RENOVADO-ACCESO-PARA-EL-TRA\u0301NSITO-DE-SUS-HABITANTES-Y-RECIBIR-A-SUS-VISITANTES-21-600x400.jpg 600w, https:\/\/cuernavaca.gob.mx\/wp-content\/uploads\/2023\/07\/OCOTEPEC-CONTARA\u0301-CON-UN-RENOVADO-ACCESO-PARA-EL-TRA\u0301NSITO-DE-SUS-HABITANTES-Y-RECIBIR-A-SUS-VISITANTES-21-560x373.jpg 560w, https:\/\/cuernavaca.gob.mx\/wp-content\/uploads\/2023\/07\/OCOTEPEC-CONTARA\u0301-CON-UN-RENOVADO-ACCESO-PARA-EL-TRA\u0301NSITO-DE-SUS-HABITANTES-Y-RECIBIR-A-SUS-VISITANTES-21.jpg 1599w\" sizes=\"(max-width: 300px) 100vw, 300px\" \/><\/p>\n","protected":false},"excerpt":{"rendered":"<p>\u2022 El Alcalde, Cabildo y autoridades del Poblado dieron el banderazo de arranque de la obra de revestimiento de pavimento asf\u00e1ltico en calle General Emiliano Zapata que adem\u00e1s es camino obligado hacia el municipio de Tepoztl\u00e1n \u2022 Habitantes agradecieron que se realice esta obra que por varios a\u00f1os solicitaron y por fin lleg\u00f3 una administraci\u00f3n [&hellip;]<\/p>\n","protected":false},"author":1,"featured_media":30535,"comment_status":"closed","ping_status":"open","sticky":false,"template":"","format":"standard","meta":[],"categories":[18],"tags":[916,121,515,120,206,1487,2544,232,358],"aioseo_notices":[],"_links":{"self":[{"href":"https:\/\/cuernavaca.gob.mx\/index.php?rest_route=\/wp\/v2\/posts\/30526"}],"collection":[{"href":"https:\/\/cuernavaca.gob.mx\/index.php?rest_route=\/wp\/v2\/posts"}],"about":[{"href":"https:\/\/cuernavaca.gob.mx\/index.php?rest_route=\/wp\/v2\/types\/post"}],"author":[{"embeddable":true,"href":"https:\/\/cuernavaca.gob.mx\/index.php?rest_route=\/wp\/v2\/users\/1"}],"replies":[{"embeddable":true,"href":"https:\/\/cuernavaca.gob.mx\/index.php?rest_route=%2Fwp%2Fv2%2Fcomments&post=30526"}],"version-history":[{"count":1,"href":"https:\/\/cuernavaca.gob.mx\/index.php?rest_route=\/wp\/v2\/posts\/30526\/revisions"}],"predecessor-version":[{"id":30542,"href":"https:\/\/cuernavaca.gob.mx\/index.php?rest_route=\/wp\/v2\/posts\/30526\/revisions\/30542"}],"wp:featuredmedia":[{"embeddable":true,"href":"https:\/\/cuernavaca.gob.mx\/index.php?rest_route=\/wp\/v2\/media\/30535"}],"wp:attachment":[{"href":"https:\/\/cuernavaca.gob.mx\/index.php?rest_route=%2Fwp%2Fv2%2Fmedia&parent=30526"}],"wp:term":[{"taxonomy":"category","embeddable":true,"href":"https:\/\/cuernavaca.gob.mx\/index.php?rest_route=%2Fwp%2Fv2%2Fcategories&post=30526"},{"taxonomy":"post_tag","embeddable":true,"href":"https:\/\/cuernavaca.gob.mx\/index.php?rest_route=%2Fwp%2Fv2%2Ftags&post=30526"}],"curies":[{"name":"wp","href":"https:\/\/api.w.org\/{rel}","templated":true}]}}