{"id":30543,"date":"2023-07-17T17:45:41","date_gmt":"2023-07-17T23:45:41","guid":{"rendered":"https:\/\/cuernavaca.gob.mx\/?p=30543"},"modified":"2025-05-06T14:05:53","modified_gmt":"2025-05-06T20:05:53","slug":"b1139-17-07-23-reporta-la-secretaria-de-proteccion-y-auxilio-ciudadano-saldo-blando-en-la-ix-caminata-por-la-paz","status":"publish","type":"post","link":"https:\/\/cuernavaca.gob.mx\/?p=30543","title":{"rendered":"B1139 17\/07\/23 REPORTA LA SECRETAR\u00cdA DE PROTECCI\u00d3N Y AUXILIO CIUDADANO SALDO BLANDO EN LA IX CAMINATA POR LA PAZ"},"content":{"rendered":"<p><strong>\u2022 Este a\u00f1o la SEPRAC trabaj\u00f3 de manera coordinada con la Di\u00f3cesis de Cuernavaca para definir la log\u00edstica y recorrido del contingente, a fin de salvaguardar la integridad de los participantes<\/strong><\/p>\n<p>La Secretar\u00eda de Protecci\u00f3n y Auxilio Ciudadano de Cuernavaca (SEPRAC) report\u00f3 saldo blanco en la IX Caminata por la Paz, convocada el pasado fin de semana por la Di\u00f3cesis de Cuernavaca, donde manteniendo un trabajo coordinado, el dispositivo de acompa\u00f1amiento y seguridad fue todo un \u00e9xito.<\/p>\n<p>En conferencia de prensa, la titular de SEPRAC, Alicia V\u00e1zquez Luna, inform\u00f3 que entre las acciones que llevaron a cabo fue un operativo vial, un patrullaje a\u00e9reo, la atenci\u00f3n primaria por param\u00e9dicos del Heroico Cuerpo de Bomberos y una inspecci\u00f3n de la zona y escenarios por parte de la Coordinaci\u00f3n Municipal de Protecci\u00f3n Civil, a fin de garantizar que no exist\u00edan elementos de riesgo para las personas que participaron en la caminata.<\/p>\n<p>Precis\u00f3 que los param\u00e9dicos solo atendieron a una mujer mayor debido a que present\u00f3 afectaciones por la insolaci\u00f3n y la caminata no le favoreci\u00f3 y fue atendida por param\u00e9dicos, por lo cual no se reportaron incidencias.<\/p>\n<p>\u201cAgradecemos a la Di\u00f3cesis de Cuernavaca su entrega y voluntad para aliviar a los seres humanos al interior\u201d, expres\u00f3 V\u00e1zquez Luna.<\/p>\n<p>Cabe mencionar que en las redes sociales de SEPRAC y del Municipio de Cuernavaca se estuvieron publicando los puntos de reuni\u00f3n y las calles que estar\u00edan cerradas por el contingente para que la poblaci\u00f3n estuviera informada, mientras que elementos de la Polic\u00eda Vial estuvieron a cargo de guiar a los conductores en las v\u00edas alternas, con la finalidad de evitar complicaciones a la ciudadan\u00eda.<\/p>\n<p><img loading=\"lazy\" class=\"alignnone size-medium wp-image-30544\" src=\"https:\/\/cuernavaca.gob.mx\/wp-content\/uploads\/2023\/07\/REPORTA-LA-SECRETARI\u0301A-DE-PROTECCIO\u0301N-Y-AUXILIO-CIUDADANO-SALDO-BLANDO-EN-LA-IX-CAMINATA-POR-LA-PAZ-1-300x200.jpg\" alt=\"\" width=\"300\" height=\"200\" srcset=\"https:\/\/cuernavaca.gob.mx\/wp-content\/uploads\/2023\/07\/REPORTA-LA-SECRETARI\u0301A-DE-PROTECCIO\u0301N-Y-AUXILIO-CIUDADANO-SALDO-BLANDO-EN-LA-IX-CAMINATA-POR-LA-PAZ-1-300x200.jpg 300w, https:\/\/cuernavaca.gob.mx\/wp-content\/uploads\/2023\/07\/REPORTA-LA-SECRETARI\u0301A-DE-PROTECCIO\u0301N-Y-AUXILIO-CIUDADANO-SALDO-BLANDO-EN-LA-IX-CAMINATA-POR-LA-PAZ-1-1024x682.jpg 1024w, https:\/\/cuernavaca.gob.mx\/wp-content\/uploads\/2023\/07\/REPORTA-LA-SECRETARI\u0301A-DE-PROTECCIO\u0301N-Y-AUXILIO-CIUDADANO-SALDO-BLANDO-EN-LA-IX-CAMINATA-POR-LA-PAZ-1-768x512.jpg 768w, https:\/\/cuernavaca.gob.mx\/wp-content\/uploads\/2023\/07\/REPORTA-LA-SECRETARI\u0301A-DE-PROTECCIO\u0301N-Y-AUXILIO-CIUDADANO-SALDO-BLANDO-EN-LA-IX-CAMINATA-POR-LA-PAZ-1-1536x1023.jpg 1536w, https:\/\/cuernavaca.gob.mx\/wp-content\/uploads\/2023\/07\/REPORTA-LA-SECRETARI\u0301A-DE-PROTECCIO\u0301N-Y-AUXILIO-CIUDADANO-SALDO-BLANDO-EN-LA-IX-CAMINATA-POR-LA-PAZ-1-600x400.jpg 600w, https:\/\/cuernavaca.gob.mx\/wp-content\/uploads\/2023\/07\/REPORTA-LA-SECRETARI\u0301A-DE-PROTECCIO\u0301N-Y-AUXILIO-CIUDADANO-SALDO-BLANDO-EN-LA-IX-CAMINATA-POR-LA-PAZ-1-560x373.jpg 560w, https:\/\/cuernavaca.gob.mx\/wp-content\/uploads\/2023\/07\/REPORTA-LA-SECRETARI\u0301A-DE-PROTECCIO\u0301N-Y-AUXILIO-CIUDADANO-SALDO-BLANDO-EN-LA-IX-CAMINATA-POR-LA-PAZ-1.jpg 1600w\" sizes=\"(max-width: 300px) 100vw, 300px\" \/> <img loading=\"lazy\" class=\"alignnone size-medium wp-image-30545\" src=\"https:\/\/cuernavaca.gob.mx\/wp-content\/uploads\/2023\/07\/REPORTA-LA-SECRETARI\u0301A-DE-PROTECCIO\u0301N-Y-AUXILIO-CIUDADANO-SALDO-BLANDO-EN-LA-IX-CAMINATA-POR-LA-PAZ-2-300x200.jpg\" alt=\"\" width=\"300\" height=\"200\" srcset=\"https:\/\/cuernavaca.gob.mx\/wp-content\/uploads\/2023\/07\/REPORTA-LA-SECRETARI\u0301A-DE-PROTECCIO\u0301N-Y-AUXILIO-CIUDADANO-SALDO-BLANDO-EN-LA-IX-CAMINATA-POR-LA-PAZ-2-300x200.jpg 300w, https:\/\/cuernavaca.gob.mx\/wp-content\/uploads\/2023\/07\/REPORTA-LA-SECRETARI\u0301A-DE-PROTECCIO\u0301N-Y-AUXILIO-CIUDADANO-SALDO-BLANDO-EN-LA-IX-CAMINATA-POR-LA-PAZ-2-1024x682.jpg 1024w, https:\/\/cuernavaca.gob.mx\/wp-content\/uploads\/2023\/07\/REPORTA-LA-SECRETARI\u0301A-DE-PROTECCIO\u0301N-Y-AUXILIO-CIUDADANO-SALDO-BLANDO-EN-LA-IX-CAMINATA-POR-LA-PAZ-2-768x512.jpg 768w, https:\/\/cuernavaca.gob.mx\/wp-content\/uploads\/2023\/07\/REPORTA-LA-SECRETARI\u0301A-DE-PROTECCIO\u0301N-Y-AUXILIO-CIUDADANO-SALDO-BLANDO-EN-LA-IX-CAMINATA-POR-LA-PAZ-2-1536x1023.jpg 1536w, https:\/\/cuernavaca.gob.mx\/wp-content\/uploads\/2023\/07\/REPORTA-LA-SECRETARI\u0301A-DE-PROTECCIO\u0301N-Y-AUXILIO-CIUDADANO-SALDO-BLANDO-EN-LA-IX-CAMINATA-POR-LA-PAZ-2-600x400.jpg 600w, https:\/\/cuernavaca.gob.mx\/wp-content\/uploads\/2023\/07\/REPORTA-LA-SECRETARI\u0301A-DE-PROTECCIO\u0301N-Y-AUXILIO-CIUDADANO-SALDO-BLANDO-EN-LA-IX-CAMINATA-POR-LA-PAZ-2-560x373.jpg 560w, https:\/\/cuernavaca.gob.mx\/wp-content\/uploads\/2023\/07\/REPORTA-LA-SECRETARI\u0301A-DE-PROTECCIO\u0301N-Y-AUXILIO-CIUDADANO-SALDO-BLANDO-EN-LA-IX-CAMINATA-POR-LA-PAZ-2.jpg 1600w\" sizes=\"(max-width: 300px) 100vw, 300px\" \/> <img loading=\"lazy\" class=\"alignnone size-medium wp-image-30546\" src=\"https:\/\/cuernavaca.gob.mx\/wp-content\/uploads\/2023\/07\/REPORTA-LA-SECRETARI\u0301A-DE-PROTECCIO\u0301N-Y-AUXILIO-CIUDADANO-SALDO-BLANDO-EN-LA-IX-CAMINATA-POR-LA-PAZ-3-300x200.jpg\" alt=\"\" width=\"300\" height=\"200\" srcset=\"https:\/\/cuernavaca.gob.mx\/wp-content\/uploads\/2023\/07\/REPORTA-LA-SECRETARI\u0301A-DE-PROTECCIO\u0301N-Y-AUXILIO-CIUDADANO-SALDO-BLANDO-EN-LA-IX-CAMINATA-POR-LA-PAZ-3-300x200.jpg 300w, https:\/\/cuernavaca.gob.mx\/wp-content\/uploads\/2023\/07\/REPORTA-LA-SECRETARI\u0301A-DE-PROTECCIO\u0301N-Y-AUXILIO-CIUDADANO-SALDO-BLANDO-EN-LA-IX-CAMINATA-POR-LA-PAZ-3-1024x682.jpg 1024w, https:\/\/cuernavaca.gob.mx\/wp-content\/uploads\/2023\/07\/REPORTA-LA-SECRETARI\u0301A-DE-PROTECCIO\u0301N-Y-AUXILIO-CIUDADANO-SALDO-BLANDO-EN-LA-IX-CAMINATA-POR-LA-PAZ-3-768x512.jpg 768w, https:\/\/cuernavaca.gob.mx\/wp-content\/uploads\/2023\/07\/REPORTA-LA-SECRETARI\u0301A-DE-PROTECCIO\u0301N-Y-AUXILIO-CIUDADANO-SALDO-BLANDO-EN-LA-IX-CAMINATA-POR-LA-PAZ-3-600x400.jpg 600w, https:\/\/cuernavaca.gob.mx\/wp-content\/uploads\/2023\/07\/REPORTA-LA-SECRETARI\u0301A-DE-PROTECCIO\u0301N-Y-AUXILIO-CIUDADANO-SALDO-BLANDO-EN-LA-IX-CAMINATA-POR-LA-PAZ-3-560x373.jpg 560w, https:\/\/cuernavaca.gob.mx\/wp-content\/uploads\/2023\/07\/REPORTA-LA-SECRETARI\u0301A-DE-PROTECCIO\u0301N-Y-AUXILIO-CIUDADANO-SALDO-BLANDO-EN-LA-IX-CAMINATA-POR-LA-PAZ-3.jpg 1280w\" sizes=\"(max-width: 300px) 100vw, 300px\" \/> <img loading=\"lazy\" class=\"alignnone size-medium wp-image-30547\" src=\"https:\/\/cuernavaca.gob.mx\/wp-content\/uploads\/2023\/07\/REPORTA-LA-SECRETARI\u0301A-DE-PROTECCIO\u0301N-Y-AUXILIO-CIUDADANO-SALDO-BLANDO-EN-LA-IX-CAMINATA-POR-LA-PAZ-4-300x169.jpg\" alt=\"\" width=\"300\" height=\"169\" srcset=\"https:\/\/cuernavaca.gob.mx\/wp-content\/uploads\/2023\/07\/REPORTA-LA-SECRETARI\u0301A-DE-PROTECCIO\u0301N-Y-AUXILIO-CIUDADANO-SALDO-BLANDO-EN-LA-IX-CAMINATA-POR-LA-PAZ-4-300x169.jpg 300w, https:\/\/cuernavaca.gob.mx\/wp-content\/uploads\/2023\/07\/REPORTA-LA-SECRETARI\u0301A-DE-PROTECCIO\u0301N-Y-AUXILIO-CIUDADANO-SALDO-BLANDO-EN-LA-IX-CAMINATA-POR-LA-PAZ-4-1024x576.jpg 1024w, https:\/\/cuernavaca.gob.mx\/wp-content\/uploads\/2023\/07\/REPORTA-LA-SECRETARI\u0301A-DE-PROTECCIO\u0301N-Y-AUXILIO-CIUDADANO-SALDO-BLANDO-EN-LA-IX-CAMINATA-POR-LA-PAZ-4-768x432.jpg 768w, https:\/\/cuernavaca.gob.mx\/wp-content\/uploads\/2023\/07\/REPORTA-LA-SECRETARI\u0301A-DE-PROTECCIO\u0301N-Y-AUXILIO-CIUDADANO-SALDO-BLANDO-EN-LA-IX-CAMINATA-POR-LA-PAZ-4-1536x864.jpg 1536w, https:\/\/cuernavaca.gob.mx\/wp-content\/uploads\/2023\/07\/REPORTA-LA-SECRETARI\u0301A-DE-PROTECCIO\u0301N-Y-AUXILIO-CIUDADANO-SALDO-BLANDO-EN-LA-IX-CAMINATA-POR-LA-PAZ-4-600x338.jpg 600w, https:\/\/cuernavaca.gob.mx\/wp-content\/uploads\/2023\/07\/REPORTA-LA-SECRETARI\u0301A-DE-PROTECCIO\u0301N-Y-AUXILIO-CIUDADANO-SALDO-BLANDO-EN-LA-IX-CAMINATA-POR-LA-PAZ-4-560x315.jpg 560w, https:\/\/cuernavaca.gob.mx\/wp-content\/uploads\/2023\/07\/REPORTA-LA-SECRETARI\u0301A-DE-PROTECCIO\u0301N-Y-AUXILIO-CIUDADANO-SALDO-BLANDO-EN-LA-IX-CAMINATA-POR-LA-PAZ-4.jpg 1600w\" sizes=\"(max-width: 300px) 100vw, 300px\" \/> <img loading=\"lazy\" class=\"alignnone size-medium wp-image-30548\" src=\"https:\/\/cuernavaca.gob.mx\/wp-content\/uploads\/2023\/07\/REPORTA-LA-SECRETARI\u0301A-DE-PROTECCIO\u0301N-Y-AUXILIO-CIUDADANO-SALDO-BLANDO-EN-LA-IX-CAMINATA-POR-LA-PAZ-5-300x200.jpg\" alt=\"\" width=\"300\" height=\"200\" srcset=\"https:\/\/cuernavaca.gob.mx\/wp-content\/uploads\/2023\/07\/REPORTA-LA-SECRETARI\u0301A-DE-PROTECCIO\u0301N-Y-AUXILIO-CIUDADANO-SALDO-BLANDO-EN-LA-IX-CAMINATA-POR-LA-PAZ-5-300x200.jpg 300w, https:\/\/cuernavaca.gob.mx\/wp-content\/uploads\/2023\/07\/REPORTA-LA-SECRETARI\u0301A-DE-PROTECCIO\u0301N-Y-AUXILIO-CIUDADANO-SALDO-BLANDO-EN-LA-IX-CAMINATA-POR-LA-PAZ-5-1024x682.jpg 1024w, https:\/\/cuernavaca.gob.mx\/wp-content\/uploads\/2023\/07\/REPORTA-LA-SECRETARI\u0301A-DE-PROTECCIO\u0301N-Y-AUXILIO-CIUDADANO-SALDO-BLANDO-EN-LA-IX-CAMINATA-POR-LA-PAZ-5-768x512.jpg 768w, https:\/\/cuernavaca.gob.mx\/wp-content\/uploads\/2023\/07\/REPORTA-LA-SECRETARI\u0301A-DE-PROTECCIO\u0301N-Y-AUXILIO-CIUDADANO-SALDO-BLANDO-EN-LA-IX-CAMINATA-POR-LA-PAZ-5-1536x1023.jpg 1536w, https:\/\/cuernavaca.gob.mx\/wp-content\/uploads\/2023\/07\/REPORTA-LA-SECRETARI\u0301A-DE-PROTECCIO\u0301N-Y-AUXILIO-CIUDADANO-SALDO-BLANDO-EN-LA-IX-CAMINATA-POR-LA-PAZ-5-600x400.jpg 600w, https:\/\/cuernavaca.gob.mx\/wp-content\/uploads\/2023\/07\/REPORTA-LA-SECRETARI\u0301A-DE-PROTECCIO\u0301N-Y-AUXILIO-CIUDADANO-SALDO-BLANDO-EN-LA-IX-CAMINATA-POR-LA-PAZ-5-560x373.jpg 560w, https:\/\/cuernavaca.gob.mx\/wp-content\/uploads\/2023\/07\/REPORTA-LA-SECRETARI\u0301A-DE-PROTECCIO\u0301N-Y-AUXILIO-CIUDADANO-SALDO-BLANDO-EN-LA-IX-CAMINATA-POR-LA-PAZ-5.jpg 1600w\" sizes=\"(max-width: 300px) 100vw, 300px\" \/> <img loading=\"lazy\" class=\"alignnone size-medium wp-image-30549\" src=\"https:\/\/cuernavaca.gob.mx\/wp-content\/uploads\/2023\/07\/REPORTA-LA-SECRETARI\u0301A-DE-PROTECCIO\u0301N-Y-AUXILIO-CIUDADANO-SALDO-BLANDO-EN-LA-IX-CAMINATA-POR-LA-PAZ-6-300x200.jpg\" alt=\"\" width=\"300\" height=\"200\" srcset=\"https:\/\/cuernavaca.gob.mx\/wp-content\/uploads\/2023\/07\/REPORTA-LA-SECRETARI\u0301A-DE-PROTECCIO\u0301N-Y-AUXILIO-CIUDADANO-SALDO-BLANDO-EN-LA-IX-CAMINATA-POR-LA-PAZ-6-300x200.jpg 300w, https:\/\/cuernavaca.gob.mx\/wp-content\/uploads\/2023\/07\/REPORTA-LA-SECRETARI\u0301A-DE-PROTECCIO\u0301N-Y-AUXILIO-CIUDADANO-SALDO-BLANDO-EN-LA-IX-CAMINATA-POR-LA-PAZ-6-1024x682.jpg 1024w, https:\/\/cuernavaca.gob.mx\/wp-content\/uploads\/2023\/07\/REPORTA-LA-SECRETARI\u0301A-DE-PROTECCIO\u0301N-Y-AUXILIO-CIUDADANO-SALDO-BLANDO-EN-LA-IX-CAMINATA-POR-LA-PAZ-6-768x512.jpg 768w, https:\/\/cuernavaca.gob.mx\/wp-content\/uploads\/2023\/07\/REPORTA-LA-SECRETARI\u0301A-DE-PROTECCIO\u0301N-Y-AUXILIO-CIUDADANO-SALDO-BLANDO-EN-LA-IX-CAMINATA-POR-LA-PAZ-6-1536x1023.jpg 1536w, https:\/\/cuernavaca.gob.mx\/wp-content\/uploads\/2023\/07\/REPORTA-LA-SECRETARI\u0301A-DE-PROTECCIO\u0301N-Y-AUXILIO-CIUDADANO-SALDO-BLANDO-EN-LA-IX-CAMINATA-POR-LA-PAZ-6-600x400.jpg 600w, https:\/\/cuernavaca.gob.mx\/wp-content\/uploads\/2023\/07\/REPORTA-LA-SECRETARI\u0301A-DE-PROTECCIO\u0301N-Y-AUXILIO-CIUDADANO-SALDO-BLANDO-EN-LA-IX-CAMINATA-POR-LA-PAZ-6-560x373.jpg 560w, https:\/\/cuernavaca.gob.mx\/wp-content\/uploads\/2023\/07\/REPORTA-LA-SECRETARI\u0301A-DE-PROTECCIO\u0301N-Y-AUXILIO-CIUDADANO-SALDO-BLANDO-EN-LA-IX-CAMINATA-POR-LA-PAZ-6.jpg 1600w\" sizes=\"(max-width: 300px) 100vw, 300px\" \/> <img loading=\"lazy\" class=\"alignnone size-medium wp-image-30550\" src=\"https:\/\/cuernavaca.gob.mx\/wp-content\/uploads\/2023\/07\/REPORTA-LA-SECRETARI\u0301A-DE-PROTECCIO\u0301N-Y-AUXILIO-CIUDADANO-SALDO-BLANDO-EN-LA-IX-CAMINATA-POR-LA-PAZ-7-300x200.jpg\" alt=\"\" width=\"300\" height=\"200\" srcset=\"https:\/\/cuernavaca.gob.mx\/wp-content\/uploads\/2023\/07\/REPORTA-LA-SECRETARI\u0301A-DE-PROTECCIO\u0301N-Y-AUXILIO-CIUDADANO-SALDO-BLANDO-EN-LA-IX-CAMINATA-POR-LA-PAZ-7-300x200.jpg 300w, https:\/\/cuernavaca.gob.mx\/wp-content\/uploads\/2023\/07\/REPORTA-LA-SECRETARI\u0301A-DE-PROTECCIO\u0301N-Y-AUXILIO-CIUDADANO-SALDO-BLANDO-EN-LA-IX-CAMINATA-POR-LA-PAZ-7-1024x682.jpg 1024w, https:\/\/cuernavaca.gob.mx\/wp-content\/uploads\/2023\/07\/REPORTA-LA-SECRETARI\u0301A-DE-PROTECCIO\u0301N-Y-AUXILIO-CIUDADANO-SALDO-BLANDO-EN-LA-IX-CAMINATA-POR-LA-PAZ-7-768x512.jpg 768w, https:\/\/cuernavaca.gob.mx\/wp-content\/uploads\/2023\/07\/REPORTA-LA-SECRETARI\u0301A-DE-PROTECCIO\u0301N-Y-AUXILIO-CIUDADANO-SALDO-BLANDO-EN-LA-IX-CAMINATA-POR-LA-PAZ-7-600x400.jpg 600w, https:\/\/cuernavaca.gob.mx\/wp-content\/uploads\/2023\/07\/REPORTA-LA-SECRETARI\u0301A-DE-PROTECCIO\u0301N-Y-AUXILIO-CIUDADANO-SALDO-BLANDO-EN-LA-IX-CAMINATA-POR-LA-PAZ-7-560x373.jpg 560w, https:\/\/cuernavaca.gob.mx\/wp-content\/uploads\/2023\/07\/REPORTA-LA-SECRETARI\u0301A-DE-PROTECCIO\u0301N-Y-AUXILIO-CIUDADANO-SALDO-BLANDO-EN-LA-IX-CAMINATA-POR-LA-PAZ-7.jpg 1280w\" sizes=\"(max-width: 300px) 100vw, 300px\" \/> <img loading=\"lazy\" class=\"alignnone size-medium wp-image-30551\" src=\"https:\/\/cuernavaca.gob.mx\/wp-content\/uploads\/2023\/07\/REPORTA-LA-SECRETARI\u0301A-DE-PROTECCIO\u0301N-Y-AUXILIO-CIUDADANO-SALDO-BLANDO-EN-LA-IX-CAMINATA-POR-LA-PAZ-8-300x200.jpg\" alt=\"\" width=\"300\" height=\"200\" srcset=\"https:\/\/cuernavaca.gob.mx\/wp-content\/uploads\/2023\/07\/REPORTA-LA-SECRETARI\u0301A-DE-PROTECCIO\u0301N-Y-AUXILIO-CIUDADANO-SALDO-BLANDO-EN-LA-IX-CAMINATA-POR-LA-PAZ-8-300x200.jpg 300w, https:\/\/cuernavaca.gob.mx\/wp-content\/uploads\/2023\/07\/REPORTA-LA-SECRETARI\u0301A-DE-PROTECCIO\u0301N-Y-AUXILIO-CIUDADANO-SALDO-BLANDO-EN-LA-IX-CAMINATA-POR-LA-PAZ-8-1024x682.jpg 1024w, https:\/\/cuernavaca.gob.mx\/wp-content\/uploads\/2023\/07\/REPORTA-LA-SECRETARI\u0301A-DE-PROTECCIO\u0301N-Y-AUXILIO-CIUDADANO-SALDO-BLANDO-EN-LA-IX-CAMINATA-POR-LA-PAZ-8-768x512.jpg 768w, https:\/\/cuernavaca.gob.mx\/wp-content\/uploads\/2023\/07\/REPORTA-LA-SECRETARI\u0301A-DE-PROTECCIO\u0301N-Y-AUXILIO-CIUDADANO-SALDO-BLANDO-EN-LA-IX-CAMINATA-POR-LA-PAZ-8-600x400.jpg 600w, https:\/\/cuernavaca.gob.mx\/wp-content\/uploads\/2023\/07\/REPORTA-LA-SECRETARI\u0301A-DE-PROTECCIO\u0301N-Y-AUXILIO-CIUDADANO-SALDO-BLANDO-EN-LA-IX-CAMINATA-POR-LA-PAZ-8-560x373.jpg 560w, https:\/\/cuernavaca.gob.mx\/wp-content\/uploads\/2023\/07\/REPORTA-LA-SECRETARI\u0301A-DE-PROTECCIO\u0301N-Y-AUXILIO-CIUDADANO-SALDO-BLANDO-EN-LA-IX-CAMINATA-POR-LA-PAZ-8.jpg 1280w\" sizes=\"(max-width: 300px) 100vw, 300px\" \/> <img loading=\"lazy\" class=\"alignnone size-medium wp-image-30552\" src=\"https:\/\/cuernavaca.gob.mx\/wp-content\/uploads\/2023\/07\/REPORTA-LA-SECRETARI\u0301A-DE-PROTECCIO\u0301N-Y-AUXILIO-CIUDADANO-SALDO-BLANDO-EN-LA-IX-CAMINATA-POR-LA-PAZ-9-300x200.jpg\" alt=\"\" width=\"300\" height=\"200\" srcset=\"https:\/\/cuernavaca.gob.mx\/wp-content\/uploads\/2023\/07\/REPORTA-LA-SECRETARI\u0301A-DE-PROTECCIO\u0301N-Y-AUXILIO-CIUDADANO-SALDO-BLANDO-EN-LA-IX-CAMINATA-POR-LA-PAZ-9-300x200.jpg 300w, https:\/\/cuernavaca.gob.mx\/wp-content\/uploads\/2023\/07\/REPORTA-LA-SECRETARI\u0301A-DE-PROTECCIO\u0301N-Y-AUXILIO-CIUDADANO-SALDO-BLANDO-EN-LA-IX-CAMINATA-POR-LA-PAZ-9-1024x682.jpg 1024w, https:\/\/cuernavaca.gob.mx\/wp-content\/uploads\/2023\/07\/REPORTA-LA-SECRETARI\u0301A-DE-PROTECCIO\u0301N-Y-AUXILIO-CIUDADANO-SALDO-BLANDO-EN-LA-IX-CAMINATA-POR-LA-PAZ-9-768x512.jpg 768w, https:\/\/cuernavaca.gob.mx\/wp-content\/uploads\/2023\/07\/REPORTA-LA-SECRETARI\u0301A-DE-PROTECCIO\u0301N-Y-AUXILIO-CIUDADANO-SALDO-BLANDO-EN-LA-IX-CAMINATA-POR-LA-PAZ-9-1536x1023.jpg 1536w, https:\/\/cuernavaca.gob.mx\/wp-content\/uploads\/2023\/07\/REPORTA-LA-SECRETARI\u0301A-DE-PROTECCIO\u0301N-Y-AUXILIO-CIUDADANO-SALDO-BLANDO-EN-LA-IX-CAMINATA-POR-LA-PAZ-9-600x400.jpg 600w, https:\/\/cuernavaca.gob.mx\/wp-content\/uploads\/2023\/07\/REPORTA-LA-SECRETARI\u0301A-DE-PROTECCIO\u0301N-Y-AUXILIO-CIUDADANO-SALDO-BLANDO-EN-LA-IX-CAMINATA-POR-LA-PAZ-9-560x373.jpg 560w, https:\/\/cuernavaca.gob.mx\/wp-content\/uploads\/2023\/07\/REPORTA-LA-SECRETARI\u0301A-DE-PROTECCIO\u0301N-Y-AUXILIO-CIUDADANO-SALDO-BLANDO-EN-LA-IX-CAMINATA-POR-LA-PAZ-9.jpg 1600w\" sizes=\"(max-width: 300px) 100vw, 300px\" \/> <img loading=\"lazy\" class=\"alignnone size-medium wp-image-30553\" src=\"https:\/\/cuernavaca.gob.mx\/wp-content\/uploads\/2023\/07\/REPORTA-LA-SECRETARI\u0301A-DE-PROTECCIO\u0301N-Y-AUXILIO-CIUDADANO-SALDO-BLANDO-EN-LA-IX-CAMINATA-POR-LA-PAZ-10-300x200.jpg\" alt=\"\" width=\"300\" height=\"200\" srcset=\"https:\/\/cuernavaca.gob.mx\/wp-content\/uploads\/2023\/07\/REPORTA-LA-SECRETARI\u0301A-DE-PROTECCIO\u0301N-Y-AUXILIO-CIUDADANO-SALDO-BLANDO-EN-LA-IX-CAMINATA-POR-LA-PAZ-10-300x200.jpg 300w, https:\/\/cuernavaca.gob.mx\/wp-content\/uploads\/2023\/07\/REPORTA-LA-SECRETARI\u0301A-DE-PROTECCIO\u0301N-Y-AUXILIO-CIUDADANO-SALDO-BLANDO-EN-LA-IX-CAMINATA-POR-LA-PAZ-10-1024x682.jpg 1024w, https:\/\/cuernavaca.gob.mx\/wp-content\/uploads\/2023\/07\/REPORTA-LA-SECRETARI\u0301A-DE-PROTECCIO\u0301N-Y-AUXILIO-CIUDADANO-SALDO-BLANDO-EN-LA-IX-CAMINATA-POR-LA-PAZ-10-768x512.jpg 768w, https:\/\/cuernavaca.gob.mx\/wp-content\/uploads\/2023\/07\/REPORTA-LA-SECRETARI\u0301A-DE-PROTECCIO\u0301N-Y-AUXILIO-CIUDADANO-SALDO-BLANDO-EN-LA-IX-CAMINATA-POR-LA-PAZ-10-600x400.jpg 600w, https:\/\/cuernavaca.gob.mx\/wp-content\/uploads\/2023\/07\/REPORTA-LA-SECRETARI\u0301A-DE-PROTECCIO\u0301N-Y-AUXILIO-CIUDADANO-SALDO-BLANDO-EN-LA-IX-CAMINATA-POR-LA-PAZ-10-560x373.jpg 560w, https:\/\/cuernavaca.gob.mx\/wp-content\/uploads\/2023\/07\/REPORTA-LA-SECRETARI\u0301A-DE-PROTECCIO\u0301N-Y-AUXILIO-CIUDADANO-SALDO-BLANDO-EN-LA-IX-CAMINATA-POR-LA-PAZ-10.jpg 1280w\" sizes=\"(max-width: 300px) 100vw, 300px\" \/><\/p>\n","protected":false},"excerpt":{"rendered":"<p>\u2022 Este a\u00f1o la SEPRAC trabaj\u00f3 de manera coordinada con la Di\u00f3cesis de Cuernavaca para definir la log\u00edstica y recorrido del contingente, a fin de salvaguardar la integridad de los participantes La Secretar\u00eda de Protecci\u00f3n y Auxilio Ciudadano de Cuernavaca (SEPRAC) report\u00f3 saldo blanco en la IX Caminata por la Paz, convocada el pasado fin [&hellip;]<\/p>\n","protected":false},"author":1,"featured_media":30548,"comment_status":"closed","ping_status":"open","sticky":false,"template":"","format":"standard","meta":[],"categories":[17],"tags":[2582,121,2898,120,206,2285,414,125],"aioseo_notices":[],"_links":{"self":[{"href":"https:\/\/cuernavaca.gob.mx\/index.php?rest_route=\/wp\/v2\/posts\/30543"}],"collection":[{"href":"https:\/\/cuernavaca.gob.mx\/index.php?rest_route=\/wp\/v2\/posts"}],"about":[{"href":"https:\/\/cuernavaca.gob.mx\/index.php?rest_route=\/wp\/v2\/types\/post"}],"author":[{"embeddable":true,"href":"https:\/\/cuernavaca.gob.mx\/index.php?rest_route=\/wp\/v2\/users\/1"}],"replies":[{"embeddable":true,"href":"https:\/\/cuernavaca.gob.mx\/index.php?rest_route=%2Fwp%2Fv2%2Fcomments&post=30543"}],"version-history":[{"count":1,"href":"https:\/\/cuernavaca.gob.mx\/index.php?rest_route=\/wp\/v2\/posts\/30543\/revisions"}],"predecessor-version":[{"id":30554,"href":"https:\/\/cuernavaca.gob.mx\/index.php?rest_route=\/wp\/v2\/posts\/30543\/revisions\/30554"}],"wp:featuredmedia":[{"embeddable":true,"href":"https:\/\/cuernavaca.gob.mx\/index.php?rest_route=\/wp\/v2\/media\/30548"}],"wp:attachment":[{"href":"https:\/\/cuernavaca.gob.mx\/index.php?rest_route=%2Fwp%2Fv2%2Fmedia&parent=30543"}],"wp:term":[{"taxonomy":"category","embeddable":true,"href":"https:\/\/cuernavaca.gob.mx\/index.php?rest_route=%2Fwp%2Fv2%2Fcategories&post=30543"},{"taxonomy":"post_tag","embeddable":true,"href":"https:\/\/cuernavaca.gob.mx\/index.php?rest_route=%2Fwp%2Fv2%2Ftags&post=30543"}],"curies":[{"name":"wp","href":"https:\/\/api.w.org\/{rel}","templated":true}]}}