{"id":30555,"date":"2023-07-17T20:42:26","date_gmt":"2023-07-18T02:42:26","guid":{"rendered":"https:\/\/cuernavaca.gob.mx\/?p=30555"},"modified":"2025-05-06T14:05:53","modified_gmt":"2025-05-06T20:05:53","slug":"f462-17-07-23-prepara-seprac-operativo-de-prevencion-por-vacaciones-y-curso-para-las-infancias-durante-el-verano","status":"publish","type":"post","link":"https:\/\/cuernavaca.gob.mx\/?p=30555","title":{"rendered":"F462 17\/07\/23 PREPARA SEPRAC OPERATIVO DE PREVENCI\u00d3N POR VACACIONES Y CURSO PARA LAS INFANCIAS DURANTE EL VERANO"},"content":{"rendered":"<p>A partir de este jueves 20 de julio, la Secretar\u00eda de Protecci\u00f3n y Auxilio Ciudadano de Cuernavaca (SEPRAC) iniciar\u00e1 el operativo de prevenci\u00f3n y seguridad para recibir a los turistas en este periodo vacacional de verano, adem\u00e1s de ofrecer a ni\u00f1as, ni\u00f1os y adolescentes un curso de verano donde podr\u00e1n aprender jugando sobre la cultura de la prevenci\u00f3n de accidentes, al recibir conocimientos en educaci\u00f3n vial y primeros auxilios, mientras realizan actividades deportivas y art\u00edsticas.<\/p>\n<p>La titular de SEPRAC, Alicia V\u00e1zquez Luna, indic\u00f3 que al prever que estas vacaciones de verano, Cuernavaca se estima arriben cientos de visitantes nacionales y extranjeros, al recuperar su grandeza y posicionamiento a nivel nacional e internacional ante las diferentes ofertas culturales y art\u00edsticas que tendr\u00e1n cabida en esta temporada, una de ellas el Segundo Festival Cultural de Verano 2023 organizado por el Gobierno Municipal, cuentan ya con un plan de prevenci\u00f3n para garantizar la seguridad y el bienestar de todos los turistas y ciudadanos, quienes pueden tener la confianza de elegir a la capital morelense como su destino tur\u00edstico.<\/p>\n<p>Sostuvo que, aunado a estos trabajos preventivos, la SEPRAC llevar\u00e1 a cabo la segunda edici\u00f3n de su curso de verano, el cual se realizar\u00e1 del 24 de julio al 04 de agosto en el balneario \u201cLa Cascada\u201d, en un horario de 08:30 a 13:00 horas, donde ni\u00f1as, ni\u00f1os y adolescentes de seis a 14 a\u00f1os podr\u00e1n adquirir de manera din\u00e1mica conocimientos que les permitan responder de manera adecuada a las distintas eventualidades que puedan surgir en su entorno, pasando un rato de diversi\u00f3n y convivencia mientras aprenden.<\/p>\n<p>Para inscribirse o recibir informes sobre el curso de verano deben llamar al 777 775 9126 o dirigirse a las oficinas de la Secretar\u00eda de Protecci\u00f3n y Auxilio Ciudadano de Cuernavaca que se ubican en avenida Heroico Colegio Militar #109 en la colonia Buena Vista, ya que el cupo es limitado.<\/p>\n","protected":false},"excerpt":{"rendered":"<p>A partir de este jueves 20 de julio, la Secretar\u00eda de Protecci\u00f3n y Auxilio Ciudadano de Cuernavaca (SEPRAC) iniciar\u00e1 el operativo de prevenci\u00f3n y seguridad para recibir a los turistas en este periodo vacacional de verano, adem\u00e1s de ofrecer a ni\u00f1as, ni\u00f1os y adolescentes un curso de verano donde podr\u00e1n aprender jugando sobre la cultura [&hellip;]<\/p>\n","protected":false},"author":1,"featured_media":30553,"comment_status":"closed","ping_status":"open","sticky":false,"template":"","format":"standard","meta":[],"categories":[17],"tags":[121,3213,120,206,243,414,1375,1603],"aioseo_notices":[],"_links":{"self":[{"href":"https:\/\/cuernavaca.gob.mx\/index.php?rest_route=\/wp\/v2\/posts\/30555"}],"collection":[{"href":"https:\/\/cuernavaca.gob.mx\/index.php?rest_route=\/wp\/v2\/posts"}],"about":[{"href":"https:\/\/cuernavaca.gob.mx\/index.php?rest_route=\/wp\/v2\/types\/post"}],"author":[{"embeddable":true,"href":"https:\/\/cuernavaca.gob.mx\/index.php?rest_route=\/wp\/v2\/users\/1"}],"replies":[{"embeddable":true,"href":"https:\/\/cuernavaca.gob.mx\/index.php?rest_route=%2Fwp%2Fv2%2Fcomments&post=30555"}],"version-history":[{"count":1,"href":"https:\/\/cuernavaca.gob.mx\/index.php?rest_route=\/wp\/v2\/posts\/30555\/revisions"}],"predecessor-version":[{"id":30556,"href":"https:\/\/cuernavaca.gob.mx\/index.php?rest_route=\/wp\/v2\/posts\/30555\/revisions\/30556"}],"wp:featuredmedia":[{"embeddable":true,"href":"https:\/\/cuernavaca.gob.mx\/index.php?rest_route=\/wp\/v2\/media\/30553"}],"wp:attachment":[{"href":"https:\/\/cuernavaca.gob.mx\/index.php?rest_route=%2Fwp%2Fv2%2Fmedia&parent=30555"}],"wp:term":[{"taxonomy":"category","embeddable":true,"href":"https:\/\/cuernavaca.gob.mx\/index.php?rest_route=%2Fwp%2Fv2%2Fcategories&post=30555"},{"taxonomy":"post_tag","embeddable":true,"href":"https:\/\/cuernavaca.gob.mx\/index.php?rest_route=%2Fwp%2Fv2%2Ftags&post=30555"}],"curies":[{"name":"wp","href":"https:\/\/api.w.org\/{rel}","templated":true}]}}