{"id":30557,"date":"2023-07-18T13:35:25","date_gmt":"2023-07-18T19:35:25","guid":{"rendered":"https:\/\/cuernavaca.gob.mx\/?p=30557"},"modified":"2025-05-06T14:05:53","modified_gmt":"2025-05-06T20:05:53","slug":"b1140-18-08-23-ayuntamiento-de-cuernavaca-inicio-con-la-pavimentacion-asfaltica-del-principal-acceso-a-rancho-cortes-y-otras-colonias-de-la-zona","status":"publish","type":"post","link":"https:\/\/cuernavaca.gob.mx\/?p=30557","title":{"rendered":"B1140 18\/08\/23 AYUNTAMIENTO DE CUERNAVACA INICI\u00d3 CON LA PAVIMENTACI\u00d3N ASF\u00c1LTICA DEL PRINCIPAL ACCESO A RANCHO CORT\u00c9S Y OTRAS COLONIAS DE LA ZONA"},"content":{"rendered":"<p><strong>\u2022 Con una inversi\u00f3n de tres millones 165 mil 959.05 pesos del FAISMUN 2023, Jos\u00e9 Luis Uri\u00f3stegui y Cabildo dan respuesta a una de las peticiones m\u00e1s a\u00f1ejas la reconstrucci\u00f3n de la calle Francisco Villa<\/strong><\/p>\n<p><strong>\u2022 Adem\u00e1s, en colindancia con Calzada de los Reyes llevar\u00e1n a cabo la construcci\u00f3n de una rejilla pluvial, ya que el acumulamiento de basura generaba a\u00f1o con a\u00f1o inundaciones<\/strong><\/p>\n<p>El presidente municipal Jos\u00e9 Luis Uri\u00f3stegui Salgado e integrantes del Cabildo, dieron por iniciados los trabajos de pavimentaci\u00f3n asf\u00e1ltico de la calle Francisco Villa en la colonia Rancho Cortes, la cual tiene una meta de 658.81 metros lineales y cuenta con una inversi\u00f3n de tres millones 165 mil 959.05 pesos provenientes del Fondo de Infraestructura Social Municipal y de las Demarcaciones Territoriales del Distrito Federal (FAISMUN) 2023, beneficiando a 550 habitantes directos y 10 mil 500 indirectos.<\/p>\n<p>Al dar la explicaci\u00f3n t\u00e9cnica de la obra, el secretario de Desarrollo Urbano y Obras P\u00fablicas, Demetrio Chavira de la Torre, indic\u00f3 que los trabajos consisten en el trazo y nivelaci\u00f3n con equipo topogr\u00e1fico en 411 metros cuadrados, el fresado de pavimento asf\u00e1ltico en cuatro mil 014 metros cuadrados; adem\u00e1s realizar\u00e1n un bacheo para uniformizar la superficie existente deteriorada por 839 metros cuadrados con una carpeta de cinco cent\u00edmetros de espesor de concreto asf\u00e1ltico en caliente.<\/p>\n<p>A\u00f1adi\u00f3, que tambi\u00e9n llevar\u00e1n a cabo la renivelaci\u00f3n de un pozo de visita, de un pozo de Tel\u00e9fonos de M\u00e9xico y uno de registros de luz; aplicar\u00e1n pintura para tr\u00e1fico de base solvente en guarniciones y de pintura termopl\u00e1stica con microesferas para m\u00e1s de mil 538 metros lineales.<\/p>\n<p>Al ser un trabajo correspondiente a las zonas de atenci\u00f3n prioritaria del FAISMUN, la obra de pavimentaci\u00f3n asf\u00e1ltico de la calle Francisco Villa ser\u00e1 a partir de donde se encuentra una gasolinera hasta Calzada de los Reyes, donde efectuar\u00e1n otra obra, la construcci\u00f3n de una rejilla pluvial por las tremendas inundaciones que se registran en esta zona. El periodo de ejecuci\u00f3n es de 45 d\u00edas y ser\u00e1n en horarios diurnos y nocturnos para acelerar el proceso.<\/p>\n<p>Al referirse a esta obra, Jos\u00e9 Luis Uri\u00f3stegui, puntualiz\u00f3 que, los trabajos a desarrollar en el Programa Anual de Obras ser\u00e1n de forma integral, ya que adem\u00e1s de mejorar en este caso el pavimento, sustituir\u00e1n luminarias y podar\u00e1n los \u00e1rboles, a fin de que las calles den seguridad a los transe\u00fantes y conductores de veh\u00edculos, &#8220;vamos a tener una ciudad que cada vez cambie en beneficio de la poblaci\u00f3n&#8221;.<\/p>\n<p>A nombre de los vecinos, Yolanda Delgado, representante de la Asociaci\u00f3n de Colonos de Rancho Cort\u00e9s, agradeci\u00f3 la voluntad y disposici\u00f3n del Gobierno Municipal por escucharlos y atender sus necesidades, manifestando que seguir\u00e1n trabajando en conjunto y por la v\u00eda legal para embellecer su colonia.<\/p>\n<p>Por su parte, la s\u00edndica municipal, Ver\u00f3nica Atenco P\u00e9rez, reconoci\u00f3 la importancia que tiene el trabajo coordinado entre la sociedad y el gobierno, dando como resultado esta obra que ser\u00e1 favorable no solo para los vecinos, sino tambi\u00e9n para todos los usuarios que la utilizan diariamente para llegar a sus destinos.<\/p>\n<p>En el arranque de obra se cont\u00f3 con la asistencia de las regidoras Wendi Salinas Ruiz, Patricia Torres Rosales y Paz Hern\u00e1ndez Pardo; del regidor Christian P\u00e9rez Jaimes; del secretario de Desarrollo Sustentable y Servicios P\u00fablicos, Israel Albavera V\u00e1zquez; de la directora general de SAPAC, Evelia Flores Hern\u00e1ndez; de la coordinadora municipal de Protecci\u00f3n Civil, Mar\u00eda del Roc\u00edo Guadarrama Garc\u00eda; del secretario t\u00e9cnico del COPLADEMUN, Jonathan Garc\u00eda Salazar; y de la delegada de Emiliano Zapata Salazar, Mar\u00eda Salom\u00e9 Salgado Mart\u00ednez, as\u00ed como vecinos de la colonia Rancho Cort\u00e9s.<\/p>\n<p><img loading=\"lazy\" class=\"alignnone size-medium wp-image-30558\" src=\"https:\/\/cuernavaca.gob.mx\/wp-content\/uploads\/2023\/07\/AYUNTAMIENTO-DE-CUERNAVACA-INICIO\u0301-CON-LA-PAVIMENTACIO\u0301N-ASFA\u0301LTICA-DEL-PRINCIPAL-ACCESO-A-RANCHO-CORTE\u0301S-Y-OTRAS-COLONIAS-DE-LA-ZONA-1-300x200.jpg\" alt=\"\" width=\"300\" height=\"200\" srcset=\"https:\/\/cuernavaca.gob.mx\/wp-content\/uploads\/2023\/07\/AYUNTAMIENTO-DE-CUERNAVACA-INICIO\u0301-CON-LA-PAVIMENTACIO\u0301N-ASFA\u0301LTICA-DEL-PRINCIPAL-ACCESO-A-RANCHO-CORTE\u0301S-Y-OTRAS-COLONIAS-DE-LA-ZONA-1-300x200.jpg 300w, https:\/\/cuernavaca.gob.mx\/wp-content\/uploads\/2023\/07\/AYUNTAMIENTO-DE-CUERNAVACA-INICIO\u0301-CON-LA-PAVIMENTACIO\u0301N-ASFA\u0301LTICA-DEL-PRINCIPAL-ACCESO-A-RANCHO-CORTE\u0301S-Y-OTRAS-COLONIAS-DE-LA-ZONA-1-1024x683.jpg 1024w, https:\/\/cuernavaca.gob.mx\/wp-content\/uploads\/2023\/07\/AYUNTAMIENTO-DE-CUERNAVACA-INICIO\u0301-CON-LA-PAVIMENTACIO\u0301N-ASFA\u0301LTICA-DEL-PRINCIPAL-ACCESO-A-RANCHO-CORTE\u0301S-Y-OTRAS-COLONIAS-DE-LA-ZONA-1-768x512.jpg 768w, https:\/\/cuernavaca.gob.mx\/wp-content\/uploads\/2023\/07\/AYUNTAMIENTO-DE-CUERNAVACA-INICIO\u0301-CON-LA-PAVIMENTACIO\u0301N-ASFA\u0301LTICA-DEL-PRINCIPAL-ACCESO-A-RANCHO-CORTE\u0301S-Y-OTRAS-COLONIAS-DE-LA-ZONA-1-1536x1024.jpg 1536w, https:\/\/cuernavaca.gob.mx\/wp-content\/uploads\/2023\/07\/AYUNTAMIENTO-DE-CUERNAVACA-INICIO\u0301-CON-LA-PAVIMENTACIO\u0301N-ASFA\u0301LTICA-DEL-PRINCIPAL-ACCESO-A-RANCHO-CORTE\u0301S-Y-OTRAS-COLONIAS-DE-LA-ZONA-1-600x400.jpg 600w, https:\/\/cuernavaca.gob.mx\/wp-content\/uploads\/2023\/07\/AYUNTAMIENTO-DE-CUERNAVACA-INICIO\u0301-CON-LA-PAVIMENTACIO\u0301N-ASFA\u0301LTICA-DEL-PRINCIPAL-ACCESO-A-RANCHO-CORTE\u0301S-Y-OTRAS-COLONIAS-DE-LA-ZONA-1-560x373.jpg 560w, https:\/\/cuernavaca.gob.mx\/wp-content\/uploads\/2023\/07\/AYUNTAMIENTO-DE-CUERNAVACA-INICIO\u0301-CON-LA-PAVIMENTACIO\u0301N-ASFA\u0301LTICA-DEL-PRINCIPAL-ACCESO-A-RANCHO-CORTE\u0301S-Y-OTRAS-COLONIAS-DE-LA-ZONA-1.jpg 1599w\" sizes=\"(max-width: 300px) 100vw, 300px\" \/> <img loading=\"lazy\" class=\"alignnone size-medium wp-image-30559\" src=\"https:\/\/cuernavaca.gob.mx\/wp-content\/uploads\/2023\/07\/AYUNTAMIENTO-DE-CUERNAVACA-INICIO\u0301-CON-LA-PAVIMENTACIO\u0301N-ASFA\u0301LTICA-DEL-PRINCIPAL-ACCESO-A-RANCHO-CORTE\u0301S-Y-OTRAS-COLONIAS-DE-LA-ZONA-2-300x200.jpg\" alt=\"\" width=\"300\" height=\"200\" srcset=\"https:\/\/cuernavaca.gob.mx\/wp-content\/uploads\/2023\/07\/AYUNTAMIENTO-DE-CUERNAVACA-INICIO\u0301-CON-LA-PAVIMENTACIO\u0301N-ASFA\u0301LTICA-DEL-PRINCIPAL-ACCESO-A-RANCHO-CORTE\u0301S-Y-OTRAS-COLONIAS-DE-LA-ZONA-2-300x200.jpg 300w, https:\/\/cuernavaca.gob.mx\/wp-content\/uploads\/2023\/07\/AYUNTAMIENTO-DE-CUERNAVACA-INICIO\u0301-CON-LA-PAVIMENTACIO\u0301N-ASFA\u0301LTICA-DEL-PRINCIPAL-ACCESO-A-RANCHO-CORTE\u0301S-Y-OTRAS-COLONIAS-DE-LA-ZONA-2-1024x682.jpg 1024w, https:\/\/cuernavaca.gob.mx\/wp-content\/uploads\/2023\/07\/AYUNTAMIENTO-DE-CUERNAVACA-INICIO\u0301-CON-LA-PAVIMENTACIO\u0301N-ASFA\u0301LTICA-DEL-PRINCIPAL-ACCESO-A-RANCHO-CORTE\u0301S-Y-OTRAS-COLONIAS-DE-LA-ZONA-2-768x512.jpg 768w, https:\/\/cuernavaca.gob.mx\/wp-content\/uploads\/2023\/07\/AYUNTAMIENTO-DE-CUERNAVACA-INICIO\u0301-CON-LA-PAVIMENTACIO\u0301N-ASFA\u0301LTICA-DEL-PRINCIPAL-ACCESO-A-RANCHO-CORTE\u0301S-Y-OTRAS-COLONIAS-DE-LA-ZONA-2-1536x1023.jpg 1536w, https:\/\/cuernavaca.gob.mx\/wp-content\/uploads\/2023\/07\/AYUNTAMIENTO-DE-CUERNAVACA-INICIO\u0301-CON-LA-PAVIMENTACIO\u0301N-ASFA\u0301LTICA-DEL-PRINCIPAL-ACCESO-A-RANCHO-CORTE\u0301S-Y-OTRAS-COLONIAS-DE-LA-ZONA-2-600x400.jpg 600w, https:\/\/cuernavaca.gob.mx\/wp-content\/uploads\/2023\/07\/AYUNTAMIENTO-DE-CUERNAVACA-INICIO\u0301-CON-LA-PAVIMENTACIO\u0301N-ASFA\u0301LTICA-DEL-PRINCIPAL-ACCESO-A-RANCHO-CORTE\u0301S-Y-OTRAS-COLONIAS-DE-LA-ZONA-2-560x373.jpg 560w, https:\/\/cuernavaca.gob.mx\/wp-content\/uploads\/2023\/07\/AYUNTAMIENTO-DE-CUERNAVACA-INICIO\u0301-CON-LA-PAVIMENTACIO\u0301N-ASFA\u0301LTICA-DEL-PRINCIPAL-ACCESO-A-RANCHO-CORTE\u0301S-Y-OTRAS-COLONIAS-DE-LA-ZONA-2.jpg 1600w\" sizes=\"(max-width: 300px) 100vw, 300px\" \/> <img loading=\"lazy\" class=\"alignnone size-medium wp-image-30560\" src=\"https:\/\/cuernavaca.gob.mx\/wp-content\/uploads\/2023\/07\/AYUNTAMIENTO-DE-CUERNAVACA-INICIO\u0301-CON-LA-PAVIMENTACIO\u0301N-ASFA\u0301LTICA-DEL-PRINCIPAL-ACCESO-A-RANCHO-CORTE\u0301S-Y-OTRAS-COLONIAS-DE-LA-ZONA-3-300x200.jpg\" alt=\"\" width=\"300\" height=\"200\" srcset=\"https:\/\/cuernavaca.gob.mx\/wp-content\/uploads\/2023\/07\/AYUNTAMIENTO-DE-CUERNAVACA-INICIO\u0301-CON-LA-PAVIMENTACIO\u0301N-ASFA\u0301LTICA-DEL-PRINCIPAL-ACCESO-A-RANCHO-CORTE\u0301S-Y-OTRAS-COLONIAS-DE-LA-ZONA-3-300x200.jpg 300w, https:\/\/cuernavaca.gob.mx\/wp-content\/uploads\/2023\/07\/AYUNTAMIENTO-DE-CUERNAVACA-INICIO\u0301-CON-LA-PAVIMENTACIO\u0301N-ASFA\u0301LTICA-DEL-PRINCIPAL-ACCESO-A-RANCHO-CORTE\u0301S-Y-OTRAS-COLONIAS-DE-LA-ZONA-3-1024x682.jpg 1024w, https:\/\/cuernavaca.gob.mx\/wp-content\/uploads\/2023\/07\/AYUNTAMIENTO-DE-CUERNAVACA-INICIO\u0301-CON-LA-PAVIMENTACIO\u0301N-ASFA\u0301LTICA-DEL-PRINCIPAL-ACCESO-A-RANCHO-CORTE\u0301S-Y-OTRAS-COLONIAS-DE-LA-ZONA-3-768x512.jpg 768w, https:\/\/cuernavaca.gob.mx\/wp-content\/uploads\/2023\/07\/AYUNTAMIENTO-DE-CUERNAVACA-INICIO\u0301-CON-LA-PAVIMENTACIO\u0301N-ASFA\u0301LTICA-DEL-PRINCIPAL-ACCESO-A-RANCHO-CORTE\u0301S-Y-OTRAS-COLONIAS-DE-LA-ZONA-3-1536x1023.jpg 1536w, https:\/\/cuernavaca.gob.mx\/wp-content\/uploads\/2023\/07\/AYUNTAMIENTO-DE-CUERNAVACA-INICIO\u0301-CON-LA-PAVIMENTACIO\u0301N-ASFA\u0301LTICA-DEL-PRINCIPAL-ACCESO-A-RANCHO-CORTE\u0301S-Y-OTRAS-COLONIAS-DE-LA-ZONA-3-600x400.jpg 600w, https:\/\/cuernavaca.gob.mx\/wp-content\/uploads\/2023\/07\/AYUNTAMIENTO-DE-CUERNAVACA-INICIO\u0301-CON-LA-PAVIMENTACIO\u0301N-ASFA\u0301LTICA-DEL-PRINCIPAL-ACCESO-A-RANCHO-CORTE\u0301S-Y-OTRAS-COLONIAS-DE-LA-ZONA-3-560x373.jpg 560w, https:\/\/cuernavaca.gob.mx\/wp-content\/uploads\/2023\/07\/AYUNTAMIENTO-DE-CUERNAVACA-INICIO\u0301-CON-LA-PAVIMENTACIO\u0301N-ASFA\u0301LTICA-DEL-PRINCIPAL-ACCESO-A-RANCHO-CORTE\u0301S-Y-OTRAS-COLONIAS-DE-LA-ZONA-3.jpg 1600w\" sizes=\"(max-width: 300px) 100vw, 300px\" \/> <img loading=\"lazy\" class=\"alignnone size-medium wp-image-30561\" src=\"https:\/\/cuernavaca.gob.mx\/wp-content\/uploads\/2023\/07\/AYUNTAMIENTO-DE-CUERNAVACA-INICIO\u0301-CON-LA-PAVIMENTACIO\u0301N-ASFA\u0301LTICA-DEL-PRINCIPAL-ACCESO-A-RANCHO-CORTE\u0301S-Y-OTRAS-COLONIAS-DE-LA-ZONA-4-300x169.jpg\" alt=\"\" width=\"300\" height=\"169\" srcset=\"https:\/\/cuernavaca.gob.mx\/wp-content\/uploads\/2023\/07\/AYUNTAMIENTO-DE-CUERNAVACA-INICIO\u0301-CON-LA-PAVIMENTACIO\u0301N-ASFA\u0301LTICA-DEL-PRINCIPAL-ACCESO-A-RANCHO-CORTE\u0301S-Y-OTRAS-COLONIAS-DE-LA-ZONA-4-300x169.jpg 300w, https:\/\/cuernavaca.gob.mx\/wp-content\/uploads\/2023\/07\/AYUNTAMIENTO-DE-CUERNAVACA-INICIO\u0301-CON-LA-PAVIMENTACIO\u0301N-ASFA\u0301LTICA-DEL-PRINCIPAL-ACCESO-A-RANCHO-CORTE\u0301S-Y-OTRAS-COLONIAS-DE-LA-ZONA-4-1024x575.jpg 1024w, https:\/\/cuernavaca.gob.mx\/wp-content\/uploads\/2023\/07\/AYUNTAMIENTO-DE-CUERNAVACA-INICIO\u0301-CON-LA-PAVIMENTACIO\u0301N-ASFA\u0301LTICA-DEL-PRINCIPAL-ACCESO-A-RANCHO-CORTE\u0301S-Y-OTRAS-COLONIAS-DE-LA-ZONA-4-768x432.jpg 768w, https:\/\/cuernavaca.gob.mx\/wp-content\/uploads\/2023\/07\/AYUNTAMIENTO-DE-CUERNAVACA-INICIO\u0301-CON-LA-PAVIMENTACIO\u0301N-ASFA\u0301LTICA-DEL-PRINCIPAL-ACCESO-A-RANCHO-CORTE\u0301S-Y-OTRAS-COLONIAS-DE-LA-ZONA-4-1536x863.jpg 1536w, https:\/\/cuernavaca.gob.mx\/wp-content\/uploads\/2023\/07\/AYUNTAMIENTO-DE-CUERNAVACA-INICIO\u0301-CON-LA-PAVIMENTACIO\u0301N-ASFA\u0301LTICA-DEL-PRINCIPAL-ACCESO-A-RANCHO-CORTE\u0301S-Y-OTRAS-COLONIAS-DE-LA-ZONA-4-600x337.jpg 600w, https:\/\/cuernavaca.gob.mx\/wp-content\/uploads\/2023\/07\/AYUNTAMIENTO-DE-CUERNAVACA-INICIO\u0301-CON-LA-PAVIMENTACIO\u0301N-ASFA\u0301LTICA-DEL-PRINCIPAL-ACCESO-A-RANCHO-CORTE\u0301S-Y-OTRAS-COLONIAS-DE-LA-ZONA-4-560x315.jpg 560w, https:\/\/cuernavaca.gob.mx\/wp-content\/uploads\/2023\/07\/AYUNTAMIENTO-DE-CUERNAVACA-INICIO\u0301-CON-LA-PAVIMENTACIO\u0301N-ASFA\u0301LTICA-DEL-PRINCIPAL-ACCESO-A-RANCHO-CORTE\u0301S-Y-OTRAS-COLONIAS-DE-LA-ZONA-4.jpg 1600w\" sizes=\"(max-width: 300px) 100vw, 300px\" \/> <img loading=\"lazy\" class=\"alignnone size-medium wp-image-30562\" src=\"https:\/\/cuernavaca.gob.mx\/wp-content\/uploads\/2023\/07\/AYUNTAMIENTO-DE-CUERNAVACA-INICIO\u0301-CON-LA-PAVIMENTACIO\u0301N-ASFA\u0301LTICA-DEL-PRINCIPAL-ACCESO-A-RANCHO-CORTE\u0301S-Y-OTRAS-COLONIAS-DE-LA-ZONA-5-300x169.jpg\" alt=\"\" width=\"300\" height=\"169\" srcset=\"https:\/\/cuernavaca.gob.mx\/wp-content\/uploads\/2023\/07\/AYUNTAMIENTO-DE-CUERNAVACA-INICIO\u0301-CON-LA-PAVIMENTACIO\u0301N-ASFA\u0301LTICA-DEL-PRINCIPAL-ACCESO-A-RANCHO-CORTE\u0301S-Y-OTRAS-COLONIAS-DE-LA-ZONA-5-300x169.jpg 300w, https:\/\/cuernavaca.gob.mx\/wp-content\/uploads\/2023\/07\/AYUNTAMIENTO-DE-CUERNAVACA-INICIO\u0301-CON-LA-PAVIMENTACIO\u0301N-ASFA\u0301LTICA-DEL-PRINCIPAL-ACCESO-A-RANCHO-CORTE\u0301S-Y-OTRAS-COLONIAS-DE-LA-ZONA-5-1024x576.jpg 1024w, https:\/\/cuernavaca.gob.mx\/wp-content\/uploads\/2023\/07\/AYUNTAMIENTO-DE-CUERNAVACA-INICIO\u0301-CON-LA-PAVIMENTACIO\u0301N-ASFA\u0301LTICA-DEL-PRINCIPAL-ACCESO-A-RANCHO-CORTE\u0301S-Y-OTRAS-COLONIAS-DE-LA-ZONA-5-768x432.jpg 768w, https:\/\/cuernavaca.gob.mx\/wp-content\/uploads\/2023\/07\/AYUNTAMIENTO-DE-CUERNAVACA-INICIO\u0301-CON-LA-PAVIMENTACIO\u0301N-ASFA\u0301LTICA-DEL-PRINCIPAL-ACCESO-A-RANCHO-CORTE\u0301S-Y-OTRAS-COLONIAS-DE-LA-ZONA-5-1536x864.jpg 1536w, https:\/\/cuernavaca.gob.mx\/wp-content\/uploads\/2023\/07\/AYUNTAMIENTO-DE-CUERNAVACA-INICIO\u0301-CON-LA-PAVIMENTACIO\u0301N-ASFA\u0301LTICA-DEL-PRINCIPAL-ACCESO-A-RANCHO-CORTE\u0301S-Y-OTRAS-COLONIAS-DE-LA-ZONA-5-600x338.jpg 600w, https:\/\/cuernavaca.gob.mx\/wp-content\/uploads\/2023\/07\/AYUNTAMIENTO-DE-CUERNAVACA-INICIO\u0301-CON-LA-PAVIMENTACIO\u0301N-ASFA\u0301LTICA-DEL-PRINCIPAL-ACCESO-A-RANCHO-CORTE\u0301S-Y-OTRAS-COLONIAS-DE-LA-ZONA-5-560x315.jpg 560w, https:\/\/cuernavaca.gob.mx\/wp-content\/uploads\/2023\/07\/AYUNTAMIENTO-DE-CUERNAVACA-INICIO\u0301-CON-LA-PAVIMENTACIO\u0301N-ASFA\u0301LTICA-DEL-PRINCIPAL-ACCESO-A-RANCHO-CORTE\u0301S-Y-OTRAS-COLONIAS-DE-LA-ZONA-5.jpg 1600w\" sizes=\"(max-width: 300px) 100vw, 300px\" \/> <img loading=\"lazy\" class=\"alignnone size-medium wp-image-30563\" src=\"https:\/\/cuernavaca.gob.mx\/wp-content\/uploads\/2023\/07\/AYUNTAMIENTO-DE-CUERNAVACA-INICIO\u0301-CON-LA-PAVIMENTACIO\u0301N-ASFA\u0301LTICA-DEL-PRINCIPAL-ACCESO-A-RANCHO-CORTE\u0301S-Y-OTRAS-COLONIAS-DE-LA-ZONA-6-300x200.jpg\" alt=\"\" width=\"300\" height=\"200\" srcset=\"https:\/\/cuernavaca.gob.mx\/wp-content\/uploads\/2023\/07\/AYUNTAMIENTO-DE-CUERNAVACA-INICIO\u0301-CON-LA-PAVIMENTACIO\u0301N-ASFA\u0301LTICA-DEL-PRINCIPAL-ACCESO-A-RANCHO-CORTE\u0301S-Y-OTRAS-COLONIAS-DE-LA-ZONA-6-300x200.jpg 300w, https:\/\/cuernavaca.gob.mx\/wp-content\/uploads\/2023\/07\/AYUNTAMIENTO-DE-CUERNAVACA-INICIO\u0301-CON-LA-PAVIMENTACIO\u0301N-ASFA\u0301LTICA-DEL-PRINCIPAL-ACCESO-A-RANCHO-CORTE\u0301S-Y-OTRAS-COLONIAS-DE-LA-ZONA-6-1024x682.jpg 1024w, https:\/\/cuernavaca.gob.mx\/wp-content\/uploads\/2023\/07\/AYUNTAMIENTO-DE-CUERNAVACA-INICIO\u0301-CON-LA-PAVIMENTACIO\u0301N-ASFA\u0301LTICA-DEL-PRINCIPAL-ACCESO-A-RANCHO-CORTE\u0301S-Y-OTRAS-COLONIAS-DE-LA-ZONA-6-768x512.jpg 768w, https:\/\/cuernavaca.gob.mx\/wp-content\/uploads\/2023\/07\/AYUNTAMIENTO-DE-CUERNAVACA-INICIO\u0301-CON-LA-PAVIMENTACIO\u0301N-ASFA\u0301LTICA-DEL-PRINCIPAL-ACCESO-A-RANCHO-CORTE\u0301S-Y-OTRAS-COLONIAS-DE-LA-ZONA-6-1536x1023.jpg 1536w, https:\/\/cuernavaca.gob.mx\/wp-content\/uploads\/2023\/07\/AYUNTAMIENTO-DE-CUERNAVACA-INICIO\u0301-CON-LA-PAVIMENTACIO\u0301N-ASFA\u0301LTICA-DEL-PRINCIPAL-ACCESO-A-RANCHO-CORTE\u0301S-Y-OTRAS-COLONIAS-DE-LA-ZONA-6-600x400.jpg 600w, https:\/\/cuernavaca.gob.mx\/wp-content\/uploads\/2023\/07\/AYUNTAMIENTO-DE-CUERNAVACA-INICIO\u0301-CON-LA-PAVIMENTACIO\u0301N-ASFA\u0301LTICA-DEL-PRINCIPAL-ACCESO-A-RANCHO-CORTE\u0301S-Y-OTRAS-COLONIAS-DE-LA-ZONA-6-560x373.jpg 560w, https:\/\/cuernavaca.gob.mx\/wp-content\/uploads\/2023\/07\/AYUNTAMIENTO-DE-CUERNAVACA-INICIO\u0301-CON-LA-PAVIMENTACIO\u0301N-ASFA\u0301LTICA-DEL-PRINCIPAL-ACCESO-A-RANCHO-CORTE\u0301S-Y-OTRAS-COLONIAS-DE-LA-ZONA-6.jpg 1600w\" sizes=\"(max-width: 300px) 100vw, 300px\" \/> <img loading=\"lazy\" class=\"alignnone size-medium wp-image-30564\" src=\"https:\/\/cuernavaca.gob.mx\/wp-content\/uploads\/2023\/07\/AYUNTAMIENTO-DE-CUERNAVACA-INICIO\u0301-CON-LA-PAVIMENTACIO\u0301N-ASFA\u0301LTICA-DEL-PRINCIPAL-ACCESO-A-RANCHO-CORTE\u0301S-Y-OTRAS-COLONIAS-DE-LA-ZONA-7-300x200.jpg\" alt=\"\" width=\"300\" height=\"200\" srcset=\"https:\/\/cuernavaca.gob.mx\/wp-content\/uploads\/2023\/07\/AYUNTAMIENTO-DE-CUERNAVACA-INICIO\u0301-CON-LA-PAVIMENTACIO\u0301N-ASFA\u0301LTICA-DEL-PRINCIPAL-ACCESO-A-RANCHO-CORTE\u0301S-Y-OTRAS-COLONIAS-DE-LA-ZONA-7-300x200.jpg 300w, https:\/\/cuernavaca.gob.mx\/wp-content\/uploads\/2023\/07\/AYUNTAMIENTO-DE-CUERNAVACA-INICIO\u0301-CON-LA-PAVIMENTACIO\u0301N-ASFA\u0301LTICA-DEL-PRINCIPAL-ACCESO-A-RANCHO-CORTE\u0301S-Y-OTRAS-COLONIAS-DE-LA-ZONA-7-1024x682.jpg 1024w, https:\/\/cuernavaca.gob.mx\/wp-content\/uploads\/2023\/07\/AYUNTAMIENTO-DE-CUERNAVACA-INICIO\u0301-CON-LA-PAVIMENTACIO\u0301N-ASFA\u0301LTICA-DEL-PRINCIPAL-ACCESO-A-RANCHO-CORTE\u0301S-Y-OTRAS-COLONIAS-DE-LA-ZONA-7-768x512.jpg 768w, https:\/\/cuernavaca.gob.mx\/wp-content\/uploads\/2023\/07\/AYUNTAMIENTO-DE-CUERNAVACA-INICIO\u0301-CON-LA-PAVIMENTACIO\u0301N-ASFA\u0301LTICA-DEL-PRINCIPAL-ACCESO-A-RANCHO-CORTE\u0301S-Y-OTRAS-COLONIAS-DE-LA-ZONA-7-1536x1023.jpg 1536w, https:\/\/cuernavaca.gob.mx\/wp-content\/uploads\/2023\/07\/AYUNTAMIENTO-DE-CUERNAVACA-INICIO\u0301-CON-LA-PAVIMENTACIO\u0301N-ASFA\u0301LTICA-DEL-PRINCIPAL-ACCESO-A-RANCHO-CORTE\u0301S-Y-OTRAS-COLONIAS-DE-LA-ZONA-7-600x400.jpg 600w, https:\/\/cuernavaca.gob.mx\/wp-content\/uploads\/2023\/07\/AYUNTAMIENTO-DE-CUERNAVACA-INICIO\u0301-CON-LA-PAVIMENTACIO\u0301N-ASFA\u0301LTICA-DEL-PRINCIPAL-ACCESO-A-RANCHO-CORTE\u0301S-Y-OTRAS-COLONIAS-DE-LA-ZONA-7-560x373.jpg 560w, https:\/\/cuernavaca.gob.mx\/wp-content\/uploads\/2023\/07\/AYUNTAMIENTO-DE-CUERNAVACA-INICIO\u0301-CON-LA-PAVIMENTACIO\u0301N-ASFA\u0301LTICA-DEL-PRINCIPAL-ACCESO-A-RANCHO-CORTE\u0301S-Y-OTRAS-COLONIAS-DE-LA-ZONA-7.jpg 1600w\" sizes=\"(max-width: 300px) 100vw, 300px\" \/> <img loading=\"lazy\" class=\"alignnone size-medium wp-image-30565\" src=\"https:\/\/cuernavaca.gob.mx\/wp-content\/uploads\/2023\/07\/AYUNTAMIENTO-DE-CUERNAVACA-INICIO\u0301-CON-LA-PAVIMENTACIO\u0301N-ASFA\u0301LTICA-DEL-PRINCIPAL-ACCESO-A-RANCHO-CORTE\u0301S-Y-OTRAS-COLONIAS-DE-LA-ZONA-8-300x200.jpg\" alt=\"\" width=\"300\" height=\"200\" srcset=\"https:\/\/cuernavaca.gob.mx\/wp-content\/uploads\/2023\/07\/AYUNTAMIENTO-DE-CUERNAVACA-INICIO\u0301-CON-LA-PAVIMENTACIO\u0301N-ASFA\u0301LTICA-DEL-PRINCIPAL-ACCESO-A-RANCHO-CORTE\u0301S-Y-OTRAS-COLONIAS-DE-LA-ZONA-8-300x200.jpg 300w, https:\/\/cuernavaca.gob.mx\/wp-content\/uploads\/2023\/07\/AYUNTAMIENTO-DE-CUERNAVACA-INICIO\u0301-CON-LA-PAVIMENTACIO\u0301N-ASFA\u0301LTICA-DEL-PRINCIPAL-ACCESO-A-RANCHO-CORTE\u0301S-Y-OTRAS-COLONIAS-DE-LA-ZONA-8-1024x682.jpg 1024w, https:\/\/cuernavaca.gob.mx\/wp-content\/uploads\/2023\/07\/AYUNTAMIENTO-DE-CUERNAVACA-INICIO\u0301-CON-LA-PAVIMENTACIO\u0301N-ASFA\u0301LTICA-DEL-PRINCIPAL-ACCESO-A-RANCHO-CORTE\u0301S-Y-OTRAS-COLONIAS-DE-LA-ZONA-8-768x512.jpg 768w, https:\/\/cuernavaca.gob.mx\/wp-content\/uploads\/2023\/07\/AYUNTAMIENTO-DE-CUERNAVACA-INICIO\u0301-CON-LA-PAVIMENTACIO\u0301N-ASFA\u0301LTICA-DEL-PRINCIPAL-ACCESO-A-RANCHO-CORTE\u0301S-Y-OTRAS-COLONIAS-DE-LA-ZONA-8-1536x1023.jpg 1536w, https:\/\/cuernavaca.gob.mx\/wp-content\/uploads\/2023\/07\/AYUNTAMIENTO-DE-CUERNAVACA-INICIO\u0301-CON-LA-PAVIMENTACIO\u0301N-ASFA\u0301LTICA-DEL-PRINCIPAL-ACCESO-A-RANCHO-CORTE\u0301S-Y-OTRAS-COLONIAS-DE-LA-ZONA-8-600x400.jpg 600w, https:\/\/cuernavaca.gob.mx\/wp-content\/uploads\/2023\/07\/AYUNTAMIENTO-DE-CUERNAVACA-INICIO\u0301-CON-LA-PAVIMENTACIO\u0301N-ASFA\u0301LTICA-DEL-PRINCIPAL-ACCESO-A-RANCHO-CORTE\u0301S-Y-OTRAS-COLONIAS-DE-LA-ZONA-8-560x373.jpg 560w, https:\/\/cuernavaca.gob.mx\/wp-content\/uploads\/2023\/07\/AYUNTAMIENTO-DE-CUERNAVACA-INICIO\u0301-CON-LA-PAVIMENTACIO\u0301N-ASFA\u0301LTICA-DEL-PRINCIPAL-ACCESO-A-RANCHO-CORTE\u0301S-Y-OTRAS-COLONIAS-DE-LA-ZONA-8.jpg 1600w\" sizes=\"(max-width: 300px) 100vw, 300px\" \/> <img loading=\"lazy\" class=\"alignnone size-medium wp-image-30566\" src=\"https:\/\/cuernavaca.gob.mx\/wp-content\/uploads\/2023\/07\/AYUNTAMIENTO-DE-CUERNAVACA-INICIO\u0301-CON-LA-PAVIMENTACIO\u0301N-ASFA\u0301LTICA-DEL-PRINCIPAL-ACCESO-A-RANCHO-CORTE\u0301S-Y-OTRAS-COLONIAS-DE-LA-ZONA-9-300x200.jpg\" alt=\"\" width=\"300\" height=\"200\" srcset=\"https:\/\/cuernavaca.gob.mx\/wp-content\/uploads\/2023\/07\/AYUNTAMIENTO-DE-CUERNAVACA-INICIO\u0301-CON-LA-PAVIMENTACIO\u0301N-ASFA\u0301LTICA-DEL-PRINCIPAL-ACCESO-A-RANCHO-CORTE\u0301S-Y-OTRAS-COLONIAS-DE-LA-ZONA-9-300x200.jpg 300w, https:\/\/cuernavaca.gob.mx\/wp-content\/uploads\/2023\/07\/AYUNTAMIENTO-DE-CUERNAVACA-INICIO\u0301-CON-LA-PAVIMENTACIO\u0301N-ASFA\u0301LTICA-DEL-PRINCIPAL-ACCESO-A-RANCHO-CORTE\u0301S-Y-OTRAS-COLONIAS-DE-LA-ZONA-9-1024x683.jpg 1024w, https:\/\/cuernavaca.gob.mx\/wp-content\/uploads\/2023\/07\/AYUNTAMIENTO-DE-CUERNAVACA-INICIO\u0301-CON-LA-PAVIMENTACIO\u0301N-ASFA\u0301LTICA-DEL-PRINCIPAL-ACCESO-A-RANCHO-CORTE\u0301S-Y-OTRAS-COLONIAS-DE-LA-ZONA-9-768x512.jpg 768w, https:\/\/cuernavaca.gob.mx\/wp-content\/uploads\/2023\/07\/AYUNTAMIENTO-DE-CUERNAVACA-INICIO\u0301-CON-LA-PAVIMENTACIO\u0301N-ASFA\u0301LTICA-DEL-PRINCIPAL-ACCESO-A-RANCHO-CORTE\u0301S-Y-OTRAS-COLONIAS-DE-LA-ZONA-9-1536x1024.jpg 1536w, https:\/\/cuernavaca.gob.mx\/wp-content\/uploads\/2023\/07\/AYUNTAMIENTO-DE-CUERNAVACA-INICIO\u0301-CON-LA-PAVIMENTACIO\u0301N-ASFA\u0301LTICA-DEL-PRINCIPAL-ACCESO-A-RANCHO-CORTE\u0301S-Y-OTRAS-COLONIAS-DE-LA-ZONA-9-600x400.jpg 600w, https:\/\/cuernavaca.gob.mx\/wp-content\/uploads\/2023\/07\/AYUNTAMIENTO-DE-CUERNAVACA-INICIO\u0301-CON-LA-PAVIMENTACIO\u0301N-ASFA\u0301LTICA-DEL-PRINCIPAL-ACCESO-A-RANCHO-CORTE\u0301S-Y-OTRAS-COLONIAS-DE-LA-ZONA-9-560x373.jpg 560w, https:\/\/cuernavaca.gob.mx\/wp-content\/uploads\/2023\/07\/AYUNTAMIENTO-DE-CUERNAVACA-INICIO\u0301-CON-LA-PAVIMENTACIO\u0301N-ASFA\u0301LTICA-DEL-PRINCIPAL-ACCESO-A-RANCHO-CORTE\u0301S-Y-OTRAS-COLONIAS-DE-LA-ZONA-9.jpg 1599w\" sizes=\"(max-width: 300px) 100vw, 300px\" \/><\/p>\n","protected":false},"excerpt":{"rendered":"<p>\u2022 Con una inversi\u00f3n de tres millones 165 mil 959.05 pesos del FAISMUN 2023, Jos\u00e9 Luis Uri\u00f3stegui y Cabildo dan respuesta a una de las peticiones m\u00e1s a\u00f1ejas la reconstrucci\u00f3n de la calle Francisco Villa \u2022 Adem\u00e1s, en colindancia con Calzada de los Reyes llevar\u00e1n a cabo la construcci\u00f3n de una rejilla pluvial, ya que [&hellip;]<\/p>\n","protected":false},"author":1,"featured_media":30565,"comment_status":"closed","ping_status":"open","sticky":false,"template":"","format":"standard","meta":[],"categories":[18],"tags":[2500,916,2342,121,515,120,206,232,358],"aioseo_notices":[],"_links":{"self":[{"href":"https:\/\/cuernavaca.gob.mx\/index.php?rest_route=\/wp\/v2\/posts\/30557"}],"collection":[{"href":"https:\/\/cuernavaca.gob.mx\/index.php?rest_route=\/wp\/v2\/posts"}],"about":[{"href":"https:\/\/cuernavaca.gob.mx\/index.php?rest_route=\/wp\/v2\/types\/post"}],"author":[{"embeddable":true,"href":"https:\/\/cuernavaca.gob.mx\/index.php?rest_route=\/wp\/v2\/users\/1"}],"replies":[{"embeddable":true,"href":"https:\/\/cuernavaca.gob.mx\/index.php?rest_route=%2Fwp%2Fv2%2Fcomments&post=30557"}],"version-history":[{"count":1,"href":"https:\/\/cuernavaca.gob.mx\/index.php?rest_route=\/wp\/v2\/posts\/30557\/revisions"}],"predecessor-version":[{"id":30567,"href":"https:\/\/cuernavaca.gob.mx\/index.php?rest_route=\/wp\/v2\/posts\/30557\/revisions\/30567"}],"wp:featuredmedia":[{"embeddable":true,"href":"https:\/\/cuernavaca.gob.mx\/index.php?rest_route=\/wp\/v2\/media\/30565"}],"wp:attachment":[{"href":"https:\/\/cuernavaca.gob.mx\/index.php?rest_route=%2Fwp%2Fv2%2Fmedia&parent=30557"}],"wp:term":[{"taxonomy":"category","embeddable":true,"href":"https:\/\/cuernavaca.gob.mx\/index.php?rest_route=%2Fwp%2Fv2%2Fcategories&post=30557"},{"taxonomy":"post_tag","embeddable":true,"href":"https:\/\/cuernavaca.gob.mx\/index.php?rest_route=%2Fwp%2Fv2%2Ftags&post=30557"}],"curies":[{"name":"wp","href":"https:\/\/api.w.org\/{rel}","templated":true}]}}