{"id":30619,"date":"2023-07-19T18:27:13","date_gmt":"2023-07-20T00:27:13","guid":{"rendered":"https:\/\/cuernavaca.gob.mx\/?p=30619"},"modified":"2025-05-06T14:05:52","modified_gmt":"2025-05-06T20:05:52","slug":"b1145-19-07-23-proximo-sabado-inicia-el-segundo-festival-cultural-de-verano-cuernavaca-2023-con-cartelera-de-primer-nivel","status":"publish","type":"post","link":"https:\/\/cuernavaca.gob.mx\/?p=30619","title":{"rendered":"B1145 19\/07\/23 PR\u00d3XIMO S\u00c1BADO INICIA EL SEGUNDO FESTIVAL CULTURAL DE VERANO CUERNAVACA 2023 CON CARTELERA DE PRIMER NIVEL"},"content":{"rendered":"<p><strong>\u2022 Se ocupar\u00e1n espacios p\u00fablicos del 22 al 30 de julio en ocho sedes del municipio con eventos de teatro, danza, conciertos, pl\u00e1ticas, callejoneadas, Bamboo Fest \u201cK-POP\u201d y m\u00fasica folcl\u00f3rica<\/strong><\/p>\n<p><strong>\u2022 Despu\u00e9s de m\u00e1s de 6 a\u00f1os se presentar\u00e1 una proyecci\u00f3n de video mapping en la fachada del Palacio de Cort\u00e9s en coordinaci\u00f3n con el INAH<\/strong><\/p>\n<p>Con el prop\u00f3sito de continuar acercando la cultura a cada uno de los sectores de la sociedad, promoviendo la apropiaci\u00f3n de los espacios p\u00fablicos, el Ayuntamiento de Cuernavaca, a trav\u00e9s de la Secretar\u00eda de Desarrollo Humano y Participaci\u00f3n Social, invita al p\u00fablico en general al Segundo Festival Cultural de Verano Cuernavaca 2023, que se llevar\u00e1 a cabo a partir de este s\u00e1bado 22 hasta el domingo 30 de julio en ocho sedes distintas con m\u00e1s de 50 artistas locales en escena, totalmente gratuito.<\/p>\n<p>En conferencia de prensa que tuvo como escenario una de las sedes principales del festival, el patio del Museo de la Ciudad de Cuernavaca, la secretaria de Desarrollo Humano y Participaci\u00f3n Social, Laura Hern\u00e1ndez Cruz, se\u00f1al\u00f3 que este magno evento se estar\u00e1 desarrollando bajo la instrucci\u00f3n del presidente municipal, Jos\u00e9 Luis Uri\u00f3stegui Salgado y como parte de la estrategia que tiene su administraci\u00f3n de reactivaci\u00f3n y activaci\u00f3n de espacios p\u00fablicos con eventos de calidad para el disfrute e integraci\u00f3n de las familias cuernavacenses y de los visitantes.<\/p>\n<p>Resalt\u00f3 que en esta segunda edici\u00f3n ser\u00e1n 25 eventos en ocho sedes distintas, como el Museo de la Ciudad de Cuernavaca, el Centro Cultural Teopanzolco, el parque Melchor Ocampo, la Ayudant\u00eda de Ocotepec, la calle Jard\u00edn Ju\u00e1rez, el Centro Hist\u00f3rico, el Museo Regional de los Pueblos de Morelos, Palacio de Cort\u00e9s y la explanada del Palacio de Cort\u00e9s, donde el festival tendr\u00e1 su gran cierre.<\/p>\n<p>\u201cSe tiene una cartelera y programa muy diverso que va a dar gusto a peque\u00f1os, grandes, j\u00f3venes y a las familias completas; vamos a abarcar diferentes g\u00e9neros para que podamos tener en la ciudad una oferta cultural incluyente para todas y todos\u201d, expres\u00f3.<\/p>\n<p>Por su lado, el director del Instituto de Cultura de Cuernavaca, Juan Contreras de Oteyza, dio a conocer la cartelera oficial que iniciar\u00e1 con una callejoneada de estudiantinas y tunas a las 17:00 horas, saliendo frente a Catedral rumbo al kiosko; el concierto de Jazz \u201cSWINGING POP\u201d que se realizar\u00e1 el mi\u00e9rcoles 26 de julio en el Centro Cultural Teopanzolco y para el cual estar\u00e1n regalando boletos.<\/p>\n<p>Asimismo, el jueves 27 de julio llevar\u00e1n a cabo un recorrido de leyendas saliendo de calle Maestro Jorge C\u00e1zares Campos a las 19:30 horas, el viernes 28 de julio se tendr\u00e1 el conversatorio \u201cCuernavaca, la Eterna Primavera\u201d a cargo del Consejo de Cronistas de Cuernavaca a las 16:00 horas en la Sala Juan Dubernard del Museo Regional de los Pueblos de Morelos, Palacio de Cort\u00e9s; el s\u00e1bado 29 de julio en el parque Melchor Ocampo tendr\u00e1 verificativo el Bamboo Fest \u201cK-POP\u201d desde las 10:00 horas.<\/p>\n<p>En su gran cierre, el domingo 30 de julio a las 17:00 horas se presentar\u00e1 la Banda de Tlacayapan, Parrandero de San Pancho a las 18:30 horas y se har\u00e1 la proyecci\u00f3n del video mapping \u201cAmate\u201d del proyecto Altazor y artistas invitados a las 20:30 horas en la explanada del Palacio de Cort\u00e9s.<\/p>\n<p>Contreras de Oteyza puntualiz\u00f3 que lo largo de todo el festival las salas de exhibici\u00f3n del Museo de la Ciudad de Cuernavaca estar\u00e1n abiertas para todo el p\u00fablico, contando actualmente con una serie de exposiciones para todos los gustos y donde artistas locales y nacionales demuestran su talento.<\/p>\n<p>La cartelera completa del Segundo Festival Cultural de Verano Cuernavaca 2023 se podr\u00e1 consultar y descargar en la p\u00e1gina www.cuernavaca.gob.mx, as\u00ed como en las redes sociales oficiales del Municipio de Cuernavaca, de la Secretar\u00eda de Desarrollo Humano y Participaci\u00f3n Social, y del Instituto de Cultura de Cuernavaca- MUCIC.<\/p>\n<p>&nbsp;<\/p>\n<p><img loading=\"lazy\" class=\"alignnone size-medium wp-image-30620\" src=\"https:\/\/cuernavaca.gob.mx\/wp-content\/uploads\/2023\/07\/SEGUNDO-FESTIVAL-CULTURAL-DE-VERANO-CUERNAVACA-2023-1-300x200.jpg\" alt=\"\" width=\"300\" height=\"200\" srcset=\"https:\/\/cuernavaca.gob.mx\/wp-content\/uploads\/2023\/07\/SEGUNDO-FESTIVAL-CULTURAL-DE-VERANO-CUERNAVACA-2023-1-300x200.jpg 300w, https:\/\/cuernavaca.gob.mx\/wp-content\/uploads\/2023\/07\/SEGUNDO-FESTIVAL-CULTURAL-DE-VERANO-CUERNAVACA-2023-1-1024x682.jpg 1024w, https:\/\/cuernavaca.gob.mx\/wp-content\/uploads\/2023\/07\/SEGUNDO-FESTIVAL-CULTURAL-DE-VERANO-CUERNAVACA-2023-1-768x512.jpg 768w, https:\/\/cuernavaca.gob.mx\/wp-content\/uploads\/2023\/07\/SEGUNDO-FESTIVAL-CULTURAL-DE-VERANO-CUERNAVACA-2023-1-600x400.jpg 600w, https:\/\/cuernavaca.gob.mx\/wp-content\/uploads\/2023\/07\/SEGUNDO-FESTIVAL-CULTURAL-DE-VERANO-CUERNAVACA-2023-1-560x373.jpg 560w, https:\/\/cuernavaca.gob.mx\/wp-content\/uploads\/2023\/07\/SEGUNDO-FESTIVAL-CULTURAL-DE-VERANO-CUERNAVACA-2023-1.jpg 1280w\" sizes=\"(max-width: 300px) 100vw, 300px\" \/> <img loading=\"lazy\" class=\"alignnone size-medium wp-image-30621\" src=\"https:\/\/cuernavaca.gob.mx\/wp-content\/uploads\/2023\/07\/SEGUNDO-FESTIVAL-CULTURAL-DE-VERANO-CUERNAVACA-2023-2-300x200.jpg\" alt=\"\" width=\"300\" height=\"200\" srcset=\"https:\/\/cuernavaca.gob.mx\/wp-content\/uploads\/2023\/07\/SEGUNDO-FESTIVAL-CULTURAL-DE-VERANO-CUERNAVACA-2023-2-300x200.jpg 300w, https:\/\/cuernavaca.gob.mx\/wp-content\/uploads\/2023\/07\/SEGUNDO-FESTIVAL-CULTURAL-DE-VERANO-CUERNAVACA-2023-2-1024x682.jpg 1024w, https:\/\/cuernavaca.gob.mx\/wp-content\/uploads\/2023\/07\/SEGUNDO-FESTIVAL-CULTURAL-DE-VERANO-CUERNAVACA-2023-2-768x512.jpg 768w, https:\/\/cuernavaca.gob.mx\/wp-content\/uploads\/2023\/07\/SEGUNDO-FESTIVAL-CULTURAL-DE-VERANO-CUERNAVACA-2023-2-600x400.jpg 600w, https:\/\/cuernavaca.gob.mx\/wp-content\/uploads\/2023\/07\/SEGUNDO-FESTIVAL-CULTURAL-DE-VERANO-CUERNAVACA-2023-2-560x373.jpg 560w, https:\/\/cuernavaca.gob.mx\/wp-content\/uploads\/2023\/07\/SEGUNDO-FESTIVAL-CULTURAL-DE-VERANO-CUERNAVACA-2023-2.jpg 1280w\" sizes=\"(max-width: 300px) 100vw, 300px\" \/> <img loading=\"lazy\" class=\"alignnone size-medium wp-image-30622\" src=\"https:\/\/cuernavaca.gob.mx\/wp-content\/uploads\/2023\/07\/SEGUNDO-FESTIVAL-CULTURAL-DE-VERANO-CUERNAVACA-2023-3-300x200.jpg\" alt=\"\" width=\"300\" height=\"200\" srcset=\"https:\/\/cuernavaca.gob.mx\/wp-content\/uploads\/2023\/07\/SEGUNDO-FESTIVAL-CULTURAL-DE-VERANO-CUERNAVACA-2023-3-300x200.jpg 300w, https:\/\/cuernavaca.gob.mx\/wp-content\/uploads\/2023\/07\/SEGUNDO-FESTIVAL-CULTURAL-DE-VERANO-CUERNAVACA-2023-3-1024x682.jpg 1024w, https:\/\/cuernavaca.gob.mx\/wp-content\/uploads\/2023\/07\/SEGUNDO-FESTIVAL-CULTURAL-DE-VERANO-CUERNAVACA-2023-3-768x512.jpg 768w, https:\/\/cuernavaca.gob.mx\/wp-content\/uploads\/2023\/07\/SEGUNDO-FESTIVAL-CULTURAL-DE-VERANO-CUERNAVACA-2023-3-600x400.jpg 600w, https:\/\/cuernavaca.gob.mx\/wp-content\/uploads\/2023\/07\/SEGUNDO-FESTIVAL-CULTURAL-DE-VERANO-CUERNAVACA-2023-3-560x373.jpg 560w, https:\/\/cuernavaca.gob.mx\/wp-content\/uploads\/2023\/07\/SEGUNDO-FESTIVAL-CULTURAL-DE-VERANO-CUERNAVACA-2023-3.jpg 1280w\" sizes=\"(max-width: 300px) 100vw, 300px\" \/> <img loading=\"lazy\" class=\"alignnone size-medium wp-image-30623\" src=\"https:\/\/cuernavaca.gob.mx\/wp-content\/uploads\/2023\/07\/SEGUNDO-FESTIVAL-CULTURAL-DE-VERANO-CUERNAVACA-2023-4-300x200.jpg\" alt=\"\" width=\"300\" height=\"200\" srcset=\"https:\/\/cuernavaca.gob.mx\/wp-content\/uploads\/2023\/07\/SEGUNDO-FESTIVAL-CULTURAL-DE-VERANO-CUERNAVACA-2023-4-300x200.jpg 300w, https:\/\/cuernavaca.gob.mx\/wp-content\/uploads\/2023\/07\/SEGUNDO-FESTIVAL-CULTURAL-DE-VERANO-CUERNAVACA-2023-4-1024x682.jpg 1024w, https:\/\/cuernavaca.gob.mx\/wp-content\/uploads\/2023\/07\/SEGUNDO-FESTIVAL-CULTURAL-DE-VERANO-CUERNAVACA-2023-4-768x512.jpg 768w, https:\/\/cuernavaca.gob.mx\/wp-content\/uploads\/2023\/07\/SEGUNDO-FESTIVAL-CULTURAL-DE-VERANO-CUERNAVACA-2023-4-600x400.jpg 600w, https:\/\/cuernavaca.gob.mx\/wp-content\/uploads\/2023\/07\/SEGUNDO-FESTIVAL-CULTURAL-DE-VERANO-CUERNAVACA-2023-4-560x373.jpg 560w, https:\/\/cuernavaca.gob.mx\/wp-content\/uploads\/2023\/07\/SEGUNDO-FESTIVAL-CULTURAL-DE-VERANO-CUERNAVACA-2023-4.jpg 1280w\" sizes=\"(max-width: 300px) 100vw, 300px\" \/> <img loading=\"lazy\" class=\"alignnone size-medium wp-image-30624\" src=\"https:\/\/cuernavaca.gob.mx\/wp-content\/uploads\/2023\/07\/SEGUNDO-FESTIVAL-CULTURAL-DE-VERANO-CUERNAVACA-2023-5-300x200.jpg\" alt=\"\" width=\"300\" height=\"200\" srcset=\"https:\/\/cuernavaca.gob.mx\/wp-content\/uploads\/2023\/07\/SEGUNDO-FESTIVAL-CULTURAL-DE-VERANO-CUERNAVACA-2023-5-300x200.jpg 300w, https:\/\/cuernavaca.gob.mx\/wp-content\/uploads\/2023\/07\/SEGUNDO-FESTIVAL-CULTURAL-DE-VERANO-CUERNAVACA-2023-5-1024x682.jpg 1024w, https:\/\/cuernavaca.gob.mx\/wp-content\/uploads\/2023\/07\/SEGUNDO-FESTIVAL-CULTURAL-DE-VERANO-CUERNAVACA-2023-5-768x512.jpg 768w, https:\/\/cuernavaca.gob.mx\/wp-content\/uploads\/2023\/07\/SEGUNDO-FESTIVAL-CULTURAL-DE-VERANO-CUERNAVACA-2023-5-600x400.jpg 600w, https:\/\/cuernavaca.gob.mx\/wp-content\/uploads\/2023\/07\/SEGUNDO-FESTIVAL-CULTURAL-DE-VERANO-CUERNAVACA-2023-5-560x373.jpg 560w, https:\/\/cuernavaca.gob.mx\/wp-content\/uploads\/2023\/07\/SEGUNDO-FESTIVAL-CULTURAL-DE-VERANO-CUERNAVACA-2023-5.jpg 1280w\" sizes=\"(max-width: 300px) 100vw, 300px\" \/> <img loading=\"lazy\" class=\"alignnone size-medium wp-image-30625\" src=\"https:\/\/cuernavaca.gob.mx\/wp-content\/uploads\/2023\/07\/SEGUNDO-FESTIVAL-CULTURAL-DE-VERANO-CUERNAVACA-2023-6-300x200.jpg\" alt=\"\" width=\"300\" height=\"200\" srcset=\"https:\/\/cuernavaca.gob.mx\/wp-content\/uploads\/2023\/07\/SEGUNDO-FESTIVAL-CULTURAL-DE-VERANO-CUERNAVACA-2023-6-300x200.jpg 300w, https:\/\/cuernavaca.gob.mx\/wp-content\/uploads\/2023\/07\/SEGUNDO-FESTIVAL-CULTURAL-DE-VERANO-CUERNAVACA-2023-6-1024x682.jpg 1024w, https:\/\/cuernavaca.gob.mx\/wp-content\/uploads\/2023\/07\/SEGUNDO-FESTIVAL-CULTURAL-DE-VERANO-CUERNAVACA-2023-6-768x512.jpg 768w, https:\/\/cuernavaca.gob.mx\/wp-content\/uploads\/2023\/07\/SEGUNDO-FESTIVAL-CULTURAL-DE-VERANO-CUERNAVACA-2023-6-600x400.jpg 600w, https:\/\/cuernavaca.gob.mx\/wp-content\/uploads\/2023\/07\/SEGUNDO-FESTIVAL-CULTURAL-DE-VERANO-CUERNAVACA-2023-6-560x373.jpg 560w, https:\/\/cuernavaca.gob.mx\/wp-content\/uploads\/2023\/07\/SEGUNDO-FESTIVAL-CULTURAL-DE-VERANO-CUERNAVACA-2023-6.jpg 1280w\" sizes=\"(max-width: 300px) 100vw, 300px\" \/><\/p>\n","protected":false},"excerpt":{"rendered":"<p>\u2022 Se ocupar\u00e1n espacios p\u00fablicos del 22 al 30 de julio en ocho sedes del municipio con eventos de teatro, danza, conciertos, pl\u00e1ticas, callejoneadas, Bamboo Fest \u201cK-POP\u201d y m\u00fasica folcl\u00f3rica \u2022 Despu\u00e9s de m\u00e1s de 6 a\u00f1os se presentar\u00e1 una proyecci\u00f3n de video mapping en la fachada del Palacio de Cort\u00e9s en coordinaci\u00f3n con el [&hellip;]<\/p>\n","protected":false},"author":1,"featured_media":30624,"comment_status":"closed","ping_status":"open","sticky":false,"template":"","format":"standard","meta":[],"categories":[2292],"tags":[3154,121,190,1922,2565,1923,2337,1882,120,206,3217,2967],"aioseo_notices":[],"_links":{"self":[{"href":"https:\/\/cuernavaca.gob.mx\/index.php?rest_route=\/wp\/v2\/posts\/30619"}],"collection":[{"href":"https:\/\/cuernavaca.gob.mx\/index.php?rest_route=\/wp\/v2\/posts"}],"about":[{"href":"https:\/\/cuernavaca.gob.mx\/index.php?rest_route=\/wp\/v2\/types\/post"}],"author":[{"embeddable":true,"href":"https:\/\/cuernavaca.gob.mx\/index.php?rest_route=\/wp\/v2\/users\/1"}],"replies":[{"embeddable":true,"href":"https:\/\/cuernavaca.gob.mx\/index.php?rest_route=%2Fwp%2Fv2%2Fcomments&post=30619"}],"version-history":[{"count":1,"href":"https:\/\/cuernavaca.gob.mx\/index.php?rest_route=\/wp\/v2\/posts\/30619\/revisions"}],"predecessor-version":[{"id":30626,"href":"https:\/\/cuernavaca.gob.mx\/index.php?rest_route=\/wp\/v2\/posts\/30619\/revisions\/30626"}],"wp:featuredmedia":[{"embeddable":true,"href":"https:\/\/cuernavaca.gob.mx\/index.php?rest_route=\/wp\/v2\/media\/30624"}],"wp:attachment":[{"href":"https:\/\/cuernavaca.gob.mx\/index.php?rest_route=%2Fwp%2Fv2%2Fmedia&parent=30619"}],"wp:term":[{"taxonomy":"category","embeddable":true,"href":"https:\/\/cuernavaca.gob.mx\/index.php?rest_route=%2Fwp%2Fv2%2Fcategories&post=30619"},{"taxonomy":"post_tag","embeddable":true,"href":"https:\/\/cuernavaca.gob.mx\/index.php?rest_route=%2Fwp%2Fv2%2Ftags&post=30619"}],"curies":[{"name":"wp","href":"https:\/\/api.w.org\/{rel}","templated":true}]}}