{"id":30629,"date":"2023-07-20T15:15:37","date_gmt":"2023-07-20T21:15:37","guid":{"rendered":"https:\/\/cuernavaca.gob.mx\/?p=30629"},"modified":"2025-05-06T14:05:51","modified_gmt":"2025-05-06T20:05:51","slug":"b1147-20-07-23-cuernavaca-ejemplo-estatal-al-contar-con-espacios-publicos-cardioprotegidos-con-desfibriladores-para-la-atencion-de-trabajadores-y-poblacion-en-general","status":"publish","type":"post","link":"https:\/\/cuernavaca.gob.mx\/?p=30629","title":{"rendered":"B1147 20\/07\/23 CUERNAVACA EJEMPLO ESTATAL AL CONTAR CON ESPACIOS P\u00daBLICOS CARDIOPROTEGIDOS CON DESFIBRILADORES PARA LA ATENCI\u00d3N DE TRABAJADORES Y POBLACI\u00d3N EN GENERAL"},"content":{"rendered":"<p>CUERNAVACA EJEMPLO NACIONAL AL CONTAR CON ESPACIOS P\u00daBLICOS CARDIOPROTEGIDOS CON DESFIBRILADORES PARA LA ATENCI\u00d3N DE TRABAJADORES Y POBLACI\u00d3N EN GENERAL<\/p>\n<p>\u2022 El presidente municipal de Cuernavaca, Jos\u00e9 Luis Uri\u00f3stegui encabez\u00f3 la entrega de estos aparatos acompa\u00f1ado de los promoventes de esta iniciativa, la diputada Andrea Gordillo y el doctor David Mart\u00ednez Duncker<\/p>\n<p>\u2022 Fueron colocados en las instalaciones del Sistema Municipal DIF Cuernavaca, de la Casa de D\u00eda al interior del Parque Tlaltenango, en Tesorer\u00eda y la sede Papagayo del Ayuntamiento<\/p>\n<p>Tal y como se hab\u00eda anunciado, Cuernavaca se posiciona como el primer municipio a nivel estatal en ser un espacio cardioprotegido con la instalaci\u00f3n de desfibriladores externos autom\u00e1ticos (DEA) en distintas dependencias del Gobierno Municipal, donde el flujo de personas es alto, a fin de salvar vidas dando cumplimiento a la Ley de Espacios Cardioprotegidos en el estado.<\/p>\n<p>En gira de trabajo, el presidente municipal de Cuernavaca, Jos\u00e9 Luis Uri\u00f3stegui Salgado encabez\u00f3 la entrega de estos aparatos acompa\u00f1ado de los promoventes de esta iniciativa, la diputada local, Andrea Gordillo Vega y el doctor David Mart\u00ednez Duncker, los cuales fueron colocados en las instalaciones del Sistema Municipal DIF Cuernavaca, de la Casa de D\u00eda al interior del Parque Tlaltenango, en Tesorer\u00eda y la sede Papagayo del Ayuntamiento, en donde se cuenta con brigadas previamente capacitadas.<\/p>\n<p>En presencia de Luz Mar\u00eda Zagal Guzm\u00e1n, presidenta del Sistema Municipal DIF Cuernavaca, as\u00ed como de integrantes del Cabildo y Gabinete, el alcalde puntualiz\u00f3 que contar con un equipo en esta materia era ya necesario desde hace tiempo m\u00e1s all\u00e1 de una aprobaci\u00f3n de la ley que ahora los obliga y que ser\u00e1 de beneficio para la poblaci\u00f3n en general, ya que en caso de alguna emergencia podr\u00e1n solicitar su uso y apoyo de los brigadistas capacitados, quienes est\u00e1n listos para salvar una vida cuando presencien un evento de muerte s\u00fabita de origen card\u00edaco.<\/p>\n<p>Reconoci\u00f3 el apoyo recibido por parte de la diputada Andrea Gordillo Vega, quien les don\u00f3 dos equipos para las oficinas municipales que se ubican en el Parque Tlaltenango, donde adem\u00e1s se cuenta con los Institutos de la Mujer, de la Juventud y del Deporte, y en el mercado Adolfo L\u00f3pez Mateos, para el cual fueron capacitados comerciantes y trabajadores del municipio, equipos que se suman al que se encuentra en el Congreso del Estado y pr\u00f3ximamente en Catedral.<\/p>\n<p>\u201cDe tal manera que Cuernavaca se est\u00e1 convirtiendo en un ejemplo de espacios cardioprotegidos y vamos a poder dar atenci\u00f3n inmediata a quienes lo requieren. M\u00e1s all\u00e1 de la obra y servicios p\u00fablicos, de atender el problema del agua, de la seguridad, nos interesa que la salud de las personas tambi\u00e9n sea valorada y atendida de manera preventiva como lo hacemos ahora\u201d, afirm\u00f3.<\/p>\n<p>En este contexto, el cardi\u00f3logo, David Mart\u00ednez Duncker Ram\u00edrez, destac\u00f3 que la relevancia de que los espacios p\u00fablicos y privados en Morelos cuenten con este tipo de aparatos, ya que una de cada cinco personas en el pa\u00eds fallece por problemas del coraz\u00f3n, de los cuales el 80 por ciento es debido a un infarto agudo al miocardio, que es la primera causa de mortalidad en M\u00e9xico desde hace varios a\u00f1os, a excepci\u00f3n del tiempo de pandemia por el Covid-19; se\u00f1alando que de las personas que fallecen por padecimiento en el coraz\u00f3n, el 50 por ciento lo hace de forma s\u00fabita y de ellos la mitad desconoc\u00edan tener un problema cardiaco.<\/p>\n<p>\u201cLo que puede ayudar en los espacios p\u00fablicos y privados es tener un equipo como este, pero tambi\u00e9n necesitamos concientizar a la poblaci\u00f3n de que existe la posibilidad de salvar vidas, de tener la capacitaci\u00f3n para poder utilizar este equipo y llevar a cabo correctamente la cadena de supervivencia\u201d, expres\u00f3.<\/p>\n<p>A su vez, la diputada presidenta de la Comisi\u00f3n de Salud en el Poder Legislativo, Andrea Gordillo Vega, aplaudi\u00f3 que Cuernavaca vuelva a ser pionera y ejemplo a nivel estatal en la prevenci\u00f3n y cuidado de la salud de las y los cuernavacenses a trav\u00e9s de la instalaci\u00f3n de estos desfibriladores externos autom\u00e1ticos en diversas dependencias municipales, lo cual se logr\u00f3 consolidar con el respaldo del presidente municipal, Jos\u00e9 Luis Uri\u00f3stegui Salgado, quien defini\u00f3 donde colocarlos.<\/p>\n<p>Al mostrar este equipo que adquiri\u00f3 con recursos propios el Sistema DIF Cuernavaca, la presidenta Luz Mar\u00eda Zagal Guzm\u00e1n, agradeci\u00f3 la oportunidad de participar en estas acciones, mediante las cuales podr\u00e1n salvar vidas, principalmente al ser una de las \u00e1reas municipales que tienen mayor relaci\u00f3n con grupos vulnerables, por lo que anunci\u00f3 que en pr\u00f3ximos d\u00edas participar\u00e1n en una capacitaci\u00f3n m\u00e1s amplia para tener una pronta y adecuada respuesta.<\/p>\n<p>En representaci\u00f3n del Cabildo, la s\u00edndica municipal, Ver\u00f3nica Atenco P\u00e9rez; las regidoras Mirna Delgado Romero, Wendi Salinas Ruiz y Paz Hern\u00e1ndez Pardo; adem\u00e1s del regidor V\u00edctor Manzo God\u00ednez, manifestaron su respaldo a esta iniciativa, ponderando que el desfibrilador externo autom\u00e1tico que est\u00e1 situado en Tesorer\u00eda fue donado por el mandatario local, lo que no represent\u00f3 una inversi\u00f3n para el municipio.<\/p>\n<p>En el evento estuvieron presentes la secretaria de Desarrollo Humano y Participaci\u00f3n Social, Laura Hern\u00e1ndez Cruz; el tesorero municipal, Javier Arozarena Salazar; el secretario de Administraci\u00f3n, Israel Y\u00fadico Herrera; el director general del IMPLAN, Carlos Hern\u00e1ndez Ad\u00e1n y brigadistas de Tesorer\u00eda como Samuel Ram\u00edrez Moyao, quien agradeci\u00f3 la capacitaci\u00f3n brindada por el t\u00e9cnico en Atenci\u00f3n M\u00e9dica Pre Hospitalaria, Erick Hervey Gonz\u00e1lez Cruz, al considerar que fue de suma importancia para lograr el objetivo, que es salvar vidas.<\/p>\n<p><img loading=\"lazy\" class=\"alignnone size-medium wp-image-30630\" src=\"https:\/\/cuernavaca.gob.mx\/wp-content\/uploads\/2023\/07\/CUERNAVACA-EJEMPLO-ESTATAL-AL-CONTAR-CON-ESPACIOS-PU\u0301BLICOS-CARDIOPROTEGIDOS-CON-DESFIBRILADORES-PARA-LA-ATENCIO\u0301N-DE-TRABAJADORES-Y-POBLACIO\u0301N-EN-GENERAL-1-300x200.jpg\" alt=\"\" width=\"300\" height=\"200\" srcset=\"https:\/\/cuernavaca.gob.mx\/wp-content\/uploads\/2023\/07\/CUERNAVACA-EJEMPLO-ESTATAL-AL-CONTAR-CON-ESPACIOS-PU\u0301BLICOS-CARDIOPROTEGIDOS-CON-DESFIBRILADORES-PARA-LA-ATENCIO\u0301N-DE-TRABAJADORES-Y-POBLACIO\u0301N-EN-GENERAL-1-300x200.jpg 300w, https:\/\/cuernavaca.gob.mx\/wp-content\/uploads\/2023\/07\/CUERNAVACA-EJEMPLO-ESTATAL-AL-CONTAR-CON-ESPACIOS-PU\u0301BLICOS-CARDIOPROTEGIDOS-CON-DESFIBRILADORES-PARA-LA-ATENCIO\u0301N-DE-TRABAJADORES-Y-POBLACIO\u0301N-EN-GENERAL-1-1024x682.jpg 1024w, https:\/\/cuernavaca.gob.mx\/wp-content\/uploads\/2023\/07\/CUERNAVACA-EJEMPLO-ESTATAL-AL-CONTAR-CON-ESPACIOS-PU\u0301BLICOS-CARDIOPROTEGIDOS-CON-DESFIBRILADORES-PARA-LA-ATENCIO\u0301N-DE-TRABAJADORES-Y-POBLACIO\u0301N-EN-GENERAL-1-768x512.jpg 768w, https:\/\/cuernavaca.gob.mx\/wp-content\/uploads\/2023\/07\/CUERNAVACA-EJEMPLO-ESTATAL-AL-CONTAR-CON-ESPACIOS-PU\u0301BLICOS-CARDIOPROTEGIDOS-CON-DESFIBRILADORES-PARA-LA-ATENCIO\u0301N-DE-TRABAJADORES-Y-POBLACIO\u0301N-EN-GENERAL-1-1536x1023.jpg 1536w, https:\/\/cuernavaca.gob.mx\/wp-content\/uploads\/2023\/07\/CUERNAVACA-EJEMPLO-ESTATAL-AL-CONTAR-CON-ESPACIOS-PU\u0301BLICOS-CARDIOPROTEGIDOS-CON-DESFIBRILADORES-PARA-LA-ATENCIO\u0301N-DE-TRABAJADORES-Y-POBLACIO\u0301N-EN-GENERAL-1-600x400.jpg 600w, https:\/\/cuernavaca.gob.mx\/wp-content\/uploads\/2023\/07\/CUERNAVACA-EJEMPLO-ESTATAL-AL-CONTAR-CON-ESPACIOS-PU\u0301BLICOS-CARDIOPROTEGIDOS-CON-DESFIBRILADORES-PARA-LA-ATENCIO\u0301N-DE-TRABAJADORES-Y-POBLACIO\u0301N-EN-GENERAL-1-560x373.jpg 560w, https:\/\/cuernavaca.gob.mx\/wp-content\/uploads\/2023\/07\/CUERNAVACA-EJEMPLO-ESTATAL-AL-CONTAR-CON-ESPACIOS-PU\u0301BLICOS-CARDIOPROTEGIDOS-CON-DESFIBRILADORES-PARA-LA-ATENCIO\u0301N-DE-TRABAJADORES-Y-POBLACIO\u0301N-EN-GENERAL-1.jpg 1600w\" sizes=\"(max-width: 300px) 100vw, 300px\" \/> <img loading=\"lazy\" class=\"alignnone size-medium wp-image-30631\" src=\"https:\/\/cuernavaca.gob.mx\/wp-content\/uploads\/2023\/07\/CUERNAVACA-EJEMPLO-ESTATAL-AL-CONTAR-CON-ESPACIOS-PU\u0301BLICOS-CARDIOPROTEGIDOS-CON-DESFIBRILADORES-PARA-LA-ATENCIO\u0301N-DE-TRABAJADORES-Y-POBLACIO\u0301N-EN-GENERAL-2-300x200.jpg\" alt=\"\" width=\"300\" height=\"200\" srcset=\"https:\/\/cuernavaca.gob.mx\/wp-content\/uploads\/2023\/07\/CUERNAVACA-EJEMPLO-ESTATAL-AL-CONTAR-CON-ESPACIOS-PU\u0301BLICOS-CARDIOPROTEGIDOS-CON-DESFIBRILADORES-PARA-LA-ATENCIO\u0301N-DE-TRABAJADORES-Y-POBLACIO\u0301N-EN-GENERAL-2-300x200.jpg 300w, https:\/\/cuernavaca.gob.mx\/wp-content\/uploads\/2023\/07\/CUERNAVACA-EJEMPLO-ESTATAL-AL-CONTAR-CON-ESPACIOS-PU\u0301BLICOS-CARDIOPROTEGIDOS-CON-DESFIBRILADORES-PARA-LA-ATENCIO\u0301N-DE-TRABAJADORES-Y-POBLACIO\u0301N-EN-GENERAL-2-1024x682.jpg 1024w, https:\/\/cuernavaca.gob.mx\/wp-content\/uploads\/2023\/07\/CUERNAVACA-EJEMPLO-ESTATAL-AL-CONTAR-CON-ESPACIOS-PU\u0301BLICOS-CARDIOPROTEGIDOS-CON-DESFIBRILADORES-PARA-LA-ATENCIO\u0301N-DE-TRABAJADORES-Y-POBLACIO\u0301N-EN-GENERAL-2-768x512.jpg 768w, https:\/\/cuernavaca.gob.mx\/wp-content\/uploads\/2023\/07\/CUERNAVACA-EJEMPLO-ESTATAL-AL-CONTAR-CON-ESPACIOS-PU\u0301BLICOS-CARDIOPROTEGIDOS-CON-DESFIBRILADORES-PARA-LA-ATENCIO\u0301N-DE-TRABAJADORES-Y-POBLACIO\u0301N-EN-GENERAL-2-1536x1023.jpg 1536w, https:\/\/cuernavaca.gob.mx\/wp-content\/uploads\/2023\/07\/CUERNAVACA-EJEMPLO-ESTATAL-AL-CONTAR-CON-ESPACIOS-PU\u0301BLICOS-CARDIOPROTEGIDOS-CON-DESFIBRILADORES-PARA-LA-ATENCIO\u0301N-DE-TRABAJADORES-Y-POBLACIO\u0301N-EN-GENERAL-2-600x400.jpg 600w, https:\/\/cuernavaca.gob.mx\/wp-content\/uploads\/2023\/07\/CUERNAVACA-EJEMPLO-ESTATAL-AL-CONTAR-CON-ESPACIOS-PU\u0301BLICOS-CARDIOPROTEGIDOS-CON-DESFIBRILADORES-PARA-LA-ATENCIO\u0301N-DE-TRABAJADORES-Y-POBLACIO\u0301N-EN-GENERAL-2-560x373.jpg 560w, https:\/\/cuernavaca.gob.mx\/wp-content\/uploads\/2023\/07\/CUERNAVACA-EJEMPLO-ESTATAL-AL-CONTAR-CON-ESPACIOS-PU\u0301BLICOS-CARDIOPROTEGIDOS-CON-DESFIBRILADORES-PARA-LA-ATENCIO\u0301N-DE-TRABAJADORES-Y-POBLACIO\u0301N-EN-GENERAL-2.jpg 1600w\" sizes=\"(max-width: 300px) 100vw, 300px\" \/> <img loading=\"lazy\" class=\"alignnone size-medium wp-image-30632\" src=\"https:\/\/cuernavaca.gob.mx\/wp-content\/uploads\/2023\/07\/CUERNAVACA-EJEMPLO-ESTATAL-AL-CONTAR-CON-ESPACIOS-PU\u0301BLICOS-CARDIOPROTEGIDOS-CON-DESFIBRILADORES-PARA-LA-ATENCIO\u0301N-DE-TRABAJADORES-Y-POBLACIO\u0301N-EN-GENERAL-3-300x200.jpg\" alt=\"\" width=\"300\" height=\"200\" srcset=\"https:\/\/cuernavaca.gob.mx\/wp-content\/uploads\/2023\/07\/CUERNAVACA-EJEMPLO-ESTATAL-AL-CONTAR-CON-ESPACIOS-PU\u0301BLICOS-CARDIOPROTEGIDOS-CON-DESFIBRILADORES-PARA-LA-ATENCIO\u0301N-DE-TRABAJADORES-Y-POBLACIO\u0301N-EN-GENERAL-3-300x200.jpg 300w, https:\/\/cuernavaca.gob.mx\/wp-content\/uploads\/2023\/07\/CUERNAVACA-EJEMPLO-ESTATAL-AL-CONTAR-CON-ESPACIOS-PU\u0301BLICOS-CARDIOPROTEGIDOS-CON-DESFIBRILADORES-PARA-LA-ATENCIO\u0301N-DE-TRABAJADORES-Y-POBLACIO\u0301N-EN-GENERAL-3-1024x682.jpg 1024w, https:\/\/cuernavaca.gob.mx\/wp-content\/uploads\/2023\/07\/CUERNAVACA-EJEMPLO-ESTATAL-AL-CONTAR-CON-ESPACIOS-PU\u0301BLICOS-CARDIOPROTEGIDOS-CON-DESFIBRILADORES-PARA-LA-ATENCIO\u0301N-DE-TRABAJADORES-Y-POBLACIO\u0301N-EN-GENERAL-3-768x512.jpg 768w, https:\/\/cuernavaca.gob.mx\/wp-content\/uploads\/2023\/07\/CUERNAVACA-EJEMPLO-ESTATAL-AL-CONTAR-CON-ESPACIOS-PU\u0301BLICOS-CARDIOPROTEGIDOS-CON-DESFIBRILADORES-PARA-LA-ATENCIO\u0301N-DE-TRABAJADORES-Y-POBLACIO\u0301N-EN-GENERAL-3-1536x1023.jpg 1536w, https:\/\/cuernavaca.gob.mx\/wp-content\/uploads\/2023\/07\/CUERNAVACA-EJEMPLO-ESTATAL-AL-CONTAR-CON-ESPACIOS-PU\u0301BLICOS-CARDIOPROTEGIDOS-CON-DESFIBRILADORES-PARA-LA-ATENCIO\u0301N-DE-TRABAJADORES-Y-POBLACIO\u0301N-EN-GENERAL-3-600x400.jpg 600w, https:\/\/cuernavaca.gob.mx\/wp-content\/uploads\/2023\/07\/CUERNAVACA-EJEMPLO-ESTATAL-AL-CONTAR-CON-ESPACIOS-PU\u0301BLICOS-CARDIOPROTEGIDOS-CON-DESFIBRILADORES-PARA-LA-ATENCIO\u0301N-DE-TRABAJADORES-Y-POBLACIO\u0301N-EN-GENERAL-3-560x373.jpg 560w, https:\/\/cuernavaca.gob.mx\/wp-content\/uploads\/2023\/07\/CUERNAVACA-EJEMPLO-ESTATAL-AL-CONTAR-CON-ESPACIOS-PU\u0301BLICOS-CARDIOPROTEGIDOS-CON-DESFIBRILADORES-PARA-LA-ATENCIO\u0301N-DE-TRABAJADORES-Y-POBLACIO\u0301N-EN-GENERAL-3.jpg 1600w\" sizes=\"(max-width: 300px) 100vw, 300px\" \/> <img loading=\"lazy\" class=\"alignnone size-medium wp-image-30633\" src=\"https:\/\/cuernavaca.gob.mx\/wp-content\/uploads\/2023\/07\/CUERNAVACA-EJEMPLO-ESTATAL-AL-CONTAR-CON-ESPACIOS-PU\u0301BLICOS-CARDIOPROTEGIDOS-CON-DESFIBRILADORES-PARA-LA-ATENCIO\u0301N-DE-TRABAJADORES-Y-POBLACIO\u0301N-EN-GENERAL-4-300x200.jpg\" alt=\"\" width=\"300\" height=\"200\" srcset=\"https:\/\/cuernavaca.gob.mx\/wp-content\/uploads\/2023\/07\/CUERNAVACA-EJEMPLO-ESTATAL-AL-CONTAR-CON-ESPACIOS-PU\u0301BLICOS-CARDIOPROTEGIDOS-CON-DESFIBRILADORES-PARA-LA-ATENCIO\u0301N-DE-TRABAJADORES-Y-POBLACIO\u0301N-EN-GENERAL-4-300x200.jpg 300w, https:\/\/cuernavaca.gob.mx\/wp-content\/uploads\/2023\/07\/CUERNAVACA-EJEMPLO-ESTATAL-AL-CONTAR-CON-ESPACIOS-PU\u0301BLICOS-CARDIOPROTEGIDOS-CON-DESFIBRILADORES-PARA-LA-ATENCIO\u0301N-DE-TRABAJADORES-Y-POBLACIO\u0301N-EN-GENERAL-4-1024x682.jpg 1024w, https:\/\/cuernavaca.gob.mx\/wp-content\/uploads\/2023\/07\/CUERNAVACA-EJEMPLO-ESTATAL-AL-CONTAR-CON-ESPACIOS-PU\u0301BLICOS-CARDIOPROTEGIDOS-CON-DESFIBRILADORES-PARA-LA-ATENCIO\u0301N-DE-TRABAJADORES-Y-POBLACIO\u0301N-EN-GENERAL-4-768x512.jpg 768w, https:\/\/cuernavaca.gob.mx\/wp-content\/uploads\/2023\/07\/CUERNAVACA-EJEMPLO-ESTATAL-AL-CONTAR-CON-ESPACIOS-PU\u0301BLICOS-CARDIOPROTEGIDOS-CON-DESFIBRILADORES-PARA-LA-ATENCIO\u0301N-DE-TRABAJADORES-Y-POBLACIO\u0301N-EN-GENERAL-4-1536x1023.jpg 1536w, https:\/\/cuernavaca.gob.mx\/wp-content\/uploads\/2023\/07\/CUERNAVACA-EJEMPLO-ESTATAL-AL-CONTAR-CON-ESPACIOS-PU\u0301BLICOS-CARDIOPROTEGIDOS-CON-DESFIBRILADORES-PARA-LA-ATENCIO\u0301N-DE-TRABAJADORES-Y-POBLACIO\u0301N-EN-GENERAL-4-600x400.jpg 600w, https:\/\/cuernavaca.gob.mx\/wp-content\/uploads\/2023\/07\/CUERNAVACA-EJEMPLO-ESTATAL-AL-CONTAR-CON-ESPACIOS-PU\u0301BLICOS-CARDIOPROTEGIDOS-CON-DESFIBRILADORES-PARA-LA-ATENCIO\u0301N-DE-TRABAJADORES-Y-POBLACIO\u0301N-EN-GENERAL-4-560x373.jpg 560w, https:\/\/cuernavaca.gob.mx\/wp-content\/uploads\/2023\/07\/CUERNAVACA-EJEMPLO-ESTATAL-AL-CONTAR-CON-ESPACIOS-PU\u0301BLICOS-CARDIOPROTEGIDOS-CON-DESFIBRILADORES-PARA-LA-ATENCIO\u0301N-DE-TRABAJADORES-Y-POBLACIO\u0301N-EN-GENERAL-4.jpg 1600w\" sizes=\"(max-width: 300px) 100vw, 300px\" \/> <img loading=\"lazy\" class=\"alignnone size-medium wp-image-30634\" src=\"https:\/\/cuernavaca.gob.mx\/wp-content\/uploads\/2023\/07\/CUERNAVACA-EJEMPLO-ESTATAL-AL-CONTAR-CON-ESPACIOS-PU\u0301BLICOS-CARDIOPROTEGIDOS-CON-DESFIBRILADORES-PARA-LA-ATENCIO\u0301N-DE-TRABAJADORES-Y-POBLACIO\u0301N-EN-GENERAL-5-300x200.jpg\" alt=\"\" width=\"300\" height=\"200\" srcset=\"https:\/\/cuernavaca.gob.mx\/wp-content\/uploads\/2023\/07\/CUERNAVACA-EJEMPLO-ESTATAL-AL-CONTAR-CON-ESPACIOS-PU\u0301BLICOS-CARDIOPROTEGIDOS-CON-DESFIBRILADORES-PARA-LA-ATENCIO\u0301N-DE-TRABAJADORES-Y-POBLACIO\u0301N-EN-GENERAL-5-300x200.jpg 300w, https:\/\/cuernavaca.gob.mx\/wp-content\/uploads\/2023\/07\/CUERNAVACA-EJEMPLO-ESTATAL-AL-CONTAR-CON-ESPACIOS-PU\u0301BLICOS-CARDIOPROTEGIDOS-CON-DESFIBRILADORES-PARA-LA-ATENCIO\u0301N-DE-TRABAJADORES-Y-POBLACIO\u0301N-EN-GENERAL-5-1024x682.jpg 1024w, https:\/\/cuernavaca.gob.mx\/wp-content\/uploads\/2023\/07\/CUERNAVACA-EJEMPLO-ESTATAL-AL-CONTAR-CON-ESPACIOS-PU\u0301BLICOS-CARDIOPROTEGIDOS-CON-DESFIBRILADORES-PARA-LA-ATENCIO\u0301N-DE-TRABAJADORES-Y-POBLACIO\u0301N-EN-GENERAL-5-768x512.jpg 768w, https:\/\/cuernavaca.gob.mx\/wp-content\/uploads\/2023\/07\/CUERNAVACA-EJEMPLO-ESTATAL-AL-CONTAR-CON-ESPACIOS-PU\u0301BLICOS-CARDIOPROTEGIDOS-CON-DESFIBRILADORES-PARA-LA-ATENCIO\u0301N-DE-TRABAJADORES-Y-POBLACIO\u0301N-EN-GENERAL-5-1536x1023.jpg 1536w, https:\/\/cuernavaca.gob.mx\/wp-content\/uploads\/2023\/07\/CUERNAVACA-EJEMPLO-ESTATAL-AL-CONTAR-CON-ESPACIOS-PU\u0301BLICOS-CARDIOPROTEGIDOS-CON-DESFIBRILADORES-PARA-LA-ATENCIO\u0301N-DE-TRABAJADORES-Y-POBLACIO\u0301N-EN-GENERAL-5-600x400.jpg 600w, https:\/\/cuernavaca.gob.mx\/wp-content\/uploads\/2023\/07\/CUERNAVACA-EJEMPLO-ESTATAL-AL-CONTAR-CON-ESPACIOS-PU\u0301BLICOS-CARDIOPROTEGIDOS-CON-DESFIBRILADORES-PARA-LA-ATENCIO\u0301N-DE-TRABAJADORES-Y-POBLACIO\u0301N-EN-GENERAL-5-560x373.jpg 560w, https:\/\/cuernavaca.gob.mx\/wp-content\/uploads\/2023\/07\/CUERNAVACA-EJEMPLO-ESTATAL-AL-CONTAR-CON-ESPACIOS-PU\u0301BLICOS-CARDIOPROTEGIDOS-CON-DESFIBRILADORES-PARA-LA-ATENCIO\u0301N-DE-TRABAJADORES-Y-POBLACIO\u0301N-EN-GENERAL-5.jpg 1600w\" sizes=\"(max-width: 300px) 100vw, 300px\" \/> <img loading=\"lazy\" class=\"alignnone size-medium wp-image-30635\" src=\"https:\/\/cuernavaca.gob.mx\/wp-content\/uploads\/2023\/07\/CUERNAVACA-EJEMPLO-ESTATAL-AL-CONTAR-CON-ESPACIOS-PU\u0301BLICOS-CARDIOPROTEGIDOS-CON-DESFIBRILADORES-PARA-LA-ATENCIO\u0301N-DE-TRABAJADORES-Y-POBLACIO\u0301N-EN-GENERAL-6-300x200.jpg\" alt=\"\" width=\"300\" height=\"200\" srcset=\"https:\/\/cuernavaca.gob.mx\/wp-content\/uploads\/2023\/07\/CUERNAVACA-EJEMPLO-ESTATAL-AL-CONTAR-CON-ESPACIOS-PU\u0301BLICOS-CARDIOPROTEGIDOS-CON-DESFIBRILADORES-PARA-LA-ATENCIO\u0301N-DE-TRABAJADORES-Y-POBLACIO\u0301N-EN-GENERAL-6-300x200.jpg 300w, https:\/\/cuernavaca.gob.mx\/wp-content\/uploads\/2023\/07\/CUERNAVACA-EJEMPLO-ESTATAL-AL-CONTAR-CON-ESPACIOS-PU\u0301BLICOS-CARDIOPROTEGIDOS-CON-DESFIBRILADORES-PARA-LA-ATENCIO\u0301N-DE-TRABAJADORES-Y-POBLACIO\u0301N-EN-GENERAL-6-1024x682.jpg 1024w, https:\/\/cuernavaca.gob.mx\/wp-content\/uploads\/2023\/07\/CUERNAVACA-EJEMPLO-ESTATAL-AL-CONTAR-CON-ESPACIOS-PU\u0301BLICOS-CARDIOPROTEGIDOS-CON-DESFIBRILADORES-PARA-LA-ATENCIO\u0301N-DE-TRABAJADORES-Y-POBLACIO\u0301N-EN-GENERAL-6-768x512.jpg 768w, https:\/\/cuernavaca.gob.mx\/wp-content\/uploads\/2023\/07\/CUERNAVACA-EJEMPLO-ESTATAL-AL-CONTAR-CON-ESPACIOS-PU\u0301BLICOS-CARDIOPROTEGIDOS-CON-DESFIBRILADORES-PARA-LA-ATENCIO\u0301N-DE-TRABAJADORES-Y-POBLACIO\u0301N-EN-GENERAL-6-1536x1023.jpg 1536w, https:\/\/cuernavaca.gob.mx\/wp-content\/uploads\/2023\/07\/CUERNAVACA-EJEMPLO-ESTATAL-AL-CONTAR-CON-ESPACIOS-PU\u0301BLICOS-CARDIOPROTEGIDOS-CON-DESFIBRILADORES-PARA-LA-ATENCIO\u0301N-DE-TRABAJADORES-Y-POBLACIO\u0301N-EN-GENERAL-6-600x400.jpg 600w, https:\/\/cuernavaca.gob.mx\/wp-content\/uploads\/2023\/07\/CUERNAVACA-EJEMPLO-ESTATAL-AL-CONTAR-CON-ESPACIOS-PU\u0301BLICOS-CARDIOPROTEGIDOS-CON-DESFIBRILADORES-PARA-LA-ATENCIO\u0301N-DE-TRABAJADORES-Y-POBLACIO\u0301N-EN-GENERAL-6-560x373.jpg 560w, https:\/\/cuernavaca.gob.mx\/wp-content\/uploads\/2023\/07\/CUERNAVACA-EJEMPLO-ESTATAL-AL-CONTAR-CON-ESPACIOS-PU\u0301BLICOS-CARDIOPROTEGIDOS-CON-DESFIBRILADORES-PARA-LA-ATENCIO\u0301N-DE-TRABAJADORES-Y-POBLACIO\u0301N-EN-GENERAL-6.jpg 1600w\" sizes=\"(max-width: 300px) 100vw, 300px\" \/> <img loading=\"lazy\" class=\"alignnone size-medium wp-image-30636\" src=\"https:\/\/cuernavaca.gob.mx\/wp-content\/uploads\/2023\/07\/CUERNAVACA-EJEMPLO-ESTATAL-AL-CONTAR-CON-ESPACIOS-PU\u0301BLICOS-CARDIOPROTEGIDOS-CON-DESFIBRILADORES-PARA-LA-ATENCIO\u0301N-DE-TRABAJADORES-Y-POBLACIO\u0301N-EN-GENERAL-7-300x200.jpg\" alt=\"\" width=\"300\" height=\"200\" srcset=\"https:\/\/cuernavaca.gob.mx\/wp-content\/uploads\/2023\/07\/CUERNAVACA-EJEMPLO-ESTATAL-AL-CONTAR-CON-ESPACIOS-PU\u0301BLICOS-CARDIOPROTEGIDOS-CON-DESFIBRILADORES-PARA-LA-ATENCIO\u0301N-DE-TRABAJADORES-Y-POBLACIO\u0301N-EN-GENERAL-7-300x200.jpg 300w, https:\/\/cuernavaca.gob.mx\/wp-content\/uploads\/2023\/07\/CUERNAVACA-EJEMPLO-ESTATAL-AL-CONTAR-CON-ESPACIOS-PU\u0301BLICOS-CARDIOPROTEGIDOS-CON-DESFIBRILADORES-PARA-LA-ATENCIO\u0301N-DE-TRABAJADORES-Y-POBLACIO\u0301N-EN-GENERAL-7-1024x682.jpg 1024w, https:\/\/cuernavaca.gob.mx\/wp-content\/uploads\/2023\/07\/CUERNAVACA-EJEMPLO-ESTATAL-AL-CONTAR-CON-ESPACIOS-PU\u0301BLICOS-CARDIOPROTEGIDOS-CON-DESFIBRILADORES-PARA-LA-ATENCIO\u0301N-DE-TRABAJADORES-Y-POBLACIO\u0301N-EN-GENERAL-7-768x512.jpg 768w, https:\/\/cuernavaca.gob.mx\/wp-content\/uploads\/2023\/07\/CUERNAVACA-EJEMPLO-ESTATAL-AL-CONTAR-CON-ESPACIOS-PU\u0301BLICOS-CARDIOPROTEGIDOS-CON-DESFIBRILADORES-PARA-LA-ATENCIO\u0301N-DE-TRABAJADORES-Y-POBLACIO\u0301N-EN-GENERAL-7-1536x1023.jpg 1536w, https:\/\/cuernavaca.gob.mx\/wp-content\/uploads\/2023\/07\/CUERNAVACA-EJEMPLO-ESTATAL-AL-CONTAR-CON-ESPACIOS-PU\u0301BLICOS-CARDIOPROTEGIDOS-CON-DESFIBRILADORES-PARA-LA-ATENCIO\u0301N-DE-TRABAJADORES-Y-POBLACIO\u0301N-EN-GENERAL-7-600x400.jpg 600w, https:\/\/cuernavaca.gob.mx\/wp-content\/uploads\/2023\/07\/CUERNAVACA-EJEMPLO-ESTATAL-AL-CONTAR-CON-ESPACIOS-PU\u0301BLICOS-CARDIOPROTEGIDOS-CON-DESFIBRILADORES-PARA-LA-ATENCIO\u0301N-DE-TRABAJADORES-Y-POBLACIO\u0301N-EN-GENERAL-7-560x373.jpg 560w, https:\/\/cuernavaca.gob.mx\/wp-content\/uploads\/2023\/07\/CUERNAVACA-EJEMPLO-ESTATAL-AL-CONTAR-CON-ESPACIOS-PU\u0301BLICOS-CARDIOPROTEGIDOS-CON-DESFIBRILADORES-PARA-LA-ATENCIO\u0301N-DE-TRABAJADORES-Y-POBLACIO\u0301N-EN-GENERAL-7.jpg 1600w\" sizes=\"(max-width: 300px) 100vw, 300px\" \/> <img loading=\"lazy\" class=\"alignnone size-medium wp-image-30637\" src=\"https:\/\/cuernavaca.gob.mx\/wp-content\/uploads\/2023\/07\/CUERNAVACA-EJEMPLO-ESTATAL-AL-CONTAR-CON-ESPACIOS-PU\u0301BLICOS-CARDIOPROTEGIDOS-CON-DESFIBRILADORES-PARA-LA-ATENCIO\u0301N-DE-TRABAJADORES-Y-POBLACIO\u0301N-EN-GENERAL-8-300x200.jpg\" alt=\"\" width=\"300\" height=\"200\" srcset=\"https:\/\/cuernavaca.gob.mx\/wp-content\/uploads\/2023\/07\/CUERNAVACA-EJEMPLO-ESTATAL-AL-CONTAR-CON-ESPACIOS-PU\u0301BLICOS-CARDIOPROTEGIDOS-CON-DESFIBRILADORES-PARA-LA-ATENCIO\u0301N-DE-TRABAJADORES-Y-POBLACIO\u0301N-EN-GENERAL-8-300x200.jpg 300w, https:\/\/cuernavaca.gob.mx\/wp-content\/uploads\/2023\/07\/CUERNAVACA-EJEMPLO-ESTATAL-AL-CONTAR-CON-ESPACIOS-PU\u0301BLICOS-CARDIOPROTEGIDOS-CON-DESFIBRILADORES-PARA-LA-ATENCIO\u0301N-DE-TRABAJADORES-Y-POBLACIO\u0301N-EN-GENERAL-8-1024x682.jpg 1024w, https:\/\/cuernavaca.gob.mx\/wp-content\/uploads\/2023\/07\/CUERNAVACA-EJEMPLO-ESTATAL-AL-CONTAR-CON-ESPACIOS-PU\u0301BLICOS-CARDIOPROTEGIDOS-CON-DESFIBRILADORES-PARA-LA-ATENCIO\u0301N-DE-TRABAJADORES-Y-POBLACIO\u0301N-EN-GENERAL-8-768x512.jpg 768w, https:\/\/cuernavaca.gob.mx\/wp-content\/uploads\/2023\/07\/CUERNAVACA-EJEMPLO-ESTATAL-AL-CONTAR-CON-ESPACIOS-PU\u0301BLICOS-CARDIOPROTEGIDOS-CON-DESFIBRILADORES-PARA-LA-ATENCIO\u0301N-DE-TRABAJADORES-Y-POBLACIO\u0301N-EN-GENERAL-8-1536x1023.jpg 1536w, https:\/\/cuernavaca.gob.mx\/wp-content\/uploads\/2023\/07\/CUERNAVACA-EJEMPLO-ESTATAL-AL-CONTAR-CON-ESPACIOS-PU\u0301BLICOS-CARDIOPROTEGIDOS-CON-DESFIBRILADORES-PARA-LA-ATENCIO\u0301N-DE-TRABAJADORES-Y-POBLACIO\u0301N-EN-GENERAL-8-600x400.jpg 600w, https:\/\/cuernavaca.gob.mx\/wp-content\/uploads\/2023\/07\/CUERNAVACA-EJEMPLO-ESTATAL-AL-CONTAR-CON-ESPACIOS-PU\u0301BLICOS-CARDIOPROTEGIDOS-CON-DESFIBRILADORES-PARA-LA-ATENCIO\u0301N-DE-TRABAJADORES-Y-POBLACIO\u0301N-EN-GENERAL-8-560x373.jpg 560w, https:\/\/cuernavaca.gob.mx\/wp-content\/uploads\/2023\/07\/CUERNAVACA-EJEMPLO-ESTATAL-AL-CONTAR-CON-ESPACIOS-PU\u0301BLICOS-CARDIOPROTEGIDOS-CON-DESFIBRILADORES-PARA-LA-ATENCIO\u0301N-DE-TRABAJADORES-Y-POBLACIO\u0301N-EN-GENERAL-8.jpg 1600w\" sizes=\"(max-width: 300px) 100vw, 300px\" \/> <img loading=\"lazy\" class=\"alignnone size-medium wp-image-30638\" src=\"https:\/\/cuernavaca.gob.mx\/wp-content\/uploads\/2023\/07\/CUERNAVACA-EJEMPLO-ESTATAL-AL-CONTAR-CON-ESPACIOS-PU\u0301BLICOS-CARDIOPROTEGIDOS-CON-DESFIBRILADORES-PARA-LA-ATENCIO\u0301N-DE-TRABAJADORES-Y-POBLACIO\u0301N-EN-GENERAL-9-300x200.jpg\" alt=\"\" width=\"300\" height=\"200\" srcset=\"https:\/\/cuernavaca.gob.mx\/wp-content\/uploads\/2023\/07\/CUERNAVACA-EJEMPLO-ESTATAL-AL-CONTAR-CON-ESPACIOS-PU\u0301BLICOS-CARDIOPROTEGIDOS-CON-DESFIBRILADORES-PARA-LA-ATENCIO\u0301N-DE-TRABAJADORES-Y-POBLACIO\u0301N-EN-GENERAL-9-300x200.jpg 300w, https:\/\/cuernavaca.gob.mx\/wp-content\/uploads\/2023\/07\/CUERNAVACA-EJEMPLO-ESTATAL-AL-CONTAR-CON-ESPACIOS-PU\u0301BLICOS-CARDIOPROTEGIDOS-CON-DESFIBRILADORES-PARA-LA-ATENCIO\u0301N-DE-TRABAJADORES-Y-POBLACIO\u0301N-EN-GENERAL-9-1024x682.jpg 1024w, https:\/\/cuernavaca.gob.mx\/wp-content\/uploads\/2023\/07\/CUERNAVACA-EJEMPLO-ESTATAL-AL-CONTAR-CON-ESPACIOS-PU\u0301BLICOS-CARDIOPROTEGIDOS-CON-DESFIBRILADORES-PARA-LA-ATENCIO\u0301N-DE-TRABAJADORES-Y-POBLACIO\u0301N-EN-GENERAL-9-768x512.jpg 768w, https:\/\/cuernavaca.gob.mx\/wp-content\/uploads\/2023\/07\/CUERNAVACA-EJEMPLO-ESTATAL-AL-CONTAR-CON-ESPACIOS-PU\u0301BLICOS-CARDIOPROTEGIDOS-CON-DESFIBRILADORES-PARA-LA-ATENCIO\u0301N-DE-TRABAJADORES-Y-POBLACIO\u0301N-EN-GENERAL-9-1536x1023.jpg 1536w, https:\/\/cuernavaca.gob.mx\/wp-content\/uploads\/2023\/07\/CUERNAVACA-EJEMPLO-ESTATAL-AL-CONTAR-CON-ESPACIOS-PU\u0301BLICOS-CARDIOPROTEGIDOS-CON-DESFIBRILADORES-PARA-LA-ATENCIO\u0301N-DE-TRABAJADORES-Y-POBLACIO\u0301N-EN-GENERAL-9-600x400.jpg 600w, https:\/\/cuernavaca.gob.mx\/wp-content\/uploads\/2023\/07\/CUERNAVACA-EJEMPLO-ESTATAL-AL-CONTAR-CON-ESPACIOS-PU\u0301BLICOS-CARDIOPROTEGIDOS-CON-DESFIBRILADORES-PARA-LA-ATENCIO\u0301N-DE-TRABAJADORES-Y-POBLACIO\u0301N-EN-GENERAL-9-560x373.jpg 560w, https:\/\/cuernavaca.gob.mx\/wp-content\/uploads\/2023\/07\/CUERNAVACA-EJEMPLO-ESTATAL-AL-CONTAR-CON-ESPACIOS-PU\u0301BLICOS-CARDIOPROTEGIDOS-CON-DESFIBRILADORES-PARA-LA-ATENCIO\u0301N-DE-TRABAJADORES-Y-POBLACIO\u0301N-EN-GENERAL-9.jpg 1600w\" sizes=\"(max-width: 300px) 100vw, 300px\" \/> <img loading=\"lazy\" class=\"alignnone size-medium wp-image-30639\" src=\"https:\/\/cuernavaca.gob.mx\/wp-content\/uploads\/2023\/07\/CUERNAVACA-EJEMPLO-ESTATAL-AL-CONTAR-CON-ESPACIOS-PU\u0301BLICOS-CARDIOPROTEGIDOS-CON-DESFIBRILADORES-PARA-LA-ATENCIO\u0301N-DE-TRABAJADORES-Y-POBLACIO\u0301N-EN-GENERAL-10-300x200.jpg\" alt=\"\" width=\"300\" height=\"200\" srcset=\"https:\/\/cuernavaca.gob.mx\/wp-content\/uploads\/2023\/07\/CUERNAVACA-EJEMPLO-ESTATAL-AL-CONTAR-CON-ESPACIOS-PU\u0301BLICOS-CARDIOPROTEGIDOS-CON-DESFIBRILADORES-PARA-LA-ATENCIO\u0301N-DE-TRABAJADORES-Y-POBLACIO\u0301N-EN-GENERAL-10-300x200.jpg 300w, https:\/\/cuernavaca.gob.mx\/wp-content\/uploads\/2023\/07\/CUERNAVACA-EJEMPLO-ESTATAL-AL-CONTAR-CON-ESPACIOS-PU\u0301BLICOS-CARDIOPROTEGIDOS-CON-DESFIBRILADORES-PARA-LA-ATENCIO\u0301N-DE-TRABAJADORES-Y-POBLACIO\u0301N-EN-GENERAL-10-1024x682.jpg 1024w, https:\/\/cuernavaca.gob.mx\/wp-content\/uploads\/2023\/07\/CUERNAVACA-EJEMPLO-ESTATAL-AL-CONTAR-CON-ESPACIOS-PU\u0301BLICOS-CARDIOPROTEGIDOS-CON-DESFIBRILADORES-PARA-LA-ATENCIO\u0301N-DE-TRABAJADORES-Y-POBLACIO\u0301N-EN-GENERAL-10-768x512.jpg 768w, https:\/\/cuernavaca.gob.mx\/wp-content\/uploads\/2023\/07\/CUERNAVACA-EJEMPLO-ESTATAL-AL-CONTAR-CON-ESPACIOS-PU\u0301BLICOS-CARDIOPROTEGIDOS-CON-DESFIBRILADORES-PARA-LA-ATENCIO\u0301N-DE-TRABAJADORES-Y-POBLACIO\u0301N-EN-GENERAL-10-1536x1023.jpg 1536w, https:\/\/cuernavaca.gob.mx\/wp-content\/uploads\/2023\/07\/CUERNAVACA-EJEMPLO-ESTATAL-AL-CONTAR-CON-ESPACIOS-PU\u0301BLICOS-CARDIOPROTEGIDOS-CON-DESFIBRILADORES-PARA-LA-ATENCIO\u0301N-DE-TRABAJADORES-Y-POBLACIO\u0301N-EN-GENERAL-10-600x400.jpg 600w, https:\/\/cuernavaca.gob.mx\/wp-content\/uploads\/2023\/07\/CUERNAVACA-EJEMPLO-ESTATAL-AL-CONTAR-CON-ESPACIOS-PU\u0301BLICOS-CARDIOPROTEGIDOS-CON-DESFIBRILADORES-PARA-LA-ATENCIO\u0301N-DE-TRABAJADORES-Y-POBLACIO\u0301N-EN-GENERAL-10-560x373.jpg 560w, https:\/\/cuernavaca.gob.mx\/wp-content\/uploads\/2023\/07\/CUERNAVACA-EJEMPLO-ESTATAL-AL-CONTAR-CON-ESPACIOS-PU\u0301BLICOS-CARDIOPROTEGIDOS-CON-DESFIBRILADORES-PARA-LA-ATENCIO\u0301N-DE-TRABAJADORES-Y-POBLACIO\u0301N-EN-GENERAL-10.jpg 1600w\" sizes=\"(max-width: 300px) 100vw, 300px\" \/> <img loading=\"lazy\" class=\"alignnone size-medium wp-image-30640\" src=\"https:\/\/cuernavaca.gob.mx\/wp-content\/uploads\/2023\/07\/CUERNAVACA-EJEMPLO-ESTATAL-AL-CONTAR-CON-ESPACIOS-PU\u0301BLICOS-CARDIOPROTEGIDOS-CON-DESFIBRILADORES-PARA-LA-ATENCIO\u0301N-DE-TRABAJADORES-Y-POBLACIO\u0301N-EN-GENERAL-11-300x200.jpg\" alt=\"\" width=\"300\" height=\"200\" srcset=\"https:\/\/cuernavaca.gob.mx\/wp-content\/uploads\/2023\/07\/CUERNAVACA-EJEMPLO-ESTATAL-AL-CONTAR-CON-ESPACIOS-PU\u0301BLICOS-CARDIOPROTEGIDOS-CON-DESFIBRILADORES-PARA-LA-ATENCIO\u0301N-DE-TRABAJADORES-Y-POBLACIO\u0301N-EN-GENERAL-11-300x200.jpg 300w, https:\/\/cuernavaca.gob.mx\/wp-content\/uploads\/2023\/07\/CUERNAVACA-EJEMPLO-ESTATAL-AL-CONTAR-CON-ESPACIOS-PU\u0301BLICOS-CARDIOPROTEGIDOS-CON-DESFIBRILADORES-PARA-LA-ATENCIO\u0301N-DE-TRABAJADORES-Y-POBLACIO\u0301N-EN-GENERAL-11-1024x682.jpg 1024w, https:\/\/cuernavaca.gob.mx\/wp-content\/uploads\/2023\/07\/CUERNAVACA-EJEMPLO-ESTATAL-AL-CONTAR-CON-ESPACIOS-PU\u0301BLICOS-CARDIOPROTEGIDOS-CON-DESFIBRILADORES-PARA-LA-ATENCIO\u0301N-DE-TRABAJADORES-Y-POBLACIO\u0301N-EN-GENERAL-11-768x512.jpg 768w, https:\/\/cuernavaca.gob.mx\/wp-content\/uploads\/2023\/07\/CUERNAVACA-EJEMPLO-ESTATAL-AL-CONTAR-CON-ESPACIOS-PU\u0301BLICOS-CARDIOPROTEGIDOS-CON-DESFIBRILADORES-PARA-LA-ATENCIO\u0301N-DE-TRABAJADORES-Y-POBLACIO\u0301N-EN-GENERAL-11-1536x1023.jpg 1536w, https:\/\/cuernavaca.gob.mx\/wp-content\/uploads\/2023\/07\/CUERNAVACA-EJEMPLO-ESTATAL-AL-CONTAR-CON-ESPACIOS-PU\u0301BLICOS-CARDIOPROTEGIDOS-CON-DESFIBRILADORES-PARA-LA-ATENCIO\u0301N-DE-TRABAJADORES-Y-POBLACIO\u0301N-EN-GENERAL-11-600x400.jpg 600w, https:\/\/cuernavaca.gob.mx\/wp-content\/uploads\/2023\/07\/CUERNAVACA-EJEMPLO-ESTATAL-AL-CONTAR-CON-ESPACIOS-PU\u0301BLICOS-CARDIOPROTEGIDOS-CON-DESFIBRILADORES-PARA-LA-ATENCIO\u0301N-DE-TRABAJADORES-Y-POBLACIO\u0301N-EN-GENERAL-11-560x373.jpg 560w, https:\/\/cuernavaca.gob.mx\/wp-content\/uploads\/2023\/07\/CUERNAVACA-EJEMPLO-ESTATAL-AL-CONTAR-CON-ESPACIOS-PU\u0301BLICOS-CARDIOPROTEGIDOS-CON-DESFIBRILADORES-PARA-LA-ATENCIO\u0301N-DE-TRABAJADORES-Y-POBLACIO\u0301N-EN-GENERAL-11.jpg 1600w\" sizes=\"(max-width: 300px) 100vw, 300px\" \/> <img loading=\"lazy\" class=\"alignnone size-medium wp-image-30641\" src=\"https:\/\/cuernavaca.gob.mx\/wp-content\/uploads\/2023\/07\/CUERNAVACA-EJEMPLO-ESTATAL-AL-CONTAR-CON-ESPACIOS-PU\u0301BLICOS-CARDIOPROTEGIDOS-CON-DESFIBRILADORES-PARA-LA-ATENCIO\u0301N-DE-TRABAJADORES-Y-POBLACIO\u0301N-EN-GENERAL-12-300x200.jpg\" alt=\"\" width=\"300\" height=\"200\" srcset=\"https:\/\/cuernavaca.gob.mx\/wp-content\/uploads\/2023\/07\/CUERNAVACA-EJEMPLO-ESTATAL-AL-CONTAR-CON-ESPACIOS-PU\u0301BLICOS-CARDIOPROTEGIDOS-CON-DESFIBRILADORES-PARA-LA-ATENCIO\u0301N-DE-TRABAJADORES-Y-POBLACIO\u0301N-EN-GENERAL-12-300x200.jpg 300w, https:\/\/cuernavaca.gob.mx\/wp-content\/uploads\/2023\/07\/CUERNAVACA-EJEMPLO-ESTATAL-AL-CONTAR-CON-ESPACIOS-PU\u0301BLICOS-CARDIOPROTEGIDOS-CON-DESFIBRILADORES-PARA-LA-ATENCIO\u0301N-DE-TRABAJADORES-Y-POBLACIO\u0301N-EN-GENERAL-12-1024x682.jpg 1024w, https:\/\/cuernavaca.gob.mx\/wp-content\/uploads\/2023\/07\/CUERNAVACA-EJEMPLO-ESTATAL-AL-CONTAR-CON-ESPACIOS-PU\u0301BLICOS-CARDIOPROTEGIDOS-CON-DESFIBRILADORES-PARA-LA-ATENCIO\u0301N-DE-TRABAJADORES-Y-POBLACIO\u0301N-EN-GENERAL-12-768x512.jpg 768w, https:\/\/cuernavaca.gob.mx\/wp-content\/uploads\/2023\/07\/CUERNAVACA-EJEMPLO-ESTATAL-AL-CONTAR-CON-ESPACIOS-PU\u0301BLICOS-CARDIOPROTEGIDOS-CON-DESFIBRILADORES-PARA-LA-ATENCIO\u0301N-DE-TRABAJADORES-Y-POBLACIO\u0301N-EN-GENERAL-12-1536x1023.jpg 1536w, https:\/\/cuernavaca.gob.mx\/wp-content\/uploads\/2023\/07\/CUERNAVACA-EJEMPLO-ESTATAL-AL-CONTAR-CON-ESPACIOS-PU\u0301BLICOS-CARDIOPROTEGIDOS-CON-DESFIBRILADORES-PARA-LA-ATENCIO\u0301N-DE-TRABAJADORES-Y-POBLACIO\u0301N-EN-GENERAL-12-600x400.jpg 600w, https:\/\/cuernavaca.gob.mx\/wp-content\/uploads\/2023\/07\/CUERNAVACA-EJEMPLO-ESTATAL-AL-CONTAR-CON-ESPACIOS-PU\u0301BLICOS-CARDIOPROTEGIDOS-CON-DESFIBRILADORES-PARA-LA-ATENCIO\u0301N-DE-TRABAJADORES-Y-POBLACIO\u0301N-EN-GENERAL-12-560x373.jpg 560w, https:\/\/cuernavaca.gob.mx\/wp-content\/uploads\/2023\/07\/CUERNAVACA-EJEMPLO-ESTATAL-AL-CONTAR-CON-ESPACIOS-PU\u0301BLICOS-CARDIOPROTEGIDOS-CON-DESFIBRILADORES-PARA-LA-ATENCIO\u0301N-DE-TRABAJADORES-Y-POBLACIO\u0301N-EN-GENERAL-12.jpg 1600w\" sizes=\"(max-width: 300px) 100vw, 300px\" \/> <img loading=\"lazy\" class=\"alignnone size-medium wp-image-30642\" src=\"https:\/\/cuernavaca.gob.mx\/wp-content\/uploads\/2023\/07\/CUERNAVACA-EJEMPLO-ESTATAL-AL-CONTAR-CON-ESPACIOS-PU\u0301BLICOS-CARDIOPROTEGIDOS-CON-DESFIBRILADORES-PARA-LA-ATENCIO\u0301N-DE-TRABAJADORES-Y-POBLACIO\u0301N-EN-GENERAL-13-300x200.jpg\" alt=\"\" width=\"300\" height=\"200\" srcset=\"https:\/\/cuernavaca.gob.mx\/wp-content\/uploads\/2023\/07\/CUERNAVACA-EJEMPLO-ESTATAL-AL-CONTAR-CON-ESPACIOS-PU\u0301BLICOS-CARDIOPROTEGIDOS-CON-DESFIBRILADORES-PARA-LA-ATENCIO\u0301N-DE-TRABAJADORES-Y-POBLACIO\u0301N-EN-GENERAL-13-300x200.jpg 300w, https:\/\/cuernavaca.gob.mx\/wp-content\/uploads\/2023\/07\/CUERNAVACA-EJEMPLO-ESTATAL-AL-CONTAR-CON-ESPACIOS-PU\u0301BLICOS-CARDIOPROTEGIDOS-CON-DESFIBRILADORES-PARA-LA-ATENCIO\u0301N-DE-TRABAJADORES-Y-POBLACIO\u0301N-EN-GENERAL-13-1024x682.jpg 1024w, https:\/\/cuernavaca.gob.mx\/wp-content\/uploads\/2023\/07\/CUERNAVACA-EJEMPLO-ESTATAL-AL-CONTAR-CON-ESPACIOS-PU\u0301BLICOS-CARDIOPROTEGIDOS-CON-DESFIBRILADORES-PARA-LA-ATENCIO\u0301N-DE-TRABAJADORES-Y-POBLACIO\u0301N-EN-GENERAL-13-768x512.jpg 768w, https:\/\/cuernavaca.gob.mx\/wp-content\/uploads\/2023\/07\/CUERNAVACA-EJEMPLO-ESTATAL-AL-CONTAR-CON-ESPACIOS-PU\u0301BLICOS-CARDIOPROTEGIDOS-CON-DESFIBRILADORES-PARA-LA-ATENCIO\u0301N-DE-TRABAJADORES-Y-POBLACIO\u0301N-EN-GENERAL-13-1536x1023.jpg 1536w, https:\/\/cuernavaca.gob.mx\/wp-content\/uploads\/2023\/07\/CUERNAVACA-EJEMPLO-ESTATAL-AL-CONTAR-CON-ESPACIOS-PU\u0301BLICOS-CARDIOPROTEGIDOS-CON-DESFIBRILADORES-PARA-LA-ATENCIO\u0301N-DE-TRABAJADORES-Y-POBLACIO\u0301N-EN-GENERAL-13-600x400.jpg 600w, https:\/\/cuernavaca.gob.mx\/wp-content\/uploads\/2023\/07\/CUERNAVACA-EJEMPLO-ESTATAL-AL-CONTAR-CON-ESPACIOS-PU\u0301BLICOS-CARDIOPROTEGIDOS-CON-DESFIBRILADORES-PARA-LA-ATENCIO\u0301N-DE-TRABAJADORES-Y-POBLACIO\u0301N-EN-GENERAL-13-560x373.jpg 560w, https:\/\/cuernavaca.gob.mx\/wp-content\/uploads\/2023\/07\/CUERNAVACA-EJEMPLO-ESTATAL-AL-CONTAR-CON-ESPACIOS-PU\u0301BLICOS-CARDIOPROTEGIDOS-CON-DESFIBRILADORES-PARA-LA-ATENCIO\u0301N-DE-TRABAJADORES-Y-POBLACIO\u0301N-EN-GENERAL-13.jpg 1600w\" sizes=\"(max-width: 300px) 100vw, 300px\" \/> <img loading=\"lazy\" class=\"alignnone size-medium wp-image-30643\" src=\"https:\/\/cuernavaca.gob.mx\/wp-content\/uploads\/2023\/07\/CUERNAVACA-EJEMPLO-ESTATAL-AL-CONTAR-CON-ESPACIOS-PU\u0301BLICOS-CARDIOPROTEGIDOS-CON-DESFIBRILADORES-PARA-LA-ATENCIO\u0301N-DE-TRABAJADORES-Y-POBLACIO\u0301N-EN-GENERAL-14-300x200.jpg\" alt=\"\" width=\"300\" height=\"200\" srcset=\"https:\/\/cuernavaca.gob.mx\/wp-content\/uploads\/2023\/07\/CUERNAVACA-EJEMPLO-ESTATAL-AL-CONTAR-CON-ESPACIOS-PU\u0301BLICOS-CARDIOPROTEGIDOS-CON-DESFIBRILADORES-PARA-LA-ATENCIO\u0301N-DE-TRABAJADORES-Y-POBLACIO\u0301N-EN-GENERAL-14-300x200.jpg 300w, https:\/\/cuernavaca.gob.mx\/wp-content\/uploads\/2023\/07\/CUERNAVACA-EJEMPLO-ESTATAL-AL-CONTAR-CON-ESPACIOS-PU\u0301BLICOS-CARDIOPROTEGIDOS-CON-DESFIBRILADORES-PARA-LA-ATENCIO\u0301N-DE-TRABAJADORES-Y-POBLACIO\u0301N-EN-GENERAL-14-1024x682.jpg 1024w, https:\/\/cuernavaca.gob.mx\/wp-content\/uploads\/2023\/07\/CUERNAVACA-EJEMPLO-ESTATAL-AL-CONTAR-CON-ESPACIOS-PU\u0301BLICOS-CARDIOPROTEGIDOS-CON-DESFIBRILADORES-PARA-LA-ATENCIO\u0301N-DE-TRABAJADORES-Y-POBLACIO\u0301N-EN-GENERAL-14-768x512.jpg 768w, https:\/\/cuernavaca.gob.mx\/wp-content\/uploads\/2023\/07\/CUERNAVACA-EJEMPLO-ESTATAL-AL-CONTAR-CON-ESPACIOS-PU\u0301BLICOS-CARDIOPROTEGIDOS-CON-DESFIBRILADORES-PARA-LA-ATENCIO\u0301N-DE-TRABAJADORES-Y-POBLACIO\u0301N-EN-GENERAL-14-1536x1023.jpg 1536w, https:\/\/cuernavaca.gob.mx\/wp-content\/uploads\/2023\/07\/CUERNAVACA-EJEMPLO-ESTATAL-AL-CONTAR-CON-ESPACIOS-PU\u0301BLICOS-CARDIOPROTEGIDOS-CON-DESFIBRILADORES-PARA-LA-ATENCIO\u0301N-DE-TRABAJADORES-Y-POBLACIO\u0301N-EN-GENERAL-14-600x400.jpg 600w, https:\/\/cuernavaca.gob.mx\/wp-content\/uploads\/2023\/07\/CUERNAVACA-EJEMPLO-ESTATAL-AL-CONTAR-CON-ESPACIOS-PU\u0301BLICOS-CARDIOPROTEGIDOS-CON-DESFIBRILADORES-PARA-LA-ATENCIO\u0301N-DE-TRABAJADORES-Y-POBLACIO\u0301N-EN-GENERAL-14-560x373.jpg 560w, https:\/\/cuernavaca.gob.mx\/wp-content\/uploads\/2023\/07\/CUERNAVACA-EJEMPLO-ESTATAL-AL-CONTAR-CON-ESPACIOS-PU\u0301BLICOS-CARDIOPROTEGIDOS-CON-DESFIBRILADORES-PARA-LA-ATENCIO\u0301N-DE-TRABAJADORES-Y-POBLACIO\u0301N-EN-GENERAL-14.jpg 1600w\" sizes=\"(max-width: 300px) 100vw, 300px\" \/> <img loading=\"lazy\" class=\"alignnone size-medium wp-image-30644\" src=\"https:\/\/cuernavaca.gob.mx\/wp-content\/uploads\/2023\/07\/CUERNAVACA-EJEMPLO-ESTATAL-AL-CONTAR-CON-ESPACIOS-PU\u0301BLICOS-CARDIOPROTEGIDOS-CON-DESFIBRILADORES-PARA-LA-ATENCIO\u0301N-DE-TRABAJADORES-Y-POBLACIO\u0301N-EN-GENERAL-15-300x200.jpg\" alt=\"\" width=\"300\" height=\"200\" srcset=\"https:\/\/cuernavaca.gob.mx\/wp-content\/uploads\/2023\/07\/CUERNAVACA-EJEMPLO-ESTATAL-AL-CONTAR-CON-ESPACIOS-PU\u0301BLICOS-CARDIOPROTEGIDOS-CON-DESFIBRILADORES-PARA-LA-ATENCIO\u0301N-DE-TRABAJADORES-Y-POBLACIO\u0301N-EN-GENERAL-15-300x200.jpg 300w, https:\/\/cuernavaca.gob.mx\/wp-content\/uploads\/2023\/07\/CUERNAVACA-EJEMPLO-ESTATAL-AL-CONTAR-CON-ESPACIOS-PU\u0301BLICOS-CARDIOPROTEGIDOS-CON-DESFIBRILADORES-PARA-LA-ATENCIO\u0301N-DE-TRABAJADORES-Y-POBLACIO\u0301N-EN-GENERAL-15-1024x682.jpg 1024w, https:\/\/cuernavaca.gob.mx\/wp-content\/uploads\/2023\/07\/CUERNAVACA-EJEMPLO-ESTATAL-AL-CONTAR-CON-ESPACIOS-PU\u0301BLICOS-CARDIOPROTEGIDOS-CON-DESFIBRILADORES-PARA-LA-ATENCIO\u0301N-DE-TRABAJADORES-Y-POBLACIO\u0301N-EN-GENERAL-15-768x512.jpg 768w, https:\/\/cuernavaca.gob.mx\/wp-content\/uploads\/2023\/07\/CUERNAVACA-EJEMPLO-ESTATAL-AL-CONTAR-CON-ESPACIOS-PU\u0301BLICOS-CARDIOPROTEGIDOS-CON-DESFIBRILADORES-PARA-LA-ATENCIO\u0301N-DE-TRABAJADORES-Y-POBLACIO\u0301N-EN-GENERAL-15-1536x1023.jpg 1536w, https:\/\/cuernavaca.gob.mx\/wp-content\/uploads\/2023\/07\/CUERNAVACA-EJEMPLO-ESTATAL-AL-CONTAR-CON-ESPACIOS-PU\u0301BLICOS-CARDIOPROTEGIDOS-CON-DESFIBRILADORES-PARA-LA-ATENCIO\u0301N-DE-TRABAJADORES-Y-POBLACIO\u0301N-EN-GENERAL-15-600x400.jpg 600w, https:\/\/cuernavaca.gob.mx\/wp-content\/uploads\/2023\/07\/CUERNAVACA-EJEMPLO-ESTATAL-AL-CONTAR-CON-ESPACIOS-PU\u0301BLICOS-CARDIOPROTEGIDOS-CON-DESFIBRILADORES-PARA-LA-ATENCIO\u0301N-DE-TRABAJADORES-Y-POBLACIO\u0301N-EN-GENERAL-15-560x373.jpg 560w, https:\/\/cuernavaca.gob.mx\/wp-content\/uploads\/2023\/07\/CUERNAVACA-EJEMPLO-ESTATAL-AL-CONTAR-CON-ESPACIOS-PU\u0301BLICOS-CARDIOPROTEGIDOS-CON-DESFIBRILADORES-PARA-LA-ATENCIO\u0301N-DE-TRABAJADORES-Y-POBLACIO\u0301N-EN-GENERAL-15.jpg 1600w\" sizes=\"(max-width: 300px) 100vw, 300px\" \/> <img loading=\"lazy\" class=\"alignnone size-medium wp-image-30645\" src=\"https:\/\/cuernavaca.gob.mx\/wp-content\/uploads\/2023\/07\/CUERNAVACA-EJEMPLO-ESTATAL-AL-CONTAR-CON-ESPACIOS-PU\u0301BLICOS-CARDIOPROTEGIDOS-CON-DESFIBRILADORES-PARA-LA-ATENCIO\u0301N-DE-TRABAJADORES-Y-POBLACIO\u0301N-EN-GENERAL-16-300x200.jpg\" alt=\"\" width=\"300\" height=\"200\" srcset=\"https:\/\/cuernavaca.gob.mx\/wp-content\/uploads\/2023\/07\/CUERNAVACA-EJEMPLO-ESTATAL-AL-CONTAR-CON-ESPACIOS-PU\u0301BLICOS-CARDIOPROTEGIDOS-CON-DESFIBRILADORES-PARA-LA-ATENCIO\u0301N-DE-TRABAJADORES-Y-POBLACIO\u0301N-EN-GENERAL-16-300x200.jpg 300w, https:\/\/cuernavaca.gob.mx\/wp-content\/uploads\/2023\/07\/CUERNAVACA-EJEMPLO-ESTATAL-AL-CONTAR-CON-ESPACIOS-PU\u0301BLICOS-CARDIOPROTEGIDOS-CON-DESFIBRILADORES-PARA-LA-ATENCIO\u0301N-DE-TRABAJADORES-Y-POBLACIO\u0301N-EN-GENERAL-16-1024x682.jpg 1024w, https:\/\/cuernavaca.gob.mx\/wp-content\/uploads\/2023\/07\/CUERNAVACA-EJEMPLO-ESTATAL-AL-CONTAR-CON-ESPACIOS-PU\u0301BLICOS-CARDIOPROTEGIDOS-CON-DESFIBRILADORES-PARA-LA-ATENCIO\u0301N-DE-TRABAJADORES-Y-POBLACIO\u0301N-EN-GENERAL-16-768x512.jpg 768w, https:\/\/cuernavaca.gob.mx\/wp-content\/uploads\/2023\/07\/CUERNAVACA-EJEMPLO-ESTATAL-AL-CONTAR-CON-ESPACIOS-PU\u0301BLICOS-CARDIOPROTEGIDOS-CON-DESFIBRILADORES-PARA-LA-ATENCIO\u0301N-DE-TRABAJADORES-Y-POBLACIO\u0301N-EN-GENERAL-16-1536x1023.jpg 1536w, https:\/\/cuernavaca.gob.mx\/wp-content\/uploads\/2023\/07\/CUERNAVACA-EJEMPLO-ESTATAL-AL-CONTAR-CON-ESPACIOS-PU\u0301BLICOS-CARDIOPROTEGIDOS-CON-DESFIBRILADORES-PARA-LA-ATENCIO\u0301N-DE-TRABAJADORES-Y-POBLACIO\u0301N-EN-GENERAL-16-600x400.jpg 600w, https:\/\/cuernavaca.gob.mx\/wp-content\/uploads\/2023\/07\/CUERNAVACA-EJEMPLO-ESTATAL-AL-CONTAR-CON-ESPACIOS-PU\u0301BLICOS-CARDIOPROTEGIDOS-CON-DESFIBRILADORES-PARA-LA-ATENCIO\u0301N-DE-TRABAJADORES-Y-POBLACIO\u0301N-EN-GENERAL-16-560x373.jpg 560w, https:\/\/cuernavaca.gob.mx\/wp-content\/uploads\/2023\/07\/CUERNAVACA-EJEMPLO-ESTATAL-AL-CONTAR-CON-ESPACIOS-PU\u0301BLICOS-CARDIOPROTEGIDOS-CON-DESFIBRILADORES-PARA-LA-ATENCIO\u0301N-DE-TRABAJADORES-Y-POBLACIO\u0301N-EN-GENERAL-16.jpg 1600w\" sizes=\"(max-width: 300px) 100vw, 300px\" \/> <img loading=\"lazy\" class=\"alignnone size-medium wp-image-30646\" src=\"https:\/\/cuernavaca.gob.mx\/wp-content\/uploads\/2023\/07\/CUERNAVACA-EJEMPLO-ESTATAL-AL-CONTAR-CON-ESPACIOS-PU\u0301BLICOS-CARDIOPROTEGIDOS-CON-DESFIBRILADORES-PARA-LA-ATENCIO\u0301N-DE-TRABAJADORES-Y-POBLACIO\u0301N-EN-GENERAL-17-300x200.jpg\" alt=\"\" width=\"300\" height=\"200\" srcset=\"https:\/\/cuernavaca.gob.mx\/wp-content\/uploads\/2023\/07\/CUERNAVACA-EJEMPLO-ESTATAL-AL-CONTAR-CON-ESPACIOS-PU\u0301BLICOS-CARDIOPROTEGIDOS-CON-DESFIBRILADORES-PARA-LA-ATENCIO\u0301N-DE-TRABAJADORES-Y-POBLACIO\u0301N-EN-GENERAL-17-300x200.jpg 300w, https:\/\/cuernavaca.gob.mx\/wp-content\/uploads\/2023\/07\/CUERNAVACA-EJEMPLO-ESTATAL-AL-CONTAR-CON-ESPACIOS-PU\u0301BLICOS-CARDIOPROTEGIDOS-CON-DESFIBRILADORES-PARA-LA-ATENCIO\u0301N-DE-TRABAJADORES-Y-POBLACIO\u0301N-EN-GENERAL-17-1024x682.jpg 1024w, https:\/\/cuernavaca.gob.mx\/wp-content\/uploads\/2023\/07\/CUERNAVACA-EJEMPLO-ESTATAL-AL-CONTAR-CON-ESPACIOS-PU\u0301BLICOS-CARDIOPROTEGIDOS-CON-DESFIBRILADORES-PARA-LA-ATENCIO\u0301N-DE-TRABAJADORES-Y-POBLACIO\u0301N-EN-GENERAL-17-768x512.jpg 768w, https:\/\/cuernavaca.gob.mx\/wp-content\/uploads\/2023\/07\/CUERNAVACA-EJEMPLO-ESTATAL-AL-CONTAR-CON-ESPACIOS-PU\u0301BLICOS-CARDIOPROTEGIDOS-CON-DESFIBRILADORES-PARA-LA-ATENCIO\u0301N-DE-TRABAJADORES-Y-POBLACIO\u0301N-EN-GENERAL-17-1536x1023.jpg 1536w, https:\/\/cuernavaca.gob.mx\/wp-content\/uploads\/2023\/07\/CUERNAVACA-EJEMPLO-ESTATAL-AL-CONTAR-CON-ESPACIOS-PU\u0301BLICOS-CARDIOPROTEGIDOS-CON-DESFIBRILADORES-PARA-LA-ATENCIO\u0301N-DE-TRABAJADORES-Y-POBLACIO\u0301N-EN-GENERAL-17-600x400.jpg 600w, https:\/\/cuernavaca.gob.mx\/wp-content\/uploads\/2023\/07\/CUERNAVACA-EJEMPLO-ESTATAL-AL-CONTAR-CON-ESPACIOS-PU\u0301BLICOS-CARDIOPROTEGIDOS-CON-DESFIBRILADORES-PARA-LA-ATENCIO\u0301N-DE-TRABAJADORES-Y-POBLACIO\u0301N-EN-GENERAL-17-560x373.jpg 560w, https:\/\/cuernavaca.gob.mx\/wp-content\/uploads\/2023\/07\/CUERNAVACA-EJEMPLO-ESTATAL-AL-CONTAR-CON-ESPACIOS-PU\u0301BLICOS-CARDIOPROTEGIDOS-CON-DESFIBRILADORES-PARA-LA-ATENCIO\u0301N-DE-TRABAJADORES-Y-POBLACIO\u0301N-EN-GENERAL-17.jpg 1600w\" sizes=\"(max-width: 300px) 100vw, 300px\" \/><\/p>\n","protected":false},"excerpt":{"rendered":"<p>CUERNAVACA EJEMPLO NACIONAL AL CONTAR CON ESPACIOS P\u00daBLICOS CARDIOPROTEGIDOS CON DESFIBRILADORES PARA LA ATENCI\u00d3N DE TRABAJADORES Y POBLACI\u00d3N EN GENERAL \u2022 El presidente municipal de Cuernavaca, Jos\u00e9 Luis Uri\u00f3stegui encabez\u00f3 la entrega de estos aparatos acompa\u00f1ado de los promoventes de esta iniciativa, la diputada Andrea Gordillo y el doctor David Mart\u00ednez Duncker \u2022 Fueron colocados [&hellip;]<\/p>\n","protected":false},"author":1,"featured_media":30640,"comment_status":"closed","ping_status":"open","sticky":false,"template":"","format":"standard","meta":[],"categories":[899],"tags":[3185,3218,121,3187,120,206,403,154],"aioseo_notices":[],"_links":{"self":[{"href":"https:\/\/cuernavaca.gob.mx\/index.php?rest_route=\/wp\/v2\/posts\/30629"}],"collection":[{"href":"https:\/\/cuernavaca.gob.mx\/index.php?rest_route=\/wp\/v2\/posts"}],"about":[{"href":"https:\/\/cuernavaca.gob.mx\/index.php?rest_route=\/wp\/v2\/types\/post"}],"author":[{"embeddable":true,"href":"https:\/\/cuernavaca.gob.mx\/index.php?rest_route=\/wp\/v2\/users\/1"}],"replies":[{"embeddable":true,"href":"https:\/\/cuernavaca.gob.mx\/index.php?rest_route=%2Fwp%2Fv2%2Fcomments&post=30629"}],"version-history":[{"count":2,"href":"https:\/\/cuernavaca.gob.mx\/index.php?rest_route=\/wp\/v2\/posts\/30629\/revisions"}],"predecessor-version":[{"id":30648,"href":"https:\/\/cuernavaca.gob.mx\/index.php?rest_route=\/wp\/v2\/posts\/30629\/revisions\/30648"}],"wp:featuredmedia":[{"embeddable":true,"href":"https:\/\/cuernavaca.gob.mx\/index.php?rest_route=\/wp\/v2\/media\/30640"}],"wp:attachment":[{"href":"https:\/\/cuernavaca.gob.mx\/index.php?rest_route=%2Fwp%2Fv2%2Fmedia&parent=30629"}],"wp:term":[{"taxonomy":"category","embeddable":true,"href":"https:\/\/cuernavaca.gob.mx\/index.php?rest_route=%2Fwp%2Fv2%2Fcategories&post=30629"},{"taxonomy":"post_tag","embeddable":true,"href":"https:\/\/cuernavaca.gob.mx\/index.php?rest_route=%2Fwp%2Fv2%2Ftags&post=30629"}],"curies":[{"name":"wp","href":"https:\/\/api.w.org\/{rel}","templated":true}]}}