{"id":30651,"date":"2023-07-20T17:00:01","date_gmt":"2023-07-20T23:00:01","guid":{"rendered":"https:\/\/cuernavaca.gob.mx\/?p=30651"},"modified":"2025-05-06T14:05:51","modified_gmt":"2025-05-06T20:05:51","slug":"b1148-20707-23-convocara-ayuntamiento-de-cuernavaca-a-cabildo-juvenil-2023-en-el-marco-del-dia-internacional-de-la-juventud","status":"publish","type":"post","link":"https:\/\/cuernavaca.gob.mx\/?p=30651","title":{"rendered":"B1148 20707\/23 CONVOCAR\u00c1 AYUNTAMIENTO DE CUERNAVACA A CABILDO JUVENIL 2023 EN EL MARCO DEL D\u00cdA INTERNACIONAL DE LA JUVENTUD"},"content":{"rendered":"<div><strong>\u2022 La iniciativa fue aprobada por Cabildo a propuesta de la regidora Mirna Delgado creando un espacio donde las juventudes puedan participar, opinar y proponer sobre temas de su inter\u00e9s<\/strong><\/div>\n<div><\/div>\n<div><strong>\u2022 El Cabildo Juvenil estar\u00e1 a cargo de la Secretar\u00eda de Desarrollo Humano y Participaci\u00f3n Social, a trav\u00e9s del Instituto de la Juventud de Cuernavaca<\/strong><\/div>\n<div><\/div>\n<div>Con el objetivo de seguir inculcando entre los j\u00f3venes una cultura participativa en la toma de decisiones de la ciudad, el Cabildo de Cuernavaca aprob\u00f3 la emisi\u00f3n de la segunda edici\u00f3n del Cabildo Juvenil 2023, con motivo de la conmemoraci\u00f3n del D\u00eda Internacional de la Juventud, a fin de abonar a la consolidaci\u00f3n de este espacio de expresi\u00f3n que propicia la formaci\u00f3n c\u00edvica de los participantes, as\u00ed como el fomento de su participaci\u00f3n democr\u00e1tica en el municipio, visibilizando su pensar y sentir respecto a las problem\u00e1ticas que aquejan a sus comunidades y nutrirse con sus propuestas de soluci\u00f3n.<\/div>\n<div><\/div>\n<div>El punto de acuerdo fue propuesto por la regidora Mirna Delgado Romero, quien se\u00f1al\u00f3 que en Cuernavaca se requiere un espacio donde las y los adolescentes y j\u00f3venes en pleno uso de sus derechos y obligaciones puedan participar, opinar y proponer sobre temas de su inter\u00e9s, ya sea para evitar alguna afectaci\u00f3n generada o para buscar mecanismos de oportunidad que mejoren su calidad de vida y con ello, lograr el mejoramiento y prosperidad del municipio, favoreciendo la inclusi\u00f3n.<\/div>\n<div><\/div>\n<div>Lo anterior, al referir que el sistema democr\u00e1tico por el que el pa\u00eds, estado y municipio se rigen necesita de una formaci\u00f3n y concientizaci\u00f3n de la sociedad en todas las edades, cobrando especial importancia en la juventud dado que se debe trabajar en el relevo generacional, siendo relevante que este sector de la poblaci\u00f3n se vea identificado y entiendan el proceso de la administraci\u00f3n p\u00fablica de una manera pragm\u00e1tica, en especial cuando M\u00e9xico es considerado un pa\u00eds joven y en Cuernavaca, de acuerdo con datos del INEGI, en 2020 el 16 por ciento de la poblaci\u00f3n se encontraba entre los rangos de edad de 20 a 24 a\u00f1os y de 15 a 19 a\u00f1os.<\/div>\n<div><\/div>\n<div>El Cabildo Juvenil del Municipio de Cuernavaca estar\u00e1 a cargo de la Secretar\u00eda de Desarrollo Humano y Participaci\u00f3n Social, a trav\u00e9s del Instituto de la Juventud, teniendo entre sus atribuciones la organizaci\u00f3n y difusi\u00f3n del mismo, pero tambi\u00e9n deber\u00e1n presentar ante el Consejo T\u00e9cnico del Instituto de la Juventud las propuestas vertidas, con el prop\u00f3sito de darles seguimiento, buscando en todo momento los canales y procesos para que sean implementadas en las pol\u00edticas p\u00fablicas del municipio.<\/div>\n<div><\/div>\n<div>Al respecto, el presidente municipal de Cuernavaca, Jos\u00e9 Luis Uri\u00f3stegui Salgado, manifest\u00f3 su respaldo a la propuesta que dar\u00e1 continuidad a los trabajos con este grupo etario que tambi\u00e9n est\u00e1 interesado en que sus opiniones se tomen en cuenta y que, desde la autoridad m\u00e1s cercana a la sociedad, participen y sus palabras sean trasladadas a acciones y pol\u00edticas p\u00fablicas.<\/div>\n<div><\/div>\n<div>\u201cLo m\u00e1s importante de Cuernavaca est\u00e1 en su gente y este Cabildo demuestra que no solo est\u00e1 interesado en hacer obra p\u00fablica, tambi\u00e9n est\u00e1 interesado en lograr una participaci\u00f3n directa y muy democr\u00e1tica de la poblaci\u00f3n en todas las actividades que llevamos a cabo y que desde el ayuntamiento tienen que ver con el mejoramiento de la calidad de vida de todas las personas aqu\u00ed asentadas o que nos visitan\u201d, resalt\u00f3.<\/div>\n<div><\/div>\n<div>Los regidores Wendi Salinas Ruiz, Jes\u00fas Rosales Puebla y Adri\u00e1n Mart\u00ednez Terrazas, tomaron el uso de la palabra para expresar su apoyo a la realizaci\u00f3n del Cabildo Juvenil 2023, que el a\u00f1o pasado sent\u00f3 un significativo precedente a nivel municipal y estatal.<\/div>\n<div><img loading=\"lazy\" class=\"alignnone size-medium wp-image-30652\" src=\"https:\/\/cuernavaca.gob.mx\/wp-content\/uploads\/2023\/07\/CONVOCARA-AYUNTAMIENTO-DE-CUERNAVACA-A-CABILDO-JUVENIL-2023-EN-EL-MARCO-DEL-DIA-INTERNACIONAL-DE-LA-JUVENTUD-1-300x200.jpeg\" alt=\"\" width=\"300\" height=\"200\" srcset=\"https:\/\/cuernavaca.gob.mx\/wp-content\/uploads\/2023\/07\/CONVOCARA-AYUNTAMIENTO-DE-CUERNAVACA-A-CABILDO-JUVENIL-2023-EN-EL-MARCO-DEL-DIA-INTERNACIONAL-DE-LA-JUVENTUD-1-300x200.jpeg 300w, https:\/\/cuernavaca.gob.mx\/wp-content\/uploads\/2023\/07\/CONVOCARA-AYUNTAMIENTO-DE-CUERNAVACA-A-CABILDO-JUVENIL-2023-EN-EL-MARCO-DEL-DIA-INTERNACIONAL-DE-LA-JUVENTUD-1-1024x682.jpeg 1024w, https:\/\/cuernavaca.gob.mx\/wp-content\/uploads\/2023\/07\/CONVOCARA-AYUNTAMIENTO-DE-CUERNAVACA-A-CABILDO-JUVENIL-2023-EN-EL-MARCO-DEL-DIA-INTERNACIONAL-DE-LA-JUVENTUD-1-768x512.jpeg 768w, https:\/\/cuernavaca.gob.mx\/wp-content\/uploads\/2023\/07\/CONVOCARA-AYUNTAMIENTO-DE-CUERNAVACA-A-CABILDO-JUVENIL-2023-EN-EL-MARCO-DEL-DIA-INTERNACIONAL-DE-LA-JUVENTUD-1-1536x1023.jpeg 1536w, https:\/\/cuernavaca.gob.mx\/wp-content\/uploads\/2023\/07\/CONVOCARA-AYUNTAMIENTO-DE-CUERNAVACA-A-CABILDO-JUVENIL-2023-EN-EL-MARCO-DEL-DIA-INTERNACIONAL-DE-LA-JUVENTUD-1-600x400.jpeg 600w, https:\/\/cuernavaca.gob.mx\/wp-content\/uploads\/2023\/07\/CONVOCARA-AYUNTAMIENTO-DE-CUERNAVACA-A-CABILDO-JUVENIL-2023-EN-EL-MARCO-DEL-DIA-INTERNACIONAL-DE-LA-JUVENTUD-1-560x373.jpeg 560w, https:\/\/cuernavaca.gob.mx\/wp-content\/uploads\/2023\/07\/CONVOCARA-AYUNTAMIENTO-DE-CUERNAVACA-A-CABILDO-JUVENIL-2023-EN-EL-MARCO-DEL-DIA-INTERNACIONAL-DE-LA-JUVENTUD-1.jpeg 1600w\" sizes=\"(max-width: 300px) 100vw, 300px\" \/> <img loading=\"lazy\" class=\"alignnone size-medium wp-image-30653\" src=\"https:\/\/cuernavaca.gob.mx\/wp-content\/uploads\/2023\/07\/CONVOCARA-AYUNTAMIENTO-DE-CUERNAVACA-A-CABILDO-JUVENIL-2023-EN-EL-MARCO-DEL-DIA-INTERNACIONAL-DE-LA-JUVENTUD-2-300x200.jpeg\" alt=\"\" width=\"300\" height=\"200\" srcset=\"https:\/\/cuernavaca.gob.mx\/wp-content\/uploads\/2023\/07\/CONVOCARA-AYUNTAMIENTO-DE-CUERNAVACA-A-CABILDO-JUVENIL-2023-EN-EL-MARCO-DEL-DIA-INTERNACIONAL-DE-LA-JUVENTUD-2-300x200.jpeg 300w, https:\/\/cuernavaca.gob.mx\/wp-content\/uploads\/2023\/07\/CONVOCARA-AYUNTAMIENTO-DE-CUERNAVACA-A-CABILDO-JUVENIL-2023-EN-EL-MARCO-DEL-DIA-INTERNACIONAL-DE-LA-JUVENTUD-2-1024x682.jpeg 1024w, https:\/\/cuernavaca.gob.mx\/wp-content\/uploads\/2023\/07\/CONVOCARA-AYUNTAMIENTO-DE-CUERNAVACA-A-CABILDO-JUVENIL-2023-EN-EL-MARCO-DEL-DIA-INTERNACIONAL-DE-LA-JUVENTUD-2-768x512.jpeg 768w, https:\/\/cuernavaca.gob.mx\/wp-content\/uploads\/2023\/07\/CONVOCARA-AYUNTAMIENTO-DE-CUERNAVACA-A-CABILDO-JUVENIL-2023-EN-EL-MARCO-DEL-DIA-INTERNACIONAL-DE-LA-JUVENTUD-2-1536x1023.jpeg 1536w, https:\/\/cuernavaca.gob.mx\/wp-content\/uploads\/2023\/07\/CONVOCARA-AYUNTAMIENTO-DE-CUERNAVACA-A-CABILDO-JUVENIL-2023-EN-EL-MARCO-DEL-DIA-INTERNACIONAL-DE-LA-JUVENTUD-2-600x400.jpeg 600w, https:\/\/cuernavaca.gob.mx\/wp-content\/uploads\/2023\/07\/CONVOCARA-AYUNTAMIENTO-DE-CUERNAVACA-A-CABILDO-JUVENIL-2023-EN-EL-MARCO-DEL-DIA-INTERNACIONAL-DE-LA-JUVENTUD-2-560x373.jpeg 560w, https:\/\/cuernavaca.gob.mx\/wp-content\/uploads\/2023\/07\/CONVOCARA-AYUNTAMIENTO-DE-CUERNAVACA-A-CABILDO-JUVENIL-2023-EN-EL-MARCO-DEL-DIA-INTERNACIONAL-DE-LA-JUVENTUD-2.jpeg 1600w\" sizes=\"(max-width: 300px) 100vw, 300px\" \/> <img loading=\"lazy\" class=\"alignnone size-medium wp-image-30654\" src=\"https:\/\/cuernavaca.gob.mx\/wp-content\/uploads\/2023\/07\/CONVOCARA-AYUNTAMIENTO-DE-CUERNAVACA-A-CABILDO-JUVENIL-2023-EN-EL-MARCO-DEL-DIA-INTERNACIONAL-DE-LA-JUVENTUD-3-300x200.jpeg\" alt=\"\" width=\"300\" height=\"200\" srcset=\"https:\/\/cuernavaca.gob.mx\/wp-content\/uploads\/2023\/07\/CONVOCARA-AYUNTAMIENTO-DE-CUERNAVACA-A-CABILDO-JUVENIL-2023-EN-EL-MARCO-DEL-DIA-INTERNACIONAL-DE-LA-JUVENTUD-3-300x200.jpeg 300w, https:\/\/cuernavaca.gob.mx\/wp-content\/uploads\/2023\/07\/CONVOCARA-AYUNTAMIENTO-DE-CUERNAVACA-A-CABILDO-JUVENIL-2023-EN-EL-MARCO-DEL-DIA-INTERNACIONAL-DE-LA-JUVENTUD-3-1024x682.jpeg 1024w, https:\/\/cuernavaca.gob.mx\/wp-content\/uploads\/2023\/07\/CONVOCARA-AYUNTAMIENTO-DE-CUERNAVACA-A-CABILDO-JUVENIL-2023-EN-EL-MARCO-DEL-DIA-INTERNACIONAL-DE-LA-JUVENTUD-3-768x512.jpeg 768w, https:\/\/cuernavaca.gob.mx\/wp-content\/uploads\/2023\/07\/CONVOCARA-AYUNTAMIENTO-DE-CUERNAVACA-A-CABILDO-JUVENIL-2023-EN-EL-MARCO-DEL-DIA-INTERNACIONAL-DE-LA-JUVENTUD-3-1536x1023.jpeg 1536w, https:\/\/cuernavaca.gob.mx\/wp-content\/uploads\/2023\/07\/CONVOCARA-AYUNTAMIENTO-DE-CUERNAVACA-A-CABILDO-JUVENIL-2023-EN-EL-MARCO-DEL-DIA-INTERNACIONAL-DE-LA-JUVENTUD-3-600x400.jpeg 600w, https:\/\/cuernavaca.gob.mx\/wp-content\/uploads\/2023\/07\/CONVOCARA-AYUNTAMIENTO-DE-CUERNAVACA-A-CABILDO-JUVENIL-2023-EN-EL-MARCO-DEL-DIA-INTERNACIONAL-DE-LA-JUVENTUD-3-560x373.jpeg 560w, https:\/\/cuernavaca.gob.mx\/wp-content\/uploads\/2023\/07\/CONVOCARA-AYUNTAMIENTO-DE-CUERNAVACA-A-CABILDO-JUVENIL-2023-EN-EL-MARCO-DEL-DIA-INTERNACIONAL-DE-LA-JUVENTUD-3.jpeg 1600w\" sizes=\"(max-width: 300px) 100vw, 300px\" \/> <img loading=\"lazy\" class=\"alignnone size-medium wp-image-30655\" src=\"https:\/\/cuernavaca.gob.mx\/wp-content\/uploads\/2023\/07\/CONVOCARA-AYUNTAMIENTO-DE-CUERNAVACA-A-CABILDO-JUVENIL-2023-EN-EL-MARCO-DEL-DIA-INTERNACIONAL-DE-LA-JUVENTUD-4-300x200.jpeg\" alt=\"\" width=\"300\" height=\"200\" srcset=\"https:\/\/cuernavaca.gob.mx\/wp-content\/uploads\/2023\/07\/CONVOCARA-AYUNTAMIENTO-DE-CUERNAVACA-A-CABILDO-JUVENIL-2023-EN-EL-MARCO-DEL-DIA-INTERNACIONAL-DE-LA-JUVENTUD-4-300x200.jpeg 300w, https:\/\/cuernavaca.gob.mx\/wp-content\/uploads\/2023\/07\/CONVOCARA-AYUNTAMIENTO-DE-CUERNAVACA-A-CABILDO-JUVENIL-2023-EN-EL-MARCO-DEL-DIA-INTERNACIONAL-DE-LA-JUVENTUD-4-1024x682.jpeg 1024w, https:\/\/cuernavaca.gob.mx\/wp-content\/uploads\/2023\/07\/CONVOCARA-AYUNTAMIENTO-DE-CUERNAVACA-A-CABILDO-JUVENIL-2023-EN-EL-MARCO-DEL-DIA-INTERNACIONAL-DE-LA-JUVENTUD-4-768x512.jpeg 768w, https:\/\/cuernavaca.gob.mx\/wp-content\/uploads\/2023\/07\/CONVOCARA-AYUNTAMIENTO-DE-CUERNAVACA-A-CABILDO-JUVENIL-2023-EN-EL-MARCO-DEL-DIA-INTERNACIONAL-DE-LA-JUVENTUD-4-1536x1023.jpeg 1536w, https:\/\/cuernavaca.gob.mx\/wp-content\/uploads\/2023\/07\/CONVOCARA-AYUNTAMIENTO-DE-CUERNAVACA-A-CABILDO-JUVENIL-2023-EN-EL-MARCO-DEL-DIA-INTERNACIONAL-DE-LA-JUVENTUD-4-600x400.jpeg 600w, https:\/\/cuernavaca.gob.mx\/wp-content\/uploads\/2023\/07\/CONVOCARA-AYUNTAMIENTO-DE-CUERNAVACA-A-CABILDO-JUVENIL-2023-EN-EL-MARCO-DEL-DIA-INTERNACIONAL-DE-LA-JUVENTUD-4-560x373.jpeg 560w, https:\/\/cuernavaca.gob.mx\/wp-content\/uploads\/2023\/07\/CONVOCARA-AYUNTAMIENTO-DE-CUERNAVACA-A-CABILDO-JUVENIL-2023-EN-EL-MARCO-DEL-DIA-INTERNACIONAL-DE-LA-JUVENTUD-4.jpeg 1600w\" sizes=\"(max-width: 300px) 100vw, 300px\" \/> <img loading=\"lazy\" class=\"alignnone size-medium wp-image-30656\" src=\"https:\/\/cuernavaca.gob.mx\/wp-content\/uploads\/2023\/07\/CONVOCARA-AYUNTAMIENTO-DE-CUERNAVACA-A-CABILDO-JUVENIL-2023-EN-EL-MARCO-DEL-DIA-INTERNACIONAL-DE-LA-JUVENTUD-5-300x200.jpeg\" alt=\"\" width=\"300\" height=\"200\" srcset=\"https:\/\/cuernavaca.gob.mx\/wp-content\/uploads\/2023\/07\/CONVOCARA-AYUNTAMIENTO-DE-CUERNAVACA-A-CABILDO-JUVENIL-2023-EN-EL-MARCO-DEL-DIA-INTERNACIONAL-DE-LA-JUVENTUD-5-300x200.jpeg 300w, https:\/\/cuernavaca.gob.mx\/wp-content\/uploads\/2023\/07\/CONVOCARA-AYUNTAMIENTO-DE-CUERNAVACA-A-CABILDO-JUVENIL-2023-EN-EL-MARCO-DEL-DIA-INTERNACIONAL-DE-LA-JUVENTUD-5-1024x682.jpeg 1024w, https:\/\/cuernavaca.gob.mx\/wp-content\/uploads\/2023\/07\/CONVOCARA-AYUNTAMIENTO-DE-CUERNAVACA-A-CABILDO-JUVENIL-2023-EN-EL-MARCO-DEL-DIA-INTERNACIONAL-DE-LA-JUVENTUD-5-768x512.jpeg 768w, https:\/\/cuernavaca.gob.mx\/wp-content\/uploads\/2023\/07\/CONVOCARA-AYUNTAMIENTO-DE-CUERNAVACA-A-CABILDO-JUVENIL-2023-EN-EL-MARCO-DEL-DIA-INTERNACIONAL-DE-LA-JUVENTUD-5-1536x1023.jpeg 1536w, https:\/\/cuernavaca.gob.mx\/wp-content\/uploads\/2023\/07\/CONVOCARA-AYUNTAMIENTO-DE-CUERNAVACA-A-CABILDO-JUVENIL-2023-EN-EL-MARCO-DEL-DIA-INTERNACIONAL-DE-LA-JUVENTUD-5-600x400.jpeg 600w, https:\/\/cuernavaca.gob.mx\/wp-content\/uploads\/2023\/07\/CONVOCARA-AYUNTAMIENTO-DE-CUERNAVACA-A-CABILDO-JUVENIL-2023-EN-EL-MARCO-DEL-DIA-INTERNACIONAL-DE-LA-JUVENTUD-5-560x373.jpeg 560w, https:\/\/cuernavaca.gob.mx\/wp-content\/uploads\/2023\/07\/CONVOCARA-AYUNTAMIENTO-DE-CUERNAVACA-A-CABILDO-JUVENIL-2023-EN-EL-MARCO-DEL-DIA-INTERNACIONAL-DE-LA-JUVENTUD-5.jpeg 1600w\" sizes=\"(max-width: 300px) 100vw, 300px\" \/><\/div>\n","protected":false},"excerpt":{"rendered":"<p>\u2022 La iniciativa fue aprobada por Cabildo a propuesta de la regidora Mirna Delgado creando un espacio donde las juventudes puedan participar, opinar y proponer sobre temas de su inter\u00e9s \u2022 El Cabildo Juvenil estar\u00e1 a cargo de la Secretar\u00eda de Desarrollo Humano y Participaci\u00f3n Social, a trav\u00e9s del Instituto de la Juventud de Cuernavaca [&hellip;]<\/p>\n","protected":false},"author":1,"featured_media":30656,"comment_status":"closed","ping_status":"open","sticky":false,"template":"","format":"standard","meta":[],"categories":[3047],"tags":[158,3219,121,120,166,693,206,383],"aioseo_notices":[],"_links":{"self":[{"href":"https:\/\/cuernavaca.gob.mx\/index.php?rest_route=\/wp\/v2\/posts\/30651"}],"collection":[{"href":"https:\/\/cuernavaca.gob.mx\/index.php?rest_route=\/wp\/v2\/posts"}],"about":[{"href":"https:\/\/cuernavaca.gob.mx\/index.php?rest_route=\/wp\/v2\/types\/post"}],"author":[{"embeddable":true,"href":"https:\/\/cuernavaca.gob.mx\/index.php?rest_route=\/wp\/v2\/users\/1"}],"replies":[{"embeddable":true,"href":"https:\/\/cuernavaca.gob.mx\/index.php?rest_route=%2Fwp%2Fv2%2Fcomments&post=30651"}],"version-history":[{"count":1,"href":"https:\/\/cuernavaca.gob.mx\/index.php?rest_route=\/wp\/v2\/posts\/30651\/revisions"}],"predecessor-version":[{"id":30657,"href":"https:\/\/cuernavaca.gob.mx\/index.php?rest_route=\/wp\/v2\/posts\/30651\/revisions\/30657"}],"wp:featuredmedia":[{"embeddable":true,"href":"https:\/\/cuernavaca.gob.mx\/index.php?rest_route=\/wp\/v2\/media\/30656"}],"wp:attachment":[{"href":"https:\/\/cuernavaca.gob.mx\/index.php?rest_route=%2Fwp%2Fv2%2Fmedia&parent=30651"}],"wp:term":[{"taxonomy":"category","embeddable":true,"href":"https:\/\/cuernavaca.gob.mx\/index.php?rest_route=%2Fwp%2Fv2%2Fcategories&post=30651"},{"taxonomy":"post_tag","embeddable":true,"href":"https:\/\/cuernavaca.gob.mx\/index.php?rest_route=%2Fwp%2Fv2%2Ftags&post=30651"}],"curies":[{"name":"wp","href":"https:\/\/api.w.org\/{rel}","templated":true}]}}