{"id":30660,"date":"2023-07-21T16:46:33","date_gmt":"2023-07-21T22:46:33","guid":{"rendered":"https:\/\/cuernavaca.gob.mx\/?p=30660"},"modified":"2025-05-06T14:05:51","modified_gmt":"2025-05-06T20:05:51","slug":"b1149-21-07-23-consejo-de-ciudades-hermanas-de-cuernavaca-fortalecera-sus-funciones-para-sumar-a-la-reactivacion-turistica-y-economica-de-la-ciudad","status":"publish","type":"post","link":"https:\/\/cuernavaca.gob.mx\/?p=30660","title":{"rendered":"B1149 21\/07\/23 CONSEJO DE CIUDADES HERMANAS DE CUERNAVACA FORTALECER\u00c1 SUS FUNCIONES PARA SUMAR A LA REACTIVACI\u00d3N TUR\u00cdSTICA Y ECON\u00d3MICA DE LA CIUDAD"},"content":{"rendered":"<div><strong>\u2022 En el marco de la segunda sesi\u00f3n ordinaria, se present\u00f3 el Reglamento del Consejo de Ciudades Hermanas del Municipio, que deber\u00e1 contar tambi\u00e9n con el aval del Cabildo\u00a0<\/strong><\/div>\n<div><\/div>\n<div><strong>\u2022 Se inform\u00f3 que Cuernavaca, a trav\u00e9s del presidente municipal, Jos\u00e9 Luis Uri\u00f3stegui, estar\u00e1 participando en el ciclo de cine- debate por la paz \u201cHiroshima: ciudad de la paz mundial\u201d\u00a0<\/strong><\/div>\n<div><\/div>\n<div>Bajo el objetivo de recuperar los grandes beneficios para la poblaci\u00f3n que se ten\u00edan anteriormente por el hermanamiento de Cuernavaca con otras ciudades del mundo y la Rep\u00fablica Mexicana, el Consejo de Ciudades Hermanas del Municipio encabezado por Jos\u00e9 Luis Uri\u00f3stegui Salgado present\u00f3 el reglamento, el cual normar\u00e1 estas relaciones, logrando sumar a m\u00e1s localidades que han manifestado su inter\u00e9s de hermanarse con la capital morelense.<\/div>\n<div><\/div>\n<div>En el marco de la segunda sesi\u00f3n ordinaria, el director general de Turismo y secretario t\u00e9cnico del consejo, Luis Cagide R\u00edos, hizo entrega de esta propuesta normativa, el cual tendr\u00e1 que ser turnado al Cabildo para su valoraci\u00f3n y correspondiente aprobaci\u00f3n, destacando que incluye temas relevantes que favorecer\u00e1n a la ciudad no solo en materia tur\u00edstica, sino tambi\u00e9n en desarrollo econ\u00f3mico y otros rubros que pueden fortalecerse con este tipo de alianzas.<\/div>\n<div><\/div>\n<div>Al respecto, el presidente municipal, Jos\u00e9 Luis Uri\u00f3stegui, asever\u00f3 que en Cuernavaca se tienen las puertas abiertas para todas aquellas ciudades que deseen hermanarse, as\u00ed como generar acciones y programas en conjunto que sigan posicionando a la ciudad a nivel nacional e internacional, como muestra la visita de una comisi\u00f3n de regidores y s\u00edndicos de Panam\u00e1 y Venezuela, con quienes sostendr\u00e1n el jueves de la siguiente semana una reuni\u00f3n formal de intercambio de experiencias para posteriormente llevarlos a recorrer algunos puntos de inter\u00e9s, lo cual dar\u00e1 continuidad al impulso del turismo.<\/div>\n<div><\/div>\n<div>Como parte de los resultados que se han tenido en estos hermanamientos, el alcalde capitalino agradeci\u00f3 la invitaci\u00f3n para participar en el ciclo de cine- debate por la paz \u201cHiroshima: ciudad de la paz mundial\u201d, manifestando su relevancia, al poder la cultura de construcci\u00f3n de paz modificar la percepci\u00f3n y realidad de la seguridad p\u00fablica que hoy en Cuernavaca es un tema que les est\u00e1 ocupando y que debe ser transversal, intersectorial e involucrar a todos los \u00f3rdenes de gobierno para lograr los mejores resultados en favor de la poblaci\u00f3n en general.<\/div>\n<div><\/div>\n<div>Al presentar el proyecto que tendr\u00e1 verificativo tres s\u00e1bados consecutivos del 22 de julio al 05 de agosto en el Cine Morelos, Ernesto Takayanagui Garc\u00eda, promotor de la cultura japonesa, refiri\u00f3 que, con tres pel\u00edculas alusivas a los bombardeos at\u00f3micos de Hiroshima y Nagasaki, as\u00ed como con los comentarios de expertos y acad\u00e9micos, buscan que la poblaci\u00f3n reflexione sobre la importancia de la pacificaci\u00f3n del municipio, estado y pa\u00eds, siendo una corresponsabilidad.<\/div>\n<div><\/div>\n<div>Indic\u00f3 que este evento que se llevar\u00e1 a cabo de manera simult\u00e1nea en Montevideo, Uruguay, ser\u00e1 clausurado por Jos\u00e9 Luis Uri\u00f3stegui, quien en su car\u00e1cter de presidente municipal dar\u00e1 un mensaje por la paz; actividad que est\u00e1 relacionada con el proyecto internacional Mayors for peace, al cual pertenece Cuernavaca desde el a\u00f1o 2011 y con el Hermanamiento que mantiene la capital de Morelos con la ciudad de Min\u014d en Jap\u00f3n que ser\u00e1 visitada el pr\u00f3ximo mes de octubre por 35 cuernavacenses.<\/div>\n<div><\/div>\n<div>El director general del Instituto de Cultura de Cuernavaca, Juan Contreras de Oteyza, anunci\u00f3 que, por indicaciones de la Secretar\u00eda de Desarrollo Humano y Participaci\u00f3n Social, en el mes de octubre est\u00e1n proponiendo la realizaci\u00f3n de una serie de actividades en el Museo de la Ciudad de Cuernavaca alusivas al 45 aniversario del Hermanamiento con la ciudad de \u014ctaki, Jap\u00f3n que tambi\u00e9n se celebrar\u00e1 en esta localidad.<\/div>\n<div><\/div>\n<div>En la sesi\u00f3n se cont\u00f3 con la asistencia del regidor Debendrenath Salazar Solorio; del secretario de Desarrollo Econ\u00f3mico y Turismo, Humberto Paladino Valdovinos; del secretario del Ayuntamiento, Carlos de la Rosa Segura; de la secretaria de Desarrollo Humano y Participaci\u00f3n Social, Laura Hern\u00e1ndez Cruz; as\u00ed como la representaci\u00f3n de los diferentes sectores acad\u00e9micos, culturales, de la iniciativa privada y de las ciudades hermanas con las que tiene convenio de Hermanamiento Cuernavaca.<\/div>\n<div><img loading=\"lazy\" class=\"alignnone size-medium wp-image-30661\" src=\"https:\/\/cuernavaca.gob.mx\/wp-content\/uploads\/2023\/07\/CONSEJO-DE-CIUDADES-HERMANAS-DE-CUERNAVACA-FORTALECERA-SUS-FUNCIONES-PARA-SUMAR-A-LA-REACTIVACION-TURISTICA-Y-ECONOMICA-DE-LA-CIUDAD-1-300x200.jpeg\" alt=\"\" width=\"300\" height=\"200\" srcset=\"https:\/\/cuernavaca.gob.mx\/wp-content\/uploads\/2023\/07\/CONSEJO-DE-CIUDADES-HERMANAS-DE-CUERNAVACA-FORTALECERA-SUS-FUNCIONES-PARA-SUMAR-A-LA-REACTIVACION-TURISTICA-Y-ECONOMICA-DE-LA-CIUDAD-1-300x200.jpeg 300w, https:\/\/cuernavaca.gob.mx\/wp-content\/uploads\/2023\/07\/CONSEJO-DE-CIUDADES-HERMANAS-DE-CUERNAVACA-FORTALECERA-SUS-FUNCIONES-PARA-SUMAR-A-LA-REACTIVACION-TURISTICA-Y-ECONOMICA-DE-LA-CIUDAD-1-1024x683.jpeg 1024w, https:\/\/cuernavaca.gob.mx\/wp-content\/uploads\/2023\/07\/CONSEJO-DE-CIUDADES-HERMANAS-DE-CUERNAVACA-FORTALECERA-SUS-FUNCIONES-PARA-SUMAR-A-LA-REACTIVACION-TURISTICA-Y-ECONOMICA-DE-LA-CIUDAD-1-768x512.jpeg 768w, https:\/\/cuernavaca.gob.mx\/wp-content\/uploads\/2023\/07\/CONSEJO-DE-CIUDADES-HERMANAS-DE-CUERNAVACA-FORTALECERA-SUS-FUNCIONES-PARA-SUMAR-A-LA-REACTIVACION-TURISTICA-Y-ECONOMICA-DE-LA-CIUDAD-1-1536x1024.jpeg 1536w, https:\/\/cuernavaca.gob.mx\/wp-content\/uploads\/2023\/07\/CONSEJO-DE-CIUDADES-HERMANAS-DE-CUERNAVACA-FORTALECERA-SUS-FUNCIONES-PARA-SUMAR-A-LA-REACTIVACION-TURISTICA-Y-ECONOMICA-DE-LA-CIUDAD-1-600x400.jpeg 600w, https:\/\/cuernavaca.gob.mx\/wp-content\/uploads\/2023\/07\/CONSEJO-DE-CIUDADES-HERMANAS-DE-CUERNAVACA-FORTALECERA-SUS-FUNCIONES-PARA-SUMAR-A-LA-REACTIVACION-TURISTICA-Y-ECONOMICA-DE-LA-CIUDAD-1-560x373.jpeg 560w, https:\/\/cuernavaca.gob.mx\/wp-content\/uploads\/2023\/07\/CONSEJO-DE-CIUDADES-HERMANAS-DE-CUERNAVACA-FORTALECERA-SUS-FUNCIONES-PARA-SUMAR-A-LA-REACTIVACION-TURISTICA-Y-ECONOMICA-DE-LA-CIUDAD-1.jpeg 1599w\" sizes=\"(max-width: 300px) 100vw, 300px\" \/> <img loading=\"lazy\" class=\"alignnone size-medium wp-image-30662\" src=\"https:\/\/cuernavaca.gob.mx\/wp-content\/uploads\/2023\/07\/CONSEJO-DE-CIUDADES-HERMANAS-DE-CUERNAVACA-FORTALECERA-SUS-FUNCIONES-PARA-SUMAR-A-LA-REACTIVACION-TURISTICA-Y-ECONOMICA-DE-LA-CIUDAD-2-300x200.jpeg\" alt=\"\" width=\"300\" height=\"200\" srcset=\"https:\/\/cuernavaca.gob.mx\/wp-content\/uploads\/2023\/07\/CONSEJO-DE-CIUDADES-HERMANAS-DE-CUERNAVACA-FORTALECERA-SUS-FUNCIONES-PARA-SUMAR-A-LA-REACTIVACION-TURISTICA-Y-ECONOMICA-DE-LA-CIUDAD-2-300x200.jpeg 300w, https:\/\/cuernavaca.gob.mx\/wp-content\/uploads\/2023\/07\/CONSEJO-DE-CIUDADES-HERMANAS-DE-CUERNAVACA-FORTALECERA-SUS-FUNCIONES-PARA-SUMAR-A-LA-REACTIVACION-TURISTICA-Y-ECONOMICA-DE-LA-CIUDAD-2-1024x683.jpeg 1024w, https:\/\/cuernavaca.gob.mx\/wp-content\/uploads\/2023\/07\/CONSEJO-DE-CIUDADES-HERMANAS-DE-CUERNAVACA-FORTALECERA-SUS-FUNCIONES-PARA-SUMAR-A-LA-REACTIVACION-TURISTICA-Y-ECONOMICA-DE-LA-CIUDAD-2-768x512.jpeg 768w, https:\/\/cuernavaca.gob.mx\/wp-content\/uploads\/2023\/07\/CONSEJO-DE-CIUDADES-HERMANAS-DE-CUERNAVACA-FORTALECERA-SUS-FUNCIONES-PARA-SUMAR-A-LA-REACTIVACION-TURISTICA-Y-ECONOMICA-DE-LA-CIUDAD-2-1536x1024.jpeg 1536w, https:\/\/cuernavaca.gob.mx\/wp-content\/uploads\/2023\/07\/CONSEJO-DE-CIUDADES-HERMANAS-DE-CUERNAVACA-FORTALECERA-SUS-FUNCIONES-PARA-SUMAR-A-LA-REACTIVACION-TURISTICA-Y-ECONOMICA-DE-LA-CIUDAD-2-600x400.jpeg 600w, https:\/\/cuernavaca.gob.mx\/wp-content\/uploads\/2023\/07\/CONSEJO-DE-CIUDADES-HERMANAS-DE-CUERNAVACA-FORTALECERA-SUS-FUNCIONES-PARA-SUMAR-A-LA-REACTIVACION-TURISTICA-Y-ECONOMICA-DE-LA-CIUDAD-2-560x373.jpeg 560w, https:\/\/cuernavaca.gob.mx\/wp-content\/uploads\/2023\/07\/CONSEJO-DE-CIUDADES-HERMANAS-DE-CUERNAVACA-FORTALECERA-SUS-FUNCIONES-PARA-SUMAR-A-LA-REACTIVACION-TURISTICA-Y-ECONOMICA-DE-LA-CIUDAD-2.jpeg 1599w\" sizes=\"(max-width: 300px) 100vw, 300px\" \/> <img loading=\"lazy\" class=\"alignnone size-medium wp-image-30663\" src=\"https:\/\/cuernavaca.gob.mx\/wp-content\/uploads\/2023\/07\/CONSEJO-DE-CIUDADES-HERMANAS-DE-CUERNAVACA-FORTALECERA-SUS-FUNCIONES-PARA-SUMAR-A-LA-REACTIVACION-TURISTICA-Y-ECONOMICA-DE-LA-CIUDAD-3-300x204.jpeg\" alt=\"\" width=\"300\" height=\"204\" srcset=\"https:\/\/cuernavaca.gob.mx\/wp-content\/uploads\/2023\/07\/CONSEJO-DE-CIUDADES-HERMANAS-DE-CUERNAVACA-FORTALECERA-SUS-FUNCIONES-PARA-SUMAR-A-LA-REACTIVACION-TURISTICA-Y-ECONOMICA-DE-LA-CIUDAD-3-300x204.jpeg 300w, https:\/\/cuernavaca.gob.mx\/wp-content\/uploads\/2023\/07\/CONSEJO-DE-CIUDADES-HERMANAS-DE-CUERNAVACA-FORTALECERA-SUS-FUNCIONES-PARA-SUMAR-A-LA-REACTIVACION-TURISTICA-Y-ECONOMICA-DE-LA-CIUDAD-3-1024x696.jpeg 1024w, https:\/\/cuernavaca.gob.mx\/wp-content\/uploads\/2023\/07\/CONSEJO-DE-CIUDADES-HERMANAS-DE-CUERNAVACA-FORTALECERA-SUS-FUNCIONES-PARA-SUMAR-A-LA-REACTIVACION-TURISTICA-Y-ECONOMICA-DE-LA-CIUDAD-3-768x522.jpeg 768w, https:\/\/cuernavaca.gob.mx\/wp-content\/uploads\/2023\/07\/CONSEJO-DE-CIUDADES-HERMANAS-DE-CUERNAVACA-FORTALECERA-SUS-FUNCIONES-PARA-SUMAR-A-LA-REACTIVACION-TURISTICA-Y-ECONOMICA-DE-LA-CIUDAD-3-600x408.jpeg 600w, https:\/\/cuernavaca.gob.mx\/wp-content\/uploads\/2023\/07\/CONSEJO-DE-CIUDADES-HERMANAS-DE-CUERNAVACA-FORTALECERA-SUS-FUNCIONES-PARA-SUMAR-A-LA-REACTIVACION-TURISTICA-Y-ECONOMICA-DE-LA-CIUDAD-3-560x381.jpeg 560w, https:\/\/cuernavaca.gob.mx\/wp-content\/uploads\/2023\/07\/CONSEJO-DE-CIUDADES-HERMANAS-DE-CUERNAVACA-FORTALECERA-SUS-FUNCIONES-PARA-SUMAR-A-LA-REACTIVACION-TURISTICA-Y-ECONOMICA-DE-LA-CIUDAD-3.jpeg 1280w\" sizes=\"(max-width: 300px) 100vw, 300px\" \/> <img loading=\"lazy\" class=\"alignnone size-medium wp-image-30664\" src=\"https:\/\/cuernavaca.gob.mx\/wp-content\/uploads\/2023\/07\/CONSEJO-DE-CIUDADES-HERMANAS-DE-CUERNAVACA-FORTALECERA-SUS-FUNCIONES-PARA-SUMAR-A-LA-REACTIVACION-TURISTICA-Y-ECONOMICA-DE-LA-CIUDAD-4-300x200.jpeg\" alt=\"\" width=\"300\" height=\"200\" srcset=\"https:\/\/cuernavaca.gob.mx\/wp-content\/uploads\/2023\/07\/CONSEJO-DE-CIUDADES-HERMANAS-DE-CUERNAVACA-FORTALECERA-SUS-FUNCIONES-PARA-SUMAR-A-LA-REACTIVACION-TURISTICA-Y-ECONOMICA-DE-LA-CIUDAD-4-300x200.jpeg 300w, https:\/\/cuernavaca.gob.mx\/wp-content\/uploads\/2023\/07\/CONSEJO-DE-CIUDADES-HERMANAS-DE-CUERNAVACA-FORTALECERA-SUS-FUNCIONES-PARA-SUMAR-A-LA-REACTIVACION-TURISTICA-Y-ECONOMICA-DE-LA-CIUDAD-4-1024x683.jpeg 1024w, https:\/\/cuernavaca.gob.mx\/wp-content\/uploads\/2023\/07\/CONSEJO-DE-CIUDADES-HERMANAS-DE-CUERNAVACA-FORTALECERA-SUS-FUNCIONES-PARA-SUMAR-A-LA-REACTIVACION-TURISTICA-Y-ECONOMICA-DE-LA-CIUDAD-4-768x512.jpeg 768w, https:\/\/cuernavaca.gob.mx\/wp-content\/uploads\/2023\/07\/CONSEJO-DE-CIUDADES-HERMANAS-DE-CUERNAVACA-FORTALECERA-SUS-FUNCIONES-PARA-SUMAR-A-LA-REACTIVACION-TURISTICA-Y-ECONOMICA-DE-LA-CIUDAD-4-1536x1024.jpeg 1536w, https:\/\/cuernavaca.gob.mx\/wp-content\/uploads\/2023\/07\/CONSEJO-DE-CIUDADES-HERMANAS-DE-CUERNAVACA-FORTALECERA-SUS-FUNCIONES-PARA-SUMAR-A-LA-REACTIVACION-TURISTICA-Y-ECONOMICA-DE-LA-CIUDAD-4-600x400.jpeg 600w, https:\/\/cuernavaca.gob.mx\/wp-content\/uploads\/2023\/07\/CONSEJO-DE-CIUDADES-HERMANAS-DE-CUERNAVACA-FORTALECERA-SUS-FUNCIONES-PARA-SUMAR-A-LA-REACTIVACION-TURISTICA-Y-ECONOMICA-DE-LA-CIUDAD-4-560x373.jpeg 560w, https:\/\/cuernavaca.gob.mx\/wp-content\/uploads\/2023\/07\/CONSEJO-DE-CIUDADES-HERMANAS-DE-CUERNAVACA-FORTALECERA-SUS-FUNCIONES-PARA-SUMAR-A-LA-REACTIVACION-TURISTICA-Y-ECONOMICA-DE-LA-CIUDAD-4.jpeg 1599w\" sizes=\"(max-width: 300px) 100vw, 300px\" \/> <img loading=\"lazy\" class=\"alignnone size-medium wp-image-30665\" src=\"https:\/\/cuernavaca.gob.mx\/wp-content\/uploads\/2023\/07\/CONSEJO-DE-CIUDADES-HERMANAS-DE-CUERNAVACA-FORTALECERA-SUS-FUNCIONES-PARA-SUMAR-A-LA-REACTIVACION-TURISTICA-Y-ECONOMICA-DE-LA-CIUDAD-5-300x200.jpeg\" alt=\"\" width=\"300\" height=\"200\" srcset=\"https:\/\/cuernavaca.gob.mx\/wp-content\/uploads\/2023\/07\/CONSEJO-DE-CIUDADES-HERMANAS-DE-CUERNAVACA-FORTALECERA-SUS-FUNCIONES-PARA-SUMAR-A-LA-REACTIVACION-TURISTICA-Y-ECONOMICA-DE-LA-CIUDAD-5-300x200.jpeg 300w, https:\/\/cuernavaca.gob.mx\/wp-content\/uploads\/2023\/07\/CONSEJO-DE-CIUDADES-HERMANAS-DE-CUERNAVACA-FORTALECERA-SUS-FUNCIONES-PARA-SUMAR-A-LA-REACTIVACION-TURISTICA-Y-ECONOMICA-DE-LA-CIUDAD-5-1024x683.jpeg 1024w, https:\/\/cuernavaca.gob.mx\/wp-content\/uploads\/2023\/07\/CONSEJO-DE-CIUDADES-HERMANAS-DE-CUERNAVACA-FORTALECERA-SUS-FUNCIONES-PARA-SUMAR-A-LA-REACTIVACION-TURISTICA-Y-ECONOMICA-DE-LA-CIUDAD-5-768x512.jpeg 768w, https:\/\/cuernavaca.gob.mx\/wp-content\/uploads\/2023\/07\/CONSEJO-DE-CIUDADES-HERMANAS-DE-CUERNAVACA-FORTALECERA-SUS-FUNCIONES-PARA-SUMAR-A-LA-REACTIVACION-TURISTICA-Y-ECONOMICA-DE-LA-CIUDAD-5-1536x1024.jpeg 1536w, https:\/\/cuernavaca.gob.mx\/wp-content\/uploads\/2023\/07\/CONSEJO-DE-CIUDADES-HERMANAS-DE-CUERNAVACA-FORTALECERA-SUS-FUNCIONES-PARA-SUMAR-A-LA-REACTIVACION-TURISTICA-Y-ECONOMICA-DE-LA-CIUDAD-5-600x400.jpeg 600w, https:\/\/cuernavaca.gob.mx\/wp-content\/uploads\/2023\/07\/CONSEJO-DE-CIUDADES-HERMANAS-DE-CUERNAVACA-FORTALECERA-SUS-FUNCIONES-PARA-SUMAR-A-LA-REACTIVACION-TURISTICA-Y-ECONOMICA-DE-LA-CIUDAD-5-560x373.jpeg 560w, https:\/\/cuernavaca.gob.mx\/wp-content\/uploads\/2023\/07\/CONSEJO-DE-CIUDADES-HERMANAS-DE-CUERNAVACA-FORTALECERA-SUS-FUNCIONES-PARA-SUMAR-A-LA-REACTIVACION-TURISTICA-Y-ECONOMICA-DE-LA-CIUDAD-5.jpeg 1599w\" sizes=\"(max-width: 300px) 100vw, 300px\" \/> <img loading=\"lazy\" class=\"alignnone size-medium wp-image-30666\" src=\"https:\/\/cuernavaca.gob.mx\/wp-content\/uploads\/2023\/07\/CONSEJO-DE-CIUDADES-HERMANAS-DE-CUERNAVACA-FORTALECERA-SUS-FUNCIONES-PARA-SUMAR-A-LA-REACTIVACION-TURISTICA-Y-ECONOMICA-DE-LA-CIUDAD-6-300x200.jpeg\" alt=\"\" width=\"300\" height=\"200\" srcset=\"https:\/\/cuernavaca.gob.mx\/wp-content\/uploads\/2023\/07\/CONSEJO-DE-CIUDADES-HERMANAS-DE-CUERNAVACA-FORTALECERA-SUS-FUNCIONES-PARA-SUMAR-A-LA-REACTIVACION-TURISTICA-Y-ECONOMICA-DE-LA-CIUDAD-6-300x200.jpeg 300w, https:\/\/cuernavaca.gob.mx\/wp-content\/uploads\/2023\/07\/CONSEJO-DE-CIUDADES-HERMANAS-DE-CUERNAVACA-FORTALECERA-SUS-FUNCIONES-PARA-SUMAR-A-LA-REACTIVACION-TURISTICA-Y-ECONOMICA-DE-LA-CIUDAD-6-1024x683.jpeg 1024w, https:\/\/cuernavaca.gob.mx\/wp-content\/uploads\/2023\/07\/CONSEJO-DE-CIUDADES-HERMANAS-DE-CUERNAVACA-FORTALECERA-SUS-FUNCIONES-PARA-SUMAR-A-LA-REACTIVACION-TURISTICA-Y-ECONOMICA-DE-LA-CIUDAD-6-768x512.jpeg 768w, https:\/\/cuernavaca.gob.mx\/wp-content\/uploads\/2023\/07\/CONSEJO-DE-CIUDADES-HERMANAS-DE-CUERNAVACA-FORTALECERA-SUS-FUNCIONES-PARA-SUMAR-A-LA-REACTIVACION-TURISTICA-Y-ECONOMICA-DE-LA-CIUDAD-6-1536x1024.jpeg 1536w, https:\/\/cuernavaca.gob.mx\/wp-content\/uploads\/2023\/07\/CONSEJO-DE-CIUDADES-HERMANAS-DE-CUERNAVACA-FORTALECERA-SUS-FUNCIONES-PARA-SUMAR-A-LA-REACTIVACION-TURISTICA-Y-ECONOMICA-DE-LA-CIUDAD-6-600x400.jpeg 600w, https:\/\/cuernavaca.gob.mx\/wp-content\/uploads\/2023\/07\/CONSEJO-DE-CIUDADES-HERMANAS-DE-CUERNAVACA-FORTALECERA-SUS-FUNCIONES-PARA-SUMAR-A-LA-REACTIVACION-TURISTICA-Y-ECONOMICA-DE-LA-CIUDAD-6-560x373.jpeg 560w, https:\/\/cuernavaca.gob.mx\/wp-content\/uploads\/2023\/07\/CONSEJO-DE-CIUDADES-HERMANAS-DE-CUERNAVACA-FORTALECERA-SUS-FUNCIONES-PARA-SUMAR-A-LA-REACTIVACION-TURISTICA-Y-ECONOMICA-DE-LA-CIUDAD-6.jpeg 1599w\" sizes=\"(max-width: 300px) 100vw, 300px\" \/> <img loading=\"lazy\" class=\"alignnone size-medium wp-image-30667\" src=\"https:\/\/cuernavaca.gob.mx\/wp-content\/uploads\/2023\/07\/CONSEJO-DE-CIUDADES-HERMANAS-DE-CUERNAVACA-FORTALECERA-SUS-FUNCIONES-PARA-SUMAR-A-LA-REACTIVACION-TURISTICA-Y-ECONOMICA-DE-LA-CIUDAD-7-300x200.jpeg\" alt=\"\" width=\"300\" height=\"200\" srcset=\"https:\/\/cuernavaca.gob.mx\/wp-content\/uploads\/2023\/07\/CONSEJO-DE-CIUDADES-HERMANAS-DE-CUERNAVACA-FORTALECERA-SUS-FUNCIONES-PARA-SUMAR-A-LA-REACTIVACION-TURISTICA-Y-ECONOMICA-DE-LA-CIUDAD-7-300x200.jpeg 300w, https:\/\/cuernavaca.gob.mx\/wp-content\/uploads\/2023\/07\/CONSEJO-DE-CIUDADES-HERMANAS-DE-CUERNAVACA-FORTALECERA-SUS-FUNCIONES-PARA-SUMAR-A-LA-REACTIVACION-TURISTICA-Y-ECONOMICA-DE-LA-CIUDAD-7-1024x683.jpeg 1024w, https:\/\/cuernavaca.gob.mx\/wp-content\/uploads\/2023\/07\/CONSEJO-DE-CIUDADES-HERMANAS-DE-CUERNAVACA-FORTALECERA-SUS-FUNCIONES-PARA-SUMAR-A-LA-REACTIVACION-TURISTICA-Y-ECONOMICA-DE-LA-CIUDAD-7-768x512.jpeg 768w, https:\/\/cuernavaca.gob.mx\/wp-content\/uploads\/2023\/07\/CONSEJO-DE-CIUDADES-HERMANAS-DE-CUERNAVACA-FORTALECERA-SUS-FUNCIONES-PARA-SUMAR-A-LA-REACTIVACION-TURISTICA-Y-ECONOMICA-DE-LA-CIUDAD-7-1536x1024.jpeg 1536w, https:\/\/cuernavaca.gob.mx\/wp-content\/uploads\/2023\/07\/CONSEJO-DE-CIUDADES-HERMANAS-DE-CUERNAVACA-FORTALECERA-SUS-FUNCIONES-PARA-SUMAR-A-LA-REACTIVACION-TURISTICA-Y-ECONOMICA-DE-LA-CIUDAD-7-600x400.jpeg 600w, https:\/\/cuernavaca.gob.mx\/wp-content\/uploads\/2023\/07\/CONSEJO-DE-CIUDADES-HERMANAS-DE-CUERNAVACA-FORTALECERA-SUS-FUNCIONES-PARA-SUMAR-A-LA-REACTIVACION-TURISTICA-Y-ECONOMICA-DE-LA-CIUDAD-7-560x373.jpeg 560w, https:\/\/cuernavaca.gob.mx\/wp-content\/uploads\/2023\/07\/CONSEJO-DE-CIUDADES-HERMANAS-DE-CUERNAVACA-FORTALECERA-SUS-FUNCIONES-PARA-SUMAR-A-LA-REACTIVACION-TURISTICA-Y-ECONOMICA-DE-LA-CIUDAD-7.jpeg 1599w\" sizes=\"(max-width: 300px) 100vw, 300px\" \/><img loading=\"lazy\" class=\"alignnone size-medium wp-image-30668\" src=\"https:\/\/cuernavaca.gob.mx\/wp-content\/uploads\/2023\/07\/CONSEJO-DE-CIUDADES-HERMANAS-DE-CUERNAVACA-FORTALECERA-SUS-FUNCIONES-PARA-SUMAR-A-LA-REACTIVACION-TURISTICA-Y-ECONOMICA-DE-LA-CIUDAD-8-300x232.jpeg\" alt=\"\" width=\"300\" height=\"232\" srcset=\"https:\/\/cuernavaca.gob.mx\/wp-content\/uploads\/2023\/07\/CONSEJO-DE-CIUDADES-HERMANAS-DE-CUERNAVACA-FORTALECERA-SUS-FUNCIONES-PARA-SUMAR-A-LA-REACTIVACION-TURISTICA-Y-ECONOMICA-DE-LA-CIUDAD-8-300x232.jpeg 300w, https:\/\/cuernavaca.gob.mx\/wp-content\/uploads\/2023\/07\/CONSEJO-DE-CIUDADES-HERMANAS-DE-CUERNAVACA-FORTALECERA-SUS-FUNCIONES-PARA-SUMAR-A-LA-REACTIVACION-TURISTICA-Y-ECONOMICA-DE-LA-CIUDAD-8-1024x791.jpeg 1024w, https:\/\/cuernavaca.gob.mx\/wp-content\/uploads\/2023\/07\/CONSEJO-DE-CIUDADES-HERMANAS-DE-CUERNAVACA-FORTALECERA-SUS-FUNCIONES-PARA-SUMAR-A-LA-REACTIVACION-TURISTICA-Y-ECONOMICA-DE-LA-CIUDAD-8-768x593.jpeg 768w, https:\/\/cuernavaca.gob.mx\/wp-content\/uploads\/2023\/07\/CONSEJO-DE-CIUDADES-HERMANAS-DE-CUERNAVACA-FORTALECERA-SUS-FUNCIONES-PARA-SUMAR-A-LA-REACTIVACION-TURISTICA-Y-ECONOMICA-DE-LA-CIUDAD-8-600x463.jpeg 600w, https:\/\/cuernavaca.gob.mx\/wp-content\/uploads\/2023\/07\/CONSEJO-DE-CIUDADES-HERMANAS-DE-CUERNAVACA-FORTALECERA-SUS-FUNCIONES-PARA-SUMAR-A-LA-REACTIVACION-TURISTICA-Y-ECONOMICA-DE-LA-CIUDAD-8-560x432.jpeg 560w, https:\/\/cuernavaca.gob.mx\/wp-content\/uploads\/2023\/07\/CONSEJO-DE-CIUDADES-HERMANAS-DE-CUERNAVACA-FORTALECERA-SUS-FUNCIONES-PARA-SUMAR-A-LA-REACTIVACION-TURISTICA-Y-ECONOMICA-DE-LA-CIUDAD-8.jpeg 1224w\" sizes=\"(max-width: 300px) 100vw, 300px\" \/><\/div>\n","protected":false},"excerpt":{"rendered":"<p>\u2022 En el marco de la segunda sesi\u00f3n ordinaria, se present\u00f3 el Reglamento del Consejo de Ciudades Hermanas del Municipio, que deber\u00e1 contar tambi\u00e9n con el aval del Cabildo\u00a0 \u2022 Se inform\u00f3 que Cuernavaca, a trav\u00e9s del presidente municipal, Jos\u00e9 Luis Uri\u00f3stegui, estar\u00e1 participando en el ciclo de cine- debate por la paz \u201cHiroshima: ciudad [&hellip;]<\/p>\n","protected":false},"author":1,"featured_media":30668,"comment_status":"closed","ping_status":"open","sticky":false,"template":"","format":"standard","meta":[],"categories":[2294,21],"tags":[1708,121,190,375,120,206,194],"aioseo_notices":[],"_links":{"self":[{"href":"https:\/\/cuernavaca.gob.mx\/index.php?rest_route=\/wp\/v2\/posts\/30660"}],"collection":[{"href":"https:\/\/cuernavaca.gob.mx\/index.php?rest_route=\/wp\/v2\/posts"}],"about":[{"href":"https:\/\/cuernavaca.gob.mx\/index.php?rest_route=\/wp\/v2\/types\/post"}],"author":[{"embeddable":true,"href":"https:\/\/cuernavaca.gob.mx\/index.php?rest_route=\/wp\/v2\/users\/1"}],"replies":[{"embeddable":true,"href":"https:\/\/cuernavaca.gob.mx\/index.php?rest_route=%2Fwp%2Fv2%2Fcomments&post=30660"}],"version-history":[{"count":1,"href":"https:\/\/cuernavaca.gob.mx\/index.php?rest_route=\/wp\/v2\/posts\/30660\/revisions"}],"predecessor-version":[{"id":30669,"href":"https:\/\/cuernavaca.gob.mx\/index.php?rest_route=\/wp\/v2\/posts\/30660\/revisions\/30669"}],"wp:featuredmedia":[{"embeddable":true,"href":"https:\/\/cuernavaca.gob.mx\/index.php?rest_route=\/wp\/v2\/media\/30668"}],"wp:attachment":[{"href":"https:\/\/cuernavaca.gob.mx\/index.php?rest_route=%2Fwp%2Fv2%2Fmedia&parent=30660"}],"wp:term":[{"taxonomy":"category","embeddable":true,"href":"https:\/\/cuernavaca.gob.mx\/index.php?rest_route=%2Fwp%2Fv2%2Fcategories&post=30660"},{"taxonomy":"post_tag","embeddable":true,"href":"https:\/\/cuernavaca.gob.mx\/index.php?rest_route=%2Fwp%2Fv2%2Ftags&post=30660"}],"curies":[{"name":"wp","href":"https:\/\/api.w.org\/{rel}","templated":true}]}}