{"id":30670,"date":"2023-07-21T17:14:08","date_gmt":"2023-07-21T23:14:08","guid":{"rendered":"https:\/\/cuernavaca.gob.mx\/?p=30670"},"modified":"2025-05-06T14:05:51","modified_gmt":"2025-05-06T20:05:51","slug":"f463-21-07-23-se-presentan-avances-en-los-trabajos-de-rehabilitacion-del-parque-porfirio-diaz-para-su-proxima-reapertura","status":"publish","type":"post","link":"https:\/\/cuernavaca.gob.mx\/?p=30670","title":{"rendered":"F463 21\/07\/23 SE PRESENTAN AVANCES EN LOS TRABAJOS DE REHABILITACI\u00d3N DEL PARQUE PORFIRIO D\u00cdAZ PARA SU PR\u00d3XIMA REAPERTURA"},"content":{"rendered":"<p>El presidente municipal de Cuernavaca, Jos\u00e9 Luis Uri\u00f3stegui Salgado, acompa\u00f1ado de integrantes del Consejo de Ciudades Hermanas del Municipio y de representantes de los medios de comunicaci\u00f3n, supervis\u00f3 este viernes los avances en los trabajos de intervenci\u00f3n del parque Porfirio D\u00edaz, estimando que la pr\u00f3xima semana se lleve a cabo su reapertura para el disfrute de familias enteras, como un espacio seguro de convivencia y atracci\u00f3n tur\u00edstica para los visitantes esta temporada vacacional.<\/p>\n<p>Tras felicitar al personal de la Secretar\u00eda de Desarrollo Sustentable y Servicios P\u00fablicos por la ardua labor que han desempe\u00f1ado desde el pasado mes de abril para rehabilitar este espacio hist\u00f3rico, el alcalde destac\u00f3 el avance notorio de los trabajos que consistieron desde la limpieza del lugar, hasta el chaponeo y recolecci\u00f3n de desechos generados a un a\u00f1o de mantenerse cerrado por el Ministerio P\u00fablico, el an\u00e1lisis completo de las \u00e1reas de recreaci\u00f3n del parque para su reparaci\u00f3n, la restituci\u00f3n de plantas y la pinta de los espacios que se logr\u00f3 tambi\u00e9n con la donaci\u00f3n de cubetas por una empresa de pintura.<\/p>\n<p>Puntualiz\u00f3 que al pretender que sea un espacio cien por ciento familiar, colocaron juegos infantiles y ofrecer\u00e1n distintas actividades, como exposiciones y clases de pintura los fines de semana, \u201cse trata que este parque que est\u00e1 en el centro de la ciudad tenga una reactivaci\u00f3n total y la gente pueda venir a pasar horas y disfrutar en familia, con una convivencia integral\u201d.<\/p>\n<p>Como ya lo hab\u00eda anunciado, Jos\u00e9 Luis Uri\u00f3stegui, reiter\u00f3 que el Paseo Ribere\u00f1o seguir\u00e1 cerrado, a fin de evitar riesgos, puesto que se encuentran en la etapa de valoraci\u00f3n t\u00e9cnica de la construcci\u00f3n met\u00e1lica, toda vez que, si bien Gobierno del Estado invirti\u00f3 recursos en el a\u00f1o 2021 para mejorarlo, t\u00e9cnicos en la materia han emitido opiniones en el sentido de que no es oportuno su uso en este momento.<\/p>\n<p><img loading=\"lazy\" class=\"alignnone size-medium wp-image-30671\" src=\"https:\/\/cuernavaca.gob.mx\/wp-content\/uploads\/2023\/07\/SE-PRESENTAN-AVANCES-EN-LOS-TRABAJOS-DE-REHABILITACION-DEL-PARQUE-PORFIRIO-DIAZ-PARA-SU-PROXIMA-REAPERTURA-1-300x200.jpeg\" alt=\"\" width=\"300\" height=\"200\" srcset=\"https:\/\/cuernavaca.gob.mx\/wp-content\/uploads\/2023\/07\/SE-PRESENTAN-AVANCES-EN-LOS-TRABAJOS-DE-REHABILITACION-DEL-PARQUE-PORFIRIO-DIAZ-PARA-SU-PROXIMA-REAPERTURA-1-300x200.jpeg 300w, https:\/\/cuernavaca.gob.mx\/wp-content\/uploads\/2023\/07\/SE-PRESENTAN-AVANCES-EN-LOS-TRABAJOS-DE-REHABILITACION-DEL-PARQUE-PORFIRIO-DIAZ-PARA-SU-PROXIMA-REAPERTURA-1-1024x683.jpeg 1024w, https:\/\/cuernavaca.gob.mx\/wp-content\/uploads\/2023\/07\/SE-PRESENTAN-AVANCES-EN-LOS-TRABAJOS-DE-REHABILITACION-DEL-PARQUE-PORFIRIO-DIAZ-PARA-SU-PROXIMA-REAPERTURA-1-768x512.jpeg 768w, https:\/\/cuernavaca.gob.mx\/wp-content\/uploads\/2023\/07\/SE-PRESENTAN-AVANCES-EN-LOS-TRABAJOS-DE-REHABILITACION-DEL-PARQUE-PORFIRIO-DIAZ-PARA-SU-PROXIMA-REAPERTURA-1-1536x1024.jpeg 1536w, https:\/\/cuernavaca.gob.mx\/wp-content\/uploads\/2023\/07\/SE-PRESENTAN-AVANCES-EN-LOS-TRABAJOS-DE-REHABILITACION-DEL-PARQUE-PORFIRIO-DIAZ-PARA-SU-PROXIMA-REAPERTURA-1-600x400.jpeg 600w, https:\/\/cuernavaca.gob.mx\/wp-content\/uploads\/2023\/07\/SE-PRESENTAN-AVANCES-EN-LOS-TRABAJOS-DE-REHABILITACION-DEL-PARQUE-PORFIRIO-DIAZ-PARA-SU-PROXIMA-REAPERTURA-1-560x373.jpeg 560w, https:\/\/cuernavaca.gob.mx\/wp-content\/uploads\/2023\/07\/SE-PRESENTAN-AVANCES-EN-LOS-TRABAJOS-DE-REHABILITACION-DEL-PARQUE-PORFIRIO-DIAZ-PARA-SU-PROXIMA-REAPERTURA-1.jpeg 1599w\" sizes=\"(max-width: 300px) 100vw, 300px\" \/> <img loading=\"lazy\" class=\"alignnone size-medium wp-image-30672\" src=\"https:\/\/cuernavaca.gob.mx\/wp-content\/uploads\/2023\/07\/SE-PRESENTAN-AVANCES-EN-LOS-TRABAJOS-DE-REHABILITACION-DEL-PARQUE-PORFIRIO-DIAZ-PARA-SU-PROXIMA-REAPERTURA-2-300x200.jpeg\" alt=\"\" width=\"300\" height=\"200\" srcset=\"https:\/\/cuernavaca.gob.mx\/wp-content\/uploads\/2023\/07\/SE-PRESENTAN-AVANCES-EN-LOS-TRABAJOS-DE-REHABILITACION-DEL-PARQUE-PORFIRIO-DIAZ-PARA-SU-PROXIMA-REAPERTURA-2-300x200.jpeg 300w, https:\/\/cuernavaca.gob.mx\/wp-content\/uploads\/2023\/07\/SE-PRESENTAN-AVANCES-EN-LOS-TRABAJOS-DE-REHABILITACION-DEL-PARQUE-PORFIRIO-DIAZ-PARA-SU-PROXIMA-REAPERTURA-2-1024x683.jpeg 1024w, https:\/\/cuernavaca.gob.mx\/wp-content\/uploads\/2023\/07\/SE-PRESENTAN-AVANCES-EN-LOS-TRABAJOS-DE-REHABILITACION-DEL-PARQUE-PORFIRIO-DIAZ-PARA-SU-PROXIMA-REAPERTURA-2-768x512.jpeg 768w, https:\/\/cuernavaca.gob.mx\/wp-content\/uploads\/2023\/07\/SE-PRESENTAN-AVANCES-EN-LOS-TRABAJOS-DE-REHABILITACION-DEL-PARQUE-PORFIRIO-DIAZ-PARA-SU-PROXIMA-REAPERTURA-2-1536x1024.jpeg 1536w, https:\/\/cuernavaca.gob.mx\/wp-content\/uploads\/2023\/07\/SE-PRESENTAN-AVANCES-EN-LOS-TRABAJOS-DE-REHABILITACION-DEL-PARQUE-PORFIRIO-DIAZ-PARA-SU-PROXIMA-REAPERTURA-2-600x400.jpeg 600w, https:\/\/cuernavaca.gob.mx\/wp-content\/uploads\/2023\/07\/SE-PRESENTAN-AVANCES-EN-LOS-TRABAJOS-DE-REHABILITACION-DEL-PARQUE-PORFIRIO-DIAZ-PARA-SU-PROXIMA-REAPERTURA-2-560x373.jpeg 560w, https:\/\/cuernavaca.gob.mx\/wp-content\/uploads\/2023\/07\/SE-PRESENTAN-AVANCES-EN-LOS-TRABAJOS-DE-REHABILITACION-DEL-PARQUE-PORFIRIO-DIAZ-PARA-SU-PROXIMA-REAPERTURA-2.jpeg 1599w\" sizes=\"(max-width: 300px) 100vw, 300px\" \/> <img loading=\"lazy\" class=\"alignnone size-medium wp-image-30673\" src=\"https:\/\/cuernavaca.gob.mx\/wp-content\/uploads\/2023\/07\/SE-PRESENTAN-AVANCES-EN-LOS-TRABAJOS-DE-REHABILITACION-DEL-PARQUE-PORFIRIO-DIAZ-PARA-SU-PROXIMA-REAPERTURA-3-300x200.jpeg\" alt=\"\" width=\"300\" height=\"200\" srcset=\"https:\/\/cuernavaca.gob.mx\/wp-content\/uploads\/2023\/07\/SE-PRESENTAN-AVANCES-EN-LOS-TRABAJOS-DE-REHABILITACION-DEL-PARQUE-PORFIRIO-DIAZ-PARA-SU-PROXIMA-REAPERTURA-3-300x200.jpeg 300w, https:\/\/cuernavaca.gob.mx\/wp-content\/uploads\/2023\/07\/SE-PRESENTAN-AVANCES-EN-LOS-TRABAJOS-DE-REHABILITACION-DEL-PARQUE-PORFIRIO-DIAZ-PARA-SU-PROXIMA-REAPERTURA-3-1024x683.jpeg 1024w, https:\/\/cuernavaca.gob.mx\/wp-content\/uploads\/2023\/07\/SE-PRESENTAN-AVANCES-EN-LOS-TRABAJOS-DE-REHABILITACION-DEL-PARQUE-PORFIRIO-DIAZ-PARA-SU-PROXIMA-REAPERTURA-3-768x512.jpeg 768w, https:\/\/cuernavaca.gob.mx\/wp-content\/uploads\/2023\/07\/SE-PRESENTAN-AVANCES-EN-LOS-TRABAJOS-DE-REHABILITACION-DEL-PARQUE-PORFIRIO-DIAZ-PARA-SU-PROXIMA-REAPERTURA-3-1536x1024.jpeg 1536w, https:\/\/cuernavaca.gob.mx\/wp-content\/uploads\/2023\/07\/SE-PRESENTAN-AVANCES-EN-LOS-TRABAJOS-DE-REHABILITACION-DEL-PARQUE-PORFIRIO-DIAZ-PARA-SU-PROXIMA-REAPERTURA-3-600x400.jpeg 600w, https:\/\/cuernavaca.gob.mx\/wp-content\/uploads\/2023\/07\/SE-PRESENTAN-AVANCES-EN-LOS-TRABAJOS-DE-REHABILITACION-DEL-PARQUE-PORFIRIO-DIAZ-PARA-SU-PROXIMA-REAPERTURA-3-560x373.jpeg 560w, https:\/\/cuernavaca.gob.mx\/wp-content\/uploads\/2023\/07\/SE-PRESENTAN-AVANCES-EN-LOS-TRABAJOS-DE-REHABILITACION-DEL-PARQUE-PORFIRIO-DIAZ-PARA-SU-PROXIMA-REAPERTURA-3.jpeg 1599w\" sizes=\"(max-width: 300px) 100vw, 300px\" \/> <img loading=\"lazy\" class=\"alignnone size-medium wp-image-30674\" src=\"https:\/\/cuernavaca.gob.mx\/wp-content\/uploads\/2023\/07\/SE-PRESENTAN-AVANCES-EN-LOS-TRABAJOS-DE-REHABILITACION-DEL-PARQUE-PORFIRIO-DIAZ-PARA-SU-PROXIMA-REAPERTURA-4-300x200.jpeg\" alt=\"\" width=\"300\" height=\"200\" srcset=\"https:\/\/cuernavaca.gob.mx\/wp-content\/uploads\/2023\/07\/SE-PRESENTAN-AVANCES-EN-LOS-TRABAJOS-DE-REHABILITACION-DEL-PARQUE-PORFIRIO-DIAZ-PARA-SU-PROXIMA-REAPERTURA-4-300x200.jpeg 300w, https:\/\/cuernavaca.gob.mx\/wp-content\/uploads\/2023\/07\/SE-PRESENTAN-AVANCES-EN-LOS-TRABAJOS-DE-REHABILITACION-DEL-PARQUE-PORFIRIO-DIAZ-PARA-SU-PROXIMA-REAPERTURA-4-1024x683.jpeg 1024w, https:\/\/cuernavaca.gob.mx\/wp-content\/uploads\/2023\/07\/SE-PRESENTAN-AVANCES-EN-LOS-TRABAJOS-DE-REHABILITACION-DEL-PARQUE-PORFIRIO-DIAZ-PARA-SU-PROXIMA-REAPERTURA-4-768x512.jpeg 768w, https:\/\/cuernavaca.gob.mx\/wp-content\/uploads\/2023\/07\/SE-PRESENTAN-AVANCES-EN-LOS-TRABAJOS-DE-REHABILITACION-DEL-PARQUE-PORFIRIO-DIAZ-PARA-SU-PROXIMA-REAPERTURA-4-1536x1024.jpeg 1536w, https:\/\/cuernavaca.gob.mx\/wp-content\/uploads\/2023\/07\/SE-PRESENTAN-AVANCES-EN-LOS-TRABAJOS-DE-REHABILITACION-DEL-PARQUE-PORFIRIO-DIAZ-PARA-SU-PROXIMA-REAPERTURA-4-600x400.jpeg 600w, https:\/\/cuernavaca.gob.mx\/wp-content\/uploads\/2023\/07\/SE-PRESENTAN-AVANCES-EN-LOS-TRABAJOS-DE-REHABILITACION-DEL-PARQUE-PORFIRIO-DIAZ-PARA-SU-PROXIMA-REAPERTURA-4-560x373.jpeg 560w, https:\/\/cuernavaca.gob.mx\/wp-content\/uploads\/2023\/07\/SE-PRESENTAN-AVANCES-EN-LOS-TRABAJOS-DE-REHABILITACION-DEL-PARQUE-PORFIRIO-DIAZ-PARA-SU-PROXIMA-REAPERTURA-4.jpeg 1599w\" sizes=\"(max-width: 300px) 100vw, 300px\" \/> <img loading=\"lazy\" class=\"alignnone size-medium wp-image-30675\" src=\"https:\/\/cuernavaca.gob.mx\/wp-content\/uploads\/2023\/07\/SE-PRESENTAN-AVANCES-EN-LOS-TRABAJOS-DE-REHABILITACION-DEL-PARQUE-PORFIRIO-DIAZ-PARA-SU-PROXIMA-REAPERTURA-5-300x200.jpeg\" alt=\"\" width=\"300\" height=\"200\" srcset=\"https:\/\/cuernavaca.gob.mx\/wp-content\/uploads\/2023\/07\/SE-PRESENTAN-AVANCES-EN-LOS-TRABAJOS-DE-REHABILITACION-DEL-PARQUE-PORFIRIO-DIAZ-PARA-SU-PROXIMA-REAPERTURA-5-300x200.jpeg 300w, https:\/\/cuernavaca.gob.mx\/wp-content\/uploads\/2023\/07\/SE-PRESENTAN-AVANCES-EN-LOS-TRABAJOS-DE-REHABILITACION-DEL-PARQUE-PORFIRIO-DIAZ-PARA-SU-PROXIMA-REAPERTURA-5-1024x683.jpeg 1024w, https:\/\/cuernavaca.gob.mx\/wp-content\/uploads\/2023\/07\/SE-PRESENTAN-AVANCES-EN-LOS-TRABAJOS-DE-REHABILITACION-DEL-PARQUE-PORFIRIO-DIAZ-PARA-SU-PROXIMA-REAPERTURA-5-768x512.jpeg 768w, https:\/\/cuernavaca.gob.mx\/wp-content\/uploads\/2023\/07\/SE-PRESENTAN-AVANCES-EN-LOS-TRABAJOS-DE-REHABILITACION-DEL-PARQUE-PORFIRIO-DIAZ-PARA-SU-PROXIMA-REAPERTURA-5-1536x1024.jpeg 1536w, https:\/\/cuernavaca.gob.mx\/wp-content\/uploads\/2023\/07\/SE-PRESENTAN-AVANCES-EN-LOS-TRABAJOS-DE-REHABILITACION-DEL-PARQUE-PORFIRIO-DIAZ-PARA-SU-PROXIMA-REAPERTURA-5-600x400.jpeg 600w, https:\/\/cuernavaca.gob.mx\/wp-content\/uploads\/2023\/07\/SE-PRESENTAN-AVANCES-EN-LOS-TRABAJOS-DE-REHABILITACION-DEL-PARQUE-PORFIRIO-DIAZ-PARA-SU-PROXIMA-REAPERTURA-5-560x373.jpeg 560w, https:\/\/cuernavaca.gob.mx\/wp-content\/uploads\/2023\/07\/SE-PRESENTAN-AVANCES-EN-LOS-TRABAJOS-DE-REHABILITACION-DEL-PARQUE-PORFIRIO-DIAZ-PARA-SU-PROXIMA-REAPERTURA-5.jpeg 1599w\" sizes=\"(max-width: 300px) 100vw, 300px\" \/> <img loading=\"lazy\" class=\"alignnone size-medium wp-image-30676\" src=\"https:\/\/cuernavaca.gob.mx\/wp-content\/uploads\/2023\/07\/SE-PRESENTAN-AVANCES-EN-LOS-TRABAJOS-DE-REHABILITACION-DEL-PARQUE-PORFIRIO-DIAZ-PARA-SU-PROXIMA-REAPERTURA-6-300x200.jpeg\" alt=\"\" width=\"300\" height=\"200\" srcset=\"https:\/\/cuernavaca.gob.mx\/wp-content\/uploads\/2023\/07\/SE-PRESENTAN-AVANCES-EN-LOS-TRABAJOS-DE-REHABILITACION-DEL-PARQUE-PORFIRIO-DIAZ-PARA-SU-PROXIMA-REAPERTURA-6-300x200.jpeg 300w, https:\/\/cuernavaca.gob.mx\/wp-content\/uploads\/2023\/07\/SE-PRESENTAN-AVANCES-EN-LOS-TRABAJOS-DE-REHABILITACION-DEL-PARQUE-PORFIRIO-DIAZ-PARA-SU-PROXIMA-REAPERTURA-6-1024x683.jpeg 1024w, https:\/\/cuernavaca.gob.mx\/wp-content\/uploads\/2023\/07\/SE-PRESENTAN-AVANCES-EN-LOS-TRABAJOS-DE-REHABILITACION-DEL-PARQUE-PORFIRIO-DIAZ-PARA-SU-PROXIMA-REAPERTURA-6-768x512.jpeg 768w, https:\/\/cuernavaca.gob.mx\/wp-content\/uploads\/2023\/07\/SE-PRESENTAN-AVANCES-EN-LOS-TRABAJOS-DE-REHABILITACION-DEL-PARQUE-PORFIRIO-DIAZ-PARA-SU-PROXIMA-REAPERTURA-6-1536x1024.jpeg 1536w, https:\/\/cuernavaca.gob.mx\/wp-content\/uploads\/2023\/07\/SE-PRESENTAN-AVANCES-EN-LOS-TRABAJOS-DE-REHABILITACION-DEL-PARQUE-PORFIRIO-DIAZ-PARA-SU-PROXIMA-REAPERTURA-6-600x400.jpeg 600w, https:\/\/cuernavaca.gob.mx\/wp-content\/uploads\/2023\/07\/SE-PRESENTAN-AVANCES-EN-LOS-TRABAJOS-DE-REHABILITACION-DEL-PARQUE-PORFIRIO-DIAZ-PARA-SU-PROXIMA-REAPERTURA-6-560x373.jpeg 560w, https:\/\/cuernavaca.gob.mx\/wp-content\/uploads\/2023\/07\/SE-PRESENTAN-AVANCES-EN-LOS-TRABAJOS-DE-REHABILITACION-DEL-PARQUE-PORFIRIO-DIAZ-PARA-SU-PROXIMA-REAPERTURA-6.jpeg 1599w\" sizes=\"(max-width: 300px) 100vw, 300px\" \/> <img loading=\"lazy\" class=\"alignnone size-medium wp-image-30677\" src=\"https:\/\/cuernavaca.gob.mx\/wp-content\/uploads\/2023\/07\/SE-PRESENTAN-AVANCES-EN-LOS-TRABAJOS-DE-REHABILITACION-DEL-PARQUE-PORFIRIO-DIAZ-PARA-SU-PROXIMA-REAPERTURA-7-300x200.jpeg\" alt=\"\" width=\"300\" height=\"200\" srcset=\"https:\/\/cuernavaca.gob.mx\/wp-content\/uploads\/2023\/07\/SE-PRESENTAN-AVANCES-EN-LOS-TRABAJOS-DE-REHABILITACION-DEL-PARQUE-PORFIRIO-DIAZ-PARA-SU-PROXIMA-REAPERTURA-7-300x200.jpeg 300w, https:\/\/cuernavaca.gob.mx\/wp-content\/uploads\/2023\/07\/SE-PRESENTAN-AVANCES-EN-LOS-TRABAJOS-DE-REHABILITACION-DEL-PARQUE-PORFIRIO-DIAZ-PARA-SU-PROXIMA-REAPERTURA-7-1024x683.jpeg 1024w, https:\/\/cuernavaca.gob.mx\/wp-content\/uploads\/2023\/07\/SE-PRESENTAN-AVANCES-EN-LOS-TRABAJOS-DE-REHABILITACION-DEL-PARQUE-PORFIRIO-DIAZ-PARA-SU-PROXIMA-REAPERTURA-7-768x512.jpeg 768w, https:\/\/cuernavaca.gob.mx\/wp-content\/uploads\/2023\/07\/SE-PRESENTAN-AVANCES-EN-LOS-TRABAJOS-DE-REHABILITACION-DEL-PARQUE-PORFIRIO-DIAZ-PARA-SU-PROXIMA-REAPERTURA-7-1536x1024.jpeg 1536w, https:\/\/cuernavaca.gob.mx\/wp-content\/uploads\/2023\/07\/SE-PRESENTAN-AVANCES-EN-LOS-TRABAJOS-DE-REHABILITACION-DEL-PARQUE-PORFIRIO-DIAZ-PARA-SU-PROXIMA-REAPERTURA-7-600x400.jpeg 600w, https:\/\/cuernavaca.gob.mx\/wp-content\/uploads\/2023\/07\/SE-PRESENTAN-AVANCES-EN-LOS-TRABAJOS-DE-REHABILITACION-DEL-PARQUE-PORFIRIO-DIAZ-PARA-SU-PROXIMA-REAPERTURA-7-560x373.jpeg 560w, https:\/\/cuernavaca.gob.mx\/wp-content\/uploads\/2023\/07\/SE-PRESENTAN-AVANCES-EN-LOS-TRABAJOS-DE-REHABILITACION-DEL-PARQUE-PORFIRIO-DIAZ-PARA-SU-PROXIMA-REAPERTURA-7.jpeg 1599w\" sizes=\"(max-width: 300px) 100vw, 300px\" \/> <img loading=\"lazy\" class=\"alignnone size-medium wp-image-30678\" src=\"https:\/\/cuernavaca.gob.mx\/wp-content\/uploads\/2023\/07\/SE-PRESENTAN-AVANCES-EN-LOS-TRABAJOS-DE-REHABILITACION-DEL-PARQUE-PORFIRIO-DIAZ-PARA-SU-PROXIMA-REAPERTURA-8-300x200.jpeg\" alt=\"\" width=\"300\" height=\"200\" srcset=\"https:\/\/cuernavaca.gob.mx\/wp-content\/uploads\/2023\/07\/SE-PRESENTAN-AVANCES-EN-LOS-TRABAJOS-DE-REHABILITACION-DEL-PARQUE-PORFIRIO-DIAZ-PARA-SU-PROXIMA-REAPERTURA-8-300x200.jpeg 300w, https:\/\/cuernavaca.gob.mx\/wp-content\/uploads\/2023\/07\/SE-PRESENTAN-AVANCES-EN-LOS-TRABAJOS-DE-REHABILITACION-DEL-PARQUE-PORFIRIO-DIAZ-PARA-SU-PROXIMA-REAPERTURA-8-1024x683.jpeg 1024w, https:\/\/cuernavaca.gob.mx\/wp-content\/uploads\/2023\/07\/SE-PRESENTAN-AVANCES-EN-LOS-TRABAJOS-DE-REHABILITACION-DEL-PARQUE-PORFIRIO-DIAZ-PARA-SU-PROXIMA-REAPERTURA-8-768x512.jpeg 768w, https:\/\/cuernavaca.gob.mx\/wp-content\/uploads\/2023\/07\/SE-PRESENTAN-AVANCES-EN-LOS-TRABAJOS-DE-REHABILITACION-DEL-PARQUE-PORFIRIO-DIAZ-PARA-SU-PROXIMA-REAPERTURA-8-1536x1024.jpeg 1536w, https:\/\/cuernavaca.gob.mx\/wp-content\/uploads\/2023\/07\/SE-PRESENTAN-AVANCES-EN-LOS-TRABAJOS-DE-REHABILITACION-DEL-PARQUE-PORFIRIO-DIAZ-PARA-SU-PROXIMA-REAPERTURA-8-600x400.jpeg 600w, https:\/\/cuernavaca.gob.mx\/wp-content\/uploads\/2023\/07\/SE-PRESENTAN-AVANCES-EN-LOS-TRABAJOS-DE-REHABILITACION-DEL-PARQUE-PORFIRIO-DIAZ-PARA-SU-PROXIMA-REAPERTURA-8-560x373.jpeg 560w, https:\/\/cuernavaca.gob.mx\/wp-content\/uploads\/2023\/07\/SE-PRESENTAN-AVANCES-EN-LOS-TRABAJOS-DE-REHABILITACION-DEL-PARQUE-PORFIRIO-DIAZ-PARA-SU-PROXIMA-REAPERTURA-8.jpeg 1599w\" sizes=\"(max-width: 300px) 100vw, 300px\" \/><\/p>\n","protected":false},"excerpt":{"rendered":"<p>El presidente municipal de Cuernavaca, Jos\u00e9 Luis Uri\u00f3stegui Salgado, acompa\u00f1ado de integrantes del Consejo de Ciudades Hermanas del Municipio y de representantes de los medios de comunicaci\u00f3n, supervis\u00f3 este viernes los avances en los trabajos de intervenci\u00f3n del parque Porfirio D\u00edaz, estimando que la pr\u00f3xima semana se lleve a cabo su reapertura para el disfrute [&hellip;]<\/p>\n","protected":false},"author":1,"featured_media":30672,"comment_status":"closed","ping_status":"open","sticky":false,"template":"","format":"standard","meta":[],"categories":[2414],"tags":[121,190,220,120,206,1551,1446,2578],"aioseo_notices":[],"_links":{"self":[{"href":"https:\/\/cuernavaca.gob.mx\/index.php?rest_route=\/wp\/v2\/posts\/30670"}],"collection":[{"href":"https:\/\/cuernavaca.gob.mx\/index.php?rest_route=\/wp\/v2\/posts"}],"about":[{"href":"https:\/\/cuernavaca.gob.mx\/index.php?rest_route=\/wp\/v2\/types\/post"}],"author":[{"embeddable":true,"href":"https:\/\/cuernavaca.gob.mx\/index.php?rest_route=\/wp\/v2\/users\/1"}],"replies":[{"embeddable":true,"href":"https:\/\/cuernavaca.gob.mx\/index.php?rest_route=%2Fwp%2Fv2%2Fcomments&post=30670"}],"version-history":[{"count":1,"href":"https:\/\/cuernavaca.gob.mx\/index.php?rest_route=\/wp\/v2\/posts\/30670\/revisions"}],"predecessor-version":[{"id":30679,"href":"https:\/\/cuernavaca.gob.mx\/index.php?rest_route=\/wp\/v2\/posts\/30670\/revisions\/30679"}],"wp:featuredmedia":[{"embeddable":true,"href":"https:\/\/cuernavaca.gob.mx\/index.php?rest_route=\/wp\/v2\/media\/30672"}],"wp:attachment":[{"href":"https:\/\/cuernavaca.gob.mx\/index.php?rest_route=%2Fwp%2Fv2%2Fmedia&parent=30670"}],"wp:term":[{"taxonomy":"category","embeddable":true,"href":"https:\/\/cuernavaca.gob.mx\/index.php?rest_route=%2Fwp%2Fv2%2Fcategories&post=30670"},{"taxonomy":"post_tag","embeddable":true,"href":"https:\/\/cuernavaca.gob.mx\/index.php?rest_route=%2Fwp%2Fv2%2Ftags&post=30670"}],"curies":[{"name":"wp","href":"https:\/\/api.w.org\/{rel}","templated":true}]}}