{"id":30687,"date":"2023-07-21T17:20:41","date_gmt":"2023-07-21T23:20:41","guid":{"rendered":"https:\/\/cuernavaca.gob.mx\/?p=30687"},"modified":"2025-05-06T14:05:51","modified_gmt":"2025-05-06T20:05:51","slug":"b464-21-07-23-inicia-este-sabado-el-segundo-festival-cultural-de-verano-cuernavaca-2023","status":"publish","type":"post","link":"https:\/\/cuernavaca.gob.mx\/?p=30687","title":{"rendered":"B464 21\/07\/23 INICIA ESTE S\u00c1BADO EL SEGUNDO FESTIVAL CULTURAL DE VERANO CUERNAVACA 2023"},"content":{"rendered":"<p>La ciudad de Cuernavaca est\u00e1 lista para arrancar este s\u00e1bado 22 de julio el Segundo Festival Cultural de Verano Cuernavaca 2023, con una callejoneada de estudiantinas y tunas que partir\u00e1 de Catedral hasta el kiosko a las 17:00 horas, ofreciendo un ambiente cien por ciento familiar, donde el arte y la cultura se conjugan para recuperar continuar recuperando una de las m\u00e1s tradicionales actividades en la Eterna Primavera.<\/p>\n<p>La secretaria de Desarrollo Humano y Participaci\u00f3n Social, Laura Hern\u00e1ndez Cruz, resalt\u00f3 que esta segunda edici\u00f3n que se llevar\u00e1 a cabo a partir del 22 hasta el domingo 30 de julio contar\u00e1 con ocho sedes distintas y 25 eventos con m\u00e1s de 50 artistas locales en escena, totalmente gratuito; iniciando este s\u00e1bado tambi\u00e9n con la presentaci\u00f3n de Moana \u201cDanza Polinesia\u201d a las 17:00 horas en el Museo de la Ciudad de Cuernavaca (MUCIC).<\/p>\n<p>Al ser el MUCIC una de las principales sedes del festival, el domingo 23 de julio albergar\u00e1 el concierto \u201cEntre Cuerdas y Trinos\u201d a las 12:00 horas y el lunes 24 de julio el concierto \u201cPrimavera en Cuernavaca\u201d a cargo del Coro Fulgencio \u00c1vila Camacho, que tendr\u00e1 verificativo a las 18:00 horas; para acceder a estos eventos no se necesitan boletos.<\/p>\n<p>La cartelera completa del Segundo Festival Cultural de Verano Cuernavaca 2023 se puede consultar y descargar en la p\u00e1gina www.cuernavaca.gob.mx, as\u00ed como en las redes sociales oficiales del Municipio de Cuernavaca, de la Secretar\u00eda de Desarrollo Humano y Participaci\u00f3n Social, y del Instituto de Cultura de Cuernavaca- MUCIC.<\/p>\n<p><img loading=\"lazy\" class=\"alignnone size-medium wp-image-30688\" src=\"https:\/\/cuernavaca.gob.mx\/wp-content\/uploads\/2023\/07\/INICIA-ESTE-SABADO-EL-SEGUNDO-FESTIVAL-CULTURAL-DE-VERANO-CUERNAVACA-2023-1-300x300.jpeg\" alt=\"\" width=\"300\" height=\"300\" srcset=\"https:\/\/cuernavaca.gob.mx\/wp-content\/uploads\/2023\/07\/INICIA-ESTE-SABADO-EL-SEGUNDO-FESTIVAL-CULTURAL-DE-VERANO-CUERNAVACA-2023-1-300x300.jpeg 300w, https:\/\/cuernavaca.gob.mx\/wp-content\/uploads\/2023\/07\/INICIA-ESTE-SABADO-EL-SEGUNDO-FESTIVAL-CULTURAL-DE-VERANO-CUERNAVACA-2023-1-1024x1024.jpeg 1024w, https:\/\/cuernavaca.gob.mx\/wp-content\/uploads\/2023\/07\/INICIA-ESTE-SABADO-EL-SEGUNDO-FESTIVAL-CULTURAL-DE-VERANO-CUERNAVACA-2023-1-150x150.jpeg 150w, https:\/\/cuernavaca.gob.mx\/wp-content\/uploads\/2023\/07\/INICIA-ESTE-SABADO-EL-SEGUNDO-FESTIVAL-CULTURAL-DE-VERANO-CUERNAVACA-2023-1-768x768.jpeg 768w, https:\/\/cuernavaca.gob.mx\/wp-content\/uploads\/2023\/07\/INICIA-ESTE-SABADO-EL-SEGUNDO-FESTIVAL-CULTURAL-DE-VERANO-CUERNAVACA-2023-1-1536x1536.jpeg 1536w, https:\/\/cuernavaca.gob.mx\/wp-content\/uploads\/2023\/07\/INICIA-ESTE-SABADO-EL-SEGUNDO-FESTIVAL-CULTURAL-DE-VERANO-CUERNAVACA-2023-1-600x600.jpeg 600w, https:\/\/cuernavaca.gob.mx\/wp-content\/uploads\/2023\/07\/INICIA-ESTE-SABADO-EL-SEGUNDO-FESTIVAL-CULTURAL-DE-VERANO-CUERNAVACA-2023-1-560x560.jpeg 560w, https:\/\/cuernavaca.gob.mx\/wp-content\/uploads\/2023\/07\/INICIA-ESTE-SABADO-EL-SEGUNDO-FESTIVAL-CULTURAL-DE-VERANO-CUERNAVACA-2023-1.jpeg 1599w\" sizes=\"(max-width: 300px) 100vw, 300px\" \/> <img loading=\"lazy\" class=\"alignnone size-medium wp-image-30689\" src=\"https:\/\/cuernavaca.gob.mx\/wp-content\/uploads\/2023\/07\/INICIA-ESTE-SABADO-EL-SEGUNDO-FESTIVAL-CULTURAL-DE-VERANO-CUERNAVACA-2023-2-300x300.jpeg\" alt=\"\" width=\"300\" height=\"300\" srcset=\"https:\/\/cuernavaca.gob.mx\/wp-content\/uploads\/2023\/07\/INICIA-ESTE-SABADO-EL-SEGUNDO-FESTIVAL-CULTURAL-DE-VERANO-CUERNAVACA-2023-2-300x300.jpeg 300w, https:\/\/cuernavaca.gob.mx\/wp-content\/uploads\/2023\/07\/INICIA-ESTE-SABADO-EL-SEGUNDO-FESTIVAL-CULTURAL-DE-VERANO-CUERNAVACA-2023-2-1024x1024.jpeg 1024w, https:\/\/cuernavaca.gob.mx\/wp-content\/uploads\/2023\/07\/INICIA-ESTE-SABADO-EL-SEGUNDO-FESTIVAL-CULTURAL-DE-VERANO-CUERNAVACA-2023-2-150x150.jpeg 150w, https:\/\/cuernavaca.gob.mx\/wp-content\/uploads\/2023\/07\/INICIA-ESTE-SABADO-EL-SEGUNDO-FESTIVAL-CULTURAL-DE-VERANO-CUERNAVACA-2023-2-768x768.jpeg 768w, https:\/\/cuernavaca.gob.mx\/wp-content\/uploads\/2023\/07\/INICIA-ESTE-SABADO-EL-SEGUNDO-FESTIVAL-CULTURAL-DE-VERANO-CUERNAVACA-2023-2-1536x1536.jpeg 1536w, https:\/\/cuernavaca.gob.mx\/wp-content\/uploads\/2023\/07\/INICIA-ESTE-SABADO-EL-SEGUNDO-FESTIVAL-CULTURAL-DE-VERANO-CUERNAVACA-2023-2-600x600.jpeg 600w, https:\/\/cuernavaca.gob.mx\/wp-content\/uploads\/2023\/07\/INICIA-ESTE-SABADO-EL-SEGUNDO-FESTIVAL-CULTURAL-DE-VERANO-CUERNAVACA-2023-2-560x560.jpeg 560w, https:\/\/cuernavaca.gob.mx\/wp-content\/uploads\/2023\/07\/INICIA-ESTE-SABADO-EL-SEGUNDO-FESTIVAL-CULTURAL-DE-VERANO-CUERNAVACA-2023-2.jpeg 1599w\" sizes=\"(max-width: 300px) 100vw, 300px\" \/> <img loading=\"lazy\" class=\"alignnone size-medium wp-image-30690\" src=\"https:\/\/cuernavaca.gob.mx\/wp-content\/uploads\/2023\/07\/INICIA-ESTE-SABADO-EL-SEGUNDO-FESTIVAL-CULTURAL-DE-VERANO-CUERNAVACA-2023-3-300x300.jpeg\" alt=\"\" width=\"300\" height=\"300\" srcset=\"https:\/\/cuernavaca.gob.mx\/wp-content\/uploads\/2023\/07\/INICIA-ESTE-SABADO-EL-SEGUNDO-FESTIVAL-CULTURAL-DE-VERANO-CUERNAVACA-2023-3-300x300.jpeg 300w, https:\/\/cuernavaca.gob.mx\/wp-content\/uploads\/2023\/07\/INICIA-ESTE-SABADO-EL-SEGUNDO-FESTIVAL-CULTURAL-DE-VERANO-CUERNAVACA-2023-3-1024x1024.jpeg 1024w, https:\/\/cuernavaca.gob.mx\/wp-content\/uploads\/2023\/07\/INICIA-ESTE-SABADO-EL-SEGUNDO-FESTIVAL-CULTURAL-DE-VERANO-CUERNAVACA-2023-3-150x150.jpeg 150w, https:\/\/cuernavaca.gob.mx\/wp-content\/uploads\/2023\/07\/INICIA-ESTE-SABADO-EL-SEGUNDO-FESTIVAL-CULTURAL-DE-VERANO-CUERNAVACA-2023-3-768x768.jpeg 768w, https:\/\/cuernavaca.gob.mx\/wp-content\/uploads\/2023\/07\/INICIA-ESTE-SABADO-EL-SEGUNDO-FESTIVAL-CULTURAL-DE-VERANO-CUERNAVACA-2023-3-1536x1536.jpeg 1536w, https:\/\/cuernavaca.gob.mx\/wp-content\/uploads\/2023\/07\/INICIA-ESTE-SABADO-EL-SEGUNDO-FESTIVAL-CULTURAL-DE-VERANO-CUERNAVACA-2023-3-600x600.jpeg 600w, https:\/\/cuernavaca.gob.mx\/wp-content\/uploads\/2023\/07\/INICIA-ESTE-SABADO-EL-SEGUNDO-FESTIVAL-CULTURAL-DE-VERANO-CUERNAVACA-2023-3-560x560.jpeg 560w, https:\/\/cuernavaca.gob.mx\/wp-content\/uploads\/2023\/07\/INICIA-ESTE-SABADO-EL-SEGUNDO-FESTIVAL-CULTURAL-DE-VERANO-CUERNAVACA-2023-3.jpeg 1599w\" sizes=\"(max-width: 300px) 100vw, 300px\" \/> <img loading=\"lazy\" class=\"alignnone size-medium wp-image-30691\" src=\"https:\/\/cuernavaca.gob.mx\/wp-content\/uploads\/2023\/07\/INICIA-ESTE-SABADO-EL-SEGUNDO-FESTIVAL-CULTURAL-DE-VERANO-CUERNAVACA-2023-4-300x195.jpeg\" alt=\"\" width=\"300\" height=\"195\" srcset=\"https:\/\/cuernavaca.gob.mx\/wp-content\/uploads\/2023\/07\/INICIA-ESTE-SABADO-EL-SEGUNDO-FESTIVAL-CULTURAL-DE-VERANO-CUERNAVACA-2023-4-300x195.jpeg 300w, https:\/\/cuernavaca.gob.mx\/wp-content\/uploads\/2023\/07\/INICIA-ESTE-SABADO-EL-SEGUNDO-FESTIVAL-CULTURAL-DE-VERANO-CUERNAVACA-2023-4-1024x666.jpeg 1024w, https:\/\/cuernavaca.gob.mx\/wp-content\/uploads\/2023\/07\/INICIA-ESTE-SABADO-EL-SEGUNDO-FESTIVAL-CULTURAL-DE-VERANO-CUERNAVACA-2023-4-768x500.jpeg 768w, https:\/\/cuernavaca.gob.mx\/wp-content\/uploads\/2023\/07\/INICIA-ESTE-SABADO-EL-SEGUNDO-FESTIVAL-CULTURAL-DE-VERANO-CUERNAVACA-2023-4-1536x999.jpeg 1536w, https:\/\/cuernavaca.gob.mx\/wp-content\/uploads\/2023\/07\/INICIA-ESTE-SABADO-EL-SEGUNDO-FESTIVAL-CULTURAL-DE-VERANO-CUERNAVACA-2023-4-600x390.jpeg 600w, https:\/\/cuernavaca.gob.mx\/wp-content\/uploads\/2023\/07\/INICIA-ESTE-SABADO-EL-SEGUNDO-FESTIVAL-CULTURAL-DE-VERANO-CUERNAVACA-2023-4-560x364.jpeg 560w, https:\/\/cuernavaca.gob.mx\/wp-content\/uploads\/2023\/07\/INICIA-ESTE-SABADO-EL-SEGUNDO-FESTIVAL-CULTURAL-DE-VERANO-CUERNAVACA-2023-4.jpeg 1600w\" sizes=\"(max-width: 300px) 100vw, 300px\" \/><\/p>\n","protected":false},"excerpt":{"rendered":"<p>La ciudad de Cuernavaca est\u00e1 lista para arrancar este s\u00e1bado 22 de julio el Segundo Festival Cultural de Verano Cuernavaca 2023, con una callejoneada de estudiantinas y tunas que partir\u00e1 de Catedral hasta el kiosko a las 17:00 horas, ofreciendo un ambiente cien por ciento familiar, donde el arte y la cultura se conjugan para [&hellip;]<\/p>\n","protected":false},"author":1,"featured_media":30691,"comment_status":"closed","ping_status":"open","sticky":false,"template":"","format":"standard","meta":[],"categories":[2292],"tags":[121,190,1922,2337,1882,120,206,1375,1603],"aioseo_notices":[],"_links":{"self":[{"href":"https:\/\/cuernavaca.gob.mx\/index.php?rest_route=\/wp\/v2\/posts\/30687"}],"collection":[{"href":"https:\/\/cuernavaca.gob.mx\/index.php?rest_route=\/wp\/v2\/posts"}],"about":[{"href":"https:\/\/cuernavaca.gob.mx\/index.php?rest_route=\/wp\/v2\/types\/post"}],"author":[{"embeddable":true,"href":"https:\/\/cuernavaca.gob.mx\/index.php?rest_route=\/wp\/v2\/users\/1"}],"replies":[{"embeddable":true,"href":"https:\/\/cuernavaca.gob.mx\/index.php?rest_route=%2Fwp%2Fv2%2Fcomments&post=30687"}],"version-history":[{"count":1,"href":"https:\/\/cuernavaca.gob.mx\/index.php?rest_route=\/wp\/v2\/posts\/30687\/revisions"}],"predecessor-version":[{"id":30692,"href":"https:\/\/cuernavaca.gob.mx\/index.php?rest_route=\/wp\/v2\/posts\/30687\/revisions\/30692"}],"wp:featuredmedia":[{"embeddable":true,"href":"https:\/\/cuernavaca.gob.mx\/index.php?rest_route=\/wp\/v2\/media\/30691"}],"wp:attachment":[{"href":"https:\/\/cuernavaca.gob.mx\/index.php?rest_route=%2Fwp%2Fv2%2Fmedia&parent=30687"}],"wp:term":[{"taxonomy":"category","embeddable":true,"href":"https:\/\/cuernavaca.gob.mx\/index.php?rest_route=%2Fwp%2Fv2%2Fcategories&post=30687"},{"taxonomy":"post_tag","embeddable":true,"href":"https:\/\/cuernavaca.gob.mx\/index.php?rest_route=%2Fwp%2Fv2%2Ftags&post=30687"}],"curies":[{"name":"wp","href":"https:\/\/api.w.org\/{rel}","templated":true}]}}