{"id":30725,"date":"2023-07-23T15:21:41","date_gmt":"2023-07-23T21:21:41","guid":{"rendered":"https:\/\/cuernavaca.gob.mx\/?p=30725"},"modified":"2025-05-06T14:05:49","modified_gmt":"2025-05-06T20:05:49","slug":"b1154-23-07-23-continua-el-avance-del-ayuntamiento-de-cuernavaca-en-los-trabajos-de-embelleciendo-de-espacios-publicos","status":"publish","type":"post","link":"https:\/\/cuernavaca.gob.mx\/?p=30725","title":{"rendered":"B1154 23\/07\/23 CONTINUA EL AVANCE DEL AYUNTAMIENTO DE CUERNAVACA EN LOS TRABAJOS DE EMBELLECIENDO DE ESPACIOS P\u00daBLICOS\u00a0"},"content":{"rendered":"<div><strong>\u2022 La Secretar\u00eda de Desarrollo Sustentable y Servicios P\u00fablicos restaura la imagen de las \u00e1reas verdes y camellones de las distintas avenidas de la ciudad<\/strong><\/div>\n<div><\/div>\n<div><strong>\u2022 Mediante el Programa de Rehabilitaci\u00f3n de Espacios est\u00e1n mejorando la imagen de la glorieta de la Paloma de La Paz y la fuente conocida como &#8220;Las Musas&#8221;, as\u00ed como sus alrededores<\/strong><\/div>\n<div><\/div>\n<div>Como parte del programa de embellecimiento urbano que est\u00e1 impulsado el Ayuntamiento de Cuernavaca, la Secretar\u00eda de Desarrollo Sustentable y Servicios P\u00fablicos sigue restaurando la imagen de las \u00e1reas verdes y camellones de las distintas avenidas de la ciudad, lo que contribuye a que familias enteras disfruten de mejores espacios p\u00fablicos, cuidando el medio ambiente y recuperando la denominaci\u00f3n de la Eterna Primavera.<\/div>\n<div><\/div>\n<div>El secretario de Desarrollo Sustentable y Servicios P\u00fablicos, Israel Albavera V\u00e1zquez, explic\u00f3 que, la indicaci\u00f3n del presidente municipal, Jos\u00e9 Luis Uri\u00f3stegui Salgado, es efectuar distintos trabajos de mantenimiento en el \u00e1rea de jardiner\u00eda en algunas glorietas menores como la Estampida que se encuentra en la intersecci\u00f3n entre avenida R\u00edo Mayo y la ciclopista, en la glorieta de la Luna y el camell\u00f3n conocido como del Club Rotarios.<\/div>\n<div><\/div>\n<div>Asimismo, se\u00f1al\u00f3 que han tenido presencia en el \u00e1rea verde que se le conoce como el Escudo en avenida Heroico Colegio Militar rumbo a avenida Universidad, bajo el puente del distribuidor vial Emiliano Zapata, y en los camellones de la avenida Heroico Colegio Militar, Plan de Ayala, Diaz Ordaz y otros 10 m\u00e1s a lo largo y ancho del municipio, donde han hecho no solo el mantenimiento de la vegetaci\u00f3n, sino tambi\u00e9n han colocado plantas polinizadoras y \u00e1rboles end\u00e9micos de Cuernavaca que ayudan al medio ambiente.<\/div>\n<div><\/div>\n<div>Aunado a ello, la Secretar\u00eda de Desarrollo Sustentable y Servicios P\u00fablicos, en conjunto con la Secretar\u00eda de Desarrollo Urbano y Obras P\u00fablicas, est\u00e1 implementando el Programa de Rehabilitaci\u00f3n de Espacios, el cual integra el proyecto de mejora en la imagen de la glorieta de la Paloma de La Paz, donde se realizan acciones de jardiner\u00eda, mejoras en la infraestructura de la glorieta, as\u00ed como la puesta en marcha de la fuente.<\/div>\n<div><\/div>\n<div>De esta misma forma, rehabilitaron y corrigieron los detalles que se encuentran en la fuente conocida como &#8220;Las Musas&#8221; y sus alrededores, para lo cual la Secretar\u00eda de Desarrollo Sustentable y Servicios P\u00fablicos llev\u00f3 a cabo un an\u00e1lisis cualitativo y cuantitativo previo.<\/div>\n<div><\/div>\n<div>Albavera V\u00e1zquez hizo un llamado a la poblaci\u00f3n para cuidar los espacios p\u00fablicos y \u00e1reas verdes de la capital morelense, ya que al final Cuernavaca es la gran casa de todos, &#8220;as\u00ed como cuidamos nuestra peque\u00f1a casa que es donde vivimos, cuidemos la ciudad donde vivimos, respetando la vegetaci\u00f3n, respetando los pasos y evitando maltratar las plantas&#8221;.<\/div>\n<div><img loading=\"lazy\" class=\"alignnone size-medium wp-image-30726\" src=\"https:\/\/cuernavaca.gob.mx\/wp-content\/uploads\/2023\/07\/CONTINUA-EL-AVANCE-DEL-AYUNTAMIENTO-DE-CUERNAVACA-EN-LOS-TRABAJOS-DE-EMBELLECIENDO-DE-ESPACIOS-PUBLICOS-1-300x200.jpeg\" alt=\"\" width=\"300\" height=\"200\" srcset=\"https:\/\/cuernavaca.gob.mx\/wp-content\/uploads\/2023\/07\/CONTINUA-EL-AVANCE-DEL-AYUNTAMIENTO-DE-CUERNAVACA-EN-LOS-TRABAJOS-DE-EMBELLECIENDO-DE-ESPACIOS-PUBLICOS-1-300x200.jpeg 300w, https:\/\/cuernavaca.gob.mx\/wp-content\/uploads\/2023\/07\/CONTINUA-EL-AVANCE-DEL-AYUNTAMIENTO-DE-CUERNAVACA-EN-LOS-TRABAJOS-DE-EMBELLECIENDO-DE-ESPACIOS-PUBLICOS-1-1024x682.jpeg 1024w, https:\/\/cuernavaca.gob.mx\/wp-content\/uploads\/2023\/07\/CONTINUA-EL-AVANCE-DEL-AYUNTAMIENTO-DE-CUERNAVACA-EN-LOS-TRABAJOS-DE-EMBELLECIENDO-DE-ESPACIOS-PUBLICOS-1-768x512.jpeg 768w, https:\/\/cuernavaca.gob.mx\/wp-content\/uploads\/2023\/07\/CONTINUA-EL-AVANCE-DEL-AYUNTAMIENTO-DE-CUERNAVACA-EN-LOS-TRABAJOS-DE-EMBELLECIENDO-DE-ESPACIOS-PUBLICOS-1-1536x1023.jpeg 1536w, https:\/\/cuernavaca.gob.mx\/wp-content\/uploads\/2023\/07\/CONTINUA-EL-AVANCE-DEL-AYUNTAMIENTO-DE-CUERNAVACA-EN-LOS-TRABAJOS-DE-EMBELLECIENDO-DE-ESPACIOS-PUBLICOS-1-600x400.jpeg 600w, https:\/\/cuernavaca.gob.mx\/wp-content\/uploads\/2023\/07\/CONTINUA-EL-AVANCE-DEL-AYUNTAMIENTO-DE-CUERNAVACA-EN-LOS-TRABAJOS-DE-EMBELLECIENDO-DE-ESPACIOS-PUBLICOS-1-560x373.jpeg 560w, https:\/\/cuernavaca.gob.mx\/wp-content\/uploads\/2023\/07\/CONTINUA-EL-AVANCE-DEL-AYUNTAMIENTO-DE-CUERNAVACA-EN-LOS-TRABAJOS-DE-EMBELLECIENDO-DE-ESPACIOS-PUBLICOS-1.jpeg 1600w\" sizes=\"(max-width: 300px) 100vw, 300px\" \/> <img loading=\"lazy\" class=\"alignnone size-medium wp-image-30727\" src=\"https:\/\/cuernavaca.gob.mx\/wp-content\/uploads\/2023\/07\/CONTINUA-EL-AVANCE-DEL-AYUNTAMIENTO-DE-CUERNAVACA-EN-LOS-TRABAJOS-DE-EMBELLECIENDO-DE-ESPACIOS-PUBLICOS-2-300x200.jpeg\" alt=\"\" width=\"300\" height=\"200\" srcset=\"https:\/\/cuernavaca.gob.mx\/wp-content\/uploads\/2023\/07\/CONTINUA-EL-AVANCE-DEL-AYUNTAMIENTO-DE-CUERNAVACA-EN-LOS-TRABAJOS-DE-EMBELLECIENDO-DE-ESPACIOS-PUBLICOS-2-300x200.jpeg 300w, https:\/\/cuernavaca.gob.mx\/wp-content\/uploads\/2023\/07\/CONTINUA-EL-AVANCE-DEL-AYUNTAMIENTO-DE-CUERNAVACA-EN-LOS-TRABAJOS-DE-EMBELLECIENDO-DE-ESPACIOS-PUBLICOS-2-1024x682.jpeg 1024w, https:\/\/cuernavaca.gob.mx\/wp-content\/uploads\/2023\/07\/CONTINUA-EL-AVANCE-DEL-AYUNTAMIENTO-DE-CUERNAVACA-EN-LOS-TRABAJOS-DE-EMBELLECIENDO-DE-ESPACIOS-PUBLICOS-2-768x512.jpeg 768w, https:\/\/cuernavaca.gob.mx\/wp-content\/uploads\/2023\/07\/CONTINUA-EL-AVANCE-DEL-AYUNTAMIENTO-DE-CUERNAVACA-EN-LOS-TRABAJOS-DE-EMBELLECIENDO-DE-ESPACIOS-PUBLICOS-2-1536x1023.jpeg 1536w, https:\/\/cuernavaca.gob.mx\/wp-content\/uploads\/2023\/07\/CONTINUA-EL-AVANCE-DEL-AYUNTAMIENTO-DE-CUERNAVACA-EN-LOS-TRABAJOS-DE-EMBELLECIENDO-DE-ESPACIOS-PUBLICOS-2-600x400.jpeg 600w, https:\/\/cuernavaca.gob.mx\/wp-content\/uploads\/2023\/07\/CONTINUA-EL-AVANCE-DEL-AYUNTAMIENTO-DE-CUERNAVACA-EN-LOS-TRABAJOS-DE-EMBELLECIENDO-DE-ESPACIOS-PUBLICOS-2-560x373.jpeg 560w, https:\/\/cuernavaca.gob.mx\/wp-content\/uploads\/2023\/07\/CONTINUA-EL-AVANCE-DEL-AYUNTAMIENTO-DE-CUERNAVACA-EN-LOS-TRABAJOS-DE-EMBELLECIENDO-DE-ESPACIOS-PUBLICOS-2.jpeg 1600w\" sizes=\"(max-width: 300px) 100vw, 300px\" \/> <img loading=\"lazy\" class=\"alignnone size-medium wp-image-30728\" src=\"https:\/\/cuernavaca.gob.mx\/wp-content\/uploads\/2023\/07\/CONTINUA-EL-AVANCE-DEL-AYUNTAMIENTO-DE-CUERNAVACA-EN-LOS-TRABAJOS-DE-EMBELLECIENDO-DE-ESPACIOS-PUBLICOS-3-300x200.jpeg\" alt=\"\" width=\"300\" height=\"200\" srcset=\"https:\/\/cuernavaca.gob.mx\/wp-content\/uploads\/2023\/07\/CONTINUA-EL-AVANCE-DEL-AYUNTAMIENTO-DE-CUERNAVACA-EN-LOS-TRABAJOS-DE-EMBELLECIENDO-DE-ESPACIOS-PUBLICOS-3-300x200.jpeg 300w, https:\/\/cuernavaca.gob.mx\/wp-content\/uploads\/2023\/07\/CONTINUA-EL-AVANCE-DEL-AYUNTAMIENTO-DE-CUERNAVACA-EN-LOS-TRABAJOS-DE-EMBELLECIENDO-DE-ESPACIOS-PUBLICOS-3-1024x682.jpeg 1024w, https:\/\/cuernavaca.gob.mx\/wp-content\/uploads\/2023\/07\/CONTINUA-EL-AVANCE-DEL-AYUNTAMIENTO-DE-CUERNAVACA-EN-LOS-TRABAJOS-DE-EMBELLECIENDO-DE-ESPACIOS-PUBLICOS-3-768x512.jpeg 768w, https:\/\/cuernavaca.gob.mx\/wp-content\/uploads\/2023\/07\/CONTINUA-EL-AVANCE-DEL-AYUNTAMIENTO-DE-CUERNAVACA-EN-LOS-TRABAJOS-DE-EMBELLECIENDO-DE-ESPACIOS-PUBLICOS-3-1536x1023.jpeg 1536w, https:\/\/cuernavaca.gob.mx\/wp-content\/uploads\/2023\/07\/CONTINUA-EL-AVANCE-DEL-AYUNTAMIENTO-DE-CUERNAVACA-EN-LOS-TRABAJOS-DE-EMBELLECIENDO-DE-ESPACIOS-PUBLICOS-3-600x400.jpeg 600w, https:\/\/cuernavaca.gob.mx\/wp-content\/uploads\/2023\/07\/CONTINUA-EL-AVANCE-DEL-AYUNTAMIENTO-DE-CUERNAVACA-EN-LOS-TRABAJOS-DE-EMBELLECIENDO-DE-ESPACIOS-PUBLICOS-3-560x373.jpeg 560w, https:\/\/cuernavaca.gob.mx\/wp-content\/uploads\/2023\/07\/CONTINUA-EL-AVANCE-DEL-AYUNTAMIENTO-DE-CUERNAVACA-EN-LOS-TRABAJOS-DE-EMBELLECIENDO-DE-ESPACIOS-PUBLICOS-3.jpeg 1600w\" sizes=\"(max-width: 300px) 100vw, 300px\" \/> <img loading=\"lazy\" class=\"alignnone size-medium wp-image-30729\" src=\"https:\/\/cuernavaca.gob.mx\/wp-content\/uploads\/2023\/07\/CONTINUA-EL-AVANCE-DEL-AYUNTAMIENTO-DE-CUERNAVACA-EN-LOS-TRABAJOS-DE-EMBELLECIENDO-DE-ESPACIOS-PUBLICOS-4-300x200.jpeg\" alt=\"\" width=\"300\" height=\"200\" srcset=\"https:\/\/cuernavaca.gob.mx\/wp-content\/uploads\/2023\/07\/CONTINUA-EL-AVANCE-DEL-AYUNTAMIENTO-DE-CUERNAVACA-EN-LOS-TRABAJOS-DE-EMBELLECIENDO-DE-ESPACIOS-PUBLICOS-4-300x200.jpeg 300w, https:\/\/cuernavaca.gob.mx\/wp-content\/uploads\/2023\/07\/CONTINUA-EL-AVANCE-DEL-AYUNTAMIENTO-DE-CUERNAVACA-EN-LOS-TRABAJOS-DE-EMBELLECIENDO-DE-ESPACIOS-PUBLICOS-4-1024x682.jpeg 1024w, https:\/\/cuernavaca.gob.mx\/wp-content\/uploads\/2023\/07\/CONTINUA-EL-AVANCE-DEL-AYUNTAMIENTO-DE-CUERNAVACA-EN-LOS-TRABAJOS-DE-EMBELLECIENDO-DE-ESPACIOS-PUBLICOS-4-768x512.jpeg 768w, https:\/\/cuernavaca.gob.mx\/wp-content\/uploads\/2023\/07\/CONTINUA-EL-AVANCE-DEL-AYUNTAMIENTO-DE-CUERNAVACA-EN-LOS-TRABAJOS-DE-EMBELLECIENDO-DE-ESPACIOS-PUBLICOS-4-1536x1023.jpeg 1536w, https:\/\/cuernavaca.gob.mx\/wp-content\/uploads\/2023\/07\/CONTINUA-EL-AVANCE-DEL-AYUNTAMIENTO-DE-CUERNAVACA-EN-LOS-TRABAJOS-DE-EMBELLECIENDO-DE-ESPACIOS-PUBLICOS-4-600x400.jpeg 600w, https:\/\/cuernavaca.gob.mx\/wp-content\/uploads\/2023\/07\/CONTINUA-EL-AVANCE-DEL-AYUNTAMIENTO-DE-CUERNAVACA-EN-LOS-TRABAJOS-DE-EMBELLECIENDO-DE-ESPACIOS-PUBLICOS-4-560x373.jpeg 560w, https:\/\/cuernavaca.gob.mx\/wp-content\/uploads\/2023\/07\/CONTINUA-EL-AVANCE-DEL-AYUNTAMIENTO-DE-CUERNAVACA-EN-LOS-TRABAJOS-DE-EMBELLECIENDO-DE-ESPACIOS-PUBLICOS-4.jpeg 1600w\" sizes=\"(max-width: 300px) 100vw, 300px\" \/> <img loading=\"lazy\" class=\"alignnone size-medium wp-image-30730\" src=\"https:\/\/cuernavaca.gob.mx\/wp-content\/uploads\/2023\/07\/CONTINUA-EL-AVANCE-DEL-AYUNTAMIENTO-DE-CUERNAVACA-EN-LOS-TRABAJOS-DE-EMBELLECIENDO-DE-ESPACIOS-PUBLICOS-5-300x200.jpeg\" alt=\"\" width=\"300\" height=\"200\" srcset=\"https:\/\/cuernavaca.gob.mx\/wp-content\/uploads\/2023\/07\/CONTINUA-EL-AVANCE-DEL-AYUNTAMIENTO-DE-CUERNAVACA-EN-LOS-TRABAJOS-DE-EMBELLECIENDO-DE-ESPACIOS-PUBLICOS-5-300x200.jpeg 300w, https:\/\/cuernavaca.gob.mx\/wp-content\/uploads\/2023\/07\/CONTINUA-EL-AVANCE-DEL-AYUNTAMIENTO-DE-CUERNAVACA-EN-LOS-TRABAJOS-DE-EMBELLECIENDO-DE-ESPACIOS-PUBLICOS-5-1024x682.jpeg 1024w, https:\/\/cuernavaca.gob.mx\/wp-content\/uploads\/2023\/07\/CONTINUA-EL-AVANCE-DEL-AYUNTAMIENTO-DE-CUERNAVACA-EN-LOS-TRABAJOS-DE-EMBELLECIENDO-DE-ESPACIOS-PUBLICOS-5-768x512.jpeg 768w, https:\/\/cuernavaca.gob.mx\/wp-content\/uploads\/2023\/07\/CONTINUA-EL-AVANCE-DEL-AYUNTAMIENTO-DE-CUERNAVACA-EN-LOS-TRABAJOS-DE-EMBELLECIENDO-DE-ESPACIOS-PUBLICOS-5-1536x1023.jpeg 1536w, https:\/\/cuernavaca.gob.mx\/wp-content\/uploads\/2023\/07\/CONTINUA-EL-AVANCE-DEL-AYUNTAMIENTO-DE-CUERNAVACA-EN-LOS-TRABAJOS-DE-EMBELLECIENDO-DE-ESPACIOS-PUBLICOS-5-600x400.jpeg 600w, https:\/\/cuernavaca.gob.mx\/wp-content\/uploads\/2023\/07\/CONTINUA-EL-AVANCE-DEL-AYUNTAMIENTO-DE-CUERNAVACA-EN-LOS-TRABAJOS-DE-EMBELLECIENDO-DE-ESPACIOS-PUBLICOS-5-560x373.jpeg 560w, https:\/\/cuernavaca.gob.mx\/wp-content\/uploads\/2023\/07\/CONTINUA-EL-AVANCE-DEL-AYUNTAMIENTO-DE-CUERNAVACA-EN-LOS-TRABAJOS-DE-EMBELLECIENDO-DE-ESPACIOS-PUBLICOS-5.jpeg 1600w\" sizes=\"(max-width: 300px) 100vw, 300px\" \/><\/div>\n","protected":false},"excerpt":{"rendered":"<p>\u2022 La Secretar\u00eda de Desarrollo Sustentable y Servicios P\u00fablicos restaura la imagen de las \u00e1reas verdes y camellones de las distintas avenidas de la ciudad \u2022 Mediante el Programa de Rehabilitaci\u00f3n de Espacios est\u00e1n mejorando la imagen de la glorieta de la Paloma de La Paz y la fuente conocida como &#8220;Las Musas&#8221;, as\u00ed como [&hellip;]<\/p>\n","protected":false},"author":1,"featured_media":30729,"comment_status":"closed","ping_status":"open","sticky":false,"template":"","format":"standard","meta":[],"categories":[2414],"tags":[121,2889,220,120,206],"aioseo_notices":[],"_links":{"self":[{"href":"https:\/\/cuernavaca.gob.mx\/index.php?rest_route=\/wp\/v2\/posts\/30725"}],"collection":[{"href":"https:\/\/cuernavaca.gob.mx\/index.php?rest_route=\/wp\/v2\/posts"}],"about":[{"href":"https:\/\/cuernavaca.gob.mx\/index.php?rest_route=\/wp\/v2\/types\/post"}],"author":[{"embeddable":true,"href":"https:\/\/cuernavaca.gob.mx\/index.php?rest_route=\/wp\/v2\/users\/1"}],"replies":[{"embeddable":true,"href":"https:\/\/cuernavaca.gob.mx\/index.php?rest_route=%2Fwp%2Fv2%2Fcomments&post=30725"}],"version-history":[{"count":1,"href":"https:\/\/cuernavaca.gob.mx\/index.php?rest_route=\/wp\/v2\/posts\/30725\/revisions"}],"predecessor-version":[{"id":30731,"href":"https:\/\/cuernavaca.gob.mx\/index.php?rest_route=\/wp\/v2\/posts\/30725\/revisions\/30731"}],"wp:featuredmedia":[{"embeddable":true,"href":"https:\/\/cuernavaca.gob.mx\/index.php?rest_route=\/wp\/v2\/media\/30729"}],"wp:attachment":[{"href":"https:\/\/cuernavaca.gob.mx\/index.php?rest_route=%2Fwp%2Fv2%2Fmedia&parent=30725"}],"wp:term":[{"taxonomy":"category","embeddable":true,"href":"https:\/\/cuernavaca.gob.mx\/index.php?rest_route=%2Fwp%2Fv2%2Fcategories&post=30725"},{"taxonomy":"post_tag","embeddable":true,"href":"https:\/\/cuernavaca.gob.mx\/index.php?rest_route=%2Fwp%2Fv2%2Ftags&post=30725"}],"curies":[{"name":"wp","href":"https:\/\/api.w.org\/{rel}","templated":true}]}}