{"id":30732,"date":"2023-07-23T14:45:12","date_gmt":"2023-07-23T20:45:12","guid":{"rendered":"https:\/\/cuernavaca.gob.mx\/?p=30732"},"modified":"2025-05-06T14:05:49","modified_gmt":"2025-05-06T20:05:49","slug":"b1153-23-07-23-esta-semana-ayuntamiento-de-cuernavaca-publicara-la-convocatoria-del-cabildo-juvenil-2023","status":"publish","type":"post","link":"https:\/\/cuernavaca.gob.mx\/?p=30732","title":{"rendered":"B1153 23\/07\/23 ESTA SEMANA AYUNTAMIENTO DE CUERNAVACA PUBLICAR\u00c1 LA CONVOCATORIA DEL CABILDO JUVENIL 2023\u00a0"},"content":{"rendered":"<div><strong>\u2022 En el marco de la primera sesi\u00f3n extraordinaria del Consejo T\u00e9cnico del Instituto de la Juventud, se hizo la invitaci\u00f3n para que las juventudes se registren en coordinaci\u00f3n con el municipio\u00a0<\/strong><\/div>\n<div><\/div>\n<div>El Ayuntamiento de Cuernavaca, a trav\u00e9s del Instituto de la Juventud del municipio, invit\u00f3 a las y los j\u00f3venes dela ciudad a la publicaci\u00f3n de la convocatoria del Cabildo Juvenil 2023, en el cual podr\u00e1n opinar y proponer sobre temas de su inter\u00e9s, ya sea para evitar alguna afectaci\u00f3n generada o para buscar mecanismos de oportunidad que mejoren su calidad de vida y con ello, lograr el mejoramiento y prosperidad del municipio, favoreciendo la inclusi\u00f3n.<\/div>\n<div><\/div>\n<div>En el marco de la primera sesi\u00f3n extraordinaria del Consejo T\u00e9cnico del Instituto de la Juventud encabezado por el presidente municipal, Jos\u00e9 Luis Uri\u00f3stegui Salgado, el director del Instituto de la Juventud, Arturo S\u00e1nchez Mart\u00ednez, rindi\u00f3 un informe sobre las actividades realizadas durante el segundo trimestre del a\u00f1o, destacando la consolidaci\u00f3n de cuatro alianzas estrat\u00e9gicas por la juventud, cuatro mesas de trabajo para la ejecuci\u00f3n de actividades, y cinco v\u00ednculos de trabajo con instituciones p\u00fablicas y de la iniciativa privada.<\/div>\n<div><\/div>\n<div>Asimismo, resalt\u00f3 que llevaron a cabo dos sesiones informativas \u201cCuernavaca vs adicciones\u201d, tres sesiones informativas \u201c3,2,1\u2026 \u00a1Cero bullying! (ciberbullying), tres sesiones informativas sobre relaciones sanas para los j\u00f3venes y una sesi\u00f3n informativa sobre \u201cJuventud, mente y salud\u201d, de educaci\u00f3n financiera y salud sexual.<\/div>\n<div><\/div>\n<div>Entre las actividades que se realizar\u00e1n pr\u00f3ximamente desde el Instituto de la Juventud de Cuernavaca, se\u00f1al\u00f3 la organizaci\u00f3n de la segunda edici\u00f3n del Cabildo Juvenil 2023 en conmemoraci\u00f3n del D\u00eda Internacional de la Juventud, a propuesta de la regidora Mirna Delgado Romero y a la cual se sumaron todos los integrantes del Cabildo, a fin de seguir inculcando entre los j\u00f3venes una cultura participativa en la toma de decisiones de la ciudad.<\/div>\n<div><\/div>\n<div>En este sentido, se hizo una invitaci\u00f3n a la poblaci\u00f3n joven para estar atentos a la publicaci\u00f3n de la convocatoria, siendo una oportunidad id\u00f3nea para dar a conocer sus propuestas y sugerencia para el renacimiento de Cuernavaca, mismas que ser\u00e1n presentadas ante el Consejo T\u00e9cnico del Instituto de la Juventud, con el prop\u00f3sito de darles seguimiento, buscando en todo momento los canales y procesos para que sean implementadas en las pol\u00edticas p\u00fablicas del municipio.<\/div>\n<div><\/div>\n<div>A la sesi\u00f3n asistieron los regidores Paz Hern\u00e1ndez Pardo y Jes\u00fas Rosales Puebla, as\u00ed como la secretaria de Desarrollo Humano y Participaci\u00f3n Social, Laura Hern\u00e1ndez Cruz.<\/div>\n<div><img loading=\"lazy\" class=\"alignnone size-medium wp-image-30733\" src=\"https:\/\/cuernavaca.gob.mx\/wp-content\/uploads\/2023\/07\/ESTA-SEMANA-AYUNTAMIENTO-DE-CUERNAVACA-PUBLICARA-LA-CONVOCATORIA-DEL-CABILDO-JUVENIL-2023-1-300x200.jpeg\" alt=\"\" width=\"300\" height=\"200\" srcset=\"https:\/\/cuernavaca.gob.mx\/wp-content\/uploads\/2023\/07\/ESTA-SEMANA-AYUNTAMIENTO-DE-CUERNAVACA-PUBLICARA-LA-CONVOCATORIA-DEL-CABILDO-JUVENIL-2023-1-300x200.jpeg 300w, https:\/\/cuernavaca.gob.mx\/wp-content\/uploads\/2023\/07\/ESTA-SEMANA-AYUNTAMIENTO-DE-CUERNAVACA-PUBLICARA-LA-CONVOCATORIA-DEL-CABILDO-JUVENIL-2023-1-1024x682.jpeg 1024w, https:\/\/cuernavaca.gob.mx\/wp-content\/uploads\/2023\/07\/ESTA-SEMANA-AYUNTAMIENTO-DE-CUERNAVACA-PUBLICARA-LA-CONVOCATORIA-DEL-CABILDO-JUVENIL-2023-1-768x512.jpeg 768w, https:\/\/cuernavaca.gob.mx\/wp-content\/uploads\/2023\/07\/ESTA-SEMANA-AYUNTAMIENTO-DE-CUERNAVACA-PUBLICARA-LA-CONVOCATORIA-DEL-CABILDO-JUVENIL-2023-1-600x400.jpeg 600w, https:\/\/cuernavaca.gob.mx\/wp-content\/uploads\/2023\/07\/ESTA-SEMANA-AYUNTAMIENTO-DE-CUERNAVACA-PUBLICARA-LA-CONVOCATORIA-DEL-CABILDO-JUVENIL-2023-1-560x373.jpeg 560w, https:\/\/cuernavaca.gob.mx\/wp-content\/uploads\/2023\/07\/ESTA-SEMANA-AYUNTAMIENTO-DE-CUERNAVACA-PUBLICARA-LA-CONVOCATORIA-DEL-CABILDO-JUVENIL-2023-1.jpeg 1280w\" sizes=\"(max-width: 300px) 100vw, 300px\" \/> <img loading=\"lazy\" class=\"alignnone size-medium wp-image-30734\" src=\"https:\/\/cuernavaca.gob.mx\/wp-content\/uploads\/2023\/07\/ESTA-SEMANA-AYUNTAMIENTO-DE-CUERNAVACA-PUBLICARA-LA-CONVOCATORIA-DEL-CABILDO-JUVENIL-2023-2-300x200.jpeg\" alt=\"\" width=\"300\" height=\"200\" srcset=\"https:\/\/cuernavaca.gob.mx\/wp-content\/uploads\/2023\/07\/ESTA-SEMANA-AYUNTAMIENTO-DE-CUERNAVACA-PUBLICARA-LA-CONVOCATORIA-DEL-CABILDO-JUVENIL-2023-2-300x200.jpeg 300w, https:\/\/cuernavaca.gob.mx\/wp-content\/uploads\/2023\/07\/ESTA-SEMANA-AYUNTAMIENTO-DE-CUERNAVACA-PUBLICARA-LA-CONVOCATORIA-DEL-CABILDO-JUVENIL-2023-2-1024x682.jpeg 1024w, https:\/\/cuernavaca.gob.mx\/wp-content\/uploads\/2023\/07\/ESTA-SEMANA-AYUNTAMIENTO-DE-CUERNAVACA-PUBLICARA-LA-CONVOCATORIA-DEL-CABILDO-JUVENIL-2023-2-768x512.jpeg 768w, https:\/\/cuernavaca.gob.mx\/wp-content\/uploads\/2023\/07\/ESTA-SEMANA-AYUNTAMIENTO-DE-CUERNAVACA-PUBLICARA-LA-CONVOCATORIA-DEL-CABILDO-JUVENIL-2023-2-600x400.jpeg 600w, https:\/\/cuernavaca.gob.mx\/wp-content\/uploads\/2023\/07\/ESTA-SEMANA-AYUNTAMIENTO-DE-CUERNAVACA-PUBLICARA-LA-CONVOCATORIA-DEL-CABILDO-JUVENIL-2023-2-560x373.jpeg 560w, https:\/\/cuernavaca.gob.mx\/wp-content\/uploads\/2023\/07\/ESTA-SEMANA-AYUNTAMIENTO-DE-CUERNAVACA-PUBLICARA-LA-CONVOCATORIA-DEL-CABILDO-JUVENIL-2023-2.jpeg 1280w\" sizes=\"(max-width: 300px) 100vw, 300px\" \/> <img loading=\"lazy\" class=\"alignnone size-medium wp-image-30735\" src=\"https:\/\/cuernavaca.gob.mx\/wp-content\/uploads\/2023\/07\/ESTA-SEMANA-AYUNTAMIENTO-DE-CUERNAVACA-PUBLICARA-LA-CONVOCATORIA-DEL-CABILDO-JUVENIL-2023-3-300x200.jpeg\" alt=\"\" width=\"300\" height=\"200\" srcset=\"https:\/\/cuernavaca.gob.mx\/wp-content\/uploads\/2023\/07\/ESTA-SEMANA-AYUNTAMIENTO-DE-CUERNAVACA-PUBLICARA-LA-CONVOCATORIA-DEL-CABILDO-JUVENIL-2023-3-300x200.jpeg 300w, https:\/\/cuernavaca.gob.mx\/wp-content\/uploads\/2023\/07\/ESTA-SEMANA-AYUNTAMIENTO-DE-CUERNAVACA-PUBLICARA-LA-CONVOCATORIA-DEL-CABILDO-JUVENIL-2023-3-1024x682.jpeg 1024w, https:\/\/cuernavaca.gob.mx\/wp-content\/uploads\/2023\/07\/ESTA-SEMANA-AYUNTAMIENTO-DE-CUERNAVACA-PUBLICARA-LA-CONVOCATORIA-DEL-CABILDO-JUVENIL-2023-3-768x512.jpeg 768w, https:\/\/cuernavaca.gob.mx\/wp-content\/uploads\/2023\/07\/ESTA-SEMANA-AYUNTAMIENTO-DE-CUERNAVACA-PUBLICARA-LA-CONVOCATORIA-DEL-CABILDO-JUVENIL-2023-3-600x400.jpeg 600w, https:\/\/cuernavaca.gob.mx\/wp-content\/uploads\/2023\/07\/ESTA-SEMANA-AYUNTAMIENTO-DE-CUERNAVACA-PUBLICARA-LA-CONVOCATORIA-DEL-CABILDO-JUVENIL-2023-3-560x373.jpeg 560w, https:\/\/cuernavaca.gob.mx\/wp-content\/uploads\/2023\/07\/ESTA-SEMANA-AYUNTAMIENTO-DE-CUERNAVACA-PUBLICARA-LA-CONVOCATORIA-DEL-CABILDO-JUVENIL-2023-3.jpeg 1280w\" sizes=\"(max-width: 300px) 100vw, 300px\" \/> <img loading=\"lazy\" class=\"alignnone size-medium wp-image-30736\" src=\"https:\/\/cuernavaca.gob.mx\/wp-content\/uploads\/2023\/07\/ESTA-SEMANA-AYUNTAMIENTO-DE-CUERNAVACA-PUBLICARA-LA-CONVOCATORIA-DEL-CABILDO-JUVENIL-2023-4-300x200.jpeg\" alt=\"\" width=\"300\" height=\"200\" srcset=\"https:\/\/cuernavaca.gob.mx\/wp-content\/uploads\/2023\/07\/ESTA-SEMANA-AYUNTAMIENTO-DE-CUERNAVACA-PUBLICARA-LA-CONVOCATORIA-DEL-CABILDO-JUVENIL-2023-4-300x200.jpeg 300w, https:\/\/cuernavaca.gob.mx\/wp-content\/uploads\/2023\/07\/ESTA-SEMANA-AYUNTAMIENTO-DE-CUERNAVACA-PUBLICARA-LA-CONVOCATORIA-DEL-CABILDO-JUVENIL-2023-4-1024x682.jpeg 1024w, https:\/\/cuernavaca.gob.mx\/wp-content\/uploads\/2023\/07\/ESTA-SEMANA-AYUNTAMIENTO-DE-CUERNAVACA-PUBLICARA-LA-CONVOCATORIA-DEL-CABILDO-JUVENIL-2023-4-768x512.jpeg 768w, https:\/\/cuernavaca.gob.mx\/wp-content\/uploads\/2023\/07\/ESTA-SEMANA-AYUNTAMIENTO-DE-CUERNAVACA-PUBLICARA-LA-CONVOCATORIA-DEL-CABILDO-JUVENIL-2023-4-600x400.jpeg 600w, https:\/\/cuernavaca.gob.mx\/wp-content\/uploads\/2023\/07\/ESTA-SEMANA-AYUNTAMIENTO-DE-CUERNAVACA-PUBLICARA-LA-CONVOCATORIA-DEL-CABILDO-JUVENIL-2023-4-560x373.jpeg 560w, https:\/\/cuernavaca.gob.mx\/wp-content\/uploads\/2023\/07\/ESTA-SEMANA-AYUNTAMIENTO-DE-CUERNAVACA-PUBLICARA-LA-CONVOCATORIA-DEL-CABILDO-JUVENIL-2023-4.jpeg 1280w\" sizes=\"(max-width: 300px) 100vw, 300px\" \/><\/div>\n","protected":false},"excerpt":{"rendered":"<p>\u2022 En el marco de la primera sesi\u00f3n extraordinaria del Consejo T\u00e9cnico del Instituto de la Juventud, se hizo la invitaci\u00f3n para que las juventudes se registren en coordinaci\u00f3n con el municipio\u00a0 El Ayuntamiento de Cuernavaca, a trav\u00e9s del Instituto de la Juventud del municipio, invit\u00f3 a las y los j\u00f3venes dela ciudad a la [&hellip;]<\/p>\n","protected":false},"author":1,"featured_media":30735,"comment_status":"closed","ping_status":"open","sticky":false,"template":"","format":"standard","meta":[],"categories":[2624],"tags":[121,301,120,693,206],"aioseo_notices":[],"_links":{"self":[{"href":"https:\/\/cuernavaca.gob.mx\/index.php?rest_route=\/wp\/v2\/posts\/30732"}],"collection":[{"href":"https:\/\/cuernavaca.gob.mx\/index.php?rest_route=\/wp\/v2\/posts"}],"about":[{"href":"https:\/\/cuernavaca.gob.mx\/index.php?rest_route=\/wp\/v2\/types\/post"}],"author":[{"embeddable":true,"href":"https:\/\/cuernavaca.gob.mx\/index.php?rest_route=\/wp\/v2\/users\/1"}],"replies":[{"embeddable":true,"href":"https:\/\/cuernavaca.gob.mx\/index.php?rest_route=%2Fwp%2Fv2%2Fcomments&post=30732"}],"version-history":[{"count":1,"href":"https:\/\/cuernavaca.gob.mx\/index.php?rest_route=\/wp\/v2\/posts\/30732\/revisions"}],"predecessor-version":[{"id":30737,"href":"https:\/\/cuernavaca.gob.mx\/index.php?rest_route=\/wp\/v2\/posts\/30732\/revisions\/30737"}],"wp:featuredmedia":[{"embeddable":true,"href":"https:\/\/cuernavaca.gob.mx\/index.php?rest_route=\/wp\/v2\/media\/30735"}],"wp:attachment":[{"href":"https:\/\/cuernavaca.gob.mx\/index.php?rest_route=%2Fwp%2Fv2%2Fmedia&parent=30732"}],"wp:term":[{"taxonomy":"category","embeddable":true,"href":"https:\/\/cuernavaca.gob.mx\/index.php?rest_route=%2Fwp%2Fv2%2Fcategories&post=30732"},{"taxonomy":"post_tag","embeddable":true,"href":"https:\/\/cuernavaca.gob.mx\/index.php?rest_route=%2Fwp%2Fv2%2Ftags&post=30732"}],"curies":[{"name":"wp","href":"https:\/\/api.w.org\/{rel}","templated":true}]}}