{"id":30738,"date":"2023-07-23T14:15:20","date_gmt":"2023-07-23T20:15:20","guid":{"rendered":"https:\/\/cuernavaca.gob.mx\/?p=30738"},"modified":"2025-05-06T14:05:50","modified_gmt":"2025-05-06T20:05:50","slug":"b1152-23-07-23-con-gran-asistencia-arranco-el-segundo-festival-de-verano-cuernavaca-2023","status":"publish","type":"post","link":"https:\/\/cuernavaca.gob.mx\/?p=30738","title":{"rendered":"B1152 23\/07\/23 CON GRAN ASISTENCIA ARRANC\u00d3 EL SEGUNDO FESTIVAL DE VERANO CUERNAVACA 2023"},"content":{"rendered":"<ul>\n<li><strong>\u00a0El Gobierno Municipal mantiene la apropiaci\u00f3n de espacios p\u00fablicos con expresiones art\u00edsticas para toda la familia en diferentes sedes de la Ciudad<\/strong><\/li>\n<\/ul>\n<p>&nbsp;<\/p>\n<ul>\n<li><strong>Vecinos y turistas participaron en la tradicional callejoneada con estudiantinas y tunas en el centro hist\u00f3rico<\/strong><\/li>\n<\/ul>\n<p>Con una de las m\u00e1s vistosas expresiones art\u00edsticas que se rescataron en la presentaci\u00f3n administraci\u00f3n del Ayuntamiento de Cuernavaca, este s\u00e1bado arranc\u00f3 en grande el Segundo Festival Cultural de Verano 2023, que con la tradicional callejoneada en el Centro Hist\u00f3rico reuni\u00f3 a familias enteras, ciudadanos y visitantes, quienes bailaron y cantaron al son de los integrantes de seis estudiantinas y tunas.<\/p>\n<p>Partiendo de la Catedral de Cuernavaca en calle Hidalgo rumbo al Jard\u00edn Ju\u00e1rez, la Tuna Universitaria Femenil del Estado de Morelos, la Estudiantina San Jer\u00f3nimo, la Estudiantina Victoria del Carmen, la Estudiantina Real Victoria del Carmen, y la Tuna Mesoamericana campus Morelos, hicieron latir nuevamente al primer cuadro de la ciudad, contagiando a los presentes con sus melod\u00edas mexicanas y baladas rom\u00e1nticas que sacaron algunos suspiros y hasta dedicatorias.<\/p>\n<p>En este recorrido que se ha vuelto emblem\u00e1tico en Cuernavaca por el impulso del Gobierno Municipal encabezado por Jos\u00e9 Luis Uri\u00f3stegui Salgado, propios y extra\u00f1os se sumergieron y disfrutaron del clima y la esencia de la ciudad de la Eterna Primavera con piezas musicales como &#8220;La Bikina&#8221;, &#8220;Suavecito suavecito&#8221;, &#8220;El Toro Enamorado de la Luna&#8221;, y &#8220;Los luchadores&#8221;, que atrajeron cientos de miradas, transportando a los asistentes a una festiva tarde llena de m\u00fasica, baile y convivencia familiar que promovi\u00f3 la apropiaci\u00f3n de los espacios p\u00fablicos en comunidad.<\/p>\n<p>En representaci\u00f3n del alcalde, la secretaria de Desarrollo Humano y Participaci\u00f3n Social del Ayuntamiento de Cuernavaca9, Laura Hern\u00e1ndez Cruz; el secretario de Desarrollo Econ\u00f3mico y Turismo, Humberto Paladino Valdovinos; la regidora Wendi Salinas Ruiz; el director general del Instituto de Cultura, Juan Contreras de Oteyza y el director de Festejos y Ferias Tradicionales, Orlando Osorio Alvarado, encabezaron los contingentes.<\/p>\n<p>Al arribar a un Jard\u00edn Ju\u00e1rez que se mostr\u00f3 lleno de gente c\u00f3mo se viv\u00eda en las mejores \u00e9pocas de Cuernavaca, las estudiantinas y tunas integradas por ni\u00f1as, ni\u00f1os, adolescentes, j\u00f3venes y adultos cuernavacenses llevaron a cabo de manera individual presentaciones musicales en el kiosko de la ciudad, uno de los sitios m\u00e1s emblem\u00e1ticos del estado y el pa\u00eds, seg\u00fan versiones creado por Gustavo Eiffel y que fue rescatado por la presente administraci\u00f3n municipal, retomando sus tradicionales conciertos los fines de semana.<\/p>\n<p>Las tunas y estudiantinas hicieron una extensiva invitaci\u00f3n para seguir disfrutando los eventos que tendr\u00e1 hasta el 31 de julio el Segundo Festival Cultural de Verano Cuernavaca 2023, con la presentaci\u00f3n de m\u00e1s de 50 artistas en escena y ocho espacios distintos de la ciudad, totalmente gratuito.<\/p>\n<p>Adem\u00e1s de la callejoneada, en el Museo de la Ciudad de Cuernavaca (MuCIC) se realiz\u00f3 la presentaci\u00f3n de Moana \u201cDanza Polinesia&#8221; para continuar ma\u00f1ana 23 de Julio con el concierto \u201cEntre Cuerdas y Trinos\u201d a las 12:00 horas y el lunes 24 de julio el concierto \u201cPrimavera en Cuernavaca\u201d a cargo del Coro Fulgencio \u00c1vila Camacho, que tendr\u00e1 verificativo a las 18:00 horas; para acceder a estos eventos no se necesitan boletos.<\/p>\n<p>La cartelera completa del Segundo Festival Cultural de Verano Cuernavaca 2023 se puede consultar y descargar en la p\u00e1gina www.cuernavaca.gob.mx, as\u00ed como en las redes sociales oficiales del Municipio de Cuernavaca, de la Secretar\u00eda de Desarrollo Humano y Participaci\u00f3n Social, y del Instituto de Cultura de Cuernavaca- MUCIC.<\/p>\n<p><img loading=\"lazy\" class=\"alignnone size-medium wp-image-30739\" src=\"https:\/\/cuernavaca.gob.mx\/wp-content\/uploads\/2023\/07\/CON-GRAN-ASISTENCIA-ARRANCO-EL-SEGUNDO-FESTIVAL-DE-VERANO-CUERNAVACA-2023-1-300x200.jpeg\" alt=\"\" width=\"300\" height=\"200\" srcset=\"https:\/\/cuernavaca.gob.mx\/wp-content\/uploads\/2023\/07\/CON-GRAN-ASISTENCIA-ARRANCO-EL-SEGUNDO-FESTIVAL-DE-VERANO-CUERNAVACA-2023-1-300x200.jpeg 300w, https:\/\/cuernavaca.gob.mx\/wp-content\/uploads\/2023\/07\/CON-GRAN-ASISTENCIA-ARRANCO-EL-SEGUNDO-FESTIVAL-DE-VERANO-CUERNAVACA-2023-1-1024x682.jpeg 1024w, https:\/\/cuernavaca.gob.mx\/wp-content\/uploads\/2023\/07\/CON-GRAN-ASISTENCIA-ARRANCO-EL-SEGUNDO-FESTIVAL-DE-VERANO-CUERNAVACA-2023-1-768x512.jpeg 768w, https:\/\/cuernavaca.gob.mx\/wp-content\/uploads\/2023\/07\/CON-GRAN-ASISTENCIA-ARRANCO-EL-SEGUNDO-FESTIVAL-DE-VERANO-CUERNAVACA-2023-1-1536x1023.jpeg 1536w, https:\/\/cuernavaca.gob.mx\/wp-content\/uploads\/2023\/07\/CON-GRAN-ASISTENCIA-ARRANCO-EL-SEGUNDO-FESTIVAL-DE-VERANO-CUERNAVACA-2023-1-600x400.jpeg 600w, https:\/\/cuernavaca.gob.mx\/wp-content\/uploads\/2023\/07\/CON-GRAN-ASISTENCIA-ARRANCO-EL-SEGUNDO-FESTIVAL-DE-VERANO-CUERNAVACA-2023-1-560x373.jpeg 560w, https:\/\/cuernavaca.gob.mx\/wp-content\/uploads\/2023\/07\/CON-GRAN-ASISTENCIA-ARRANCO-EL-SEGUNDO-FESTIVAL-DE-VERANO-CUERNAVACA-2023-1.jpeg 1600w\" sizes=\"(max-width: 300px) 100vw, 300px\" \/> <img loading=\"lazy\" class=\"alignnone size-medium wp-image-30740\" src=\"https:\/\/cuernavaca.gob.mx\/wp-content\/uploads\/2023\/07\/CON-GRAN-ASISTENCIA-ARRANCO-EL-SEGUNDO-FESTIVAL-DE-VERANO-CUERNAVACA-2023-2-300x200.jpeg\" alt=\"\" width=\"300\" height=\"200\" srcset=\"https:\/\/cuernavaca.gob.mx\/wp-content\/uploads\/2023\/07\/CON-GRAN-ASISTENCIA-ARRANCO-EL-SEGUNDO-FESTIVAL-DE-VERANO-CUERNAVACA-2023-2-300x200.jpeg 300w, https:\/\/cuernavaca.gob.mx\/wp-content\/uploads\/2023\/07\/CON-GRAN-ASISTENCIA-ARRANCO-EL-SEGUNDO-FESTIVAL-DE-VERANO-CUERNAVACA-2023-2-1024x682.jpeg 1024w, https:\/\/cuernavaca.gob.mx\/wp-content\/uploads\/2023\/07\/CON-GRAN-ASISTENCIA-ARRANCO-EL-SEGUNDO-FESTIVAL-DE-VERANO-CUERNAVACA-2023-2-768x512.jpeg 768w, https:\/\/cuernavaca.gob.mx\/wp-content\/uploads\/2023\/07\/CON-GRAN-ASISTENCIA-ARRANCO-EL-SEGUNDO-FESTIVAL-DE-VERANO-CUERNAVACA-2023-2-1536x1023.jpeg 1536w, https:\/\/cuernavaca.gob.mx\/wp-content\/uploads\/2023\/07\/CON-GRAN-ASISTENCIA-ARRANCO-EL-SEGUNDO-FESTIVAL-DE-VERANO-CUERNAVACA-2023-2-600x400.jpeg 600w, https:\/\/cuernavaca.gob.mx\/wp-content\/uploads\/2023\/07\/CON-GRAN-ASISTENCIA-ARRANCO-EL-SEGUNDO-FESTIVAL-DE-VERANO-CUERNAVACA-2023-2-560x373.jpeg 560w, https:\/\/cuernavaca.gob.mx\/wp-content\/uploads\/2023\/07\/CON-GRAN-ASISTENCIA-ARRANCO-EL-SEGUNDO-FESTIVAL-DE-VERANO-CUERNAVACA-2023-2.jpeg 1600w\" sizes=\"(max-width: 300px) 100vw, 300px\" \/> <img loading=\"lazy\" class=\"alignnone size-medium wp-image-30741\" src=\"https:\/\/cuernavaca.gob.mx\/wp-content\/uploads\/2023\/07\/CON-GRAN-ASISTENCIA-ARRANCO-EL-SEGUNDO-FESTIVAL-DE-VERANO-CUERNAVACA-2023-3-300x200.jpeg\" alt=\"\" width=\"300\" height=\"200\" srcset=\"https:\/\/cuernavaca.gob.mx\/wp-content\/uploads\/2023\/07\/CON-GRAN-ASISTENCIA-ARRANCO-EL-SEGUNDO-FESTIVAL-DE-VERANO-CUERNAVACA-2023-3-300x200.jpeg 300w, https:\/\/cuernavaca.gob.mx\/wp-content\/uploads\/2023\/07\/CON-GRAN-ASISTENCIA-ARRANCO-EL-SEGUNDO-FESTIVAL-DE-VERANO-CUERNAVACA-2023-3-1024x682.jpeg 1024w, https:\/\/cuernavaca.gob.mx\/wp-content\/uploads\/2023\/07\/CON-GRAN-ASISTENCIA-ARRANCO-EL-SEGUNDO-FESTIVAL-DE-VERANO-CUERNAVACA-2023-3-768x512.jpeg 768w, https:\/\/cuernavaca.gob.mx\/wp-content\/uploads\/2023\/07\/CON-GRAN-ASISTENCIA-ARRANCO-EL-SEGUNDO-FESTIVAL-DE-VERANO-CUERNAVACA-2023-3-1536x1023.jpeg 1536w, https:\/\/cuernavaca.gob.mx\/wp-content\/uploads\/2023\/07\/CON-GRAN-ASISTENCIA-ARRANCO-EL-SEGUNDO-FESTIVAL-DE-VERANO-CUERNAVACA-2023-3-600x400.jpeg 600w, https:\/\/cuernavaca.gob.mx\/wp-content\/uploads\/2023\/07\/CON-GRAN-ASISTENCIA-ARRANCO-EL-SEGUNDO-FESTIVAL-DE-VERANO-CUERNAVACA-2023-3-560x373.jpeg 560w, https:\/\/cuernavaca.gob.mx\/wp-content\/uploads\/2023\/07\/CON-GRAN-ASISTENCIA-ARRANCO-EL-SEGUNDO-FESTIVAL-DE-VERANO-CUERNAVACA-2023-3.jpeg 1600w\" sizes=\"(max-width: 300px) 100vw, 300px\" \/> <img loading=\"lazy\" class=\"alignnone size-medium wp-image-30742\" src=\"https:\/\/cuernavaca.gob.mx\/wp-content\/uploads\/2023\/07\/CON-GRAN-ASISTENCIA-ARRANCO-EL-SEGUNDO-FESTIVAL-DE-VERANO-CUERNAVACA-2023-4-300x200.jpeg\" alt=\"\" width=\"300\" height=\"200\" srcset=\"https:\/\/cuernavaca.gob.mx\/wp-content\/uploads\/2023\/07\/CON-GRAN-ASISTENCIA-ARRANCO-EL-SEGUNDO-FESTIVAL-DE-VERANO-CUERNAVACA-2023-4-300x200.jpeg 300w, https:\/\/cuernavaca.gob.mx\/wp-content\/uploads\/2023\/07\/CON-GRAN-ASISTENCIA-ARRANCO-EL-SEGUNDO-FESTIVAL-DE-VERANO-CUERNAVACA-2023-4-1024x682.jpeg 1024w, https:\/\/cuernavaca.gob.mx\/wp-content\/uploads\/2023\/07\/CON-GRAN-ASISTENCIA-ARRANCO-EL-SEGUNDO-FESTIVAL-DE-VERANO-CUERNAVACA-2023-4-768x512.jpeg 768w, https:\/\/cuernavaca.gob.mx\/wp-content\/uploads\/2023\/07\/CON-GRAN-ASISTENCIA-ARRANCO-EL-SEGUNDO-FESTIVAL-DE-VERANO-CUERNAVACA-2023-4-1536x1023.jpeg 1536w, https:\/\/cuernavaca.gob.mx\/wp-content\/uploads\/2023\/07\/CON-GRAN-ASISTENCIA-ARRANCO-EL-SEGUNDO-FESTIVAL-DE-VERANO-CUERNAVACA-2023-4-600x400.jpeg 600w, https:\/\/cuernavaca.gob.mx\/wp-content\/uploads\/2023\/07\/CON-GRAN-ASISTENCIA-ARRANCO-EL-SEGUNDO-FESTIVAL-DE-VERANO-CUERNAVACA-2023-4-560x373.jpeg 560w, https:\/\/cuernavaca.gob.mx\/wp-content\/uploads\/2023\/07\/CON-GRAN-ASISTENCIA-ARRANCO-EL-SEGUNDO-FESTIVAL-DE-VERANO-CUERNAVACA-2023-4.jpeg 1600w\" sizes=\"(max-width: 300px) 100vw, 300px\" \/> <img loading=\"lazy\" class=\"alignnone size-medium wp-image-30743\" src=\"https:\/\/cuernavaca.gob.mx\/wp-content\/uploads\/2023\/07\/CON-GRAN-ASISTENCIA-ARRANCO-EL-SEGUNDO-FESTIVAL-DE-VERANO-CUERNAVACA-2023-5-300x200.jpeg\" alt=\"\" width=\"300\" height=\"200\" srcset=\"https:\/\/cuernavaca.gob.mx\/wp-content\/uploads\/2023\/07\/CON-GRAN-ASISTENCIA-ARRANCO-EL-SEGUNDO-FESTIVAL-DE-VERANO-CUERNAVACA-2023-5-300x200.jpeg 300w, https:\/\/cuernavaca.gob.mx\/wp-content\/uploads\/2023\/07\/CON-GRAN-ASISTENCIA-ARRANCO-EL-SEGUNDO-FESTIVAL-DE-VERANO-CUERNAVACA-2023-5-1024x682.jpeg 1024w, https:\/\/cuernavaca.gob.mx\/wp-content\/uploads\/2023\/07\/CON-GRAN-ASISTENCIA-ARRANCO-EL-SEGUNDO-FESTIVAL-DE-VERANO-CUERNAVACA-2023-5-768x512.jpeg 768w, https:\/\/cuernavaca.gob.mx\/wp-content\/uploads\/2023\/07\/CON-GRAN-ASISTENCIA-ARRANCO-EL-SEGUNDO-FESTIVAL-DE-VERANO-CUERNAVACA-2023-5-1536x1023.jpeg 1536w, https:\/\/cuernavaca.gob.mx\/wp-content\/uploads\/2023\/07\/CON-GRAN-ASISTENCIA-ARRANCO-EL-SEGUNDO-FESTIVAL-DE-VERANO-CUERNAVACA-2023-5-600x400.jpeg 600w, https:\/\/cuernavaca.gob.mx\/wp-content\/uploads\/2023\/07\/CON-GRAN-ASISTENCIA-ARRANCO-EL-SEGUNDO-FESTIVAL-DE-VERANO-CUERNAVACA-2023-5-560x373.jpeg 560w, https:\/\/cuernavaca.gob.mx\/wp-content\/uploads\/2023\/07\/CON-GRAN-ASISTENCIA-ARRANCO-EL-SEGUNDO-FESTIVAL-DE-VERANO-CUERNAVACA-2023-5.jpeg 1600w\" sizes=\"(max-width: 300px) 100vw, 300px\" \/> <img loading=\"lazy\" class=\"alignnone size-medium wp-image-30744\" src=\"https:\/\/cuernavaca.gob.mx\/wp-content\/uploads\/2023\/07\/CON-GRAN-ASISTENCIA-ARRANCO-EL-SEGUNDO-FESTIVAL-DE-VERANO-CUERNAVACA-2023-6-300x200.jpeg\" alt=\"\" width=\"300\" height=\"200\" srcset=\"https:\/\/cuernavaca.gob.mx\/wp-content\/uploads\/2023\/07\/CON-GRAN-ASISTENCIA-ARRANCO-EL-SEGUNDO-FESTIVAL-DE-VERANO-CUERNAVACA-2023-6-300x200.jpeg 300w, https:\/\/cuernavaca.gob.mx\/wp-content\/uploads\/2023\/07\/CON-GRAN-ASISTENCIA-ARRANCO-EL-SEGUNDO-FESTIVAL-DE-VERANO-CUERNAVACA-2023-6-1024x682.jpeg 1024w, https:\/\/cuernavaca.gob.mx\/wp-content\/uploads\/2023\/07\/CON-GRAN-ASISTENCIA-ARRANCO-EL-SEGUNDO-FESTIVAL-DE-VERANO-CUERNAVACA-2023-6-768x512.jpeg 768w, https:\/\/cuernavaca.gob.mx\/wp-content\/uploads\/2023\/07\/CON-GRAN-ASISTENCIA-ARRANCO-EL-SEGUNDO-FESTIVAL-DE-VERANO-CUERNAVACA-2023-6-1536x1023.jpeg 1536w, https:\/\/cuernavaca.gob.mx\/wp-content\/uploads\/2023\/07\/CON-GRAN-ASISTENCIA-ARRANCO-EL-SEGUNDO-FESTIVAL-DE-VERANO-CUERNAVACA-2023-6-600x400.jpeg 600w, https:\/\/cuernavaca.gob.mx\/wp-content\/uploads\/2023\/07\/CON-GRAN-ASISTENCIA-ARRANCO-EL-SEGUNDO-FESTIVAL-DE-VERANO-CUERNAVACA-2023-6-560x373.jpeg 560w, https:\/\/cuernavaca.gob.mx\/wp-content\/uploads\/2023\/07\/CON-GRAN-ASISTENCIA-ARRANCO-EL-SEGUNDO-FESTIVAL-DE-VERANO-CUERNAVACA-2023-6.jpeg 1600w\" sizes=\"(max-width: 300px) 100vw, 300px\" \/> <img loading=\"lazy\" class=\"alignnone size-medium wp-image-30745\" src=\"https:\/\/cuernavaca.gob.mx\/wp-content\/uploads\/2023\/07\/CON-GRAN-ASISTENCIA-ARRANCO-EL-SEGUNDO-FESTIVAL-DE-VERANO-CUERNAVACA-2023-7-300x200.jpeg\" alt=\"\" width=\"300\" height=\"200\" srcset=\"https:\/\/cuernavaca.gob.mx\/wp-content\/uploads\/2023\/07\/CON-GRAN-ASISTENCIA-ARRANCO-EL-SEGUNDO-FESTIVAL-DE-VERANO-CUERNAVACA-2023-7-300x200.jpeg 300w, https:\/\/cuernavaca.gob.mx\/wp-content\/uploads\/2023\/07\/CON-GRAN-ASISTENCIA-ARRANCO-EL-SEGUNDO-FESTIVAL-DE-VERANO-CUERNAVACA-2023-7-1024x682.jpeg 1024w, https:\/\/cuernavaca.gob.mx\/wp-content\/uploads\/2023\/07\/CON-GRAN-ASISTENCIA-ARRANCO-EL-SEGUNDO-FESTIVAL-DE-VERANO-CUERNAVACA-2023-7-768x512.jpeg 768w, https:\/\/cuernavaca.gob.mx\/wp-content\/uploads\/2023\/07\/CON-GRAN-ASISTENCIA-ARRANCO-EL-SEGUNDO-FESTIVAL-DE-VERANO-CUERNAVACA-2023-7-1536x1023.jpeg 1536w, https:\/\/cuernavaca.gob.mx\/wp-content\/uploads\/2023\/07\/CON-GRAN-ASISTENCIA-ARRANCO-EL-SEGUNDO-FESTIVAL-DE-VERANO-CUERNAVACA-2023-7-600x400.jpeg 600w, https:\/\/cuernavaca.gob.mx\/wp-content\/uploads\/2023\/07\/CON-GRAN-ASISTENCIA-ARRANCO-EL-SEGUNDO-FESTIVAL-DE-VERANO-CUERNAVACA-2023-7-560x373.jpeg 560w, https:\/\/cuernavaca.gob.mx\/wp-content\/uploads\/2023\/07\/CON-GRAN-ASISTENCIA-ARRANCO-EL-SEGUNDO-FESTIVAL-DE-VERANO-CUERNAVACA-2023-7.jpeg 1600w\" sizes=\"(max-width: 300px) 100vw, 300px\" \/> <img loading=\"lazy\" class=\"alignnone size-medium wp-image-30746\" src=\"https:\/\/cuernavaca.gob.mx\/wp-content\/uploads\/2023\/07\/CON-GRAN-ASISTENCIA-ARRANCO-EL-SEGUNDO-FESTIVAL-DE-VERANO-CUERNAVACA-2023-8-300x200.jpeg\" alt=\"\" width=\"300\" height=\"200\" srcset=\"https:\/\/cuernavaca.gob.mx\/wp-content\/uploads\/2023\/07\/CON-GRAN-ASISTENCIA-ARRANCO-EL-SEGUNDO-FESTIVAL-DE-VERANO-CUERNAVACA-2023-8-300x200.jpeg 300w, https:\/\/cuernavaca.gob.mx\/wp-content\/uploads\/2023\/07\/CON-GRAN-ASISTENCIA-ARRANCO-EL-SEGUNDO-FESTIVAL-DE-VERANO-CUERNAVACA-2023-8-1024x682.jpeg 1024w, https:\/\/cuernavaca.gob.mx\/wp-content\/uploads\/2023\/07\/CON-GRAN-ASISTENCIA-ARRANCO-EL-SEGUNDO-FESTIVAL-DE-VERANO-CUERNAVACA-2023-8-768x512.jpeg 768w, https:\/\/cuernavaca.gob.mx\/wp-content\/uploads\/2023\/07\/CON-GRAN-ASISTENCIA-ARRANCO-EL-SEGUNDO-FESTIVAL-DE-VERANO-CUERNAVACA-2023-8-1536x1023.jpeg 1536w, https:\/\/cuernavaca.gob.mx\/wp-content\/uploads\/2023\/07\/CON-GRAN-ASISTENCIA-ARRANCO-EL-SEGUNDO-FESTIVAL-DE-VERANO-CUERNAVACA-2023-8-600x400.jpeg 600w, https:\/\/cuernavaca.gob.mx\/wp-content\/uploads\/2023\/07\/CON-GRAN-ASISTENCIA-ARRANCO-EL-SEGUNDO-FESTIVAL-DE-VERANO-CUERNAVACA-2023-8-560x373.jpeg 560w, https:\/\/cuernavaca.gob.mx\/wp-content\/uploads\/2023\/07\/CON-GRAN-ASISTENCIA-ARRANCO-EL-SEGUNDO-FESTIVAL-DE-VERANO-CUERNAVACA-2023-8.jpeg 1600w\" sizes=\"(max-width: 300px) 100vw, 300px\" \/> <img loading=\"lazy\" class=\"alignnone size-medium wp-image-30747\" src=\"https:\/\/cuernavaca.gob.mx\/wp-content\/uploads\/2023\/07\/CON-GRAN-ASISTENCIA-ARRANCO-EL-SEGUNDO-FESTIVAL-DE-VERANO-CUERNAVACA-2023-9-300x200.jpeg\" alt=\"\" width=\"300\" height=\"200\" srcset=\"https:\/\/cuernavaca.gob.mx\/wp-content\/uploads\/2023\/07\/CON-GRAN-ASISTENCIA-ARRANCO-EL-SEGUNDO-FESTIVAL-DE-VERANO-CUERNAVACA-2023-9-300x200.jpeg 300w, https:\/\/cuernavaca.gob.mx\/wp-content\/uploads\/2023\/07\/CON-GRAN-ASISTENCIA-ARRANCO-EL-SEGUNDO-FESTIVAL-DE-VERANO-CUERNAVACA-2023-9-1024x682.jpeg 1024w, https:\/\/cuernavaca.gob.mx\/wp-content\/uploads\/2023\/07\/CON-GRAN-ASISTENCIA-ARRANCO-EL-SEGUNDO-FESTIVAL-DE-VERANO-CUERNAVACA-2023-9-768x512.jpeg 768w, https:\/\/cuernavaca.gob.mx\/wp-content\/uploads\/2023\/07\/CON-GRAN-ASISTENCIA-ARRANCO-EL-SEGUNDO-FESTIVAL-DE-VERANO-CUERNAVACA-2023-9-1536x1023.jpeg 1536w, https:\/\/cuernavaca.gob.mx\/wp-content\/uploads\/2023\/07\/CON-GRAN-ASISTENCIA-ARRANCO-EL-SEGUNDO-FESTIVAL-DE-VERANO-CUERNAVACA-2023-9-600x400.jpeg 600w, https:\/\/cuernavaca.gob.mx\/wp-content\/uploads\/2023\/07\/CON-GRAN-ASISTENCIA-ARRANCO-EL-SEGUNDO-FESTIVAL-DE-VERANO-CUERNAVACA-2023-9-560x373.jpeg 560w, https:\/\/cuernavaca.gob.mx\/wp-content\/uploads\/2023\/07\/CON-GRAN-ASISTENCIA-ARRANCO-EL-SEGUNDO-FESTIVAL-DE-VERANO-CUERNAVACA-2023-9.jpeg 1600w\" sizes=\"(max-width: 300px) 100vw, 300px\" \/> <img loading=\"lazy\" class=\"alignnone size-medium wp-image-30748\" src=\"https:\/\/cuernavaca.gob.mx\/wp-content\/uploads\/2023\/07\/CON-GRAN-ASISTENCIA-ARRANCO-EL-SEGUNDO-FESTIVAL-DE-VERANO-CUERNAVACA-2023-10-300x200.jpeg\" alt=\"\" width=\"300\" height=\"200\" srcset=\"https:\/\/cuernavaca.gob.mx\/wp-content\/uploads\/2023\/07\/CON-GRAN-ASISTENCIA-ARRANCO-EL-SEGUNDO-FESTIVAL-DE-VERANO-CUERNAVACA-2023-10-300x200.jpeg 300w, https:\/\/cuernavaca.gob.mx\/wp-content\/uploads\/2023\/07\/CON-GRAN-ASISTENCIA-ARRANCO-EL-SEGUNDO-FESTIVAL-DE-VERANO-CUERNAVACA-2023-10-1024x682.jpeg 1024w, https:\/\/cuernavaca.gob.mx\/wp-content\/uploads\/2023\/07\/CON-GRAN-ASISTENCIA-ARRANCO-EL-SEGUNDO-FESTIVAL-DE-VERANO-CUERNAVACA-2023-10-768x512.jpeg 768w, https:\/\/cuernavaca.gob.mx\/wp-content\/uploads\/2023\/07\/CON-GRAN-ASISTENCIA-ARRANCO-EL-SEGUNDO-FESTIVAL-DE-VERANO-CUERNAVACA-2023-10-1536x1023.jpeg 1536w, https:\/\/cuernavaca.gob.mx\/wp-content\/uploads\/2023\/07\/CON-GRAN-ASISTENCIA-ARRANCO-EL-SEGUNDO-FESTIVAL-DE-VERANO-CUERNAVACA-2023-10-600x400.jpeg 600w, https:\/\/cuernavaca.gob.mx\/wp-content\/uploads\/2023\/07\/CON-GRAN-ASISTENCIA-ARRANCO-EL-SEGUNDO-FESTIVAL-DE-VERANO-CUERNAVACA-2023-10-560x373.jpeg 560w, https:\/\/cuernavaca.gob.mx\/wp-content\/uploads\/2023\/07\/CON-GRAN-ASISTENCIA-ARRANCO-EL-SEGUNDO-FESTIVAL-DE-VERANO-CUERNAVACA-2023-10.jpeg 1600w\" sizes=\"(max-width: 300px) 100vw, 300px\" \/> <img loading=\"lazy\" class=\"alignnone size-medium wp-image-30749\" src=\"https:\/\/cuernavaca.gob.mx\/wp-content\/uploads\/2023\/07\/CON-GRAN-ASISTENCIA-ARRANCO-EL-SEGUNDO-FESTIVAL-DE-VERANO-CUERNAVACA-2023-11-300x200.jpeg\" alt=\"\" width=\"300\" height=\"200\" srcset=\"https:\/\/cuernavaca.gob.mx\/wp-content\/uploads\/2023\/07\/CON-GRAN-ASISTENCIA-ARRANCO-EL-SEGUNDO-FESTIVAL-DE-VERANO-CUERNAVACA-2023-11-300x200.jpeg 300w, https:\/\/cuernavaca.gob.mx\/wp-content\/uploads\/2023\/07\/CON-GRAN-ASISTENCIA-ARRANCO-EL-SEGUNDO-FESTIVAL-DE-VERANO-CUERNAVACA-2023-11-1024x682.jpeg 1024w, https:\/\/cuernavaca.gob.mx\/wp-content\/uploads\/2023\/07\/CON-GRAN-ASISTENCIA-ARRANCO-EL-SEGUNDO-FESTIVAL-DE-VERANO-CUERNAVACA-2023-11-768x512.jpeg 768w, https:\/\/cuernavaca.gob.mx\/wp-content\/uploads\/2023\/07\/CON-GRAN-ASISTENCIA-ARRANCO-EL-SEGUNDO-FESTIVAL-DE-VERANO-CUERNAVACA-2023-11-1536x1023.jpeg 1536w, https:\/\/cuernavaca.gob.mx\/wp-content\/uploads\/2023\/07\/CON-GRAN-ASISTENCIA-ARRANCO-EL-SEGUNDO-FESTIVAL-DE-VERANO-CUERNAVACA-2023-11-600x400.jpeg 600w, https:\/\/cuernavaca.gob.mx\/wp-content\/uploads\/2023\/07\/CON-GRAN-ASISTENCIA-ARRANCO-EL-SEGUNDO-FESTIVAL-DE-VERANO-CUERNAVACA-2023-11-560x373.jpeg 560w, https:\/\/cuernavaca.gob.mx\/wp-content\/uploads\/2023\/07\/CON-GRAN-ASISTENCIA-ARRANCO-EL-SEGUNDO-FESTIVAL-DE-VERANO-CUERNAVACA-2023-11.jpeg 1600w\" sizes=\"(max-width: 300px) 100vw, 300px\" \/> <img loading=\"lazy\" class=\"alignnone size-medium wp-image-30750\" src=\"https:\/\/cuernavaca.gob.mx\/wp-content\/uploads\/2023\/07\/CON-GRAN-ASISTENCIA-ARRANCO-EL-SEGUNDO-FESTIVAL-DE-VERANO-CUERNAVACA-2023-12-300x200.jpeg\" alt=\"\" width=\"300\" height=\"200\" srcset=\"https:\/\/cuernavaca.gob.mx\/wp-content\/uploads\/2023\/07\/CON-GRAN-ASISTENCIA-ARRANCO-EL-SEGUNDO-FESTIVAL-DE-VERANO-CUERNAVACA-2023-12-300x200.jpeg 300w, https:\/\/cuernavaca.gob.mx\/wp-content\/uploads\/2023\/07\/CON-GRAN-ASISTENCIA-ARRANCO-EL-SEGUNDO-FESTIVAL-DE-VERANO-CUERNAVACA-2023-12-1024x682.jpeg 1024w, https:\/\/cuernavaca.gob.mx\/wp-content\/uploads\/2023\/07\/CON-GRAN-ASISTENCIA-ARRANCO-EL-SEGUNDO-FESTIVAL-DE-VERANO-CUERNAVACA-2023-12-768x512.jpeg 768w, https:\/\/cuernavaca.gob.mx\/wp-content\/uploads\/2023\/07\/CON-GRAN-ASISTENCIA-ARRANCO-EL-SEGUNDO-FESTIVAL-DE-VERANO-CUERNAVACA-2023-12-1536x1023.jpeg 1536w, https:\/\/cuernavaca.gob.mx\/wp-content\/uploads\/2023\/07\/CON-GRAN-ASISTENCIA-ARRANCO-EL-SEGUNDO-FESTIVAL-DE-VERANO-CUERNAVACA-2023-12-600x400.jpeg 600w, https:\/\/cuernavaca.gob.mx\/wp-content\/uploads\/2023\/07\/CON-GRAN-ASISTENCIA-ARRANCO-EL-SEGUNDO-FESTIVAL-DE-VERANO-CUERNAVACA-2023-12-560x373.jpeg 560w, https:\/\/cuernavaca.gob.mx\/wp-content\/uploads\/2023\/07\/CON-GRAN-ASISTENCIA-ARRANCO-EL-SEGUNDO-FESTIVAL-DE-VERANO-CUERNAVACA-2023-12.jpeg 1600w\" sizes=\"(max-width: 300px) 100vw, 300px\" \/> <img loading=\"lazy\" class=\"alignnone size-medium wp-image-30751\" src=\"https:\/\/cuernavaca.gob.mx\/wp-content\/uploads\/2023\/07\/CON-GRAN-ASISTENCIA-ARRANCO-EL-SEGUNDO-FESTIVAL-DE-VERANO-CUERNAVACA-2023-13-300x200.jpeg\" alt=\"\" width=\"300\" height=\"200\" srcset=\"https:\/\/cuernavaca.gob.mx\/wp-content\/uploads\/2023\/07\/CON-GRAN-ASISTENCIA-ARRANCO-EL-SEGUNDO-FESTIVAL-DE-VERANO-CUERNAVACA-2023-13-300x200.jpeg 300w, https:\/\/cuernavaca.gob.mx\/wp-content\/uploads\/2023\/07\/CON-GRAN-ASISTENCIA-ARRANCO-EL-SEGUNDO-FESTIVAL-DE-VERANO-CUERNAVACA-2023-13-1024x682.jpeg 1024w, https:\/\/cuernavaca.gob.mx\/wp-content\/uploads\/2023\/07\/CON-GRAN-ASISTENCIA-ARRANCO-EL-SEGUNDO-FESTIVAL-DE-VERANO-CUERNAVACA-2023-13-768x512.jpeg 768w, https:\/\/cuernavaca.gob.mx\/wp-content\/uploads\/2023\/07\/CON-GRAN-ASISTENCIA-ARRANCO-EL-SEGUNDO-FESTIVAL-DE-VERANO-CUERNAVACA-2023-13-1536x1023.jpeg 1536w, https:\/\/cuernavaca.gob.mx\/wp-content\/uploads\/2023\/07\/CON-GRAN-ASISTENCIA-ARRANCO-EL-SEGUNDO-FESTIVAL-DE-VERANO-CUERNAVACA-2023-13-600x400.jpeg 600w, https:\/\/cuernavaca.gob.mx\/wp-content\/uploads\/2023\/07\/CON-GRAN-ASISTENCIA-ARRANCO-EL-SEGUNDO-FESTIVAL-DE-VERANO-CUERNAVACA-2023-13-560x373.jpeg 560w, https:\/\/cuernavaca.gob.mx\/wp-content\/uploads\/2023\/07\/CON-GRAN-ASISTENCIA-ARRANCO-EL-SEGUNDO-FESTIVAL-DE-VERANO-CUERNAVACA-2023-13.jpeg 1600w\" sizes=\"(max-width: 300px) 100vw, 300px\" \/> <img loading=\"lazy\" class=\"alignnone size-medium wp-image-30752\" src=\"https:\/\/cuernavaca.gob.mx\/wp-content\/uploads\/2023\/07\/CON-GRAN-ASISTENCIA-ARRANCO-EL-SEGUNDO-FESTIVAL-DE-VERANO-CUERNAVACA-2023-14-300x200.jpeg\" alt=\"\" width=\"300\" height=\"200\" srcset=\"https:\/\/cuernavaca.gob.mx\/wp-content\/uploads\/2023\/07\/CON-GRAN-ASISTENCIA-ARRANCO-EL-SEGUNDO-FESTIVAL-DE-VERANO-CUERNAVACA-2023-14-300x200.jpeg 300w, https:\/\/cuernavaca.gob.mx\/wp-content\/uploads\/2023\/07\/CON-GRAN-ASISTENCIA-ARRANCO-EL-SEGUNDO-FESTIVAL-DE-VERANO-CUERNAVACA-2023-14-1024x682.jpeg 1024w, https:\/\/cuernavaca.gob.mx\/wp-content\/uploads\/2023\/07\/CON-GRAN-ASISTENCIA-ARRANCO-EL-SEGUNDO-FESTIVAL-DE-VERANO-CUERNAVACA-2023-14-768x512.jpeg 768w, https:\/\/cuernavaca.gob.mx\/wp-content\/uploads\/2023\/07\/CON-GRAN-ASISTENCIA-ARRANCO-EL-SEGUNDO-FESTIVAL-DE-VERANO-CUERNAVACA-2023-14-1536x1023.jpeg 1536w, https:\/\/cuernavaca.gob.mx\/wp-content\/uploads\/2023\/07\/CON-GRAN-ASISTENCIA-ARRANCO-EL-SEGUNDO-FESTIVAL-DE-VERANO-CUERNAVACA-2023-14-600x400.jpeg 600w, https:\/\/cuernavaca.gob.mx\/wp-content\/uploads\/2023\/07\/CON-GRAN-ASISTENCIA-ARRANCO-EL-SEGUNDO-FESTIVAL-DE-VERANO-CUERNAVACA-2023-14-560x373.jpeg 560w, https:\/\/cuernavaca.gob.mx\/wp-content\/uploads\/2023\/07\/CON-GRAN-ASISTENCIA-ARRANCO-EL-SEGUNDO-FESTIVAL-DE-VERANO-CUERNAVACA-2023-14.jpeg 1600w\" sizes=\"(max-width: 300px) 100vw, 300px\" \/><\/p>\n","protected":false},"excerpt":{"rendered":"<p>\u00a0El Gobierno Municipal mantiene la apropiaci\u00f3n de espacios p\u00fablicos con expresiones art\u00edsticas para toda la familia en diferentes sedes de la Ciudad &nbsp; Vecinos y turistas participaron en la tradicional callejoneada con estudiantinas y tunas en el centro hist\u00f3rico Con una de las m\u00e1s vistosas expresiones art\u00edsticas que se rescataron en la presentaci\u00f3n administraci\u00f3n del [&hellip;]<\/p>\n","protected":false},"author":1,"featured_media":30743,"comment_status":"closed","ping_status":"open","sticky":false,"template":"","format":"standard","meta":[],"categories":[2292],"tags":[121,190,1922,2337,1882,120,206,1375,1603],"aioseo_notices":[],"_links":{"self":[{"href":"https:\/\/cuernavaca.gob.mx\/index.php?rest_route=\/wp\/v2\/posts\/30738"}],"collection":[{"href":"https:\/\/cuernavaca.gob.mx\/index.php?rest_route=\/wp\/v2\/posts"}],"about":[{"href":"https:\/\/cuernavaca.gob.mx\/index.php?rest_route=\/wp\/v2\/types\/post"}],"author":[{"embeddable":true,"href":"https:\/\/cuernavaca.gob.mx\/index.php?rest_route=\/wp\/v2\/users\/1"}],"replies":[{"embeddable":true,"href":"https:\/\/cuernavaca.gob.mx\/index.php?rest_route=%2Fwp%2Fv2%2Fcomments&post=30738"}],"version-history":[{"count":1,"href":"https:\/\/cuernavaca.gob.mx\/index.php?rest_route=\/wp\/v2\/posts\/30738\/revisions"}],"predecessor-version":[{"id":30753,"href":"https:\/\/cuernavaca.gob.mx\/index.php?rest_route=\/wp\/v2\/posts\/30738\/revisions\/30753"}],"wp:featuredmedia":[{"embeddable":true,"href":"https:\/\/cuernavaca.gob.mx\/index.php?rest_route=\/wp\/v2\/media\/30743"}],"wp:attachment":[{"href":"https:\/\/cuernavaca.gob.mx\/index.php?rest_route=%2Fwp%2Fv2%2Fmedia&parent=30738"}],"wp:term":[{"taxonomy":"category","embeddable":true,"href":"https:\/\/cuernavaca.gob.mx\/index.php?rest_route=%2Fwp%2Fv2%2Fcategories&post=30738"},{"taxonomy":"post_tag","embeddable":true,"href":"https:\/\/cuernavaca.gob.mx\/index.php?rest_route=%2Fwp%2Fv2%2Ftags&post=30738"}],"curies":[{"name":"wp","href":"https:\/\/api.w.org\/{rel}","templated":true}]}}