{"id":30756,"date":"2023-07-24T15:10:57","date_gmt":"2023-07-24T21:10:57","guid":{"rendered":"https:\/\/cuernavaca.gob.mx\/?p=30756"},"modified":"2025-05-06T14:05:49","modified_gmt":"2025-05-06T20:05:49","slug":"b1155-24-07-23-con-mas-de-60-entusiastas-ninas-ninos-dio-inicio-la-segunda-edicion-del-curso-de-verano-2023-convocado-por-seprac","status":"publish","type":"post","link":"https:\/\/cuernavaca.gob.mx\/?p=30756","title":{"rendered":"B1155 24\/07\/23 CON M\u00c1S DE 60 ENTUSIASTAS NI\u00d1AS, NI\u00d1OS DIO INICIO LA SEGUNDA EDICI\u00d3N DEL CURSO DE VERANO 2023 CONVOCADO POR SEPRAC"},"content":{"rendered":"<p><strong>\u2022 Los asistentes participar\u00e1n por dos semanas en talleres desde educaci\u00f3n vial hasta primeros auxilios, n\u00fameros de emergencia, as\u00ed como actividades deportivas y recreativas<\/strong><\/p>\n<p><strong>\u2022 Se busca generar una cultura de la prevenci\u00f3n social de la violencia para que en sus hogares puedan ser replicadores de buenas pr\u00e1cticas enfocadas en la reconstrucci\u00f3n del tejido social<\/strong><\/p>\n<p>Por segundo a\u00f1o consecutivo, la Secretar\u00eda de Protecci\u00f3n y Auxilio Ciudadano de Cuernavaca (SEPRAC), a trav\u00e9s de la Direcci\u00f3n General de Prevenci\u00f3n Social, puso en marcha este lunes el Curso de Verano 2023, que tiene por objetivo impulsar en las ni\u00f1as, ni\u00f1os y adolescentes la cultura de la paz, el respeto y la prevenci\u00f3n social de la violencia por medio de conocimientos en materia de educaci\u00f3n vial, primeros auxilios y emergencias, mientras realizan actividades l\u00fadicas, activaci\u00f3n f\u00edsica y deportiva.<\/p>\n<p>Este a\u00f1o tendr\u00e1 como sede el balneario La Cascada, donde el presidente municipal de Cuernavaca, Jos\u00e9 Luis Uri\u00f3stegui Salgado, hizo la inauguraci\u00f3n oficial, invitando a las y los participantes a aprovechar al m\u00e1ximo estas dos semanas de curso, en el cual podr\u00e1n convivir con elementos adscritos a SEPRAC, como son los polic\u00edas, aprendiendo que hay personas que dedican su tiempo y vida al cuidado de los dem\u00e1s.<\/p>\n<p>Acompa\u00f1ado de la titular de SEPRAC, Alicia V\u00e1zquez Luna y del director general del Sistema Municipal DIF Cuernavaca, \u00d3scar Santana Cruz, en representaci\u00f3n de la presidenta Luz Mar\u00eda Zagal Guzm\u00e1n; agradeci\u00f3 al presidente del Comisariado Ejidal y a los integrantes del Ejido de Chapultepec por permitirles llevar a cabo estas actividades en el Balneario La Cascada, as\u00ed como a las madres y padres de familia la confianza para que sus hijas e hijos asistan a este curso, en algunos casos por segundo a\u00f1o.<\/p>\n<p>En su mensaje, la titular de SEPRAC, Alicia V\u00e1zquez Luna, refiri\u00f3 que este curso cumple con la indicaci\u00f3n del alcalde Jos\u00e9 Luis Uri\u00f3stegui Salgado, de que las ni\u00f1as, ni\u00f1os y adolescentes jueguen mientras aprenden para que en un futuro sean mujeres y hombres exitosos, libres y felices, ya que uno de sus objetivos es que puedan ser replicadores de estas buenas pr\u00e1cticas con el impulso de ambientes seguros.<\/p>\n<p>La encargada de la Direcci\u00f3n General de Prevenci\u00f3n Social de la Violencia, Samantha Popoca Reyes, explic\u00f3 que del 24 de julio hasta el 04 de agosto, ni\u00f1as, ni\u00f1os y adolescentes de entre seis a 14 a\u00f1os podr\u00e1n aprender jugando sobre la cultura de la prevenci\u00f3n social de la violencia al recibir herramientas te\u00f3rico- pr\u00e1cticas en materia de primeros auxilios, en como equipar una mochila de emergencia y diversas actividades f\u00edsicas, con la intenci\u00f3n de generar ambientes de sana convivencia y recreaci\u00f3n para crear espacios seguros.<\/p>\n<p>Indic\u00f3 que en durante el curso se contar\u00e1 con la presencia de elementos de la Polic\u00eda Vial, quienes les ense\u00f1ar\u00e1n sobre educaci\u00f3n vial; de elementos del Heroico Cuerpo de Bomberos, quienes estar\u00e1 a cargo del curso de primeros auxilios y voluntarios que les ense\u00f1ar\u00e1n t\u00e9cnicas de rescate, b\u00fasqueda y nudos; las actividades ser\u00e1n de las 08:30 horas hasta las 13:00 horas y se contar\u00e1 con algunas excursiones al Papalote Museo del Ni\u00f1o Cuernavaca y al Museo de Ciencia y Tecnolog\u00eda.<\/p>\n<p>Finalmente, la titular del Departamento de Pol\u00edticas P\u00fablicas para la Prevenci\u00f3n Social de la Violencia, Hilda Silvia Villalobos P\u00e9rez, puntualiz\u00f3 que con este curso las ni\u00f1as, ni\u00f1os y adolescentes guiar\u00e1n a sus madres y padres sobre c\u00f3mo prevenir la violencia y lograr una reconstrucci\u00f3n del tejido social desde el n\u00facleo familiar.<\/p>\n<p>En la inauguraci\u00f3n se cont\u00f3 con la presencia encargado de despacho de la Direcci\u00f3n del Heroico Cuerpo de Bombero, Rub\u00e9n Casta\u00f1eda Hern\u00e1ndez; la presidenta de Conciencia Animal Cuernavaca, Araceli Redondo Dom\u00ednguez; en representaci\u00f3n del Centro Morelense de Comunicaci\u00f3n de la Ciencia, Ren\u00e9 Ch\u00e1vez Vera y Beto el guardi\u00e1n de Cuernavaca.<\/p>\n<p><img loading=\"lazy\" class=\"alignnone size-medium wp-image-30757\" src=\"https:\/\/cuernavaca.gob.mx\/wp-content\/uploads\/2023\/07\/CON-MA\u0301S-DE-60-ENTUSIASTAS-NIN\u0303AS-NIN\u0303OS-DIO-INICIO-LA-SEGUNDA-EDICIO\u0301N-DEL-CURSO-DE-VERANO-2023-CONVOCADO-POR-SEPRAC-1-300x200.jpg\" alt=\"\" width=\"300\" height=\"200\" srcset=\"https:\/\/cuernavaca.gob.mx\/wp-content\/uploads\/2023\/07\/CON-MA\u0301S-DE-60-ENTUSIASTAS-NIN\u0303AS-NIN\u0303OS-DIO-INICIO-LA-SEGUNDA-EDICIO\u0301N-DEL-CURSO-DE-VERANO-2023-CONVOCADO-POR-SEPRAC-1-300x200.jpg 300w, https:\/\/cuernavaca.gob.mx\/wp-content\/uploads\/2023\/07\/CON-MA\u0301S-DE-60-ENTUSIASTAS-NIN\u0303AS-NIN\u0303OS-DIO-INICIO-LA-SEGUNDA-EDICIO\u0301N-DEL-CURSO-DE-VERANO-2023-CONVOCADO-POR-SEPRAC-1-1024x682.jpg 1024w, https:\/\/cuernavaca.gob.mx\/wp-content\/uploads\/2023\/07\/CON-MA\u0301S-DE-60-ENTUSIASTAS-NIN\u0303AS-NIN\u0303OS-DIO-INICIO-LA-SEGUNDA-EDICIO\u0301N-DEL-CURSO-DE-VERANO-2023-CONVOCADO-POR-SEPRAC-1-768x512.jpg 768w, https:\/\/cuernavaca.gob.mx\/wp-content\/uploads\/2023\/07\/CON-MA\u0301S-DE-60-ENTUSIASTAS-NIN\u0303AS-NIN\u0303OS-DIO-INICIO-LA-SEGUNDA-EDICIO\u0301N-DEL-CURSO-DE-VERANO-2023-CONVOCADO-POR-SEPRAC-1-600x400.jpg 600w, https:\/\/cuernavaca.gob.mx\/wp-content\/uploads\/2023\/07\/CON-MA\u0301S-DE-60-ENTUSIASTAS-NIN\u0303AS-NIN\u0303OS-DIO-INICIO-LA-SEGUNDA-EDICIO\u0301N-DEL-CURSO-DE-VERANO-2023-CONVOCADO-POR-SEPRAC-1-560x373.jpg 560w, https:\/\/cuernavaca.gob.mx\/wp-content\/uploads\/2023\/07\/CON-MA\u0301S-DE-60-ENTUSIASTAS-NIN\u0303AS-NIN\u0303OS-DIO-INICIO-LA-SEGUNDA-EDICIO\u0301N-DEL-CURSO-DE-VERANO-2023-CONVOCADO-POR-SEPRAC-1.jpg 1280w\" sizes=\"(max-width: 300px) 100vw, 300px\" \/> <img loading=\"lazy\" class=\"alignnone size-medium wp-image-30758\" src=\"https:\/\/cuernavaca.gob.mx\/wp-content\/uploads\/2023\/07\/CON-MA\u0301S-DE-60-ENTUSIASTAS-NIN\u0303AS-NIN\u0303OS-DIO-INICIO-LA-SEGUNDA-EDICIO\u0301N-DEL-CURSO-DE-VERANO-2023-CONVOCADO-POR-SEPRAC-2-300x200.jpg\" alt=\"\" width=\"300\" height=\"200\" srcset=\"https:\/\/cuernavaca.gob.mx\/wp-content\/uploads\/2023\/07\/CON-MA\u0301S-DE-60-ENTUSIASTAS-NIN\u0303AS-NIN\u0303OS-DIO-INICIO-LA-SEGUNDA-EDICIO\u0301N-DEL-CURSO-DE-VERANO-2023-CONVOCADO-POR-SEPRAC-2-300x200.jpg 300w, https:\/\/cuernavaca.gob.mx\/wp-content\/uploads\/2023\/07\/CON-MA\u0301S-DE-60-ENTUSIASTAS-NIN\u0303AS-NIN\u0303OS-DIO-INICIO-LA-SEGUNDA-EDICIO\u0301N-DEL-CURSO-DE-VERANO-2023-CONVOCADO-POR-SEPRAC-2-1024x682.jpg 1024w, https:\/\/cuernavaca.gob.mx\/wp-content\/uploads\/2023\/07\/CON-MA\u0301S-DE-60-ENTUSIASTAS-NIN\u0303AS-NIN\u0303OS-DIO-INICIO-LA-SEGUNDA-EDICIO\u0301N-DEL-CURSO-DE-VERANO-2023-CONVOCADO-POR-SEPRAC-2-768x512.jpg 768w, https:\/\/cuernavaca.gob.mx\/wp-content\/uploads\/2023\/07\/CON-MA\u0301S-DE-60-ENTUSIASTAS-NIN\u0303AS-NIN\u0303OS-DIO-INICIO-LA-SEGUNDA-EDICIO\u0301N-DEL-CURSO-DE-VERANO-2023-CONVOCADO-POR-SEPRAC-2-600x400.jpg 600w, https:\/\/cuernavaca.gob.mx\/wp-content\/uploads\/2023\/07\/CON-MA\u0301S-DE-60-ENTUSIASTAS-NIN\u0303AS-NIN\u0303OS-DIO-INICIO-LA-SEGUNDA-EDICIO\u0301N-DEL-CURSO-DE-VERANO-2023-CONVOCADO-POR-SEPRAC-2-560x373.jpg 560w, https:\/\/cuernavaca.gob.mx\/wp-content\/uploads\/2023\/07\/CON-MA\u0301S-DE-60-ENTUSIASTAS-NIN\u0303AS-NIN\u0303OS-DIO-INICIO-LA-SEGUNDA-EDICIO\u0301N-DEL-CURSO-DE-VERANO-2023-CONVOCADO-POR-SEPRAC-2.jpg 1280w\" sizes=\"(max-width: 300px) 100vw, 300px\" \/> <img loading=\"lazy\" class=\"alignnone size-medium wp-image-30759\" src=\"https:\/\/cuernavaca.gob.mx\/wp-content\/uploads\/2023\/07\/CON-MA\u0301S-DE-60-ENTUSIASTAS-NIN\u0303AS-NIN\u0303OS-DIO-INICIO-LA-SEGUNDA-EDICIO\u0301N-DEL-CURSO-DE-VERANO-2023-CONVOCADO-POR-SEPRAC-3-300x200.jpg\" alt=\"\" width=\"300\" height=\"200\" srcset=\"https:\/\/cuernavaca.gob.mx\/wp-content\/uploads\/2023\/07\/CON-MA\u0301S-DE-60-ENTUSIASTAS-NIN\u0303AS-NIN\u0303OS-DIO-INICIO-LA-SEGUNDA-EDICIO\u0301N-DEL-CURSO-DE-VERANO-2023-CONVOCADO-POR-SEPRAC-3-300x200.jpg 300w, https:\/\/cuernavaca.gob.mx\/wp-content\/uploads\/2023\/07\/CON-MA\u0301S-DE-60-ENTUSIASTAS-NIN\u0303AS-NIN\u0303OS-DIO-INICIO-LA-SEGUNDA-EDICIO\u0301N-DEL-CURSO-DE-VERANO-2023-CONVOCADO-POR-SEPRAC-3-1024x682.jpg 1024w, https:\/\/cuernavaca.gob.mx\/wp-content\/uploads\/2023\/07\/CON-MA\u0301S-DE-60-ENTUSIASTAS-NIN\u0303AS-NIN\u0303OS-DIO-INICIO-LA-SEGUNDA-EDICIO\u0301N-DEL-CURSO-DE-VERANO-2023-CONVOCADO-POR-SEPRAC-3-768x512.jpg 768w, https:\/\/cuernavaca.gob.mx\/wp-content\/uploads\/2023\/07\/CON-MA\u0301S-DE-60-ENTUSIASTAS-NIN\u0303AS-NIN\u0303OS-DIO-INICIO-LA-SEGUNDA-EDICIO\u0301N-DEL-CURSO-DE-VERANO-2023-CONVOCADO-POR-SEPRAC-3-600x400.jpg 600w, https:\/\/cuernavaca.gob.mx\/wp-content\/uploads\/2023\/07\/CON-MA\u0301S-DE-60-ENTUSIASTAS-NIN\u0303AS-NIN\u0303OS-DIO-INICIO-LA-SEGUNDA-EDICIO\u0301N-DEL-CURSO-DE-VERANO-2023-CONVOCADO-POR-SEPRAC-3-560x373.jpg 560w, https:\/\/cuernavaca.gob.mx\/wp-content\/uploads\/2023\/07\/CON-MA\u0301S-DE-60-ENTUSIASTAS-NIN\u0303AS-NIN\u0303OS-DIO-INICIO-LA-SEGUNDA-EDICIO\u0301N-DEL-CURSO-DE-VERANO-2023-CONVOCADO-POR-SEPRAC-3.jpg 1280w\" sizes=\"(max-width: 300px) 100vw, 300px\" \/> <img loading=\"lazy\" class=\"alignnone size-medium wp-image-30760\" src=\"https:\/\/cuernavaca.gob.mx\/wp-content\/uploads\/2023\/07\/CON-MA\u0301S-DE-60-ENTUSIASTAS-NIN\u0303AS-NIN\u0303OS-DIO-INICIO-LA-SEGUNDA-EDICIO\u0301N-DEL-CURSO-DE-VERANO-2023-CONVOCADO-POR-SEPRAC-4-300x200.jpg\" alt=\"\" width=\"300\" height=\"200\" srcset=\"https:\/\/cuernavaca.gob.mx\/wp-content\/uploads\/2023\/07\/CON-MA\u0301S-DE-60-ENTUSIASTAS-NIN\u0303AS-NIN\u0303OS-DIO-INICIO-LA-SEGUNDA-EDICIO\u0301N-DEL-CURSO-DE-VERANO-2023-CONVOCADO-POR-SEPRAC-4-300x200.jpg 300w, https:\/\/cuernavaca.gob.mx\/wp-content\/uploads\/2023\/07\/CON-MA\u0301S-DE-60-ENTUSIASTAS-NIN\u0303AS-NIN\u0303OS-DIO-INICIO-LA-SEGUNDA-EDICIO\u0301N-DEL-CURSO-DE-VERANO-2023-CONVOCADO-POR-SEPRAC-4-1024x682.jpg 1024w, https:\/\/cuernavaca.gob.mx\/wp-content\/uploads\/2023\/07\/CON-MA\u0301S-DE-60-ENTUSIASTAS-NIN\u0303AS-NIN\u0303OS-DIO-INICIO-LA-SEGUNDA-EDICIO\u0301N-DEL-CURSO-DE-VERANO-2023-CONVOCADO-POR-SEPRAC-4-768x512.jpg 768w, https:\/\/cuernavaca.gob.mx\/wp-content\/uploads\/2023\/07\/CON-MA\u0301S-DE-60-ENTUSIASTAS-NIN\u0303AS-NIN\u0303OS-DIO-INICIO-LA-SEGUNDA-EDICIO\u0301N-DEL-CURSO-DE-VERANO-2023-CONVOCADO-POR-SEPRAC-4-600x400.jpg 600w, https:\/\/cuernavaca.gob.mx\/wp-content\/uploads\/2023\/07\/CON-MA\u0301S-DE-60-ENTUSIASTAS-NIN\u0303AS-NIN\u0303OS-DIO-INICIO-LA-SEGUNDA-EDICIO\u0301N-DEL-CURSO-DE-VERANO-2023-CONVOCADO-POR-SEPRAC-4-560x373.jpg 560w, https:\/\/cuernavaca.gob.mx\/wp-content\/uploads\/2023\/07\/CON-MA\u0301S-DE-60-ENTUSIASTAS-NIN\u0303AS-NIN\u0303OS-DIO-INICIO-LA-SEGUNDA-EDICIO\u0301N-DEL-CURSO-DE-VERANO-2023-CONVOCADO-POR-SEPRAC-4.jpg 1280w\" sizes=\"(max-width: 300px) 100vw, 300px\" \/> <img loading=\"lazy\" class=\"alignnone size-medium wp-image-30761\" src=\"https:\/\/cuernavaca.gob.mx\/wp-content\/uploads\/2023\/07\/CON-MA\u0301S-DE-60-ENTUSIASTAS-NIN\u0303AS-NIN\u0303OS-DIO-INICIO-LA-SEGUNDA-EDICIO\u0301N-DEL-CURSO-DE-VERANO-2023-CONVOCADO-POR-SEPRAC-5-300x200.jpg\" alt=\"\" width=\"300\" height=\"200\" srcset=\"https:\/\/cuernavaca.gob.mx\/wp-content\/uploads\/2023\/07\/CON-MA\u0301S-DE-60-ENTUSIASTAS-NIN\u0303AS-NIN\u0303OS-DIO-INICIO-LA-SEGUNDA-EDICIO\u0301N-DEL-CURSO-DE-VERANO-2023-CONVOCADO-POR-SEPRAC-5-300x200.jpg 300w, https:\/\/cuernavaca.gob.mx\/wp-content\/uploads\/2023\/07\/CON-MA\u0301S-DE-60-ENTUSIASTAS-NIN\u0303AS-NIN\u0303OS-DIO-INICIO-LA-SEGUNDA-EDICIO\u0301N-DEL-CURSO-DE-VERANO-2023-CONVOCADO-POR-SEPRAC-5-1024x682.jpg 1024w, https:\/\/cuernavaca.gob.mx\/wp-content\/uploads\/2023\/07\/CON-MA\u0301S-DE-60-ENTUSIASTAS-NIN\u0303AS-NIN\u0303OS-DIO-INICIO-LA-SEGUNDA-EDICIO\u0301N-DEL-CURSO-DE-VERANO-2023-CONVOCADO-POR-SEPRAC-5-768x512.jpg 768w, https:\/\/cuernavaca.gob.mx\/wp-content\/uploads\/2023\/07\/CON-MA\u0301S-DE-60-ENTUSIASTAS-NIN\u0303AS-NIN\u0303OS-DIO-INICIO-LA-SEGUNDA-EDICIO\u0301N-DEL-CURSO-DE-VERANO-2023-CONVOCADO-POR-SEPRAC-5-600x400.jpg 600w, https:\/\/cuernavaca.gob.mx\/wp-content\/uploads\/2023\/07\/CON-MA\u0301S-DE-60-ENTUSIASTAS-NIN\u0303AS-NIN\u0303OS-DIO-INICIO-LA-SEGUNDA-EDICIO\u0301N-DEL-CURSO-DE-VERANO-2023-CONVOCADO-POR-SEPRAC-5-560x373.jpg 560w, https:\/\/cuernavaca.gob.mx\/wp-content\/uploads\/2023\/07\/CON-MA\u0301S-DE-60-ENTUSIASTAS-NIN\u0303AS-NIN\u0303OS-DIO-INICIO-LA-SEGUNDA-EDICIO\u0301N-DEL-CURSO-DE-VERANO-2023-CONVOCADO-POR-SEPRAC-5.jpg 1280w\" sizes=\"(max-width: 300px) 100vw, 300px\" \/> <img loading=\"lazy\" class=\"alignnone size-medium wp-image-30762\" src=\"https:\/\/cuernavaca.gob.mx\/wp-content\/uploads\/2023\/07\/CON-MA\u0301S-DE-60-ENTUSIASTAS-NIN\u0303AS-NIN\u0303OS-DIO-INICIO-LA-SEGUNDA-EDICIO\u0301N-DEL-CURSO-DE-VERANO-2023-CONVOCADO-POR-SEPRAC-6-300x200.jpg\" alt=\"\" width=\"300\" height=\"200\" srcset=\"https:\/\/cuernavaca.gob.mx\/wp-content\/uploads\/2023\/07\/CON-MA\u0301S-DE-60-ENTUSIASTAS-NIN\u0303AS-NIN\u0303OS-DIO-INICIO-LA-SEGUNDA-EDICIO\u0301N-DEL-CURSO-DE-VERANO-2023-CONVOCADO-POR-SEPRAC-6-300x200.jpg 300w, https:\/\/cuernavaca.gob.mx\/wp-content\/uploads\/2023\/07\/CON-MA\u0301S-DE-60-ENTUSIASTAS-NIN\u0303AS-NIN\u0303OS-DIO-INICIO-LA-SEGUNDA-EDICIO\u0301N-DEL-CURSO-DE-VERANO-2023-CONVOCADO-POR-SEPRAC-6-1024x682.jpg 1024w, https:\/\/cuernavaca.gob.mx\/wp-content\/uploads\/2023\/07\/CON-MA\u0301S-DE-60-ENTUSIASTAS-NIN\u0303AS-NIN\u0303OS-DIO-INICIO-LA-SEGUNDA-EDICIO\u0301N-DEL-CURSO-DE-VERANO-2023-CONVOCADO-POR-SEPRAC-6-768x512.jpg 768w, https:\/\/cuernavaca.gob.mx\/wp-content\/uploads\/2023\/07\/CON-MA\u0301S-DE-60-ENTUSIASTAS-NIN\u0303AS-NIN\u0303OS-DIO-INICIO-LA-SEGUNDA-EDICIO\u0301N-DEL-CURSO-DE-VERANO-2023-CONVOCADO-POR-SEPRAC-6-600x400.jpg 600w, https:\/\/cuernavaca.gob.mx\/wp-content\/uploads\/2023\/07\/CON-MA\u0301S-DE-60-ENTUSIASTAS-NIN\u0303AS-NIN\u0303OS-DIO-INICIO-LA-SEGUNDA-EDICIO\u0301N-DEL-CURSO-DE-VERANO-2023-CONVOCADO-POR-SEPRAC-6-560x373.jpg 560w, https:\/\/cuernavaca.gob.mx\/wp-content\/uploads\/2023\/07\/CON-MA\u0301S-DE-60-ENTUSIASTAS-NIN\u0303AS-NIN\u0303OS-DIO-INICIO-LA-SEGUNDA-EDICIO\u0301N-DEL-CURSO-DE-VERANO-2023-CONVOCADO-POR-SEPRAC-6.jpg 1280w\" sizes=\"(max-width: 300px) 100vw, 300px\" \/> <img loading=\"lazy\" class=\"alignnone size-medium wp-image-30763\" src=\"https:\/\/cuernavaca.gob.mx\/wp-content\/uploads\/2023\/07\/CON-MA\u0301S-DE-60-ENTUSIASTAS-NIN\u0303AS-NIN\u0303OS-DIO-INICIO-LA-SEGUNDA-EDICIO\u0301N-DEL-CURSO-DE-VERANO-2023-CONVOCADO-POR-SEPRAC-7-300x198.jpg\" alt=\"\" width=\"300\" height=\"198\" srcset=\"https:\/\/cuernavaca.gob.mx\/wp-content\/uploads\/2023\/07\/CON-MA\u0301S-DE-60-ENTUSIASTAS-NIN\u0303AS-NIN\u0303OS-DIO-INICIO-LA-SEGUNDA-EDICIO\u0301N-DEL-CURSO-DE-VERANO-2023-CONVOCADO-POR-SEPRAC-7-300x198.jpg 300w, https:\/\/cuernavaca.gob.mx\/wp-content\/uploads\/2023\/07\/CON-MA\u0301S-DE-60-ENTUSIASTAS-NIN\u0303AS-NIN\u0303OS-DIO-INICIO-LA-SEGUNDA-EDICIO\u0301N-DEL-CURSO-DE-VERANO-2023-CONVOCADO-POR-SEPRAC-7-1024x675.jpg 1024w, https:\/\/cuernavaca.gob.mx\/wp-content\/uploads\/2023\/07\/CON-MA\u0301S-DE-60-ENTUSIASTAS-NIN\u0303AS-NIN\u0303OS-DIO-INICIO-LA-SEGUNDA-EDICIO\u0301N-DEL-CURSO-DE-VERANO-2023-CONVOCADO-POR-SEPRAC-7-768x506.jpg 768w, https:\/\/cuernavaca.gob.mx\/wp-content\/uploads\/2023\/07\/CON-MA\u0301S-DE-60-ENTUSIASTAS-NIN\u0303AS-NIN\u0303OS-DIO-INICIO-LA-SEGUNDA-EDICIO\u0301N-DEL-CURSO-DE-VERANO-2023-CONVOCADO-POR-SEPRAC-7-600x396.jpg 600w, https:\/\/cuernavaca.gob.mx\/wp-content\/uploads\/2023\/07\/CON-MA\u0301S-DE-60-ENTUSIASTAS-NIN\u0303AS-NIN\u0303OS-DIO-INICIO-LA-SEGUNDA-EDICIO\u0301N-DEL-CURSO-DE-VERANO-2023-CONVOCADO-POR-SEPRAC-7-560x369.jpg 560w, https:\/\/cuernavaca.gob.mx\/wp-content\/uploads\/2023\/07\/CON-MA\u0301S-DE-60-ENTUSIASTAS-NIN\u0303AS-NIN\u0303OS-DIO-INICIO-LA-SEGUNDA-EDICIO\u0301N-DEL-CURSO-DE-VERANO-2023-CONVOCADO-POR-SEPRAC-7.jpg 1280w\" sizes=\"(max-width: 300px) 100vw, 300px\" \/> <img loading=\"lazy\" class=\"alignnone size-medium wp-image-30764\" src=\"https:\/\/cuernavaca.gob.mx\/wp-content\/uploads\/2023\/07\/CON-MA\u0301S-DE-60-ENTUSIASTAS-NIN\u0303AS-NIN\u0303OS-DIO-INICIO-LA-SEGUNDA-EDICIO\u0301N-DEL-CURSO-DE-VERANO-2023-CONVOCADO-POR-SEPRAC-8-300x200.jpg\" alt=\"\" width=\"300\" height=\"200\" srcset=\"https:\/\/cuernavaca.gob.mx\/wp-content\/uploads\/2023\/07\/CON-MA\u0301S-DE-60-ENTUSIASTAS-NIN\u0303AS-NIN\u0303OS-DIO-INICIO-LA-SEGUNDA-EDICIO\u0301N-DEL-CURSO-DE-VERANO-2023-CONVOCADO-POR-SEPRAC-8-300x200.jpg 300w, https:\/\/cuernavaca.gob.mx\/wp-content\/uploads\/2023\/07\/CON-MA\u0301S-DE-60-ENTUSIASTAS-NIN\u0303AS-NIN\u0303OS-DIO-INICIO-LA-SEGUNDA-EDICIO\u0301N-DEL-CURSO-DE-VERANO-2023-CONVOCADO-POR-SEPRAC-8-1024x682.jpg 1024w, https:\/\/cuernavaca.gob.mx\/wp-content\/uploads\/2023\/07\/CON-MA\u0301S-DE-60-ENTUSIASTAS-NIN\u0303AS-NIN\u0303OS-DIO-INICIO-LA-SEGUNDA-EDICIO\u0301N-DEL-CURSO-DE-VERANO-2023-CONVOCADO-POR-SEPRAC-8-768x512.jpg 768w, https:\/\/cuernavaca.gob.mx\/wp-content\/uploads\/2023\/07\/CON-MA\u0301S-DE-60-ENTUSIASTAS-NIN\u0303AS-NIN\u0303OS-DIO-INICIO-LA-SEGUNDA-EDICIO\u0301N-DEL-CURSO-DE-VERANO-2023-CONVOCADO-POR-SEPRAC-8-600x400.jpg 600w, https:\/\/cuernavaca.gob.mx\/wp-content\/uploads\/2023\/07\/CON-MA\u0301S-DE-60-ENTUSIASTAS-NIN\u0303AS-NIN\u0303OS-DIO-INICIO-LA-SEGUNDA-EDICIO\u0301N-DEL-CURSO-DE-VERANO-2023-CONVOCADO-POR-SEPRAC-8-560x373.jpg 560w, https:\/\/cuernavaca.gob.mx\/wp-content\/uploads\/2023\/07\/CON-MA\u0301S-DE-60-ENTUSIASTAS-NIN\u0303AS-NIN\u0303OS-DIO-INICIO-LA-SEGUNDA-EDICIO\u0301N-DEL-CURSO-DE-VERANO-2023-CONVOCADO-POR-SEPRAC-8.jpg 1280w\" sizes=\"(max-width: 300px) 100vw, 300px\" \/><\/p>\n","protected":false},"excerpt":{"rendered":"<p>\u2022 Los asistentes participar\u00e1n por dos semanas en talleres desde educaci\u00f3n vial hasta primeros auxilios, n\u00fameros de emergencia, as\u00ed como actividades deportivas y recreativas \u2022 Se busca generar una cultura de la prevenci\u00f3n social de la violencia para que en sus hogares puedan ser replicadores de buenas pr\u00e1cticas enfocadas en la reconstrucci\u00f3n del tejido social [&hellip;]<\/p>\n","protected":false},"author":1,"featured_media":30763,"comment_status":"closed","ping_status":"open","sticky":false,"template":"","format":"standard","meta":[],"categories":[17],"tags":[121,2062,120,206,2747,414,1375],"aioseo_notices":[],"_links":{"self":[{"href":"https:\/\/cuernavaca.gob.mx\/index.php?rest_route=\/wp\/v2\/posts\/30756"}],"collection":[{"href":"https:\/\/cuernavaca.gob.mx\/index.php?rest_route=\/wp\/v2\/posts"}],"about":[{"href":"https:\/\/cuernavaca.gob.mx\/index.php?rest_route=\/wp\/v2\/types\/post"}],"author":[{"embeddable":true,"href":"https:\/\/cuernavaca.gob.mx\/index.php?rest_route=\/wp\/v2\/users\/1"}],"replies":[{"embeddable":true,"href":"https:\/\/cuernavaca.gob.mx\/index.php?rest_route=%2Fwp%2Fv2%2Fcomments&post=30756"}],"version-history":[{"count":1,"href":"https:\/\/cuernavaca.gob.mx\/index.php?rest_route=\/wp\/v2\/posts\/30756\/revisions"}],"predecessor-version":[{"id":30765,"href":"https:\/\/cuernavaca.gob.mx\/index.php?rest_route=\/wp\/v2\/posts\/30756\/revisions\/30765"}],"wp:featuredmedia":[{"embeddable":true,"href":"https:\/\/cuernavaca.gob.mx\/index.php?rest_route=\/wp\/v2\/media\/30763"}],"wp:attachment":[{"href":"https:\/\/cuernavaca.gob.mx\/index.php?rest_route=%2Fwp%2Fv2%2Fmedia&parent=30756"}],"wp:term":[{"taxonomy":"category","embeddable":true,"href":"https:\/\/cuernavaca.gob.mx\/index.php?rest_route=%2Fwp%2Fv2%2Fcategories&post=30756"},{"taxonomy":"post_tag","embeddable":true,"href":"https:\/\/cuernavaca.gob.mx\/index.php?rest_route=%2Fwp%2Fv2%2Ftags&post=30756"}],"curies":[{"name":"wp","href":"https:\/\/api.w.org\/{rel}","templated":true}]}}