{"id":30774,"date":"2023-07-24T17:21:27","date_gmt":"2023-07-24T23:21:27","guid":{"rendered":"https:\/\/cuernavaca.gob.mx\/?p=30774"},"modified":"2025-05-06T14:05:49","modified_gmt":"2025-05-06T20:05:49","slug":"b1156-24-07-23-identifica-seprac-a-vehiculos-y-personas-que-operan-de-manera-organizada-en-el-robo-de-vehiculos-en-cuernavaca","status":"publish","type":"post","link":"https:\/\/cuernavaca.gob.mx\/?p=30774","title":{"rendered":"B1156 24\/07\/23 IDENTIFICA SEPRAC A VEHICULOS Y PERSONAS QUE OPERAN DE MANERA ORGANIZADA EN EL ROBO DE VEHICULOS EN CUERNAVACA"},"content":{"rendered":"<p><strong>\u2022 La titular de SEPRAC, Alicia V\u00e1zquez, lament\u00f3 que un Juez de Control en Atlacholoaya determinara no vincular a proceso y dejar en libertad a cuatro presuntos responsables de robo de veh\u00edculo <\/strong><\/p>\n<p><strong>\u2022 Se reforzar\u00e1n las labores preventivas y de combate al delito en el municipio y las zonas de mayor afectaci\u00f3n al patrimonio de los ciudadanos<\/strong><\/p>\n<p>La Secretar\u00eda de Protecci\u00f3n y Auxilio Ciudadano de Cuernavaca (SEPRAC) continuar\u00e1 con los operativos de prevenci\u00f3n y combate al delito en la ciudad, aunque lamentaron que un Juez de Control en sede Atlacholoaya determinara no vincular a proceso y, en consecuencia, dejar en libertad con las reservas de ley a los cuatro presuntos responsables de robo de veh\u00edculo en grado de tentativa y posesi\u00f3n de armas de fuego detenidos la semana pasada en la colonia Acapantzingo, aun y cuando se ten\u00edan los elementos para someter a proceso y continuar con la investigaci\u00f3n complementaria.<\/p>\n<p>En rueda de prensa semanal, la titular de SEPRAC, Alicia V\u00e1zquez Luna, record\u00f3 que el pasado 19 de julio se dio a conocer que a trav\u00e9s de los operativos Plan Centinela, Circuito Ligero y Vial, se llev\u00f3 a cabo la detenci\u00f3n de cuatro hombres que responden a los nombres de Fernando &#8220;N&#8221;, Sebasti\u00e1n &#8220;N&#8221;, Giovanni &#8220;N&#8221; y Bryan &#8220;N&#8221;, quienes de acuerdo a denuncias ciudadanas, presuntamente han da\u00f1ado el patrimonio y tranquilidad de los habitantes del poblado de Acapantzingo, donde amagaron a un vecino con un arma de fuego para despojarlo de su veh\u00edculo.<\/p>\n<p>Se\u00f1al\u00f3 que derivado de su detenci\u00f3n en su momento fueron puestos a disposici\u00f3n del Juez de Control debido a que el Ministerio P\u00fablico abri\u00f3, integr\u00f3 y judicializ\u00f3 una carpeta de investigaci\u00f3n; pero lamentablemente estas personas no fueron vinculadas a proceso; no obstante, que la detenci\u00f3n de la polic\u00eda se calific\u00f3 de legal, ya que el juez aleg\u00f3 que la v\u00edctima no quiso, no pudo o no lleg\u00f3 a tiempo con su factura que acreditaba la propiedad del veh\u00edculo.<\/p>\n<p>Al tiempo de lamentar esta determinaci\u00f3n, V\u00e1zquez Luna puntualiz\u00f3 que el trabajo de atenci\u00f3n y respuesta inmediata para la prevenci\u00f3n y combate a delitos, seguir\u00e1 presente en la ciudad, obteniendo entre los resultados la tranquilidad de la sociedad;<\/p>\n<p>Enfatiz\u00f3 que en estas acciones se han asegurado gran cantidad de armas de fuego que se han puesto a disposici\u00f3n, tanto al Ministerio P\u00fablico, de las cuales varias han tenido registros bal\u00edsticos, es decir, que est\u00e1n relacionadas con carpetas de investigaci\u00f3n por homicidio, por lo que esperar\u00edan que una vez que se haga la identificaci\u00f3n en alguna carpeta se liberen ordenes de aprehensi\u00f3n contra las personas que las han utilizado para vulnerar la vida.<\/p>\n<p>\u201cEsto por supuesto que para nosotros no es una causa para bajar la guardia, seguiremos trabajando en beneficio de la comunidad. La Polic\u00eda Preventiva municipal de Cuernavaca act\u00faa de manera firme en la captura de aquellas personas que rompen nuestra tranquilidad y seguiremos refrendando nuestro compromiso\u201d, acot\u00f3.<\/p>\n<p>A\u00f1adiendo a este posicionamiento, el subsecretario de la Polic\u00eda Preventiva de Cuernavaca, Christian M\u00e9ndez Quintana, confirm\u00f3 que tienen identificadas a dos presuntas bandas de robo de veh\u00edculos, contando ya con las caracter\u00edsticas de los sujetos, as\u00ed como de los veh\u00edculos en los que transitan, por lo que continuar\u00e1n con los operativos para localizarlos, como ocurri\u00f3 en este caso.<\/p>\n<p>La SEPRAC exhorta a la ciudadan\u00eda a continuar denunciando ante la Central de Emergencias, al 777 312 1274, con la certeza de que se act\u00faa con protecci\u00f3n de datos personales y se brinda una atenci\u00f3n inmediata y eficiente.<\/p>\n<p>&nbsp;<\/p>\n<p><img loading=\"lazy\" class=\"alignnone size-medium wp-image-30775\" src=\"https:\/\/cuernavaca.gob.mx\/wp-content\/uploads\/2023\/07\/IDENTIFICA-SEPRAC-A-VEHICULOS-Y-PERSONAS-QUE-OPERAN-DE-MANERA-ORGANIZADA-EN-EL-ROBO-DE-VEHICULOS-EN-CUERNAVACA-1-300x200.jpg\" alt=\"\" width=\"300\" height=\"200\" srcset=\"https:\/\/cuernavaca.gob.mx\/wp-content\/uploads\/2023\/07\/IDENTIFICA-SEPRAC-A-VEHICULOS-Y-PERSONAS-QUE-OPERAN-DE-MANERA-ORGANIZADA-EN-EL-ROBO-DE-VEHICULOS-EN-CUERNAVACA-1-300x200.jpg 300w, https:\/\/cuernavaca.gob.mx\/wp-content\/uploads\/2023\/07\/IDENTIFICA-SEPRAC-A-VEHICULOS-Y-PERSONAS-QUE-OPERAN-DE-MANERA-ORGANIZADA-EN-EL-ROBO-DE-VEHICULOS-EN-CUERNAVACA-1-1024x683.jpg 1024w, https:\/\/cuernavaca.gob.mx\/wp-content\/uploads\/2023\/07\/IDENTIFICA-SEPRAC-A-VEHICULOS-Y-PERSONAS-QUE-OPERAN-DE-MANERA-ORGANIZADA-EN-EL-ROBO-DE-VEHICULOS-EN-CUERNAVACA-1-768x512.jpg 768w, https:\/\/cuernavaca.gob.mx\/wp-content\/uploads\/2023\/07\/IDENTIFICA-SEPRAC-A-VEHICULOS-Y-PERSONAS-QUE-OPERAN-DE-MANERA-ORGANIZADA-EN-EL-ROBO-DE-VEHICULOS-EN-CUERNAVACA-1-1536x1024.jpg 1536w, https:\/\/cuernavaca.gob.mx\/wp-content\/uploads\/2023\/07\/IDENTIFICA-SEPRAC-A-VEHICULOS-Y-PERSONAS-QUE-OPERAN-DE-MANERA-ORGANIZADA-EN-EL-ROBO-DE-VEHICULOS-EN-CUERNAVACA-1-600x400.jpg 600w, https:\/\/cuernavaca.gob.mx\/wp-content\/uploads\/2023\/07\/IDENTIFICA-SEPRAC-A-VEHICULOS-Y-PERSONAS-QUE-OPERAN-DE-MANERA-ORGANIZADA-EN-EL-ROBO-DE-VEHICULOS-EN-CUERNAVACA-1-560x373.jpg 560w, https:\/\/cuernavaca.gob.mx\/wp-content\/uploads\/2023\/07\/IDENTIFICA-SEPRAC-A-VEHICULOS-Y-PERSONAS-QUE-OPERAN-DE-MANERA-ORGANIZADA-EN-EL-ROBO-DE-VEHICULOS-EN-CUERNAVACA-1.jpg 1599w\" sizes=\"(max-width: 300px) 100vw, 300px\" \/> <img loading=\"lazy\" class=\"alignnone size-medium wp-image-30776\" src=\"https:\/\/cuernavaca.gob.mx\/wp-content\/uploads\/2023\/07\/IDENTIFICA-SEPRAC-A-VEHICULOS-Y-PERSONAS-QUE-OPERAN-DE-MANERA-ORGANIZADA-EN-EL-ROBO-DE-VEHICULOS-EN-CUERNAVACA-2-300x200.jpg\" alt=\"\" width=\"300\" height=\"200\" srcset=\"https:\/\/cuernavaca.gob.mx\/wp-content\/uploads\/2023\/07\/IDENTIFICA-SEPRAC-A-VEHICULOS-Y-PERSONAS-QUE-OPERAN-DE-MANERA-ORGANIZADA-EN-EL-ROBO-DE-VEHICULOS-EN-CUERNAVACA-2-300x200.jpg 300w, https:\/\/cuernavaca.gob.mx\/wp-content\/uploads\/2023\/07\/IDENTIFICA-SEPRAC-A-VEHICULOS-Y-PERSONAS-QUE-OPERAN-DE-MANERA-ORGANIZADA-EN-EL-ROBO-DE-VEHICULOS-EN-CUERNAVACA-2-1024x683.jpg 1024w, https:\/\/cuernavaca.gob.mx\/wp-content\/uploads\/2023\/07\/IDENTIFICA-SEPRAC-A-VEHICULOS-Y-PERSONAS-QUE-OPERAN-DE-MANERA-ORGANIZADA-EN-EL-ROBO-DE-VEHICULOS-EN-CUERNAVACA-2-768x512.jpg 768w, https:\/\/cuernavaca.gob.mx\/wp-content\/uploads\/2023\/07\/IDENTIFICA-SEPRAC-A-VEHICULOS-Y-PERSONAS-QUE-OPERAN-DE-MANERA-ORGANIZADA-EN-EL-ROBO-DE-VEHICULOS-EN-CUERNAVACA-2-1536x1024.jpg 1536w, https:\/\/cuernavaca.gob.mx\/wp-content\/uploads\/2023\/07\/IDENTIFICA-SEPRAC-A-VEHICULOS-Y-PERSONAS-QUE-OPERAN-DE-MANERA-ORGANIZADA-EN-EL-ROBO-DE-VEHICULOS-EN-CUERNAVACA-2-600x400.jpg 600w, https:\/\/cuernavaca.gob.mx\/wp-content\/uploads\/2023\/07\/IDENTIFICA-SEPRAC-A-VEHICULOS-Y-PERSONAS-QUE-OPERAN-DE-MANERA-ORGANIZADA-EN-EL-ROBO-DE-VEHICULOS-EN-CUERNAVACA-2-560x373.jpg 560w, https:\/\/cuernavaca.gob.mx\/wp-content\/uploads\/2023\/07\/IDENTIFICA-SEPRAC-A-VEHICULOS-Y-PERSONAS-QUE-OPERAN-DE-MANERA-ORGANIZADA-EN-EL-ROBO-DE-VEHICULOS-EN-CUERNAVACA-2.jpg 1599w\" sizes=\"(max-width: 300px) 100vw, 300px\" \/> <img loading=\"lazy\" class=\"alignnone size-medium wp-image-30777\" src=\"https:\/\/cuernavaca.gob.mx\/wp-content\/uploads\/2023\/07\/IDENTIFICA-SEPRAC-A-VEHICULOS-Y-PERSONAS-QUE-OPERAN-DE-MANERA-ORGANIZADA-EN-EL-ROBO-DE-VEHICULOS-EN-CUERNAVACA-3-300x200.jpg\" alt=\"\" width=\"300\" height=\"200\" srcset=\"https:\/\/cuernavaca.gob.mx\/wp-content\/uploads\/2023\/07\/IDENTIFICA-SEPRAC-A-VEHICULOS-Y-PERSONAS-QUE-OPERAN-DE-MANERA-ORGANIZADA-EN-EL-ROBO-DE-VEHICULOS-EN-CUERNAVACA-3-300x200.jpg 300w, https:\/\/cuernavaca.gob.mx\/wp-content\/uploads\/2023\/07\/IDENTIFICA-SEPRAC-A-VEHICULOS-Y-PERSONAS-QUE-OPERAN-DE-MANERA-ORGANIZADA-EN-EL-ROBO-DE-VEHICULOS-EN-CUERNAVACA-3-1024x683.jpg 1024w, https:\/\/cuernavaca.gob.mx\/wp-content\/uploads\/2023\/07\/IDENTIFICA-SEPRAC-A-VEHICULOS-Y-PERSONAS-QUE-OPERAN-DE-MANERA-ORGANIZADA-EN-EL-ROBO-DE-VEHICULOS-EN-CUERNAVACA-3-768x512.jpg 768w, https:\/\/cuernavaca.gob.mx\/wp-content\/uploads\/2023\/07\/IDENTIFICA-SEPRAC-A-VEHICULOS-Y-PERSONAS-QUE-OPERAN-DE-MANERA-ORGANIZADA-EN-EL-ROBO-DE-VEHICULOS-EN-CUERNAVACA-3-1536x1024.jpg 1536w, https:\/\/cuernavaca.gob.mx\/wp-content\/uploads\/2023\/07\/IDENTIFICA-SEPRAC-A-VEHICULOS-Y-PERSONAS-QUE-OPERAN-DE-MANERA-ORGANIZADA-EN-EL-ROBO-DE-VEHICULOS-EN-CUERNAVACA-3-600x400.jpg 600w, https:\/\/cuernavaca.gob.mx\/wp-content\/uploads\/2023\/07\/IDENTIFICA-SEPRAC-A-VEHICULOS-Y-PERSONAS-QUE-OPERAN-DE-MANERA-ORGANIZADA-EN-EL-ROBO-DE-VEHICULOS-EN-CUERNAVACA-3-560x373.jpg 560w, https:\/\/cuernavaca.gob.mx\/wp-content\/uploads\/2023\/07\/IDENTIFICA-SEPRAC-A-VEHICULOS-Y-PERSONAS-QUE-OPERAN-DE-MANERA-ORGANIZADA-EN-EL-ROBO-DE-VEHICULOS-EN-CUERNAVACA-3.jpg 1599w\" sizes=\"(max-width: 300px) 100vw, 300px\" \/> <img loading=\"lazy\" class=\"alignnone size-medium wp-image-30778\" src=\"https:\/\/cuernavaca.gob.mx\/wp-content\/uploads\/2023\/07\/IDENTIFICA-SEPRAC-A-VEHICULOS-Y-PERSONAS-QUE-OPERAN-DE-MANERA-ORGANIZADA-EN-EL-ROBO-DE-VEHICULOS-EN-CUERNAVACA-4-300x200.jpg\" alt=\"\" width=\"300\" height=\"200\" srcset=\"https:\/\/cuernavaca.gob.mx\/wp-content\/uploads\/2023\/07\/IDENTIFICA-SEPRAC-A-VEHICULOS-Y-PERSONAS-QUE-OPERAN-DE-MANERA-ORGANIZADA-EN-EL-ROBO-DE-VEHICULOS-EN-CUERNAVACA-4-300x200.jpg 300w, https:\/\/cuernavaca.gob.mx\/wp-content\/uploads\/2023\/07\/IDENTIFICA-SEPRAC-A-VEHICULOS-Y-PERSONAS-QUE-OPERAN-DE-MANERA-ORGANIZADA-EN-EL-ROBO-DE-VEHICULOS-EN-CUERNAVACA-4-1024x683.jpg 1024w, https:\/\/cuernavaca.gob.mx\/wp-content\/uploads\/2023\/07\/IDENTIFICA-SEPRAC-A-VEHICULOS-Y-PERSONAS-QUE-OPERAN-DE-MANERA-ORGANIZADA-EN-EL-ROBO-DE-VEHICULOS-EN-CUERNAVACA-4-768x512.jpg 768w, https:\/\/cuernavaca.gob.mx\/wp-content\/uploads\/2023\/07\/IDENTIFICA-SEPRAC-A-VEHICULOS-Y-PERSONAS-QUE-OPERAN-DE-MANERA-ORGANIZADA-EN-EL-ROBO-DE-VEHICULOS-EN-CUERNAVACA-4-1536x1024.jpg 1536w, https:\/\/cuernavaca.gob.mx\/wp-content\/uploads\/2023\/07\/IDENTIFICA-SEPRAC-A-VEHICULOS-Y-PERSONAS-QUE-OPERAN-DE-MANERA-ORGANIZADA-EN-EL-ROBO-DE-VEHICULOS-EN-CUERNAVACA-4-600x400.jpg 600w, https:\/\/cuernavaca.gob.mx\/wp-content\/uploads\/2023\/07\/IDENTIFICA-SEPRAC-A-VEHICULOS-Y-PERSONAS-QUE-OPERAN-DE-MANERA-ORGANIZADA-EN-EL-ROBO-DE-VEHICULOS-EN-CUERNAVACA-4-560x373.jpg 560w, https:\/\/cuernavaca.gob.mx\/wp-content\/uploads\/2023\/07\/IDENTIFICA-SEPRAC-A-VEHICULOS-Y-PERSONAS-QUE-OPERAN-DE-MANERA-ORGANIZADA-EN-EL-ROBO-DE-VEHICULOS-EN-CUERNAVACA-4.jpg 1599w\" sizes=\"(max-width: 300px) 100vw, 300px\" \/><\/p>\n","protected":false},"excerpt":{"rendered":"<p>\u2022 La titular de SEPRAC, Alicia V\u00e1zquez, lament\u00f3 que un Juez de Control en Atlacholoaya determinara no vincular a proceso y dejar en libertad a cuatro presuntos responsables de robo de veh\u00edculo \u2022 Se reforzar\u00e1n las labores preventivas y de combate al delito en el municipio y las zonas de mayor afectaci\u00f3n al patrimonio de [&hellip;]<\/p>\n","protected":false},"author":1,"featured_media":30778,"comment_status":"closed","ping_status":"open","sticky":false,"template":"","format":"standard","meta":[],"categories":[17],"tags":[2582,121,120,206,141,2719,125],"aioseo_notices":[],"_links":{"self":[{"href":"https:\/\/cuernavaca.gob.mx\/index.php?rest_route=\/wp\/v2\/posts\/30774"}],"collection":[{"href":"https:\/\/cuernavaca.gob.mx\/index.php?rest_route=\/wp\/v2\/posts"}],"about":[{"href":"https:\/\/cuernavaca.gob.mx\/index.php?rest_route=\/wp\/v2\/types\/post"}],"author":[{"embeddable":true,"href":"https:\/\/cuernavaca.gob.mx\/index.php?rest_route=\/wp\/v2\/users\/1"}],"replies":[{"embeddable":true,"href":"https:\/\/cuernavaca.gob.mx\/index.php?rest_route=%2Fwp%2Fv2%2Fcomments&post=30774"}],"version-history":[{"count":1,"href":"https:\/\/cuernavaca.gob.mx\/index.php?rest_route=\/wp\/v2\/posts\/30774\/revisions"}],"predecessor-version":[{"id":30779,"href":"https:\/\/cuernavaca.gob.mx\/index.php?rest_route=\/wp\/v2\/posts\/30774\/revisions\/30779"}],"wp:featuredmedia":[{"embeddable":true,"href":"https:\/\/cuernavaca.gob.mx\/index.php?rest_route=\/wp\/v2\/media\/30778"}],"wp:attachment":[{"href":"https:\/\/cuernavaca.gob.mx\/index.php?rest_route=%2Fwp%2Fv2%2Fmedia&parent=30774"}],"wp:term":[{"taxonomy":"category","embeddable":true,"href":"https:\/\/cuernavaca.gob.mx\/index.php?rest_route=%2Fwp%2Fv2%2Fcategories&post=30774"},{"taxonomy":"post_tag","embeddable":true,"href":"https:\/\/cuernavaca.gob.mx\/index.php?rest_route=%2Fwp%2Fv2%2Ftags&post=30774"}],"curies":[{"name":"wp","href":"https:\/\/api.w.org\/{rel}","templated":true}]}}