{"id":30780,"date":"2023-07-25T16:40:49","date_gmt":"2023-07-25T22:40:49","guid":{"rendered":"https:\/\/cuernavaca.gob.mx\/?p=30780"},"modified":"2025-05-06T14:05:48","modified_gmt":"2025-05-06T20:05:48","slug":"f466-25-07-23-instruye-jose-luis-uriostegui-inicien-investigaciones-en-contraloria-y-se-presenten-denuncias-ante-el-mp-por-senalamientos-de-empresario-inmobiliario","status":"publish","type":"post","link":"https:\/\/cuernavaca.gob.mx\/?p=30780","title":{"rendered":"F466 25\/07\/23 INSTRUYE JOS\u00c9 LUIS URI\u00d3STEGUI INICIEN INVESTIGACIONES EN CONTRALOR\u00cdA Y SE PRESENTEN DENUNCIAS ANTE EL MP POR SE\u00d1ALAMIENTOS DE EMPRESARIO INMOBILIARIO"},"content":{"rendered":"<p>Ante se\u00f1alamientos del empresario inmobiliario Juan Iragorri ante algunos medios de comunicaci\u00f3n el pasado lunes 24 de julio del a\u00f1o en curso, el presidente municipal de Cuernavaca, Jos\u00e9 Luis Uri\u00f3stegui Salgado, dio a conocer que por lo que respecta a su persona dichas imputaciones son falsas, por lo cual solicit\u00f3 bajo el memor\u00e1ndum SA\/0778\/2023-07 a la Contralor\u00eda Municipal iniciar la investigaci\u00f3n correspondiente por las denuncias que hacen en contra del secretario de Desarrollo Urbano y Obras P\u00fablicas, as\u00ed como del secretario del Ayuntamiento, Carlos de la Rosa Segura, quien proceder\u00e1 a presentar una denuncia en contra del empresario que quiere presionar al municipio para obtener un beneficio que no le corresponde.<\/p>\n<p>Precis\u00f3 que el representante del Grupo Empresarial La Mencha les ha solicitado su apoyo para regularizar ciertos tr\u00e1mites, a fin de continuar con la construcci\u00f3n de un desarrollo inmobiliario ubicado en avenida Paseo del Conquistador que no han podido terminar porque no est\u00e1n concluidos los requerimientos administrativos , siendo un tema heredado de la pasada administraci\u00f3n y que no tiene el visto bueno para reanudar, ya que el proyecto contempla construir edificios m\u00e1s altos de los que permite la norma administrativa y tener un uso suelo para m\u00e1s personas de las que el uso de suelo permite en esta regi\u00f3n.<\/p>\n<p>Jos\u00e9 Luis Uri\u00f3stegui aclar\u00f3 que hasta el momento no han sido notificados sobre alguna denuncia al respecto, solo por la denuncia p\u00fablica que hizo el empresario sin presentarse ante la autoridad correspondiente para iniciar el proceso jur\u00eddico que expuso.<\/p>\n<p>\u201cLo que hace es un chantaje y vamos a actuar jur\u00eddicamente, no vamos a entrar en aclaraciones p\u00fablicas\u201d, acot\u00f3 el presidente municipal de Cuernavaca.<\/p>\n<p><img loading=\"lazy\" class=\"alignnone size-medium wp-image-30781\" src=\"https:\/\/cuernavaca.gob.mx\/wp-content\/uploads\/2023\/07\/INSTRUYE-JOSE\u0301-LUIS-URIO\u0301STEGUI-INICIEN-INVESTIGACIONES-EN-CONTRALORI\u0301A-Y-SE-PRESENTEN-DENUNCIAS-ANTE-EL-MP-POR-SEN\u0303ALAMIENTOS-DE-EMPRESARIO-INMOBILIARIO-300x200.jpg\" alt=\"\" width=\"300\" height=\"200\" srcset=\"https:\/\/cuernavaca.gob.mx\/wp-content\/uploads\/2023\/07\/INSTRUYE-JOSE\u0301-LUIS-URIO\u0301STEGUI-INICIEN-INVESTIGACIONES-EN-CONTRALORI\u0301A-Y-SE-PRESENTEN-DENUNCIAS-ANTE-EL-MP-POR-SEN\u0303ALAMIENTOS-DE-EMPRESARIO-INMOBILIARIO-300x200.jpg 300w, https:\/\/cuernavaca.gob.mx\/wp-content\/uploads\/2023\/07\/INSTRUYE-JOSE\u0301-LUIS-URIO\u0301STEGUI-INICIEN-INVESTIGACIONES-EN-CONTRALORI\u0301A-Y-SE-PRESENTEN-DENUNCIAS-ANTE-EL-MP-POR-SEN\u0303ALAMIENTOS-DE-EMPRESARIO-INMOBILIARIO-1024x682.jpg 1024w, https:\/\/cuernavaca.gob.mx\/wp-content\/uploads\/2023\/07\/INSTRUYE-JOSE\u0301-LUIS-URIO\u0301STEGUI-INICIEN-INVESTIGACIONES-EN-CONTRALORI\u0301A-Y-SE-PRESENTEN-DENUNCIAS-ANTE-EL-MP-POR-SEN\u0303ALAMIENTOS-DE-EMPRESARIO-INMOBILIARIO-768x512.jpg 768w, https:\/\/cuernavaca.gob.mx\/wp-content\/uploads\/2023\/07\/INSTRUYE-JOSE\u0301-LUIS-URIO\u0301STEGUI-INICIEN-INVESTIGACIONES-EN-CONTRALORI\u0301A-Y-SE-PRESENTEN-DENUNCIAS-ANTE-EL-MP-POR-SEN\u0303ALAMIENTOS-DE-EMPRESARIO-INMOBILIARIO-1536x1023.jpg 1536w, https:\/\/cuernavaca.gob.mx\/wp-content\/uploads\/2023\/07\/INSTRUYE-JOSE\u0301-LUIS-URIO\u0301STEGUI-INICIEN-INVESTIGACIONES-EN-CONTRALORI\u0301A-Y-SE-PRESENTEN-DENUNCIAS-ANTE-EL-MP-POR-SEN\u0303ALAMIENTOS-DE-EMPRESARIO-INMOBILIARIO-600x400.jpg 600w, https:\/\/cuernavaca.gob.mx\/wp-content\/uploads\/2023\/07\/INSTRUYE-JOSE\u0301-LUIS-URIO\u0301STEGUI-INICIEN-INVESTIGACIONES-EN-CONTRALORI\u0301A-Y-SE-PRESENTEN-DENUNCIAS-ANTE-EL-MP-POR-SEN\u0303ALAMIENTOS-DE-EMPRESARIO-INMOBILIARIO-560x373.jpg 560w, https:\/\/cuernavaca.gob.mx\/wp-content\/uploads\/2023\/07\/INSTRUYE-JOSE\u0301-LUIS-URIO\u0301STEGUI-INICIEN-INVESTIGACIONES-EN-CONTRALORI\u0301A-Y-SE-PRESENTEN-DENUNCIAS-ANTE-EL-MP-POR-SEN\u0303ALAMIENTOS-DE-EMPRESARIO-INMOBILIARIO.jpg 1600w\" sizes=\"(max-width: 300px) 100vw, 300px\" \/><\/p>\n","protected":false},"excerpt":{"rendered":"<p>Ante se\u00f1alamientos del empresario inmobiliario Juan Iragorri ante algunos medios de comunicaci\u00f3n el pasado lunes 24 de julio del a\u00f1o en curso, el presidente municipal de Cuernavaca, Jos\u00e9 Luis Uri\u00f3stegui Salgado, dio a conocer que por lo que respecta a su persona dichas imputaciones son falsas, por lo cual solicit\u00f3 bajo el memor\u00e1ndum SA\/0778\/2023-07 a [&hellip;]<\/p>\n","protected":false},"author":1,"featured_media":30781,"comment_status":"closed","ping_status":"open","sticky":false,"template":"","format":"standard","meta":[],"categories":[20],"tags":[3154,121,3223,120,206],"aioseo_notices":[],"_links":{"self":[{"href":"https:\/\/cuernavaca.gob.mx\/index.php?rest_route=\/wp\/v2\/posts\/30780"}],"collection":[{"href":"https:\/\/cuernavaca.gob.mx\/index.php?rest_route=\/wp\/v2\/posts"}],"about":[{"href":"https:\/\/cuernavaca.gob.mx\/index.php?rest_route=\/wp\/v2\/types\/post"}],"author":[{"embeddable":true,"href":"https:\/\/cuernavaca.gob.mx\/index.php?rest_route=\/wp\/v2\/users\/1"}],"replies":[{"embeddable":true,"href":"https:\/\/cuernavaca.gob.mx\/index.php?rest_route=%2Fwp%2Fv2%2Fcomments&post=30780"}],"version-history":[{"count":1,"href":"https:\/\/cuernavaca.gob.mx\/index.php?rest_route=\/wp\/v2\/posts\/30780\/revisions"}],"predecessor-version":[{"id":30782,"href":"https:\/\/cuernavaca.gob.mx\/index.php?rest_route=\/wp\/v2\/posts\/30780\/revisions\/30782"}],"wp:featuredmedia":[{"embeddable":true,"href":"https:\/\/cuernavaca.gob.mx\/index.php?rest_route=\/wp\/v2\/media\/30781"}],"wp:attachment":[{"href":"https:\/\/cuernavaca.gob.mx\/index.php?rest_route=%2Fwp%2Fv2%2Fmedia&parent=30780"}],"wp:term":[{"taxonomy":"category","embeddable":true,"href":"https:\/\/cuernavaca.gob.mx\/index.php?rest_route=%2Fwp%2Fv2%2Fcategories&post=30780"},{"taxonomy":"post_tag","embeddable":true,"href":"https:\/\/cuernavaca.gob.mx\/index.php?rest_route=%2Fwp%2Fv2%2Ftags&post=30780"}],"curies":[{"name":"wp","href":"https:\/\/api.w.org\/{rel}","templated":true}]}}