{"id":31052,"date":"2023-08-01T18:47:43","date_gmt":"2023-08-02T00:47:43","guid":{"rendered":"https:\/\/cuernavaca.gob.mx\/?p=31052"},"modified":"2025-05-06T14:07:03","modified_gmt":"2025-05-06T20:07:03","slug":"b1174-01-08-23-anuncia-cabildo-de-cuernavaca-inicio-de-la-instalacion-de-nuevas-luminarias-en-calles-y-avenidas-principales-de-la-ciudad","status":"publish","type":"post","link":"https:\/\/cuernavaca.gob.mx\/?p=31052","title":{"rendered":"B1174 01\/08\/23 ANUNCIA CABILDO DE CUERNAVACA INICIO DE LA INSTALACI\u00d3N DE NUEVAS LUMINARIAS EN CALLES Y AVENIDAS PRINCIPALES DE LA CIUDAD"},"content":{"rendered":"<p><strong>\u2022 El Alcalde Jos\u00e9 Luis Uri\u00f3stegui adelant\u00f3 que este mi\u00e9rcoles comenzar\u00e1 la sustituci\u00f3n del alumbrado al norte de la ciudad, a lo que se suman trabajos de poda, rescate de espacios p\u00fablicos y bacheo<\/strong><\/p>\n<p><strong>\u2022 El programa contempla la intervenci\u00f3n de 52 vialidades con 5 mil luminarias; las l\u00e1mparas existentes que se rescaten ser\u00e1n ubicadas en calles secundarias en distintas colonias<\/strong><\/p>\n<p>A partir de este mi\u00e9rcoles las principales avenidas de Cuernavaca ser\u00e1n intervenidas por el Ayuntamiento de Cuernavaca, para dar inicio con la instalaci\u00f3n de 5 mil nuevas luminarias que el Cabildo Capitalino autoriz\u00f3 para su adquisici\u00f3n, y que se suma al programa de rescate de espacios p\u00fablicos que tiene en marcha el Gobierno Municipal.<\/p>\n<p>En conferencia de prensa, el presidente municipal Jos\u00e9 Luis Uri\u00f3stegui Salgado junto con la Sindica Municipal, Regidoras y Regidores, inform\u00f3 que, tras haber cumplido con el proceso de adquisici\u00f3n del material, avalado por el propio Cabildo y las \u00e1reas de Contralor\u00eda y Consejer\u00eda Jur\u00eddica, a trav\u00e9s de la Secretar\u00eda de Desarrollo Sustentable y Servicios P\u00fablicos se comienza con la instalaci\u00f3n de este nuevo sistema de alumbrado p\u00fablico, permitiendo que al paso de un periodo de 4 meses aproximadamente, Cuernavaca este iluminada.<\/p>\n<p>Se trata de la sustituci\u00f3n de luminarias que se encuentran obsoletas en vialidades primarias como son las Avenidas Universidad, Colegio Militar, Domingo Diez, Emiliano Zapata, Vicente Guerrero, Poder Legislativo, Morelos, Plan de Ayala, Teopanzolco, Diana, \u00c1lvaro Obreg\u00f3n, Palmira, Manuel \u00c1vila Camacho, entre otras.<\/p>\n<p>Jos\u00e9 Luis Uri\u00f3stegui precis\u00f3 que el programa de colocaci\u00f3n de nuevas luminarias ser\u00e1 por etapas, primero se atender\u00e1n las principales avenidas, para despu\u00e9s con el alumbrado p\u00fablico que se rescate y este en buenas condiciones, se coloque en vialidades secundarias de colonias y poblados; a estas acciones tambi\u00e9n se agregar\u00eda la instalaci\u00f3n de las videoc\u00e1maras de videovigilancia que operar\u00e1 el C4 a cargo de la Secretar\u00eda de Protecci\u00f3n y Auxilio Ciudadano de Cuernavaca (SEPRAC), lo que contribuir\u00e1 a reforzar las medidas de prevenci\u00f3n y seguridad p\u00fablica con perspectiva de g\u00e9nero, es decir con especial atenci\u00f3n a las mujeres cuando transitan por las calles.<\/p>\n<p>Record\u00f3 que la adquisici\u00f3n de estas l\u00e1mparas de 100 watts tipo led, fue con recursos obtenidos con el pago del impuesto predial que hicieron para este ejercicio fiscal los contribuyentes, quienes tambi\u00e9n votaron para que el presupuesto de este 2023 se destinar\u00e1 a rubros como el alumbrado p\u00fablico, seguridad, agua potable, pavimentaci\u00f3n y rescate de espacios p\u00fablicos.<\/p>\n<p><img loading=\"lazy\" class=\"alignnone size-medium wp-image-31053\" src=\"https:\/\/cuernavaca.gob.mx\/wp-content\/uploads\/2023\/08\/ANUNCIA-CABILDO-DE-CUERNAVACA-INICIO-DE-LA-INSTALACIO\u0301N-DE-NUEVAS-LUMINARIAS-EN-CALLES-Y-AVENIDAS-PRINCIPALES-DE-LA-CIUDAD-1-300x200.jpg\" alt=\"\" width=\"300\" height=\"200\" srcset=\"https:\/\/cuernavaca.gob.mx\/wp-content\/uploads\/2023\/08\/ANUNCIA-CABILDO-DE-CUERNAVACA-INICIO-DE-LA-INSTALACIO\u0301N-DE-NUEVAS-LUMINARIAS-EN-CALLES-Y-AVENIDAS-PRINCIPALES-DE-LA-CIUDAD-1-300x200.jpg 300w, https:\/\/cuernavaca.gob.mx\/wp-content\/uploads\/2023\/08\/ANUNCIA-CABILDO-DE-CUERNAVACA-INICIO-DE-LA-INSTALACIO\u0301N-DE-NUEVAS-LUMINARIAS-EN-CALLES-Y-AVENIDAS-PRINCIPALES-DE-LA-CIUDAD-1-1024x682.jpg 1024w, https:\/\/cuernavaca.gob.mx\/wp-content\/uploads\/2023\/08\/ANUNCIA-CABILDO-DE-CUERNAVACA-INICIO-DE-LA-INSTALACIO\u0301N-DE-NUEVAS-LUMINARIAS-EN-CALLES-Y-AVENIDAS-PRINCIPALES-DE-LA-CIUDAD-1-768x512.jpg 768w, https:\/\/cuernavaca.gob.mx\/wp-content\/uploads\/2023\/08\/ANUNCIA-CABILDO-DE-CUERNAVACA-INICIO-DE-LA-INSTALACIO\u0301N-DE-NUEVAS-LUMINARIAS-EN-CALLES-Y-AVENIDAS-PRINCIPALES-DE-LA-CIUDAD-1-1536x1023.jpg 1536w, https:\/\/cuernavaca.gob.mx\/wp-content\/uploads\/2023\/08\/ANUNCIA-CABILDO-DE-CUERNAVACA-INICIO-DE-LA-INSTALACIO\u0301N-DE-NUEVAS-LUMINARIAS-EN-CALLES-Y-AVENIDAS-PRINCIPALES-DE-LA-CIUDAD-1-600x400.jpg 600w, https:\/\/cuernavaca.gob.mx\/wp-content\/uploads\/2023\/08\/ANUNCIA-CABILDO-DE-CUERNAVACA-INICIO-DE-LA-INSTALACIO\u0301N-DE-NUEVAS-LUMINARIAS-EN-CALLES-Y-AVENIDAS-PRINCIPALES-DE-LA-CIUDAD-1-560x373.jpg 560w, https:\/\/cuernavaca.gob.mx\/wp-content\/uploads\/2023\/08\/ANUNCIA-CABILDO-DE-CUERNAVACA-INICIO-DE-LA-INSTALACIO\u0301N-DE-NUEVAS-LUMINARIAS-EN-CALLES-Y-AVENIDAS-PRINCIPALES-DE-LA-CIUDAD-1.jpg 1600w\" sizes=\"(max-width: 300px) 100vw, 300px\" \/> <img loading=\"lazy\" class=\"alignnone size-medium wp-image-31054\" src=\"https:\/\/cuernavaca.gob.mx\/wp-content\/uploads\/2023\/08\/ANUNCIA-CABILDO-DE-CUERNAVACA-INICIO-DE-LA-INSTALACIO\u0301N-DE-NUEVAS-LUMINARIAS-EN-CALLES-Y-AVENIDAS-PRINCIPALES-DE-LA-CIUDAD-2-300x200.jpg\" alt=\"\" width=\"300\" height=\"200\" srcset=\"https:\/\/cuernavaca.gob.mx\/wp-content\/uploads\/2023\/08\/ANUNCIA-CABILDO-DE-CUERNAVACA-INICIO-DE-LA-INSTALACIO\u0301N-DE-NUEVAS-LUMINARIAS-EN-CALLES-Y-AVENIDAS-PRINCIPALES-DE-LA-CIUDAD-2-300x200.jpg 300w, https:\/\/cuernavaca.gob.mx\/wp-content\/uploads\/2023\/08\/ANUNCIA-CABILDO-DE-CUERNAVACA-INICIO-DE-LA-INSTALACIO\u0301N-DE-NUEVAS-LUMINARIAS-EN-CALLES-Y-AVENIDAS-PRINCIPALES-DE-LA-CIUDAD-2-1024x682.jpg 1024w, https:\/\/cuernavaca.gob.mx\/wp-content\/uploads\/2023\/08\/ANUNCIA-CABILDO-DE-CUERNAVACA-INICIO-DE-LA-INSTALACIO\u0301N-DE-NUEVAS-LUMINARIAS-EN-CALLES-Y-AVENIDAS-PRINCIPALES-DE-LA-CIUDAD-2-768x512.jpg 768w, https:\/\/cuernavaca.gob.mx\/wp-content\/uploads\/2023\/08\/ANUNCIA-CABILDO-DE-CUERNAVACA-INICIO-DE-LA-INSTALACIO\u0301N-DE-NUEVAS-LUMINARIAS-EN-CALLES-Y-AVENIDAS-PRINCIPALES-DE-LA-CIUDAD-2-1536x1023.jpg 1536w, https:\/\/cuernavaca.gob.mx\/wp-content\/uploads\/2023\/08\/ANUNCIA-CABILDO-DE-CUERNAVACA-INICIO-DE-LA-INSTALACIO\u0301N-DE-NUEVAS-LUMINARIAS-EN-CALLES-Y-AVENIDAS-PRINCIPALES-DE-LA-CIUDAD-2-600x400.jpg 600w, https:\/\/cuernavaca.gob.mx\/wp-content\/uploads\/2023\/08\/ANUNCIA-CABILDO-DE-CUERNAVACA-INICIO-DE-LA-INSTALACIO\u0301N-DE-NUEVAS-LUMINARIAS-EN-CALLES-Y-AVENIDAS-PRINCIPALES-DE-LA-CIUDAD-2-560x373.jpg 560w, https:\/\/cuernavaca.gob.mx\/wp-content\/uploads\/2023\/08\/ANUNCIA-CABILDO-DE-CUERNAVACA-INICIO-DE-LA-INSTALACIO\u0301N-DE-NUEVAS-LUMINARIAS-EN-CALLES-Y-AVENIDAS-PRINCIPALES-DE-LA-CIUDAD-2.jpg 1600w\" sizes=\"(max-width: 300px) 100vw, 300px\" \/> <img loading=\"lazy\" class=\"alignnone size-medium wp-image-31055\" src=\"https:\/\/cuernavaca.gob.mx\/wp-content\/uploads\/2023\/08\/ANUNCIA-CABILDO-DE-CUERNAVACA-INICIO-DE-LA-INSTALACIO\u0301N-DE-NUEVAS-LUMINARIAS-EN-CALLES-Y-AVENIDAS-PRINCIPALES-DE-LA-CIUDAD-3-300x200.jpg\" alt=\"\" width=\"300\" height=\"200\" srcset=\"https:\/\/cuernavaca.gob.mx\/wp-content\/uploads\/2023\/08\/ANUNCIA-CABILDO-DE-CUERNAVACA-INICIO-DE-LA-INSTALACIO\u0301N-DE-NUEVAS-LUMINARIAS-EN-CALLES-Y-AVENIDAS-PRINCIPALES-DE-LA-CIUDAD-3-300x200.jpg 300w, https:\/\/cuernavaca.gob.mx\/wp-content\/uploads\/2023\/08\/ANUNCIA-CABILDO-DE-CUERNAVACA-INICIO-DE-LA-INSTALACIO\u0301N-DE-NUEVAS-LUMINARIAS-EN-CALLES-Y-AVENIDAS-PRINCIPALES-DE-LA-CIUDAD-3-1024x682.jpg 1024w, https:\/\/cuernavaca.gob.mx\/wp-content\/uploads\/2023\/08\/ANUNCIA-CABILDO-DE-CUERNAVACA-INICIO-DE-LA-INSTALACIO\u0301N-DE-NUEVAS-LUMINARIAS-EN-CALLES-Y-AVENIDAS-PRINCIPALES-DE-LA-CIUDAD-3-768x512.jpg 768w, https:\/\/cuernavaca.gob.mx\/wp-content\/uploads\/2023\/08\/ANUNCIA-CABILDO-DE-CUERNAVACA-INICIO-DE-LA-INSTALACIO\u0301N-DE-NUEVAS-LUMINARIAS-EN-CALLES-Y-AVENIDAS-PRINCIPALES-DE-LA-CIUDAD-3-1536x1023.jpg 1536w, https:\/\/cuernavaca.gob.mx\/wp-content\/uploads\/2023\/08\/ANUNCIA-CABILDO-DE-CUERNAVACA-INICIO-DE-LA-INSTALACIO\u0301N-DE-NUEVAS-LUMINARIAS-EN-CALLES-Y-AVENIDAS-PRINCIPALES-DE-LA-CIUDAD-3-600x400.jpg 600w, https:\/\/cuernavaca.gob.mx\/wp-content\/uploads\/2023\/08\/ANUNCIA-CABILDO-DE-CUERNAVACA-INICIO-DE-LA-INSTALACIO\u0301N-DE-NUEVAS-LUMINARIAS-EN-CALLES-Y-AVENIDAS-PRINCIPALES-DE-LA-CIUDAD-3-560x373.jpg 560w, https:\/\/cuernavaca.gob.mx\/wp-content\/uploads\/2023\/08\/ANUNCIA-CABILDO-DE-CUERNAVACA-INICIO-DE-LA-INSTALACIO\u0301N-DE-NUEVAS-LUMINARIAS-EN-CALLES-Y-AVENIDAS-PRINCIPALES-DE-LA-CIUDAD-3.jpg 1600w\" sizes=\"(max-width: 300px) 100vw, 300px\" \/> <img loading=\"lazy\" class=\"alignnone size-medium wp-image-31056\" src=\"https:\/\/cuernavaca.gob.mx\/wp-content\/uploads\/2023\/08\/ANUNCIA-CABILDO-DE-CUERNAVACA-INICIO-DE-LA-INSTALACIO\u0301N-DE-NUEVAS-LUMINARIAS-EN-CALLES-Y-AVENIDAS-PRINCIPALES-DE-LA-CIUDAD-4-300x200.jpg\" alt=\"\" width=\"300\" height=\"200\" srcset=\"https:\/\/cuernavaca.gob.mx\/wp-content\/uploads\/2023\/08\/ANUNCIA-CABILDO-DE-CUERNAVACA-INICIO-DE-LA-INSTALACIO\u0301N-DE-NUEVAS-LUMINARIAS-EN-CALLES-Y-AVENIDAS-PRINCIPALES-DE-LA-CIUDAD-4-300x200.jpg 300w, https:\/\/cuernavaca.gob.mx\/wp-content\/uploads\/2023\/08\/ANUNCIA-CABILDO-DE-CUERNAVACA-INICIO-DE-LA-INSTALACIO\u0301N-DE-NUEVAS-LUMINARIAS-EN-CALLES-Y-AVENIDAS-PRINCIPALES-DE-LA-CIUDAD-4-1024x682.jpg 1024w, https:\/\/cuernavaca.gob.mx\/wp-content\/uploads\/2023\/08\/ANUNCIA-CABILDO-DE-CUERNAVACA-INICIO-DE-LA-INSTALACIO\u0301N-DE-NUEVAS-LUMINARIAS-EN-CALLES-Y-AVENIDAS-PRINCIPALES-DE-LA-CIUDAD-4-768x512.jpg 768w, https:\/\/cuernavaca.gob.mx\/wp-content\/uploads\/2023\/08\/ANUNCIA-CABILDO-DE-CUERNAVACA-INICIO-DE-LA-INSTALACIO\u0301N-DE-NUEVAS-LUMINARIAS-EN-CALLES-Y-AVENIDAS-PRINCIPALES-DE-LA-CIUDAD-4-1536x1023.jpg 1536w, https:\/\/cuernavaca.gob.mx\/wp-content\/uploads\/2023\/08\/ANUNCIA-CABILDO-DE-CUERNAVACA-INICIO-DE-LA-INSTALACIO\u0301N-DE-NUEVAS-LUMINARIAS-EN-CALLES-Y-AVENIDAS-PRINCIPALES-DE-LA-CIUDAD-4-600x400.jpg 600w, https:\/\/cuernavaca.gob.mx\/wp-content\/uploads\/2023\/08\/ANUNCIA-CABILDO-DE-CUERNAVACA-INICIO-DE-LA-INSTALACIO\u0301N-DE-NUEVAS-LUMINARIAS-EN-CALLES-Y-AVENIDAS-PRINCIPALES-DE-LA-CIUDAD-4-560x373.jpg 560w, https:\/\/cuernavaca.gob.mx\/wp-content\/uploads\/2023\/08\/ANUNCIA-CABILDO-DE-CUERNAVACA-INICIO-DE-LA-INSTALACIO\u0301N-DE-NUEVAS-LUMINARIAS-EN-CALLES-Y-AVENIDAS-PRINCIPALES-DE-LA-CIUDAD-4.jpg 1600w\" sizes=\"(max-width: 300px) 100vw, 300px\" \/> <img loading=\"lazy\" class=\"alignnone size-medium wp-image-31057\" src=\"https:\/\/cuernavaca.gob.mx\/wp-content\/uploads\/2023\/08\/ANUNCIA-CABILDO-DE-CUERNAVACA-INICIO-DE-LA-INSTALACIO\u0301N-DE-NUEVAS-LUMINARIAS-EN-CALLES-Y-AVENIDAS-PRINCIPALES-DE-LA-CIUDAD-5-300x200.jpg\" alt=\"\" width=\"300\" height=\"200\" srcset=\"https:\/\/cuernavaca.gob.mx\/wp-content\/uploads\/2023\/08\/ANUNCIA-CABILDO-DE-CUERNAVACA-INICIO-DE-LA-INSTALACIO\u0301N-DE-NUEVAS-LUMINARIAS-EN-CALLES-Y-AVENIDAS-PRINCIPALES-DE-LA-CIUDAD-5-300x200.jpg 300w, https:\/\/cuernavaca.gob.mx\/wp-content\/uploads\/2023\/08\/ANUNCIA-CABILDO-DE-CUERNAVACA-INICIO-DE-LA-INSTALACIO\u0301N-DE-NUEVAS-LUMINARIAS-EN-CALLES-Y-AVENIDAS-PRINCIPALES-DE-LA-CIUDAD-5-1024x682.jpg 1024w, https:\/\/cuernavaca.gob.mx\/wp-content\/uploads\/2023\/08\/ANUNCIA-CABILDO-DE-CUERNAVACA-INICIO-DE-LA-INSTALACIO\u0301N-DE-NUEVAS-LUMINARIAS-EN-CALLES-Y-AVENIDAS-PRINCIPALES-DE-LA-CIUDAD-5-768x512.jpg 768w, https:\/\/cuernavaca.gob.mx\/wp-content\/uploads\/2023\/08\/ANUNCIA-CABILDO-DE-CUERNAVACA-INICIO-DE-LA-INSTALACIO\u0301N-DE-NUEVAS-LUMINARIAS-EN-CALLES-Y-AVENIDAS-PRINCIPALES-DE-LA-CIUDAD-5-1536x1023.jpg 1536w, https:\/\/cuernavaca.gob.mx\/wp-content\/uploads\/2023\/08\/ANUNCIA-CABILDO-DE-CUERNAVACA-INICIO-DE-LA-INSTALACIO\u0301N-DE-NUEVAS-LUMINARIAS-EN-CALLES-Y-AVENIDAS-PRINCIPALES-DE-LA-CIUDAD-5-600x400.jpg 600w, https:\/\/cuernavaca.gob.mx\/wp-content\/uploads\/2023\/08\/ANUNCIA-CABILDO-DE-CUERNAVACA-INICIO-DE-LA-INSTALACIO\u0301N-DE-NUEVAS-LUMINARIAS-EN-CALLES-Y-AVENIDAS-PRINCIPALES-DE-LA-CIUDAD-5-560x373.jpg 560w, https:\/\/cuernavaca.gob.mx\/wp-content\/uploads\/2023\/08\/ANUNCIA-CABILDO-DE-CUERNAVACA-INICIO-DE-LA-INSTALACIO\u0301N-DE-NUEVAS-LUMINARIAS-EN-CALLES-Y-AVENIDAS-PRINCIPALES-DE-LA-CIUDAD-5.jpg 1600w\" sizes=\"(max-width: 300px) 100vw, 300px\" \/> <img loading=\"lazy\" class=\"alignnone size-medium wp-image-31058\" src=\"https:\/\/cuernavaca.gob.mx\/wp-content\/uploads\/2023\/08\/ANUNCIA-CABILDO-DE-CUERNAVACA-INICIO-DE-LA-INSTALACIO\u0301N-DE-NUEVAS-LUMINARIAS-EN-CALLES-Y-AVENIDAS-PRINCIPALES-DE-LA-CIUDAD-6-300x200.jpg\" alt=\"\" width=\"300\" height=\"200\" srcset=\"https:\/\/cuernavaca.gob.mx\/wp-content\/uploads\/2023\/08\/ANUNCIA-CABILDO-DE-CUERNAVACA-INICIO-DE-LA-INSTALACIO\u0301N-DE-NUEVAS-LUMINARIAS-EN-CALLES-Y-AVENIDAS-PRINCIPALES-DE-LA-CIUDAD-6-300x200.jpg 300w, https:\/\/cuernavaca.gob.mx\/wp-content\/uploads\/2023\/08\/ANUNCIA-CABILDO-DE-CUERNAVACA-INICIO-DE-LA-INSTALACIO\u0301N-DE-NUEVAS-LUMINARIAS-EN-CALLES-Y-AVENIDAS-PRINCIPALES-DE-LA-CIUDAD-6-1024x682.jpg 1024w, https:\/\/cuernavaca.gob.mx\/wp-content\/uploads\/2023\/08\/ANUNCIA-CABILDO-DE-CUERNAVACA-INICIO-DE-LA-INSTALACIO\u0301N-DE-NUEVAS-LUMINARIAS-EN-CALLES-Y-AVENIDAS-PRINCIPALES-DE-LA-CIUDAD-6-768x512.jpg 768w, https:\/\/cuernavaca.gob.mx\/wp-content\/uploads\/2023\/08\/ANUNCIA-CABILDO-DE-CUERNAVACA-INICIO-DE-LA-INSTALACIO\u0301N-DE-NUEVAS-LUMINARIAS-EN-CALLES-Y-AVENIDAS-PRINCIPALES-DE-LA-CIUDAD-6-1536x1023.jpg 1536w, https:\/\/cuernavaca.gob.mx\/wp-content\/uploads\/2023\/08\/ANUNCIA-CABILDO-DE-CUERNAVACA-INICIO-DE-LA-INSTALACIO\u0301N-DE-NUEVAS-LUMINARIAS-EN-CALLES-Y-AVENIDAS-PRINCIPALES-DE-LA-CIUDAD-6-600x400.jpg 600w, https:\/\/cuernavaca.gob.mx\/wp-content\/uploads\/2023\/08\/ANUNCIA-CABILDO-DE-CUERNAVACA-INICIO-DE-LA-INSTALACIO\u0301N-DE-NUEVAS-LUMINARIAS-EN-CALLES-Y-AVENIDAS-PRINCIPALES-DE-LA-CIUDAD-6-560x373.jpg 560w, https:\/\/cuernavaca.gob.mx\/wp-content\/uploads\/2023\/08\/ANUNCIA-CABILDO-DE-CUERNAVACA-INICIO-DE-LA-INSTALACIO\u0301N-DE-NUEVAS-LUMINARIAS-EN-CALLES-Y-AVENIDAS-PRINCIPALES-DE-LA-CIUDAD-6.jpg 1600w\" sizes=\"(max-width: 300px) 100vw, 300px\" \/> <img loading=\"lazy\" class=\"alignnone size-medium wp-image-31059\" src=\"https:\/\/cuernavaca.gob.mx\/wp-content\/uploads\/2023\/08\/ANUNCIA-CABILDO-DE-CUERNAVACA-INICIO-DE-LA-INSTALACIO\u0301N-DE-NUEVAS-LUMINARIAS-EN-CALLES-Y-AVENIDAS-PRINCIPALES-DE-LA-CIUDAD-7-300x200.jpg\" alt=\"\" width=\"300\" height=\"200\" srcset=\"https:\/\/cuernavaca.gob.mx\/wp-content\/uploads\/2023\/08\/ANUNCIA-CABILDO-DE-CUERNAVACA-INICIO-DE-LA-INSTALACIO\u0301N-DE-NUEVAS-LUMINARIAS-EN-CALLES-Y-AVENIDAS-PRINCIPALES-DE-LA-CIUDAD-7-300x200.jpg 300w, https:\/\/cuernavaca.gob.mx\/wp-content\/uploads\/2023\/08\/ANUNCIA-CABILDO-DE-CUERNAVACA-INICIO-DE-LA-INSTALACIO\u0301N-DE-NUEVAS-LUMINARIAS-EN-CALLES-Y-AVENIDAS-PRINCIPALES-DE-LA-CIUDAD-7-1024x682.jpg 1024w, https:\/\/cuernavaca.gob.mx\/wp-content\/uploads\/2023\/08\/ANUNCIA-CABILDO-DE-CUERNAVACA-INICIO-DE-LA-INSTALACIO\u0301N-DE-NUEVAS-LUMINARIAS-EN-CALLES-Y-AVENIDAS-PRINCIPALES-DE-LA-CIUDAD-7-768x512.jpg 768w, https:\/\/cuernavaca.gob.mx\/wp-content\/uploads\/2023\/08\/ANUNCIA-CABILDO-DE-CUERNAVACA-INICIO-DE-LA-INSTALACIO\u0301N-DE-NUEVAS-LUMINARIAS-EN-CALLES-Y-AVENIDAS-PRINCIPALES-DE-LA-CIUDAD-7-1536x1023.jpg 1536w, https:\/\/cuernavaca.gob.mx\/wp-content\/uploads\/2023\/08\/ANUNCIA-CABILDO-DE-CUERNAVACA-INICIO-DE-LA-INSTALACIO\u0301N-DE-NUEVAS-LUMINARIAS-EN-CALLES-Y-AVENIDAS-PRINCIPALES-DE-LA-CIUDAD-7-600x400.jpg 600w, https:\/\/cuernavaca.gob.mx\/wp-content\/uploads\/2023\/08\/ANUNCIA-CABILDO-DE-CUERNAVACA-INICIO-DE-LA-INSTALACIO\u0301N-DE-NUEVAS-LUMINARIAS-EN-CALLES-Y-AVENIDAS-PRINCIPALES-DE-LA-CIUDAD-7-560x373.jpg 560w, https:\/\/cuernavaca.gob.mx\/wp-content\/uploads\/2023\/08\/ANUNCIA-CABILDO-DE-CUERNAVACA-INICIO-DE-LA-INSTALACIO\u0301N-DE-NUEVAS-LUMINARIAS-EN-CALLES-Y-AVENIDAS-PRINCIPALES-DE-LA-CIUDAD-7.jpg 1600w\" sizes=\"(max-width: 300px) 100vw, 300px\" \/><\/p>\n","protected":false},"excerpt":{"rendered":"<p>\u2022 El Alcalde Jos\u00e9 Luis Uri\u00f3stegui adelant\u00f3 que este mi\u00e9rcoles comenzar\u00e1 la sustituci\u00f3n del alumbrado al norte de la ciudad, a lo que se suman trabajos de poda, rescate de espacios p\u00fablicos y bacheo \u2022 El programa contempla la intervenci\u00f3n de 52 vialidades con 5 mil luminarias; las l\u00e1mparas existentes que se rescaten ser\u00e1n ubicadas [&hellip;]<\/p>\n","protected":false},"author":1,"featured_media":31054,"comment_status":"closed","ping_status":"open","sticky":false,"template":"","format":"standard","meta":[],"categories":[208],"tags":[3154,2311,2411,3236,121,120,1171,206,125,138],"aioseo_notices":[],"_links":{"self":[{"href":"https:\/\/cuernavaca.gob.mx\/index.php?rest_route=\/wp\/v2\/posts\/31052"}],"collection":[{"href":"https:\/\/cuernavaca.gob.mx\/index.php?rest_route=\/wp\/v2\/posts"}],"about":[{"href":"https:\/\/cuernavaca.gob.mx\/index.php?rest_route=\/wp\/v2\/types\/post"}],"author":[{"embeddable":true,"href":"https:\/\/cuernavaca.gob.mx\/index.php?rest_route=\/wp\/v2\/users\/1"}],"replies":[{"embeddable":true,"href":"https:\/\/cuernavaca.gob.mx\/index.php?rest_route=%2Fwp%2Fv2%2Fcomments&post=31052"}],"version-history":[{"count":1,"href":"https:\/\/cuernavaca.gob.mx\/index.php?rest_route=\/wp\/v2\/posts\/31052\/revisions"}],"predecessor-version":[{"id":31060,"href":"https:\/\/cuernavaca.gob.mx\/index.php?rest_route=\/wp\/v2\/posts\/31052\/revisions\/31060"}],"wp:featuredmedia":[{"embeddable":true,"href":"https:\/\/cuernavaca.gob.mx\/index.php?rest_route=\/wp\/v2\/media\/31054"}],"wp:attachment":[{"href":"https:\/\/cuernavaca.gob.mx\/index.php?rest_route=%2Fwp%2Fv2%2Fmedia&parent=31052"}],"wp:term":[{"taxonomy":"category","embeddable":true,"href":"https:\/\/cuernavaca.gob.mx\/index.php?rest_route=%2Fwp%2Fv2%2Fcategories&post=31052"},{"taxonomy":"post_tag","embeddable":true,"href":"https:\/\/cuernavaca.gob.mx\/index.php?rest_route=%2Fwp%2Fv2%2Ftags&post=31052"}],"curies":[{"name":"wp","href":"https:\/\/api.w.org\/{rel}","templated":true}]}}