{"id":31083,"date":"2023-08-02T21:00:36","date_gmt":"2023-08-03T03:00:36","guid":{"rendered":"https:\/\/cuernavaca.gob.mx\/?p=31083"},"modified":"2025-05-06T14:07:02","modified_gmt":"2025-05-06T20:07:02","slug":"b1176-02-08-23-inicio-la-instalacion-de-5-mil-nuevas-luminarias-en-las-principales-avenidas-y-puentes-de-cuernavaca","status":"publish","type":"post","link":"https:\/\/cuernavaca.gob.mx\/?p=31083","title":{"rendered":"B1176 02\/08\/23 INICI\u00d3 LA INSTALACI\u00d3N DE 5 MIL NUEVAS LUMINARIAS EN LAS PRINCIPALES AVENIDAS Y PUENTES DE CUERNAVACA"},"content":{"rendered":"<div><strong>\u2022 El presidente municipal Jos\u00e9 Luis Uri\u00f3stegui e integrantes del Cabildo resaltaron la importancia de contar con calles alumbradas que sean seguras para las mujeres y habitantes en general<\/strong><\/div>\n<div><\/div>\n<div><strong>\u2022 La colocaci\u00f3n de l\u00e1mparas de 100 watts comenz\u00f3 en las principales vialidades del norte de la ciudad para continuar con el oriente, poniente, centro y sur de la ciudad en un periodo de 4 meses<\/strong><\/div>\n<div><\/div>\n<div>Con una inversi\u00f3n de 13 millones de pesos de recursos propios, resultado de la administraci\u00f3n transparente y eficiente que se mantiene en el Gobierno Municipal, este mi\u00e9rcoles el presidente municipal, Jos\u00e9 Luis Uri\u00f3stegui Salgado, junto con integrantes del Cabildo pusieron en marcha el arranque de la instalaci\u00f3n de 5 mil nuevas luminarias, que se ubicaran en 47 avenidas principales y 3 puentes de la Ciudad de Cuernavaca.<\/div>\n<div><\/div>\n<div>La instalaci\u00f3n de este equipo que forma parte del programa de Alumbrado P\u00fablico 2023, es parte de las acciones integrales para el rescate de espacios p\u00fablicos con pavimentaci\u00f3n, bacheo, reconstrucci\u00f3n de banquetas, poda de \u00e1rboles, intervenci\u00f3n de camellones, limpieza y mantenimiento de puentes y diversas vialidades, que en conjunto signifiquen las condiciones de seguridad que demandan las y los cuernavaquenses, en particular las mujeres.<\/div>\n<div><\/div>\n<div>Son obras autorizadas por el Cabildo de Cuernavaca, basadas en un proyecto de infraestructura con perspectiva de g\u00e9nero, destac\u00f3 el Alcalde Jos\u00e9 Luis Uri\u00f3stegui, al enfatizar que la instalaci\u00f3n de nuevas luminarias es hacer frente a una deuda hist\u00f3rica que manten\u00eda en penumbras a la capital del Estado de Morelos, pasando de los discursos a los hechos en una ciudad que est\u00e1 renaciendo.<\/div>\n<div><\/div>\n<div>\u201cNo se puede avanzar sino se tienen finanzas sanas y ese ha sido uno de los prop\u00f3sitos de esta administraci\u00f3n: pero tampoco se puede avanzar con los ojos cerrados sino sabemos a donde tenemos que llevar a la ciudad y esta ciudad tiene un rumbo definido, obras y servicios que van a incidir en la calidad de vida de las personas\u201d indic\u00f3 el presidente municipal en presencia de Ayudantes y Delegados Municipales invitados, as\u00ed como de los diputados Andrea Gordillo Vega, \u00d3scar Cano Mondrag\u00f3n y \u00c1ngel Adame Jim\u00e9nez, convocados a atestiguar este inicio de la restituci\u00f3n del alumbrado p\u00fablico.<\/div>\n<div><\/div>\n<div>Por un periodo estimado en 4 meses se estar\u00e1n colocando las luminarias que son de 100 watts, en postes que tienen una altura de entre los 8 a 12 metros, destinando brigadas en turnos matutinos y vespertinos para su instalaci\u00f3n, comenzando en la zona norte por las avenidas Colegio Militar, Universidad, Domingo Diez, Emiliano Zapata, Morelos, Poder Legislativo y Vicente Guerrero, explic\u00f3 Israel Albavera V\u00e1zquez, secretario de Desarrollo Sustentable y Servicios P\u00fablicos, al acotar que en una segunda etapa se renovar\u00e1 el alumbrado p\u00fablico de calles secundarias en las diversas colonias del municipio.<\/div>\n<div><\/div>\n<div>Sobre el nuevo alumbrado p\u00fablico, la regidora Mireya Delgado Romero y Jes\u00fas Rosales Puebla, manifestaron la importancia de que los consensos y el bien com\u00fan en las decisiones que se votan en el Cabildo, sea lo que prevalezca cuando se trata de rescatar a la ciudad de Cuernavaca, con programas que beneficiaran de manera directa a los habitantes de la ciudad, m\u00e1s a\u00fan cuando se trata de un tema de seguridad ciudadana.<\/div>\n<div><\/div>\n<div>Lorena Castillo Castillo, directora del Instituto de la Mujer de Cuernavaca, puso en relieve la importancia de que se cumpla una de las principales exigencias de las mujeres, contar con calles iluminadas donde se pueda caminar con la seguridad de que son visibilizadas y no est\u00e1n en riesgo, particularmente al cumplirse este mes de agosto, 8 a\u00f1os de la Declaratoria de Alerta de Violencia de G\u00e9nero para Cuernavaca y otros 7 municipios del estado de Morelos, agradeciendo el respaldo de los diputados Andrea Gordillo Vega, \u00c1ngel Adame Jim\u00e9nez y Oscar Cano Mondrag\u00f3n, presentes en este evento, por su apoyo para los programas y acciones a favor de las mujeres de capital de Morelos.<\/div>\n<div><\/div>\n<div>A este arranque del programa de instalaci\u00f3n del nuevo Alumbrado P\u00fablico en Cuernavaca, tambi\u00e9n acudieron, representantes de Consejos de Participaci\u00f3n Ciudadana, Secretarios del Gabinete, autoridades de los poblados de Chamilpa y Ocotepec y estudiantes de la Universidad Aut\u00f3noma del Estado de Morelos (UAEM).<\/div>\n<div><\/div>\n<div><img loading=\"lazy\" class=\"alignnone size-medium wp-image-31084\" src=\"https:\/\/cuernavaca.gob.mx\/wp-content\/uploads\/2023\/08\/INICIO-LA-INSTALACION-DE-5-MIL-NUEVAS-LUMINARIAS-EN-LAS-PRINCIPALES-AVENIDAS-Y-PUENTES-DE-CUERNAVACA-1-300x200.jpeg\" alt=\"\" width=\"300\" height=\"200\" srcset=\"https:\/\/cuernavaca.gob.mx\/wp-content\/uploads\/2023\/08\/INICIO-LA-INSTALACION-DE-5-MIL-NUEVAS-LUMINARIAS-EN-LAS-PRINCIPALES-AVENIDAS-Y-PUENTES-DE-CUERNAVACA-1-300x200.jpeg 300w, https:\/\/cuernavaca.gob.mx\/wp-content\/uploads\/2023\/08\/INICIO-LA-INSTALACION-DE-5-MIL-NUEVAS-LUMINARIAS-EN-LAS-PRINCIPALES-AVENIDAS-Y-PUENTES-DE-CUERNAVACA-1-1024x682.jpeg 1024w, https:\/\/cuernavaca.gob.mx\/wp-content\/uploads\/2023\/08\/INICIO-LA-INSTALACION-DE-5-MIL-NUEVAS-LUMINARIAS-EN-LAS-PRINCIPALES-AVENIDAS-Y-PUENTES-DE-CUERNAVACA-1-768x512.jpeg 768w, https:\/\/cuernavaca.gob.mx\/wp-content\/uploads\/2023\/08\/INICIO-LA-INSTALACION-DE-5-MIL-NUEVAS-LUMINARIAS-EN-LAS-PRINCIPALES-AVENIDAS-Y-PUENTES-DE-CUERNAVACA-1-1536x1023.jpeg 1536w, https:\/\/cuernavaca.gob.mx\/wp-content\/uploads\/2023\/08\/INICIO-LA-INSTALACION-DE-5-MIL-NUEVAS-LUMINARIAS-EN-LAS-PRINCIPALES-AVENIDAS-Y-PUENTES-DE-CUERNAVACA-1-600x400.jpeg 600w, https:\/\/cuernavaca.gob.mx\/wp-content\/uploads\/2023\/08\/INICIO-LA-INSTALACION-DE-5-MIL-NUEVAS-LUMINARIAS-EN-LAS-PRINCIPALES-AVENIDAS-Y-PUENTES-DE-CUERNAVACA-1-560x373.jpeg 560w, https:\/\/cuernavaca.gob.mx\/wp-content\/uploads\/2023\/08\/INICIO-LA-INSTALACION-DE-5-MIL-NUEVAS-LUMINARIAS-EN-LAS-PRINCIPALES-AVENIDAS-Y-PUENTES-DE-CUERNAVACA-1.jpeg 1600w\" sizes=\"(max-width: 300px) 100vw, 300px\" \/> <img loading=\"lazy\" class=\"alignnone size-medium wp-image-31085\" src=\"https:\/\/cuernavaca.gob.mx\/wp-content\/uploads\/2023\/08\/INICIO-LA-INSTALACION-DE-5-MIL-NUEVAS-LUMINARIAS-EN-LAS-PRINCIPALES-AVENIDAS-Y-PUENTES-DE-CUERNAVACA-2-300x200.jpeg\" alt=\"\" width=\"300\" height=\"200\" srcset=\"https:\/\/cuernavaca.gob.mx\/wp-content\/uploads\/2023\/08\/INICIO-LA-INSTALACION-DE-5-MIL-NUEVAS-LUMINARIAS-EN-LAS-PRINCIPALES-AVENIDAS-Y-PUENTES-DE-CUERNAVACA-2-300x200.jpeg 300w, https:\/\/cuernavaca.gob.mx\/wp-content\/uploads\/2023\/08\/INICIO-LA-INSTALACION-DE-5-MIL-NUEVAS-LUMINARIAS-EN-LAS-PRINCIPALES-AVENIDAS-Y-PUENTES-DE-CUERNAVACA-2-1024x682.jpeg 1024w, https:\/\/cuernavaca.gob.mx\/wp-content\/uploads\/2023\/08\/INICIO-LA-INSTALACION-DE-5-MIL-NUEVAS-LUMINARIAS-EN-LAS-PRINCIPALES-AVENIDAS-Y-PUENTES-DE-CUERNAVACA-2-768x512.jpeg 768w, https:\/\/cuernavaca.gob.mx\/wp-content\/uploads\/2023\/08\/INICIO-LA-INSTALACION-DE-5-MIL-NUEVAS-LUMINARIAS-EN-LAS-PRINCIPALES-AVENIDAS-Y-PUENTES-DE-CUERNAVACA-2-1536x1023.jpeg 1536w, https:\/\/cuernavaca.gob.mx\/wp-content\/uploads\/2023\/08\/INICIO-LA-INSTALACION-DE-5-MIL-NUEVAS-LUMINARIAS-EN-LAS-PRINCIPALES-AVENIDAS-Y-PUENTES-DE-CUERNAVACA-2-600x400.jpeg 600w, https:\/\/cuernavaca.gob.mx\/wp-content\/uploads\/2023\/08\/INICIO-LA-INSTALACION-DE-5-MIL-NUEVAS-LUMINARIAS-EN-LAS-PRINCIPALES-AVENIDAS-Y-PUENTES-DE-CUERNAVACA-2-560x373.jpeg 560w, https:\/\/cuernavaca.gob.mx\/wp-content\/uploads\/2023\/08\/INICIO-LA-INSTALACION-DE-5-MIL-NUEVAS-LUMINARIAS-EN-LAS-PRINCIPALES-AVENIDAS-Y-PUENTES-DE-CUERNAVACA-2.jpeg 1600w\" sizes=\"(max-width: 300px) 100vw, 300px\" \/> <img loading=\"lazy\" class=\"alignnone size-medium wp-image-31086\" src=\"https:\/\/cuernavaca.gob.mx\/wp-content\/uploads\/2023\/08\/INICIO-LA-INSTALACION-DE-5-MIL-NUEVAS-LUMINARIAS-EN-LAS-PRINCIPALES-AVENIDAS-Y-PUENTES-DE-CUERNAVACA-3-300x197.jpeg\" alt=\"\" width=\"300\" height=\"197\" srcset=\"https:\/\/cuernavaca.gob.mx\/wp-content\/uploads\/2023\/08\/INICIO-LA-INSTALACION-DE-5-MIL-NUEVAS-LUMINARIAS-EN-LAS-PRINCIPALES-AVENIDAS-Y-PUENTES-DE-CUERNAVACA-3-300x197.jpeg 300w, https:\/\/cuernavaca.gob.mx\/wp-content\/uploads\/2023\/08\/INICIO-LA-INSTALACION-DE-5-MIL-NUEVAS-LUMINARIAS-EN-LAS-PRINCIPALES-AVENIDAS-Y-PUENTES-DE-CUERNAVACA-3-1024x674.jpeg 1024w, https:\/\/cuernavaca.gob.mx\/wp-content\/uploads\/2023\/08\/INICIO-LA-INSTALACION-DE-5-MIL-NUEVAS-LUMINARIAS-EN-LAS-PRINCIPALES-AVENIDAS-Y-PUENTES-DE-CUERNAVACA-3-768x505.jpeg 768w, https:\/\/cuernavaca.gob.mx\/wp-content\/uploads\/2023\/08\/INICIO-LA-INSTALACION-DE-5-MIL-NUEVAS-LUMINARIAS-EN-LAS-PRINCIPALES-AVENIDAS-Y-PUENTES-DE-CUERNAVACA-3-1536x1011.jpeg 1536w, https:\/\/cuernavaca.gob.mx\/wp-content\/uploads\/2023\/08\/INICIO-LA-INSTALACION-DE-5-MIL-NUEVAS-LUMINARIAS-EN-LAS-PRINCIPALES-AVENIDAS-Y-PUENTES-DE-CUERNAVACA-3-600x395.jpeg 600w, https:\/\/cuernavaca.gob.mx\/wp-content\/uploads\/2023\/08\/INICIO-LA-INSTALACION-DE-5-MIL-NUEVAS-LUMINARIAS-EN-LAS-PRINCIPALES-AVENIDAS-Y-PUENTES-DE-CUERNAVACA-3-560x369.jpeg 560w, https:\/\/cuernavaca.gob.mx\/wp-content\/uploads\/2023\/08\/INICIO-LA-INSTALACION-DE-5-MIL-NUEVAS-LUMINARIAS-EN-LAS-PRINCIPALES-AVENIDAS-Y-PUENTES-DE-CUERNAVACA-3.jpeg 1600w\" sizes=\"(max-width: 300px) 100vw, 300px\" \/> <img loading=\"lazy\" class=\"alignnone size-medium wp-image-31087\" src=\"https:\/\/cuernavaca.gob.mx\/wp-content\/uploads\/2023\/08\/INICIO-LA-INSTALACION-DE-5-MIL-NUEVAS-LUMINARIAS-EN-LAS-PRINCIPALES-AVENIDAS-Y-PUENTES-DE-CUERNAVACA-4-300x200.jpeg\" alt=\"\" width=\"300\" height=\"200\" srcset=\"https:\/\/cuernavaca.gob.mx\/wp-content\/uploads\/2023\/08\/INICIO-LA-INSTALACION-DE-5-MIL-NUEVAS-LUMINARIAS-EN-LAS-PRINCIPALES-AVENIDAS-Y-PUENTES-DE-CUERNAVACA-4-300x200.jpeg 300w, https:\/\/cuernavaca.gob.mx\/wp-content\/uploads\/2023\/08\/INICIO-LA-INSTALACION-DE-5-MIL-NUEVAS-LUMINARIAS-EN-LAS-PRINCIPALES-AVENIDAS-Y-PUENTES-DE-CUERNAVACA-4-1024x682.jpeg 1024w, https:\/\/cuernavaca.gob.mx\/wp-content\/uploads\/2023\/08\/INICIO-LA-INSTALACION-DE-5-MIL-NUEVAS-LUMINARIAS-EN-LAS-PRINCIPALES-AVENIDAS-Y-PUENTES-DE-CUERNAVACA-4-768x512.jpeg 768w, https:\/\/cuernavaca.gob.mx\/wp-content\/uploads\/2023\/08\/INICIO-LA-INSTALACION-DE-5-MIL-NUEVAS-LUMINARIAS-EN-LAS-PRINCIPALES-AVENIDAS-Y-PUENTES-DE-CUERNAVACA-4-1536x1023.jpeg 1536w, https:\/\/cuernavaca.gob.mx\/wp-content\/uploads\/2023\/08\/INICIO-LA-INSTALACION-DE-5-MIL-NUEVAS-LUMINARIAS-EN-LAS-PRINCIPALES-AVENIDAS-Y-PUENTES-DE-CUERNAVACA-4-600x400.jpeg 600w, https:\/\/cuernavaca.gob.mx\/wp-content\/uploads\/2023\/08\/INICIO-LA-INSTALACION-DE-5-MIL-NUEVAS-LUMINARIAS-EN-LAS-PRINCIPALES-AVENIDAS-Y-PUENTES-DE-CUERNAVACA-4-560x373.jpeg 560w, https:\/\/cuernavaca.gob.mx\/wp-content\/uploads\/2023\/08\/INICIO-LA-INSTALACION-DE-5-MIL-NUEVAS-LUMINARIAS-EN-LAS-PRINCIPALES-AVENIDAS-Y-PUENTES-DE-CUERNAVACA-4.jpeg 1600w\" sizes=\"(max-width: 300px) 100vw, 300px\" \/> <img loading=\"lazy\" class=\"alignnone size-medium wp-image-31088\" src=\"https:\/\/cuernavaca.gob.mx\/wp-content\/uploads\/2023\/08\/INICIO-LA-INSTALACION-DE-5-MIL-NUEVAS-LUMINARIAS-EN-LAS-PRINCIPALES-AVENIDAS-Y-PUENTES-DE-CUERNAVACA-5-200x300.jpeg\" alt=\"\" width=\"200\" height=\"300\" srcset=\"https:\/\/cuernavaca.gob.mx\/wp-content\/uploads\/2023\/08\/INICIO-LA-INSTALACION-DE-5-MIL-NUEVAS-LUMINARIAS-EN-LAS-PRINCIPALES-AVENIDAS-Y-PUENTES-DE-CUERNAVACA-5-200x300.jpeg 200w, https:\/\/cuernavaca.gob.mx\/wp-content\/uploads\/2023\/08\/INICIO-LA-INSTALACION-DE-5-MIL-NUEVAS-LUMINARIAS-EN-LAS-PRINCIPALES-AVENIDAS-Y-PUENTES-DE-CUERNAVACA-5-682x1024.jpeg 682w, https:\/\/cuernavaca.gob.mx\/wp-content\/uploads\/2023\/08\/INICIO-LA-INSTALACION-DE-5-MIL-NUEVAS-LUMINARIAS-EN-LAS-PRINCIPALES-AVENIDAS-Y-PUENTES-DE-CUERNAVACA-5-768x1153.jpeg 768w, https:\/\/cuernavaca.gob.mx\/wp-content\/uploads\/2023\/08\/INICIO-LA-INSTALACION-DE-5-MIL-NUEVAS-LUMINARIAS-EN-LAS-PRINCIPALES-AVENIDAS-Y-PUENTES-DE-CUERNAVACA-5-1023x1536.jpeg 1023w, https:\/\/cuernavaca.gob.mx\/wp-content\/uploads\/2023\/08\/INICIO-LA-INSTALACION-DE-5-MIL-NUEVAS-LUMINARIAS-EN-LAS-PRINCIPALES-AVENIDAS-Y-PUENTES-DE-CUERNAVACA-5-400x600.jpeg 400w, https:\/\/cuernavaca.gob.mx\/wp-content\/uploads\/2023\/08\/INICIO-LA-INSTALACION-DE-5-MIL-NUEVAS-LUMINARIAS-EN-LAS-PRINCIPALES-AVENIDAS-Y-PUENTES-DE-CUERNAVACA-5-373x560.jpeg 373w, https:\/\/cuernavaca.gob.mx\/wp-content\/uploads\/2023\/08\/INICIO-LA-INSTALACION-DE-5-MIL-NUEVAS-LUMINARIAS-EN-LAS-PRINCIPALES-AVENIDAS-Y-PUENTES-DE-CUERNAVACA-5.jpeg 1066w\" sizes=\"(max-width: 200px) 100vw, 200px\" \/> <img loading=\"lazy\" class=\"alignnone size-medium wp-image-31089\" src=\"https:\/\/cuernavaca.gob.mx\/wp-content\/uploads\/2023\/08\/INICIO-LA-INSTALACION-DE-5-MIL-NUEVAS-LUMINARIAS-EN-LAS-PRINCIPALES-AVENIDAS-Y-PUENTES-DE-CUERNAVACA-6-300x200.jpeg\" alt=\"\" width=\"300\" height=\"200\" srcset=\"https:\/\/cuernavaca.gob.mx\/wp-content\/uploads\/2023\/08\/INICIO-LA-INSTALACION-DE-5-MIL-NUEVAS-LUMINARIAS-EN-LAS-PRINCIPALES-AVENIDAS-Y-PUENTES-DE-CUERNAVACA-6-300x200.jpeg 300w, https:\/\/cuernavaca.gob.mx\/wp-content\/uploads\/2023\/08\/INICIO-LA-INSTALACION-DE-5-MIL-NUEVAS-LUMINARIAS-EN-LAS-PRINCIPALES-AVENIDAS-Y-PUENTES-DE-CUERNAVACA-6-1024x682.jpeg 1024w, https:\/\/cuernavaca.gob.mx\/wp-content\/uploads\/2023\/08\/INICIO-LA-INSTALACION-DE-5-MIL-NUEVAS-LUMINARIAS-EN-LAS-PRINCIPALES-AVENIDAS-Y-PUENTES-DE-CUERNAVACA-6-768x512.jpeg 768w, https:\/\/cuernavaca.gob.mx\/wp-content\/uploads\/2023\/08\/INICIO-LA-INSTALACION-DE-5-MIL-NUEVAS-LUMINARIAS-EN-LAS-PRINCIPALES-AVENIDAS-Y-PUENTES-DE-CUERNAVACA-6-1536x1023.jpeg 1536w, https:\/\/cuernavaca.gob.mx\/wp-content\/uploads\/2023\/08\/INICIO-LA-INSTALACION-DE-5-MIL-NUEVAS-LUMINARIAS-EN-LAS-PRINCIPALES-AVENIDAS-Y-PUENTES-DE-CUERNAVACA-6-600x400.jpeg 600w, https:\/\/cuernavaca.gob.mx\/wp-content\/uploads\/2023\/08\/INICIO-LA-INSTALACION-DE-5-MIL-NUEVAS-LUMINARIAS-EN-LAS-PRINCIPALES-AVENIDAS-Y-PUENTES-DE-CUERNAVACA-6-560x373.jpeg 560w, https:\/\/cuernavaca.gob.mx\/wp-content\/uploads\/2023\/08\/INICIO-LA-INSTALACION-DE-5-MIL-NUEVAS-LUMINARIAS-EN-LAS-PRINCIPALES-AVENIDAS-Y-PUENTES-DE-CUERNAVACA-6.jpeg 1600w\" sizes=\"(max-width: 300px) 100vw, 300px\" \/> <img loading=\"lazy\" class=\"alignnone size-medium wp-image-31090\" src=\"https:\/\/cuernavaca.gob.mx\/wp-content\/uploads\/2023\/08\/INICIO-LA-INSTALACION-DE-5-MIL-NUEVAS-LUMINARIAS-EN-LAS-PRINCIPALES-AVENIDAS-Y-PUENTES-DE-CUERNAVACA-7-300x200.jpeg\" alt=\"\" width=\"300\" height=\"200\" srcset=\"https:\/\/cuernavaca.gob.mx\/wp-content\/uploads\/2023\/08\/INICIO-LA-INSTALACION-DE-5-MIL-NUEVAS-LUMINARIAS-EN-LAS-PRINCIPALES-AVENIDAS-Y-PUENTES-DE-CUERNAVACA-7-300x200.jpeg 300w, https:\/\/cuernavaca.gob.mx\/wp-content\/uploads\/2023\/08\/INICIO-LA-INSTALACION-DE-5-MIL-NUEVAS-LUMINARIAS-EN-LAS-PRINCIPALES-AVENIDAS-Y-PUENTES-DE-CUERNAVACA-7-1024x682.jpeg 1024w, https:\/\/cuernavaca.gob.mx\/wp-content\/uploads\/2023\/08\/INICIO-LA-INSTALACION-DE-5-MIL-NUEVAS-LUMINARIAS-EN-LAS-PRINCIPALES-AVENIDAS-Y-PUENTES-DE-CUERNAVACA-7-768x512.jpeg 768w, https:\/\/cuernavaca.gob.mx\/wp-content\/uploads\/2023\/08\/INICIO-LA-INSTALACION-DE-5-MIL-NUEVAS-LUMINARIAS-EN-LAS-PRINCIPALES-AVENIDAS-Y-PUENTES-DE-CUERNAVACA-7-1536x1023.jpeg 1536w, https:\/\/cuernavaca.gob.mx\/wp-content\/uploads\/2023\/08\/INICIO-LA-INSTALACION-DE-5-MIL-NUEVAS-LUMINARIAS-EN-LAS-PRINCIPALES-AVENIDAS-Y-PUENTES-DE-CUERNAVACA-7-600x400.jpeg 600w, https:\/\/cuernavaca.gob.mx\/wp-content\/uploads\/2023\/08\/INICIO-LA-INSTALACION-DE-5-MIL-NUEVAS-LUMINARIAS-EN-LAS-PRINCIPALES-AVENIDAS-Y-PUENTES-DE-CUERNAVACA-7-560x373.jpeg 560w, https:\/\/cuernavaca.gob.mx\/wp-content\/uploads\/2023\/08\/INICIO-LA-INSTALACION-DE-5-MIL-NUEVAS-LUMINARIAS-EN-LAS-PRINCIPALES-AVENIDAS-Y-PUENTES-DE-CUERNAVACA-7.jpeg 1600w\" sizes=\"(max-width: 300px) 100vw, 300px\" \/> <img loading=\"lazy\" class=\"alignnone size-medium wp-image-31091\" src=\"https:\/\/cuernavaca.gob.mx\/wp-content\/uploads\/2023\/08\/INICIO-LA-INSTALACION-DE-5-MIL-NUEVAS-LUMINARIAS-EN-LAS-PRINCIPALES-AVENIDAS-Y-PUENTES-DE-CUERNAVACA-8-300x200.jpeg\" alt=\"\" width=\"300\" height=\"200\" srcset=\"https:\/\/cuernavaca.gob.mx\/wp-content\/uploads\/2023\/08\/INICIO-LA-INSTALACION-DE-5-MIL-NUEVAS-LUMINARIAS-EN-LAS-PRINCIPALES-AVENIDAS-Y-PUENTES-DE-CUERNAVACA-8-300x200.jpeg 300w, https:\/\/cuernavaca.gob.mx\/wp-content\/uploads\/2023\/08\/INICIO-LA-INSTALACION-DE-5-MIL-NUEVAS-LUMINARIAS-EN-LAS-PRINCIPALES-AVENIDAS-Y-PUENTES-DE-CUERNAVACA-8-1024x682.jpeg 1024w, https:\/\/cuernavaca.gob.mx\/wp-content\/uploads\/2023\/08\/INICIO-LA-INSTALACION-DE-5-MIL-NUEVAS-LUMINARIAS-EN-LAS-PRINCIPALES-AVENIDAS-Y-PUENTES-DE-CUERNAVACA-8-768x512.jpeg 768w, https:\/\/cuernavaca.gob.mx\/wp-content\/uploads\/2023\/08\/INICIO-LA-INSTALACION-DE-5-MIL-NUEVAS-LUMINARIAS-EN-LAS-PRINCIPALES-AVENIDAS-Y-PUENTES-DE-CUERNAVACA-8-1536x1023.jpeg 1536w, https:\/\/cuernavaca.gob.mx\/wp-content\/uploads\/2023\/08\/INICIO-LA-INSTALACION-DE-5-MIL-NUEVAS-LUMINARIAS-EN-LAS-PRINCIPALES-AVENIDAS-Y-PUENTES-DE-CUERNAVACA-8-600x400.jpeg 600w, https:\/\/cuernavaca.gob.mx\/wp-content\/uploads\/2023\/08\/INICIO-LA-INSTALACION-DE-5-MIL-NUEVAS-LUMINARIAS-EN-LAS-PRINCIPALES-AVENIDAS-Y-PUENTES-DE-CUERNAVACA-8-560x373.jpeg 560w, https:\/\/cuernavaca.gob.mx\/wp-content\/uploads\/2023\/08\/INICIO-LA-INSTALACION-DE-5-MIL-NUEVAS-LUMINARIAS-EN-LAS-PRINCIPALES-AVENIDAS-Y-PUENTES-DE-CUERNAVACA-8.jpeg 1600w\" sizes=\"(max-width: 300px) 100vw, 300px\" \/> <img loading=\"lazy\" class=\"alignnone size-medium wp-image-31092\" src=\"https:\/\/cuernavaca.gob.mx\/wp-content\/uploads\/2023\/08\/INICIO-LA-INSTALACION-DE-5-MIL-NUEVAS-LUMINARIAS-EN-LAS-PRINCIPALES-AVENIDAS-Y-PUENTES-DE-CUERNAVACA-9-300x200.jpeg\" alt=\"\" width=\"300\" height=\"200\" srcset=\"https:\/\/cuernavaca.gob.mx\/wp-content\/uploads\/2023\/08\/INICIO-LA-INSTALACION-DE-5-MIL-NUEVAS-LUMINARIAS-EN-LAS-PRINCIPALES-AVENIDAS-Y-PUENTES-DE-CUERNAVACA-9-300x200.jpeg 300w, https:\/\/cuernavaca.gob.mx\/wp-content\/uploads\/2023\/08\/INICIO-LA-INSTALACION-DE-5-MIL-NUEVAS-LUMINARIAS-EN-LAS-PRINCIPALES-AVENIDAS-Y-PUENTES-DE-CUERNAVACA-9-1024x682.jpeg 1024w, https:\/\/cuernavaca.gob.mx\/wp-content\/uploads\/2023\/08\/INICIO-LA-INSTALACION-DE-5-MIL-NUEVAS-LUMINARIAS-EN-LAS-PRINCIPALES-AVENIDAS-Y-PUENTES-DE-CUERNAVACA-9-768x512.jpeg 768w, https:\/\/cuernavaca.gob.mx\/wp-content\/uploads\/2023\/08\/INICIO-LA-INSTALACION-DE-5-MIL-NUEVAS-LUMINARIAS-EN-LAS-PRINCIPALES-AVENIDAS-Y-PUENTES-DE-CUERNAVACA-9-1536x1023.jpeg 1536w, https:\/\/cuernavaca.gob.mx\/wp-content\/uploads\/2023\/08\/INICIO-LA-INSTALACION-DE-5-MIL-NUEVAS-LUMINARIAS-EN-LAS-PRINCIPALES-AVENIDAS-Y-PUENTES-DE-CUERNAVACA-9-600x400.jpeg 600w, https:\/\/cuernavaca.gob.mx\/wp-content\/uploads\/2023\/08\/INICIO-LA-INSTALACION-DE-5-MIL-NUEVAS-LUMINARIAS-EN-LAS-PRINCIPALES-AVENIDAS-Y-PUENTES-DE-CUERNAVACA-9-560x373.jpeg 560w, https:\/\/cuernavaca.gob.mx\/wp-content\/uploads\/2023\/08\/INICIO-LA-INSTALACION-DE-5-MIL-NUEVAS-LUMINARIAS-EN-LAS-PRINCIPALES-AVENIDAS-Y-PUENTES-DE-CUERNAVACA-9.jpeg 1600w\" sizes=\"(max-width: 300px) 100vw, 300px\" \/> <img loading=\"lazy\" class=\"alignnone size-medium wp-image-31093\" src=\"https:\/\/cuernavaca.gob.mx\/wp-content\/uploads\/2023\/08\/INICIO-LA-INSTALACION-DE-5-MIL-NUEVAS-LUMINARIAS-EN-LAS-PRINCIPALES-AVENIDAS-Y-PUENTES-DE-CUERNAVACA-10-300x200.jpeg\" alt=\"\" width=\"300\" height=\"200\" srcset=\"https:\/\/cuernavaca.gob.mx\/wp-content\/uploads\/2023\/08\/INICIO-LA-INSTALACION-DE-5-MIL-NUEVAS-LUMINARIAS-EN-LAS-PRINCIPALES-AVENIDAS-Y-PUENTES-DE-CUERNAVACA-10-300x200.jpeg 300w, https:\/\/cuernavaca.gob.mx\/wp-content\/uploads\/2023\/08\/INICIO-LA-INSTALACION-DE-5-MIL-NUEVAS-LUMINARIAS-EN-LAS-PRINCIPALES-AVENIDAS-Y-PUENTES-DE-CUERNAVACA-10-1024x682.jpeg 1024w, https:\/\/cuernavaca.gob.mx\/wp-content\/uploads\/2023\/08\/INICIO-LA-INSTALACION-DE-5-MIL-NUEVAS-LUMINARIAS-EN-LAS-PRINCIPALES-AVENIDAS-Y-PUENTES-DE-CUERNAVACA-10-768x512.jpeg 768w, https:\/\/cuernavaca.gob.mx\/wp-content\/uploads\/2023\/08\/INICIO-LA-INSTALACION-DE-5-MIL-NUEVAS-LUMINARIAS-EN-LAS-PRINCIPALES-AVENIDAS-Y-PUENTES-DE-CUERNAVACA-10-1536x1023.jpeg 1536w, https:\/\/cuernavaca.gob.mx\/wp-content\/uploads\/2023\/08\/INICIO-LA-INSTALACION-DE-5-MIL-NUEVAS-LUMINARIAS-EN-LAS-PRINCIPALES-AVENIDAS-Y-PUENTES-DE-CUERNAVACA-10-600x400.jpeg 600w, https:\/\/cuernavaca.gob.mx\/wp-content\/uploads\/2023\/08\/INICIO-LA-INSTALACION-DE-5-MIL-NUEVAS-LUMINARIAS-EN-LAS-PRINCIPALES-AVENIDAS-Y-PUENTES-DE-CUERNAVACA-10-560x373.jpeg 560w, https:\/\/cuernavaca.gob.mx\/wp-content\/uploads\/2023\/08\/INICIO-LA-INSTALACION-DE-5-MIL-NUEVAS-LUMINARIAS-EN-LAS-PRINCIPALES-AVENIDAS-Y-PUENTES-DE-CUERNAVACA-10.jpeg 1600w\" sizes=\"(max-width: 300px) 100vw, 300px\" \/> <img loading=\"lazy\" class=\"alignnone size-medium wp-image-31094\" src=\"https:\/\/cuernavaca.gob.mx\/wp-content\/uploads\/2023\/08\/INICIO-LA-INSTALACION-DE-5-MIL-NUEVAS-LUMINARIAS-EN-LAS-PRINCIPALES-AVENIDAS-Y-PUENTES-DE-CUERNAVACA-11-300x200.jpeg\" alt=\"\" width=\"300\" height=\"200\" srcset=\"https:\/\/cuernavaca.gob.mx\/wp-content\/uploads\/2023\/08\/INICIO-LA-INSTALACION-DE-5-MIL-NUEVAS-LUMINARIAS-EN-LAS-PRINCIPALES-AVENIDAS-Y-PUENTES-DE-CUERNAVACA-11-300x200.jpeg 300w, https:\/\/cuernavaca.gob.mx\/wp-content\/uploads\/2023\/08\/INICIO-LA-INSTALACION-DE-5-MIL-NUEVAS-LUMINARIAS-EN-LAS-PRINCIPALES-AVENIDAS-Y-PUENTES-DE-CUERNAVACA-11-1024x682.jpeg 1024w, https:\/\/cuernavaca.gob.mx\/wp-content\/uploads\/2023\/08\/INICIO-LA-INSTALACION-DE-5-MIL-NUEVAS-LUMINARIAS-EN-LAS-PRINCIPALES-AVENIDAS-Y-PUENTES-DE-CUERNAVACA-11-768x512.jpeg 768w, https:\/\/cuernavaca.gob.mx\/wp-content\/uploads\/2023\/08\/INICIO-LA-INSTALACION-DE-5-MIL-NUEVAS-LUMINARIAS-EN-LAS-PRINCIPALES-AVENIDAS-Y-PUENTES-DE-CUERNAVACA-11-1536x1023.jpeg 1536w, https:\/\/cuernavaca.gob.mx\/wp-content\/uploads\/2023\/08\/INICIO-LA-INSTALACION-DE-5-MIL-NUEVAS-LUMINARIAS-EN-LAS-PRINCIPALES-AVENIDAS-Y-PUENTES-DE-CUERNAVACA-11-600x400.jpeg 600w, https:\/\/cuernavaca.gob.mx\/wp-content\/uploads\/2023\/08\/INICIO-LA-INSTALACION-DE-5-MIL-NUEVAS-LUMINARIAS-EN-LAS-PRINCIPALES-AVENIDAS-Y-PUENTES-DE-CUERNAVACA-11-560x373.jpeg 560w, https:\/\/cuernavaca.gob.mx\/wp-content\/uploads\/2023\/08\/INICIO-LA-INSTALACION-DE-5-MIL-NUEVAS-LUMINARIAS-EN-LAS-PRINCIPALES-AVENIDAS-Y-PUENTES-DE-CUERNAVACA-11.jpeg 1600w\" sizes=\"(max-width: 300px) 100vw, 300px\" \/> <img loading=\"lazy\" class=\"alignnone size-medium wp-image-31095\" src=\"https:\/\/cuernavaca.gob.mx\/wp-content\/uploads\/2023\/08\/INICIO-LA-INSTALACION-DE-5-MIL-NUEVAS-LUMINARIAS-EN-LAS-PRINCIPALES-AVENIDAS-Y-PUENTES-DE-CUERNAVACA-12-300x200.jpeg\" alt=\"\" width=\"300\" height=\"200\" srcset=\"https:\/\/cuernavaca.gob.mx\/wp-content\/uploads\/2023\/08\/INICIO-LA-INSTALACION-DE-5-MIL-NUEVAS-LUMINARIAS-EN-LAS-PRINCIPALES-AVENIDAS-Y-PUENTES-DE-CUERNAVACA-12-300x200.jpeg 300w, https:\/\/cuernavaca.gob.mx\/wp-content\/uploads\/2023\/08\/INICIO-LA-INSTALACION-DE-5-MIL-NUEVAS-LUMINARIAS-EN-LAS-PRINCIPALES-AVENIDAS-Y-PUENTES-DE-CUERNAVACA-12-1024x682.jpeg 1024w, https:\/\/cuernavaca.gob.mx\/wp-content\/uploads\/2023\/08\/INICIO-LA-INSTALACION-DE-5-MIL-NUEVAS-LUMINARIAS-EN-LAS-PRINCIPALES-AVENIDAS-Y-PUENTES-DE-CUERNAVACA-12-768x512.jpeg 768w, https:\/\/cuernavaca.gob.mx\/wp-content\/uploads\/2023\/08\/INICIO-LA-INSTALACION-DE-5-MIL-NUEVAS-LUMINARIAS-EN-LAS-PRINCIPALES-AVENIDAS-Y-PUENTES-DE-CUERNAVACA-12-1536x1023.jpeg 1536w, https:\/\/cuernavaca.gob.mx\/wp-content\/uploads\/2023\/08\/INICIO-LA-INSTALACION-DE-5-MIL-NUEVAS-LUMINARIAS-EN-LAS-PRINCIPALES-AVENIDAS-Y-PUENTES-DE-CUERNAVACA-12-600x400.jpeg 600w, https:\/\/cuernavaca.gob.mx\/wp-content\/uploads\/2023\/08\/INICIO-LA-INSTALACION-DE-5-MIL-NUEVAS-LUMINARIAS-EN-LAS-PRINCIPALES-AVENIDAS-Y-PUENTES-DE-CUERNAVACA-12-560x373.jpeg 560w, https:\/\/cuernavaca.gob.mx\/wp-content\/uploads\/2023\/08\/INICIO-LA-INSTALACION-DE-5-MIL-NUEVAS-LUMINARIAS-EN-LAS-PRINCIPALES-AVENIDAS-Y-PUENTES-DE-CUERNAVACA-12.jpeg 1600w\" sizes=\"(max-width: 300px) 100vw, 300px\" \/> <img loading=\"lazy\" class=\"alignnone size-medium wp-image-31096\" src=\"https:\/\/cuernavaca.gob.mx\/wp-content\/uploads\/2023\/08\/INICIO-LA-INSTALACION-DE-5-MIL-NUEVAS-LUMINARIAS-EN-LAS-PRINCIPALES-AVENIDAS-Y-PUENTES-DE-CUERNAVACA-13-300x200.jpeg\" alt=\"\" width=\"300\" height=\"200\" srcset=\"https:\/\/cuernavaca.gob.mx\/wp-content\/uploads\/2023\/08\/INICIO-LA-INSTALACION-DE-5-MIL-NUEVAS-LUMINARIAS-EN-LAS-PRINCIPALES-AVENIDAS-Y-PUENTES-DE-CUERNAVACA-13-300x200.jpeg 300w, https:\/\/cuernavaca.gob.mx\/wp-content\/uploads\/2023\/08\/INICIO-LA-INSTALACION-DE-5-MIL-NUEVAS-LUMINARIAS-EN-LAS-PRINCIPALES-AVENIDAS-Y-PUENTES-DE-CUERNAVACA-13-1024x682.jpeg 1024w, https:\/\/cuernavaca.gob.mx\/wp-content\/uploads\/2023\/08\/INICIO-LA-INSTALACION-DE-5-MIL-NUEVAS-LUMINARIAS-EN-LAS-PRINCIPALES-AVENIDAS-Y-PUENTES-DE-CUERNAVACA-13-768x512.jpeg 768w, https:\/\/cuernavaca.gob.mx\/wp-content\/uploads\/2023\/08\/INICIO-LA-INSTALACION-DE-5-MIL-NUEVAS-LUMINARIAS-EN-LAS-PRINCIPALES-AVENIDAS-Y-PUENTES-DE-CUERNAVACA-13-1536x1023.jpeg 1536w, https:\/\/cuernavaca.gob.mx\/wp-content\/uploads\/2023\/08\/INICIO-LA-INSTALACION-DE-5-MIL-NUEVAS-LUMINARIAS-EN-LAS-PRINCIPALES-AVENIDAS-Y-PUENTES-DE-CUERNAVACA-13-600x400.jpeg 600w, https:\/\/cuernavaca.gob.mx\/wp-content\/uploads\/2023\/08\/INICIO-LA-INSTALACION-DE-5-MIL-NUEVAS-LUMINARIAS-EN-LAS-PRINCIPALES-AVENIDAS-Y-PUENTES-DE-CUERNAVACA-13-560x373.jpeg 560w, https:\/\/cuernavaca.gob.mx\/wp-content\/uploads\/2023\/08\/INICIO-LA-INSTALACION-DE-5-MIL-NUEVAS-LUMINARIAS-EN-LAS-PRINCIPALES-AVENIDAS-Y-PUENTES-DE-CUERNAVACA-13.jpeg 1600w\" sizes=\"(max-width: 300px) 100vw, 300px\" \/> <img loading=\"lazy\" class=\"alignnone size-medium wp-image-31097\" src=\"https:\/\/cuernavaca.gob.mx\/wp-content\/uploads\/2023\/08\/INICIO-LA-INSTALACION-DE-5-MIL-NUEVAS-LUMINARIAS-EN-LAS-PRINCIPALES-AVENIDAS-Y-PUENTES-DE-CUERNAVACA-14-300x200.jpeg\" alt=\"\" width=\"300\" height=\"200\" srcset=\"https:\/\/cuernavaca.gob.mx\/wp-content\/uploads\/2023\/08\/INICIO-LA-INSTALACION-DE-5-MIL-NUEVAS-LUMINARIAS-EN-LAS-PRINCIPALES-AVENIDAS-Y-PUENTES-DE-CUERNAVACA-14-300x200.jpeg 300w, https:\/\/cuernavaca.gob.mx\/wp-content\/uploads\/2023\/08\/INICIO-LA-INSTALACION-DE-5-MIL-NUEVAS-LUMINARIAS-EN-LAS-PRINCIPALES-AVENIDAS-Y-PUENTES-DE-CUERNAVACA-14-1024x682.jpeg 1024w, https:\/\/cuernavaca.gob.mx\/wp-content\/uploads\/2023\/08\/INICIO-LA-INSTALACION-DE-5-MIL-NUEVAS-LUMINARIAS-EN-LAS-PRINCIPALES-AVENIDAS-Y-PUENTES-DE-CUERNAVACA-14-768x512.jpeg 768w, https:\/\/cuernavaca.gob.mx\/wp-content\/uploads\/2023\/08\/INICIO-LA-INSTALACION-DE-5-MIL-NUEVAS-LUMINARIAS-EN-LAS-PRINCIPALES-AVENIDAS-Y-PUENTES-DE-CUERNAVACA-14-1536x1023.jpeg 1536w, https:\/\/cuernavaca.gob.mx\/wp-content\/uploads\/2023\/08\/INICIO-LA-INSTALACION-DE-5-MIL-NUEVAS-LUMINARIAS-EN-LAS-PRINCIPALES-AVENIDAS-Y-PUENTES-DE-CUERNAVACA-14-600x400.jpeg 600w, https:\/\/cuernavaca.gob.mx\/wp-content\/uploads\/2023\/08\/INICIO-LA-INSTALACION-DE-5-MIL-NUEVAS-LUMINARIAS-EN-LAS-PRINCIPALES-AVENIDAS-Y-PUENTES-DE-CUERNAVACA-14-560x373.jpeg 560w, https:\/\/cuernavaca.gob.mx\/wp-content\/uploads\/2023\/08\/INICIO-LA-INSTALACION-DE-5-MIL-NUEVAS-LUMINARIAS-EN-LAS-PRINCIPALES-AVENIDAS-Y-PUENTES-DE-CUERNAVACA-14.jpeg 1600w\" sizes=\"(max-width: 300px) 100vw, 300px\" \/><\/div>\n","protected":false},"excerpt":{"rendered":"<p>\u2022 El presidente municipal Jos\u00e9 Luis Uri\u00f3stegui e integrantes del Cabildo resaltaron la importancia de contar con calles alumbradas que sean seguras para las mujeres y habitantes en general \u2022 La colocaci\u00f3n de l\u00e1mparas de 100 watts comenz\u00f3 en las principales vialidades del norte de la ciudad para continuar con el oriente, poniente, centro y [&hellip;]<\/p>\n","protected":false},"author":1,"featured_media":31097,"comment_status":"closed","ping_status":"open","sticky":false,"template":"","format":"standard","meta":[],"categories":[208],"tags":[3154,2311,2411,121,120,1171,206,125,138],"aioseo_notices":[],"_links":{"self":[{"href":"https:\/\/cuernavaca.gob.mx\/index.php?rest_route=\/wp\/v2\/posts\/31083"}],"collection":[{"href":"https:\/\/cuernavaca.gob.mx\/index.php?rest_route=\/wp\/v2\/posts"}],"about":[{"href":"https:\/\/cuernavaca.gob.mx\/index.php?rest_route=\/wp\/v2\/types\/post"}],"author":[{"embeddable":true,"href":"https:\/\/cuernavaca.gob.mx\/index.php?rest_route=\/wp\/v2\/users\/1"}],"replies":[{"embeddable":true,"href":"https:\/\/cuernavaca.gob.mx\/index.php?rest_route=%2Fwp%2Fv2%2Fcomments&post=31083"}],"version-history":[{"count":1,"href":"https:\/\/cuernavaca.gob.mx\/index.php?rest_route=\/wp\/v2\/posts\/31083\/revisions"}],"predecessor-version":[{"id":31098,"href":"https:\/\/cuernavaca.gob.mx\/index.php?rest_route=\/wp\/v2\/posts\/31083\/revisions\/31098"}],"wp:featuredmedia":[{"embeddable":true,"href":"https:\/\/cuernavaca.gob.mx\/index.php?rest_route=\/wp\/v2\/media\/31097"}],"wp:attachment":[{"href":"https:\/\/cuernavaca.gob.mx\/index.php?rest_route=%2Fwp%2Fv2%2Fmedia&parent=31083"}],"wp:term":[{"taxonomy":"category","embeddable":true,"href":"https:\/\/cuernavaca.gob.mx\/index.php?rest_route=%2Fwp%2Fv2%2Fcategories&post=31083"},{"taxonomy":"post_tag","embeddable":true,"href":"https:\/\/cuernavaca.gob.mx\/index.php?rest_route=%2Fwp%2Fv2%2Ftags&post=31083"}],"curies":[{"name":"wp","href":"https:\/\/api.w.org\/{rel}","templated":true}]}}