{"id":31299,"date":"2023-08-08T21:55:47","date_gmt":"2023-08-09T03:55:47","guid":{"rendered":"https:\/\/cuernavaca.gob.mx\/?p=31299"},"modified":"2025-05-06T14:07:37","modified_gmt":"2025-05-06T20:07:37","slug":"f475-08-08-23-muestra-jose-luis-uriostegui-e-integrantes-del-cabildo-de-cuernavaca-sus-respetos-y-reconocimiento-al-legado-del-general-emiliano-zapata","status":"publish","type":"post","link":"https:\/\/cuernavaca.gob.mx\/?p=31299","title":{"rendered":"F475 08\/08\/23 MUESTRA JOS\u00c9 LUIS URI\u00d3STEGUI E INTEGRANTES DEL CABILDO DE CUERNAVACA SUS RESPETOS Y RECONOCIMIENTO AL LEGADO DEL GENERAL EMILIANO ZAPATA"},"content":{"rendered":"<p>Como muestra del reconocimiento al legado que dej\u00f3 no tan solo a los morelenses, sino a los mexicanos y habitantes de otras latitudes como Rusia, Cuba, Estados Unidos entre otros pa\u00edses, donde su figura y lucha ha sido sujeta de estudio y admiraci\u00f3n desde hace d\u00e9cadas, el presidente municipal de Cuernavaca, Jos\u00e9 Luis Uri\u00f3stegui Salgado particip\u00f3 en la tradicional Cabalgata Zapatista que desde hace 13 a\u00f1os se lleva a cabo para celebrar en esta ocasi\u00f3n, el 144 Aniversario del Natalicio del General Emiliano Zapata Salazar en Anenecuilco, municipio de Ayala.<\/p>\n<p>Acompa\u00f1ado de los regidores V\u00edctor Hugo Manzo God\u00ednez, Christian Michel P\u00e9rez Jaimes, Jes\u00fas Tlacaelel Rosales Puebla y Debendrenath Salazar Solorio, as\u00ed como del secretario del Ayuntamiento, Carlos de la Rosa Segura y el Coordinador del Consejo Consultivo de Turismo, Marcos Manuel Suarez Gerard, el alcalde de Cuernavaca acudi\u00f3 atendiendo la invitaci\u00f3n del Comisariado Ejidal de Anenecuilco, Andr\u00e9s Javier Medina Centeno y dem\u00e1s organizadores, para sumarse a esta actividad de hombres y mujeres a caballo provenientes de municipios de Morelos y tambi\u00e9n del estado de Guerrero, Estado de M\u00e9xico, Puebla, Jalisco y Ciudad de M\u00e9xico, para conmemorar el nacimiento de quien enarbol\u00f3 la lucha por el reconocimiento a los derechos de campesinos e impulsor del Plan de Ayala.<\/p>\n<p>Jos\u00e9 Luis Uri\u00f3stegui manifest\u00f3 su respeto a los ideales del General Emiliano Zapata, coincidir y poner en pr\u00e1ctica la defensa a la dignidad humana y la justicia social, traslad\u00e1ndolo a lo que hoy d\u00eda enfrentan diferentes sectores de la poblaci\u00f3n en Morelos y M\u00e9xico.<\/p>\n<p>Esta cabalgata zapatista en la que adem\u00e1s participaron autoridades municipales, dirigentes sociales, de organizaciones campesinas, empresarios, legisladores, j\u00f3venes, mujeres, ni\u00f1as y ni\u00f1os, tuvo un trayecto que parti\u00f3 de la entrada principal de Anenecuilco, pasando por su z\u00f3calo, la Museo Casa donde naci\u00f3 el General Emiliano Zapata, para posteriormente pasar por el Huajar, luego la zona conocida como los t\u00faneles y concluir con una convivencia de m\u00e1s de 300 jinetes en la antigua Tienda de Raya de Anenecuilco, cuyos vestigios a\u00fan se preservan.<\/p>\n<p><img loading=\"lazy\" class=\"alignnone size-medium wp-image-31300\" src=\"https:\/\/cuernavaca.gob.mx\/wp-content\/uploads\/2023\/08\/MUESTRA-JOSE-LUIS-URIOSTEGUI-E-INTEGRANTES-DEL-CABILDO-DE-CUERNAVACA-SUS-RESPETOS-Y-RECONOCIMIENTO-AL-LEGADO-DEL-GENERAL-EMILIANO-ZAPATA-1-300x200.jpeg\" alt=\"\" width=\"300\" height=\"200\" srcset=\"https:\/\/cuernavaca.gob.mx\/wp-content\/uploads\/2023\/08\/MUESTRA-JOSE-LUIS-URIOSTEGUI-E-INTEGRANTES-DEL-CABILDO-DE-CUERNAVACA-SUS-RESPETOS-Y-RECONOCIMIENTO-AL-LEGADO-DEL-GENERAL-EMILIANO-ZAPATA-1-300x200.jpeg 300w, https:\/\/cuernavaca.gob.mx\/wp-content\/uploads\/2023\/08\/MUESTRA-JOSE-LUIS-URIOSTEGUI-E-INTEGRANTES-DEL-CABILDO-DE-CUERNAVACA-SUS-RESPETOS-Y-RECONOCIMIENTO-AL-LEGADO-DEL-GENERAL-EMILIANO-ZAPATA-1-1024x682.jpeg 1024w, https:\/\/cuernavaca.gob.mx\/wp-content\/uploads\/2023\/08\/MUESTRA-JOSE-LUIS-URIOSTEGUI-E-INTEGRANTES-DEL-CABILDO-DE-CUERNAVACA-SUS-RESPETOS-Y-RECONOCIMIENTO-AL-LEGADO-DEL-GENERAL-EMILIANO-ZAPATA-1-768x512.jpeg 768w, https:\/\/cuernavaca.gob.mx\/wp-content\/uploads\/2023\/08\/MUESTRA-JOSE-LUIS-URIOSTEGUI-E-INTEGRANTES-DEL-CABILDO-DE-CUERNAVACA-SUS-RESPETOS-Y-RECONOCIMIENTO-AL-LEGADO-DEL-GENERAL-EMILIANO-ZAPATA-1-1536x1023.jpeg 1536w, https:\/\/cuernavaca.gob.mx\/wp-content\/uploads\/2023\/08\/MUESTRA-JOSE-LUIS-URIOSTEGUI-E-INTEGRANTES-DEL-CABILDO-DE-CUERNAVACA-SUS-RESPETOS-Y-RECONOCIMIENTO-AL-LEGADO-DEL-GENERAL-EMILIANO-ZAPATA-1-600x400.jpeg 600w, https:\/\/cuernavaca.gob.mx\/wp-content\/uploads\/2023\/08\/MUESTRA-JOSE-LUIS-URIOSTEGUI-E-INTEGRANTES-DEL-CABILDO-DE-CUERNAVACA-SUS-RESPETOS-Y-RECONOCIMIENTO-AL-LEGADO-DEL-GENERAL-EMILIANO-ZAPATA-1-560x373.jpeg 560w, https:\/\/cuernavaca.gob.mx\/wp-content\/uploads\/2023\/08\/MUESTRA-JOSE-LUIS-URIOSTEGUI-E-INTEGRANTES-DEL-CABILDO-DE-CUERNAVACA-SUS-RESPETOS-Y-RECONOCIMIENTO-AL-LEGADO-DEL-GENERAL-EMILIANO-ZAPATA-1.jpeg 1600w\" sizes=\"(max-width: 300px) 100vw, 300px\" \/> <img loading=\"lazy\" class=\"alignnone size-medium wp-image-31301\" src=\"https:\/\/cuernavaca.gob.mx\/wp-content\/uploads\/2023\/08\/MUESTRA-JOSE-LUIS-URIOSTEGUI-E-INTEGRANTES-DEL-CABILDO-DE-CUERNAVACA-SUS-RESPETOS-Y-RECONOCIMIENTO-AL-LEGADO-DEL-GENERAL-EMILIANO-ZAPATA-2-300x200.jpeg\" alt=\"\" width=\"300\" height=\"200\" srcset=\"https:\/\/cuernavaca.gob.mx\/wp-content\/uploads\/2023\/08\/MUESTRA-JOSE-LUIS-URIOSTEGUI-E-INTEGRANTES-DEL-CABILDO-DE-CUERNAVACA-SUS-RESPETOS-Y-RECONOCIMIENTO-AL-LEGADO-DEL-GENERAL-EMILIANO-ZAPATA-2-300x200.jpeg 300w, https:\/\/cuernavaca.gob.mx\/wp-content\/uploads\/2023\/08\/MUESTRA-JOSE-LUIS-URIOSTEGUI-E-INTEGRANTES-DEL-CABILDO-DE-CUERNAVACA-SUS-RESPETOS-Y-RECONOCIMIENTO-AL-LEGADO-DEL-GENERAL-EMILIANO-ZAPATA-2-1024x682.jpeg 1024w, https:\/\/cuernavaca.gob.mx\/wp-content\/uploads\/2023\/08\/MUESTRA-JOSE-LUIS-URIOSTEGUI-E-INTEGRANTES-DEL-CABILDO-DE-CUERNAVACA-SUS-RESPETOS-Y-RECONOCIMIENTO-AL-LEGADO-DEL-GENERAL-EMILIANO-ZAPATA-2-768x512.jpeg 768w, https:\/\/cuernavaca.gob.mx\/wp-content\/uploads\/2023\/08\/MUESTRA-JOSE-LUIS-URIOSTEGUI-E-INTEGRANTES-DEL-CABILDO-DE-CUERNAVACA-SUS-RESPETOS-Y-RECONOCIMIENTO-AL-LEGADO-DEL-GENERAL-EMILIANO-ZAPATA-2-1536x1023.jpeg 1536w, https:\/\/cuernavaca.gob.mx\/wp-content\/uploads\/2023\/08\/MUESTRA-JOSE-LUIS-URIOSTEGUI-E-INTEGRANTES-DEL-CABILDO-DE-CUERNAVACA-SUS-RESPETOS-Y-RECONOCIMIENTO-AL-LEGADO-DEL-GENERAL-EMILIANO-ZAPATA-2-600x400.jpeg 600w, https:\/\/cuernavaca.gob.mx\/wp-content\/uploads\/2023\/08\/MUESTRA-JOSE-LUIS-URIOSTEGUI-E-INTEGRANTES-DEL-CABILDO-DE-CUERNAVACA-SUS-RESPETOS-Y-RECONOCIMIENTO-AL-LEGADO-DEL-GENERAL-EMILIANO-ZAPATA-2-560x373.jpeg 560w, https:\/\/cuernavaca.gob.mx\/wp-content\/uploads\/2023\/08\/MUESTRA-JOSE-LUIS-URIOSTEGUI-E-INTEGRANTES-DEL-CABILDO-DE-CUERNAVACA-SUS-RESPETOS-Y-RECONOCIMIENTO-AL-LEGADO-DEL-GENERAL-EMILIANO-ZAPATA-2.jpeg 1600w\" sizes=\"(max-width: 300px) 100vw, 300px\" \/> <img loading=\"lazy\" class=\"alignnone size-medium wp-image-31302\" src=\"https:\/\/cuernavaca.gob.mx\/wp-content\/uploads\/2023\/08\/MUESTRA-JOSE-LUIS-URIOSTEGUI-E-INTEGRANTES-DEL-CABILDO-DE-CUERNAVACA-SUS-RESPETOS-Y-RECONOCIMIENTO-AL-LEGADO-DEL-GENERAL-EMILIANO-ZAPATA-3-300x200.jpeg\" alt=\"\" width=\"300\" height=\"200\" srcset=\"https:\/\/cuernavaca.gob.mx\/wp-content\/uploads\/2023\/08\/MUESTRA-JOSE-LUIS-URIOSTEGUI-E-INTEGRANTES-DEL-CABILDO-DE-CUERNAVACA-SUS-RESPETOS-Y-RECONOCIMIENTO-AL-LEGADO-DEL-GENERAL-EMILIANO-ZAPATA-3-300x200.jpeg 300w, https:\/\/cuernavaca.gob.mx\/wp-content\/uploads\/2023\/08\/MUESTRA-JOSE-LUIS-URIOSTEGUI-E-INTEGRANTES-DEL-CABILDO-DE-CUERNAVACA-SUS-RESPETOS-Y-RECONOCIMIENTO-AL-LEGADO-DEL-GENERAL-EMILIANO-ZAPATA-3-1024x682.jpeg 1024w, https:\/\/cuernavaca.gob.mx\/wp-content\/uploads\/2023\/08\/MUESTRA-JOSE-LUIS-URIOSTEGUI-E-INTEGRANTES-DEL-CABILDO-DE-CUERNAVACA-SUS-RESPETOS-Y-RECONOCIMIENTO-AL-LEGADO-DEL-GENERAL-EMILIANO-ZAPATA-3-768x512.jpeg 768w, https:\/\/cuernavaca.gob.mx\/wp-content\/uploads\/2023\/08\/MUESTRA-JOSE-LUIS-URIOSTEGUI-E-INTEGRANTES-DEL-CABILDO-DE-CUERNAVACA-SUS-RESPETOS-Y-RECONOCIMIENTO-AL-LEGADO-DEL-GENERAL-EMILIANO-ZAPATA-3-1536x1023.jpeg 1536w, https:\/\/cuernavaca.gob.mx\/wp-content\/uploads\/2023\/08\/MUESTRA-JOSE-LUIS-URIOSTEGUI-E-INTEGRANTES-DEL-CABILDO-DE-CUERNAVACA-SUS-RESPETOS-Y-RECONOCIMIENTO-AL-LEGADO-DEL-GENERAL-EMILIANO-ZAPATA-3-600x400.jpeg 600w, https:\/\/cuernavaca.gob.mx\/wp-content\/uploads\/2023\/08\/MUESTRA-JOSE-LUIS-URIOSTEGUI-E-INTEGRANTES-DEL-CABILDO-DE-CUERNAVACA-SUS-RESPETOS-Y-RECONOCIMIENTO-AL-LEGADO-DEL-GENERAL-EMILIANO-ZAPATA-3-560x373.jpeg 560w, https:\/\/cuernavaca.gob.mx\/wp-content\/uploads\/2023\/08\/MUESTRA-JOSE-LUIS-URIOSTEGUI-E-INTEGRANTES-DEL-CABILDO-DE-CUERNAVACA-SUS-RESPETOS-Y-RECONOCIMIENTO-AL-LEGADO-DEL-GENERAL-EMILIANO-ZAPATA-3.jpeg 1600w\" sizes=\"(max-width: 300px) 100vw, 300px\" \/> <img loading=\"lazy\" class=\"alignnone size-medium wp-image-31303\" src=\"https:\/\/cuernavaca.gob.mx\/wp-content\/uploads\/2023\/08\/MUESTRA-JOSE-LUIS-URIOSTEGUI-E-INTEGRANTES-DEL-CABILDO-DE-CUERNAVACA-SUS-RESPETOS-Y-RECONOCIMIENTO-AL-LEGADO-DEL-GENERAL-EMILIANO-ZAPATA-4-300x200.jpeg\" alt=\"\" width=\"300\" height=\"200\" srcset=\"https:\/\/cuernavaca.gob.mx\/wp-content\/uploads\/2023\/08\/MUESTRA-JOSE-LUIS-URIOSTEGUI-E-INTEGRANTES-DEL-CABILDO-DE-CUERNAVACA-SUS-RESPETOS-Y-RECONOCIMIENTO-AL-LEGADO-DEL-GENERAL-EMILIANO-ZAPATA-4-300x200.jpeg 300w, https:\/\/cuernavaca.gob.mx\/wp-content\/uploads\/2023\/08\/MUESTRA-JOSE-LUIS-URIOSTEGUI-E-INTEGRANTES-DEL-CABILDO-DE-CUERNAVACA-SUS-RESPETOS-Y-RECONOCIMIENTO-AL-LEGADO-DEL-GENERAL-EMILIANO-ZAPATA-4-1024x682.jpeg 1024w, https:\/\/cuernavaca.gob.mx\/wp-content\/uploads\/2023\/08\/MUESTRA-JOSE-LUIS-URIOSTEGUI-E-INTEGRANTES-DEL-CABILDO-DE-CUERNAVACA-SUS-RESPETOS-Y-RECONOCIMIENTO-AL-LEGADO-DEL-GENERAL-EMILIANO-ZAPATA-4-768x512.jpeg 768w, https:\/\/cuernavaca.gob.mx\/wp-content\/uploads\/2023\/08\/MUESTRA-JOSE-LUIS-URIOSTEGUI-E-INTEGRANTES-DEL-CABILDO-DE-CUERNAVACA-SUS-RESPETOS-Y-RECONOCIMIENTO-AL-LEGADO-DEL-GENERAL-EMILIANO-ZAPATA-4-1536x1023.jpeg 1536w, https:\/\/cuernavaca.gob.mx\/wp-content\/uploads\/2023\/08\/MUESTRA-JOSE-LUIS-URIOSTEGUI-E-INTEGRANTES-DEL-CABILDO-DE-CUERNAVACA-SUS-RESPETOS-Y-RECONOCIMIENTO-AL-LEGADO-DEL-GENERAL-EMILIANO-ZAPATA-4-600x400.jpeg 600w, https:\/\/cuernavaca.gob.mx\/wp-content\/uploads\/2023\/08\/MUESTRA-JOSE-LUIS-URIOSTEGUI-E-INTEGRANTES-DEL-CABILDO-DE-CUERNAVACA-SUS-RESPETOS-Y-RECONOCIMIENTO-AL-LEGADO-DEL-GENERAL-EMILIANO-ZAPATA-4-560x373.jpeg 560w, https:\/\/cuernavaca.gob.mx\/wp-content\/uploads\/2023\/08\/MUESTRA-JOSE-LUIS-URIOSTEGUI-E-INTEGRANTES-DEL-CABILDO-DE-CUERNAVACA-SUS-RESPETOS-Y-RECONOCIMIENTO-AL-LEGADO-DEL-GENERAL-EMILIANO-ZAPATA-4.jpeg 1600w\" sizes=\"(max-width: 300px) 100vw, 300px\" \/> <img loading=\"lazy\" class=\"alignnone size-medium wp-image-31304\" src=\"https:\/\/cuernavaca.gob.mx\/wp-content\/uploads\/2023\/08\/MUESTRA-JOSE-LUIS-URIOSTEGUI-E-INTEGRANTES-DEL-CABILDO-DE-CUERNAVACA-SUS-RESPETOS-Y-RECONOCIMIENTO-AL-LEGADO-DEL-GENERAL-EMILIANO-ZAPATA-5-300x200.jpeg\" alt=\"\" width=\"300\" height=\"200\" srcset=\"https:\/\/cuernavaca.gob.mx\/wp-content\/uploads\/2023\/08\/MUESTRA-JOSE-LUIS-URIOSTEGUI-E-INTEGRANTES-DEL-CABILDO-DE-CUERNAVACA-SUS-RESPETOS-Y-RECONOCIMIENTO-AL-LEGADO-DEL-GENERAL-EMILIANO-ZAPATA-5-300x200.jpeg 300w, https:\/\/cuernavaca.gob.mx\/wp-content\/uploads\/2023\/08\/MUESTRA-JOSE-LUIS-URIOSTEGUI-E-INTEGRANTES-DEL-CABILDO-DE-CUERNAVACA-SUS-RESPETOS-Y-RECONOCIMIENTO-AL-LEGADO-DEL-GENERAL-EMILIANO-ZAPATA-5-1024x682.jpeg 1024w, https:\/\/cuernavaca.gob.mx\/wp-content\/uploads\/2023\/08\/MUESTRA-JOSE-LUIS-URIOSTEGUI-E-INTEGRANTES-DEL-CABILDO-DE-CUERNAVACA-SUS-RESPETOS-Y-RECONOCIMIENTO-AL-LEGADO-DEL-GENERAL-EMILIANO-ZAPATA-5-768x512.jpeg 768w, https:\/\/cuernavaca.gob.mx\/wp-content\/uploads\/2023\/08\/MUESTRA-JOSE-LUIS-URIOSTEGUI-E-INTEGRANTES-DEL-CABILDO-DE-CUERNAVACA-SUS-RESPETOS-Y-RECONOCIMIENTO-AL-LEGADO-DEL-GENERAL-EMILIANO-ZAPATA-5-1536x1023.jpeg 1536w, https:\/\/cuernavaca.gob.mx\/wp-content\/uploads\/2023\/08\/MUESTRA-JOSE-LUIS-URIOSTEGUI-E-INTEGRANTES-DEL-CABILDO-DE-CUERNAVACA-SUS-RESPETOS-Y-RECONOCIMIENTO-AL-LEGADO-DEL-GENERAL-EMILIANO-ZAPATA-5-600x400.jpeg 600w, https:\/\/cuernavaca.gob.mx\/wp-content\/uploads\/2023\/08\/MUESTRA-JOSE-LUIS-URIOSTEGUI-E-INTEGRANTES-DEL-CABILDO-DE-CUERNAVACA-SUS-RESPETOS-Y-RECONOCIMIENTO-AL-LEGADO-DEL-GENERAL-EMILIANO-ZAPATA-5-560x373.jpeg 560w, https:\/\/cuernavaca.gob.mx\/wp-content\/uploads\/2023\/08\/MUESTRA-JOSE-LUIS-URIOSTEGUI-E-INTEGRANTES-DEL-CABILDO-DE-CUERNAVACA-SUS-RESPETOS-Y-RECONOCIMIENTO-AL-LEGADO-DEL-GENERAL-EMILIANO-ZAPATA-5.jpeg 1600w\" sizes=\"(max-width: 300px) 100vw, 300px\" \/> <img loading=\"lazy\" class=\"alignnone size-medium wp-image-31305\" src=\"https:\/\/cuernavaca.gob.mx\/wp-content\/uploads\/2023\/08\/MUESTRA-JOSE-LUIS-URIOSTEGUI-E-INTEGRANTES-DEL-CABILDO-DE-CUERNAVACA-SUS-RESPETOS-Y-RECONOCIMIENTO-AL-LEGADO-DEL-GENERAL-EMILIANO-ZAPATA-6-300x200.jpeg\" alt=\"\" width=\"300\" height=\"200\" srcset=\"https:\/\/cuernavaca.gob.mx\/wp-content\/uploads\/2023\/08\/MUESTRA-JOSE-LUIS-URIOSTEGUI-E-INTEGRANTES-DEL-CABILDO-DE-CUERNAVACA-SUS-RESPETOS-Y-RECONOCIMIENTO-AL-LEGADO-DEL-GENERAL-EMILIANO-ZAPATA-6-300x200.jpeg 300w, https:\/\/cuernavaca.gob.mx\/wp-content\/uploads\/2023\/08\/MUESTRA-JOSE-LUIS-URIOSTEGUI-E-INTEGRANTES-DEL-CABILDO-DE-CUERNAVACA-SUS-RESPETOS-Y-RECONOCIMIENTO-AL-LEGADO-DEL-GENERAL-EMILIANO-ZAPATA-6-1024x682.jpeg 1024w, https:\/\/cuernavaca.gob.mx\/wp-content\/uploads\/2023\/08\/MUESTRA-JOSE-LUIS-URIOSTEGUI-E-INTEGRANTES-DEL-CABILDO-DE-CUERNAVACA-SUS-RESPETOS-Y-RECONOCIMIENTO-AL-LEGADO-DEL-GENERAL-EMILIANO-ZAPATA-6-768x512.jpeg 768w, https:\/\/cuernavaca.gob.mx\/wp-content\/uploads\/2023\/08\/MUESTRA-JOSE-LUIS-URIOSTEGUI-E-INTEGRANTES-DEL-CABILDO-DE-CUERNAVACA-SUS-RESPETOS-Y-RECONOCIMIENTO-AL-LEGADO-DEL-GENERAL-EMILIANO-ZAPATA-6-1536x1023.jpeg 1536w, https:\/\/cuernavaca.gob.mx\/wp-content\/uploads\/2023\/08\/MUESTRA-JOSE-LUIS-URIOSTEGUI-E-INTEGRANTES-DEL-CABILDO-DE-CUERNAVACA-SUS-RESPETOS-Y-RECONOCIMIENTO-AL-LEGADO-DEL-GENERAL-EMILIANO-ZAPATA-6-600x400.jpeg 600w, https:\/\/cuernavaca.gob.mx\/wp-content\/uploads\/2023\/08\/MUESTRA-JOSE-LUIS-URIOSTEGUI-E-INTEGRANTES-DEL-CABILDO-DE-CUERNAVACA-SUS-RESPETOS-Y-RECONOCIMIENTO-AL-LEGADO-DEL-GENERAL-EMILIANO-ZAPATA-6-560x373.jpeg 560w, https:\/\/cuernavaca.gob.mx\/wp-content\/uploads\/2023\/08\/MUESTRA-JOSE-LUIS-URIOSTEGUI-E-INTEGRANTES-DEL-CABILDO-DE-CUERNAVACA-SUS-RESPETOS-Y-RECONOCIMIENTO-AL-LEGADO-DEL-GENERAL-EMILIANO-ZAPATA-6.jpeg 1600w\" sizes=\"(max-width: 300px) 100vw, 300px\" \/> <img loading=\"lazy\" class=\"alignnone size-medium wp-image-31306\" src=\"https:\/\/cuernavaca.gob.mx\/wp-content\/uploads\/2023\/08\/MUESTRA-JOSE-LUIS-URIOSTEGUI-E-INTEGRANTES-DEL-CABILDO-DE-CUERNAVACA-SUS-RESPETOS-Y-RECONOCIMIENTO-AL-LEGADO-DEL-GENERAL-EMILIANO-ZAPATA-7-300x200.jpeg\" alt=\"\" width=\"300\" height=\"200\" srcset=\"https:\/\/cuernavaca.gob.mx\/wp-content\/uploads\/2023\/08\/MUESTRA-JOSE-LUIS-URIOSTEGUI-E-INTEGRANTES-DEL-CABILDO-DE-CUERNAVACA-SUS-RESPETOS-Y-RECONOCIMIENTO-AL-LEGADO-DEL-GENERAL-EMILIANO-ZAPATA-7-300x200.jpeg 300w, https:\/\/cuernavaca.gob.mx\/wp-content\/uploads\/2023\/08\/MUESTRA-JOSE-LUIS-URIOSTEGUI-E-INTEGRANTES-DEL-CABILDO-DE-CUERNAVACA-SUS-RESPETOS-Y-RECONOCIMIENTO-AL-LEGADO-DEL-GENERAL-EMILIANO-ZAPATA-7-1024x682.jpeg 1024w, https:\/\/cuernavaca.gob.mx\/wp-content\/uploads\/2023\/08\/MUESTRA-JOSE-LUIS-URIOSTEGUI-E-INTEGRANTES-DEL-CABILDO-DE-CUERNAVACA-SUS-RESPETOS-Y-RECONOCIMIENTO-AL-LEGADO-DEL-GENERAL-EMILIANO-ZAPATA-7-768x512.jpeg 768w, https:\/\/cuernavaca.gob.mx\/wp-content\/uploads\/2023\/08\/MUESTRA-JOSE-LUIS-URIOSTEGUI-E-INTEGRANTES-DEL-CABILDO-DE-CUERNAVACA-SUS-RESPETOS-Y-RECONOCIMIENTO-AL-LEGADO-DEL-GENERAL-EMILIANO-ZAPATA-7-1536x1023.jpeg 1536w, https:\/\/cuernavaca.gob.mx\/wp-content\/uploads\/2023\/08\/MUESTRA-JOSE-LUIS-URIOSTEGUI-E-INTEGRANTES-DEL-CABILDO-DE-CUERNAVACA-SUS-RESPETOS-Y-RECONOCIMIENTO-AL-LEGADO-DEL-GENERAL-EMILIANO-ZAPATA-7-600x400.jpeg 600w, https:\/\/cuernavaca.gob.mx\/wp-content\/uploads\/2023\/08\/MUESTRA-JOSE-LUIS-URIOSTEGUI-E-INTEGRANTES-DEL-CABILDO-DE-CUERNAVACA-SUS-RESPETOS-Y-RECONOCIMIENTO-AL-LEGADO-DEL-GENERAL-EMILIANO-ZAPATA-7-560x373.jpeg 560w, https:\/\/cuernavaca.gob.mx\/wp-content\/uploads\/2023\/08\/MUESTRA-JOSE-LUIS-URIOSTEGUI-E-INTEGRANTES-DEL-CABILDO-DE-CUERNAVACA-SUS-RESPETOS-Y-RECONOCIMIENTO-AL-LEGADO-DEL-GENERAL-EMILIANO-ZAPATA-7.jpeg 1600w\" sizes=\"(max-width: 300px) 100vw, 300px\" \/> <img loading=\"lazy\" class=\"alignnone size-medium wp-image-31307\" src=\"https:\/\/cuernavaca.gob.mx\/wp-content\/uploads\/2023\/08\/MUESTRA-JOSE-LUIS-URIOSTEGUI-E-INTEGRANTES-DEL-CABILDO-DE-CUERNAVACA-SUS-RESPETOS-Y-RECONOCIMIENTO-AL-LEGADO-DEL-GENERAL-EMILIANO-ZAPATA-8-300x200.jpeg\" alt=\"\" width=\"300\" height=\"200\" srcset=\"https:\/\/cuernavaca.gob.mx\/wp-content\/uploads\/2023\/08\/MUESTRA-JOSE-LUIS-URIOSTEGUI-E-INTEGRANTES-DEL-CABILDO-DE-CUERNAVACA-SUS-RESPETOS-Y-RECONOCIMIENTO-AL-LEGADO-DEL-GENERAL-EMILIANO-ZAPATA-8-300x200.jpeg 300w, https:\/\/cuernavaca.gob.mx\/wp-content\/uploads\/2023\/08\/MUESTRA-JOSE-LUIS-URIOSTEGUI-E-INTEGRANTES-DEL-CABILDO-DE-CUERNAVACA-SUS-RESPETOS-Y-RECONOCIMIENTO-AL-LEGADO-DEL-GENERAL-EMILIANO-ZAPATA-8-1024x682.jpeg 1024w, https:\/\/cuernavaca.gob.mx\/wp-content\/uploads\/2023\/08\/MUESTRA-JOSE-LUIS-URIOSTEGUI-E-INTEGRANTES-DEL-CABILDO-DE-CUERNAVACA-SUS-RESPETOS-Y-RECONOCIMIENTO-AL-LEGADO-DEL-GENERAL-EMILIANO-ZAPATA-8-768x512.jpeg 768w, https:\/\/cuernavaca.gob.mx\/wp-content\/uploads\/2023\/08\/MUESTRA-JOSE-LUIS-URIOSTEGUI-E-INTEGRANTES-DEL-CABILDO-DE-CUERNAVACA-SUS-RESPETOS-Y-RECONOCIMIENTO-AL-LEGADO-DEL-GENERAL-EMILIANO-ZAPATA-8-1536x1023.jpeg 1536w, https:\/\/cuernavaca.gob.mx\/wp-content\/uploads\/2023\/08\/MUESTRA-JOSE-LUIS-URIOSTEGUI-E-INTEGRANTES-DEL-CABILDO-DE-CUERNAVACA-SUS-RESPETOS-Y-RECONOCIMIENTO-AL-LEGADO-DEL-GENERAL-EMILIANO-ZAPATA-8-600x400.jpeg 600w, https:\/\/cuernavaca.gob.mx\/wp-content\/uploads\/2023\/08\/MUESTRA-JOSE-LUIS-URIOSTEGUI-E-INTEGRANTES-DEL-CABILDO-DE-CUERNAVACA-SUS-RESPETOS-Y-RECONOCIMIENTO-AL-LEGADO-DEL-GENERAL-EMILIANO-ZAPATA-8-560x373.jpeg 560w, https:\/\/cuernavaca.gob.mx\/wp-content\/uploads\/2023\/08\/MUESTRA-JOSE-LUIS-URIOSTEGUI-E-INTEGRANTES-DEL-CABILDO-DE-CUERNAVACA-SUS-RESPETOS-Y-RECONOCIMIENTO-AL-LEGADO-DEL-GENERAL-EMILIANO-ZAPATA-8.jpeg 1600w\" sizes=\"(max-width: 300px) 100vw, 300px\" \/> <img loading=\"lazy\" class=\"alignnone size-medium wp-image-31308\" src=\"https:\/\/cuernavaca.gob.mx\/wp-content\/uploads\/2023\/08\/MUESTRA-JOSE-LUIS-URIOSTEGUI-E-INTEGRANTES-DEL-CABILDO-DE-CUERNAVACA-SUS-RESPETOS-Y-RECONOCIMIENTO-AL-LEGADO-DEL-GENERAL-EMILIANO-ZAPATA-9-300x200.jpeg\" alt=\"\" width=\"300\" height=\"200\" srcset=\"https:\/\/cuernavaca.gob.mx\/wp-content\/uploads\/2023\/08\/MUESTRA-JOSE-LUIS-URIOSTEGUI-E-INTEGRANTES-DEL-CABILDO-DE-CUERNAVACA-SUS-RESPETOS-Y-RECONOCIMIENTO-AL-LEGADO-DEL-GENERAL-EMILIANO-ZAPATA-9-300x200.jpeg 300w, https:\/\/cuernavaca.gob.mx\/wp-content\/uploads\/2023\/08\/MUESTRA-JOSE-LUIS-URIOSTEGUI-E-INTEGRANTES-DEL-CABILDO-DE-CUERNAVACA-SUS-RESPETOS-Y-RECONOCIMIENTO-AL-LEGADO-DEL-GENERAL-EMILIANO-ZAPATA-9-1024x682.jpeg 1024w, https:\/\/cuernavaca.gob.mx\/wp-content\/uploads\/2023\/08\/MUESTRA-JOSE-LUIS-URIOSTEGUI-E-INTEGRANTES-DEL-CABILDO-DE-CUERNAVACA-SUS-RESPETOS-Y-RECONOCIMIENTO-AL-LEGADO-DEL-GENERAL-EMILIANO-ZAPATA-9-768x512.jpeg 768w, https:\/\/cuernavaca.gob.mx\/wp-content\/uploads\/2023\/08\/MUESTRA-JOSE-LUIS-URIOSTEGUI-E-INTEGRANTES-DEL-CABILDO-DE-CUERNAVACA-SUS-RESPETOS-Y-RECONOCIMIENTO-AL-LEGADO-DEL-GENERAL-EMILIANO-ZAPATA-9-1536x1023.jpeg 1536w, https:\/\/cuernavaca.gob.mx\/wp-content\/uploads\/2023\/08\/MUESTRA-JOSE-LUIS-URIOSTEGUI-E-INTEGRANTES-DEL-CABILDO-DE-CUERNAVACA-SUS-RESPETOS-Y-RECONOCIMIENTO-AL-LEGADO-DEL-GENERAL-EMILIANO-ZAPATA-9-600x400.jpeg 600w, https:\/\/cuernavaca.gob.mx\/wp-content\/uploads\/2023\/08\/MUESTRA-JOSE-LUIS-URIOSTEGUI-E-INTEGRANTES-DEL-CABILDO-DE-CUERNAVACA-SUS-RESPETOS-Y-RECONOCIMIENTO-AL-LEGADO-DEL-GENERAL-EMILIANO-ZAPATA-9-560x373.jpeg 560w, https:\/\/cuernavaca.gob.mx\/wp-content\/uploads\/2023\/08\/MUESTRA-JOSE-LUIS-URIOSTEGUI-E-INTEGRANTES-DEL-CABILDO-DE-CUERNAVACA-SUS-RESPETOS-Y-RECONOCIMIENTO-AL-LEGADO-DEL-GENERAL-EMILIANO-ZAPATA-9.jpeg 1600w\" sizes=\"(max-width: 300px) 100vw, 300px\" \/> <img loading=\"lazy\" class=\"alignnone size-medium wp-image-31309\" src=\"https:\/\/cuernavaca.gob.mx\/wp-content\/uploads\/2023\/08\/MUESTRA-JOSE-LUIS-URIOSTEGUI-E-INTEGRANTES-DEL-CABILDO-DE-CUERNAVACA-SUS-RESPETOS-Y-RECONOCIMIENTO-AL-LEGADO-DEL-GENERAL-EMILIANO-ZAPATA-10-300x200.jpeg\" alt=\"\" width=\"300\" height=\"200\" srcset=\"https:\/\/cuernavaca.gob.mx\/wp-content\/uploads\/2023\/08\/MUESTRA-JOSE-LUIS-URIOSTEGUI-E-INTEGRANTES-DEL-CABILDO-DE-CUERNAVACA-SUS-RESPETOS-Y-RECONOCIMIENTO-AL-LEGADO-DEL-GENERAL-EMILIANO-ZAPATA-10-300x200.jpeg 300w, https:\/\/cuernavaca.gob.mx\/wp-content\/uploads\/2023\/08\/MUESTRA-JOSE-LUIS-URIOSTEGUI-E-INTEGRANTES-DEL-CABILDO-DE-CUERNAVACA-SUS-RESPETOS-Y-RECONOCIMIENTO-AL-LEGADO-DEL-GENERAL-EMILIANO-ZAPATA-10-1024x682.jpeg 1024w, https:\/\/cuernavaca.gob.mx\/wp-content\/uploads\/2023\/08\/MUESTRA-JOSE-LUIS-URIOSTEGUI-E-INTEGRANTES-DEL-CABILDO-DE-CUERNAVACA-SUS-RESPETOS-Y-RECONOCIMIENTO-AL-LEGADO-DEL-GENERAL-EMILIANO-ZAPATA-10-768x512.jpeg 768w, https:\/\/cuernavaca.gob.mx\/wp-content\/uploads\/2023\/08\/MUESTRA-JOSE-LUIS-URIOSTEGUI-E-INTEGRANTES-DEL-CABILDO-DE-CUERNAVACA-SUS-RESPETOS-Y-RECONOCIMIENTO-AL-LEGADO-DEL-GENERAL-EMILIANO-ZAPATA-10-1536x1023.jpeg 1536w, https:\/\/cuernavaca.gob.mx\/wp-content\/uploads\/2023\/08\/MUESTRA-JOSE-LUIS-URIOSTEGUI-E-INTEGRANTES-DEL-CABILDO-DE-CUERNAVACA-SUS-RESPETOS-Y-RECONOCIMIENTO-AL-LEGADO-DEL-GENERAL-EMILIANO-ZAPATA-10-600x400.jpeg 600w, https:\/\/cuernavaca.gob.mx\/wp-content\/uploads\/2023\/08\/MUESTRA-JOSE-LUIS-URIOSTEGUI-E-INTEGRANTES-DEL-CABILDO-DE-CUERNAVACA-SUS-RESPETOS-Y-RECONOCIMIENTO-AL-LEGADO-DEL-GENERAL-EMILIANO-ZAPATA-10-560x373.jpeg 560w, https:\/\/cuernavaca.gob.mx\/wp-content\/uploads\/2023\/08\/MUESTRA-JOSE-LUIS-URIOSTEGUI-E-INTEGRANTES-DEL-CABILDO-DE-CUERNAVACA-SUS-RESPETOS-Y-RECONOCIMIENTO-AL-LEGADO-DEL-GENERAL-EMILIANO-ZAPATA-10.jpeg 1600w\" sizes=\"(max-width: 300px) 100vw, 300px\" \/> <img loading=\"lazy\" class=\"alignnone size-medium wp-image-31310\" src=\"https:\/\/cuernavaca.gob.mx\/wp-content\/uploads\/2023\/08\/MUESTRA-JOSE-LUIS-URIOSTEGUI-E-INTEGRANTES-DEL-CABILDO-DE-CUERNAVACA-SUS-RESPETOS-Y-RECONOCIMIENTO-AL-LEGADO-DEL-GENERAL-EMILIANO-ZAPATA-11-300x200.jpeg\" alt=\"\" width=\"300\" height=\"200\" srcset=\"https:\/\/cuernavaca.gob.mx\/wp-content\/uploads\/2023\/08\/MUESTRA-JOSE-LUIS-URIOSTEGUI-E-INTEGRANTES-DEL-CABILDO-DE-CUERNAVACA-SUS-RESPETOS-Y-RECONOCIMIENTO-AL-LEGADO-DEL-GENERAL-EMILIANO-ZAPATA-11-300x200.jpeg 300w, https:\/\/cuernavaca.gob.mx\/wp-content\/uploads\/2023\/08\/MUESTRA-JOSE-LUIS-URIOSTEGUI-E-INTEGRANTES-DEL-CABILDO-DE-CUERNAVACA-SUS-RESPETOS-Y-RECONOCIMIENTO-AL-LEGADO-DEL-GENERAL-EMILIANO-ZAPATA-11-1024x682.jpeg 1024w, https:\/\/cuernavaca.gob.mx\/wp-content\/uploads\/2023\/08\/MUESTRA-JOSE-LUIS-URIOSTEGUI-E-INTEGRANTES-DEL-CABILDO-DE-CUERNAVACA-SUS-RESPETOS-Y-RECONOCIMIENTO-AL-LEGADO-DEL-GENERAL-EMILIANO-ZAPATA-11-768x512.jpeg 768w, https:\/\/cuernavaca.gob.mx\/wp-content\/uploads\/2023\/08\/MUESTRA-JOSE-LUIS-URIOSTEGUI-E-INTEGRANTES-DEL-CABILDO-DE-CUERNAVACA-SUS-RESPETOS-Y-RECONOCIMIENTO-AL-LEGADO-DEL-GENERAL-EMILIANO-ZAPATA-11-1536x1023.jpeg 1536w, https:\/\/cuernavaca.gob.mx\/wp-content\/uploads\/2023\/08\/MUESTRA-JOSE-LUIS-URIOSTEGUI-E-INTEGRANTES-DEL-CABILDO-DE-CUERNAVACA-SUS-RESPETOS-Y-RECONOCIMIENTO-AL-LEGADO-DEL-GENERAL-EMILIANO-ZAPATA-11-600x400.jpeg 600w, https:\/\/cuernavaca.gob.mx\/wp-content\/uploads\/2023\/08\/MUESTRA-JOSE-LUIS-URIOSTEGUI-E-INTEGRANTES-DEL-CABILDO-DE-CUERNAVACA-SUS-RESPETOS-Y-RECONOCIMIENTO-AL-LEGADO-DEL-GENERAL-EMILIANO-ZAPATA-11-560x373.jpeg 560w, https:\/\/cuernavaca.gob.mx\/wp-content\/uploads\/2023\/08\/MUESTRA-JOSE-LUIS-URIOSTEGUI-E-INTEGRANTES-DEL-CABILDO-DE-CUERNAVACA-SUS-RESPETOS-Y-RECONOCIMIENTO-AL-LEGADO-DEL-GENERAL-EMILIANO-ZAPATA-11.jpeg 1600w\" sizes=\"(max-width: 300px) 100vw, 300px\" \/> <img loading=\"lazy\" class=\"alignnone size-medium wp-image-31311\" src=\"https:\/\/cuernavaca.gob.mx\/wp-content\/uploads\/2023\/08\/MUESTRA-JOSE-LUIS-URIOSTEGUI-E-INTEGRANTES-DEL-CABILDO-DE-CUERNAVACA-SUS-RESPETOS-Y-RECONOCIMIENTO-AL-LEGADO-DEL-GENERAL-EMILIANO-ZAPATA-12-200x300.jpeg\" alt=\"\" width=\"200\" height=\"300\" srcset=\"https:\/\/cuernavaca.gob.mx\/wp-content\/uploads\/2023\/08\/MUESTRA-JOSE-LUIS-URIOSTEGUI-E-INTEGRANTES-DEL-CABILDO-DE-CUERNAVACA-SUS-RESPETOS-Y-RECONOCIMIENTO-AL-LEGADO-DEL-GENERAL-EMILIANO-ZAPATA-12-200x300.jpeg 200w, https:\/\/cuernavaca.gob.mx\/wp-content\/uploads\/2023\/08\/MUESTRA-JOSE-LUIS-URIOSTEGUI-E-INTEGRANTES-DEL-CABILDO-DE-CUERNAVACA-SUS-RESPETOS-Y-RECONOCIMIENTO-AL-LEGADO-DEL-GENERAL-EMILIANO-ZAPATA-12-682x1024.jpeg 682w, https:\/\/cuernavaca.gob.mx\/wp-content\/uploads\/2023\/08\/MUESTRA-JOSE-LUIS-URIOSTEGUI-E-INTEGRANTES-DEL-CABILDO-DE-CUERNAVACA-SUS-RESPETOS-Y-RECONOCIMIENTO-AL-LEGADO-DEL-GENERAL-EMILIANO-ZAPATA-12-768x1153.jpeg 768w, https:\/\/cuernavaca.gob.mx\/wp-content\/uploads\/2023\/08\/MUESTRA-JOSE-LUIS-URIOSTEGUI-E-INTEGRANTES-DEL-CABILDO-DE-CUERNAVACA-SUS-RESPETOS-Y-RECONOCIMIENTO-AL-LEGADO-DEL-GENERAL-EMILIANO-ZAPATA-12-1023x1536.jpeg 1023w, https:\/\/cuernavaca.gob.mx\/wp-content\/uploads\/2023\/08\/MUESTRA-JOSE-LUIS-URIOSTEGUI-E-INTEGRANTES-DEL-CABILDO-DE-CUERNAVACA-SUS-RESPETOS-Y-RECONOCIMIENTO-AL-LEGADO-DEL-GENERAL-EMILIANO-ZAPATA-12-400x600.jpeg 400w, https:\/\/cuernavaca.gob.mx\/wp-content\/uploads\/2023\/08\/MUESTRA-JOSE-LUIS-URIOSTEGUI-E-INTEGRANTES-DEL-CABILDO-DE-CUERNAVACA-SUS-RESPETOS-Y-RECONOCIMIENTO-AL-LEGADO-DEL-GENERAL-EMILIANO-ZAPATA-12-373x560.jpeg 373w, https:\/\/cuernavaca.gob.mx\/wp-content\/uploads\/2023\/08\/MUESTRA-JOSE-LUIS-URIOSTEGUI-E-INTEGRANTES-DEL-CABILDO-DE-CUERNAVACA-SUS-RESPETOS-Y-RECONOCIMIENTO-AL-LEGADO-DEL-GENERAL-EMILIANO-ZAPATA-12.jpeg 1066w\" sizes=\"(max-width: 200px) 100vw, 200px\" \/><\/p>\n","protected":false},"excerpt":{"rendered":"<p>Como muestra del reconocimiento al legado que dej\u00f3 no tan solo a los morelenses, sino a los mexicanos y habitantes de otras latitudes como Rusia, Cuba, Estados Unidos entre otros pa\u00edses, donde su figura y lucha ha sido sujeta de estudio y admiraci\u00f3n desde hace d\u00e9cadas, el presidente municipal de Cuernavaca, Jos\u00e9 Luis Uri\u00f3stegui Salgado [&hellip;]<\/p>\n","protected":false},"author":1,"featured_media":31303,"comment_status":"closed","ping_status":"open","sticky":false,"template":"","format":"standard","meta":[],"categories":[2292],"tags":[3154,1568,3244,2305,121,1720,3037,120,206],"aioseo_notices":[],"_links":{"self":[{"href":"https:\/\/cuernavaca.gob.mx\/index.php?rest_route=\/wp\/v2\/posts\/31299"}],"collection":[{"href":"https:\/\/cuernavaca.gob.mx\/index.php?rest_route=\/wp\/v2\/posts"}],"about":[{"href":"https:\/\/cuernavaca.gob.mx\/index.php?rest_route=\/wp\/v2\/types\/post"}],"author":[{"embeddable":true,"href":"https:\/\/cuernavaca.gob.mx\/index.php?rest_route=\/wp\/v2\/users\/1"}],"replies":[{"embeddable":true,"href":"https:\/\/cuernavaca.gob.mx\/index.php?rest_route=%2Fwp%2Fv2%2Fcomments&post=31299"}],"version-history":[{"count":1,"href":"https:\/\/cuernavaca.gob.mx\/index.php?rest_route=\/wp\/v2\/posts\/31299\/revisions"}],"predecessor-version":[{"id":31312,"href":"https:\/\/cuernavaca.gob.mx\/index.php?rest_route=\/wp\/v2\/posts\/31299\/revisions\/31312"}],"wp:featuredmedia":[{"embeddable":true,"href":"https:\/\/cuernavaca.gob.mx\/index.php?rest_route=\/wp\/v2\/media\/31303"}],"wp:attachment":[{"href":"https:\/\/cuernavaca.gob.mx\/index.php?rest_route=%2Fwp%2Fv2%2Fmedia&parent=31299"}],"wp:term":[{"taxonomy":"category","embeddable":true,"href":"https:\/\/cuernavaca.gob.mx\/index.php?rest_route=%2Fwp%2Fv2%2Fcategories&post=31299"},{"taxonomy":"post_tag","embeddable":true,"href":"https:\/\/cuernavaca.gob.mx\/index.php?rest_route=%2Fwp%2Fv2%2Ftags&post=31299"}],"curies":[{"name":"wp","href":"https:\/\/api.w.org\/{rel}","templated":true}]}}