{"id":31336,"date":"2023-08-09T17:38:59","date_gmt":"2023-08-09T23:38:59","guid":{"rendered":"https:\/\/cuernavaca.gob.mx\/?p=31336"},"modified":"2025-05-06T14:07:37","modified_gmt":"2025-05-06T20:07:37","slug":"b1193-09-08-23-ayuntamiento-de-cuernavaca-tiene-todo-listo-para-la-segunda-edicion-del-cabildo-juvenil-2023","status":"publish","type":"post","link":"https:\/\/cuernavaca.gob.mx\/?p=31336","title":{"rendered":"B1193 09\/08\/23 AYUNTAMIENTO DE CUERNAVACA TIENE TODO LISTO PARA LA SEGUNDA EDICI\u00d3N DEL CABILDO JUVENIL 2023\u00a0"},"content":{"rendered":"<div><strong>\u2022 Este Cabildo est\u00e1 bajo la organizaci\u00f3n del Instituto de la Juventud de la Secretar\u00eda de Desarrollo Humano y Participaci\u00f3n social\u00a0<\/strong><\/div>\n<div><\/div>\n<div><strong>\u2022 La ciudad de Cuernavaca se posiciona a la vanguardia con la participaci\u00f3n de los distintos sectores de la sociedad en la toma de decisiones del municipio<\/strong><\/div>\n<div><\/div>\n<div>Por segundo a\u00f1o consecutivo el Ayuntamiento de Cuernavaca se prepara para la segunda edici\u00f3n del Cabildo Juvenil 2023, donde 13 ediles juveniles en pleno uso de sus derechos y obligaciones podr\u00e1n participar, opinar y proponer sobre temas de su inter\u00e9s, ya sea para plantear soluciones a problem\u00e1ticas que enfrenta este sector o para buscar mecanismos de oportunidad que mejoren su calidad de vida y con ello, lograr el mejoramiento y prosperidad del municipio, favoreciendo la inclusi\u00f3n.<\/div>\n<div><\/div>\n<div>El director general del Instituto de la Juventud de Cuernavaca, Arturo S\u00e1nchez Mart\u00ednez, explic\u00f3 que, de acuerdo con la convocatoria, cada uno de los ediles seleccionados gener\u00f3 una propuesta de soluci\u00f3n en vista de mejorar la comunidad donde viven relacionado con las funciones de la administraci\u00f3n municipal en temas como servicios p\u00fablicos, Ciencia y Tecnolog\u00eda, medio ambiente, desarrollo al emprendimiento, seguridad p\u00fablica y tr\u00e1nsito, derechos humanos, as\u00ed como promoci\u00f3n de arte, deporte, cultura, equidad de g\u00e9nero, tradiciones, salud y educaci\u00f3n.<\/div>\n<div><\/div>\n<div>Dentro de estas propuestas fueron votadas tres, las cuales ser\u00e1n presentadas en la instalaci\u00f3n del Cabildo Juvenil este pr\u00f3ximo viernes 11 de agosto ante el Cabildo constitucional de Cuernavaca encabezado por el presidente municipal, Jos\u00e9 Luis Uri\u00f3stegui Salgado, como parte de la conmemoraci\u00f3n del D\u00eda Internacional de la Juventud.<\/div>\n<div><\/div>\n<div>No obstante, Arturo S\u00e1nchez resalt\u00f3 que, las 13 propuestas ser\u00e1n vinculadas a las comisiones correspondientes dentro del Ayuntamiento con el prop\u00f3sito de darles seguimiento, buscando en todo momento los canales y procesos para que sean implementadas en las pol\u00edticas p\u00fablicas municipales; adem\u00e1s realizar\u00e1n asambleas mensuales donde los ediles juveniles seguir\u00e1n gobernando propuestas y actividades en beneficio de sus colonias y las comunidades juveniles que representan.<\/div>\n<div><\/div>\n<div>Destac\u00f3 que con este ejercicio el Ayuntamiento de Cuernavaca sigue posicion\u00e1ndose a la vanguardia en materia de participaci\u00f3n ciudadana, siendo el primer municipio en el estado en crear este espacio que propicia la formaci\u00f3n c\u00edvica y democr\u00e1tica de las juventudes, que este a\u00f1o tendr\u00e1 verificativo a las 10:00 horas en el patio del Museo de la Ciudad de Cuernavaca y se podr\u00e1 seguir a trav\u00e9s de las redes sociales del municipio de Cuernavaca.<\/div>\n<div><\/div>\n<div>S\u00e1nchez Mart\u00ednez invit\u00f3 a los j\u00f3venes cuernavacenses a sumarse a las actividades y programas que realizan desde el Instituto de la Juventud de Cuernavaca, con el objetivo de impulsar su desarrollo integral creando espacios de sana convivencia que generen a la par mayores oportunidades personales y laborales, sum\u00e1ndose al renacer de la capital morelense.<\/div>\n<div><img loading=\"lazy\" class=\"alignnone size-medium wp-image-31337\" src=\"https:\/\/cuernavaca.gob.mx\/wp-content\/uploads\/2023\/08\/AYUNTAMIENTO-DE-CUERNAVACA-TIENE-TODO-LISTO-PARA-LA-SEGUNDA-EDICION-DEL-CABILDO-JUVENIL-2023-1-194x300.jpeg\" alt=\"\" width=\"194\" height=\"300\" srcset=\"https:\/\/cuernavaca.gob.mx\/wp-content\/uploads\/2023\/08\/AYUNTAMIENTO-DE-CUERNAVACA-TIENE-TODO-LISTO-PARA-LA-SEGUNDA-EDICION-DEL-CABILDO-JUVENIL-2023-1-194x300.jpeg 194w, https:\/\/cuernavaca.gob.mx\/wp-content\/uploads\/2023\/08\/AYUNTAMIENTO-DE-CUERNAVACA-TIENE-TODO-LISTO-PARA-LA-SEGUNDA-EDICION-DEL-CABILDO-JUVENIL-2023-1-388x600.jpeg 388w, https:\/\/cuernavaca.gob.mx\/wp-content\/uploads\/2023\/08\/AYUNTAMIENTO-DE-CUERNAVACA-TIENE-TODO-LISTO-PARA-LA-SEGUNDA-EDICION-DEL-CABILDO-JUVENIL-2023-1-362x560.jpeg 362w, https:\/\/cuernavaca.gob.mx\/wp-content\/uploads\/2023\/08\/AYUNTAMIENTO-DE-CUERNAVACA-TIENE-TODO-LISTO-PARA-LA-SEGUNDA-EDICION-DEL-CABILDO-JUVENIL-2023-1.jpeg 526w\" sizes=\"(max-width: 194px) 100vw, 194px\" \/> <img loading=\"lazy\" class=\"alignnone size-medium wp-image-31338\" src=\"https:\/\/cuernavaca.gob.mx\/wp-content\/uploads\/2023\/08\/AYUNTAMIENTO-DE-CUERNAVACA-TIENE-TODO-LISTO-PARA-LA-SEGUNDA-EDICION-DEL-CABILDO-JUVENIL-2023-2-300x300.jpeg\" alt=\"\" width=\"300\" height=\"300\" srcset=\"https:\/\/cuernavaca.gob.mx\/wp-content\/uploads\/2023\/08\/AYUNTAMIENTO-DE-CUERNAVACA-TIENE-TODO-LISTO-PARA-LA-SEGUNDA-EDICION-DEL-CABILDO-JUVENIL-2023-2-300x300.jpeg 300w, https:\/\/cuernavaca.gob.mx\/wp-content\/uploads\/2023\/08\/AYUNTAMIENTO-DE-CUERNAVACA-TIENE-TODO-LISTO-PARA-LA-SEGUNDA-EDICION-DEL-CABILDO-JUVENIL-2023-2-150x150.jpeg 150w, https:\/\/cuernavaca.gob.mx\/wp-content\/uploads\/2023\/08\/AYUNTAMIENTO-DE-CUERNAVACA-TIENE-TODO-LISTO-PARA-LA-SEGUNDA-EDICION-DEL-CABILDO-JUVENIL-2023-2.jpeg 526w\" sizes=\"(max-width: 300px) 100vw, 300px\" \/> <img loading=\"lazy\" class=\"alignnone size-medium wp-image-31339\" src=\"https:\/\/cuernavaca.gob.mx\/wp-content\/uploads\/2023\/08\/AYUNTAMIENTO-DE-CUERNAVACA-TIENE-TODO-LISTO-PARA-LA-SEGUNDA-EDICION-DEL-CABILDO-JUVENIL-2023-3-300x220.jpeg\" alt=\"\" width=\"300\" height=\"220\" srcset=\"https:\/\/cuernavaca.gob.mx\/wp-content\/uploads\/2023\/08\/AYUNTAMIENTO-DE-CUERNAVACA-TIENE-TODO-LISTO-PARA-LA-SEGUNDA-EDICION-DEL-CABILDO-JUVENIL-2023-3-300x220.jpeg 300w, https:\/\/cuernavaca.gob.mx\/wp-content\/uploads\/2023\/08\/AYUNTAMIENTO-DE-CUERNAVACA-TIENE-TODO-LISTO-PARA-LA-SEGUNDA-EDICION-DEL-CABILDO-JUVENIL-2023-3-1024x751.jpeg 1024w, https:\/\/cuernavaca.gob.mx\/wp-content\/uploads\/2023\/08\/AYUNTAMIENTO-DE-CUERNAVACA-TIENE-TODO-LISTO-PARA-LA-SEGUNDA-EDICION-DEL-CABILDO-JUVENIL-2023-3-768x563.jpeg 768w, https:\/\/cuernavaca.gob.mx\/wp-content\/uploads\/2023\/08\/AYUNTAMIENTO-DE-CUERNAVACA-TIENE-TODO-LISTO-PARA-LA-SEGUNDA-EDICION-DEL-CABILDO-JUVENIL-2023-3-600x440.jpeg 600w, https:\/\/cuernavaca.gob.mx\/wp-content\/uploads\/2023\/08\/AYUNTAMIENTO-DE-CUERNAVACA-TIENE-TODO-LISTO-PARA-LA-SEGUNDA-EDICION-DEL-CABILDO-JUVENIL-2023-3-560x410.jpeg 560w, https:\/\/cuernavaca.gob.mx\/wp-content\/uploads\/2023\/08\/AYUNTAMIENTO-DE-CUERNAVACA-TIENE-TODO-LISTO-PARA-LA-SEGUNDA-EDICION-DEL-CABILDO-JUVENIL-2023-3.jpeg 1090w\" sizes=\"(max-width: 300px) 100vw, 300px\" \/><\/div>\n","protected":false},"excerpt":{"rendered":"<p>\u2022 Este Cabildo est\u00e1 bajo la organizaci\u00f3n del Instituto de la Juventud de la Secretar\u00eda de Desarrollo Humano y Participaci\u00f3n social\u00a0 \u2022 La ciudad de Cuernavaca se posiciona a la vanguardia con la participaci\u00f3n de los distintos sectores de la sociedad en la toma de decisiones del municipio Por segundo a\u00f1o consecutivo el Ayuntamiento de [&hellip;]<\/p>\n","protected":false},"author":1,"featured_media":31337,"comment_status":"closed","ping_status":"open","sticky":false,"template":"","format":"standard","meta":[],"categories":[2624],"tags":[158,2065,121,120,166,206,1098],"aioseo_notices":[],"_links":{"self":[{"href":"https:\/\/cuernavaca.gob.mx\/index.php?rest_route=\/wp\/v2\/posts\/31336"}],"collection":[{"href":"https:\/\/cuernavaca.gob.mx\/index.php?rest_route=\/wp\/v2\/posts"}],"about":[{"href":"https:\/\/cuernavaca.gob.mx\/index.php?rest_route=\/wp\/v2\/types\/post"}],"author":[{"embeddable":true,"href":"https:\/\/cuernavaca.gob.mx\/index.php?rest_route=\/wp\/v2\/users\/1"}],"replies":[{"embeddable":true,"href":"https:\/\/cuernavaca.gob.mx\/index.php?rest_route=%2Fwp%2Fv2%2Fcomments&post=31336"}],"version-history":[{"count":1,"href":"https:\/\/cuernavaca.gob.mx\/index.php?rest_route=\/wp\/v2\/posts\/31336\/revisions"}],"predecessor-version":[{"id":31340,"href":"https:\/\/cuernavaca.gob.mx\/index.php?rest_route=\/wp\/v2\/posts\/31336\/revisions\/31340"}],"wp:featuredmedia":[{"embeddable":true,"href":"https:\/\/cuernavaca.gob.mx\/index.php?rest_route=\/wp\/v2\/media\/31337"}],"wp:attachment":[{"href":"https:\/\/cuernavaca.gob.mx\/index.php?rest_route=%2Fwp%2Fv2%2Fmedia&parent=31336"}],"wp:term":[{"taxonomy":"category","embeddable":true,"href":"https:\/\/cuernavaca.gob.mx\/index.php?rest_route=%2Fwp%2Fv2%2Fcategories&post=31336"},{"taxonomy":"post_tag","embeddable":true,"href":"https:\/\/cuernavaca.gob.mx\/index.php?rest_route=%2Fwp%2Fv2%2Ftags&post=31336"}],"curies":[{"name":"wp","href":"https:\/\/api.w.org\/{rel}","templated":true}]}}