{"id":31342,"date":"2023-08-09T19:30:41","date_gmt":"2023-08-10T01:30:41","guid":{"rendered":"https:\/\/cuernavaca.gob.mx\/?p=31342"},"modified":"2025-05-06T14:07:37","modified_gmt":"2025-05-06T20:07:37","slug":"b1194-09-08-23-visibiliza-cuernavaca-peticiones-de-la-comunidad-indigena-en-el-primer-cabildo-integrado-por-representantes-de-sus-pueblos-originarios","status":"publish","type":"post","link":"https:\/\/cuernavaca.gob.mx\/?p=31342","title":{"rendered":"B1194 09\/08\/23 VISIBILIZA CUERNAVACA PETICIONES DE LA COMUNIDAD IND\u00cdGENA EN EL PRIMER CABILDO INTEGRADO POR REPRESENTANTES DE SUS PUEBLOS ORIGINARIOS"},"content":{"rendered":"<div><strong>\u2022 En el marco del D\u00eda Internacional de los Pueblos Ind\u00edgenas, el Cabildo encabezado por Jos\u00e9 Luis Uri\u00f3stegui dio la bienvenida a representantes \u00e9tnicos de la ciudad capital\u00a0<\/strong><\/div>\n<div><\/div>\n<div><strong>\u2022 Estuvo como invitada especial la gobernadora nacional de los pueblos originarios, Candelaria L\u00e1zaro y se precis\u00f3 que se llevar\u00e1n a cabo sesiones semestrales para dar seguimiento a las propuestas expuestas<\/strong><\/div>\n<div><\/div>\n<div><\/div>\n<div>Con un llamado a evitar seguir utilizando las tradiciones, desde vestimentas hasta bastones de mando, para fines pol\u00edticos que benefician a intereses personales, dejando de lado discursos a favor de las comunidades ind\u00edgenas que solo son superficiales, la gobernadora nacional de los pueblos originarios, Candelaria L\u00e1zaro L\u00e1zaro, aplaudi\u00f3 y reconoci\u00f3 la voluntad y apertura del Ayuntamiento de Cuernavaca para celebrar el primer Cabildo Ind\u00edgena en el estado de Morelos.<\/div>\n<div><\/div>\n<div>En el marco del D\u00eda Internacional de los Pueblos Ind\u00edgenas, el Museo de la Ciudad fue escenario de este ejercicio in\u00e9dito promovido por la regidora Wendi Salinas Ruiz, donde 14 ediles ind\u00edgenas de poblados como Santa Mar\u00eda Ahuacatitl\u00e1n, Ahuatepec, Ocotepec, Tlaltenango, Chamilpa, Tetela del Monte, San Ant\u00f3n y Buenavista del Monte, plantearon, acompa\u00f1ados del Cabildo Constitucional de Cuernavaca, distintas propuestas para mejorar las condiciones y la toma de decisiones que afectan su d\u00eda a d\u00eda, fomentando la inclusi\u00f3n y la generaci\u00f3n de gobiernos que tomen en cuenta todas las maneras de pensar.<\/div>\n<div><\/div>\n<div>Algunas de las propuestas fueron relacionadas a temas como el respeto de sus usos y costumbres por personas externas, la claridad en sus derechos pol\u00edtico- electorales, el impulso para la venta de sus artesan\u00edas y productos que se elaboran en los pueblos, espacios para servir, la publicaci\u00f3n de un folleto en lengua mexicana para aprender el idioma, la uni\u00f3n de los 12 pueblos, el rescate de las tradiciones, terminar con la discriminaci\u00f3n por vestimenta y el dominio masculino, y el apoyo a sus actividades culturales y art\u00edsticas que buscan reconstruir el tejido social.<\/div>\n<div><\/div>\n<div>Como parte de las exposiciones, el presidente municipal ind\u00edgena, Enrique Rodr\u00edguez P\u00e9rez, present\u00f3 el proyecto de la Federaci\u00f3n de los Pueblos Originarios Ind\u00edgenas que tiene como objetivo central la creaci\u00f3n de un espacio f\u00edsico que albergar\u00e1 la primera sede del Instituto Nacional de Atenci\u00f3n a los Pueblos Originarios, buscando promover el desarrollo sustentable y el empoderamiento de las comunidades ind\u00edgenas del pa\u00eds, reconociendo y respetando sus tradiciones, cosmovisiones y derechos.<\/div>\n<div><\/div>\n<div>Los integrantes del Cabildo Ind\u00edgena, as\u00ed como la gobernadora nacional de los pueblos originarios, Candelaria L\u00e1zaro, manifestaron su agradecimiento por la consolidaci\u00f3n de este tipo de espacios que demuestran con hechos el compromiso de la presente administraci\u00f3n municipal con la inclusi\u00f3n, respaldando y dando fuerza a las comunidades originarias de Cuernavaca, puntualizando que el Gobierno Municipal encabezado por Jos\u00e9 Luis Uri\u00f3stegui se ha destacado por fomentar desde un inicio la participaci\u00f3n ciudadana en la toma de decisiones.<\/div>\n<div><\/div>\n<div>Tras refrendar el apoyo a cada una de las propuestas en la medida de las capacidades de la administraci\u00f3n, el alcalde capitalino puntualiz\u00f3 que este ejercicio no se queda solo en una sesi\u00f3n, sino que se llevar\u00e1n a cabo sesiones semestrales de tal manera que se le d\u00e9 seguimiento a las propuestas y valorar las acciones concretas que se desprenden de todo lo que plantearon.<\/div>\n<div><\/div>\n<div>\u201cExpreso mi gratitud por todo lo que han expresado porque en cada una de las palabras de lo que se ha vertido aqu\u00ed, se encierran todos los saberes, la sabidur\u00eda y el deseo de trascendencia y mejora en el trato en todos los sentidos y a eso nos comprometemos\u201d, acot\u00f3.<\/div>\n<div><\/div>\n<div>Al uso de la palabra, la regidora ind\u00edgena, Wendi Salinas, asever\u00f3 la trascendencia que tendr\u00e1 el Cabildo Ind\u00edgena en la historia de Cuernavaca, puesto que, si bien se hablaba de la identidad y ra\u00edces de las comunidades originarias, nunca de tomar en cuenta y crear un espacio para que sus opiniones fueran escuchadas y se conviertan en acciones reales para su beneficio.<\/div>\n<div><\/div>\n<div>La s\u00edndica municipal, Ver\u00f3nica Atenco P\u00e9rez, y los regidores V\u00edctor Manzo God\u00ednez, Mireya Delgado Romero, Debendrenath Salazar Solorio, Fernando Carrillo Alvarado, y Christian P\u00e9rez Jaimes, tomaron el uso de la palabra para celebrar la organizaci\u00f3n del Cabildo Ind\u00edgena, reiterando su respaldo incondicional con los 12 pueblos originarios de la ciudad.<\/div>\n<div><\/div>\n<div><img loading=\"lazy\" class=\"alignnone size-medium wp-image-31343\" src=\"https:\/\/cuernavaca.gob.mx\/wp-content\/uploads\/2023\/08\/VISIBILIZA-CUERNAVACA-PETICIONES-DE-LA-COMUNIDAD-INDIGENA-EN-EL-PRIMER-CABILDO-INTEGRADO-POR-REPRESENTANTES-DE-SUS-PUEBLOS-ORIGINARIOS-1-300x200.jpeg\" alt=\"\" width=\"300\" height=\"200\" srcset=\"https:\/\/cuernavaca.gob.mx\/wp-content\/uploads\/2023\/08\/VISIBILIZA-CUERNAVACA-PETICIONES-DE-LA-COMUNIDAD-INDIGENA-EN-EL-PRIMER-CABILDO-INTEGRADO-POR-REPRESENTANTES-DE-SUS-PUEBLOS-ORIGINARIOS-1-300x200.jpeg 300w, https:\/\/cuernavaca.gob.mx\/wp-content\/uploads\/2023\/08\/VISIBILIZA-CUERNAVACA-PETICIONES-DE-LA-COMUNIDAD-INDIGENA-EN-EL-PRIMER-CABILDO-INTEGRADO-POR-REPRESENTANTES-DE-SUS-PUEBLOS-ORIGINARIOS-1-1024x682.jpeg 1024w, https:\/\/cuernavaca.gob.mx\/wp-content\/uploads\/2023\/08\/VISIBILIZA-CUERNAVACA-PETICIONES-DE-LA-COMUNIDAD-INDIGENA-EN-EL-PRIMER-CABILDO-INTEGRADO-POR-REPRESENTANTES-DE-SUS-PUEBLOS-ORIGINARIOS-1-768x512.jpeg 768w, https:\/\/cuernavaca.gob.mx\/wp-content\/uploads\/2023\/08\/VISIBILIZA-CUERNAVACA-PETICIONES-DE-LA-COMUNIDAD-INDIGENA-EN-EL-PRIMER-CABILDO-INTEGRADO-POR-REPRESENTANTES-DE-SUS-PUEBLOS-ORIGINARIOS-1-1536x1023.jpeg 1536w, https:\/\/cuernavaca.gob.mx\/wp-content\/uploads\/2023\/08\/VISIBILIZA-CUERNAVACA-PETICIONES-DE-LA-COMUNIDAD-INDIGENA-EN-EL-PRIMER-CABILDO-INTEGRADO-POR-REPRESENTANTES-DE-SUS-PUEBLOS-ORIGINARIOS-1-600x400.jpeg 600w, https:\/\/cuernavaca.gob.mx\/wp-content\/uploads\/2023\/08\/VISIBILIZA-CUERNAVACA-PETICIONES-DE-LA-COMUNIDAD-INDIGENA-EN-EL-PRIMER-CABILDO-INTEGRADO-POR-REPRESENTANTES-DE-SUS-PUEBLOS-ORIGINARIOS-1-560x373.jpeg 560w, https:\/\/cuernavaca.gob.mx\/wp-content\/uploads\/2023\/08\/VISIBILIZA-CUERNAVACA-PETICIONES-DE-LA-COMUNIDAD-INDIGENA-EN-EL-PRIMER-CABILDO-INTEGRADO-POR-REPRESENTANTES-DE-SUS-PUEBLOS-ORIGINARIOS-1.jpeg 1600w\" sizes=\"(max-width: 300px) 100vw, 300px\" \/> <img loading=\"lazy\" class=\"alignnone size-medium wp-image-31344\" src=\"https:\/\/cuernavaca.gob.mx\/wp-content\/uploads\/2023\/08\/VISIBILIZA-CUERNAVACA-PETICIONES-DE-LA-COMUNIDAD-INDIGENA-EN-EL-PRIMER-CABILDO-INTEGRADO-POR-REPRESENTANTES-DE-SUS-PUEBLOS-ORIGINARIOS-2-300x200.jpeg\" alt=\"\" width=\"300\" height=\"200\" srcset=\"https:\/\/cuernavaca.gob.mx\/wp-content\/uploads\/2023\/08\/VISIBILIZA-CUERNAVACA-PETICIONES-DE-LA-COMUNIDAD-INDIGENA-EN-EL-PRIMER-CABILDO-INTEGRADO-POR-REPRESENTANTES-DE-SUS-PUEBLOS-ORIGINARIOS-2-300x200.jpeg 300w, https:\/\/cuernavaca.gob.mx\/wp-content\/uploads\/2023\/08\/VISIBILIZA-CUERNAVACA-PETICIONES-DE-LA-COMUNIDAD-INDIGENA-EN-EL-PRIMER-CABILDO-INTEGRADO-POR-REPRESENTANTES-DE-SUS-PUEBLOS-ORIGINARIOS-2-1024x682.jpeg 1024w, https:\/\/cuernavaca.gob.mx\/wp-content\/uploads\/2023\/08\/VISIBILIZA-CUERNAVACA-PETICIONES-DE-LA-COMUNIDAD-INDIGENA-EN-EL-PRIMER-CABILDO-INTEGRADO-POR-REPRESENTANTES-DE-SUS-PUEBLOS-ORIGINARIOS-2-768x512.jpeg 768w, https:\/\/cuernavaca.gob.mx\/wp-content\/uploads\/2023\/08\/VISIBILIZA-CUERNAVACA-PETICIONES-DE-LA-COMUNIDAD-INDIGENA-EN-EL-PRIMER-CABILDO-INTEGRADO-POR-REPRESENTANTES-DE-SUS-PUEBLOS-ORIGINARIOS-2-1536x1023.jpeg 1536w, https:\/\/cuernavaca.gob.mx\/wp-content\/uploads\/2023\/08\/VISIBILIZA-CUERNAVACA-PETICIONES-DE-LA-COMUNIDAD-INDIGENA-EN-EL-PRIMER-CABILDO-INTEGRADO-POR-REPRESENTANTES-DE-SUS-PUEBLOS-ORIGINARIOS-2-600x400.jpeg 600w, https:\/\/cuernavaca.gob.mx\/wp-content\/uploads\/2023\/08\/VISIBILIZA-CUERNAVACA-PETICIONES-DE-LA-COMUNIDAD-INDIGENA-EN-EL-PRIMER-CABILDO-INTEGRADO-POR-REPRESENTANTES-DE-SUS-PUEBLOS-ORIGINARIOS-2-560x373.jpeg 560w, https:\/\/cuernavaca.gob.mx\/wp-content\/uploads\/2023\/08\/VISIBILIZA-CUERNAVACA-PETICIONES-DE-LA-COMUNIDAD-INDIGENA-EN-EL-PRIMER-CABILDO-INTEGRADO-POR-REPRESENTANTES-DE-SUS-PUEBLOS-ORIGINARIOS-2.jpeg 1600w\" sizes=\"(max-width: 300px) 100vw, 300px\" \/> <img loading=\"lazy\" class=\"alignnone size-medium wp-image-31345\" src=\"https:\/\/cuernavaca.gob.mx\/wp-content\/uploads\/2023\/08\/VISIBILIZA-CUERNAVACA-PETICIONES-DE-LA-COMUNIDAD-INDIGENA-EN-EL-PRIMER-CABILDO-INTEGRADO-POR-REPRESENTANTES-DE-SUS-PUEBLOS-ORIGINARIOS-3-300x200.jpeg\" alt=\"\" width=\"300\" height=\"200\" srcset=\"https:\/\/cuernavaca.gob.mx\/wp-content\/uploads\/2023\/08\/VISIBILIZA-CUERNAVACA-PETICIONES-DE-LA-COMUNIDAD-INDIGENA-EN-EL-PRIMER-CABILDO-INTEGRADO-POR-REPRESENTANTES-DE-SUS-PUEBLOS-ORIGINARIOS-3-300x200.jpeg 300w, https:\/\/cuernavaca.gob.mx\/wp-content\/uploads\/2023\/08\/VISIBILIZA-CUERNAVACA-PETICIONES-DE-LA-COMUNIDAD-INDIGENA-EN-EL-PRIMER-CABILDO-INTEGRADO-POR-REPRESENTANTES-DE-SUS-PUEBLOS-ORIGINARIOS-3-1024x682.jpeg 1024w, https:\/\/cuernavaca.gob.mx\/wp-content\/uploads\/2023\/08\/VISIBILIZA-CUERNAVACA-PETICIONES-DE-LA-COMUNIDAD-INDIGENA-EN-EL-PRIMER-CABILDO-INTEGRADO-POR-REPRESENTANTES-DE-SUS-PUEBLOS-ORIGINARIOS-3-768x512.jpeg 768w, https:\/\/cuernavaca.gob.mx\/wp-content\/uploads\/2023\/08\/VISIBILIZA-CUERNAVACA-PETICIONES-DE-LA-COMUNIDAD-INDIGENA-EN-EL-PRIMER-CABILDO-INTEGRADO-POR-REPRESENTANTES-DE-SUS-PUEBLOS-ORIGINARIOS-3-1536x1023.jpeg 1536w, https:\/\/cuernavaca.gob.mx\/wp-content\/uploads\/2023\/08\/VISIBILIZA-CUERNAVACA-PETICIONES-DE-LA-COMUNIDAD-INDIGENA-EN-EL-PRIMER-CABILDO-INTEGRADO-POR-REPRESENTANTES-DE-SUS-PUEBLOS-ORIGINARIOS-3-600x400.jpeg 600w, https:\/\/cuernavaca.gob.mx\/wp-content\/uploads\/2023\/08\/VISIBILIZA-CUERNAVACA-PETICIONES-DE-LA-COMUNIDAD-INDIGENA-EN-EL-PRIMER-CABILDO-INTEGRADO-POR-REPRESENTANTES-DE-SUS-PUEBLOS-ORIGINARIOS-3-560x373.jpeg 560w, https:\/\/cuernavaca.gob.mx\/wp-content\/uploads\/2023\/08\/VISIBILIZA-CUERNAVACA-PETICIONES-DE-LA-COMUNIDAD-INDIGENA-EN-EL-PRIMER-CABILDO-INTEGRADO-POR-REPRESENTANTES-DE-SUS-PUEBLOS-ORIGINARIOS-3.jpeg 1600w\" sizes=\"(max-width: 300px) 100vw, 300px\" \/> <img loading=\"lazy\" class=\"alignnone size-medium wp-image-31346\" src=\"https:\/\/cuernavaca.gob.mx\/wp-content\/uploads\/2023\/08\/VISIBILIZA-CUERNAVACA-PETICIONES-DE-LA-COMUNIDAD-INDIGENA-EN-EL-PRIMER-CABILDO-INTEGRADO-POR-REPRESENTANTES-DE-SUS-PUEBLOS-ORIGINARIOS-4-300x200.jpeg\" alt=\"\" width=\"300\" height=\"200\" srcset=\"https:\/\/cuernavaca.gob.mx\/wp-content\/uploads\/2023\/08\/VISIBILIZA-CUERNAVACA-PETICIONES-DE-LA-COMUNIDAD-INDIGENA-EN-EL-PRIMER-CABILDO-INTEGRADO-POR-REPRESENTANTES-DE-SUS-PUEBLOS-ORIGINARIOS-4-300x200.jpeg 300w, https:\/\/cuernavaca.gob.mx\/wp-content\/uploads\/2023\/08\/VISIBILIZA-CUERNAVACA-PETICIONES-DE-LA-COMUNIDAD-INDIGENA-EN-EL-PRIMER-CABILDO-INTEGRADO-POR-REPRESENTANTES-DE-SUS-PUEBLOS-ORIGINARIOS-4-1024x682.jpeg 1024w, https:\/\/cuernavaca.gob.mx\/wp-content\/uploads\/2023\/08\/VISIBILIZA-CUERNAVACA-PETICIONES-DE-LA-COMUNIDAD-INDIGENA-EN-EL-PRIMER-CABILDO-INTEGRADO-POR-REPRESENTANTES-DE-SUS-PUEBLOS-ORIGINARIOS-4-768x512.jpeg 768w, https:\/\/cuernavaca.gob.mx\/wp-content\/uploads\/2023\/08\/VISIBILIZA-CUERNAVACA-PETICIONES-DE-LA-COMUNIDAD-INDIGENA-EN-EL-PRIMER-CABILDO-INTEGRADO-POR-REPRESENTANTES-DE-SUS-PUEBLOS-ORIGINARIOS-4-1536x1023.jpeg 1536w, https:\/\/cuernavaca.gob.mx\/wp-content\/uploads\/2023\/08\/VISIBILIZA-CUERNAVACA-PETICIONES-DE-LA-COMUNIDAD-INDIGENA-EN-EL-PRIMER-CABILDO-INTEGRADO-POR-REPRESENTANTES-DE-SUS-PUEBLOS-ORIGINARIOS-4-600x400.jpeg 600w, https:\/\/cuernavaca.gob.mx\/wp-content\/uploads\/2023\/08\/VISIBILIZA-CUERNAVACA-PETICIONES-DE-LA-COMUNIDAD-INDIGENA-EN-EL-PRIMER-CABILDO-INTEGRADO-POR-REPRESENTANTES-DE-SUS-PUEBLOS-ORIGINARIOS-4-560x373.jpeg 560w, https:\/\/cuernavaca.gob.mx\/wp-content\/uploads\/2023\/08\/VISIBILIZA-CUERNAVACA-PETICIONES-DE-LA-COMUNIDAD-INDIGENA-EN-EL-PRIMER-CABILDO-INTEGRADO-POR-REPRESENTANTES-DE-SUS-PUEBLOS-ORIGINARIOS-4.jpeg 1600w\" sizes=\"(max-width: 300px) 100vw, 300px\" \/> <img loading=\"lazy\" class=\"alignnone size-medium wp-image-31347\" src=\"https:\/\/cuernavaca.gob.mx\/wp-content\/uploads\/2023\/08\/VISIBILIZA-CUERNAVACA-PETICIONES-DE-LA-COMUNIDAD-INDIGENA-EN-EL-PRIMER-CABILDO-INTEGRADO-POR-REPRESENTANTES-DE-SUS-PUEBLOS-ORIGINARIOS-5-300x200.jpeg\" alt=\"\" width=\"300\" height=\"200\" srcset=\"https:\/\/cuernavaca.gob.mx\/wp-content\/uploads\/2023\/08\/VISIBILIZA-CUERNAVACA-PETICIONES-DE-LA-COMUNIDAD-INDIGENA-EN-EL-PRIMER-CABILDO-INTEGRADO-POR-REPRESENTANTES-DE-SUS-PUEBLOS-ORIGINARIOS-5-300x200.jpeg 300w, https:\/\/cuernavaca.gob.mx\/wp-content\/uploads\/2023\/08\/VISIBILIZA-CUERNAVACA-PETICIONES-DE-LA-COMUNIDAD-INDIGENA-EN-EL-PRIMER-CABILDO-INTEGRADO-POR-REPRESENTANTES-DE-SUS-PUEBLOS-ORIGINARIOS-5-1024x682.jpeg 1024w, https:\/\/cuernavaca.gob.mx\/wp-content\/uploads\/2023\/08\/VISIBILIZA-CUERNAVACA-PETICIONES-DE-LA-COMUNIDAD-INDIGENA-EN-EL-PRIMER-CABILDO-INTEGRADO-POR-REPRESENTANTES-DE-SUS-PUEBLOS-ORIGINARIOS-5-768x512.jpeg 768w, https:\/\/cuernavaca.gob.mx\/wp-content\/uploads\/2023\/08\/VISIBILIZA-CUERNAVACA-PETICIONES-DE-LA-COMUNIDAD-INDIGENA-EN-EL-PRIMER-CABILDO-INTEGRADO-POR-REPRESENTANTES-DE-SUS-PUEBLOS-ORIGINARIOS-5-1536x1023.jpeg 1536w, https:\/\/cuernavaca.gob.mx\/wp-content\/uploads\/2023\/08\/VISIBILIZA-CUERNAVACA-PETICIONES-DE-LA-COMUNIDAD-INDIGENA-EN-EL-PRIMER-CABILDO-INTEGRADO-POR-REPRESENTANTES-DE-SUS-PUEBLOS-ORIGINARIOS-5-600x400.jpeg 600w, https:\/\/cuernavaca.gob.mx\/wp-content\/uploads\/2023\/08\/VISIBILIZA-CUERNAVACA-PETICIONES-DE-LA-COMUNIDAD-INDIGENA-EN-EL-PRIMER-CABILDO-INTEGRADO-POR-REPRESENTANTES-DE-SUS-PUEBLOS-ORIGINARIOS-5-560x373.jpeg 560w, https:\/\/cuernavaca.gob.mx\/wp-content\/uploads\/2023\/08\/VISIBILIZA-CUERNAVACA-PETICIONES-DE-LA-COMUNIDAD-INDIGENA-EN-EL-PRIMER-CABILDO-INTEGRADO-POR-REPRESENTANTES-DE-SUS-PUEBLOS-ORIGINARIOS-5.jpeg 1600w\" sizes=\"(max-width: 300px) 100vw, 300px\" \/> <img loading=\"lazy\" class=\"alignnone size-medium wp-image-31348\" src=\"https:\/\/cuernavaca.gob.mx\/wp-content\/uploads\/2023\/08\/VISIBILIZA-CUERNAVACA-PETICIONES-DE-LA-COMUNIDAD-INDIGENA-EN-EL-PRIMER-CABILDO-INTEGRADO-POR-REPRESENTANTES-DE-SUS-PUEBLOS-ORIGINARIOS-6-300x200.jpeg\" alt=\"\" width=\"300\" height=\"200\" srcset=\"https:\/\/cuernavaca.gob.mx\/wp-content\/uploads\/2023\/08\/VISIBILIZA-CUERNAVACA-PETICIONES-DE-LA-COMUNIDAD-INDIGENA-EN-EL-PRIMER-CABILDO-INTEGRADO-POR-REPRESENTANTES-DE-SUS-PUEBLOS-ORIGINARIOS-6-300x200.jpeg 300w, https:\/\/cuernavaca.gob.mx\/wp-content\/uploads\/2023\/08\/VISIBILIZA-CUERNAVACA-PETICIONES-DE-LA-COMUNIDAD-INDIGENA-EN-EL-PRIMER-CABILDO-INTEGRADO-POR-REPRESENTANTES-DE-SUS-PUEBLOS-ORIGINARIOS-6-1024x682.jpeg 1024w, https:\/\/cuernavaca.gob.mx\/wp-content\/uploads\/2023\/08\/VISIBILIZA-CUERNAVACA-PETICIONES-DE-LA-COMUNIDAD-INDIGENA-EN-EL-PRIMER-CABILDO-INTEGRADO-POR-REPRESENTANTES-DE-SUS-PUEBLOS-ORIGINARIOS-6-768x512.jpeg 768w, https:\/\/cuernavaca.gob.mx\/wp-content\/uploads\/2023\/08\/VISIBILIZA-CUERNAVACA-PETICIONES-DE-LA-COMUNIDAD-INDIGENA-EN-EL-PRIMER-CABILDO-INTEGRADO-POR-REPRESENTANTES-DE-SUS-PUEBLOS-ORIGINARIOS-6-1536x1023.jpeg 1536w, https:\/\/cuernavaca.gob.mx\/wp-content\/uploads\/2023\/08\/VISIBILIZA-CUERNAVACA-PETICIONES-DE-LA-COMUNIDAD-INDIGENA-EN-EL-PRIMER-CABILDO-INTEGRADO-POR-REPRESENTANTES-DE-SUS-PUEBLOS-ORIGINARIOS-6-600x400.jpeg 600w, https:\/\/cuernavaca.gob.mx\/wp-content\/uploads\/2023\/08\/VISIBILIZA-CUERNAVACA-PETICIONES-DE-LA-COMUNIDAD-INDIGENA-EN-EL-PRIMER-CABILDO-INTEGRADO-POR-REPRESENTANTES-DE-SUS-PUEBLOS-ORIGINARIOS-6-560x373.jpeg 560w, https:\/\/cuernavaca.gob.mx\/wp-content\/uploads\/2023\/08\/VISIBILIZA-CUERNAVACA-PETICIONES-DE-LA-COMUNIDAD-INDIGENA-EN-EL-PRIMER-CABILDO-INTEGRADO-POR-REPRESENTANTES-DE-SUS-PUEBLOS-ORIGINARIOS-6.jpeg 1600w\" sizes=\"(max-width: 300px) 100vw, 300px\" \/> <img loading=\"lazy\" class=\"alignnone size-medium wp-image-31349\" src=\"https:\/\/cuernavaca.gob.mx\/wp-content\/uploads\/2023\/08\/VISIBILIZA-CUERNAVACA-PETICIONES-DE-LA-COMUNIDAD-INDIGENA-EN-EL-PRIMER-CABILDO-INTEGRADO-POR-REPRESENTANTES-DE-SUS-PUEBLOS-ORIGINARIOS-7-300x200.jpeg\" alt=\"\" width=\"300\" height=\"200\" srcset=\"https:\/\/cuernavaca.gob.mx\/wp-content\/uploads\/2023\/08\/VISIBILIZA-CUERNAVACA-PETICIONES-DE-LA-COMUNIDAD-INDIGENA-EN-EL-PRIMER-CABILDO-INTEGRADO-POR-REPRESENTANTES-DE-SUS-PUEBLOS-ORIGINARIOS-7-300x200.jpeg 300w, https:\/\/cuernavaca.gob.mx\/wp-content\/uploads\/2023\/08\/VISIBILIZA-CUERNAVACA-PETICIONES-DE-LA-COMUNIDAD-INDIGENA-EN-EL-PRIMER-CABILDO-INTEGRADO-POR-REPRESENTANTES-DE-SUS-PUEBLOS-ORIGINARIOS-7-1024x682.jpeg 1024w, https:\/\/cuernavaca.gob.mx\/wp-content\/uploads\/2023\/08\/VISIBILIZA-CUERNAVACA-PETICIONES-DE-LA-COMUNIDAD-INDIGENA-EN-EL-PRIMER-CABILDO-INTEGRADO-POR-REPRESENTANTES-DE-SUS-PUEBLOS-ORIGINARIOS-7-768x512.jpeg 768w, https:\/\/cuernavaca.gob.mx\/wp-content\/uploads\/2023\/08\/VISIBILIZA-CUERNAVACA-PETICIONES-DE-LA-COMUNIDAD-INDIGENA-EN-EL-PRIMER-CABILDO-INTEGRADO-POR-REPRESENTANTES-DE-SUS-PUEBLOS-ORIGINARIOS-7-1536x1023.jpeg 1536w, https:\/\/cuernavaca.gob.mx\/wp-content\/uploads\/2023\/08\/VISIBILIZA-CUERNAVACA-PETICIONES-DE-LA-COMUNIDAD-INDIGENA-EN-EL-PRIMER-CABILDO-INTEGRADO-POR-REPRESENTANTES-DE-SUS-PUEBLOS-ORIGINARIOS-7-600x400.jpeg 600w, https:\/\/cuernavaca.gob.mx\/wp-content\/uploads\/2023\/08\/VISIBILIZA-CUERNAVACA-PETICIONES-DE-LA-COMUNIDAD-INDIGENA-EN-EL-PRIMER-CABILDO-INTEGRADO-POR-REPRESENTANTES-DE-SUS-PUEBLOS-ORIGINARIOS-7-560x373.jpeg 560w, https:\/\/cuernavaca.gob.mx\/wp-content\/uploads\/2023\/08\/VISIBILIZA-CUERNAVACA-PETICIONES-DE-LA-COMUNIDAD-INDIGENA-EN-EL-PRIMER-CABILDO-INTEGRADO-POR-REPRESENTANTES-DE-SUS-PUEBLOS-ORIGINARIOS-7.jpeg 1600w\" sizes=\"(max-width: 300px) 100vw, 300px\" \/> <img loading=\"lazy\" class=\"alignnone size-medium wp-image-31350\" src=\"https:\/\/cuernavaca.gob.mx\/wp-content\/uploads\/2023\/08\/VISIBILIZA-CUERNAVACA-PETICIONES-DE-LA-COMUNIDAD-INDIGENA-EN-EL-PRIMER-CABILDO-INTEGRADO-POR-REPRESENTANTES-DE-SUS-PUEBLOS-ORIGINARIOS-8-300x200.jpeg\" alt=\"\" width=\"300\" height=\"200\" srcset=\"https:\/\/cuernavaca.gob.mx\/wp-content\/uploads\/2023\/08\/VISIBILIZA-CUERNAVACA-PETICIONES-DE-LA-COMUNIDAD-INDIGENA-EN-EL-PRIMER-CABILDO-INTEGRADO-POR-REPRESENTANTES-DE-SUS-PUEBLOS-ORIGINARIOS-8-300x200.jpeg 300w, https:\/\/cuernavaca.gob.mx\/wp-content\/uploads\/2023\/08\/VISIBILIZA-CUERNAVACA-PETICIONES-DE-LA-COMUNIDAD-INDIGENA-EN-EL-PRIMER-CABILDO-INTEGRADO-POR-REPRESENTANTES-DE-SUS-PUEBLOS-ORIGINARIOS-8-1024x682.jpeg 1024w, https:\/\/cuernavaca.gob.mx\/wp-content\/uploads\/2023\/08\/VISIBILIZA-CUERNAVACA-PETICIONES-DE-LA-COMUNIDAD-INDIGENA-EN-EL-PRIMER-CABILDO-INTEGRADO-POR-REPRESENTANTES-DE-SUS-PUEBLOS-ORIGINARIOS-8-768x512.jpeg 768w, https:\/\/cuernavaca.gob.mx\/wp-content\/uploads\/2023\/08\/VISIBILIZA-CUERNAVACA-PETICIONES-DE-LA-COMUNIDAD-INDIGENA-EN-EL-PRIMER-CABILDO-INTEGRADO-POR-REPRESENTANTES-DE-SUS-PUEBLOS-ORIGINARIOS-8-1536x1023.jpeg 1536w, https:\/\/cuernavaca.gob.mx\/wp-content\/uploads\/2023\/08\/VISIBILIZA-CUERNAVACA-PETICIONES-DE-LA-COMUNIDAD-INDIGENA-EN-EL-PRIMER-CABILDO-INTEGRADO-POR-REPRESENTANTES-DE-SUS-PUEBLOS-ORIGINARIOS-8-600x400.jpeg 600w, https:\/\/cuernavaca.gob.mx\/wp-content\/uploads\/2023\/08\/VISIBILIZA-CUERNAVACA-PETICIONES-DE-LA-COMUNIDAD-INDIGENA-EN-EL-PRIMER-CABILDO-INTEGRADO-POR-REPRESENTANTES-DE-SUS-PUEBLOS-ORIGINARIOS-8-560x373.jpeg 560w, https:\/\/cuernavaca.gob.mx\/wp-content\/uploads\/2023\/08\/VISIBILIZA-CUERNAVACA-PETICIONES-DE-LA-COMUNIDAD-INDIGENA-EN-EL-PRIMER-CABILDO-INTEGRADO-POR-REPRESENTANTES-DE-SUS-PUEBLOS-ORIGINARIOS-8.jpeg 1600w\" sizes=\"(max-width: 300px) 100vw, 300px\" \/> <img loading=\"lazy\" class=\"alignnone size-medium wp-image-31351\" src=\"https:\/\/cuernavaca.gob.mx\/wp-content\/uploads\/2023\/08\/VISIBILIZA-CUERNAVACA-PETICIONES-DE-LA-COMUNIDAD-INDIGENA-EN-EL-PRIMER-CABILDO-INTEGRADO-POR-REPRESENTANTES-DE-SUS-PUEBLOS-ORIGINARIOS-9-300x200.jpeg\" alt=\"\" width=\"300\" height=\"200\" srcset=\"https:\/\/cuernavaca.gob.mx\/wp-content\/uploads\/2023\/08\/VISIBILIZA-CUERNAVACA-PETICIONES-DE-LA-COMUNIDAD-INDIGENA-EN-EL-PRIMER-CABILDO-INTEGRADO-POR-REPRESENTANTES-DE-SUS-PUEBLOS-ORIGINARIOS-9-300x200.jpeg 300w, https:\/\/cuernavaca.gob.mx\/wp-content\/uploads\/2023\/08\/VISIBILIZA-CUERNAVACA-PETICIONES-DE-LA-COMUNIDAD-INDIGENA-EN-EL-PRIMER-CABILDO-INTEGRADO-POR-REPRESENTANTES-DE-SUS-PUEBLOS-ORIGINARIOS-9-1024x682.jpeg 1024w, https:\/\/cuernavaca.gob.mx\/wp-content\/uploads\/2023\/08\/VISIBILIZA-CUERNAVACA-PETICIONES-DE-LA-COMUNIDAD-INDIGENA-EN-EL-PRIMER-CABILDO-INTEGRADO-POR-REPRESENTANTES-DE-SUS-PUEBLOS-ORIGINARIOS-9-768x512.jpeg 768w, https:\/\/cuernavaca.gob.mx\/wp-content\/uploads\/2023\/08\/VISIBILIZA-CUERNAVACA-PETICIONES-DE-LA-COMUNIDAD-INDIGENA-EN-EL-PRIMER-CABILDO-INTEGRADO-POR-REPRESENTANTES-DE-SUS-PUEBLOS-ORIGINARIOS-9-1536x1023.jpeg 1536w, https:\/\/cuernavaca.gob.mx\/wp-content\/uploads\/2023\/08\/VISIBILIZA-CUERNAVACA-PETICIONES-DE-LA-COMUNIDAD-INDIGENA-EN-EL-PRIMER-CABILDO-INTEGRADO-POR-REPRESENTANTES-DE-SUS-PUEBLOS-ORIGINARIOS-9-600x400.jpeg 600w, https:\/\/cuernavaca.gob.mx\/wp-content\/uploads\/2023\/08\/VISIBILIZA-CUERNAVACA-PETICIONES-DE-LA-COMUNIDAD-INDIGENA-EN-EL-PRIMER-CABILDO-INTEGRADO-POR-REPRESENTANTES-DE-SUS-PUEBLOS-ORIGINARIOS-9-560x373.jpeg 560w, https:\/\/cuernavaca.gob.mx\/wp-content\/uploads\/2023\/08\/VISIBILIZA-CUERNAVACA-PETICIONES-DE-LA-COMUNIDAD-INDIGENA-EN-EL-PRIMER-CABILDO-INTEGRADO-POR-REPRESENTANTES-DE-SUS-PUEBLOS-ORIGINARIOS-9.jpeg 1600w\" sizes=\"(max-width: 300px) 100vw, 300px\" \/> <img loading=\"lazy\" class=\"alignnone size-medium wp-image-31352\" src=\"https:\/\/cuernavaca.gob.mx\/wp-content\/uploads\/2023\/08\/VISIBILIZA-CUERNAVACA-PETICIONES-DE-LA-COMUNIDAD-INDIGENA-EN-EL-PRIMER-CABILDO-INTEGRADO-POR-REPRESENTANTES-DE-SUS-PUEBLOS-ORIGINARIOS-10-300x169.jpeg\" alt=\"\" width=\"300\" height=\"169\" srcset=\"https:\/\/cuernavaca.gob.mx\/wp-content\/uploads\/2023\/08\/VISIBILIZA-CUERNAVACA-PETICIONES-DE-LA-COMUNIDAD-INDIGENA-EN-EL-PRIMER-CABILDO-INTEGRADO-POR-REPRESENTANTES-DE-SUS-PUEBLOS-ORIGINARIOS-10-300x169.jpeg 300w, https:\/\/cuernavaca.gob.mx\/wp-content\/uploads\/2023\/08\/VISIBILIZA-CUERNAVACA-PETICIONES-DE-LA-COMUNIDAD-INDIGENA-EN-EL-PRIMER-CABILDO-INTEGRADO-POR-REPRESENTANTES-DE-SUS-PUEBLOS-ORIGINARIOS-10-1024x576.jpeg 1024w, https:\/\/cuernavaca.gob.mx\/wp-content\/uploads\/2023\/08\/VISIBILIZA-CUERNAVACA-PETICIONES-DE-LA-COMUNIDAD-INDIGENA-EN-EL-PRIMER-CABILDO-INTEGRADO-POR-REPRESENTANTES-DE-SUS-PUEBLOS-ORIGINARIOS-10-768x432.jpeg 768w, https:\/\/cuernavaca.gob.mx\/wp-content\/uploads\/2023\/08\/VISIBILIZA-CUERNAVACA-PETICIONES-DE-LA-COMUNIDAD-INDIGENA-EN-EL-PRIMER-CABILDO-INTEGRADO-POR-REPRESENTANTES-DE-SUS-PUEBLOS-ORIGINARIOS-10-1536x864.jpeg 1536w, https:\/\/cuernavaca.gob.mx\/wp-content\/uploads\/2023\/08\/VISIBILIZA-CUERNAVACA-PETICIONES-DE-LA-COMUNIDAD-INDIGENA-EN-EL-PRIMER-CABILDO-INTEGRADO-POR-REPRESENTANTES-DE-SUS-PUEBLOS-ORIGINARIOS-10-600x338.jpeg 600w, https:\/\/cuernavaca.gob.mx\/wp-content\/uploads\/2023\/08\/VISIBILIZA-CUERNAVACA-PETICIONES-DE-LA-COMUNIDAD-INDIGENA-EN-EL-PRIMER-CABILDO-INTEGRADO-POR-REPRESENTANTES-DE-SUS-PUEBLOS-ORIGINARIOS-10-560x315.jpeg 560w, https:\/\/cuernavaca.gob.mx\/wp-content\/uploads\/2023\/08\/VISIBILIZA-CUERNAVACA-PETICIONES-DE-LA-COMUNIDAD-INDIGENA-EN-EL-PRIMER-CABILDO-INTEGRADO-POR-REPRESENTANTES-DE-SUS-PUEBLOS-ORIGINARIOS-10.jpeg 1600w\" sizes=\"(max-width: 300px) 100vw, 300px\" \/> <img loading=\"lazy\" class=\"alignnone size-medium wp-image-31353\" src=\"https:\/\/cuernavaca.gob.mx\/wp-content\/uploads\/2023\/08\/VISIBILIZA-CUERNAVACA-PETICIONES-DE-LA-COMUNIDAD-INDIGENA-EN-EL-PRIMER-CABILDO-INTEGRADO-POR-REPRESENTANTES-DE-SUS-PUEBLOS-ORIGINARIOS-11-300x200.jpeg\" alt=\"\" width=\"300\" height=\"200\" srcset=\"https:\/\/cuernavaca.gob.mx\/wp-content\/uploads\/2023\/08\/VISIBILIZA-CUERNAVACA-PETICIONES-DE-LA-COMUNIDAD-INDIGENA-EN-EL-PRIMER-CABILDO-INTEGRADO-POR-REPRESENTANTES-DE-SUS-PUEBLOS-ORIGINARIOS-11-300x200.jpeg 300w, https:\/\/cuernavaca.gob.mx\/wp-content\/uploads\/2023\/08\/VISIBILIZA-CUERNAVACA-PETICIONES-DE-LA-COMUNIDAD-INDIGENA-EN-EL-PRIMER-CABILDO-INTEGRADO-POR-REPRESENTANTES-DE-SUS-PUEBLOS-ORIGINARIOS-11-1024x682.jpeg 1024w, https:\/\/cuernavaca.gob.mx\/wp-content\/uploads\/2023\/08\/VISIBILIZA-CUERNAVACA-PETICIONES-DE-LA-COMUNIDAD-INDIGENA-EN-EL-PRIMER-CABILDO-INTEGRADO-POR-REPRESENTANTES-DE-SUS-PUEBLOS-ORIGINARIOS-11-768x512.jpeg 768w, https:\/\/cuernavaca.gob.mx\/wp-content\/uploads\/2023\/08\/VISIBILIZA-CUERNAVACA-PETICIONES-DE-LA-COMUNIDAD-INDIGENA-EN-EL-PRIMER-CABILDO-INTEGRADO-POR-REPRESENTANTES-DE-SUS-PUEBLOS-ORIGINARIOS-11-1536x1023.jpeg 1536w, https:\/\/cuernavaca.gob.mx\/wp-content\/uploads\/2023\/08\/VISIBILIZA-CUERNAVACA-PETICIONES-DE-LA-COMUNIDAD-INDIGENA-EN-EL-PRIMER-CABILDO-INTEGRADO-POR-REPRESENTANTES-DE-SUS-PUEBLOS-ORIGINARIOS-11-600x400.jpeg 600w, https:\/\/cuernavaca.gob.mx\/wp-content\/uploads\/2023\/08\/VISIBILIZA-CUERNAVACA-PETICIONES-DE-LA-COMUNIDAD-INDIGENA-EN-EL-PRIMER-CABILDO-INTEGRADO-POR-REPRESENTANTES-DE-SUS-PUEBLOS-ORIGINARIOS-11-560x373.jpeg 560w, https:\/\/cuernavaca.gob.mx\/wp-content\/uploads\/2023\/08\/VISIBILIZA-CUERNAVACA-PETICIONES-DE-LA-COMUNIDAD-INDIGENA-EN-EL-PRIMER-CABILDO-INTEGRADO-POR-REPRESENTANTES-DE-SUS-PUEBLOS-ORIGINARIOS-11.jpeg 1600w\" sizes=\"(max-width: 300px) 100vw, 300px\" \/> <img loading=\"lazy\" class=\"alignnone size-medium wp-image-31354\" src=\"https:\/\/cuernavaca.gob.mx\/wp-content\/uploads\/2023\/08\/VISIBILIZA-CUERNAVACA-PETICIONES-DE-LA-COMUNIDAD-INDIGENA-EN-EL-PRIMER-CABILDO-INTEGRADO-POR-REPRESENTANTES-DE-SUS-PUEBLOS-ORIGINARIOS-12-300x200.jpeg\" alt=\"\" width=\"300\" height=\"200\" srcset=\"https:\/\/cuernavaca.gob.mx\/wp-content\/uploads\/2023\/08\/VISIBILIZA-CUERNAVACA-PETICIONES-DE-LA-COMUNIDAD-INDIGENA-EN-EL-PRIMER-CABILDO-INTEGRADO-POR-REPRESENTANTES-DE-SUS-PUEBLOS-ORIGINARIOS-12-300x200.jpeg 300w, https:\/\/cuernavaca.gob.mx\/wp-content\/uploads\/2023\/08\/VISIBILIZA-CUERNAVACA-PETICIONES-DE-LA-COMUNIDAD-INDIGENA-EN-EL-PRIMER-CABILDO-INTEGRADO-POR-REPRESENTANTES-DE-SUS-PUEBLOS-ORIGINARIOS-12-1024x682.jpeg 1024w, https:\/\/cuernavaca.gob.mx\/wp-content\/uploads\/2023\/08\/VISIBILIZA-CUERNAVACA-PETICIONES-DE-LA-COMUNIDAD-INDIGENA-EN-EL-PRIMER-CABILDO-INTEGRADO-POR-REPRESENTANTES-DE-SUS-PUEBLOS-ORIGINARIOS-12-768x512.jpeg 768w, https:\/\/cuernavaca.gob.mx\/wp-content\/uploads\/2023\/08\/VISIBILIZA-CUERNAVACA-PETICIONES-DE-LA-COMUNIDAD-INDIGENA-EN-EL-PRIMER-CABILDO-INTEGRADO-POR-REPRESENTANTES-DE-SUS-PUEBLOS-ORIGINARIOS-12-1536x1023.jpeg 1536w, https:\/\/cuernavaca.gob.mx\/wp-content\/uploads\/2023\/08\/VISIBILIZA-CUERNAVACA-PETICIONES-DE-LA-COMUNIDAD-INDIGENA-EN-EL-PRIMER-CABILDO-INTEGRADO-POR-REPRESENTANTES-DE-SUS-PUEBLOS-ORIGINARIOS-12-600x400.jpeg 600w, https:\/\/cuernavaca.gob.mx\/wp-content\/uploads\/2023\/08\/VISIBILIZA-CUERNAVACA-PETICIONES-DE-LA-COMUNIDAD-INDIGENA-EN-EL-PRIMER-CABILDO-INTEGRADO-POR-REPRESENTANTES-DE-SUS-PUEBLOS-ORIGINARIOS-12-560x373.jpeg 560w, https:\/\/cuernavaca.gob.mx\/wp-content\/uploads\/2023\/08\/VISIBILIZA-CUERNAVACA-PETICIONES-DE-LA-COMUNIDAD-INDIGENA-EN-EL-PRIMER-CABILDO-INTEGRADO-POR-REPRESENTANTES-DE-SUS-PUEBLOS-ORIGINARIOS-12.jpeg 1600w\" sizes=\"(max-width: 300px) 100vw, 300px\" \/> <img loading=\"lazy\" class=\"alignnone size-medium wp-image-31355\" src=\"https:\/\/cuernavaca.gob.mx\/wp-content\/uploads\/2023\/08\/VISIBILIZA-CUERNAVACA-PETICIONES-DE-LA-COMUNIDAD-INDIGENA-EN-EL-PRIMER-CABILDO-INTEGRADO-POR-REPRESENTANTES-DE-SUS-PUEBLOS-ORIGINARIOS-13-300x200.jpeg\" alt=\"\" width=\"300\" height=\"200\" srcset=\"https:\/\/cuernavaca.gob.mx\/wp-content\/uploads\/2023\/08\/VISIBILIZA-CUERNAVACA-PETICIONES-DE-LA-COMUNIDAD-INDIGENA-EN-EL-PRIMER-CABILDO-INTEGRADO-POR-REPRESENTANTES-DE-SUS-PUEBLOS-ORIGINARIOS-13-300x200.jpeg 300w, https:\/\/cuernavaca.gob.mx\/wp-content\/uploads\/2023\/08\/VISIBILIZA-CUERNAVACA-PETICIONES-DE-LA-COMUNIDAD-INDIGENA-EN-EL-PRIMER-CABILDO-INTEGRADO-POR-REPRESENTANTES-DE-SUS-PUEBLOS-ORIGINARIOS-13-1024x682.jpeg 1024w, https:\/\/cuernavaca.gob.mx\/wp-content\/uploads\/2023\/08\/VISIBILIZA-CUERNAVACA-PETICIONES-DE-LA-COMUNIDAD-INDIGENA-EN-EL-PRIMER-CABILDO-INTEGRADO-POR-REPRESENTANTES-DE-SUS-PUEBLOS-ORIGINARIOS-13-768x512.jpeg 768w, https:\/\/cuernavaca.gob.mx\/wp-content\/uploads\/2023\/08\/VISIBILIZA-CUERNAVACA-PETICIONES-DE-LA-COMUNIDAD-INDIGENA-EN-EL-PRIMER-CABILDO-INTEGRADO-POR-REPRESENTANTES-DE-SUS-PUEBLOS-ORIGINARIOS-13-1536x1023.jpeg 1536w, https:\/\/cuernavaca.gob.mx\/wp-content\/uploads\/2023\/08\/VISIBILIZA-CUERNAVACA-PETICIONES-DE-LA-COMUNIDAD-INDIGENA-EN-EL-PRIMER-CABILDO-INTEGRADO-POR-REPRESENTANTES-DE-SUS-PUEBLOS-ORIGINARIOS-13-600x400.jpeg 600w, https:\/\/cuernavaca.gob.mx\/wp-content\/uploads\/2023\/08\/VISIBILIZA-CUERNAVACA-PETICIONES-DE-LA-COMUNIDAD-INDIGENA-EN-EL-PRIMER-CABILDO-INTEGRADO-POR-REPRESENTANTES-DE-SUS-PUEBLOS-ORIGINARIOS-13-560x373.jpeg 560w, https:\/\/cuernavaca.gob.mx\/wp-content\/uploads\/2023\/08\/VISIBILIZA-CUERNAVACA-PETICIONES-DE-LA-COMUNIDAD-INDIGENA-EN-EL-PRIMER-CABILDO-INTEGRADO-POR-REPRESENTANTES-DE-SUS-PUEBLOS-ORIGINARIOS-13.jpeg 1600w\" sizes=\"(max-width: 300px) 100vw, 300px\" \/> <img loading=\"lazy\" class=\"alignnone size-medium wp-image-31356\" src=\"https:\/\/cuernavaca.gob.mx\/wp-content\/uploads\/2023\/08\/VISIBILIZA-CUERNAVACA-PETICIONES-DE-LA-COMUNIDAD-INDIGENA-EN-EL-PRIMER-CABILDO-INTEGRADO-POR-REPRESENTANTES-DE-SUS-PUEBLOS-ORIGINARIOS-14-300x200.jpeg\" alt=\"\" width=\"300\" height=\"200\" srcset=\"https:\/\/cuernavaca.gob.mx\/wp-content\/uploads\/2023\/08\/VISIBILIZA-CUERNAVACA-PETICIONES-DE-LA-COMUNIDAD-INDIGENA-EN-EL-PRIMER-CABILDO-INTEGRADO-POR-REPRESENTANTES-DE-SUS-PUEBLOS-ORIGINARIOS-14-300x200.jpeg 300w, https:\/\/cuernavaca.gob.mx\/wp-content\/uploads\/2023\/08\/VISIBILIZA-CUERNAVACA-PETICIONES-DE-LA-COMUNIDAD-INDIGENA-EN-EL-PRIMER-CABILDO-INTEGRADO-POR-REPRESENTANTES-DE-SUS-PUEBLOS-ORIGINARIOS-14-1024x682.jpeg 1024w, https:\/\/cuernavaca.gob.mx\/wp-content\/uploads\/2023\/08\/VISIBILIZA-CUERNAVACA-PETICIONES-DE-LA-COMUNIDAD-INDIGENA-EN-EL-PRIMER-CABILDO-INTEGRADO-POR-REPRESENTANTES-DE-SUS-PUEBLOS-ORIGINARIOS-14-768x512.jpeg 768w, https:\/\/cuernavaca.gob.mx\/wp-content\/uploads\/2023\/08\/VISIBILIZA-CUERNAVACA-PETICIONES-DE-LA-COMUNIDAD-INDIGENA-EN-EL-PRIMER-CABILDO-INTEGRADO-POR-REPRESENTANTES-DE-SUS-PUEBLOS-ORIGINARIOS-14-1536x1023.jpeg 1536w, https:\/\/cuernavaca.gob.mx\/wp-content\/uploads\/2023\/08\/VISIBILIZA-CUERNAVACA-PETICIONES-DE-LA-COMUNIDAD-INDIGENA-EN-EL-PRIMER-CABILDO-INTEGRADO-POR-REPRESENTANTES-DE-SUS-PUEBLOS-ORIGINARIOS-14-600x400.jpeg 600w, https:\/\/cuernavaca.gob.mx\/wp-content\/uploads\/2023\/08\/VISIBILIZA-CUERNAVACA-PETICIONES-DE-LA-COMUNIDAD-INDIGENA-EN-EL-PRIMER-CABILDO-INTEGRADO-POR-REPRESENTANTES-DE-SUS-PUEBLOS-ORIGINARIOS-14-560x373.jpeg 560w, https:\/\/cuernavaca.gob.mx\/wp-content\/uploads\/2023\/08\/VISIBILIZA-CUERNAVACA-PETICIONES-DE-LA-COMUNIDAD-INDIGENA-EN-EL-PRIMER-CABILDO-INTEGRADO-POR-REPRESENTANTES-DE-SUS-PUEBLOS-ORIGINARIOS-14.jpeg 1600w\" sizes=\"(max-width: 300px) 100vw, 300px\" \/> <img loading=\"lazy\" class=\"alignnone size-medium wp-image-31357\" src=\"https:\/\/cuernavaca.gob.mx\/wp-content\/uploads\/2023\/08\/VISIBILIZA-CUERNAVACA-PETICIONES-DE-LA-COMUNIDAD-INDIGENA-EN-EL-PRIMER-CABILDO-INTEGRADO-POR-REPRESENTANTES-DE-SUS-PUEBLOS-ORIGINARIOS-15-300x200.jpeg\" alt=\"\" width=\"300\" height=\"200\" srcset=\"https:\/\/cuernavaca.gob.mx\/wp-content\/uploads\/2023\/08\/VISIBILIZA-CUERNAVACA-PETICIONES-DE-LA-COMUNIDAD-INDIGENA-EN-EL-PRIMER-CABILDO-INTEGRADO-POR-REPRESENTANTES-DE-SUS-PUEBLOS-ORIGINARIOS-15-300x200.jpeg 300w, https:\/\/cuernavaca.gob.mx\/wp-content\/uploads\/2023\/08\/VISIBILIZA-CUERNAVACA-PETICIONES-DE-LA-COMUNIDAD-INDIGENA-EN-EL-PRIMER-CABILDO-INTEGRADO-POR-REPRESENTANTES-DE-SUS-PUEBLOS-ORIGINARIOS-15-1024x682.jpeg 1024w, https:\/\/cuernavaca.gob.mx\/wp-content\/uploads\/2023\/08\/VISIBILIZA-CUERNAVACA-PETICIONES-DE-LA-COMUNIDAD-INDIGENA-EN-EL-PRIMER-CABILDO-INTEGRADO-POR-REPRESENTANTES-DE-SUS-PUEBLOS-ORIGINARIOS-15-768x512.jpeg 768w, https:\/\/cuernavaca.gob.mx\/wp-content\/uploads\/2023\/08\/VISIBILIZA-CUERNAVACA-PETICIONES-DE-LA-COMUNIDAD-INDIGENA-EN-EL-PRIMER-CABILDO-INTEGRADO-POR-REPRESENTANTES-DE-SUS-PUEBLOS-ORIGINARIOS-15-1536x1023.jpeg 1536w, https:\/\/cuernavaca.gob.mx\/wp-content\/uploads\/2023\/08\/VISIBILIZA-CUERNAVACA-PETICIONES-DE-LA-COMUNIDAD-INDIGENA-EN-EL-PRIMER-CABILDO-INTEGRADO-POR-REPRESENTANTES-DE-SUS-PUEBLOS-ORIGINARIOS-15-600x400.jpeg 600w, https:\/\/cuernavaca.gob.mx\/wp-content\/uploads\/2023\/08\/VISIBILIZA-CUERNAVACA-PETICIONES-DE-LA-COMUNIDAD-INDIGENA-EN-EL-PRIMER-CABILDO-INTEGRADO-POR-REPRESENTANTES-DE-SUS-PUEBLOS-ORIGINARIOS-15-560x373.jpeg 560w, https:\/\/cuernavaca.gob.mx\/wp-content\/uploads\/2023\/08\/VISIBILIZA-CUERNAVACA-PETICIONES-DE-LA-COMUNIDAD-INDIGENA-EN-EL-PRIMER-CABILDO-INTEGRADO-POR-REPRESENTANTES-DE-SUS-PUEBLOS-ORIGINARIOS-15.jpeg 1600w\" sizes=\"(max-width: 300px) 100vw, 300px\" \/> <img loading=\"lazy\" class=\"alignnone size-medium wp-image-31358\" src=\"https:\/\/cuernavaca.gob.mx\/wp-content\/uploads\/2023\/08\/VISIBILIZA-CUERNAVACA-PETICIONES-DE-LA-COMUNIDAD-INDIGENA-EN-EL-PRIMER-CABILDO-INTEGRADO-POR-REPRESENTANTES-DE-SUS-PUEBLOS-ORIGINARIOS-16-300x200.jpeg\" alt=\"\" width=\"300\" height=\"200\" srcset=\"https:\/\/cuernavaca.gob.mx\/wp-content\/uploads\/2023\/08\/VISIBILIZA-CUERNAVACA-PETICIONES-DE-LA-COMUNIDAD-INDIGENA-EN-EL-PRIMER-CABILDO-INTEGRADO-POR-REPRESENTANTES-DE-SUS-PUEBLOS-ORIGINARIOS-16-300x200.jpeg 300w, https:\/\/cuernavaca.gob.mx\/wp-content\/uploads\/2023\/08\/VISIBILIZA-CUERNAVACA-PETICIONES-DE-LA-COMUNIDAD-INDIGENA-EN-EL-PRIMER-CABILDO-INTEGRADO-POR-REPRESENTANTES-DE-SUS-PUEBLOS-ORIGINARIOS-16-1024x682.jpeg 1024w, https:\/\/cuernavaca.gob.mx\/wp-content\/uploads\/2023\/08\/VISIBILIZA-CUERNAVACA-PETICIONES-DE-LA-COMUNIDAD-INDIGENA-EN-EL-PRIMER-CABILDO-INTEGRADO-POR-REPRESENTANTES-DE-SUS-PUEBLOS-ORIGINARIOS-16-768x512.jpeg 768w, https:\/\/cuernavaca.gob.mx\/wp-content\/uploads\/2023\/08\/VISIBILIZA-CUERNAVACA-PETICIONES-DE-LA-COMUNIDAD-INDIGENA-EN-EL-PRIMER-CABILDO-INTEGRADO-POR-REPRESENTANTES-DE-SUS-PUEBLOS-ORIGINARIOS-16-1536x1023.jpeg 1536w, https:\/\/cuernavaca.gob.mx\/wp-content\/uploads\/2023\/08\/VISIBILIZA-CUERNAVACA-PETICIONES-DE-LA-COMUNIDAD-INDIGENA-EN-EL-PRIMER-CABILDO-INTEGRADO-POR-REPRESENTANTES-DE-SUS-PUEBLOS-ORIGINARIOS-16-600x400.jpeg 600w, https:\/\/cuernavaca.gob.mx\/wp-content\/uploads\/2023\/08\/VISIBILIZA-CUERNAVACA-PETICIONES-DE-LA-COMUNIDAD-INDIGENA-EN-EL-PRIMER-CABILDO-INTEGRADO-POR-REPRESENTANTES-DE-SUS-PUEBLOS-ORIGINARIOS-16-560x373.jpeg 560w, https:\/\/cuernavaca.gob.mx\/wp-content\/uploads\/2023\/08\/VISIBILIZA-CUERNAVACA-PETICIONES-DE-LA-COMUNIDAD-INDIGENA-EN-EL-PRIMER-CABILDO-INTEGRADO-POR-REPRESENTANTES-DE-SUS-PUEBLOS-ORIGINARIOS-16.jpeg 1600w\" sizes=\"(max-width: 300px) 100vw, 300px\" \/> <img loading=\"lazy\" class=\"alignnone size-medium wp-image-31359\" src=\"https:\/\/cuernavaca.gob.mx\/wp-content\/uploads\/2023\/08\/VISIBILIZA-CUERNAVACA-PETICIONES-DE-LA-COMUNIDAD-INDIGENA-EN-EL-PRIMER-CABILDO-INTEGRADO-POR-REPRESENTANTES-DE-SUS-PUEBLOS-ORIGINARIOS-17-300x200.jpeg\" alt=\"\" width=\"300\" height=\"200\" srcset=\"https:\/\/cuernavaca.gob.mx\/wp-content\/uploads\/2023\/08\/VISIBILIZA-CUERNAVACA-PETICIONES-DE-LA-COMUNIDAD-INDIGENA-EN-EL-PRIMER-CABILDO-INTEGRADO-POR-REPRESENTANTES-DE-SUS-PUEBLOS-ORIGINARIOS-17-300x200.jpeg 300w, https:\/\/cuernavaca.gob.mx\/wp-content\/uploads\/2023\/08\/VISIBILIZA-CUERNAVACA-PETICIONES-DE-LA-COMUNIDAD-INDIGENA-EN-EL-PRIMER-CABILDO-INTEGRADO-POR-REPRESENTANTES-DE-SUS-PUEBLOS-ORIGINARIOS-17-1024x682.jpeg 1024w, https:\/\/cuernavaca.gob.mx\/wp-content\/uploads\/2023\/08\/VISIBILIZA-CUERNAVACA-PETICIONES-DE-LA-COMUNIDAD-INDIGENA-EN-EL-PRIMER-CABILDO-INTEGRADO-POR-REPRESENTANTES-DE-SUS-PUEBLOS-ORIGINARIOS-17-768x512.jpeg 768w, https:\/\/cuernavaca.gob.mx\/wp-content\/uploads\/2023\/08\/VISIBILIZA-CUERNAVACA-PETICIONES-DE-LA-COMUNIDAD-INDIGENA-EN-EL-PRIMER-CABILDO-INTEGRADO-POR-REPRESENTANTES-DE-SUS-PUEBLOS-ORIGINARIOS-17-1536x1023.jpeg 1536w, https:\/\/cuernavaca.gob.mx\/wp-content\/uploads\/2023\/08\/VISIBILIZA-CUERNAVACA-PETICIONES-DE-LA-COMUNIDAD-INDIGENA-EN-EL-PRIMER-CABILDO-INTEGRADO-POR-REPRESENTANTES-DE-SUS-PUEBLOS-ORIGINARIOS-17-600x400.jpeg 600w, https:\/\/cuernavaca.gob.mx\/wp-content\/uploads\/2023\/08\/VISIBILIZA-CUERNAVACA-PETICIONES-DE-LA-COMUNIDAD-INDIGENA-EN-EL-PRIMER-CABILDO-INTEGRADO-POR-REPRESENTANTES-DE-SUS-PUEBLOS-ORIGINARIOS-17-560x373.jpeg 560w, https:\/\/cuernavaca.gob.mx\/wp-content\/uploads\/2023\/08\/VISIBILIZA-CUERNAVACA-PETICIONES-DE-LA-COMUNIDAD-INDIGENA-EN-EL-PRIMER-CABILDO-INTEGRADO-POR-REPRESENTANTES-DE-SUS-PUEBLOS-ORIGINARIOS-17.jpeg 1600w\" sizes=\"(max-width: 300px) 100vw, 300px\" \/> <img loading=\"lazy\" class=\"alignnone size-medium wp-image-31360\" src=\"https:\/\/cuernavaca.gob.mx\/wp-content\/uploads\/2023\/08\/VISIBILIZA-CUERNAVACA-PETICIONES-DE-LA-COMUNIDAD-INDIGENA-EN-EL-PRIMER-CABILDO-INTEGRADO-POR-REPRESENTANTES-DE-SUS-PUEBLOS-ORIGINARIOS-18-300x200.jpeg\" alt=\"\" width=\"300\" height=\"200\" srcset=\"https:\/\/cuernavaca.gob.mx\/wp-content\/uploads\/2023\/08\/VISIBILIZA-CUERNAVACA-PETICIONES-DE-LA-COMUNIDAD-INDIGENA-EN-EL-PRIMER-CABILDO-INTEGRADO-POR-REPRESENTANTES-DE-SUS-PUEBLOS-ORIGINARIOS-18-300x200.jpeg 300w, https:\/\/cuernavaca.gob.mx\/wp-content\/uploads\/2023\/08\/VISIBILIZA-CUERNAVACA-PETICIONES-DE-LA-COMUNIDAD-INDIGENA-EN-EL-PRIMER-CABILDO-INTEGRADO-POR-REPRESENTANTES-DE-SUS-PUEBLOS-ORIGINARIOS-18-1024x682.jpeg 1024w, https:\/\/cuernavaca.gob.mx\/wp-content\/uploads\/2023\/08\/VISIBILIZA-CUERNAVACA-PETICIONES-DE-LA-COMUNIDAD-INDIGENA-EN-EL-PRIMER-CABILDO-INTEGRADO-POR-REPRESENTANTES-DE-SUS-PUEBLOS-ORIGINARIOS-18-768x512.jpeg 768w, https:\/\/cuernavaca.gob.mx\/wp-content\/uploads\/2023\/08\/VISIBILIZA-CUERNAVACA-PETICIONES-DE-LA-COMUNIDAD-INDIGENA-EN-EL-PRIMER-CABILDO-INTEGRADO-POR-REPRESENTANTES-DE-SUS-PUEBLOS-ORIGINARIOS-18-1536x1023.jpeg 1536w, https:\/\/cuernavaca.gob.mx\/wp-content\/uploads\/2023\/08\/VISIBILIZA-CUERNAVACA-PETICIONES-DE-LA-COMUNIDAD-INDIGENA-EN-EL-PRIMER-CABILDO-INTEGRADO-POR-REPRESENTANTES-DE-SUS-PUEBLOS-ORIGINARIOS-18-600x400.jpeg 600w, https:\/\/cuernavaca.gob.mx\/wp-content\/uploads\/2023\/08\/VISIBILIZA-CUERNAVACA-PETICIONES-DE-LA-COMUNIDAD-INDIGENA-EN-EL-PRIMER-CABILDO-INTEGRADO-POR-REPRESENTANTES-DE-SUS-PUEBLOS-ORIGINARIOS-18-560x373.jpeg 560w, https:\/\/cuernavaca.gob.mx\/wp-content\/uploads\/2023\/08\/VISIBILIZA-CUERNAVACA-PETICIONES-DE-LA-COMUNIDAD-INDIGENA-EN-EL-PRIMER-CABILDO-INTEGRADO-POR-REPRESENTANTES-DE-SUS-PUEBLOS-ORIGINARIOS-18.jpeg 1600w\" sizes=\"(max-width: 300px) 100vw, 300px\" \/> <img loading=\"lazy\" class=\"alignnone size-medium wp-image-31361\" src=\"https:\/\/cuernavaca.gob.mx\/wp-content\/uploads\/2023\/08\/VISIBILIZA-CUERNAVACA-PETICIONES-DE-LA-COMUNIDAD-INDIGENA-EN-EL-PRIMER-CABILDO-INTEGRADO-POR-REPRESENTANTES-DE-SUS-PUEBLOS-ORIGINARIOS-19-300x200.jpeg\" alt=\"\" width=\"300\" height=\"200\" srcset=\"https:\/\/cuernavaca.gob.mx\/wp-content\/uploads\/2023\/08\/VISIBILIZA-CUERNAVACA-PETICIONES-DE-LA-COMUNIDAD-INDIGENA-EN-EL-PRIMER-CABILDO-INTEGRADO-POR-REPRESENTANTES-DE-SUS-PUEBLOS-ORIGINARIOS-19-300x200.jpeg 300w, https:\/\/cuernavaca.gob.mx\/wp-content\/uploads\/2023\/08\/VISIBILIZA-CUERNAVACA-PETICIONES-DE-LA-COMUNIDAD-INDIGENA-EN-EL-PRIMER-CABILDO-INTEGRADO-POR-REPRESENTANTES-DE-SUS-PUEBLOS-ORIGINARIOS-19-1024x682.jpeg 1024w, https:\/\/cuernavaca.gob.mx\/wp-content\/uploads\/2023\/08\/VISIBILIZA-CUERNAVACA-PETICIONES-DE-LA-COMUNIDAD-INDIGENA-EN-EL-PRIMER-CABILDO-INTEGRADO-POR-REPRESENTANTES-DE-SUS-PUEBLOS-ORIGINARIOS-19-768x512.jpeg 768w, https:\/\/cuernavaca.gob.mx\/wp-content\/uploads\/2023\/08\/VISIBILIZA-CUERNAVACA-PETICIONES-DE-LA-COMUNIDAD-INDIGENA-EN-EL-PRIMER-CABILDO-INTEGRADO-POR-REPRESENTANTES-DE-SUS-PUEBLOS-ORIGINARIOS-19-1536x1023.jpeg 1536w, https:\/\/cuernavaca.gob.mx\/wp-content\/uploads\/2023\/08\/VISIBILIZA-CUERNAVACA-PETICIONES-DE-LA-COMUNIDAD-INDIGENA-EN-EL-PRIMER-CABILDO-INTEGRADO-POR-REPRESENTANTES-DE-SUS-PUEBLOS-ORIGINARIOS-19-600x400.jpeg 600w, https:\/\/cuernavaca.gob.mx\/wp-content\/uploads\/2023\/08\/VISIBILIZA-CUERNAVACA-PETICIONES-DE-LA-COMUNIDAD-INDIGENA-EN-EL-PRIMER-CABILDO-INTEGRADO-POR-REPRESENTANTES-DE-SUS-PUEBLOS-ORIGINARIOS-19-560x373.jpeg 560w, https:\/\/cuernavaca.gob.mx\/wp-content\/uploads\/2023\/08\/VISIBILIZA-CUERNAVACA-PETICIONES-DE-LA-COMUNIDAD-INDIGENA-EN-EL-PRIMER-CABILDO-INTEGRADO-POR-REPRESENTANTES-DE-SUS-PUEBLOS-ORIGINARIOS-19.jpeg 1600w\" sizes=\"(max-width: 300px) 100vw, 300px\" \/> <img loading=\"lazy\" class=\"alignnone size-medium wp-image-31362\" src=\"https:\/\/cuernavaca.gob.mx\/wp-content\/uploads\/2023\/08\/VISIBILIZA-CUERNAVACA-PETICIONES-DE-LA-COMUNIDAD-INDIGENA-EN-EL-PRIMER-CABILDO-INTEGRADO-POR-REPRESENTANTES-DE-SUS-PUEBLOS-ORIGINARIOS-20-300x200.jpeg\" alt=\"\" width=\"300\" height=\"200\" srcset=\"https:\/\/cuernavaca.gob.mx\/wp-content\/uploads\/2023\/08\/VISIBILIZA-CUERNAVACA-PETICIONES-DE-LA-COMUNIDAD-INDIGENA-EN-EL-PRIMER-CABILDO-INTEGRADO-POR-REPRESENTANTES-DE-SUS-PUEBLOS-ORIGINARIOS-20-300x200.jpeg 300w, https:\/\/cuernavaca.gob.mx\/wp-content\/uploads\/2023\/08\/VISIBILIZA-CUERNAVACA-PETICIONES-DE-LA-COMUNIDAD-INDIGENA-EN-EL-PRIMER-CABILDO-INTEGRADO-POR-REPRESENTANTES-DE-SUS-PUEBLOS-ORIGINARIOS-20-1024x682.jpeg 1024w, https:\/\/cuernavaca.gob.mx\/wp-content\/uploads\/2023\/08\/VISIBILIZA-CUERNAVACA-PETICIONES-DE-LA-COMUNIDAD-INDIGENA-EN-EL-PRIMER-CABILDO-INTEGRADO-POR-REPRESENTANTES-DE-SUS-PUEBLOS-ORIGINARIOS-20-768x512.jpeg 768w, https:\/\/cuernavaca.gob.mx\/wp-content\/uploads\/2023\/08\/VISIBILIZA-CUERNAVACA-PETICIONES-DE-LA-COMUNIDAD-INDIGENA-EN-EL-PRIMER-CABILDO-INTEGRADO-POR-REPRESENTANTES-DE-SUS-PUEBLOS-ORIGINARIOS-20-1536x1023.jpeg 1536w, https:\/\/cuernavaca.gob.mx\/wp-content\/uploads\/2023\/08\/VISIBILIZA-CUERNAVACA-PETICIONES-DE-LA-COMUNIDAD-INDIGENA-EN-EL-PRIMER-CABILDO-INTEGRADO-POR-REPRESENTANTES-DE-SUS-PUEBLOS-ORIGINARIOS-20-600x400.jpeg 600w, https:\/\/cuernavaca.gob.mx\/wp-content\/uploads\/2023\/08\/VISIBILIZA-CUERNAVACA-PETICIONES-DE-LA-COMUNIDAD-INDIGENA-EN-EL-PRIMER-CABILDO-INTEGRADO-POR-REPRESENTANTES-DE-SUS-PUEBLOS-ORIGINARIOS-20-560x373.jpeg 560w, https:\/\/cuernavaca.gob.mx\/wp-content\/uploads\/2023\/08\/VISIBILIZA-CUERNAVACA-PETICIONES-DE-LA-COMUNIDAD-INDIGENA-EN-EL-PRIMER-CABILDO-INTEGRADO-POR-REPRESENTANTES-DE-SUS-PUEBLOS-ORIGINARIOS-20.jpeg 1600w\" sizes=\"(max-width: 300px) 100vw, 300px\" \/> <img loading=\"lazy\" class=\"alignnone size-medium wp-image-31363\" src=\"https:\/\/cuernavaca.gob.mx\/wp-content\/uploads\/2023\/08\/VISIBILIZA-CUERNAVACA-PETICIONES-DE-LA-COMUNIDAD-INDIGENA-EN-EL-PRIMER-CABILDO-INTEGRADO-POR-REPRESENTANTES-DE-SUS-PUEBLOS-ORIGINARIOS-21-300x200.jpeg\" alt=\"\" width=\"300\" height=\"200\" srcset=\"https:\/\/cuernavaca.gob.mx\/wp-content\/uploads\/2023\/08\/VISIBILIZA-CUERNAVACA-PETICIONES-DE-LA-COMUNIDAD-INDIGENA-EN-EL-PRIMER-CABILDO-INTEGRADO-POR-REPRESENTANTES-DE-SUS-PUEBLOS-ORIGINARIOS-21-300x200.jpeg 300w, https:\/\/cuernavaca.gob.mx\/wp-content\/uploads\/2023\/08\/VISIBILIZA-CUERNAVACA-PETICIONES-DE-LA-COMUNIDAD-INDIGENA-EN-EL-PRIMER-CABILDO-INTEGRADO-POR-REPRESENTANTES-DE-SUS-PUEBLOS-ORIGINARIOS-21-1024x682.jpeg 1024w, https:\/\/cuernavaca.gob.mx\/wp-content\/uploads\/2023\/08\/VISIBILIZA-CUERNAVACA-PETICIONES-DE-LA-COMUNIDAD-INDIGENA-EN-EL-PRIMER-CABILDO-INTEGRADO-POR-REPRESENTANTES-DE-SUS-PUEBLOS-ORIGINARIOS-21-768x512.jpeg 768w, https:\/\/cuernavaca.gob.mx\/wp-content\/uploads\/2023\/08\/VISIBILIZA-CUERNAVACA-PETICIONES-DE-LA-COMUNIDAD-INDIGENA-EN-EL-PRIMER-CABILDO-INTEGRADO-POR-REPRESENTANTES-DE-SUS-PUEBLOS-ORIGINARIOS-21-1536x1023.jpeg 1536w, https:\/\/cuernavaca.gob.mx\/wp-content\/uploads\/2023\/08\/VISIBILIZA-CUERNAVACA-PETICIONES-DE-LA-COMUNIDAD-INDIGENA-EN-EL-PRIMER-CABILDO-INTEGRADO-POR-REPRESENTANTES-DE-SUS-PUEBLOS-ORIGINARIOS-21-600x400.jpeg 600w, https:\/\/cuernavaca.gob.mx\/wp-content\/uploads\/2023\/08\/VISIBILIZA-CUERNAVACA-PETICIONES-DE-LA-COMUNIDAD-INDIGENA-EN-EL-PRIMER-CABILDO-INTEGRADO-POR-REPRESENTANTES-DE-SUS-PUEBLOS-ORIGINARIOS-21-560x373.jpeg 560w, https:\/\/cuernavaca.gob.mx\/wp-content\/uploads\/2023\/08\/VISIBILIZA-CUERNAVACA-PETICIONES-DE-LA-COMUNIDAD-INDIGENA-EN-EL-PRIMER-CABILDO-INTEGRADO-POR-REPRESENTANTES-DE-SUS-PUEBLOS-ORIGINARIOS-21.jpeg 1600w\" sizes=\"(max-width: 300px) 100vw, 300px\" \/> <img loading=\"lazy\" class=\"alignnone size-medium wp-image-31364\" src=\"https:\/\/cuernavaca.gob.mx\/wp-content\/uploads\/2023\/08\/VISIBILIZA-CUERNAVACA-PETICIONES-DE-LA-COMUNIDAD-INDIGENA-EN-EL-PRIMER-CABILDO-INTEGRADO-POR-REPRESENTANTES-DE-SUS-PUEBLOS-ORIGINARIOS-22-300x200.jpeg\" alt=\"\" width=\"300\" height=\"200\" srcset=\"https:\/\/cuernavaca.gob.mx\/wp-content\/uploads\/2023\/08\/VISIBILIZA-CUERNAVACA-PETICIONES-DE-LA-COMUNIDAD-INDIGENA-EN-EL-PRIMER-CABILDO-INTEGRADO-POR-REPRESENTANTES-DE-SUS-PUEBLOS-ORIGINARIOS-22-300x200.jpeg 300w, https:\/\/cuernavaca.gob.mx\/wp-content\/uploads\/2023\/08\/VISIBILIZA-CUERNAVACA-PETICIONES-DE-LA-COMUNIDAD-INDIGENA-EN-EL-PRIMER-CABILDO-INTEGRADO-POR-REPRESENTANTES-DE-SUS-PUEBLOS-ORIGINARIOS-22-1024x682.jpeg 1024w, https:\/\/cuernavaca.gob.mx\/wp-content\/uploads\/2023\/08\/VISIBILIZA-CUERNAVACA-PETICIONES-DE-LA-COMUNIDAD-INDIGENA-EN-EL-PRIMER-CABILDO-INTEGRADO-POR-REPRESENTANTES-DE-SUS-PUEBLOS-ORIGINARIOS-22-768x512.jpeg 768w, https:\/\/cuernavaca.gob.mx\/wp-content\/uploads\/2023\/08\/VISIBILIZA-CUERNAVACA-PETICIONES-DE-LA-COMUNIDAD-INDIGENA-EN-EL-PRIMER-CABILDO-INTEGRADO-POR-REPRESENTANTES-DE-SUS-PUEBLOS-ORIGINARIOS-22-1536x1023.jpeg 1536w, https:\/\/cuernavaca.gob.mx\/wp-content\/uploads\/2023\/08\/VISIBILIZA-CUERNAVACA-PETICIONES-DE-LA-COMUNIDAD-INDIGENA-EN-EL-PRIMER-CABILDO-INTEGRADO-POR-REPRESENTANTES-DE-SUS-PUEBLOS-ORIGINARIOS-22-600x400.jpeg 600w, https:\/\/cuernavaca.gob.mx\/wp-content\/uploads\/2023\/08\/VISIBILIZA-CUERNAVACA-PETICIONES-DE-LA-COMUNIDAD-INDIGENA-EN-EL-PRIMER-CABILDO-INTEGRADO-POR-REPRESENTANTES-DE-SUS-PUEBLOS-ORIGINARIOS-22-560x373.jpeg 560w, https:\/\/cuernavaca.gob.mx\/wp-content\/uploads\/2023\/08\/VISIBILIZA-CUERNAVACA-PETICIONES-DE-LA-COMUNIDAD-INDIGENA-EN-EL-PRIMER-CABILDO-INTEGRADO-POR-REPRESENTANTES-DE-SUS-PUEBLOS-ORIGINARIOS-22.jpeg 1600w\" sizes=\"(max-width: 300px) 100vw, 300px\" \/> <img loading=\"lazy\" class=\"alignnone size-medium wp-image-31365\" src=\"https:\/\/cuernavaca.gob.mx\/wp-content\/uploads\/2023\/08\/VISIBILIZA-CUERNAVACA-PETICIONES-DE-LA-COMUNIDAD-INDIGENA-EN-EL-PRIMER-CABILDO-INTEGRADO-POR-REPRESENTANTES-DE-SUS-PUEBLOS-ORIGINARIOS-23-300x200.jpeg\" alt=\"\" width=\"300\" height=\"200\" srcset=\"https:\/\/cuernavaca.gob.mx\/wp-content\/uploads\/2023\/08\/VISIBILIZA-CUERNAVACA-PETICIONES-DE-LA-COMUNIDAD-INDIGENA-EN-EL-PRIMER-CABILDO-INTEGRADO-POR-REPRESENTANTES-DE-SUS-PUEBLOS-ORIGINARIOS-23-300x200.jpeg 300w, https:\/\/cuernavaca.gob.mx\/wp-content\/uploads\/2023\/08\/VISIBILIZA-CUERNAVACA-PETICIONES-DE-LA-COMUNIDAD-INDIGENA-EN-EL-PRIMER-CABILDO-INTEGRADO-POR-REPRESENTANTES-DE-SUS-PUEBLOS-ORIGINARIOS-23-1024x682.jpeg 1024w, https:\/\/cuernavaca.gob.mx\/wp-content\/uploads\/2023\/08\/VISIBILIZA-CUERNAVACA-PETICIONES-DE-LA-COMUNIDAD-INDIGENA-EN-EL-PRIMER-CABILDO-INTEGRADO-POR-REPRESENTANTES-DE-SUS-PUEBLOS-ORIGINARIOS-23-768x512.jpeg 768w, https:\/\/cuernavaca.gob.mx\/wp-content\/uploads\/2023\/08\/VISIBILIZA-CUERNAVACA-PETICIONES-DE-LA-COMUNIDAD-INDIGENA-EN-EL-PRIMER-CABILDO-INTEGRADO-POR-REPRESENTANTES-DE-SUS-PUEBLOS-ORIGINARIOS-23-1536x1023.jpeg 1536w, https:\/\/cuernavaca.gob.mx\/wp-content\/uploads\/2023\/08\/VISIBILIZA-CUERNAVACA-PETICIONES-DE-LA-COMUNIDAD-INDIGENA-EN-EL-PRIMER-CABILDO-INTEGRADO-POR-REPRESENTANTES-DE-SUS-PUEBLOS-ORIGINARIOS-23-600x400.jpeg 600w, https:\/\/cuernavaca.gob.mx\/wp-content\/uploads\/2023\/08\/VISIBILIZA-CUERNAVACA-PETICIONES-DE-LA-COMUNIDAD-INDIGENA-EN-EL-PRIMER-CABILDO-INTEGRADO-POR-REPRESENTANTES-DE-SUS-PUEBLOS-ORIGINARIOS-23-560x373.jpeg 560w, https:\/\/cuernavaca.gob.mx\/wp-content\/uploads\/2023\/08\/VISIBILIZA-CUERNAVACA-PETICIONES-DE-LA-COMUNIDAD-INDIGENA-EN-EL-PRIMER-CABILDO-INTEGRADO-POR-REPRESENTANTES-DE-SUS-PUEBLOS-ORIGINARIOS-23.jpeg 1600w\" sizes=\"(max-width: 300px) 100vw, 300px\" \/> <img loading=\"lazy\" class=\"alignnone size-medium wp-image-31366\" src=\"https:\/\/cuernavaca.gob.mx\/wp-content\/uploads\/2023\/08\/VISIBILIZA-CUERNAVACA-PETICIONES-DE-LA-COMUNIDAD-INDIGENA-EN-EL-PRIMER-CABILDO-INTEGRADO-POR-REPRESENTANTES-DE-SUS-PUEBLOS-ORIGINARIOS-24-300x200.jpeg\" alt=\"\" width=\"300\" height=\"200\" srcset=\"https:\/\/cuernavaca.gob.mx\/wp-content\/uploads\/2023\/08\/VISIBILIZA-CUERNAVACA-PETICIONES-DE-LA-COMUNIDAD-INDIGENA-EN-EL-PRIMER-CABILDO-INTEGRADO-POR-REPRESENTANTES-DE-SUS-PUEBLOS-ORIGINARIOS-24-300x200.jpeg 300w, https:\/\/cuernavaca.gob.mx\/wp-content\/uploads\/2023\/08\/VISIBILIZA-CUERNAVACA-PETICIONES-DE-LA-COMUNIDAD-INDIGENA-EN-EL-PRIMER-CABILDO-INTEGRADO-POR-REPRESENTANTES-DE-SUS-PUEBLOS-ORIGINARIOS-24-1024x682.jpeg 1024w, https:\/\/cuernavaca.gob.mx\/wp-content\/uploads\/2023\/08\/VISIBILIZA-CUERNAVACA-PETICIONES-DE-LA-COMUNIDAD-INDIGENA-EN-EL-PRIMER-CABILDO-INTEGRADO-POR-REPRESENTANTES-DE-SUS-PUEBLOS-ORIGINARIOS-24-768x512.jpeg 768w, https:\/\/cuernavaca.gob.mx\/wp-content\/uploads\/2023\/08\/VISIBILIZA-CUERNAVACA-PETICIONES-DE-LA-COMUNIDAD-INDIGENA-EN-EL-PRIMER-CABILDO-INTEGRADO-POR-REPRESENTANTES-DE-SUS-PUEBLOS-ORIGINARIOS-24-1536x1023.jpeg 1536w, https:\/\/cuernavaca.gob.mx\/wp-content\/uploads\/2023\/08\/VISIBILIZA-CUERNAVACA-PETICIONES-DE-LA-COMUNIDAD-INDIGENA-EN-EL-PRIMER-CABILDO-INTEGRADO-POR-REPRESENTANTES-DE-SUS-PUEBLOS-ORIGINARIOS-24-600x400.jpeg 600w, https:\/\/cuernavaca.gob.mx\/wp-content\/uploads\/2023\/08\/VISIBILIZA-CUERNAVACA-PETICIONES-DE-LA-COMUNIDAD-INDIGENA-EN-EL-PRIMER-CABILDO-INTEGRADO-POR-REPRESENTANTES-DE-SUS-PUEBLOS-ORIGINARIOS-24-560x373.jpeg 560w, https:\/\/cuernavaca.gob.mx\/wp-content\/uploads\/2023\/08\/VISIBILIZA-CUERNAVACA-PETICIONES-DE-LA-COMUNIDAD-INDIGENA-EN-EL-PRIMER-CABILDO-INTEGRADO-POR-REPRESENTANTES-DE-SUS-PUEBLOS-ORIGINARIOS-24.jpeg 1600w\" sizes=\"(max-width: 300px) 100vw, 300px\" \/> <img loading=\"lazy\" class=\"alignnone size-medium wp-image-31367\" src=\"https:\/\/cuernavaca.gob.mx\/wp-content\/uploads\/2023\/08\/VISIBILIZA-CUERNAVACA-PETICIONES-DE-LA-COMUNIDAD-INDIGENA-EN-EL-PRIMER-CABILDO-INTEGRADO-POR-REPRESENTANTES-DE-SUS-PUEBLOS-ORIGINARIOS-25-300x200.jpeg\" alt=\"\" width=\"300\" height=\"200\" srcset=\"https:\/\/cuernavaca.gob.mx\/wp-content\/uploads\/2023\/08\/VISIBILIZA-CUERNAVACA-PETICIONES-DE-LA-COMUNIDAD-INDIGENA-EN-EL-PRIMER-CABILDO-INTEGRADO-POR-REPRESENTANTES-DE-SUS-PUEBLOS-ORIGINARIOS-25-300x200.jpeg 300w, https:\/\/cuernavaca.gob.mx\/wp-content\/uploads\/2023\/08\/VISIBILIZA-CUERNAVACA-PETICIONES-DE-LA-COMUNIDAD-INDIGENA-EN-EL-PRIMER-CABILDO-INTEGRADO-POR-REPRESENTANTES-DE-SUS-PUEBLOS-ORIGINARIOS-25-1024x682.jpeg 1024w, https:\/\/cuernavaca.gob.mx\/wp-content\/uploads\/2023\/08\/VISIBILIZA-CUERNAVACA-PETICIONES-DE-LA-COMUNIDAD-INDIGENA-EN-EL-PRIMER-CABILDO-INTEGRADO-POR-REPRESENTANTES-DE-SUS-PUEBLOS-ORIGINARIOS-25-768x512.jpeg 768w, https:\/\/cuernavaca.gob.mx\/wp-content\/uploads\/2023\/08\/VISIBILIZA-CUERNAVACA-PETICIONES-DE-LA-COMUNIDAD-INDIGENA-EN-EL-PRIMER-CABILDO-INTEGRADO-POR-REPRESENTANTES-DE-SUS-PUEBLOS-ORIGINARIOS-25-1536x1023.jpeg 1536w, https:\/\/cuernavaca.gob.mx\/wp-content\/uploads\/2023\/08\/VISIBILIZA-CUERNAVACA-PETICIONES-DE-LA-COMUNIDAD-INDIGENA-EN-EL-PRIMER-CABILDO-INTEGRADO-POR-REPRESENTANTES-DE-SUS-PUEBLOS-ORIGINARIOS-25-600x400.jpeg 600w, https:\/\/cuernavaca.gob.mx\/wp-content\/uploads\/2023\/08\/VISIBILIZA-CUERNAVACA-PETICIONES-DE-LA-COMUNIDAD-INDIGENA-EN-EL-PRIMER-CABILDO-INTEGRADO-POR-REPRESENTANTES-DE-SUS-PUEBLOS-ORIGINARIOS-25-560x373.jpeg 560w, https:\/\/cuernavaca.gob.mx\/wp-content\/uploads\/2023\/08\/VISIBILIZA-CUERNAVACA-PETICIONES-DE-LA-COMUNIDAD-INDIGENA-EN-EL-PRIMER-CABILDO-INTEGRADO-POR-REPRESENTANTES-DE-SUS-PUEBLOS-ORIGINARIOS-25.jpeg 1600w\" sizes=\"(max-width: 300px) 100vw, 300px\" \/> <img loading=\"lazy\" class=\"alignnone size-medium wp-image-31368\" src=\"https:\/\/cuernavaca.gob.mx\/wp-content\/uploads\/2023\/08\/VISIBILIZA-CUERNAVACA-PETICIONES-DE-LA-COMUNIDAD-INDIGENA-EN-EL-PRIMER-CABILDO-INTEGRADO-POR-REPRESENTANTES-DE-SUS-PUEBLOS-ORIGINARIOS-26-300x200.jpeg\" alt=\"\" width=\"300\" height=\"200\" srcset=\"https:\/\/cuernavaca.gob.mx\/wp-content\/uploads\/2023\/08\/VISIBILIZA-CUERNAVACA-PETICIONES-DE-LA-COMUNIDAD-INDIGENA-EN-EL-PRIMER-CABILDO-INTEGRADO-POR-REPRESENTANTES-DE-SUS-PUEBLOS-ORIGINARIOS-26-300x200.jpeg 300w, https:\/\/cuernavaca.gob.mx\/wp-content\/uploads\/2023\/08\/VISIBILIZA-CUERNAVACA-PETICIONES-DE-LA-COMUNIDAD-INDIGENA-EN-EL-PRIMER-CABILDO-INTEGRADO-POR-REPRESENTANTES-DE-SUS-PUEBLOS-ORIGINARIOS-26-1024x682.jpeg 1024w, https:\/\/cuernavaca.gob.mx\/wp-content\/uploads\/2023\/08\/VISIBILIZA-CUERNAVACA-PETICIONES-DE-LA-COMUNIDAD-INDIGENA-EN-EL-PRIMER-CABILDO-INTEGRADO-POR-REPRESENTANTES-DE-SUS-PUEBLOS-ORIGINARIOS-26-768x512.jpeg 768w, https:\/\/cuernavaca.gob.mx\/wp-content\/uploads\/2023\/08\/VISIBILIZA-CUERNAVACA-PETICIONES-DE-LA-COMUNIDAD-INDIGENA-EN-EL-PRIMER-CABILDO-INTEGRADO-POR-REPRESENTANTES-DE-SUS-PUEBLOS-ORIGINARIOS-26-1536x1023.jpeg 1536w, https:\/\/cuernavaca.gob.mx\/wp-content\/uploads\/2023\/08\/VISIBILIZA-CUERNAVACA-PETICIONES-DE-LA-COMUNIDAD-INDIGENA-EN-EL-PRIMER-CABILDO-INTEGRADO-POR-REPRESENTANTES-DE-SUS-PUEBLOS-ORIGINARIOS-26-600x400.jpeg 600w, https:\/\/cuernavaca.gob.mx\/wp-content\/uploads\/2023\/08\/VISIBILIZA-CUERNAVACA-PETICIONES-DE-LA-COMUNIDAD-INDIGENA-EN-EL-PRIMER-CABILDO-INTEGRADO-POR-REPRESENTANTES-DE-SUS-PUEBLOS-ORIGINARIOS-26-560x373.jpeg 560w, https:\/\/cuernavaca.gob.mx\/wp-content\/uploads\/2023\/08\/VISIBILIZA-CUERNAVACA-PETICIONES-DE-LA-COMUNIDAD-INDIGENA-EN-EL-PRIMER-CABILDO-INTEGRADO-POR-REPRESENTANTES-DE-SUS-PUEBLOS-ORIGINARIOS-26.jpeg 1600w\" sizes=\"(max-width: 300px) 100vw, 300px\" \/> <img loading=\"lazy\" class=\"alignnone size-medium wp-image-31369\" src=\"https:\/\/cuernavaca.gob.mx\/wp-content\/uploads\/2023\/08\/VISIBILIZA-CUERNAVACA-PETICIONES-DE-LA-COMUNIDAD-INDIGENA-EN-EL-PRIMER-CABILDO-INTEGRADO-POR-REPRESENTANTES-DE-SUS-PUEBLOS-ORIGINARIOS-27-300x200.jpeg\" alt=\"\" width=\"300\" height=\"200\" srcset=\"https:\/\/cuernavaca.gob.mx\/wp-content\/uploads\/2023\/08\/VISIBILIZA-CUERNAVACA-PETICIONES-DE-LA-COMUNIDAD-INDIGENA-EN-EL-PRIMER-CABILDO-INTEGRADO-POR-REPRESENTANTES-DE-SUS-PUEBLOS-ORIGINARIOS-27-300x200.jpeg 300w, https:\/\/cuernavaca.gob.mx\/wp-content\/uploads\/2023\/08\/VISIBILIZA-CUERNAVACA-PETICIONES-DE-LA-COMUNIDAD-INDIGENA-EN-EL-PRIMER-CABILDO-INTEGRADO-POR-REPRESENTANTES-DE-SUS-PUEBLOS-ORIGINARIOS-27-1024x682.jpeg 1024w, https:\/\/cuernavaca.gob.mx\/wp-content\/uploads\/2023\/08\/VISIBILIZA-CUERNAVACA-PETICIONES-DE-LA-COMUNIDAD-INDIGENA-EN-EL-PRIMER-CABILDO-INTEGRADO-POR-REPRESENTANTES-DE-SUS-PUEBLOS-ORIGINARIOS-27-768x512.jpeg 768w, https:\/\/cuernavaca.gob.mx\/wp-content\/uploads\/2023\/08\/VISIBILIZA-CUERNAVACA-PETICIONES-DE-LA-COMUNIDAD-INDIGENA-EN-EL-PRIMER-CABILDO-INTEGRADO-POR-REPRESENTANTES-DE-SUS-PUEBLOS-ORIGINARIOS-27-1536x1023.jpeg 1536w, https:\/\/cuernavaca.gob.mx\/wp-content\/uploads\/2023\/08\/VISIBILIZA-CUERNAVACA-PETICIONES-DE-LA-COMUNIDAD-INDIGENA-EN-EL-PRIMER-CABILDO-INTEGRADO-POR-REPRESENTANTES-DE-SUS-PUEBLOS-ORIGINARIOS-27-600x400.jpeg 600w, https:\/\/cuernavaca.gob.mx\/wp-content\/uploads\/2023\/08\/VISIBILIZA-CUERNAVACA-PETICIONES-DE-LA-COMUNIDAD-INDIGENA-EN-EL-PRIMER-CABILDO-INTEGRADO-POR-REPRESENTANTES-DE-SUS-PUEBLOS-ORIGINARIOS-27-560x373.jpeg 560w, https:\/\/cuernavaca.gob.mx\/wp-content\/uploads\/2023\/08\/VISIBILIZA-CUERNAVACA-PETICIONES-DE-LA-COMUNIDAD-INDIGENA-EN-EL-PRIMER-CABILDO-INTEGRADO-POR-REPRESENTANTES-DE-SUS-PUEBLOS-ORIGINARIOS-27.jpeg 1600w\" sizes=\"(max-width: 300px) 100vw, 300px\" \/> <img loading=\"lazy\" class=\"alignnone size-medium wp-image-31370\" src=\"https:\/\/cuernavaca.gob.mx\/wp-content\/uploads\/2023\/08\/VISIBILIZA-CUERNAVACA-PETICIONES-DE-LA-COMUNIDAD-INDIGENA-EN-EL-PRIMER-CABILDO-INTEGRADO-POR-REPRESENTANTES-DE-SUS-PUEBLOS-ORIGINARIOS-28-300x200.jpeg\" alt=\"\" width=\"300\" height=\"200\" srcset=\"https:\/\/cuernavaca.gob.mx\/wp-content\/uploads\/2023\/08\/VISIBILIZA-CUERNAVACA-PETICIONES-DE-LA-COMUNIDAD-INDIGENA-EN-EL-PRIMER-CABILDO-INTEGRADO-POR-REPRESENTANTES-DE-SUS-PUEBLOS-ORIGINARIOS-28-300x200.jpeg 300w, https:\/\/cuernavaca.gob.mx\/wp-content\/uploads\/2023\/08\/VISIBILIZA-CUERNAVACA-PETICIONES-DE-LA-COMUNIDAD-INDIGENA-EN-EL-PRIMER-CABILDO-INTEGRADO-POR-REPRESENTANTES-DE-SUS-PUEBLOS-ORIGINARIOS-28-1024x682.jpeg 1024w, https:\/\/cuernavaca.gob.mx\/wp-content\/uploads\/2023\/08\/VISIBILIZA-CUERNAVACA-PETICIONES-DE-LA-COMUNIDAD-INDIGENA-EN-EL-PRIMER-CABILDO-INTEGRADO-POR-REPRESENTANTES-DE-SUS-PUEBLOS-ORIGINARIOS-28-768x512.jpeg 768w, https:\/\/cuernavaca.gob.mx\/wp-content\/uploads\/2023\/08\/VISIBILIZA-CUERNAVACA-PETICIONES-DE-LA-COMUNIDAD-INDIGENA-EN-EL-PRIMER-CABILDO-INTEGRADO-POR-REPRESENTANTES-DE-SUS-PUEBLOS-ORIGINARIOS-28-1536x1023.jpeg 1536w, https:\/\/cuernavaca.gob.mx\/wp-content\/uploads\/2023\/08\/VISIBILIZA-CUERNAVACA-PETICIONES-DE-LA-COMUNIDAD-INDIGENA-EN-EL-PRIMER-CABILDO-INTEGRADO-POR-REPRESENTANTES-DE-SUS-PUEBLOS-ORIGINARIOS-28-600x400.jpeg 600w, https:\/\/cuernavaca.gob.mx\/wp-content\/uploads\/2023\/08\/VISIBILIZA-CUERNAVACA-PETICIONES-DE-LA-COMUNIDAD-INDIGENA-EN-EL-PRIMER-CABILDO-INTEGRADO-POR-REPRESENTANTES-DE-SUS-PUEBLOS-ORIGINARIOS-28-560x373.jpeg 560w, https:\/\/cuernavaca.gob.mx\/wp-content\/uploads\/2023\/08\/VISIBILIZA-CUERNAVACA-PETICIONES-DE-LA-COMUNIDAD-INDIGENA-EN-EL-PRIMER-CABILDO-INTEGRADO-POR-REPRESENTANTES-DE-SUS-PUEBLOS-ORIGINARIOS-28.jpeg 1600w\" sizes=\"(max-width: 300px) 100vw, 300px\" \/><\/div>\n","protected":false},"excerpt":{"rendered":"<p>\u2022 En el marco del D\u00eda Internacional de los Pueblos Ind\u00edgenas, el Cabildo encabezado por Jos\u00e9 Luis Uri\u00f3stegui dio la bienvenida a representantes \u00e9tnicos de la ciudad capital\u00a0 \u2022 Estuvo como invitada especial la gobernadora nacional de los pueblos originarios, Candelaria L\u00e1zaro y se precis\u00f3 que se llevar\u00e1n a cabo sesiones semestrales para dar seguimiento [&hellip;]<\/p>\n","protected":false},"author":1,"featured_media":31366,"comment_status":"closed","ping_status":"open","sticky":false,"template":"","format":"standard","meta":[],"categories":[118],"tags":[3154,158,121,684,3089,120,206,1098,3245,3246,1438,3212],"aioseo_notices":[],"_links":{"self":[{"href":"https:\/\/cuernavaca.gob.mx\/index.php?rest_route=\/wp\/v2\/posts\/31342"}],"collection":[{"href":"https:\/\/cuernavaca.gob.mx\/index.php?rest_route=\/wp\/v2\/posts"}],"about":[{"href":"https:\/\/cuernavaca.gob.mx\/index.php?rest_route=\/wp\/v2\/types\/post"}],"author":[{"embeddable":true,"href":"https:\/\/cuernavaca.gob.mx\/index.php?rest_route=\/wp\/v2\/users\/1"}],"replies":[{"embeddable":true,"href":"https:\/\/cuernavaca.gob.mx\/index.php?rest_route=%2Fwp%2Fv2%2Fcomments&post=31342"}],"version-history":[{"count":1,"href":"https:\/\/cuernavaca.gob.mx\/index.php?rest_route=\/wp\/v2\/posts\/31342\/revisions"}],"predecessor-version":[{"id":31371,"href":"https:\/\/cuernavaca.gob.mx\/index.php?rest_route=\/wp\/v2\/posts\/31342\/revisions\/31371"}],"wp:featuredmedia":[{"embeddable":true,"href":"https:\/\/cuernavaca.gob.mx\/index.php?rest_route=\/wp\/v2\/media\/31366"}],"wp:attachment":[{"href":"https:\/\/cuernavaca.gob.mx\/index.php?rest_route=%2Fwp%2Fv2%2Fmedia&parent=31342"}],"wp:term":[{"taxonomy":"category","embeddable":true,"href":"https:\/\/cuernavaca.gob.mx\/index.php?rest_route=%2Fwp%2Fv2%2Fcategories&post=31342"},{"taxonomy":"post_tag","embeddable":true,"href":"https:\/\/cuernavaca.gob.mx\/index.php?rest_route=%2Fwp%2Fv2%2Ftags&post=31342"}],"curies":[{"name":"wp","href":"https:\/\/api.w.org\/{rel}","templated":true}]}}